{"id":10004,"date":"2025-02-23T03:21:03","date_gmt":"2025-02-23T02:21:03","guid":{"rendered":"https:\/\/sport-index.fr\/blog\/?p=10004"},"modified":"2025-02-21T11:18:39","modified_gmt":"2025-02-21T10:18:39","slug":"la-decision-inattendue-du-staff-francais-pourquoi-damian-penaud-est-ecarte","status":"publish","type":"post","link":"https:\/\/sport-index.fr\/blog\/a-la-une\/la-decision-inattendue-du-staff-francais-pourquoi-damian-penaud-est-ecarte\/","title":{"rendered":"la d\u00e9cision inattendue du staff fran\u00e7ais : pourquoi damian penaud est \u00e9cart\u00e9"},"content":{"rendered":"<h2>Une surprise pour les fans du XV de France<\/h2>\n<p>Ce choix, inattendu pour de nombreux supporters, soul\u00e8ve des questions sur la strat\u00e9gie de l&rsquo;\u00e9quipe et les raisons derri\u00e8re cette mise \u00e0 l&rsquo;\u00e9cart. Alors que Penaud est le deuxi\u00e8me meilleur marqueur de l&rsquo;histoire du pays, son absence laisse un vide consid\u00e9rable.<\/p>\n<p>Les chroniqueurs de l&rsquo;\u00e9mission Kick-Off Rugby ont r\u00e9agi avec \u00e9tonnement \u00e0 cette nouvelle. Ils estiment que cette d\u00e9cision pourrait avoir un impact sur le moral de l&rsquo;\u00e9quipe, alors que la comp\u00e9tition devient de plus en plus intense. Les attentes \u00e9taient \u00e9lev\u00e9es pour ce match, et la pr\u00e9sence de Penaud aurait sans doute renforc\u00e9 les chances des Bleus.<\/p>\n<h2>Les enjeux du match contre l&rsquo;Italie<\/h2>\n<p>Le match contre la Nazionale est toujours un \u00e9v\u00e9nement \u00e0 part dans le calendrier du rugby. Les joueurs doivent non seulement se d\u00e9passer sur le terrain, mais aussi faire face \u00e0 la pression d&rsquo;un rival historique. L&rsquo;absence de Damian Penaud pourrait donc peser lourd dans la balance, tant pour l&rsquo;\u00e9quipe que pour les supporters.<\/p>\n<p>Les Bleus doivent composer avec cette situation d\u00e9licate et trouver des alternatives pour pallier cette absence. La performance des autres joueurs sera scrut\u00e9e de pr\u00e8s, et chacun devra se surpasser pour prouver qu&rsquo;ils peuvent rivaliser sans leur atout majeur. La pression est forte, et chaque point comptera dans l&rsquo;issue de cette rencontre cruciale.<img decoding=\"async\" width=\"1024\" height=\"576\" src=\"https:\/\/sport-index.fr\/blog\/wp-content\/uploads\/2025\/02\/stability-la-decision-inattendue-du-staff-francais-pourquoi-damian-penaud-est-ecarte-1.png\" class=\"aligncenter\" alt=\"Illustration d\u00e9taill\u00e9e sur la d\u00e9cision inattendue du staff fran\u00e7ais : pourquoi damian penaud est \u00e9cart\u00e9\" title=\"la d\u00e9cision inattendue du staff fran\u00e7ais : pourquoi damian penaud est \u00e9cart\u00e9\" loading=\"lazy\" \/><\/p>\n<h2>Un retour possible en club pour Penaud<\/h2>\n<p>Pour Damian Penaud, cette mise \u00e0 l&rsquo;\u00e9cart s&rsquo;accompagne d&rsquo;une occasion de se concentrer sur son club, l&rsquo;Union Bordeaux-B\u00e8gles. Il est pr\u00e9vu qu&rsquo;il participe \u00e0 la rencontre de Top 14 contre Clermont, son ancien club. Cela pourrait \u00eatre l&rsquo;occasion pour lui de montrer son talent et d&rsquo;\u00e9vacuer la frustration accumul\u00e9e lors de son exclusion du groupe national.<\/p>\n<p>Cette situation pourrait \u00e9galement se transformer en un tremplin pour un retour en \u00e9quipe nationale. Si Penaud brille lors de ce match, il pourrait rapidement retrouver sa place au sein des Bleus. Les performances individuelles sont souvent scrut\u00e9es, et un bon match pourrait convaincre le staff de revoir sa d\u00e9cision.<\/p>\n<blockquote>\n<p>\u00ab\u00a0La d\u00e9cision de ne pas s\u00e9lectionner un joueur de la trempe de Penaud d\u00e9fie la logique et laisse perplexes de nombreux observateurs.\u00a0\u00bb &#8211; Un chroniqueur de Kick-Off Rugby<\/p>\n<\/blockquote>\n<ul>\n<li>Damian Penaud, deuxi\u00e8me meilleur marqueur de l&rsquo;histoire du XV de France.<\/li>\n<li>Match crucial contre l&rsquo;Italie, rival historique.<\/li>\n<li>Possibilit\u00e9 de retour en club pour se ressaisir.<\/li>\n<li>Impact potentiel sur le moral et la dynamique de l&rsquo;\u00e9quipe.<\/li>\n<li>Attentes \u00e9lev\u00e9es des supporters face \u00e0 cette d\u00e9cision.<\/li>\n<\/ul>\n<p>Les choix du staff technique ne sont jamais simples, surtout dans un tournoi aussi prestigieux que le Tournoi des 6 Nations. La mise \u00e0 l&rsquo;\u00e9cart de Damian Penaud pourrait bien \u00eatre une d\u00e9cision strat\u00e9gique, mais elle soul\u00e8ve des doutes et des interrogations sur la gestion d&rsquo;une \u00e9quipe qui aspire \u00e0 la victoire. Les prochains matches pourraient bien d\u00e9terminer si cette d\u00e9cision \u00e9tait judicieuse ou si elle a \u00e9t\u00e9 une occasion manqu\u00e9e pour le XV de France.<\/p>\n","protected":false},"excerpt":{"rendered":"","protected":false},"author":34,"featured_media":10005,"comment_status":"open","ping_status":"open","sticky":false,"template":"","format":"standard","meta":{"_acf_changed":false,"manual_indexmenow":false,"indexmenow_id_project":0,"footnotes":""},"categories":[1],"tags":[4585,4745,4632,4556,4554],"class_list":["post-10004","post","type-post","status-publish","format-standard","has-post-thumbnail","hentry","category-a-la-une","tag-cohesion-dequipe","tag-competition","tag-performance-sportive","tag-tournoi-des-6-nations","tag-xv-de-france","generate-columns","tablet-grid-50","mobile-grid-100","grid-parent","grid-25"],"acf":[],"yoast_head":"<!-- This site is optimized with the Yoast SEO Premium plugin v21.3 (Yoast SEO v26.5) - https:\/\/yoast.com\/wordpress\/plugins\/seo\/ -->\n<title>la d\u00e9cision inattendue du staff fran\u00e7ais : pourquoi damian<\/title>\n<meta name=\"description\" content=\"Une surprise pour les fans du XV de France Ce choix, inattendu pour de nombreux supporters, soul\u00e8ve des questions sur la strat\u00e9gie de l&#039;\u00e9quipe et les\u2026\" \/>\n<meta name=\"robots\" content=\"index, follow, max-snippet:-1, max-image-preview:large, max-video-preview:-1\" \/>\n<link rel=\"canonical\" href=\"https:\/\/sport-index.fr\/blog\/a-la-une\/la-decision-inattendue-du-staff-francais-pourquoi-damian-penaud-est-ecarte\/\" \/>\n<meta property=\"og:locale\" content=\"fr_FR\" \/>\n<meta property=\"og:type\" content=\"article\" \/>\n<meta property=\"og:title\" content=\"la d\u00e9cision inattendue du staff fran\u00e7ais : pourquoi damian\" \/>\n<meta property=\"og:description\" content=\"Une surprise pour les fans du XV de France Ce choix, inattendu pour de nombreux supporters, soul\u00e8ve des questions sur la strat\u00e9gie de l&#039;\u00e9quipe et les\u2026\" \/>\n<meta property=\"og:url\" content=\"https:\/\/sport-index.fr\/blog\/a-la-une\/la-decision-inattendue-du-staff-francais-pourquoi-damian-penaud-est-ecarte\/\" \/>\n<meta property=\"og:site_name\" content=\"sport-index\" \/>\n<meta property=\"og:image\" content=\"https:\/\/sport-index.fr\/blog\/wp-content\/uploads\/2025\/02\/stability-la-decision-inattendue-du-staff-francais-pourquoi-damian-penaud-est-ecarte.png\" \/>\n\t<meta property=\"og:image:width\" content=\"1024\" \/>\n\t<meta property=\"og:image:height\" content=\"576\" \/>\n\t<meta property=\"og:image:type\" content=\"image\/png\" \/>\n<meta name=\"author\" content=\"Axel Lauzier\" \/>\n<meta name=\"twitter:card\" content=\"summary_large_image\" \/>\n<script type=\"application\/ld+json\" class=\"yoast-schema-graph\">{\"@context\":\"https:\/\/schema.org\",\"@graph\":[{\"@type\":\"NewsArticle\",\"@id\":\"https:\/\/sport-index.fr\/blog\/a-la-une\/la-decision-inattendue-du-staff-francais-pourquoi-damian-penaud-est-ecarte\/#article\",\"isPartOf\":{\"@id\":\"https:\/\/sport-index.fr\/blog\/a-la-une\/la-decision-inattendue-du-staff-francais-pourquoi-damian-penaud-est-ecarte\/\"},\"author\":{\"name\":\"Axel Lauzier\",\"@id\":\"https:\/\/sport-index.fr\/blog\/#\/schema\/person\/3c864cdc320801e3db34b663e7e3f816\"},\"headline\":\"la d\u00e9cision inattendue du staff fran\u00e7ais : pourquoi damian penaud est \u00e9cart\u00e9\",\"datePublished\":\"2025-02-23T02:21:03+00:00\",\"mainEntityOfPage\":{\"@id\":\"https:\/\/sport-index.fr\/blog\/a-la-une\/la-decision-inattendue-du-staff-francais-pourquoi-damian-penaud-est-ecarte\/\"},\"wordCount\":537,\"commentCount\":24,\"publisher\":{\"@id\":\"https:\/\/sport-index.fr\/blog\/#organization\"},\"image\":{\"@id\":\"https:\/\/sport-index.fr\/blog\/a-la-une\/la-decision-inattendue-du-staff-francais-pourquoi-damian-penaud-est-ecarte\/#primaryimage\"},\"thumbnailUrl\":\"https:\/\/sport-index.fr\/blog\/wp-content\/uploads\/2025\/02\/stability-la-decision-inattendue-du-staff-francais-pourquoi-damian-penaud-est-ecarte.png\",\"keywords\":[\"Coh\u00e9sion d'\u00c9quipe\",\"Comp\u00e9tition\",\"Performance sportive\",\"Tournoi des 6 Nations\",\"XV de France\"],\"articleSection\":[\"\u00c0 la une\"],\"inLanguage\":\"fr-FR\",\"potentialAction\":[{\"@type\":\"CommentAction\",\"name\":\"Comment\",\"target\":[\"https:\/\/sport-index.fr\/blog\/a-la-une\/la-decision-inattendue-du-staff-francais-pourquoi-damian-penaud-est-ecarte\/#respond\"]}]},{\"@type\":\"WebPage\",\"@id\":\"https:\/\/sport-index.fr\/blog\/a-la-une\/la-decision-inattendue-du-staff-francais-pourquoi-damian-penaud-est-ecarte\/\",\"url\":\"https:\/\/sport-index.fr\/blog\/a-la-une\/la-decision-inattendue-du-staff-francais-pourquoi-damian-penaud-est-ecarte\/\",\"name\":\"la d\u00e9cision inattendue du staff fran\u00e7ais : pourquoi damian\",\"isPartOf\":{\"@id\":\"https:\/\/sport-index.fr\/blog\/#website\"},\"primaryImageOfPage\":{\"@id\":\"https:\/\/sport-index.fr\/blog\/a-la-une\/la-decision-inattendue-du-staff-francais-pourquoi-damian-penaud-est-ecarte\/#primaryimage\"},\"image\":{\"@id\":\"https:\/\/sport-index.fr\/blog\/a-la-une\/la-decision-inattendue-du-staff-francais-pourquoi-damian-penaud-est-ecarte\/#primaryimage\"},\"thumbnailUrl\":\"https:\/\/sport-index.fr\/blog\/wp-content\/uploads\/2025\/02\/stability-la-decision-inattendue-du-staff-francais-pourquoi-damian-penaud-est-ecarte.png\",\"datePublished\":\"2025-02-23T02:21:03+00:00\",\"description\":\"Une surprise pour les fans du XV de France Ce choix, inattendu pour de nombreux supporters, soul\u00e8ve des questions sur la strat\u00e9gie de l'\u00e9quipe et les\u2026\",\"inLanguage\":\"fr-FR\",\"potentialAction\":[{\"@type\":\"ReadAction\",\"target\":[\"https:\/\/sport-index.fr\/blog\/a-la-une\/la-decision-inattendue-du-staff-francais-pourquoi-damian-penaud-est-ecarte\/\"]}]},{\"@type\":\"ImageObject\",\"inLanguage\":\"fr-FR\",\"@id\":\"https:\/\/sport-index.fr\/blog\/a-la-une\/la-decision-inattendue-du-staff-francais-pourquoi-damian-penaud-est-ecarte\/#primaryimage\",\"url\":\"https:\/\/sport-index.fr\/blog\/wp-content\/uploads\/2025\/02\/stability-la-decision-inattendue-du-staff-francais-pourquoi-damian-penaud-est-ecarte.png\",\"contentUrl\":\"https:\/\/sport-index.fr\/blog\/wp-content\/uploads\/2025\/02\/stability-la-decision-inattendue-du-staff-francais-pourquoi-damian-penaud-est-ecarte.png\",\"width\":1024,\"height\":576},{\"@type\":\"WebSite\",\"@id\":\"https:\/\/sport-index.fr\/blog\/#website\",\"url\":\"https:\/\/sport-index.fr\/blog\/\",\"name\":\"sport-index.fr\",\"description\":\"Le score de l\u2019analyse sportive.\",\"publisher\":{\"@id\":\"https:\/\/sport-index.fr\/blog\/#organization\"},\"alternateName\":\"Le score de l\u2019analyse sportive.\",\"potentialAction\":[{\"@type\":\"SearchAction\",\"target\":{\"@type\":\"EntryPoint\",\"urlTemplate\":\"https:\/\/sport-index.fr\/blog\/?s={search_term_string}\"},\"query-input\":{\"@type\":\"PropertyValueSpecification\",\"valueRequired\":true,\"valueName\":\"search_term_string\"}}],\"inLanguage\":\"fr-FR\"},{\"@type\":\"Organization\",\"@id\":\"https:\/\/sport-index.fr\/blog\/#organization\",\"name\":\"Foretsensations.fr\",\"url\":\"https:\/\/sport-index.fr\/blog\/\",\"logo\":{\"@type\":\"ImageObject\",\"inLanguage\":\"fr-FR\",\"@id\":\"https:\/\/sport-index.fr\/blog\/#\/schema\/logo\/image\/\",\"url\":\"https:\/\/sport-index.fr\/blog\/wp-content\/uploads\/2026\/07\/logo-auto.png\",\"contentUrl\":\"https:\/\/sport-index.fr\/blog\/wp-content\/uploads\/2026\/07\/logo-auto.png\",\"width\":1024,\"height\":1024,\"caption\":\"Foretsensations.fr\"},\"image\":{\"@id\":\"https:\/\/sport-index.fr\/blog\/#\/schema\/logo\/image\/\"}},{\"@type\":\"Person\",\"@id\":\"https:\/\/sport-index.fr\/blog\/#\/schema\/person\/3c864cdc320801e3db34b663e7e3f816\",\"name\":\"Axel Lauzier\",\"image\":{\"@type\":\"ImageObject\",\"inLanguage\":\"fr-FR\",\"@id\":\"https:\/\/sport-index.fr\/blog\/#\/schema\/person\/image\/\",\"url\":\"https:\/\/sport-index.fr\/blog\/wp-content\/uploads\/2026\/06\/persona_axel-l-96x96.jpg\",\"contentUrl\":\"https:\/\/sport-index.fr\/blog\/wp-content\/uploads\/2026\/06\/persona_axel-l-96x96.jpg\",\"caption\":\"Axel Lauzier\"},\"description\":\"Le sport rythme mon quotidien depuis l'enfance, et j'en ai fait mon m\u00e9tier d'analyste r\u00e9dactionnel il y a une dizaine d'ann\u00e9es. Je couvre principalement le football, son actualit\u00e9, ses transferts et l'analyse tactique des grandes affiches, mais aussi les disciplines plus confidentielles que j'aime remettre en lumi\u00e8re. Une partie de mon travail porte sur les pronostics et la lecture statistique d'un match : forme des \u00e9quipes, historique des confrontations, compositions, sans jamais vendre de fausse certitude. Je rappelle syst\u00e9matiquement que parier comporte un risque et doit rester un loisir ma\u00eetris\u00e9. Avant de signer une analyse, je v\u00e9rifie mes chiffres, je recoupe les compositions probables et je distingue toujours la donn\u00e9e brute de l'intuition. Mon objectif : offrir une lecture honn\u00eate et argument\u00e9e, pas un ticket gagnant garanti.\",\"sameAs\":[\"https:\/\/axellauzier.fr\/\"],\"url\":\"https:\/\/sport-index.fr\/blog\/auteur\/noname\/\"}]}<\/script>\n<!-- \/ Yoast SEO Premium plugin. -->","yoast_head_json":{"title":"la d\u00e9cision inattendue du staff fran\u00e7ais : pourquoi damian","description":"Une surprise pour les fans du XV de France Ce choix, inattendu pour de nombreux supporters, soul\u00e8ve des questions sur la strat\u00e9gie de l'\u00e9quipe et les\u2026","robots":{"index":"index","follow":"follow","max-snippet":"max-snippet:-1","max-image-preview":"max-image-preview:large","max-video-preview":"max-video-preview:-1"},"canonical":"https:\/\/sport-index.fr\/blog\/a-la-une\/la-decision-inattendue-du-staff-francais-pourquoi-damian-penaud-est-ecarte\/","og_locale":"fr_FR","og_type":"article","og_title":"la d\u00e9cision inattendue du staff fran\u00e7ais : pourquoi damian","og_description":"Une surprise pour les fans du XV de France Ce choix, inattendu pour de nombreux supporters, soul\u00e8ve des questions sur la strat\u00e9gie de l'\u00e9quipe et les\u2026","og_url":"https:\/\/sport-index.fr\/blog\/a-la-une\/la-decision-inattendue-du-staff-francais-pourquoi-damian-penaud-est-ecarte\/","og_site_name":"sport-index","og_image":[{"width":1024,"height":576,"url":"https:\/\/sport-index.fr\/blog\/wp-content\/uploads\/2025\/02\/stability-la-decision-inattendue-du-staff-francais-pourquoi-damian-penaud-est-ecarte.png","type":"image\/png"}],"author":"Axel Lauzier","twitter_card":"summary_large_image","schema":{"@context":"https:\/\/schema.org","@graph":[{"@type":"NewsArticle","@id":"https:\/\/sport-index.fr\/blog\/a-la-une\/la-decision-inattendue-du-staff-francais-pourquoi-damian-penaud-est-ecarte\/#article","isPartOf":{"@id":"https:\/\/sport-index.fr\/blog\/a-la-une\/la-decision-inattendue-du-staff-francais-pourquoi-damian-penaud-est-ecarte\/"},"author":{"name":"Axel Lauzier","@id":"https:\/\/sport-index.fr\/blog\/#\/schema\/person\/3c864cdc320801e3db34b663e7e3f816"},"headline":"la d\u00e9cision inattendue du staff fran\u00e7ais : pourquoi damian penaud est \u00e9cart\u00e9","datePublished":"2025-02-23T02:21:03+00:00","mainEntityOfPage":{"@id":"https:\/\/sport-index.fr\/blog\/a-la-une\/la-decision-inattendue-du-staff-francais-pourquoi-damian-penaud-est-ecarte\/"},"wordCount":537,"commentCount":24,"publisher":{"@id":"https:\/\/sport-index.fr\/blog\/#organization"},"image":{"@id":"https:\/\/sport-index.fr\/blog\/a-la-une\/la-decision-inattendue-du-staff-francais-pourquoi-damian-penaud-est-ecarte\/#primaryimage"},"thumbnailUrl":"https:\/\/sport-index.fr\/blog\/wp-content\/uploads\/2025\/02\/stability-la-decision-inattendue-du-staff-francais-pourquoi-damian-penaud-est-ecarte.png","keywords":["Coh\u00e9sion d'\u00c9quipe","Comp\u00e9tition","Performance sportive","Tournoi des 6 Nations","XV de France"],"articleSection":["\u00c0 la une"],"inLanguage":"fr-FR","potentialAction":[{"@type":"CommentAction","name":"Comment","target":["https:\/\/sport-index.fr\/blog\/a-la-une\/la-decision-inattendue-du-staff-francais-pourquoi-damian-penaud-est-ecarte\/#respond"]}]},{"@type":"WebPage","@id":"https:\/\/sport-index.fr\/blog\/a-la-une\/la-decision-inattendue-du-staff-francais-pourquoi-damian-penaud-est-ecarte\/","url":"https:\/\/sport-index.fr\/blog\/a-la-une\/la-decision-inattendue-du-staff-francais-pourquoi-damian-penaud-est-ecarte\/","name":"la d\u00e9cision inattendue du staff fran\u00e7ais : pourquoi damian","isPartOf":{"@id":"https:\/\/sport-index.fr\/blog\/#website"},"primaryImageOfPage":{"@id":"https:\/\/sport-index.fr\/blog\/a-la-une\/la-decision-inattendue-du-staff-francais-pourquoi-damian-penaud-est-ecarte\/#primaryimage"},"image":{"@id":"https:\/\/sport-index.fr\/blog\/a-la-une\/la-decision-inattendue-du-staff-francais-pourquoi-damian-penaud-est-ecarte\/#primaryimage"},"thumbnailUrl":"https:\/\/sport-index.fr\/blog\/wp-content\/uploads\/2025\/02\/stability-la-decision-inattendue-du-staff-francais-pourquoi-damian-penaud-est-ecarte.png","datePublished":"2025-02-23T02:21:03+00:00","description":"Une surprise pour les fans du XV de France Ce choix, inattendu pour de nombreux supporters, soul\u00e8ve des questions sur la strat\u00e9gie de l'\u00e9quipe et les\u2026","inLanguage":"fr-FR","potentialAction":[{"@type":"ReadAction","target":["https:\/\/sport-index.fr\/blog\/a-la-une\/la-decision-inattendue-du-staff-francais-pourquoi-damian-penaud-est-ecarte\/"]}]},{"@type":"ImageObject","inLanguage":"fr-FR","@id":"https:\/\/sport-index.fr\/blog\/a-la-une\/la-decision-inattendue-du-staff-francais-pourquoi-damian-penaud-est-ecarte\/#primaryimage","url":"https:\/\/sport-index.fr\/blog\/wp-content\/uploads\/2025\/02\/stability-la-decision-inattendue-du-staff-francais-pourquoi-damian-penaud-est-ecarte.png","contentUrl":"https:\/\/sport-index.fr\/blog\/wp-content\/uploads\/2025\/02\/stability-la-decision-inattendue-du-staff-francais-pourquoi-damian-penaud-est-ecarte.png","width":1024,"height":576},{"@type":"WebSite","@id":"https:\/\/sport-index.fr\/blog\/#website","url":"https:\/\/sport-index.fr\/blog\/","name":"sport-index.fr","description":"Le score de l\u2019analyse sportive.","publisher":{"@id":"https:\/\/sport-index.fr\/blog\/#organization"},"alternateName":"Le score de l\u2019analyse sportive.","potentialAction":[{"@type":"SearchAction","target":{"@type":"EntryPoint","urlTemplate":"https:\/\/sport-index.fr\/blog\/?s={search_term_string}"},"query-input":{"@type":"PropertyValueSpecification","valueRequired":true,"valueName":"search_term_string"}}],"inLanguage":"fr-FR"},{"@type":"Organization","@id":"https:\/\/sport-index.fr\/blog\/#organization","name":"Foretsensations.fr","url":"https:\/\/sport-index.fr\/blog\/","logo":{"@type":"ImageObject","inLanguage":"fr-FR","@id":"https:\/\/sport-index.fr\/blog\/#\/schema\/logo\/image\/","url":"https:\/\/sport-index.fr\/blog\/wp-content\/uploads\/2026\/07\/logo-auto.png","contentUrl":"https:\/\/sport-index.fr\/blog\/wp-content\/uploads\/2026\/07\/logo-auto.png","width":1024,"height":1024,"caption":"Foretsensations.fr"},"image":{"@id":"https:\/\/sport-index.fr\/blog\/#\/schema\/logo\/image\/"}},{"@type":"Person","@id":"https:\/\/sport-index.fr\/blog\/#\/schema\/person\/3c864cdc320801e3db34b663e7e3f816","name":"Axel Lauzier","image":{"@type":"ImageObject","inLanguage":"fr-FR","@id":"https:\/\/sport-index.fr\/blog\/#\/schema\/person\/image\/","url":"https:\/\/sport-index.fr\/blog\/wp-content\/uploads\/2026\/06\/persona_axel-l-96x96.jpg","contentUrl":"https:\/\/sport-index.fr\/blog\/wp-content\/uploads\/2026\/06\/persona_axel-l-96x96.jpg","caption":"Axel Lauzier"},"description":"Le sport rythme mon quotidien depuis l'enfance, et j'en ai fait mon m\u00e9tier d'analyste r\u00e9dactionnel il y a une dizaine d'ann\u00e9es. Je couvre principalement le football, son actualit\u00e9, ses transferts et l'analyse tactique des grandes affiches, mais aussi les disciplines plus confidentielles que j'aime remettre en lumi\u00e8re. Une partie de mon travail porte sur les pronostics et la lecture statistique d'un match : forme des \u00e9quipes, historique des confrontations, compositions, sans jamais vendre de fausse certitude. Je rappelle syst\u00e9matiquement que parier comporte un risque et doit rester un loisir ma\u00eetris\u00e9. Avant de signer une analyse, je v\u00e9rifie mes chiffres, je recoupe les compositions probables et je distingue toujours la donn\u00e9e brute de l'intuition. Mon objectif : offrir une lecture honn\u00eate et argument\u00e9e, pas un ticket gagnant garanti.","sameAs":["https:\/\/axellauzier.fr\/"],"url":"https:\/\/sport-index.fr\/blog\/auteur\/noname\/"}]}},"_links":{"self":[{"href":"https:\/\/sport-index.fr\/blog\/wp-json\/wp\/v2\/posts\/10004","targetHints":{"allow":["GET"]}}],"collection":[{"href":"https:\/\/sport-index.fr\/blog\/wp-json\/wp\/v2\/posts"}],"about":[{"href":"https:\/\/sport-index.fr\/blog\/wp-json\/wp\/v2\/types\/post"}],"author":[{"embeddable":true,"href":"https:\/\/sport-index.fr\/blog\/wp-json\/wp\/v2\/users\/34"}],"replies":[{"embeddable":true,"href":"https:\/\/sport-index.fr\/blog\/wp-json\/wp\/v2\/comments?post=10004"}],"version-history":[{"count":2,"href":"https:\/\/sport-index.fr\/blog\/wp-json\/wp\/v2\/posts\/10004\/revisions"}],"predecessor-version":[{"id":10579,"href":"https:\/\/sport-index.fr\/blog\/wp-json\/wp\/v2\/posts\/10004\/revisions\/10579"}],"wp:featuredmedia":[{"embeddable":true,"href":"https:\/\/sport-index.fr\/blog\/wp-json\/wp\/v2\/media\/10005"}],"wp:attachment":[{"href":"https:\/\/sport-index.fr\/blog\/wp-json\/wp\/v2\/media?parent=10004"}],"wp:term":[{"taxonomy":"category","embeddable":true,"href":"https:\/\/sport-index.fr\/blog\/wp-json\/wp\/v2\/categories?post=10004"},{"taxonomy":"post_tag","embeddable":true,"href":"https:\/\/sport-index.fr\/blog\/wp-json\/wp\/v2\/tags?post=10004"}],"curies":[{"name":"wp","href":"https:\/\/api.w.org\/{rel}","templated":true}]}}