{"id":10078,"date":"2025-02-22T18:13:27","date_gmt":"2025-02-22T17:13:27","guid":{"rendered":"https:\/\/sport-index.fr\/blog\/?p=10078"},"modified":"2025-02-21T19:00:03","modified_gmt":"2025-02-21T18:00:03","slug":"la-bataille-des-droits-tele-john-textor-face-a-nasser-al-khelaifi-qui-a-raison","status":"publish","type":"post","link":"https:\/\/sport-index.fr\/blog\/a-la-une\/la-bataille-des-droits-tele-john-textor-face-a-nasser-al-khelaifi-qui-a-raison\/","title":{"rendered":"La bataille des droits t\u00e9l\u00e9 : John Textor face \u00e0 Nasser Al-Khelaifi, qui a raison ?"},"content":{"rendered":"<p>Cette dispute s&rsquo;est intensifi\u00e9e autour de l&rsquo;attribution des droits t\u00e9l\u00e9visuels de la Ligue 1, un sujet br\u00fblant qui met en lumi\u00e8re les antagonismes au sein du football fran\u00e7ais. Alors, Textor a-t-il v\u00e9ritablement raison de s&rsquo;opposer \u00e0 Al-Khelaifi ? Explorons cette question plus en d\u00e9tail.<\/p>\n<h2>Les enjeux des droits t\u00e9l\u00e9visuels en Ligue 1<\/h2>\n<p>Les droits t\u00e9l\u00e9visuels repr\u00e9sentent une part cruciale des revenus des clubs de football, en particulier en Ligue 1. La r\u00e9cente n\u00e9gociation des droits a vu DAZN et beIN Sports se disputer les exclusivit\u00e9s, ce qui a suscit\u00e9 des tensions entre clubs. John Textor a ouvertement critiqu\u00e9 ce syst\u00e8me, arguant qu&rsquo;il d\u00e9savantage les clubs en dehors du PSG.<\/p>\n<p>Ce d\u00e9saccord met en lumi\u00e8re les in\u00e9galit\u00e9s croissantes dans le football fran\u00e7ais. Textor, en tant que pr\u00e9sident de Lyon, cherche \u00e0 d\u00e9fendre une vision plus \u00e9quitable pour tous les clubs. Son opposition \u00e0 Al-Khelaifi est donc une tentative de r\u00e9tablir un certain \u00e9quilibre dans les relations entre les clubs.<\/p>\n<h2>Les d\u00e9clarations de John Textor<\/h2>\n<p>Textor a exprim\u00e9 ses pr\u00e9occupations lors de diverses conf\u00e9rences, arguant que la concentration des droits dans les mains de quelques clubs cr\u00e9e une comp\u00e9tition d\u00e9loyale. Dans ses discours, il insiste sur l&rsquo;importance d&rsquo;une redistribution \u00e9quitable des revenus, permettant ainsi \u00e0 chaque club de se d\u00e9velopper. Cela soul\u00e8ve la question : les autres clubs doivent-ils se ranger derri\u00e8re Textor ou suivre une autre voie ?<\/p>\n<p>Dans une r\u00e9cente interview, il a d\u00e9clar\u00e9 : <\/p>\n<blockquote><p>\u00ab\u00a0Il est temps que les clubs se l\u00e8vent pour d\u00e9fendre leurs int\u00e9r\u00eats et ne pas se laisser \u00e9craser par le poids des plus riches.\u00a0\u00bb<\/p><\/blockquote>\n<p> Cette citation r\u00e9sume bien la position de Textor, qui appelle \u00e0 une mobilisation collective des clubs pour faire face \u00e0 cette situation. Son message r\u00e9sonne particuli\u00e8rement dans un contexte o\u00f9 plusieurs clubs souffrent financi\u00e8rement.<\/p>\n<h2>Nasser Al-Khelaifi et sa vision du football<\/h2>\n<p>Al-Khelaifi, de son c\u00f4t\u00e9, d\u00e9fend une approche diff\u00e9rente, mettant en avant l&rsquo;importance d&rsquo;attirer des investissements massifs dans le football fran\u00e7ais. Il consid\u00e8re que ces investissements sont n\u00e9cessaires pour \u00e9lever le niveau de la Ligue 1 sur la sc\u00e8ne europ\u00e9enne. Selon lui, la concurrence doit na\u00eetre de la qualit\u00e9 des \u00e9quipes sur le terrain, et non d&rsquo;une simple redistribution des ressources.<\/p>\n<p>La position d&rsquo;Al-Khelaifi soul\u00e8ve des interrogations sur l&rsquo;avenir de la Ligue 1. Est-ce que la concentration des ressources dans quelques clubs favorisera la comp\u00e9titivit\u00e9 \u00e0 long terme ? Ou, au contraire, cela creusera-t-il encore plus le foss\u00e9 entre les g\u00e9ants et les clubs plus modestes ?<\/p>\n<ul>\n<li>Les droits t\u00e9l\u00e9visuels sont essentiels pour les revenus des clubs.<\/li>\n<li>John Textor pr\u00f4ne une redistribution plus \u00e9quitable des ressources.<\/li>\n<li>Nasser Al-Khelaifi soutient l&rsquo;importance des investissements pour le d\u00e9veloppement du football.<\/li>\n<li>La situation actuelle pourrait affecter la comp\u00e9titivit\u00e9 de la Ligue 1 \u00e0 l&rsquo;international.<\/li>\n<li>Les clubs doivent se mobiliser pour d\u00e9fendre leurs int\u00e9r\u00eats collectifs.<\/li>\n<\/ul>\n<p>Finalement, le conflit entre John Textor et Nasser Al-Khelaifi t\u00e9moigne d&rsquo;une lutte plus vaste au sein du football fran\u00e7ais, o\u00f9 les int\u00e9r\u00eats \u00e9conomiques et sportifs s&rsquo;affrontent. Alors que Textor se bat pour une vision plus \u00e9quitable, Al-Khelaifi mise sur des investissements pour transformer la Ligue 1 en un championnat de premier plan. La r\u00e9solution de cette bataille pourrait bien fa\u00e7onner l&rsquo;avenir du football fran\u00e7ais pour les ann\u00e9es \u00e0 venir.<\/p>\n","protected":false},"excerpt":{"rendered":"","protected":false},"author":34,"featured_media":10331,"comment_status":"open","ping_status":"open","sticky":false,"template":"","format":"standard","meta":{"_acf_changed":false,"manual_indexmenow":false,"indexmenow_id_project":0,"footnotes":""},"categories":[1],"tags":[4840,4615,4745,4529,4561],"class_list":["post-10078","post","type-post","status-publish","format-standard","has-post-thumbnail","hentry","category-a-la-une","tag-changement-social","tag-communaute-engagee","tag-competition","tag-egalite-des-chances","tag-gestion-des-talents","generate-columns","tablet-grid-50","mobile-grid-100","grid-parent","grid-25"],"acf":[],"yoast_head":"<!-- This site is optimized with the Yoast SEO Premium plugin v21.3 (Yoast SEO v26.5) - https:\/\/yoast.com\/wordpress\/plugins\/seo\/ -->\n<title>La bataille des droits t\u00e9l\u00e9 : John Textor face \u00e0 Nasser<\/title>\n<meta name=\"description\" content=\"Cette dispute s&#039;est intensifi\u00e9e autour de l&#039;attribution des droits t\u00e9l\u00e9visuels de la Ligue 1, un sujet br\u00fblant qui met en lumi\u00e8re les antagonismes au\u2026\" \/>\n<meta name=\"robots\" content=\"index, follow, max-snippet:-1, max-image-preview:large, max-video-preview:-1\" \/>\n<link rel=\"canonical\" href=\"https:\/\/sport-index.fr\/blog\/a-la-une\/la-bataille-des-droits-tele-john-textor-face-a-nasser-al-khelaifi-qui-a-raison\/\" \/>\n<meta property=\"og:locale\" content=\"fr_FR\" \/>\n<meta property=\"og:type\" content=\"article\" \/>\n<meta property=\"og:title\" content=\"La bataille des droits t\u00e9l\u00e9 : John Textor face \u00e0 Nasser\" \/>\n<meta property=\"og:description\" content=\"Cette dispute s&#039;est intensifi\u00e9e autour de l&#039;attribution des droits t\u00e9l\u00e9visuels de la Ligue 1, un sujet br\u00fblant qui met en lumi\u00e8re les antagonismes au\u2026\" \/>\n<meta property=\"og:url\" content=\"https:\/\/sport-index.fr\/blog\/a-la-une\/la-bataille-des-droits-tele-john-textor-face-a-nasser-al-khelaifi-qui-a-raison\/\" \/>\n<meta property=\"og:site_name\" content=\"sport-index\" \/>\n<meta name=\"author\" content=\"Axel Lauzier\" \/>\n<meta name=\"twitter:card\" content=\"summary_large_image\" \/>\n<script type=\"application\/ld+json\" class=\"yoast-schema-graph\">{\"@context\":\"https:\/\/schema.org\",\"@graph\":[{\"@type\":\"NewsArticle\",\"@id\":\"https:\/\/sport-index.fr\/blog\/a-la-une\/la-bataille-des-droits-tele-john-textor-face-a-nasser-al-khelaifi-qui-a-raison\/#article\",\"isPartOf\":{\"@id\":\"https:\/\/sport-index.fr\/blog\/a-la-une\/la-bataille-des-droits-tele-john-textor-face-a-nasser-al-khelaifi-qui-a-raison\/\"},\"author\":{\"name\":\"Axel Lauzier\",\"@id\":\"https:\/\/sport-index.fr\/blog\/#\/schema\/person\/3c864cdc320801e3db34b663e7e3f816\"},\"headline\":\"La bataille des droits t\u00e9l\u00e9 : John Textor face \u00e0 Nasser Al-Khelaifi, qui a raison ?\",\"datePublished\":\"2025-02-22T17:13:27+00:00\",\"mainEntityOfPage\":{\"@id\":\"https:\/\/sport-index.fr\/blog\/a-la-une\/la-bataille-des-droits-tele-john-textor-face-a-nasser-al-khelaifi-qui-a-raison\/\"},\"wordCount\":609,\"commentCount\":24,\"publisher\":{\"@id\":\"https:\/\/sport-index.fr\/blog\/#organization\"},\"image\":{\"@id\":\"https:\/\/sport-index.fr\/blog\/a-la-une\/la-bataille-des-droits-tele-john-textor-face-a-nasser-al-khelaifi-qui-a-raison\/#primaryimage\"},\"thumbnailUrl\":\"https:\/\/sport-index.fr\/blog\/wp-content\/uploads\/2025\/02\/sdxl-a470e1b439ee4205680443473fe74fe2.png\",\"keywords\":[\"Changement Social\",\"Communaut\u00e9 engag\u00e9e\",\"Comp\u00e9tition\",\"\u00c9galit\u00e9 des Chances\",\"Gestion des Talents\"],\"articleSection\":[\"\u00c0 la une\"],\"inLanguage\":\"fr-FR\",\"potentialAction\":[{\"@type\":\"CommentAction\",\"name\":\"Comment\",\"target\":[\"https:\/\/sport-index.fr\/blog\/a-la-une\/la-bataille-des-droits-tele-john-textor-face-a-nasser-al-khelaifi-qui-a-raison\/#respond\"]}]},{\"@type\":\"WebPage\",\"@id\":\"https:\/\/sport-index.fr\/blog\/a-la-une\/la-bataille-des-droits-tele-john-textor-face-a-nasser-al-khelaifi-qui-a-raison\/\",\"url\":\"https:\/\/sport-index.fr\/blog\/a-la-une\/la-bataille-des-droits-tele-john-textor-face-a-nasser-al-khelaifi-qui-a-raison\/\",\"name\":\"La bataille des droits t\u00e9l\u00e9 : John Textor face \u00e0 Nasser\",\"isPartOf\":{\"@id\":\"https:\/\/sport-index.fr\/blog\/#website\"},\"primaryImageOfPage\":{\"@id\":\"https:\/\/sport-index.fr\/blog\/a-la-une\/la-bataille-des-droits-tele-john-textor-face-a-nasser-al-khelaifi-qui-a-raison\/#primaryimage\"},\"image\":{\"@id\":\"https:\/\/sport-index.fr\/blog\/a-la-une\/la-bataille-des-droits-tele-john-textor-face-a-nasser-al-khelaifi-qui-a-raison\/#primaryimage\"},\"thumbnailUrl\":\"https:\/\/sport-index.fr\/blog\/wp-content\/uploads\/2025\/02\/sdxl-a470e1b439ee4205680443473fe74fe2.png\",\"datePublished\":\"2025-02-22T17:13:27+00:00\",\"description\":\"Cette dispute s'est intensifi\u00e9e autour de l'attribution des droits t\u00e9l\u00e9visuels de la Ligue 1, un sujet br\u00fblant qui met en lumi\u00e8re les antagonismes au\u2026\",\"inLanguage\":\"fr-FR\",\"potentialAction\":[{\"@type\":\"ReadAction\",\"target\":[\"https:\/\/sport-index.fr\/blog\/a-la-une\/la-bataille-des-droits-tele-john-textor-face-a-nasser-al-khelaifi-qui-a-raison\/\"]}]},{\"@type\":\"ImageObject\",\"inLanguage\":\"fr-FR\",\"@id\":\"https:\/\/sport-index.fr\/blog\/a-la-une\/la-bataille-des-droits-tele-john-textor-face-a-nasser-al-khelaifi-qui-a-raison\/#primaryimage\",\"url\":\"https:\/\/sport-index.fr\/blog\/wp-content\/uploads\/2025\/02\/sdxl-a470e1b439ee4205680443473fe74fe2.png\",\"contentUrl\":\"https:\/\/sport-index.fr\/blog\/wp-content\/uploads\/2025\/02\/sdxl-a470e1b439ee4205680443473fe74fe2.png\",\"width\":1536,\"height\":640},{\"@type\":\"WebSite\",\"@id\":\"https:\/\/sport-index.fr\/blog\/#website\",\"url\":\"https:\/\/sport-index.fr\/blog\/\",\"name\":\"sport-index.fr\",\"description\":\"Le score de l\u2019analyse sportive.\",\"publisher\":{\"@id\":\"https:\/\/sport-index.fr\/blog\/#organization\"},\"alternateName\":\"Le score de l\u2019analyse sportive.\",\"potentialAction\":[{\"@type\":\"SearchAction\",\"target\":{\"@type\":\"EntryPoint\",\"urlTemplate\":\"https:\/\/sport-index.fr\/blog\/?s={search_term_string}\"},\"query-input\":{\"@type\":\"PropertyValueSpecification\",\"valueRequired\":true,\"valueName\":\"search_term_string\"}}],\"inLanguage\":\"fr-FR\"},{\"@type\":\"Organization\",\"@id\":\"https:\/\/sport-index.fr\/blog\/#organization\",\"name\":\"Foretsensations.fr\",\"url\":\"https:\/\/sport-index.fr\/blog\/\",\"logo\":{\"@type\":\"ImageObject\",\"inLanguage\":\"fr-FR\",\"@id\":\"https:\/\/sport-index.fr\/blog\/#\/schema\/logo\/image\/\",\"url\":\"https:\/\/sport-index.fr\/blog\/wp-content\/uploads\/2026\/07\/logo-auto.png\",\"contentUrl\":\"https:\/\/sport-index.fr\/blog\/wp-content\/uploads\/2026\/07\/logo-auto.png\",\"width\":1024,\"height\":1024,\"caption\":\"Foretsensations.fr\"},\"image\":{\"@id\":\"https:\/\/sport-index.fr\/blog\/#\/schema\/logo\/image\/\"}},{\"@type\":\"Person\",\"@id\":\"https:\/\/sport-index.fr\/blog\/#\/schema\/person\/3c864cdc320801e3db34b663e7e3f816\",\"name\":\"Axel Lauzier\",\"image\":{\"@type\":\"ImageObject\",\"inLanguage\":\"fr-FR\",\"@id\":\"https:\/\/sport-index.fr\/blog\/#\/schema\/person\/image\/\",\"url\":\"https:\/\/sport-index.fr\/blog\/wp-content\/uploads\/2026\/06\/persona_axel-l-96x96.jpg\",\"contentUrl\":\"https:\/\/sport-index.fr\/blog\/wp-content\/uploads\/2026\/06\/persona_axel-l-96x96.jpg\",\"caption\":\"Axel Lauzier\"},\"description\":\"Le sport rythme mon quotidien depuis l'enfance, et j'en ai fait mon m\u00e9tier d'analyste r\u00e9dactionnel il y a une dizaine d'ann\u00e9es. Je couvre principalement le football, son actualit\u00e9, ses transferts et l'analyse tactique des grandes affiches, mais aussi les disciplines plus confidentielles que j'aime remettre en lumi\u00e8re. Une partie de mon travail porte sur les pronostics et la lecture statistique d'un match : forme des \u00e9quipes, historique des confrontations, compositions, sans jamais vendre de fausse certitude. Je rappelle syst\u00e9matiquement que parier comporte un risque et doit rester un loisir ma\u00eetris\u00e9. Avant de signer une analyse, je v\u00e9rifie mes chiffres, je recoupe les compositions probables et je distingue toujours la donn\u00e9e brute de l'intuition. Mon objectif : offrir une lecture honn\u00eate et argument\u00e9e, pas un ticket gagnant garanti.\",\"sameAs\":[\"https:\/\/axellauzier.fr\/\"],\"url\":\"https:\/\/sport-index.fr\/blog\/auteur\/noname\/\"}]}<\/script>\n<!-- \/ Yoast SEO Premium plugin. -->","yoast_head_json":{"title":"La bataille des droits t\u00e9l\u00e9 : John Textor face \u00e0 Nasser","description":"Cette dispute s'est intensifi\u00e9e autour de l'attribution des droits t\u00e9l\u00e9visuels de la Ligue 1, un sujet br\u00fblant qui met en lumi\u00e8re les antagonismes au\u2026","robots":{"index":"index","follow":"follow","max-snippet":"max-snippet:-1","max-image-preview":"max-image-preview:large","max-video-preview":"max-video-preview:-1"},"canonical":"https:\/\/sport-index.fr\/blog\/a-la-une\/la-bataille-des-droits-tele-john-textor-face-a-nasser-al-khelaifi-qui-a-raison\/","og_locale":"fr_FR","og_type":"article","og_title":"La bataille des droits t\u00e9l\u00e9 : John Textor face \u00e0 Nasser","og_description":"Cette dispute s'est intensifi\u00e9e autour de l'attribution des droits t\u00e9l\u00e9visuels de la Ligue 1, un sujet br\u00fblant qui met en lumi\u00e8re les antagonismes au\u2026","og_url":"https:\/\/sport-index.fr\/blog\/a-la-une\/la-bataille-des-droits-tele-john-textor-face-a-nasser-al-khelaifi-qui-a-raison\/","og_site_name":"sport-index","author":"Axel Lauzier","twitter_card":"summary_large_image","schema":{"@context":"https:\/\/schema.org","@graph":[{"@type":"NewsArticle","@id":"https:\/\/sport-index.fr\/blog\/a-la-une\/la-bataille-des-droits-tele-john-textor-face-a-nasser-al-khelaifi-qui-a-raison\/#article","isPartOf":{"@id":"https:\/\/sport-index.fr\/blog\/a-la-une\/la-bataille-des-droits-tele-john-textor-face-a-nasser-al-khelaifi-qui-a-raison\/"},"author":{"name":"Axel Lauzier","@id":"https:\/\/sport-index.fr\/blog\/#\/schema\/person\/3c864cdc320801e3db34b663e7e3f816"},"headline":"La bataille des droits t\u00e9l\u00e9 : John Textor face \u00e0 Nasser Al-Khelaifi, qui a raison ?","datePublished":"2025-02-22T17:13:27+00:00","mainEntityOfPage":{"@id":"https:\/\/sport-index.fr\/blog\/a-la-une\/la-bataille-des-droits-tele-john-textor-face-a-nasser-al-khelaifi-qui-a-raison\/"},"wordCount":609,"commentCount":24,"publisher":{"@id":"https:\/\/sport-index.fr\/blog\/#organization"},"image":{"@id":"https:\/\/sport-index.fr\/blog\/a-la-une\/la-bataille-des-droits-tele-john-textor-face-a-nasser-al-khelaifi-qui-a-raison\/#primaryimage"},"thumbnailUrl":"https:\/\/sport-index.fr\/blog\/wp-content\/uploads\/2025\/02\/sdxl-a470e1b439ee4205680443473fe74fe2.png","keywords":["Changement Social","Communaut\u00e9 engag\u00e9e","Comp\u00e9tition","\u00c9galit\u00e9 des Chances","Gestion des Talents"],"articleSection":["\u00c0 la une"],"inLanguage":"fr-FR","potentialAction":[{"@type":"CommentAction","name":"Comment","target":["https:\/\/sport-index.fr\/blog\/a-la-une\/la-bataille-des-droits-tele-john-textor-face-a-nasser-al-khelaifi-qui-a-raison\/#respond"]}]},{"@type":"WebPage","@id":"https:\/\/sport-index.fr\/blog\/a-la-une\/la-bataille-des-droits-tele-john-textor-face-a-nasser-al-khelaifi-qui-a-raison\/","url":"https:\/\/sport-index.fr\/blog\/a-la-une\/la-bataille-des-droits-tele-john-textor-face-a-nasser-al-khelaifi-qui-a-raison\/","name":"La bataille des droits t\u00e9l\u00e9 : John Textor face \u00e0 Nasser","isPartOf":{"@id":"https:\/\/sport-index.fr\/blog\/#website"},"primaryImageOfPage":{"@id":"https:\/\/sport-index.fr\/blog\/a-la-une\/la-bataille-des-droits-tele-john-textor-face-a-nasser-al-khelaifi-qui-a-raison\/#primaryimage"},"image":{"@id":"https:\/\/sport-index.fr\/blog\/a-la-une\/la-bataille-des-droits-tele-john-textor-face-a-nasser-al-khelaifi-qui-a-raison\/#primaryimage"},"thumbnailUrl":"https:\/\/sport-index.fr\/blog\/wp-content\/uploads\/2025\/02\/sdxl-a470e1b439ee4205680443473fe74fe2.png","datePublished":"2025-02-22T17:13:27+00:00","description":"Cette dispute s'est intensifi\u00e9e autour de l'attribution des droits t\u00e9l\u00e9visuels de la Ligue 1, un sujet br\u00fblant qui met en lumi\u00e8re les antagonismes au\u2026","inLanguage":"fr-FR","potentialAction":[{"@type":"ReadAction","target":["https:\/\/sport-index.fr\/blog\/a-la-une\/la-bataille-des-droits-tele-john-textor-face-a-nasser-al-khelaifi-qui-a-raison\/"]}]},{"@type":"ImageObject","inLanguage":"fr-FR","@id":"https:\/\/sport-index.fr\/blog\/a-la-une\/la-bataille-des-droits-tele-john-textor-face-a-nasser-al-khelaifi-qui-a-raison\/#primaryimage","url":"https:\/\/sport-index.fr\/blog\/wp-content\/uploads\/2025\/02\/sdxl-a470e1b439ee4205680443473fe74fe2.png","contentUrl":"https:\/\/sport-index.fr\/blog\/wp-content\/uploads\/2025\/02\/sdxl-a470e1b439ee4205680443473fe74fe2.png","width":1536,"height":640},{"@type":"WebSite","@id":"https:\/\/sport-index.fr\/blog\/#website","url":"https:\/\/sport-index.fr\/blog\/","name":"sport-index.fr","description":"Le score de l\u2019analyse sportive.","publisher":{"@id":"https:\/\/sport-index.fr\/blog\/#organization"},"alternateName":"Le score de l\u2019analyse sportive.","potentialAction":[{"@type":"SearchAction","target":{"@type":"EntryPoint","urlTemplate":"https:\/\/sport-index.fr\/blog\/?s={search_term_string}"},"query-input":{"@type":"PropertyValueSpecification","valueRequired":true,"valueName":"search_term_string"}}],"inLanguage":"fr-FR"},{"@type":"Organization","@id":"https:\/\/sport-index.fr\/blog\/#organization","name":"Foretsensations.fr","url":"https:\/\/sport-index.fr\/blog\/","logo":{"@type":"ImageObject","inLanguage":"fr-FR","@id":"https:\/\/sport-index.fr\/blog\/#\/schema\/logo\/image\/","url":"https:\/\/sport-index.fr\/blog\/wp-content\/uploads\/2026\/07\/logo-auto.png","contentUrl":"https:\/\/sport-index.fr\/blog\/wp-content\/uploads\/2026\/07\/logo-auto.png","width":1024,"height":1024,"caption":"Foretsensations.fr"},"image":{"@id":"https:\/\/sport-index.fr\/blog\/#\/schema\/logo\/image\/"}},{"@type":"Person","@id":"https:\/\/sport-index.fr\/blog\/#\/schema\/person\/3c864cdc320801e3db34b663e7e3f816","name":"Axel Lauzier","image":{"@type":"ImageObject","inLanguage":"fr-FR","@id":"https:\/\/sport-index.fr\/blog\/#\/schema\/person\/image\/","url":"https:\/\/sport-index.fr\/blog\/wp-content\/uploads\/2026\/06\/persona_axel-l-96x96.jpg","contentUrl":"https:\/\/sport-index.fr\/blog\/wp-content\/uploads\/2026\/06\/persona_axel-l-96x96.jpg","caption":"Axel Lauzier"},"description":"Le sport rythme mon quotidien depuis l'enfance, et j'en ai fait mon m\u00e9tier d'analyste r\u00e9dactionnel il y a une dizaine d'ann\u00e9es. Je couvre principalement le football, son actualit\u00e9, ses transferts et l'analyse tactique des grandes affiches, mais aussi les disciplines plus confidentielles que j'aime remettre en lumi\u00e8re. Une partie de mon travail porte sur les pronostics et la lecture statistique d'un match : forme des \u00e9quipes, historique des confrontations, compositions, sans jamais vendre de fausse certitude. Je rappelle syst\u00e9matiquement que parier comporte un risque et doit rester un loisir ma\u00eetris\u00e9. Avant de signer une analyse, je v\u00e9rifie mes chiffres, je recoupe les compositions probables et je distingue toujours la donn\u00e9e brute de l'intuition. Mon objectif : offrir une lecture honn\u00eate et argument\u00e9e, pas un ticket gagnant garanti.","sameAs":["https:\/\/axellauzier.fr\/"],"url":"https:\/\/sport-index.fr\/blog\/auteur\/noname\/"}]}},"_links":{"self":[{"href":"https:\/\/sport-index.fr\/blog\/wp-json\/wp\/v2\/posts\/10078","targetHints":{"allow":["GET"]}}],"collection":[{"href":"https:\/\/sport-index.fr\/blog\/wp-json\/wp\/v2\/posts"}],"about":[{"href":"https:\/\/sport-index.fr\/blog\/wp-json\/wp\/v2\/types\/post"}],"author":[{"embeddable":true,"href":"https:\/\/sport-index.fr\/blog\/wp-json\/wp\/v2\/users\/34"}],"replies":[{"embeddable":true,"href":"https:\/\/sport-index.fr\/blog\/wp-json\/wp\/v2\/comments?post=10078"}],"version-history":[{"count":1,"href":"https:\/\/sport-index.fr\/blog\/wp-json\/wp\/v2\/posts\/10078\/revisions"}],"predecessor-version":[{"id":10268,"href":"https:\/\/sport-index.fr\/blog\/wp-json\/wp\/v2\/posts\/10078\/revisions\/10268"}],"wp:featuredmedia":[{"embeddable":true,"href":"https:\/\/sport-index.fr\/blog\/wp-json\/wp\/v2\/media\/10331"}],"wp:attachment":[{"href":"https:\/\/sport-index.fr\/blog\/wp-json\/wp\/v2\/media?parent=10078"}],"wp:term":[{"taxonomy":"category","embeddable":true,"href":"https:\/\/sport-index.fr\/blog\/wp-json\/wp\/v2\/categories?post=10078"},{"taxonomy":"post_tag","embeddable":true,"href":"https:\/\/sport-index.fr\/blog\/wp-json\/wp\/v2\/tags?post=10078"}],"curies":[{"name":"wp","href":"https:\/\/api.w.org\/{rel}","templated":true}]}}