{"id":10085,"date":"2026-09-01T14:26:56","date_gmt":"2026-09-01T12:26:56","guid":{"rendered":"https:\/\/sport-index.fr\/blog\/?p=10085"},"modified":"2026-09-01T14:26:56","modified_gmt":"2026-09-01T12:26:56","slug":"mbappe-heritier-de-cr7-les-enjeux-dune-comparaison-audacieuse","status":"publish","type":"post","link":"https:\/\/sport-index.fr\/blog\/a-la-une\/mbappe-heritier-de-cr7-les-enjeux-dune-comparaison-audacieuse\/","title":{"rendered":"Mbapp\u00e9, h\u00e9ritier de CR7 ? Les enjeux d&rsquo;une comparaison audacieuse"},"content":{"rendered":"<link rel=\"stylesheet\" href=\"https:\/\/fonts.googleapis.com\/css2?family=Newsreader:ital,opsz,wght@0,6..72,500;0,6..72,600;0,6..72,700;1,6..72,500&#038;family=Inter:wght@400;500;600;700&#038;family=JetBrains+Mono:wght@500&#038;display=swap\">\n<style>\n.spi-actu-wrap{--spi-ac:#0E7C5A;--spi-ac2:#0a5e44;--spi-ink:#111826;--spi-mut:#5b6675;--spi-line:#e3e7ec;--spi-soft:#f4f8f6;font-family:\"Inter\",system-ui,sans-serif;color:var(--spi-ink);font-size:17px;line-height:1.65}\n.spi-actu-wrap h2{font-family:\"Newsreader\",serif;font-weight:700;font-size:clamp(24px,3.2vw,33px);line-height:1.2;letter-spacing:-.015em;color:var(--spi-ink);margin:48px 0 16px;padding-bottom:10px;border-bottom:2px solid var(--spi-line)}\n.spi-actu-wrap h3{font-family:\"Newsreader\",serif;font-weight:600;font-size:20px;margin:26px 0 8px;color:var(--spi-ink)}\n.spi-actu-wrap p{margin:0 0 18px}\n.spi-actu-wrap a{color:var(--spi-ac2);text-decoration:underline;text-underline-offset:3px;text-decoration-thickness:1.5px}\n.spi-actu-wrap a:hover{color:var(--spi-ac)}\n.spi-actu-date{font-family:\"JetBrains Mono\",ui-monospace,monospace;font-size:12.5px;letter-spacing:.02em;color:var(--spi-mut);border-left:3px solid var(--spi-ac);padding:4px 0 4px 12px;margin:0 0 22px}\n.spi-actu-lead{font-family:\"Newsreader\",serif;font-size:21px;line-height:1.55;color:#243040;margin:0 0 30px}\n.spi-actu-key{background:var(--spi-soft);border:1px solid #d6e5de;border-left:5px solid var(--spi-ac);border-radius:14px;padding:24px 26px;margin:30px 0;box-shadow:0 1px 2px rgba(16,24,40,.05),0 12px 28px -18px rgba(16,24,40,.22)}\n.spi-actu-key .spi-actu-kick{font-family:\"JetBrains Mono\",monospace;font-size:11.5px;font-weight:500;letter-spacing:.12em;text-transform:uppercase;color:var(--spi-ac2);display:block;margin-bottom:12px}\n.spi-actu-key ul{margin:0;padding-left:0;list-style:none}\n.spi-actu-key li{position:relative;padding-left:26px;margin:0 0 11px;font-size:16.5px}\n.spi-actu-key li:last-child{margin-bottom:0}\n.spi-actu-key li::before{content:\"\u2192\";position:absolute;left:0;top:0;color:var(--spi-ac);font-weight:700}\n.spi-actu-quote{border:1px solid var(--spi-line);border-top:3px solid var(--spi-ac);border-radius:12px;padding:22px 24px;margin:28px 0;background:#fff;transition:.25s ease;box-shadow:0 1px 2px rgba(16,24,40,.05)}\n.spi-actu-quote:hover{transform:translateY(-3px);box-shadow:0 1px 2px rgba(16,24,40,.06),0 16px 32px -20px rgba(16,24,40,.35)}\n.spi-actu-quote .spi-actu-q{font-family:\"Newsreader\",serif;font-style:italic;font-size:21px;line-height:1.45;color:var(--spi-ink)}\n.spi-actu-quote .spi-actu-src{font-family:\"JetBrains Mono\",monospace;font-size:12px;color:var(--spi-mut);margin-top:12px;display:block}\n.spi-actu-op{border:1px dashed #c9d6e2;border-radius:12px;padding:20px 22px;margin:28px 0;background:#fbfcfe}\n.spi-actu-op .spi-actu-kick{font-family:\"JetBrains Mono\",monospace;font-size:11.5px;letter-spacing:.12em;text-transform:uppercase;color:#5a6f86;display:block;margin-bottom:10px}\n.spi-actu-op .spi-actu-txt{font-size:16.5px;color:#2b3646}\n.spi-actu-tblwrap{overflow-x:auto;border:1px solid var(--spi-line);border-radius:12px;margin:26px 0}\n.spi-actu-wrap table.spi-actu-tbl{width:100%;border-collapse:collapse;font-size:15.5px;background:#fff}\n.spi-actu-tbl th{background:var(--spi-soft);color:var(--spi-ac2);font-family:\"JetBrains Mono\",monospace;font-size:11.5px;letter-spacing:.08em;text-transform:uppercase;text-align:left;padding:12px 14px;border-bottom:1px solid var(--spi-line)}\n.spi-actu-tbl td{padding:13px 14px;border-bottom:1px solid #eef1f4;vertical-align:top}\n.spi-actu-tbl tr:last-child td{border-bottom:none}\n.spi-actu-tbl tr:nth-child(even) td{background:#fafbfc}\n.spi-actu-retain{background:#101c17;color:#eaf3ef;border-radius:14px;padding:26px 28px;margin:36px 0}\n.spi-actu-retain .spi-actu-kick{font-family:\"JetBrains Mono\",monospace;font-size:11.5px;letter-spacing:.12em;text-transform:uppercase;color:#7fd8b4;display:block;margin-bottom:14px}\n.spi-actu-retain ul{margin:0;padding-left:0;list-style:none}\n.spi-actu-retain li{position:relative;padding-left:26px;margin:0 0 11px;font-size:16.5px}\n.spi-actu-retain li:last-child{margin-bottom:0}\n.spi-actu-retain li::before{content:\"\u2713\";position:absolute;left:0;top:0;color:#7fd8b4;font-weight:700}\n.spi-actu-retain p,.spi-actu-retain li,.spi-actu-retain span,.spi-actu-retain div{color:#eaf3ef!important}\n.spi-actu-retain strong,.spi-actu-retain b{color:#ffffff!important}\n.spi-actu-retain a{color:#9fe8c6!important;text-decoration:underline}\n.spi-actu-faq{margin:30px 0}\n.spi-actu-faq details{border:1px solid var(--spi-line);border-left:3px solid var(--spi-ac);border-radius:10px;padding:14px 18px;margin-bottom:12px;background:#fff;transition:.25s ease}\n.spi-actu-faq details:hover{transform:translateY(-3px);box-shadow:0 10px 24px -18px rgba(16,24,40,.4)}\n.spi-actu-faq summary{cursor:pointer;font-weight:600;font-size:16.5px;color:var(--spi-ink);list-style:none}\n.spi-actu-faq summary::-webkit-details-marker{display:none}\n.spi-actu-faq summary::before{content:\"+\";color:var(--spi-ac);font-weight:700;margin-right:10px}\n.spi-actu-faq details[open] summary::before{content:\"\u2013\"}\n.spi-actu-faq .spi-actu-a{margin-top:12px;font-size:16px;color:#39434f}\n@media (max-width:640px){.spi-actu-wrap{font-size:16.5px}.spi-actu-key,.spi-actu-retain{padding:20px}}\n<\/style>\n<div class=\"spi-actu-wrap\">\n<div class=\"spi-actu-date\">Publi\u00e9 le 22 f\u00e9vrier 2025 \u00b7 Faits rev\u00e9rifi\u00e9s et article mis \u00e0 jour le 1\u1d49\u02b3 septembre 2026<\/div>\n<div class=\"spi-actu-lead\">En f\u00e9vrier 2025, Carlo Ancelotti compare publiquement Kylian Mbapp\u00e9 \u00e0 Cristiano Ronaldo apr\u00e8s le tripl\u00e9 du Fran\u00e7ais contre Manchester City. Sur le plateau du <em>FC Stream Team<\/em> d&rsquo;Eurosport, deux journalistes r\u00e9clament aussit\u00f4t un peu de mesure. Voici ce qui est \u00e9tabli dans ce d\u00e9bat \u2014 et ce qui rel\u00e8ve de l&rsquo;opinion.<\/div>\n<div class=\"spi-actu-key\">\n<span class=\"spi-actu-kick\">L&rsquo;essentiel<\/span><\/p>\n<ul>\n<li><strong>Quoi<\/strong> \u2014 Apr\u00e8s le tripl\u00e9 de Kylian Mbapp\u00e9 face \u00e0 Manchester City en Ligue des champions, Carlo Ancelotti a compar\u00e9 son attaquant \u00e0 Cristiano Ronaldo, estimant qu&rsquo;il pouvait \u00ab marcher dans les pas \u00bb du Portugais.<\/li>\n<li><strong>Quand et qui<\/strong> \u2014 Le barrage retour de la Ligue des champions 2024-2025 se joue en f\u00e9vrier 2025 ; la s\u00e9quence est comment\u00e9e le 21 f\u00e9vrier 2025 dans le <em>FC Stream Team<\/em> d&rsquo;Eurosport par les journalistes Cyril Morin et Julien Pereira.<\/li>\n<li><strong>Pourquoi \u00e7a compte<\/strong> \u2014 La formule \u00ab J&rsquo;aimerais qu&rsquo;on se calme \u00bb vient des journalistes, pas de l&rsquo;entra\u00eeneur. C&rsquo;est tout le sujet : la comparaison est lanc\u00e9e d&rsquo;en haut, la retenue est r\u00e9clam\u00e9e d&rsquo;\u00e0 c\u00f4t\u00e9.<\/li>\n<\/ul>\n<\/div>\n<h2>Une comparaison flatteuse mais risqu\u00e9e<\/h2>\n<p>Comparer Kylian Mbapp\u00e9 \u00e0 Cristiano Ronaldo est une d\u00e9marche audacieuse, et elle n&rsquo;est pas venue des tribunes : elle vient de <a href=\"https:\/\/fr.wikipedia.org\/wiki\/Carlo_Ancelotti\" target=\"_blank\" rel=\"noopener nofollow\">Carlo Ancelotti<\/a> lui-m\u00eame, alors entra\u00eeneur du Real Madrid. Le technicien italien a soulign\u00e9 les qualit\u00e9s de son attaquant et sugg\u00e9r\u00e9 qu&rsquo;il pouvait suivre les traces du Portugais, <a href=\"https:\/\/fr.wikipedia.org\/wiki\/Cristiano_Ronaldo\" target=\"_blank\" rel=\"noopener nofollow\">quintuple Ballon d&rsquo;or<\/a>. Venant du banc, la phrase p\u00e8se plus lourd qu&rsquo;un commentaire de plateau.<\/p>\n<p>C&rsquo;est aussi ce qui la rend risqu\u00e9e : elle place l&rsquo;\u00e9chelle d&rsquo;une carri\u00e8re enti\u00e8re au-dessus d&rsquo;un joueur qui, en f\u00e9vrier 2025, achevait sa premi\u00e8re saison \u00e0 Madrid. Une comparaison de ce type ne se v\u00e9rifie pas sur un match.<\/p>\n<h2>Le regard des journalistes d&rsquo;Eurosport sur cette comparaison<\/h2>\n<p>C&rsquo;est pr\u00e9cis\u00e9ment la r\u00e9serve exprim\u00e9e par Cyril Morin et Julien Pereira dans le <em>FC Stream Team<\/em> d&rsquo;Eurosport : un appel au calme, adress\u00e9 non pas \u00e0 Mbapp\u00e9 mais \u00e0 l&#8217;emballement autour de lui. Le titre de la s\u00e9quence reprend d&rsquo;ailleurs leur formule.<\/p>\n<div class=\"spi-actu-quote\">\n<div class=\"spi-actu-q\">\u00ab J&rsquo;aimerais qu&rsquo;on se calme \u00bb<\/div>\n<p><span class=\"spi-actu-src\">Formule port\u00e9e par les journalistes d&rsquo;Eurosport Cyril Morin et Julien Pereira dans le FC Stream Team (21 f\u00e9vrier 2025) \u2014 et non par Carlo Ancelotti, qui est \u00e0 l&rsquo;origine de la comparaison. <a href=\"https:\/\/www.eurosport.fr\/football\/la-liga\/2024-2025\/liga-mbappe-deja-dans-les-pas-de-cr7-j-aimerais-qu-on-se-calme_vid2326710\/video.shtml\" target=\"_blank\" rel=\"noopener nofollow\">Source Eurosport<\/a><\/span>\n<\/div>\n<div class=\"spi-actu-op\">\n<span class=\"spi-actu-kick\">Opinion de la r\u00e9daction<\/span><\/p>\n<div class=\"spi-actu-txt\">Nous partageons cette r\u00e9serve, et nous l&rsquo;assumons comme une opinion, pas comme un fait : une comparaison entre deux joueurs de g\u00e9n\u00e9rations diff\u00e9rentes dit surtout quelque chose de l&rsquo;\u00e9poque qui la formule. Elle ne mesure rien tant que les carri\u00e8res ne sont pas closes.<\/div>\n<\/div>\n<h2>Les d\u00e9fis \u00e0 relever pour Mbapp\u00e9<\/h2>\n<p>Le d\u00e9fi n&rsquo;est pas de \u00ab rattraper \u00bb qui que ce soit \u2014 c&rsquo;est de durer. Tenir un niveau de performance saison apr\u00e8s saison suppose de traverser les blessures, les changements d&rsquo;entra\u00eeneur, les cycles d&rsquo;\u00e9quipe et une exposition m\u00e9diatique permanente. Le parcours de Mbapp\u00e9 depuis f\u00e9vrier 2025 l&rsquo;a d&rsquo;ailleurs illustr\u00e9, entre troph\u00e9es individuels et p\u00e9riodes d&rsquo;indisponibilit\u00e9 : le suivi \u00e0 jour de sa carri\u00e8re se consulte sur sa <a href=\"https:\/\/fr.wikipedia.org\/wiki\/Kylian_Mbapp%C3%A9\" target=\"_blank\" rel=\"noopener nofollow\">fiche encyclop\u00e9dique<\/a> et sur son <a href=\"https:\/\/www.transfermarkt.fr\/kylian-mbappe\/profil\/spieler\/342229\" target=\"_blank\" rel=\"noopener nofollow\">profil Transfermarkt<\/a>, que nous pr\u00e9f\u00e9rons \u00e0 un d\u00e9compte fig\u00e9 qui serait faux d\u00e8s le lendemain.<\/p>\n<p>Une chose a chang\u00e9 depuis la publication initiale de cet article : Carlo Ancelotti n&rsquo;entra\u00eene plus le Real Madrid. Il a quitt\u00e9 le club \u00e0 l&rsquo;issue de la saison 2024-2025, la Conf\u00e9d\u00e9ration br\u00e9silienne de football ayant annonc\u00e9 sa nomination comme s\u00e9lectionneur du Br\u00e9sil le 12 mai 2025. La phrase cit\u00e9e ici reste donc celle d&rsquo;un entra\u00eeneur du Real Madrid en f\u00e9vrier 2025 \u2014 elle ne d\u00e9crit plus une situation en cours.<\/p>\n<h2>Ce que cet article ne publie plus<\/h2>\n<div class=\"spi-actu-tblwrap\">\n<table class=\"spi-actu-tbl\">\n<thead>\n<tr>\n<th>\u00c9l\u00e9ment retir\u00e9<\/th>\n<th>Motif<\/th>\n<\/tr>\n<\/thead>\n<tbody>\n<tr>\n<td>La citation \u00ab J&rsquo;aimerais qu&rsquo;on se calme \u00bb attribu\u00e9e \u00e0 Carlo Ancelotti<\/td>\n<td>Attribution fausse : la source Eurosport montre que la formule est celle des journalistes du FC Stream Team, Ancelotti \u00e9tant au contraire l&rsquo;auteur de la comparaison. La glose qui l&rsquo;accompagnait n&rsquo;existe dans aucune source.<\/td>\n<\/tr>\n<tr>\n<td>\u00ab Les experts du football s&rsquo;accordent \u00e0 dire que\u2026 \u00bb<\/td>\n<td>Autorit\u00e9 collective inv\u00e9rifiable : aucun expert nomm\u00e9, aucun propos dat\u00e9 ni sourc\u00e9.<\/td>\n<\/tr>\n<tr>\n<td>\u00ab Ancelotti, entra\u00eeneur du Real Madrid \u00bb au pr\u00e9sent<\/td>\n<td>Fait p\u00e9rissable devenu faux : dat\u00e9 ici en f\u00e9vrier 2025, avec la mention de son d\u00e9part pour la s\u00e9lection br\u00e9silienne.<\/td>\n<\/tr>\n<tr>\n<td>Tout d\u00e9compte de buts, de troph\u00e9es ou de s\u00e9lections<\/td>\n<td>Un total arr\u00eat\u00e9 \u00e0 une date devient faux ensuite : nous renvoyons aux sources vivantes.<\/td>\n<\/tr>\n<\/tbody>\n<\/table>\n<\/div>\n<div class=\"spi-actu-retain\">\n<span class=\"spi-actu-kick\">\u00c0 retenir<\/span><\/p>\n<ul>\n<li><strong>La comparaison vient d&rsquo;Ancelotti<\/strong>, alors entra\u00eeneur du Real Madrid, apr\u00e8s le tripl\u00e9 de Mbapp\u00e9 contre Manchester City en Ligue des champions (f\u00e9vrier 2025).<\/li>\n<li><strong>L&rsquo;appel au calme vient d&rsquo;Eurosport<\/strong> : Cyril Morin et Julien Pereira, dans le FC Stream Team du 21 f\u00e9vrier 2025.<\/li>\n<li><strong>Ne confondez pas les deux voix<\/strong> : c&rsquo;est l&rsquo;erreur la plus r\u00e9pandue sur ce sujet, et la version initiale de cet article l&rsquo;avait commise.<\/li>\n<li><strong>Une comparaison n&rsquo;est pas une statistique<\/strong> : elle rel\u00e8ve de l&rsquo;opinion et se juge sur une carri\u00e8re, pas sur un match.<\/li>\n<\/ul>\n<\/div>\n<h2>Questions fr\u00e9quentes<\/h2>\n<div class=\"spi-actu-faq\">\n<details>\n<summary>Qui a compar\u00e9 Mbapp\u00e9 \u00e0 Cristiano Ronaldo ?<\/summary>\n<div class=\"spi-actu-a\">Carlo Ancelotti, alors entra\u00eeneur du Real Madrid, apr\u00e8s le tripl\u00e9 de Kylian Mbapp\u00e9 face \u00e0 Manchester City en Ligue des champions, en f\u00e9vrier 2025. Il a estim\u00e9 que le Fran\u00e7ais pouvait marcher dans les pas du Portugais.<\/div>\n<\/details>\n<details>\n<summary>Qui a dit \u00ab J&rsquo;aimerais qu&rsquo;on se calme \u00bb ?<\/summary>\n<div class=\"spi-actu-a\">La formule est port\u00e9e par les journalistes d&rsquo;Eurosport Cyril Morin et Julien Pereira dans l&rsquo;\u00e9mission FC Stream Team du 21 f\u00e9vrier 2025, en r\u00e9action \u00e0 la comparaison. Elle n&rsquo;est pas d&rsquo;Ancelotti \u2014 l&rsquo;attribuer \u00e0 l&rsquo;entra\u00eeneur inverse compl\u00e8tement le sens de la s\u00e9quence.<\/div>\n<\/details>\n<details>\n<summary>Cette comparaison est-elle justifi\u00e9e ?<\/summary>\n<div class=\"spi-actu-a\">C&rsquo;est un d\u00e9bat d&rsquo;opinion, pas une question de fait. Aucune donn\u00e9e ne tranche une comparaison entre deux joueurs de g\u00e9n\u00e9rations diff\u00e9rentes tant que les carri\u00e8res ne sont pas achev\u00e9es. Nous exprimons ici une r\u00e9serve, sans la pr\u00e9senter comme une conclusion.<\/div>\n<\/details>\n<details>\n<summary>Carlo Ancelotti entra\u00eene-t-il toujours le Real Madrid ?<\/summary>\n<div class=\"spi-actu-a\">Non. Il a quitt\u00e9 le Real Madrid \u00e0 l&rsquo;issue de la saison 2024-2025 ; la Conf\u00e9d\u00e9ration br\u00e9silienne de football a annonc\u00e9 sa nomination comme s\u00e9lectionneur du Br\u00e9sil le 12 mai 2025. L&rsquo;article ci-dessus d\u00e9crit une d\u00e9claration faite en f\u00e9vrier 2025.<\/div>\n<\/details>\n<\/div>\n<h2>Sources<\/h2>\n<div class=\"spi-actu-tblwrap\">\n<table class=\"spi-actu-tbl\">\n<thead>\n<tr>\n<th>Lien<\/th>\n<th>Ce qu&rsquo;il documente r\u00e9ellement<\/th>\n<\/tr>\n<\/thead>\n<tbody>\n<tr>\n<td><a href=\"https:\/\/www.eurosport.fr\/football\/la-liga\/2024-2025\/liga-mbappe-deja-dans-les-pas-de-cr7-j-aimerais-qu-on-se-calme_vid2326710\/video.shtml\" target=\"_blank\" rel=\"noopener nofollow\">Eurosport \u2014 \u00ab Mbapp\u00e9 d\u00e9j\u00e0 dans les pas de CR7 ? \u00ab\u00a0J&rsquo;aimerais qu&rsquo;on se calme\u00a0\u00bb \u00bb<\/a><\/td>\n<td>Page vid\u00e9o \u00e0 l&rsquo;origine de ce sujet : la comparaison d&rsquo;Ancelotti et l&rsquo;appel au calme de Cyril Morin et Julien Pereira dans le FC Stream Team (21 f\u00e9vrier 2025).<\/td>\n<\/tr>\n<tr>\n<td><a href=\"https:\/\/fr.wikipedia.org\/wiki\/Carlo_Ancelotti\" target=\"_blank\" rel=\"noopener nofollow\">Wikip\u00e9dia \u2014 Carlo Ancelotti<\/a><\/td>\n<td>Parcours de l&rsquo;entra\u00eeneur, dont son passage au Real Madrid (2021-2025) et sa nomination comme s\u00e9lectionneur du Br\u00e9sil.<\/td>\n<\/tr>\n<tr>\n<td><a href=\"https:\/\/fr.wikipedia.org\/wiki\/Cristiano_Ronaldo\" target=\"_blank\" rel=\"noopener nofollow\">Wikip\u00e9dia \u2014 Cristiano Ronaldo<\/a><\/td>\n<td>Palmar\u00e8s du Portugais, dont ses cinq Ballons d&rsquo;or.<\/td>\n<\/tr>\n<tr>\n<td><a href=\"https:\/\/fr.wikipedia.org\/wiki\/Kylian_Mbapp%C3%A9\" target=\"_blank\" rel=\"noopener nofollow\">Wikip\u00e9dia \u2014 Kylian Mbapp\u00e9<\/a><\/td>\n<td>Carri\u00e8re et distinctions du joueur, mises \u00e0 jour en continu.<\/td>\n<\/tr>\n<tr>\n<td><a href=\"https:\/\/www.transfermarkt.fr\/kylian-mbappe\/profil\/spieler\/342229\" target=\"_blank\" rel=\"noopener nofollow\">Transfermarkt \u2014 Kylian Mbapp\u00e9<\/a><\/td>\n<td>Faits de carri\u00e8re : clubs, transferts, statistiques par saison.<\/td>\n<\/tr>\n<\/tbody>\n<\/table>\n<\/div>\n<\/div>\n","protected":false},"excerpt":{"rendered":"","protected":false},"author":34,"featured_media":10330,"comment_status":"open","ping_status":"open","sticky":false,"template":"","format":"standard","meta":{"_acf_changed":false,"manual_indexmenow":false,"indexmenow_id_project":0,"footnotes":""},"categories":[1],"tags":[4619,4544,4543,4632,4567],"class_list":["post-10085","post","type-post","status-publish","format-standard","has-post-thumbnail","hentry","category-a-la-une","tag-developpement-personnel","tag-equipe","tag-performance","tag-performance-sportive","tag-pression-mediatique","generate-columns","tablet-grid-50","mobile-grid-100","grid-parent","grid-25"],"acf":[],"yoast_head":"<!-- This site is optimized with the Yoast SEO Premium plugin v21.3 (Yoast SEO v26.5) - https:\/\/yoast.com\/wordpress\/plugins\/seo\/ -->\n<title>Mbapp\u00e9, h\u00e9ritier de CR7 ? Les enjeux d&#039;une comparaison<\/title>\n<meta name=\"description\" content=\"Ancelotti a compar\u00e9 Mbapp\u00e9 \u00e0 Cristiano Ronaldo en f\u00e9vrier 2025 apr\u00e8s son tripl\u00e9 contre Manchester City. La formule J aimerais qu on se calme vient des journalistes d Eurosport, pas de l entra\u00eeneur.\" \/>\n<meta name=\"robots\" content=\"index, follow, max-snippet:-1, max-image-preview:large, max-video-preview:-1\" \/>\n<link rel=\"canonical\" href=\"https:\/\/sport-index.fr\/blog\/a-la-une\/mbappe-heritier-de-cr7-les-enjeux-dune-comparaison-audacieuse\/\" \/>\n<meta property=\"og:locale\" content=\"fr_FR\" \/>\n<meta property=\"og:type\" content=\"article\" \/>\n<meta property=\"og:title\" content=\"Mbapp\u00e9, h\u00e9ritier de CR7 ? Les enjeux d&#039;une comparaison\" \/>\n<meta property=\"og:description\" content=\"Ancelotti a compar\u00e9 Mbapp\u00e9 \u00e0 Cristiano Ronaldo en f\u00e9vrier 2025 apr\u00e8s son tripl\u00e9 contre Manchester City. La formule J aimerais qu on se calme vient des journalistes d Eurosport, pas de l entra\u00eeneur.\" \/>\n<meta property=\"og:url\" content=\"https:\/\/sport-index.fr\/blog\/a-la-une\/mbappe-heritier-de-cr7-les-enjeux-dune-comparaison-audacieuse\/\" \/>\n<meta property=\"og:site_name\" content=\"sport-index\" \/>\n<meta name=\"author\" content=\"Axel Lauzier\" \/>\n<meta name=\"twitter:card\" content=\"summary_large_image\" \/>\n<script type=\"application\/ld+json\" class=\"yoast-schema-graph\">{\"@context\":\"https:\/\/schema.org\",\"@graph\":[{\"@type\":\"NewsArticle\",\"@id\":\"https:\/\/sport-index.fr\/blog\/a-la-une\/mbappe-heritier-de-cr7-les-enjeux-dune-comparaison-audacieuse\/#article\",\"isPartOf\":{\"@id\":\"https:\/\/sport-index.fr\/blog\/a-la-une\/mbappe-heritier-de-cr7-les-enjeux-dune-comparaison-audacieuse\/\"},\"author\":{\"name\":\"Axel Lauzier\",\"@id\":\"https:\/\/sport-index.fr\/blog\/#\/schema\/person\/3c864cdc320801e3db34b663e7e3f816\"},\"headline\":\"Mbapp\u00e9, h\u00e9ritier de CR7 ? Les enjeux d&rsquo;une comparaison audacieuse\",\"datePublished\":\"2026-09-01T12:26:56+00:00\",\"mainEntityOfPage\":{\"@id\":\"https:\/\/sport-index.fr\/blog\/a-la-une\/mbappe-heritier-de-cr7-les-enjeux-dune-comparaison-audacieuse\/\"},\"wordCount\":1227,\"commentCount\":26,\"publisher\":{\"@id\":\"https:\/\/sport-index.fr\/blog\/#organization\"},\"image\":{\"@id\":\"https:\/\/sport-index.fr\/blog\/a-la-une\/mbappe-heritier-de-cr7-les-enjeux-dune-comparaison-audacieuse\/#primaryimage\"},\"thumbnailUrl\":\"https:\/\/sport-index.fr\/blog\/wp-content\/uploads\/2025\/02\/sdxl-cc071be7acf3858f3cc6a40584a9768b.png\",\"keywords\":[\"D\u00e9veloppement personnel\",\"\u00c9quipe\",\"Performance\",\"Performance sportive\",\"pression m\u00e9diatique\"],\"articleSection\":[\"\u00c0 la une\"],\"inLanguage\":\"fr-FR\",\"potentialAction\":[{\"@type\":\"CommentAction\",\"name\":\"Comment\",\"target\":[\"https:\/\/sport-index.fr\/blog\/a-la-une\/mbappe-heritier-de-cr7-les-enjeux-dune-comparaison-audacieuse\/#respond\"]}]},{\"@type\":\"WebPage\",\"@id\":\"https:\/\/sport-index.fr\/blog\/a-la-une\/mbappe-heritier-de-cr7-les-enjeux-dune-comparaison-audacieuse\/\",\"url\":\"https:\/\/sport-index.fr\/blog\/a-la-une\/mbappe-heritier-de-cr7-les-enjeux-dune-comparaison-audacieuse\/\",\"name\":\"Mbapp\u00e9, h\u00e9ritier de CR7 ? Les enjeux d'une comparaison\",\"isPartOf\":{\"@id\":\"https:\/\/sport-index.fr\/blog\/#website\"},\"primaryImageOfPage\":{\"@id\":\"https:\/\/sport-index.fr\/blog\/a-la-une\/mbappe-heritier-de-cr7-les-enjeux-dune-comparaison-audacieuse\/#primaryimage\"},\"image\":{\"@id\":\"https:\/\/sport-index.fr\/blog\/a-la-une\/mbappe-heritier-de-cr7-les-enjeux-dune-comparaison-audacieuse\/#primaryimage\"},\"thumbnailUrl\":\"https:\/\/sport-index.fr\/blog\/wp-content\/uploads\/2025\/02\/sdxl-cc071be7acf3858f3cc6a40584a9768b.png\",\"datePublished\":\"2026-09-01T12:26:56+00:00\",\"description\":\"Ancelotti a compar\u00e9 Mbapp\u00e9 \u00e0 Cristiano Ronaldo en f\u00e9vrier 2025 apr\u00e8s son tripl\u00e9 contre Manchester City. La formule J aimerais qu on se calme vient des journalistes d Eurosport, pas de l entra\u00eeneur.\",\"inLanguage\":\"fr-FR\",\"potentialAction\":[{\"@type\":\"ReadAction\",\"target\":[\"https:\/\/sport-index.fr\/blog\/a-la-une\/mbappe-heritier-de-cr7-les-enjeux-dune-comparaison-audacieuse\/\"]}]},{\"@type\":\"ImageObject\",\"inLanguage\":\"fr-FR\",\"@id\":\"https:\/\/sport-index.fr\/blog\/a-la-une\/mbappe-heritier-de-cr7-les-enjeux-dune-comparaison-audacieuse\/#primaryimage\",\"url\":\"https:\/\/sport-index.fr\/blog\/wp-content\/uploads\/2025\/02\/sdxl-cc071be7acf3858f3cc6a40584a9768b.png\",\"contentUrl\":\"https:\/\/sport-index.fr\/blog\/wp-content\/uploads\/2025\/02\/sdxl-cc071be7acf3858f3cc6a40584a9768b.png\",\"width\":1536,\"height\":640},{\"@type\":\"WebSite\",\"@id\":\"https:\/\/sport-index.fr\/blog\/#website\",\"url\":\"https:\/\/sport-index.fr\/blog\/\",\"name\":\"sport-index.fr\",\"description\":\"Le score de l\u2019analyse sportive.\",\"publisher\":{\"@id\":\"https:\/\/sport-index.fr\/blog\/#organization\"},\"alternateName\":\"Le score de l\u2019analyse sportive.\",\"potentialAction\":[{\"@type\":\"SearchAction\",\"target\":{\"@type\":\"EntryPoint\",\"urlTemplate\":\"https:\/\/sport-index.fr\/blog\/?s={search_term_string}\"},\"query-input\":{\"@type\":\"PropertyValueSpecification\",\"valueRequired\":true,\"valueName\":\"search_term_string\"}}],\"inLanguage\":\"fr-FR\"},{\"@type\":\"Organization\",\"@id\":\"https:\/\/sport-index.fr\/blog\/#organization\",\"name\":\"Foretsensations.fr\",\"url\":\"https:\/\/sport-index.fr\/blog\/\",\"logo\":{\"@type\":\"ImageObject\",\"inLanguage\":\"fr-FR\",\"@id\":\"https:\/\/sport-index.fr\/blog\/#\/schema\/logo\/image\/\",\"url\":\"https:\/\/sport-index.fr\/blog\/wp-content\/uploads\/2026\/07\/logo-auto.png\",\"contentUrl\":\"https:\/\/sport-index.fr\/blog\/wp-content\/uploads\/2026\/07\/logo-auto.png\",\"width\":1024,\"height\":1024,\"caption\":\"Foretsensations.fr\"},\"image\":{\"@id\":\"https:\/\/sport-index.fr\/blog\/#\/schema\/logo\/image\/\"}},{\"@type\":\"Person\",\"@id\":\"https:\/\/sport-index.fr\/blog\/#\/schema\/person\/3c864cdc320801e3db34b663e7e3f816\",\"name\":\"Axel Lauzier\",\"image\":{\"@type\":\"ImageObject\",\"inLanguage\":\"fr-FR\",\"@id\":\"https:\/\/sport-index.fr\/blog\/#\/schema\/person\/image\/\",\"url\":\"https:\/\/sport-index.fr\/blog\/wp-content\/uploads\/2026\/06\/persona_axel-l-96x96.jpg\",\"contentUrl\":\"https:\/\/sport-index.fr\/blog\/wp-content\/uploads\/2026\/06\/persona_axel-l-96x96.jpg\",\"caption\":\"Axel Lauzier\"},\"description\":\"Le sport rythme mon quotidien depuis l'enfance, et j'en ai fait mon m\u00e9tier d'analyste r\u00e9dactionnel il y a une dizaine d'ann\u00e9es. Je couvre principalement le football, son actualit\u00e9, ses transferts et l'analyse tactique des grandes affiches, mais aussi les disciplines plus confidentielles que j'aime remettre en lumi\u00e8re. Une partie de mon travail porte sur les pronostics et la lecture statistique d'un match : forme des \u00e9quipes, historique des confrontations, compositions, sans jamais vendre de fausse certitude. Je rappelle syst\u00e9matiquement que parier comporte un risque et doit rester un loisir ma\u00eetris\u00e9. Avant de signer une analyse, je v\u00e9rifie mes chiffres, je recoupe les compositions probables et je distingue toujours la donn\u00e9e brute de l'intuition. Mon objectif : offrir une lecture honn\u00eate et argument\u00e9e, pas un ticket gagnant garanti.\",\"sameAs\":[\"https:\/\/axellauzier.fr\/\"],\"url\":\"https:\/\/sport-index.fr\/blog\/auteur\/noname\/\"}]}<\/script>\n<!-- \/ Yoast SEO Premium plugin. -->","yoast_head_json":{"title":"Mbapp\u00e9, h\u00e9ritier de CR7 ? Les enjeux d'une comparaison","description":"Ancelotti a compar\u00e9 Mbapp\u00e9 \u00e0 Cristiano Ronaldo en f\u00e9vrier 2025 apr\u00e8s son tripl\u00e9 contre Manchester City. La formule J aimerais qu on se calme vient des journalistes d Eurosport, pas de l entra\u00eeneur.","robots":{"index":"index","follow":"follow","max-snippet":"max-snippet:-1","max-image-preview":"max-image-preview:large","max-video-preview":"max-video-preview:-1"},"canonical":"https:\/\/sport-index.fr\/blog\/a-la-une\/mbappe-heritier-de-cr7-les-enjeux-dune-comparaison-audacieuse\/","og_locale":"fr_FR","og_type":"article","og_title":"Mbapp\u00e9, h\u00e9ritier de CR7 ? Les enjeux d'une comparaison","og_description":"Ancelotti a compar\u00e9 Mbapp\u00e9 \u00e0 Cristiano Ronaldo en f\u00e9vrier 2025 apr\u00e8s son tripl\u00e9 contre Manchester City. La formule J aimerais qu on se calme vient des journalistes d Eurosport, pas de l entra\u00eeneur.","og_url":"https:\/\/sport-index.fr\/blog\/a-la-une\/mbappe-heritier-de-cr7-les-enjeux-dune-comparaison-audacieuse\/","og_site_name":"sport-index","author":"Axel Lauzier","twitter_card":"summary_large_image","schema":{"@context":"https:\/\/schema.org","@graph":[{"@type":"NewsArticle","@id":"https:\/\/sport-index.fr\/blog\/a-la-une\/mbappe-heritier-de-cr7-les-enjeux-dune-comparaison-audacieuse\/#article","isPartOf":{"@id":"https:\/\/sport-index.fr\/blog\/a-la-une\/mbappe-heritier-de-cr7-les-enjeux-dune-comparaison-audacieuse\/"},"author":{"name":"Axel Lauzier","@id":"https:\/\/sport-index.fr\/blog\/#\/schema\/person\/3c864cdc320801e3db34b663e7e3f816"},"headline":"Mbapp\u00e9, h\u00e9ritier de CR7 ? Les enjeux d&rsquo;une comparaison audacieuse","datePublished":"2026-09-01T12:26:56+00:00","mainEntityOfPage":{"@id":"https:\/\/sport-index.fr\/blog\/a-la-une\/mbappe-heritier-de-cr7-les-enjeux-dune-comparaison-audacieuse\/"},"wordCount":1227,"commentCount":26,"publisher":{"@id":"https:\/\/sport-index.fr\/blog\/#organization"},"image":{"@id":"https:\/\/sport-index.fr\/blog\/a-la-une\/mbappe-heritier-de-cr7-les-enjeux-dune-comparaison-audacieuse\/#primaryimage"},"thumbnailUrl":"https:\/\/sport-index.fr\/blog\/wp-content\/uploads\/2025\/02\/sdxl-cc071be7acf3858f3cc6a40584a9768b.png","keywords":["D\u00e9veloppement personnel","\u00c9quipe","Performance","Performance sportive","pression m\u00e9diatique"],"articleSection":["\u00c0 la une"],"inLanguage":"fr-FR","potentialAction":[{"@type":"CommentAction","name":"Comment","target":["https:\/\/sport-index.fr\/blog\/a-la-une\/mbappe-heritier-de-cr7-les-enjeux-dune-comparaison-audacieuse\/#respond"]}]},{"@type":"WebPage","@id":"https:\/\/sport-index.fr\/blog\/a-la-une\/mbappe-heritier-de-cr7-les-enjeux-dune-comparaison-audacieuse\/","url":"https:\/\/sport-index.fr\/blog\/a-la-une\/mbappe-heritier-de-cr7-les-enjeux-dune-comparaison-audacieuse\/","name":"Mbapp\u00e9, h\u00e9ritier de CR7 ? Les enjeux d'une comparaison","isPartOf":{"@id":"https:\/\/sport-index.fr\/blog\/#website"},"primaryImageOfPage":{"@id":"https:\/\/sport-index.fr\/blog\/a-la-une\/mbappe-heritier-de-cr7-les-enjeux-dune-comparaison-audacieuse\/#primaryimage"},"image":{"@id":"https:\/\/sport-index.fr\/blog\/a-la-une\/mbappe-heritier-de-cr7-les-enjeux-dune-comparaison-audacieuse\/#primaryimage"},"thumbnailUrl":"https:\/\/sport-index.fr\/blog\/wp-content\/uploads\/2025\/02\/sdxl-cc071be7acf3858f3cc6a40584a9768b.png","datePublished":"2026-09-01T12:26:56+00:00","description":"Ancelotti a compar\u00e9 Mbapp\u00e9 \u00e0 Cristiano Ronaldo en f\u00e9vrier 2025 apr\u00e8s son tripl\u00e9 contre Manchester City. La formule J aimerais qu on se calme vient des journalistes d Eurosport, pas de l entra\u00eeneur.","inLanguage":"fr-FR","potentialAction":[{"@type":"ReadAction","target":["https:\/\/sport-index.fr\/blog\/a-la-une\/mbappe-heritier-de-cr7-les-enjeux-dune-comparaison-audacieuse\/"]}]},{"@type":"ImageObject","inLanguage":"fr-FR","@id":"https:\/\/sport-index.fr\/blog\/a-la-une\/mbappe-heritier-de-cr7-les-enjeux-dune-comparaison-audacieuse\/#primaryimage","url":"https:\/\/sport-index.fr\/blog\/wp-content\/uploads\/2025\/02\/sdxl-cc071be7acf3858f3cc6a40584a9768b.png","contentUrl":"https:\/\/sport-index.fr\/blog\/wp-content\/uploads\/2025\/02\/sdxl-cc071be7acf3858f3cc6a40584a9768b.png","width":1536,"height":640},{"@type":"WebSite","@id":"https:\/\/sport-index.fr\/blog\/#website","url":"https:\/\/sport-index.fr\/blog\/","name":"sport-index.fr","description":"Le score de l\u2019analyse sportive.","publisher":{"@id":"https:\/\/sport-index.fr\/blog\/#organization"},"alternateName":"Le score de l\u2019analyse sportive.","potentialAction":[{"@type":"SearchAction","target":{"@type":"EntryPoint","urlTemplate":"https:\/\/sport-index.fr\/blog\/?s={search_term_string}"},"query-input":{"@type":"PropertyValueSpecification","valueRequired":true,"valueName":"search_term_string"}}],"inLanguage":"fr-FR"},{"@type":"Organization","@id":"https:\/\/sport-index.fr\/blog\/#organization","name":"Foretsensations.fr","url":"https:\/\/sport-index.fr\/blog\/","logo":{"@type":"ImageObject","inLanguage":"fr-FR","@id":"https:\/\/sport-index.fr\/blog\/#\/schema\/logo\/image\/","url":"https:\/\/sport-index.fr\/blog\/wp-content\/uploads\/2026\/07\/logo-auto.png","contentUrl":"https:\/\/sport-index.fr\/blog\/wp-content\/uploads\/2026\/07\/logo-auto.png","width":1024,"height":1024,"caption":"Foretsensations.fr"},"image":{"@id":"https:\/\/sport-index.fr\/blog\/#\/schema\/logo\/image\/"}},{"@type":"Person","@id":"https:\/\/sport-index.fr\/blog\/#\/schema\/person\/3c864cdc320801e3db34b663e7e3f816","name":"Axel Lauzier","image":{"@type":"ImageObject","inLanguage":"fr-FR","@id":"https:\/\/sport-index.fr\/blog\/#\/schema\/person\/image\/","url":"https:\/\/sport-index.fr\/blog\/wp-content\/uploads\/2026\/06\/persona_axel-l-96x96.jpg","contentUrl":"https:\/\/sport-index.fr\/blog\/wp-content\/uploads\/2026\/06\/persona_axel-l-96x96.jpg","caption":"Axel Lauzier"},"description":"Le sport rythme mon quotidien depuis l'enfance, et j'en ai fait mon m\u00e9tier d'analyste r\u00e9dactionnel il y a une dizaine d'ann\u00e9es. Je couvre principalement le football, son actualit\u00e9, ses transferts et l'analyse tactique des grandes affiches, mais aussi les disciplines plus confidentielles que j'aime remettre en lumi\u00e8re. Une partie de mon travail porte sur les pronostics et la lecture statistique d'un match : forme des \u00e9quipes, historique des confrontations, compositions, sans jamais vendre de fausse certitude. Je rappelle syst\u00e9matiquement que parier comporte un risque et doit rester un loisir ma\u00eetris\u00e9. Avant de signer une analyse, je v\u00e9rifie mes chiffres, je recoupe les compositions probables et je distingue toujours la donn\u00e9e brute de l'intuition. Mon objectif : offrir une lecture honn\u00eate et argument\u00e9e, pas un ticket gagnant garanti.","sameAs":["https:\/\/axellauzier.fr\/"],"url":"https:\/\/sport-index.fr\/blog\/auteur\/noname\/"}]}},"_links":{"self":[{"href":"https:\/\/sport-index.fr\/blog\/wp-json\/wp\/v2\/posts\/10085","targetHints":{"allow":["GET"]}}],"collection":[{"href":"https:\/\/sport-index.fr\/blog\/wp-json\/wp\/v2\/posts"}],"about":[{"href":"https:\/\/sport-index.fr\/blog\/wp-json\/wp\/v2\/types\/post"}],"author":[{"embeddable":true,"href":"https:\/\/sport-index.fr\/blog\/wp-json\/wp\/v2\/users\/34"}],"replies":[{"embeddable":true,"href":"https:\/\/sport-index.fr\/blog\/wp-json\/wp\/v2\/comments?post=10085"}],"version-history":[{"count":2,"href":"https:\/\/sport-index.fr\/blog\/wp-json\/wp\/v2\/posts\/10085\/revisions"}],"predecessor-version":[{"id":18341,"href":"https:\/\/sport-index.fr\/blog\/wp-json\/wp\/v2\/posts\/10085\/revisions\/18341"}],"wp:featuredmedia":[{"embeddable":true,"href":"https:\/\/sport-index.fr\/blog\/wp-json\/wp\/v2\/media\/10330"}],"wp:attachment":[{"href":"https:\/\/sport-index.fr\/blog\/wp-json\/wp\/v2\/media?parent=10085"}],"wp:term":[{"taxonomy":"category","embeddable":true,"href":"https:\/\/sport-index.fr\/blog\/wp-json\/wp\/v2\/categories?post=10085"},{"taxonomy":"post_tag","embeddable":true,"href":"https:\/\/sport-index.fr\/blog\/wp-json\/wp\/v2\/tags?post=10085"}],"curies":[{"name":"wp","href":"https:\/\/api.w.org\/{rel}","templated":true}]}}