{"id":10086,"date":"2026-09-01T18:26:06","date_gmt":"2026-09-01T16:26:06","guid":{"rendered":"https:\/\/sport-index.fr\/blog\/?p=10086"},"modified":"2026-09-01T18:26:44","modified_gmt":"2026-09-01T16:26:44","slug":"suivez-en-direct-beziers-contre-valence-romans-un-match-crucial-en-pro-d2","status":"publish","type":"post","link":"https:\/\/sport-index.fr\/blog\/a-la-une\/suivez-en-direct-beziers-contre-valence-romans-un-match-crucial-en-pro-d2\/","title":{"rendered":"B\u00e9ziers 28-26 Valence-Romans : le bilan du match de Pro D2 (21 f\u00e9vrier 2025)"},"content":{"rendered":"<link rel=\"stylesheet\" href=\"https:\/\/fonts.googleapis.com\/css2?family=Newsreader:ital,wght@0,500;0,600;0,700;1,500&#038;family=Inter:wght@400;500;600;700&#038;family=JetBrains+Mono:wght@500&#038;display=swap\">\n<style>\n.spi-actu-wrap{--spi-accent:#B3122F;--spi-ink:#14181F;--spi-soft:#FBF6F6;--spi-line:#E6E3E1;font-family:'Inter',Helvetica,Arial,sans-serif}\n.spi-actu-wrap h2{font-family:'Newsreader',Georgia,serif;font-weight:700;font-size:clamp(24px,3.2vw,33px);line-height:1.2;letter-spacing:-.015em;color:var(--spi-ink);margin:46px 0 14px}\n.spi-actu-wrap h3{font-family:'Newsreader',Georgia,serif;font-weight:600;font-size:21px;color:var(--spi-ink);margin:26px 0 8px}\n.spi-actu-wrap p{font-family:'Inter',Helvetica,Arial,sans-serif;font-size:17px;line-height:1.68;color:#232A33}\n.spi-actu-dateline{font-family:'JetBrains Mono',ui-monospace,monospace;font-size:12.5px;letter-spacing:.02em;color:#6A737D;border-left:3px solid var(--spi-accent);padding:6px 0 6px 12px;margin:0 0 22px}\n.spi-actu-lead{font-family:'Newsreader',Georgia,serif;font-size:21px;line-height:1.55;color:#2B333D;margin:0 0 26px}\n.spi-actu-key{background:var(--spi-soft);border:1px solid #F0D9DD;border-left:5px solid var(--spi-accent);border-radius:14px;padding:24px 26px;margin:26px 0;box-shadow:0 1px 2px rgba(16,24,40,.05),0 12px 28px -18px rgba(16,24,40,.25)}\n.spi-actu-key .spi-actu-kicker{display:block;font-family:'JetBrains Mono',ui-monospace,monospace;font-size:11.5px;letter-spacing:.12em;text-transform:uppercase;color:var(--spi-accent);margin-bottom:12px}\n.spi-actu-key ul{margin:0;padding-left:0;list-style:none}\n.spi-actu-key li{position:relative;padding-left:22px;margin:0 0 10px;font-size:16.5px;line-height:1.6;color:#232A33}\n.spi-actu-key li::before{content:\"\u2192\";position:absolute;left:0;top:0;color:var(--spi-accent);font-weight:700}\n.spi-actu-warn{background:#FFFDF4;border:1px solid #EFE2B8;border-left:5px solid #C08A0B;border-radius:14px;padding:22px 24px;margin:26px 0}\n.spi-actu-warn .spi-actu-kicker{display:block;font-family:'JetBrains Mono',ui-monospace,monospace;font-size:11.5px;letter-spacing:.12em;text-transform:uppercase;color:#8A6206;margin-bottom:10px}\n.spi-actu-warn ul{margin:10px 0 0;padding-left:20px}\n.spi-actu-warn li{margin:0 0 8px;font-size:16px;line-height:1.6;color:#3B3524}\n.spi-actu-score{display:flex;flex-wrap:wrap;align-items:center;gap:14px;border:1px solid var(--spi-line);border-top:3px solid var(--spi-accent);border-radius:14px;padding:22px 24px;margin:26px 0;background:#fff;transition:.25s ease;box-shadow:0 1px 2px rgba(16,24,40,.05)}\n.spi-actu-score:hover{transform:translateY(-3px);box-shadow:0 1px 2px rgba(16,24,40,.06),0 16px 34px -20px rgba(16,24,40,.35)}\n.spi-actu-score .spi-actu-team{flex:1 1 160px;font-family:'Newsreader',Georgia,serif;font-size:19px;font-weight:600;color:var(--spi-ink)}\n.spi-actu-score .spi-actu-team-a{text-align:left}\n.spi-actu-score .spi-actu-team-b{text-align:right}\n.spi-actu-score .spi-actu-num{flex:0 0 auto;font-family:'JetBrains Mono',ui-monospace,monospace;font-size:32px;font-weight:500;color:var(--spi-accent);letter-spacing:.02em}\n.spi-actu-score .spi-actu-note{flex:1 1 100%;font-size:13.5px;color:#6A737D;text-align:center;border-top:1px dashed var(--spi-line);padding-top:12px;margin-top:4px}\n.spi-actu-tablewrap{overflow-x:auto;border:1px solid var(--spi-line);border-radius:14px;margin:26px 0}\n.spi-actu-tablewrap table{width:100%;border-collapse:collapse;font-size:15.5px;min-width:460px}\n.spi-actu-tablewrap th{background:#F7F3F3;text-align:left;font-weight:700;color:var(--spi-ink);padding:12px 16px;border-bottom:1px solid var(--spi-line);font-size:13px;letter-spacing:.04em;text-transform:uppercase}\n.spi-actu-tablewrap td{padding:12px 16px;border-bottom:1px solid #F1EEEC;color:#2B333D;vertical-align:top}\n.spi-actu-tablewrap tr:nth-child(even) td{background:#FCFBFB}\n.spi-actu-tablewrap tr:last-child td{border-bottom:0}\n.spi-actu-tablewrap a{color:var(--spi-accent);text-decoration:underline;text-underline-offset:3px}\n.spi-actu-retain{background:#14181F;color:#EEF3F9;border-radius:16px;padding:26px 28px;margin:40px 0}\n.spi-actu-retain .spi-actu-kicker{display:block;font-family:'JetBrains Mono',ui-monospace,monospace;font-size:11.5px;letter-spacing:.12em;text-transform:uppercase;color:#F6A8B6!important;margin-bottom:12px}\n.spi-actu-retain ul{margin:0;padding-left:0;list-style:none}\n.spi-actu-retain li{position:relative;padding-left:24px;margin:0 0 11px;font-size:16.5px;line-height:1.62;color:#EEF3F9!important}\n.spi-actu-retain li::before{content:\"\u2713\";position:absolute;left:0;top:0;color:#F6A8B6;font-weight:700}\n.spi-actu-retain strong,.spi-actu-retain b{color:#FFFFFF!important}\n.spi-actu-retain span,.spi-actu-retain a{color:#EEF3F9!important}\n.spi-actu-faq{margin:34px 0}\n.spi-actu-faq details{border:1px solid var(--spi-line);border-radius:12px;padding:0;margin:0 0 12px;background:#fff;transition:.25s ease}\n.spi-actu-faq details:hover{border-color:#DCC7CB;box-shadow:0 10px 24px -18px rgba(16,24,40,.4)}\n.spi-actu-faq summary{cursor:pointer;list-style:none;padding:16px 20px;font-weight:600;font-size:16.5px;color:var(--spi-ink);position:relative;padding-left:44px}\n.spi-actu-faq summary::-webkit-details-marker{display:none}\n.spi-actu-faq summary::before{content:\"?\";position:absolute;left:18px;top:15px;width:20px;height:20px;border-radius:50%;background:var(--spi-accent);color:#fff;font-size:12px;font-weight:700;display:flex;align-items:center;justify-content:center}\n.spi-actu-faq .spi-actu-answer{padding:0 20px 18px 44px;font-size:16px;line-height:1.65;color:#3A424C}\n@media(max-width:640px){.spi-actu-score .spi-actu-team-b{text-align:left}}\n<\/style>\n<div class=\"spi-actu-wrap\">\n<div class=\"spi-actu-dateline\">Publi\u00e9 le 23 f\u00e9vrier 2025 \u00b7 Enti\u00e8rement r\u00e9\u00e9crit et rev\u00e9rifi\u00e9 le 1er septembre 2026 \u2014 cette page \u00e9tait \u00e0 l&rsquo;origine une annonce d&rsquo;avant-match, elle est d\u00e9sormais un bilan.<\/div>\n<div class=\"spi-actu-lead\">Le 21 f\u00e9vrier 2025, l&rsquo;AS B\u00e9ziers H\u00e9rault recevait Valence Romans Dr\u00f4me Rugby pour la 21<sup>e<\/sup> journ\u00e9e de Pro D2. Le match a \u00e9t\u00e9 jou\u00e9, et il s&rsquo;est termin\u00e9 sur un essai apr\u00e8s la sir\u00e8ne. Voici ce qui s&rsquo;est r\u00e9ellement pass\u00e9, et ce que cette rencontre a pes\u00e9 dans une saison qui s&rsquo;est conclue, pour les deux clubs, hors des phases finales.<\/div>\n<div class=\"spi-actu-key\">\n<span class=\"spi-actu-kicker\">L&rsquo;essentiel<\/span><\/p>\n<ul>\n<li><strong>Quoi<\/strong> \u2014 AS B\u00e9ziers H\u00e9rault contre Valence Romans Dr\u00f4me Rugby, 21<sup>e<\/sup> journ\u00e9e du Pro D2 2024-2025.<\/li>\n<li><strong>Quand et o\u00f9<\/strong> \u2014 vendredi 21 f\u00e9vrier 2025, coup d&rsquo;envoi \u00e0 21 h, stade Raoul-Barri\u00e8re, \u00e0 B\u00e9ziers.<\/li>\n<li><strong>R\u00e9sultat<\/strong> \u2014 victoire de B\u00e9ziers <strong>28-26<\/strong>, d\u00e9croch\u00e9e sur un essai inscrit apr\u00e8s la sir\u00e8ne par Victor Dreuille. Valence-Romans repart avec le point de bonus d\u00e9fensif (d\u00e9faite de deux points).<\/li>\n<li><strong>Pourquoi \u00e7a comptait<\/strong> \u2014 B\u00e9ziers \u00e9tait 4<sup>e<\/sup> et courait apr\u00e8s les phases finales ; Valence-Romans venait de sortir des places de barragiste. Aucun des deux n&rsquo;a finalement disput\u00e9 les barrages.<\/li>\n<\/ul>\n<\/div>\n<div class=\"spi-actu-score\">\n<span class=\"spi-actu-team spi-actu-team-a\">AS B\u00e9ziers H\u00e9rault<\/span><br \/>\n<span class=\"spi-actu-num\">28 \u2013 26<\/span><br \/>\n<span class=\"spi-actu-team spi-actu-team-b\">Valence Romans DR<\/span><br \/>\n<span class=\"spi-actu-note\">21<sup>e<\/sup> journ\u00e9e de Pro D2 \u00b7 vendredi 21 f\u00e9vrier 2025, 21 h \u00b7 stade Raoul-Barri\u00e8re (B\u00e9ziers) \u00b7 arbitre annonc\u00e9 : M. Jonathan Dufort<\/span>\n<\/div>\n<div class=\"spi-actu-warn\">\n<span class=\"spi-actu-kicker\">Ce que cette page annon\u00e7ait, et ce qu&rsquo;elle n&rsquo;a jamais fourni<\/span><\/p>\n<ul>\n<li>Elle promettait de \u00ab suivre en direct \u00bb la rencontre. Elle ne contenait <strong>aucun lien, aucun lecteur vid\u00e9o, aucun fil de commentaires en direct et aucun tableau de score<\/strong> \u2014 rien qui permette de suivre quoi que ce soit.<\/li>\n<li>Elle a \u00e9t\u00e9 mise en ligne le <strong>23 f\u00e9vrier 2025 \u00e0 13 h 57<\/strong>, soit une quarantaine d&rsquo;heures <em>apr\u00e8s<\/em> le coup d&rsquo;envoi, tout en parlant du match au futur.<\/li>\n<li>Elle annon\u00e7ait un coup d&rsquo;envoi \u00ab le 21 f\u00e9vrier 2025 \u00e0 19 h 01 \u00bb. Cet horaire \u00e9tait en r\u00e9alit\u00e9 l&rsquo;<strong>heure de publication<\/strong> du direct d&rsquo;un m\u00e9dia tiers repris comme source, pas l&rsquo;heure du match : le coup d&rsquo;envoi \u00e9tait \u00e0 <strong>21 h<\/strong>.<\/li>\n<li>Elle pr\u00eatait \u00e0 chaque entra\u00eeneur un plan de jeu (\u00ab jeu physique \u00bb d&rsquo;un c\u00f4t\u00e9, \u00ab vitesse et contre-attaques \u00bb de l&rsquo;autre) et citait \u00ab un ancien champion \u00bb sans le nommer. Ces \u00e9l\u00e9ments n&rsquo;existaient dans aucune source : ils ont \u00e9t\u00e9 retir\u00e9s.<\/li>\n<\/ul>\n<\/div>\n<h2>Un match cl\u00e9 pour B\u00e9ziers<\/h2>\n<p>B\u00e9ziers arrivait dans cette 21<sup>e<\/sup> journ\u00e9e en position de poursuivant. Le club \u00e9tait <strong>4<sup>e<\/sup> du classement avec 55 points<\/strong>, apr\u00e8s avoir \u00e9t\u00e9 d\u00e9pass\u00e9 de peu par Provence (59 points) et Brive (57 points). Sept jours plus t\u00f4t, l&rsquo;\u00e9quipe de <strong>Pierre Caillet<\/strong> avait \u00e9t\u00e9 battue <strong>14-0 \u00e0 Armandie<\/strong>, sur la pelouse d&rsquo;Agen \u2014 une sortie sans le moindre point marqu\u00e9, qui l&rsquo;avait fait reculer.<\/p>\n<p>L&rsquo;enjeu, \u00e0 dix journ\u00e9es de la fin de la saison r\u00e9guli\u00e8re, \u00e9tait donc de rester au contact du haut de tableau : les six premiers disputent la phase finale, les deux premiers \u00e9tant directement qualifi\u00e9s pour les demi-finales. C&rsquo;est ce cadre-l\u00e0 qui rendait la rencontre importante \u2014 pas une lutte pour le titre, comme la version initiale de cette page le laissait entendre en omettant purement et simplement le rang r\u00e9el de l&rsquo;ASBH.<\/p>\n<h2>Valence-Romans, une \u00e9quipe en forme<\/h2>\n<p>En face, les Dr\u00f4mois arrivaient lanc\u00e9s. Ils restaient sur <strong>trois victoires cons\u00e9cutives<\/strong>, dont un succ\u00e8s \u00e0 Dax (23-17) puis, la semaine suivante, un renversement de situation face \u00e0 Biarritz : treize points repris dans les dix derni\u00e8res minutes pour l&#8217;emporter d&rsquo;une unit\u00e9, 28-27.<\/p>\n<p>Cette s\u00e9rie leur avait permis de quitter les places de barragiste. Il faut toutefois lire cette dynamique pour ce qu&rsquo;elle \u00e9tait : Valence-Romans jouait son <strong>maintien<\/strong> en Pro D2, pas la mont\u00e9e. La r\u00e9daction initiale affirmait que ce regain de forme les avait \u00ab rapproch\u00e9s des \u00e9quipes de t\u00eate \u00bb et qu&rsquo;ils pouvaient \u00ab rivaliser avec les meilleures \u00e9quipes de la division \u00bb ; \u00e0 cette date, une douzaine de places les s\u00e9paraient du haut du classement.<\/p>\n<h2>Le sc\u00e9nario du match : un essai apr\u00e8s la sir\u00e8ne<\/h2>\n<p>La rencontre s&rsquo;est jou\u00e9e sur le fil. B\u00e9ziers l&rsquo;a emport\u00e9 <strong>28-26<\/strong> gr\u00e2ce \u00e0 un essai de <strong>Victor Dreuille<\/strong> inscrit apr\u00e8s la sir\u00e8ne, comme l&rsquo;a annonc\u00e9 le club le soir m\u00eame. L&rsquo;\u00e9cart final de deux points a permis \u00e0 Valence-Romans de repartir avec le <strong>point de bonus d\u00e9fensif<\/strong>, accord\u00e9 en Pro D2 \u00e0 toute \u00e9quipe battue de cinq points ou moins.<\/p>\n<p>Cette victoire n&rsquo;a pas chang\u00e9 la hi\u00e9rarchie : B\u00e9ziers est rest\u00e9 <strong>4<sup>e<\/sup><\/strong> \u00e0 l&rsquo;issue de la journ\u00e9e. Le d\u00e9placement suivant l&rsquo;attendait chez le leader grenoblois, au stade des Alpes.<\/p>\n<h2>\u00ab Suivez en direct \u00bb : une promesse qui ne pouvait pas \u00eatre tenue<\/h2>\n<p>Le titre d&rsquo;origine de cette page invitait \u00e0 suivre le match en direct. La page ne l&rsquo;a jamais permis, et ne pouvait pas le permettre : elle a \u00e9t\u00e9 publi\u00e9e deux jours apr\u00e8s la rencontre, et son seul \u00e9l\u00e9ment se rapprochant d&rsquo;un direct \u00e9tait une ligne de liste \u2014 \u00ab suivi en direct des statistiques du match \u00bb \u2014 sans rien derri\u00e8re. Le contenu reprenait, en le paraphrasant, le paragraphe d&rsquo;introduction d&rsquo;un direct comment\u00e9 publi\u00e9 la veille du match par un m\u00e9dia tiers, sans jamais indiquer cette provenance ni renvoyer vers lui.<\/p>\n<p>C&rsquo;est la raison pour laquelle cette page a \u00e9t\u00e9 reconvertie en bilan dat\u00e9 : c&rsquo;est la seule forme sous laquelle elle a encore une utilit\u00e9 pour un lecteur qui la trouve aujourd&rsquo;hui.<\/p>\n<h2>Ce que la saison 2024-2025 a finalement donn\u00e9<\/h2>\n<p>Ni B\u00e9ziers ni Valence-Romans n&rsquo;ont disput\u00e9 la phase finale du Pro D2 2024-2025, r\u00e9serv\u00e9e aux six premiers.<\/p>\n<div class=\"spi-actu-tablewrap\">\n<table>\n<thead>\n<tr>\n<th>Club<\/th>\n<th>Classement final<\/th>\n<th>Issue de la saison<\/th>\n<\/tr>\n<\/thead>\n<tbody>\n<tr>\n<td>AS B\u00e9ziers H\u00e9rault<\/td>\n<td>7<sup>e<\/sup><\/td>\n<td>Manque les barrages d&rsquo;une place, derri\u00e8re Montauban (6<sup>e<\/sup>). Maintenu en Pro D2.<\/td>\n<\/tr>\n<tr>\n<td>Valence Romans DR<\/td>\n<td>8<sup>e<\/sup><\/td>\n<td>Maintien assur\u00e9, loin des places de rel\u00e9gation. Aucune phase finale.<\/td>\n<\/tr>\n<tr>\n<td>US Montauban<\/td>\n<td>6<sup>e<\/sup><\/td>\n<td>Sorti des barrages, vainqueur de la finale 24-19 face \u00e0 Grenoble le 7 juin 2025, promu en Top 14.<\/td>\n<\/tr>\n<tr>\n<td>Stade ni\u00e7ois<\/td>\n<td>16<sup>e<\/sup><\/td>\n<td>Rel\u00e9gu\u00e9 en Nationale.<\/td>\n<\/tr>\n<\/tbody>\n<\/table>\n<\/div>\n<p>R\u00e9trospectivement, la victoire du 21 f\u00e9vrier a donc \u00e9t\u00e9 utile sans \u00eatre d\u00e9cisive : elle a maintenu B\u00e9ziers dans la course, mais le club a termin\u00e9 \u00e0 la septi\u00e8me place, \u00e0 une longueur d&rsquo;\u00e9cart des barrages. Pour Valence-Romans, la d\u00e9faite avec bonus s&rsquo;est inscrite dans une seconde moiti\u00e9 de saison qui lui a assur\u00e9 un maintien confortable.<\/p>\n<div class=\"spi-actu-retain\">\n<span class=\"spi-actu-kicker\">\u00c0 retenir<\/span><\/p>\n<ul>\n<li><strong>B\u00e9ziers 28 &#8211; 26 Valence-Romans<\/strong>, le vendredi 21 f\u00e9vrier 2025 \u00e0 21 h, stade Raoul-Barri\u00e8re, en 21<sup>e<\/sup> journ\u00e9e de Pro D2.<\/li>\n<li>Victoire arrach\u00e9e sur un <strong>essai apr\u00e8s la sir\u00e8ne de Victor Dreuille<\/strong> ; bonus d\u00e9fensif pour Valence-Romans.<\/li>\n<li>Avant le coup d&rsquo;envoi : B\u00e9ziers <strong>4<sup>e<\/sup> avec 55 points<\/strong>, Valence-Romans sur une s\u00e9rie de trois victoires et tout juste sorti des places de barragiste.<\/li>\n<li>Le match comptait, mais il n&rsquo;a rien d\u00e9cid\u00e9 : les deux clubs ont fini <strong>7<sup>e<\/sup> et 8<sup>e<\/sup><\/strong>, hors phase finale. Montauban est mont\u00e9 en Top 14.<\/li>\n<li><strong>La promesse \u00ab en direct \u00bb de cette page n&rsquo;a jamais \u00e9t\u00e9 tenue<\/strong> : aucun lien, aucun flux, et une publication post\u00e9rieure au match.<\/li>\n<\/ul>\n<\/div>\n<div class=\"spi-actu-faq\">\n<h2>Questions fr\u00e9quentes<\/h2>\n<details>\n<summary>Quel a \u00e9t\u00e9 le score de B\u00e9ziers &#8211; Valence-Romans le 21 f\u00e9vrier 2025 ?<\/summary>\n<div class=\"spi-actu-answer\">L&rsquo;AS B\u00e9ziers H\u00e9rault s&rsquo;est impos\u00e9e <strong>28-26<\/strong> \u00e0 domicile, au stade Raoul-Barri\u00e8re, dans le cadre de la 21<sup>e<\/sup> journ\u00e9e de Pro D2 2024-2025. Le club l&rsquo;a annonc\u00e9 lui-m\u00eame le soir de la rencontre.<\/div>\n<\/details>\n<details>\n<summary>Qui recevait, et \u00e0 quelle heure le match a-t-il \u00e9t\u00e9 jou\u00e9 ?<\/summary>\n<div class=\"spi-actu-answer\">B\u00e9ziers recevait Valence-Romans. Le coup d&rsquo;envoi a \u00e9t\u00e9 donn\u00e9 \u00e0 <strong>21 h<\/strong>, le vendredi 21 f\u00e9vrier 2025. L&rsquo;horaire de \u00ab 19 h 01 \u00bb qui figurait dans la premi\u00e8re version de cet article correspondait \u00e0 l&rsquo;heure de publication d&rsquo;un direct de presse, pas au coup d&rsquo;envoi.<\/div>\n<\/details>\n<details>\n<summary>Ce match \u00e9tait-il vraiment \u00ab crucial \u00bb ?<\/summary>\n<div class=\"spi-actu-answer\">Il \u00e9tait important sans \u00eatre d\u00e9cisif. B\u00e9ziers \u00e9tait 4<sup>e<\/sup> avec 55 points et jouait sa place dans les six premiers, \u00e0 dix journ\u00e9es de la fin ; Valence-Romans jouait son maintien. Aucune des deux \u00e9quipes n&rsquo;a atteint la phase finale : B\u00e9ziers a termin\u00e9 7<sup>e<\/sup>, Valence-Romans 8<sup>e<\/sup>.<\/div>\n<\/details>\n<details>\n<summary>Qui est mont\u00e9 en Top 14 \u00e0 l&rsquo;issue de cette saison de Pro D2 ?<\/summary>\n<div class=\"spi-actu-answer\">L&rsquo;US Montauban, 6<sup>e<\/sup> de la saison r\u00e9guli\u00e8re, a remport\u00e9 la finale 24-19 face au FC Grenoble le 7 juin 2025 et est mont\u00e9e en Top 14. Le Stade ni\u00e7ois, 16<sup>e<\/sup>, a \u00e9t\u00e9 rel\u00e9gu\u00e9 en Nationale.<\/div>\n<\/details>\n<details>\n<summary>Peut-on encore suivre ce match en direct depuis cette page ?<\/summary>\n<div class=\"spi-actu-answer\">Non, et cela n&rsquo;a jamais \u00e9t\u00e9 possible depuis cette page. La rencontre s&rsquo;est jou\u00e9e le 21 f\u00e9vrier 2025 ; cet article a \u00e9t\u00e9 publi\u00e9 le 23 f\u00e9vrier 2025 et ne contenait aucun dispositif de suivi. Il a \u00e9t\u00e9 transform\u00e9 en compte rendu dat\u00e9.<\/div>\n<\/details>\n<\/div>\n<h2>Sources<\/h2>\n<div class=\"spi-actu-tablewrap\">\n<table>\n<thead>\n<tr>\n<th>Source<\/th>\n<th>Ce qu&rsquo;elle \u00e9tablit<\/th>\n<\/tr>\n<\/thead>\n<tbody>\n<tr>\n<td><a href=\"https:\/\/www.asbh.net\/2025\/02\/21\/victoire-28-a-26-pour-nos-rouge-bleu-face-au-vrdr\/\" target=\"_blank\" rel=\"noopener nofollow\">asbh.net \u2014 \u00ab Victoire 28 \u00e0 26 pour nos rouge &amp; bleu face au VRDR \u00bb (21 f\u00e9vrier 2025)<\/a><\/td>\n<td>Le score final et l&rsquo;essai de Victor Dreuille apr\u00e8s la sir\u00e8ne, publi\u00e9s par le club le soir du match.<\/td>\n<\/tr>\n<tr>\n<td><a href=\"https:\/\/www.asbh.net\/2025\/02\/21\/asbh-vs-vrdr-jour-de-match\/\" target=\"_blank\" rel=\"noopener nofollow\">asbh.net \u2014 \u00ab ASBH vs VRDR \u2013 Jour de match \u00bb (21 f\u00e9vrier 2025)<\/a><\/td>\n<td>Le coup d&rsquo;envoi \u00e0 21 h \u00e0 Raoul-Barri\u00e8re, la 4<sup>e<\/sup> place et les 55 points de B\u00e9ziers, la d\u00e9faite 14-0 \u00e0 Agen, la s\u00e9rie de Valence-Romans (23-17 \u00e0 Dax, 28-27 contre Biarritz).<\/td>\n<\/tr>\n<tr>\n<td><a href=\"https:\/\/fr.wikipedia.org\/wiki\/Championnat_de_France_de_rugby_%C3%A0_XV_de_2e_division_2024-2025\" target=\"_blank\" rel=\"noopener nofollow\">Wikip\u00e9dia \u2014 Pro D2 2024-2025<\/a><\/td>\n<td>Le r\u00e9sultat de la 21<sup>e<\/sup> journ\u00e9e, le classement final (B\u00e9ziers 7<sup>e<\/sup>, Valence-Romans 8<sup>e<\/sup>), les barrages, la finale du 7 juin 2025 et la rel\u00e9gation du Stade ni\u00e7ois.<\/td>\n<\/tr>\n<\/tbody>\n<\/table>\n<\/div>\n<\/div>\n","protected":false},"excerpt":{"rendered":"","protected":false},"author":34,"featured_media":10852,"comment_status":"open","ping_status":"open","sticky":false,"template":"","format":"standard","meta":{"_acf_changed":false,"manual_indexmenow":false,"indexmenow_id_project":0,"footnotes":""},"categories":[1],"tags":[5251,4693,4536,5772],"class_list":["post-10086","post","type-post","status-publish","format-standard","has-post-thumbnail","hentry","category-a-la-une","tag-as-beziers-herault","tag-pro-d2","tag-rugby","tag-valence-romans-drome-rugby","generate-columns","tablet-grid-50","mobile-grid-100","grid-parent","grid-25"],"acf":[],"yoast_head":"<!-- This site is optimized with the Yoast SEO Premium plugin v21.3 (Yoast SEO v26.5) - https:\/\/yoast.com\/wordpress\/plugins\/seo\/ -->\n<title>B\u00e9ziers 28-26 Valence-Romans (Pro D2, 21 f\u00e9vrier 2025)<\/title>\n<meta name=\"description\" content=\"B\u00e9ziers a battu Valence-Romans 28-26 le 21 f\u00e9vrier 2025 en 21e journ\u00e9e de Pro D2, sur un essai apr\u00e8s la sir\u00e8ne. R\u00e9sultat, contexte et bilan de la saison.\" \/>\n<meta name=\"robots\" content=\"index, follow, max-snippet:-1, max-image-preview:large, max-video-preview:-1\" \/>\n<link rel=\"canonical\" href=\"https:\/\/sport-index.fr\/blog\/a-la-une\/suivez-en-direct-beziers-contre-valence-romans-un-match-crucial-en-pro-d2\/\" \/>\n<meta property=\"og:locale\" content=\"fr_FR\" \/>\n<meta property=\"og:type\" content=\"article\" \/>\n<meta property=\"og:title\" content=\"B\u00e9ziers 28-26 Valence-Romans (Pro D2, 21 f\u00e9vrier 2025)\" \/>\n<meta property=\"og:description\" content=\"B\u00e9ziers a battu Valence-Romans 28-26 le 21 f\u00e9vrier 2025 en 21e journ\u00e9e de Pro D2, sur un essai apr\u00e8s la sir\u00e8ne. R\u00e9sultat, contexte et bilan de la saison.\" \/>\n<meta property=\"og:url\" content=\"https:\/\/sport-index.fr\/blog\/a-la-une\/suivez-en-direct-beziers-contre-valence-romans-un-match-crucial-en-pro-d2\/\" \/>\n<meta property=\"og:site_name\" content=\"sport-index\" \/>\n<meta name=\"author\" content=\"Axel Lauzier\" \/>\n<meta name=\"twitter:card\" content=\"summary_large_image\" \/>\n<script type=\"application\/ld+json\" class=\"yoast-schema-graph\">{\"@context\":\"https:\/\/schema.org\",\"@graph\":[{\"@type\":\"NewsArticle\",\"@id\":\"https:\/\/sport-index.fr\/blog\/a-la-une\/suivez-en-direct-beziers-contre-valence-romans-un-match-crucial-en-pro-d2\/#article\",\"isPartOf\":{\"@id\":\"https:\/\/sport-index.fr\/blog\/a-la-une\/suivez-en-direct-beziers-contre-valence-romans-un-match-crucial-en-pro-d2\/\"},\"author\":{\"name\":\"Axel Lauzier\",\"@id\":\"https:\/\/sport-index.fr\/blog\/#\/schema\/person\/3c864cdc320801e3db34b663e7e3f816\"},\"headline\":\"B\u00e9ziers 28-26 Valence-Romans : le bilan du match de Pro D2 (21 f\u00e9vrier 2025)\",\"datePublished\":\"2026-09-01T16:26:06+00:00\",\"dateModified\":\"2026-09-01T16:26:44+00:00\",\"mainEntityOfPage\":{\"@id\":\"https:\/\/sport-index.fr\/blog\/a-la-une\/suivez-en-direct-beziers-contre-valence-romans-un-match-crucial-en-pro-d2\/\"},\"wordCount\":1601,\"commentCount\":20,\"publisher\":{\"@id\":\"https:\/\/sport-index.fr\/blog\/#organization\"},\"image\":{\"@id\":\"https:\/\/sport-index.fr\/blog\/a-la-une\/suivez-en-direct-beziers-contre-valence-romans-un-match-crucial-en-pro-d2\/#primaryimage\"},\"thumbnailUrl\":\"https:\/\/sport-index.fr\/blog\/wp-content\/uploads\/2025\/02\/sdxl-2efba47b6eb6fc3a2f0afb2693e6db69.png\",\"keywords\":[\"AS B\u00e9ziers H\u00e9rault\",\"Pro D2\",\"Rugby\",\"Valence Romans Dr\u00f4me Rugby\"],\"articleSection\":[\"\u00c0 la une\"],\"inLanguage\":\"fr-FR\",\"potentialAction\":[{\"@type\":\"CommentAction\",\"name\":\"Comment\",\"target\":[\"https:\/\/sport-index.fr\/blog\/a-la-une\/suivez-en-direct-beziers-contre-valence-romans-un-match-crucial-en-pro-d2\/#respond\"]}]},{\"@type\":\"WebPage\",\"@id\":\"https:\/\/sport-index.fr\/blog\/a-la-une\/suivez-en-direct-beziers-contre-valence-romans-un-match-crucial-en-pro-d2\/\",\"url\":\"https:\/\/sport-index.fr\/blog\/a-la-une\/suivez-en-direct-beziers-contre-valence-romans-un-match-crucial-en-pro-d2\/\",\"name\":\"B\u00e9ziers 28-26 Valence-Romans (Pro D2, 21 f\u00e9vrier 2025)\",\"isPartOf\":{\"@id\":\"https:\/\/sport-index.fr\/blog\/#website\"},\"primaryImageOfPage\":{\"@id\":\"https:\/\/sport-index.fr\/blog\/a-la-une\/suivez-en-direct-beziers-contre-valence-romans-un-match-crucial-en-pro-d2\/#primaryimage\"},\"image\":{\"@id\":\"https:\/\/sport-index.fr\/blog\/a-la-une\/suivez-en-direct-beziers-contre-valence-romans-un-match-crucial-en-pro-d2\/#primaryimage\"},\"thumbnailUrl\":\"https:\/\/sport-index.fr\/blog\/wp-content\/uploads\/2025\/02\/sdxl-2efba47b6eb6fc3a2f0afb2693e6db69.png\",\"datePublished\":\"2026-09-01T16:26:06+00:00\",\"dateModified\":\"2026-09-01T16:26:44+00:00\",\"description\":\"B\u00e9ziers a battu Valence-Romans 28-26 le 21 f\u00e9vrier 2025 en 21e journ\u00e9e de Pro D2, sur un essai apr\u00e8s la sir\u00e8ne. R\u00e9sultat, contexte et bilan de la saison.\",\"inLanguage\":\"fr-FR\",\"potentialAction\":[{\"@type\":\"ReadAction\",\"target\":[\"https:\/\/sport-index.fr\/blog\/a-la-une\/suivez-en-direct-beziers-contre-valence-romans-un-match-crucial-en-pro-d2\/\"]}]},{\"@type\":\"ImageObject\",\"inLanguage\":\"fr-FR\",\"@id\":\"https:\/\/sport-index.fr\/blog\/a-la-une\/suivez-en-direct-beziers-contre-valence-romans-un-match-crucial-en-pro-d2\/#primaryimage\",\"url\":\"https:\/\/sport-index.fr\/blog\/wp-content\/uploads\/2025\/02\/sdxl-2efba47b6eb6fc3a2f0afb2693e6db69.png\",\"contentUrl\":\"https:\/\/sport-index.fr\/blog\/wp-content\/uploads\/2025\/02\/sdxl-2efba47b6eb6fc3a2f0afb2693e6db69.png\",\"width\":1536,\"height\":640},{\"@type\":\"WebSite\",\"@id\":\"https:\/\/sport-index.fr\/blog\/#website\",\"url\":\"https:\/\/sport-index.fr\/blog\/\",\"name\":\"sport-index.fr\",\"description\":\"Le score de l\u2019analyse sportive.\",\"publisher\":{\"@id\":\"https:\/\/sport-index.fr\/blog\/#organization\"},\"alternateName\":\"Le score de l\u2019analyse sportive.\",\"potentialAction\":[{\"@type\":\"SearchAction\",\"target\":{\"@type\":\"EntryPoint\",\"urlTemplate\":\"https:\/\/sport-index.fr\/blog\/?s={search_term_string}\"},\"query-input\":{\"@type\":\"PropertyValueSpecification\",\"valueRequired\":true,\"valueName\":\"search_term_string\"}}],\"inLanguage\":\"fr-FR\"},{\"@type\":\"Organization\",\"@id\":\"https:\/\/sport-index.fr\/blog\/#organization\",\"name\":\"Foretsensations.fr\",\"url\":\"https:\/\/sport-index.fr\/blog\/\",\"logo\":{\"@type\":\"ImageObject\",\"inLanguage\":\"fr-FR\",\"@id\":\"https:\/\/sport-index.fr\/blog\/#\/schema\/logo\/image\/\",\"url\":\"https:\/\/sport-index.fr\/blog\/wp-content\/uploads\/2026\/07\/logo-auto.png\",\"contentUrl\":\"https:\/\/sport-index.fr\/blog\/wp-content\/uploads\/2026\/07\/logo-auto.png\",\"width\":1024,\"height\":1024,\"caption\":\"Foretsensations.fr\"},\"image\":{\"@id\":\"https:\/\/sport-index.fr\/blog\/#\/schema\/logo\/image\/\"}},{\"@type\":\"Person\",\"@id\":\"https:\/\/sport-index.fr\/blog\/#\/schema\/person\/3c864cdc320801e3db34b663e7e3f816\",\"name\":\"Axel Lauzier\",\"image\":{\"@type\":\"ImageObject\",\"inLanguage\":\"fr-FR\",\"@id\":\"https:\/\/sport-index.fr\/blog\/#\/schema\/person\/image\/\",\"url\":\"https:\/\/sport-index.fr\/blog\/wp-content\/uploads\/2026\/06\/persona_axel-l-96x96.jpg\",\"contentUrl\":\"https:\/\/sport-index.fr\/blog\/wp-content\/uploads\/2026\/06\/persona_axel-l-96x96.jpg\",\"caption\":\"Axel Lauzier\"},\"description\":\"Le sport rythme mon quotidien depuis l'enfance, et j'en ai fait mon m\u00e9tier d'analyste r\u00e9dactionnel il y a une dizaine d'ann\u00e9es. Je couvre principalement le football, son actualit\u00e9, ses transferts et l'analyse tactique des grandes affiches, mais aussi les disciplines plus confidentielles que j'aime remettre en lumi\u00e8re. Une partie de mon travail porte sur les pronostics et la lecture statistique d'un match : forme des \u00e9quipes, historique des confrontations, compositions, sans jamais vendre de fausse certitude. Je rappelle syst\u00e9matiquement que parier comporte un risque et doit rester un loisir ma\u00eetris\u00e9. Avant de signer une analyse, je v\u00e9rifie mes chiffres, je recoupe les compositions probables et je distingue toujours la donn\u00e9e brute de l'intuition. Mon objectif : offrir une lecture honn\u00eate et argument\u00e9e, pas un ticket gagnant garanti.\",\"sameAs\":[\"https:\/\/axellauzier.fr\/\"],\"url\":\"https:\/\/sport-index.fr\/blog\/auteur\/noname\/\"}]}<\/script>\n<!-- \/ Yoast SEO Premium plugin. -->","yoast_head_json":{"title":"B\u00e9ziers 28-26 Valence-Romans (Pro D2, 21 f\u00e9vrier 2025)","description":"B\u00e9ziers a battu Valence-Romans 28-26 le 21 f\u00e9vrier 2025 en 21e journ\u00e9e de Pro D2, sur un essai apr\u00e8s la sir\u00e8ne. R\u00e9sultat, contexte et bilan de la saison.","robots":{"index":"index","follow":"follow","max-snippet":"max-snippet:-1","max-image-preview":"max-image-preview:large","max-video-preview":"max-video-preview:-1"},"canonical":"https:\/\/sport-index.fr\/blog\/a-la-une\/suivez-en-direct-beziers-contre-valence-romans-un-match-crucial-en-pro-d2\/","og_locale":"fr_FR","og_type":"article","og_title":"B\u00e9ziers 28-26 Valence-Romans (Pro D2, 21 f\u00e9vrier 2025)","og_description":"B\u00e9ziers a battu Valence-Romans 28-26 le 21 f\u00e9vrier 2025 en 21e journ\u00e9e de Pro D2, sur un essai apr\u00e8s la sir\u00e8ne. R\u00e9sultat, contexte et bilan de la saison.","og_url":"https:\/\/sport-index.fr\/blog\/a-la-une\/suivez-en-direct-beziers-contre-valence-romans-un-match-crucial-en-pro-d2\/","og_site_name":"sport-index","author":"Axel Lauzier","twitter_card":"summary_large_image","schema":{"@context":"https:\/\/schema.org","@graph":[{"@type":"NewsArticle","@id":"https:\/\/sport-index.fr\/blog\/a-la-une\/suivez-en-direct-beziers-contre-valence-romans-un-match-crucial-en-pro-d2\/#article","isPartOf":{"@id":"https:\/\/sport-index.fr\/blog\/a-la-une\/suivez-en-direct-beziers-contre-valence-romans-un-match-crucial-en-pro-d2\/"},"author":{"name":"Axel Lauzier","@id":"https:\/\/sport-index.fr\/blog\/#\/schema\/person\/3c864cdc320801e3db34b663e7e3f816"},"headline":"B\u00e9ziers 28-26 Valence-Romans : le bilan du match de Pro D2 (21 f\u00e9vrier 2025)","datePublished":"2026-09-01T16:26:06+00:00","dateModified":"2026-09-01T16:26:44+00:00","mainEntityOfPage":{"@id":"https:\/\/sport-index.fr\/blog\/a-la-une\/suivez-en-direct-beziers-contre-valence-romans-un-match-crucial-en-pro-d2\/"},"wordCount":1601,"commentCount":20,"publisher":{"@id":"https:\/\/sport-index.fr\/blog\/#organization"},"image":{"@id":"https:\/\/sport-index.fr\/blog\/a-la-une\/suivez-en-direct-beziers-contre-valence-romans-un-match-crucial-en-pro-d2\/#primaryimage"},"thumbnailUrl":"https:\/\/sport-index.fr\/blog\/wp-content\/uploads\/2025\/02\/sdxl-2efba47b6eb6fc3a2f0afb2693e6db69.png","keywords":["AS B\u00e9ziers H\u00e9rault","Pro D2","Rugby","Valence Romans Dr\u00f4me Rugby"],"articleSection":["\u00c0 la une"],"inLanguage":"fr-FR","potentialAction":[{"@type":"CommentAction","name":"Comment","target":["https:\/\/sport-index.fr\/blog\/a-la-une\/suivez-en-direct-beziers-contre-valence-romans-un-match-crucial-en-pro-d2\/#respond"]}]},{"@type":"WebPage","@id":"https:\/\/sport-index.fr\/blog\/a-la-une\/suivez-en-direct-beziers-contre-valence-romans-un-match-crucial-en-pro-d2\/","url":"https:\/\/sport-index.fr\/blog\/a-la-une\/suivez-en-direct-beziers-contre-valence-romans-un-match-crucial-en-pro-d2\/","name":"B\u00e9ziers 28-26 Valence-Romans (Pro D2, 21 f\u00e9vrier 2025)","isPartOf":{"@id":"https:\/\/sport-index.fr\/blog\/#website"},"primaryImageOfPage":{"@id":"https:\/\/sport-index.fr\/blog\/a-la-une\/suivez-en-direct-beziers-contre-valence-romans-un-match-crucial-en-pro-d2\/#primaryimage"},"image":{"@id":"https:\/\/sport-index.fr\/blog\/a-la-une\/suivez-en-direct-beziers-contre-valence-romans-un-match-crucial-en-pro-d2\/#primaryimage"},"thumbnailUrl":"https:\/\/sport-index.fr\/blog\/wp-content\/uploads\/2025\/02\/sdxl-2efba47b6eb6fc3a2f0afb2693e6db69.png","datePublished":"2026-09-01T16:26:06+00:00","dateModified":"2026-09-01T16:26:44+00:00","description":"B\u00e9ziers a battu Valence-Romans 28-26 le 21 f\u00e9vrier 2025 en 21e journ\u00e9e de Pro D2, sur un essai apr\u00e8s la sir\u00e8ne. R\u00e9sultat, contexte et bilan de la saison.","inLanguage":"fr-FR","potentialAction":[{"@type":"ReadAction","target":["https:\/\/sport-index.fr\/blog\/a-la-une\/suivez-en-direct-beziers-contre-valence-romans-un-match-crucial-en-pro-d2\/"]}]},{"@type":"ImageObject","inLanguage":"fr-FR","@id":"https:\/\/sport-index.fr\/blog\/a-la-une\/suivez-en-direct-beziers-contre-valence-romans-un-match-crucial-en-pro-d2\/#primaryimage","url":"https:\/\/sport-index.fr\/blog\/wp-content\/uploads\/2025\/02\/sdxl-2efba47b6eb6fc3a2f0afb2693e6db69.png","contentUrl":"https:\/\/sport-index.fr\/blog\/wp-content\/uploads\/2025\/02\/sdxl-2efba47b6eb6fc3a2f0afb2693e6db69.png","width":1536,"height":640},{"@type":"WebSite","@id":"https:\/\/sport-index.fr\/blog\/#website","url":"https:\/\/sport-index.fr\/blog\/","name":"sport-index.fr","description":"Le score de l\u2019analyse sportive.","publisher":{"@id":"https:\/\/sport-index.fr\/blog\/#organization"},"alternateName":"Le score de l\u2019analyse sportive.","potentialAction":[{"@type":"SearchAction","target":{"@type":"EntryPoint","urlTemplate":"https:\/\/sport-index.fr\/blog\/?s={search_term_string}"},"query-input":{"@type":"PropertyValueSpecification","valueRequired":true,"valueName":"search_term_string"}}],"inLanguage":"fr-FR"},{"@type":"Organization","@id":"https:\/\/sport-index.fr\/blog\/#organization","name":"Foretsensations.fr","url":"https:\/\/sport-index.fr\/blog\/","logo":{"@type":"ImageObject","inLanguage":"fr-FR","@id":"https:\/\/sport-index.fr\/blog\/#\/schema\/logo\/image\/","url":"https:\/\/sport-index.fr\/blog\/wp-content\/uploads\/2026\/07\/logo-auto.png","contentUrl":"https:\/\/sport-index.fr\/blog\/wp-content\/uploads\/2026\/07\/logo-auto.png","width":1024,"height":1024,"caption":"Foretsensations.fr"},"image":{"@id":"https:\/\/sport-index.fr\/blog\/#\/schema\/logo\/image\/"}},{"@type":"Person","@id":"https:\/\/sport-index.fr\/blog\/#\/schema\/person\/3c864cdc320801e3db34b663e7e3f816","name":"Axel Lauzier","image":{"@type":"ImageObject","inLanguage":"fr-FR","@id":"https:\/\/sport-index.fr\/blog\/#\/schema\/person\/image\/","url":"https:\/\/sport-index.fr\/blog\/wp-content\/uploads\/2026\/06\/persona_axel-l-96x96.jpg","contentUrl":"https:\/\/sport-index.fr\/blog\/wp-content\/uploads\/2026\/06\/persona_axel-l-96x96.jpg","caption":"Axel Lauzier"},"description":"Le sport rythme mon quotidien depuis l'enfance, et j'en ai fait mon m\u00e9tier d'analyste r\u00e9dactionnel il y a une dizaine d'ann\u00e9es. Je couvre principalement le football, son actualit\u00e9, ses transferts et l'analyse tactique des grandes affiches, mais aussi les disciplines plus confidentielles que j'aime remettre en lumi\u00e8re. Une partie de mon travail porte sur les pronostics et la lecture statistique d'un match : forme des \u00e9quipes, historique des confrontations, compositions, sans jamais vendre de fausse certitude. Je rappelle syst\u00e9matiquement que parier comporte un risque et doit rester un loisir ma\u00eetris\u00e9. Avant de signer une analyse, je v\u00e9rifie mes chiffres, je recoupe les compositions probables et je distingue toujours la donn\u00e9e brute de l'intuition. Mon objectif : offrir une lecture honn\u00eate et argument\u00e9e, pas un ticket gagnant garanti.","sameAs":["https:\/\/axellauzier.fr\/"],"url":"https:\/\/sport-index.fr\/blog\/auteur\/noname\/"}]}},"_links":{"self":[{"href":"https:\/\/sport-index.fr\/blog\/wp-json\/wp\/v2\/posts\/10086","targetHints":{"allow":["GET"]}}],"collection":[{"href":"https:\/\/sport-index.fr\/blog\/wp-json\/wp\/v2\/posts"}],"about":[{"href":"https:\/\/sport-index.fr\/blog\/wp-json\/wp\/v2\/types\/post"}],"author":[{"embeddable":true,"href":"https:\/\/sport-index.fr\/blog\/wp-json\/wp\/v2\/users\/34"}],"replies":[{"embeddable":true,"href":"https:\/\/sport-index.fr\/blog\/wp-json\/wp\/v2\/comments?post=10086"}],"version-history":[{"count":3,"href":"https:\/\/sport-index.fr\/blog\/wp-json\/wp\/v2\/posts\/10086\/revisions"}],"predecessor-version":[{"id":18383,"href":"https:\/\/sport-index.fr\/blog\/wp-json\/wp\/v2\/posts\/10086\/revisions\/18383"}],"wp:featuredmedia":[{"embeddable":true,"href":"https:\/\/sport-index.fr\/blog\/wp-json\/wp\/v2\/media\/10852"}],"wp:attachment":[{"href":"https:\/\/sport-index.fr\/blog\/wp-json\/wp\/v2\/media?parent=10086"}],"wp:term":[{"taxonomy":"category","embeddable":true,"href":"https:\/\/sport-index.fr\/blog\/wp-json\/wp\/v2\/categories?post=10086"},{"taxonomy":"post_tag","embeddable":true,"href":"https:\/\/sport-index.fr\/blog\/wp-json\/wp\/v2\/tags?post=10086"}],"curies":[{"name":"wp","href":"https:\/\/api.w.org\/{rel}","templated":true}]}}