{"id":10103,"date":"2025-02-24T03:43:39","date_gmt":"2025-02-24T02:43:39","guid":{"rendered":"https:\/\/sport-index.fr\/blog\/?p=10103"},"modified":"2025-02-24T03:43:39","modified_gmt":"2025-02-24T02:43:39","slug":"aurillac-en-pro-d2-lescure-evoque-la-peur-de-la-distance-mais-aussi-la-force-du-groupe","status":"publish","type":"post","link":"https:\/\/sport-index.fr\/blog\/a-la-une\/aurillac-en-pro-d2-lescure-evoque-la-peur-de-la-distance-mais-aussi-la-force-du-groupe\/","title":{"rendered":"aurillac en pro d2 : lescure \u00e9voque la peur de la distance mais aussi la force du groupe"},"content":{"rendered":"<h2>Une victoire ma\u00eetris\u00e9e malgr\u00e9 les doutes<\/h2>\n<p>Le dernier match des Aurillacois a \u00e9t\u00e9 marqu\u00e9 par une prestation solide, malgr\u00e9 quelques inqui\u00e9tudes en cours de route. Sous la conduite de Lucas Oudard et d&rsquo;une charni\u00e8re inspir\u00e9e, l&rsquo;\u00e9quipe a su prendre le dessus sur Agen, un concurrent direct pour \u00e9viter la rel\u00e9gation. Le d\u00e9but de match quasi parfait, avec un score de 16-0, a permis aux joueurs de se mettre en confiance.<\/p>\n<p>Cependant, Mathieu Lescure, entra\u00eeneur des avants, a exprim\u00e9 ses craintes quant \u00e0 la tenue physique de son \u00e9quipe. Dans ses propres mots : <\/p>\n<blockquote><p>\u00ab J\u2019ai eu peur qu\u2019on ne tienne pas la distance, mais on a trouv\u00e9 les ressources. \u00bb<\/p><\/blockquote>\n<p> Cette d\u00e9claration souligne la pression ressentie par les joueurs, mais aussi leur capacit\u00e9 \u00e0 se surpasser lors des moments critiques.<\/p>\n<h2>Les enseignements d&rsquo;une premi\u00e8re mi-temps r\u00e9ussie<\/h2>\n<p>Le premier acte du match a \u00e9t\u00e9 crucial pour les Aurillacois, leur permettant de creuser l&rsquo;\u00e9cart face \u00e0 une \u00e9quipe d&rsquo;Agen qui peinait \u00e0 entrer dans le match. Les joueurs ont su profiter du vent en premi\u00e8re p\u00e9riode, marquant des points importants. Lescure a reconnu l&rsquo;importance de cette bonne entame : \u00ab On se devait de faire une belle entame et prendre en consid\u00e9ration le vent. \u00bb<\/p>\n<p>Cependant, les joueurs ne doivent pas perdre de vue les d\u00e9tails qui pourraient les rendre encore plus efficaces. Lescure a not\u00e9 que des erreurs de discipline ont failli compromettre leur dynamique, notamment avec un essai encaiss\u00e9 apr\u00e8s plusieurs fautes cons\u00e9cutives. Ces aspects du jeu doivent \u00eatre travaill\u00e9s pour que l\u2019\u00e9quipe devienne plus redoutable.<\/p>\n<h2>Le caract\u00e8re au c\u0153ur de la performance<\/h2>\n<p>La rencontre a \u00e9galement \u00e9t\u00e9 l&rsquo;occasion de mettre en avant les valeurs fondamentales du rugby. Lescure insiste sur l&rsquo;importance du caract\u00e8re et de la solidarit\u00e9 dans une \u00e9quipe. \u00ab Le rugby, \u00e7a reste un sport avec des valeurs, de combat, de solidarit\u00e9 \u00bb, affirme-t-il. Ces valeurs sont essentielles pour cr\u00e9er une \u00e9quipe qui ne renonce jamais, m\u00eame dans les moments difficiles.<\/p>\n<p>Les joueurs d&rsquo;Aurillac ont d\u00e9montr\u00e9 qu&rsquo;ils \u00e9taient pr\u00eats \u00e0 se battre jusqu&rsquo;\u00e0 la derni\u00e8re minute. Lescure souligne que la confrontation est souvent le moment o\u00f9 les vrais joueurs se r\u00e9v\u00e8lent. Cette mentalit\u00e9 est ce qui fait la force de l&rsquo;\u00e9quipe et ce qui lui permet de continuer \u00e0 avancer dans un championnat difficile.<\/p>\n<ul>\n<li>Une victoire pr\u00e9cieuse contre Agen<\/li>\n<li>Importance d&rsquo;une bonne entame de match<\/li>\n<li>Travail sur les d\u00e9tails pour devenir plus efficaces<\/li>\n<li>Valeurs de solidarit\u00e9 et de combat au sein de l&rsquo;\u00e9quipe<\/li>\n<li>Recherche constante d&rsquo;am\u00e9lioration<\/li>\n<\/ul>\n<p>En somme, cette rencontre a permis aux Aurillacois de montrer leur potentiel, tout en mettant en lumi\u00e8re des aspects \u00e0 am\u00e9liorer. Avec un groupe d\u00e9termin\u00e9 et une volont\u00e9 de progresser, l&rsquo;\u00e9quipe se positionne favorablement pour les prochains d\u00e9fis. Lescure a su transmettre sa vision d\u2019un rugby o\u00f9 le caract\u00e8re et l&rsquo;efficacit\u00e9 sont les cl\u00e9s du succ\u00e8s. Les supporters peuvent \u00eatre confiants pour l&rsquo;avenir, car l&rsquo;\u00e9quipe semble pr\u00eate \u00e0 relever tous les d\u00e9fis qui se pr\u00e9senteront \u00e0 elle.<\/p>\n","protected":false},"excerpt":{"rendered":"","protected":false},"author":34,"featured_media":11427,"comment_status":"open","ping_status":"open","sticky":false,"template":"","format":"standard","meta":{"_acf_changed":false,"manual_indexmenow":false,"indexmenow_id_project":0,"footnotes":""},"categories":[1],"tags":[4585,4545,4898,4543,4408],"class_list":["post-10103","post","type-post","status-publish","format-standard","has-post-thumbnail","hentry","category-a-la-une","tag-cohesion-dequipe","tag-confiance","tag-gestion-du-stress","tag-performance","tag-resilience","generate-columns","tablet-grid-50","mobile-grid-100","grid-parent","grid-25"],"acf":[],"yoast_head":"<!-- This site is optimized with the Yoast SEO Premium plugin v21.3 (Yoast SEO v26.5) - https:\/\/yoast.com\/wordpress\/plugins\/seo\/ -->\n<title>aurillac en pro d2 : lescure \u00e9voque la peur de la distance<\/title>\n<meta name=\"description\" content=\"Une victoire ma\u00eetris\u00e9e malgr\u00e9 les doutes Le dernier match des Aurillacois a \u00e9t\u00e9 marqu\u00e9 par une prestation solide, malgr\u00e9 quelques inqui\u00e9tudes en cours de\u2026\" \/>\n<meta name=\"robots\" content=\"index, follow, max-snippet:-1, max-image-preview:large, max-video-preview:-1\" \/>\n<link rel=\"canonical\" href=\"https:\/\/sport-index.fr\/blog\/a-la-une\/aurillac-en-pro-d2-lescure-evoque-la-peur-de-la-distance-mais-aussi-la-force-du-groupe\/\" \/>\n<meta property=\"og:locale\" content=\"fr_FR\" \/>\n<meta property=\"og:type\" content=\"article\" \/>\n<meta property=\"og:title\" content=\"aurillac en pro d2 : lescure \u00e9voque la peur de la distance\" \/>\n<meta property=\"og:description\" content=\"Une victoire ma\u00eetris\u00e9e malgr\u00e9 les doutes Le dernier match des Aurillacois a \u00e9t\u00e9 marqu\u00e9 par une prestation solide, malgr\u00e9 quelques inqui\u00e9tudes en cours de\u2026\" \/>\n<meta property=\"og:url\" content=\"https:\/\/sport-index.fr\/blog\/a-la-une\/aurillac-en-pro-d2-lescure-evoque-la-peur-de-la-distance-mais-aussi-la-force-du-groupe\/\" \/>\n<meta property=\"og:site_name\" content=\"sport-index\" \/>\n<meta name=\"author\" content=\"Axel Lauzier\" \/>\n<meta name=\"twitter:card\" content=\"summary_large_image\" \/>\n<script type=\"application\/ld+json\" class=\"yoast-schema-graph\">{\"@context\":\"https:\/\/schema.org\",\"@graph\":[{\"@type\":\"NewsArticle\",\"@id\":\"https:\/\/sport-index.fr\/blog\/a-la-une\/aurillac-en-pro-d2-lescure-evoque-la-peur-de-la-distance-mais-aussi-la-force-du-groupe\/#article\",\"isPartOf\":{\"@id\":\"https:\/\/sport-index.fr\/blog\/a-la-une\/aurillac-en-pro-d2-lescure-evoque-la-peur-de-la-distance-mais-aussi-la-force-du-groupe\/\"},\"author\":{\"name\":\"Axel Lauzier\",\"@id\":\"https:\/\/sport-index.fr\/blog\/#\/schema\/person\/3c864cdc320801e3db34b663e7e3f816\"},\"headline\":\"aurillac en pro d2 : lescure \u00e9voque la peur de la distance mais aussi la force du groupe\",\"datePublished\":\"2025-02-24T02:43:39+00:00\",\"mainEntityOfPage\":{\"@id\":\"https:\/\/sport-index.fr\/blog\/a-la-une\/aurillac-en-pro-d2-lescure-evoque-la-peur-de-la-distance-mais-aussi-la-force-du-groupe\/\"},\"wordCount\":549,\"commentCount\":19,\"publisher\":{\"@id\":\"https:\/\/sport-index.fr\/blog\/#organization\"},\"image\":{\"@id\":\"https:\/\/sport-index.fr\/blog\/a-la-une\/aurillac-en-pro-d2-lescure-evoque-la-peur-de-la-distance-mais-aussi-la-force-du-groupe\/#primaryimage\"},\"thumbnailUrl\":\"https:\/\/sport-index.fr\/blog\/wp-content\/uploads\/2025\/02\/sdxl-601dfe6fd059571128a33a58338162c0.png\",\"keywords\":[\"Coh\u00e9sion d'\u00c9quipe\",\"Confiance\",\"Gestion Du Stress\",\"Performance\",\"R\u00e9silience\"],\"articleSection\":[\"\u00c0 la une\"],\"inLanguage\":\"fr-FR\",\"potentialAction\":[{\"@type\":\"CommentAction\",\"name\":\"Comment\",\"target\":[\"https:\/\/sport-index.fr\/blog\/a-la-une\/aurillac-en-pro-d2-lescure-evoque-la-peur-de-la-distance-mais-aussi-la-force-du-groupe\/#respond\"]}]},{\"@type\":\"WebPage\",\"@id\":\"https:\/\/sport-index.fr\/blog\/a-la-une\/aurillac-en-pro-d2-lescure-evoque-la-peur-de-la-distance-mais-aussi-la-force-du-groupe\/\",\"url\":\"https:\/\/sport-index.fr\/blog\/a-la-une\/aurillac-en-pro-d2-lescure-evoque-la-peur-de-la-distance-mais-aussi-la-force-du-groupe\/\",\"name\":\"aurillac en pro d2 : lescure \u00e9voque la peur de la distance\",\"isPartOf\":{\"@id\":\"https:\/\/sport-index.fr\/blog\/#website\"},\"primaryImageOfPage\":{\"@id\":\"https:\/\/sport-index.fr\/blog\/a-la-une\/aurillac-en-pro-d2-lescure-evoque-la-peur-de-la-distance-mais-aussi-la-force-du-groupe\/#primaryimage\"},\"image\":{\"@id\":\"https:\/\/sport-index.fr\/blog\/a-la-une\/aurillac-en-pro-d2-lescure-evoque-la-peur-de-la-distance-mais-aussi-la-force-du-groupe\/#primaryimage\"},\"thumbnailUrl\":\"https:\/\/sport-index.fr\/blog\/wp-content\/uploads\/2025\/02\/sdxl-601dfe6fd059571128a33a58338162c0.png\",\"datePublished\":\"2025-02-24T02:43:39+00:00\",\"description\":\"Une victoire ma\u00eetris\u00e9e malgr\u00e9 les doutes Le dernier match des Aurillacois a \u00e9t\u00e9 marqu\u00e9 par une prestation solide, malgr\u00e9 quelques inqui\u00e9tudes en cours de\u2026\",\"inLanguage\":\"fr-FR\",\"potentialAction\":[{\"@type\":\"ReadAction\",\"target\":[\"https:\/\/sport-index.fr\/blog\/a-la-une\/aurillac-en-pro-d2-lescure-evoque-la-peur-de-la-distance-mais-aussi-la-force-du-groupe\/\"]}]},{\"@type\":\"ImageObject\",\"inLanguage\":\"fr-FR\",\"@id\":\"https:\/\/sport-index.fr\/blog\/a-la-une\/aurillac-en-pro-d2-lescure-evoque-la-peur-de-la-distance-mais-aussi-la-force-du-groupe\/#primaryimage\",\"url\":\"https:\/\/sport-index.fr\/blog\/wp-content\/uploads\/2025\/02\/sdxl-601dfe6fd059571128a33a58338162c0.png\",\"contentUrl\":\"https:\/\/sport-index.fr\/blog\/wp-content\/uploads\/2025\/02\/sdxl-601dfe6fd059571128a33a58338162c0.png\",\"width\":1536,\"height\":640},{\"@type\":\"WebSite\",\"@id\":\"https:\/\/sport-index.fr\/blog\/#website\",\"url\":\"https:\/\/sport-index.fr\/blog\/\",\"name\":\"sport-index.fr\",\"description\":\"Le score de l\u2019analyse sportive.\",\"publisher\":{\"@id\":\"https:\/\/sport-index.fr\/blog\/#organization\"},\"alternateName\":\"Le score de l\u2019analyse sportive.\",\"potentialAction\":[{\"@type\":\"SearchAction\",\"target\":{\"@type\":\"EntryPoint\",\"urlTemplate\":\"https:\/\/sport-index.fr\/blog\/?s={search_term_string}\"},\"query-input\":{\"@type\":\"PropertyValueSpecification\",\"valueRequired\":true,\"valueName\":\"search_term_string\"}}],\"inLanguage\":\"fr-FR\"},{\"@type\":\"Organization\",\"@id\":\"https:\/\/sport-index.fr\/blog\/#organization\",\"name\":\"Foretsensations.fr\",\"url\":\"https:\/\/sport-index.fr\/blog\/\",\"logo\":{\"@type\":\"ImageObject\",\"inLanguage\":\"fr-FR\",\"@id\":\"https:\/\/sport-index.fr\/blog\/#\/schema\/logo\/image\/\",\"url\":\"https:\/\/sport-index.fr\/blog\/wp-content\/uploads\/2026\/07\/logo-auto.png\",\"contentUrl\":\"https:\/\/sport-index.fr\/blog\/wp-content\/uploads\/2026\/07\/logo-auto.png\",\"width\":1024,\"height\":1024,\"caption\":\"Foretsensations.fr\"},\"image\":{\"@id\":\"https:\/\/sport-index.fr\/blog\/#\/schema\/logo\/image\/\"}},{\"@type\":\"Person\",\"@id\":\"https:\/\/sport-index.fr\/blog\/#\/schema\/person\/3c864cdc320801e3db34b663e7e3f816\",\"name\":\"Axel Lauzier\",\"image\":{\"@type\":\"ImageObject\",\"inLanguage\":\"fr-FR\",\"@id\":\"https:\/\/sport-index.fr\/blog\/#\/schema\/person\/image\/\",\"url\":\"https:\/\/sport-index.fr\/blog\/wp-content\/uploads\/2026\/06\/persona_axel-l-96x96.jpg\",\"contentUrl\":\"https:\/\/sport-index.fr\/blog\/wp-content\/uploads\/2026\/06\/persona_axel-l-96x96.jpg\",\"caption\":\"Axel Lauzier\"},\"description\":\"Le sport rythme mon quotidien depuis l'enfance, et j'en ai fait mon m\u00e9tier d'analyste r\u00e9dactionnel il y a une dizaine d'ann\u00e9es. Je couvre principalement le football, son actualit\u00e9, ses transferts et l'analyse tactique des grandes affiches, mais aussi les disciplines plus confidentielles que j'aime remettre en lumi\u00e8re. Une partie de mon travail porte sur les pronostics et la lecture statistique d'un match : forme des \u00e9quipes, historique des confrontations, compositions, sans jamais vendre de fausse certitude. Je rappelle syst\u00e9matiquement que parier comporte un risque et doit rester un loisir ma\u00eetris\u00e9. Avant de signer une analyse, je v\u00e9rifie mes chiffres, je recoupe les compositions probables et je distingue toujours la donn\u00e9e brute de l'intuition. Mon objectif : offrir une lecture honn\u00eate et argument\u00e9e, pas un ticket gagnant garanti.\",\"sameAs\":[\"https:\/\/axellauzier.fr\/\"],\"url\":\"https:\/\/sport-index.fr\/blog\/auteur\/noname\/\"}]}<\/script>\n<!-- \/ Yoast SEO Premium plugin. -->","yoast_head_json":{"title":"aurillac en pro d2 : lescure \u00e9voque la peur de la distance","description":"Une victoire ma\u00eetris\u00e9e malgr\u00e9 les doutes Le dernier match des Aurillacois a \u00e9t\u00e9 marqu\u00e9 par une prestation solide, malgr\u00e9 quelques inqui\u00e9tudes en cours de\u2026","robots":{"index":"index","follow":"follow","max-snippet":"max-snippet:-1","max-image-preview":"max-image-preview:large","max-video-preview":"max-video-preview:-1"},"canonical":"https:\/\/sport-index.fr\/blog\/a-la-une\/aurillac-en-pro-d2-lescure-evoque-la-peur-de-la-distance-mais-aussi-la-force-du-groupe\/","og_locale":"fr_FR","og_type":"article","og_title":"aurillac en pro d2 : lescure \u00e9voque la peur de la distance","og_description":"Une victoire ma\u00eetris\u00e9e malgr\u00e9 les doutes Le dernier match des Aurillacois a \u00e9t\u00e9 marqu\u00e9 par une prestation solide, malgr\u00e9 quelques inqui\u00e9tudes en cours de\u2026","og_url":"https:\/\/sport-index.fr\/blog\/a-la-une\/aurillac-en-pro-d2-lescure-evoque-la-peur-de-la-distance-mais-aussi-la-force-du-groupe\/","og_site_name":"sport-index","author":"Axel Lauzier","twitter_card":"summary_large_image","schema":{"@context":"https:\/\/schema.org","@graph":[{"@type":"NewsArticle","@id":"https:\/\/sport-index.fr\/blog\/a-la-une\/aurillac-en-pro-d2-lescure-evoque-la-peur-de-la-distance-mais-aussi-la-force-du-groupe\/#article","isPartOf":{"@id":"https:\/\/sport-index.fr\/blog\/a-la-une\/aurillac-en-pro-d2-lescure-evoque-la-peur-de-la-distance-mais-aussi-la-force-du-groupe\/"},"author":{"name":"Axel Lauzier","@id":"https:\/\/sport-index.fr\/blog\/#\/schema\/person\/3c864cdc320801e3db34b663e7e3f816"},"headline":"aurillac en pro d2 : lescure \u00e9voque la peur de la distance mais aussi la force du groupe","datePublished":"2025-02-24T02:43:39+00:00","mainEntityOfPage":{"@id":"https:\/\/sport-index.fr\/blog\/a-la-une\/aurillac-en-pro-d2-lescure-evoque-la-peur-de-la-distance-mais-aussi-la-force-du-groupe\/"},"wordCount":549,"commentCount":19,"publisher":{"@id":"https:\/\/sport-index.fr\/blog\/#organization"},"image":{"@id":"https:\/\/sport-index.fr\/blog\/a-la-une\/aurillac-en-pro-d2-lescure-evoque-la-peur-de-la-distance-mais-aussi-la-force-du-groupe\/#primaryimage"},"thumbnailUrl":"https:\/\/sport-index.fr\/blog\/wp-content\/uploads\/2025\/02\/sdxl-601dfe6fd059571128a33a58338162c0.png","keywords":["Coh\u00e9sion d'\u00c9quipe","Confiance","Gestion Du Stress","Performance","R\u00e9silience"],"articleSection":["\u00c0 la une"],"inLanguage":"fr-FR","potentialAction":[{"@type":"CommentAction","name":"Comment","target":["https:\/\/sport-index.fr\/blog\/a-la-une\/aurillac-en-pro-d2-lescure-evoque-la-peur-de-la-distance-mais-aussi-la-force-du-groupe\/#respond"]}]},{"@type":"WebPage","@id":"https:\/\/sport-index.fr\/blog\/a-la-une\/aurillac-en-pro-d2-lescure-evoque-la-peur-de-la-distance-mais-aussi-la-force-du-groupe\/","url":"https:\/\/sport-index.fr\/blog\/a-la-une\/aurillac-en-pro-d2-lescure-evoque-la-peur-de-la-distance-mais-aussi-la-force-du-groupe\/","name":"aurillac en pro d2 : lescure \u00e9voque la peur de la distance","isPartOf":{"@id":"https:\/\/sport-index.fr\/blog\/#website"},"primaryImageOfPage":{"@id":"https:\/\/sport-index.fr\/blog\/a-la-une\/aurillac-en-pro-d2-lescure-evoque-la-peur-de-la-distance-mais-aussi-la-force-du-groupe\/#primaryimage"},"image":{"@id":"https:\/\/sport-index.fr\/blog\/a-la-une\/aurillac-en-pro-d2-lescure-evoque-la-peur-de-la-distance-mais-aussi-la-force-du-groupe\/#primaryimage"},"thumbnailUrl":"https:\/\/sport-index.fr\/blog\/wp-content\/uploads\/2025\/02\/sdxl-601dfe6fd059571128a33a58338162c0.png","datePublished":"2025-02-24T02:43:39+00:00","description":"Une victoire ma\u00eetris\u00e9e malgr\u00e9 les doutes Le dernier match des Aurillacois a \u00e9t\u00e9 marqu\u00e9 par une prestation solide, malgr\u00e9 quelques inqui\u00e9tudes en cours de\u2026","inLanguage":"fr-FR","potentialAction":[{"@type":"ReadAction","target":["https:\/\/sport-index.fr\/blog\/a-la-une\/aurillac-en-pro-d2-lescure-evoque-la-peur-de-la-distance-mais-aussi-la-force-du-groupe\/"]}]},{"@type":"ImageObject","inLanguage":"fr-FR","@id":"https:\/\/sport-index.fr\/blog\/a-la-une\/aurillac-en-pro-d2-lescure-evoque-la-peur-de-la-distance-mais-aussi-la-force-du-groupe\/#primaryimage","url":"https:\/\/sport-index.fr\/blog\/wp-content\/uploads\/2025\/02\/sdxl-601dfe6fd059571128a33a58338162c0.png","contentUrl":"https:\/\/sport-index.fr\/blog\/wp-content\/uploads\/2025\/02\/sdxl-601dfe6fd059571128a33a58338162c0.png","width":1536,"height":640},{"@type":"WebSite","@id":"https:\/\/sport-index.fr\/blog\/#website","url":"https:\/\/sport-index.fr\/blog\/","name":"sport-index.fr","description":"Le score de l\u2019analyse sportive.","publisher":{"@id":"https:\/\/sport-index.fr\/blog\/#organization"},"alternateName":"Le score de l\u2019analyse sportive.","potentialAction":[{"@type":"SearchAction","target":{"@type":"EntryPoint","urlTemplate":"https:\/\/sport-index.fr\/blog\/?s={search_term_string}"},"query-input":{"@type":"PropertyValueSpecification","valueRequired":true,"valueName":"search_term_string"}}],"inLanguage":"fr-FR"},{"@type":"Organization","@id":"https:\/\/sport-index.fr\/blog\/#organization","name":"Foretsensations.fr","url":"https:\/\/sport-index.fr\/blog\/","logo":{"@type":"ImageObject","inLanguage":"fr-FR","@id":"https:\/\/sport-index.fr\/blog\/#\/schema\/logo\/image\/","url":"https:\/\/sport-index.fr\/blog\/wp-content\/uploads\/2026\/07\/logo-auto.png","contentUrl":"https:\/\/sport-index.fr\/blog\/wp-content\/uploads\/2026\/07\/logo-auto.png","width":1024,"height":1024,"caption":"Foretsensations.fr"},"image":{"@id":"https:\/\/sport-index.fr\/blog\/#\/schema\/logo\/image\/"}},{"@type":"Person","@id":"https:\/\/sport-index.fr\/blog\/#\/schema\/person\/3c864cdc320801e3db34b663e7e3f816","name":"Axel Lauzier","image":{"@type":"ImageObject","inLanguage":"fr-FR","@id":"https:\/\/sport-index.fr\/blog\/#\/schema\/person\/image\/","url":"https:\/\/sport-index.fr\/blog\/wp-content\/uploads\/2026\/06\/persona_axel-l-96x96.jpg","contentUrl":"https:\/\/sport-index.fr\/blog\/wp-content\/uploads\/2026\/06\/persona_axel-l-96x96.jpg","caption":"Axel Lauzier"},"description":"Le sport rythme mon quotidien depuis l'enfance, et j'en ai fait mon m\u00e9tier d'analyste r\u00e9dactionnel il y a une dizaine d'ann\u00e9es. Je couvre principalement le football, son actualit\u00e9, ses transferts et l'analyse tactique des grandes affiches, mais aussi les disciplines plus confidentielles que j'aime remettre en lumi\u00e8re. Une partie de mon travail porte sur les pronostics et la lecture statistique d'un match : forme des \u00e9quipes, historique des confrontations, compositions, sans jamais vendre de fausse certitude. Je rappelle syst\u00e9matiquement que parier comporte un risque et doit rester un loisir ma\u00eetris\u00e9. Avant de signer une analyse, je v\u00e9rifie mes chiffres, je recoupe les compositions probables et je distingue toujours la donn\u00e9e brute de l'intuition. Mon objectif : offrir une lecture honn\u00eate et argument\u00e9e, pas un ticket gagnant garanti.","sameAs":["https:\/\/axellauzier.fr\/"],"url":"https:\/\/sport-index.fr\/blog\/auteur\/noname\/"}]}},"_links":{"self":[{"href":"https:\/\/sport-index.fr\/blog\/wp-json\/wp\/v2\/posts\/10103","targetHints":{"allow":["GET"]}}],"collection":[{"href":"https:\/\/sport-index.fr\/blog\/wp-json\/wp\/v2\/posts"}],"about":[{"href":"https:\/\/sport-index.fr\/blog\/wp-json\/wp\/v2\/types\/post"}],"author":[{"embeddable":true,"href":"https:\/\/sport-index.fr\/blog\/wp-json\/wp\/v2\/users\/34"}],"replies":[{"embeddable":true,"href":"https:\/\/sport-index.fr\/blog\/wp-json\/wp\/v2\/comments?post=10103"}],"version-history":[{"count":1,"href":"https:\/\/sport-index.fr\/blog\/wp-json\/wp\/v2\/posts\/10103\/revisions"}],"predecessor-version":[{"id":11010,"href":"https:\/\/sport-index.fr\/blog\/wp-json\/wp\/v2\/posts\/10103\/revisions\/11010"}],"wp:featuredmedia":[{"embeddable":true,"href":"https:\/\/sport-index.fr\/blog\/wp-json\/wp\/v2\/media\/11427"}],"wp:attachment":[{"href":"https:\/\/sport-index.fr\/blog\/wp-json\/wp\/v2\/media?parent=10103"}],"wp:term":[{"taxonomy":"category","embeddable":true,"href":"https:\/\/sport-index.fr\/blog\/wp-json\/wp\/v2\/categories?post=10103"},{"taxonomy":"post_tag","embeddable":true,"href":"https:\/\/sport-index.fr\/blog\/wp-json\/wp\/v2\/tags?post=10103"}],"curies":[{"name":"wp","href":"https:\/\/api.w.org\/{rel}","templated":true}]}}