{"id":10141,"date":"2025-02-23T10:04:19","date_gmt":"2025-02-23T09:04:19","guid":{"rendered":"https:\/\/sport-index.fr\/blog\/?p=10141"},"modified":"2025-02-22T11:38:21","modified_gmt":"2025-02-22T10:38:21","slug":"franjo-von-allmen-la-descente-a-crans-montana-qui-va-vous-captiver","status":"publish","type":"post","link":"https:\/\/sport-index.fr\/blog\/a-la-une\/franjo-von-allmen-la-descente-a-crans-montana-qui-va-vous-captiver\/","title":{"rendered":"Franjo Von Allmen : la descente \u00e0 Crans-Montana qui va vous captiver"},"content":{"rendered":"<h2>Une performance \u00e9blouissante sur les pistes de Crans-Montana<\/h2>\n<p>Le jeune prodige suisse a une fois de plus prouv\u00e9 son talent en enregistrant un temps impressionnant de 1&rsquo;56\u00a0\u00bb07. Ses courbes pr\u00e9cises et sa vitesse fulgurante lui ont permis de se hisser en t\u00eate, laissant derri\u00e8re lui des athl\u00e8tes chevronn\u00e9s comme Marco Odermatt et Alexis Monney.<\/p>\n<p>La mont\u00e9e en puissance de Franjo Von Allmen est ind\u00e9niable, et cette descente ne fait que renforcer son statut de champion du monde. Les spectateurs \u00e9taient en \u00e9moi, captiv\u00e9s par son aisance et sa technique impeccable. Avec une telle performance, il semble bien parti pour dominer la saison de ski alpin.<\/p>\n<h2>Une technique de pointe qui fait la diff\u00e9rence<\/h2>\n<p>Ce qui distingue Franjo Von Allmen des autres skieurs, c&rsquo;est sa ma\u00eetrise parfaite de la technique de descente. Chaque virage est ex\u00e9cut\u00e9 avec une pr\u00e9cision chirurgicale, permettant de conserver la vitesse tout en naviguant sur les d\u00e9fis du parcours. Les experts s&rsquo;accordent \u00e0 dire que son engagement et sa concentration sont des \u00e9l\u00e9ments cl\u00e9s de son succ\u00e8s.<img decoding=\"async\" width=\"1024\" height=\"576\" src=\"https:\/\/sport-index.fr\/blog\/wp-content\/uploads\/2025\/02\/stability-franjo-von-allmen-la-descente-a-crans-montana-qui-va-vous-captiver-1.png\" class=\"aligncenter\" alt=\"Illustration d\u00e9taill\u00e9e sur Franjo Von Allmen : la descente \u00e0 Crans-Montana qui va vous captiver\" title=\"Franjo Von Allmen : la descente \u00e0 Crans-Montana qui va vous captiver\" loading=\"lazy\" \/><\/p>\n<p>Au-del\u00e0 de sa technique, son mental d&rsquo;acier est un atout majeur. \u00ab\u00a0Je me concentre sur chaque seconde et chaque mouvement\u00a0\u00bb, a d\u00e9clar\u00e9 le skieur apr\u00e8s sa course. Cette approche lui permet non seulement de performer au plus haut niveau, mais aussi de g\u00e9rer la pression des comp\u00e9titions importantes.<\/p>\n<h2>Les enjeux de la comp\u00e9tition de ski alpin<\/h2>\n<p>La comp\u00e9tition de ski alpin est non seulement une \u00e9preuve de vitesse, mais elle repr\u00e9sente \u00e9galement un v\u00e9ritable test de r\u00e9silience et de strat\u00e9gie. Les athl\u00e8tes doivent faire face \u00e0 des conditions parfois impr\u00e9visibles, ce qui rend chaque descente unique. La performance de Franjo Von Allmen \u00e0 Crans-Montana illustre parfaitement ces d\u00e9fis, o\u00f9 chaque d\u00e9tail compte.<\/p>\n<p>Les comp\u00e9titions comme celle-ci sont cruciales pour le classement mondial et la pr\u00e9paration des athl\u00e8tes en vue des grands \u00e9v\u00e9nements. Chaque descente est une opportunit\u00e9 d&rsquo;am\u00e9liorer ses performances et de se mesurer \u00e0 l&rsquo;\u00e9lite du ski alpin. Les r\u00e9sultats de ce week-end vont sans doute avoir des r\u00e9percussions sur les prochaines courses.<\/p>\n<ul>\n<li>Franjo Von Allmen en t\u00eate avec un temps de 1&rsquo;56\u00a0\u00bb07<\/li>\n<li>Marco Odermatt et Alexis Monney en comp\u00e9tition directe<\/li>\n<li>Importance de la technique et du mental en ski alpin<\/li>\n<li>Impact des r\u00e9sultats sur le classement mondial<\/li>\n<\/ul>\n<blockquote>\n<p>\u00ab\u00a0Je me concentre sur chaque seconde et chaque mouvement\u00a0\u00bb, a d\u00e9clar\u00e9 Franjo Von Allmen apr\u00e8s sa course.<\/p>\n<\/blockquote>\n<p>La descente \u00e0 Crans-Montana a \u00e9t\u00e9 un v\u00e9ritable festival de vitesse et de technique, et Franjo Von Allmen a su captiver tous les regards. Les passionn\u00e9s de ski alpin attendent avec impatience ses prochaines performances, esp\u00e9rant qu&rsquo;il continuera \u00e0 \u00e9blouir les foules par son talent exceptionnel. Avec une telle d\u00e9termination, il est certain qu&rsquo;il a encore de nombreuses victoires \u00e0 venir.<\/p>\n","protected":false},"excerpt":{"rendered":"","protected":false},"author":34,"featured_media":10142,"comment_status":"open","ping_status":"open","sticky":false,"template":"","format":"standard","meta":{"_acf_changed":false,"manual_indexmenow":false,"indexmenow_id_project":0,"footnotes":""},"categories":[1],"tags":[4745,4563,4885,4408,4591],"class_list":["post-10141","post","type-post","status-publish","format-standard","has-post-thumbnail","hentry","category-a-la-une","tag-competition","tag-performance-athletique","tag-preparation-mentale","tag-resilience","tag-ski-alpin","generate-columns","tablet-grid-50","mobile-grid-100","grid-parent","grid-25"],"acf":[],"yoast_head":"<!-- This site is optimized with the Yoast SEO Premium plugin v21.3 (Yoast SEO v26.5) - https:\/\/yoast.com\/wordpress\/plugins\/seo\/ -->\n<title>Franjo Von Allmen : la descente \u00e0 Crans-Montana qui va vous<\/title>\n<meta name=\"description\" content=\"Une performance \u00e9blouissante sur les pistes de Crans-Montana Le jeune prodige suisse a une fois de plus prouv\u00e9 son talent en enregistrant un temps\u2026\" \/>\n<meta name=\"robots\" content=\"index, follow, max-snippet:-1, max-image-preview:large, max-video-preview:-1\" \/>\n<link rel=\"canonical\" href=\"https:\/\/sport-index.fr\/blog\/a-la-une\/franjo-von-allmen-la-descente-a-crans-montana-qui-va-vous-captiver\/\" \/>\n<meta property=\"og:locale\" content=\"fr_FR\" \/>\n<meta property=\"og:type\" content=\"article\" \/>\n<meta property=\"og:title\" content=\"Franjo Von Allmen : la descente \u00e0 Crans-Montana qui va vous\" \/>\n<meta property=\"og:description\" content=\"Une performance \u00e9blouissante sur les pistes de Crans-Montana Le jeune prodige suisse a une fois de plus prouv\u00e9 son talent en enregistrant un temps\u2026\" \/>\n<meta property=\"og:url\" content=\"https:\/\/sport-index.fr\/blog\/a-la-une\/franjo-von-allmen-la-descente-a-crans-montana-qui-va-vous-captiver\/\" \/>\n<meta property=\"og:site_name\" content=\"sport-index\" \/>\n<meta property=\"og:image\" content=\"https:\/\/sport-index.fr\/blog\/wp-content\/uploads\/2025\/02\/stability-franjo-von-allmen-la-descente-a-crans-montana-qui-va-vous-captiver.png\" \/>\n\t<meta property=\"og:image:width\" content=\"1024\" \/>\n\t<meta property=\"og:image:height\" content=\"576\" \/>\n\t<meta property=\"og:image:type\" content=\"image\/png\" \/>\n<meta name=\"author\" content=\"Axel Lauzier\" \/>\n<meta name=\"twitter:card\" content=\"summary_large_image\" \/>\n<script type=\"application\/ld+json\" class=\"yoast-schema-graph\">{\"@context\":\"https:\/\/schema.org\",\"@graph\":[{\"@type\":\"NewsArticle\",\"@id\":\"https:\/\/sport-index.fr\/blog\/a-la-une\/franjo-von-allmen-la-descente-a-crans-montana-qui-va-vous-captiver\/#article\",\"isPartOf\":{\"@id\":\"https:\/\/sport-index.fr\/blog\/a-la-une\/franjo-von-allmen-la-descente-a-crans-montana-qui-va-vous-captiver\/\"},\"author\":{\"name\":\"Axel Lauzier\",\"@id\":\"https:\/\/sport-index.fr\/blog\/#\/schema\/person\/3c864cdc320801e3db34b663e7e3f816\"},\"headline\":\"Franjo Von Allmen : la descente \u00e0 Crans-Montana qui va vous captiver\",\"datePublished\":\"2025-02-23T09:04:19+00:00\",\"mainEntityOfPage\":{\"@id\":\"https:\/\/sport-index.fr\/blog\/a-la-une\/franjo-von-allmen-la-descente-a-crans-montana-qui-va-vous-captiver\/\"},\"wordCount\":501,\"commentCount\":25,\"publisher\":{\"@id\":\"https:\/\/sport-index.fr\/blog\/#organization\"},\"image\":{\"@id\":\"https:\/\/sport-index.fr\/blog\/a-la-une\/franjo-von-allmen-la-descente-a-crans-montana-qui-va-vous-captiver\/#primaryimage\"},\"thumbnailUrl\":\"https:\/\/sport-index.fr\/blog\/wp-content\/uploads\/2025\/02\/stability-franjo-von-allmen-la-descente-a-crans-montana-qui-va-vous-captiver.png\",\"keywords\":[\"Comp\u00e9tition\",\"Performance Athl\u00e9tique\",\"Pr\u00e9paration Mentale\",\"R\u00e9silience\",\"Ski Alpin\"],\"articleSection\":[\"\u00c0 la une\"],\"inLanguage\":\"fr-FR\",\"potentialAction\":[{\"@type\":\"CommentAction\",\"name\":\"Comment\",\"target\":[\"https:\/\/sport-index.fr\/blog\/a-la-une\/franjo-von-allmen-la-descente-a-crans-montana-qui-va-vous-captiver\/#respond\"]}]},{\"@type\":\"WebPage\",\"@id\":\"https:\/\/sport-index.fr\/blog\/a-la-une\/franjo-von-allmen-la-descente-a-crans-montana-qui-va-vous-captiver\/\",\"url\":\"https:\/\/sport-index.fr\/blog\/a-la-une\/franjo-von-allmen-la-descente-a-crans-montana-qui-va-vous-captiver\/\",\"name\":\"Franjo Von Allmen : la descente \u00e0 Crans-Montana qui va vous\",\"isPartOf\":{\"@id\":\"https:\/\/sport-index.fr\/blog\/#website\"},\"primaryImageOfPage\":{\"@id\":\"https:\/\/sport-index.fr\/blog\/a-la-une\/franjo-von-allmen-la-descente-a-crans-montana-qui-va-vous-captiver\/#primaryimage\"},\"image\":{\"@id\":\"https:\/\/sport-index.fr\/blog\/a-la-une\/franjo-von-allmen-la-descente-a-crans-montana-qui-va-vous-captiver\/#primaryimage\"},\"thumbnailUrl\":\"https:\/\/sport-index.fr\/blog\/wp-content\/uploads\/2025\/02\/stability-franjo-von-allmen-la-descente-a-crans-montana-qui-va-vous-captiver.png\",\"datePublished\":\"2025-02-23T09:04:19+00:00\",\"description\":\"Une performance \u00e9blouissante sur les pistes de Crans-Montana Le jeune prodige suisse a une fois de plus prouv\u00e9 son talent en enregistrant un temps\u2026\",\"inLanguage\":\"fr-FR\",\"potentialAction\":[{\"@type\":\"ReadAction\",\"target\":[\"https:\/\/sport-index.fr\/blog\/a-la-une\/franjo-von-allmen-la-descente-a-crans-montana-qui-va-vous-captiver\/\"]}]},{\"@type\":\"ImageObject\",\"inLanguage\":\"fr-FR\",\"@id\":\"https:\/\/sport-index.fr\/blog\/a-la-une\/franjo-von-allmen-la-descente-a-crans-montana-qui-va-vous-captiver\/#primaryimage\",\"url\":\"https:\/\/sport-index.fr\/blog\/wp-content\/uploads\/2025\/02\/stability-franjo-von-allmen-la-descente-a-crans-montana-qui-va-vous-captiver.png\",\"contentUrl\":\"https:\/\/sport-index.fr\/blog\/wp-content\/uploads\/2025\/02\/stability-franjo-von-allmen-la-descente-a-crans-montana-qui-va-vous-captiver.png\",\"width\":1024,\"height\":576},{\"@type\":\"WebSite\",\"@id\":\"https:\/\/sport-index.fr\/blog\/#website\",\"url\":\"https:\/\/sport-index.fr\/blog\/\",\"name\":\"sport-index.fr\",\"description\":\"Le score de l\u2019analyse sportive.\",\"publisher\":{\"@id\":\"https:\/\/sport-index.fr\/blog\/#organization\"},\"alternateName\":\"Le score de l\u2019analyse sportive.\",\"potentialAction\":[{\"@type\":\"SearchAction\",\"target\":{\"@type\":\"EntryPoint\",\"urlTemplate\":\"https:\/\/sport-index.fr\/blog\/?s={search_term_string}\"},\"query-input\":{\"@type\":\"PropertyValueSpecification\",\"valueRequired\":true,\"valueName\":\"search_term_string\"}}],\"inLanguage\":\"fr-FR\"},{\"@type\":\"Organization\",\"@id\":\"https:\/\/sport-index.fr\/blog\/#organization\",\"name\":\"Foretsensations.fr\",\"url\":\"https:\/\/sport-index.fr\/blog\/\",\"logo\":{\"@type\":\"ImageObject\",\"inLanguage\":\"fr-FR\",\"@id\":\"https:\/\/sport-index.fr\/blog\/#\/schema\/logo\/image\/\",\"url\":\"https:\/\/sport-index.fr\/blog\/wp-content\/uploads\/2026\/07\/logo-auto.png\",\"contentUrl\":\"https:\/\/sport-index.fr\/blog\/wp-content\/uploads\/2026\/07\/logo-auto.png\",\"width\":1024,\"height\":1024,\"caption\":\"Foretsensations.fr\"},\"image\":{\"@id\":\"https:\/\/sport-index.fr\/blog\/#\/schema\/logo\/image\/\"}},{\"@type\":\"Person\",\"@id\":\"https:\/\/sport-index.fr\/blog\/#\/schema\/person\/3c864cdc320801e3db34b663e7e3f816\",\"name\":\"Axel Lauzier\",\"image\":{\"@type\":\"ImageObject\",\"inLanguage\":\"fr-FR\",\"@id\":\"https:\/\/sport-index.fr\/blog\/#\/schema\/person\/image\/\",\"url\":\"https:\/\/sport-index.fr\/blog\/wp-content\/uploads\/2026\/06\/persona_axel-l-96x96.jpg\",\"contentUrl\":\"https:\/\/sport-index.fr\/blog\/wp-content\/uploads\/2026\/06\/persona_axel-l-96x96.jpg\",\"caption\":\"Axel Lauzier\"},\"description\":\"Le sport rythme mon quotidien depuis l'enfance, et j'en ai fait mon m\u00e9tier d'analyste r\u00e9dactionnel il y a une dizaine d'ann\u00e9es. Je couvre principalement le football, son actualit\u00e9, ses transferts et l'analyse tactique des grandes affiches, mais aussi les disciplines plus confidentielles que j'aime remettre en lumi\u00e8re. Une partie de mon travail porte sur les pronostics et la lecture statistique d'un match : forme des \u00e9quipes, historique des confrontations, compositions, sans jamais vendre de fausse certitude. Je rappelle syst\u00e9matiquement que parier comporte un risque et doit rester un loisir ma\u00eetris\u00e9. Avant de signer une analyse, je v\u00e9rifie mes chiffres, je recoupe les compositions probables et je distingue toujours la donn\u00e9e brute de l'intuition. Mon objectif : offrir une lecture honn\u00eate et argument\u00e9e, pas un ticket gagnant garanti.\",\"sameAs\":[\"https:\/\/axellauzier.fr\/\"],\"url\":\"https:\/\/sport-index.fr\/blog\/auteur\/noname\/\"}]}<\/script>\n<!-- \/ Yoast SEO Premium plugin. -->","yoast_head_json":{"title":"Franjo Von Allmen : la descente \u00e0 Crans-Montana qui va vous","description":"Une performance \u00e9blouissante sur les pistes de Crans-Montana Le jeune prodige suisse a une fois de plus prouv\u00e9 son talent en enregistrant un temps\u2026","robots":{"index":"index","follow":"follow","max-snippet":"max-snippet:-1","max-image-preview":"max-image-preview:large","max-video-preview":"max-video-preview:-1"},"canonical":"https:\/\/sport-index.fr\/blog\/a-la-une\/franjo-von-allmen-la-descente-a-crans-montana-qui-va-vous-captiver\/","og_locale":"fr_FR","og_type":"article","og_title":"Franjo Von Allmen : la descente \u00e0 Crans-Montana qui va vous","og_description":"Une performance \u00e9blouissante sur les pistes de Crans-Montana Le jeune prodige suisse a une fois de plus prouv\u00e9 son talent en enregistrant un temps\u2026","og_url":"https:\/\/sport-index.fr\/blog\/a-la-une\/franjo-von-allmen-la-descente-a-crans-montana-qui-va-vous-captiver\/","og_site_name":"sport-index","og_image":[{"width":1024,"height":576,"url":"https:\/\/sport-index.fr\/blog\/wp-content\/uploads\/2025\/02\/stability-franjo-von-allmen-la-descente-a-crans-montana-qui-va-vous-captiver.png","type":"image\/png"}],"author":"Axel Lauzier","twitter_card":"summary_large_image","schema":{"@context":"https:\/\/schema.org","@graph":[{"@type":"NewsArticle","@id":"https:\/\/sport-index.fr\/blog\/a-la-une\/franjo-von-allmen-la-descente-a-crans-montana-qui-va-vous-captiver\/#article","isPartOf":{"@id":"https:\/\/sport-index.fr\/blog\/a-la-une\/franjo-von-allmen-la-descente-a-crans-montana-qui-va-vous-captiver\/"},"author":{"name":"Axel Lauzier","@id":"https:\/\/sport-index.fr\/blog\/#\/schema\/person\/3c864cdc320801e3db34b663e7e3f816"},"headline":"Franjo Von Allmen : la descente \u00e0 Crans-Montana qui va vous captiver","datePublished":"2025-02-23T09:04:19+00:00","mainEntityOfPage":{"@id":"https:\/\/sport-index.fr\/blog\/a-la-une\/franjo-von-allmen-la-descente-a-crans-montana-qui-va-vous-captiver\/"},"wordCount":501,"commentCount":25,"publisher":{"@id":"https:\/\/sport-index.fr\/blog\/#organization"},"image":{"@id":"https:\/\/sport-index.fr\/blog\/a-la-une\/franjo-von-allmen-la-descente-a-crans-montana-qui-va-vous-captiver\/#primaryimage"},"thumbnailUrl":"https:\/\/sport-index.fr\/blog\/wp-content\/uploads\/2025\/02\/stability-franjo-von-allmen-la-descente-a-crans-montana-qui-va-vous-captiver.png","keywords":["Comp\u00e9tition","Performance Athl\u00e9tique","Pr\u00e9paration Mentale","R\u00e9silience","Ski Alpin"],"articleSection":["\u00c0 la une"],"inLanguage":"fr-FR","potentialAction":[{"@type":"CommentAction","name":"Comment","target":["https:\/\/sport-index.fr\/blog\/a-la-une\/franjo-von-allmen-la-descente-a-crans-montana-qui-va-vous-captiver\/#respond"]}]},{"@type":"WebPage","@id":"https:\/\/sport-index.fr\/blog\/a-la-une\/franjo-von-allmen-la-descente-a-crans-montana-qui-va-vous-captiver\/","url":"https:\/\/sport-index.fr\/blog\/a-la-une\/franjo-von-allmen-la-descente-a-crans-montana-qui-va-vous-captiver\/","name":"Franjo Von Allmen : la descente \u00e0 Crans-Montana qui va vous","isPartOf":{"@id":"https:\/\/sport-index.fr\/blog\/#website"},"primaryImageOfPage":{"@id":"https:\/\/sport-index.fr\/blog\/a-la-une\/franjo-von-allmen-la-descente-a-crans-montana-qui-va-vous-captiver\/#primaryimage"},"image":{"@id":"https:\/\/sport-index.fr\/blog\/a-la-une\/franjo-von-allmen-la-descente-a-crans-montana-qui-va-vous-captiver\/#primaryimage"},"thumbnailUrl":"https:\/\/sport-index.fr\/blog\/wp-content\/uploads\/2025\/02\/stability-franjo-von-allmen-la-descente-a-crans-montana-qui-va-vous-captiver.png","datePublished":"2025-02-23T09:04:19+00:00","description":"Une performance \u00e9blouissante sur les pistes de Crans-Montana Le jeune prodige suisse a une fois de plus prouv\u00e9 son talent en enregistrant un temps\u2026","inLanguage":"fr-FR","potentialAction":[{"@type":"ReadAction","target":["https:\/\/sport-index.fr\/blog\/a-la-une\/franjo-von-allmen-la-descente-a-crans-montana-qui-va-vous-captiver\/"]}]},{"@type":"ImageObject","inLanguage":"fr-FR","@id":"https:\/\/sport-index.fr\/blog\/a-la-une\/franjo-von-allmen-la-descente-a-crans-montana-qui-va-vous-captiver\/#primaryimage","url":"https:\/\/sport-index.fr\/blog\/wp-content\/uploads\/2025\/02\/stability-franjo-von-allmen-la-descente-a-crans-montana-qui-va-vous-captiver.png","contentUrl":"https:\/\/sport-index.fr\/blog\/wp-content\/uploads\/2025\/02\/stability-franjo-von-allmen-la-descente-a-crans-montana-qui-va-vous-captiver.png","width":1024,"height":576},{"@type":"WebSite","@id":"https:\/\/sport-index.fr\/blog\/#website","url":"https:\/\/sport-index.fr\/blog\/","name":"sport-index.fr","description":"Le score de l\u2019analyse sportive.","publisher":{"@id":"https:\/\/sport-index.fr\/blog\/#organization"},"alternateName":"Le score de l\u2019analyse sportive.","potentialAction":[{"@type":"SearchAction","target":{"@type":"EntryPoint","urlTemplate":"https:\/\/sport-index.fr\/blog\/?s={search_term_string}"},"query-input":{"@type":"PropertyValueSpecification","valueRequired":true,"valueName":"search_term_string"}}],"inLanguage":"fr-FR"},{"@type":"Organization","@id":"https:\/\/sport-index.fr\/blog\/#organization","name":"Foretsensations.fr","url":"https:\/\/sport-index.fr\/blog\/","logo":{"@type":"ImageObject","inLanguage":"fr-FR","@id":"https:\/\/sport-index.fr\/blog\/#\/schema\/logo\/image\/","url":"https:\/\/sport-index.fr\/blog\/wp-content\/uploads\/2026\/07\/logo-auto.png","contentUrl":"https:\/\/sport-index.fr\/blog\/wp-content\/uploads\/2026\/07\/logo-auto.png","width":1024,"height":1024,"caption":"Foretsensations.fr"},"image":{"@id":"https:\/\/sport-index.fr\/blog\/#\/schema\/logo\/image\/"}},{"@type":"Person","@id":"https:\/\/sport-index.fr\/blog\/#\/schema\/person\/3c864cdc320801e3db34b663e7e3f816","name":"Axel Lauzier","image":{"@type":"ImageObject","inLanguage":"fr-FR","@id":"https:\/\/sport-index.fr\/blog\/#\/schema\/person\/image\/","url":"https:\/\/sport-index.fr\/blog\/wp-content\/uploads\/2026\/06\/persona_axel-l-96x96.jpg","contentUrl":"https:\/\/sport-index.fr\/blog\/wp-content\/uploads\/2026\/06\/persona_axel-l-96x96.jpg","caption":"Axel Lauzier"},"description":"Le sport rythme mon quotidien depuis l'enfance, et j'en ai fait mon m\u00e9tier d'analyste r\u00e9dactionnel il y a une dizaine d'ann\u00e9es. Je couvre principalement le football, son actualit\u00e9, ses transferts et l'analyse tactique des grandes affiches, mais aussi les disciplines plus confidentielles que j'aime remettre en lumi\u00e8re. Une partie de mon travail porte sur les pronostics et la lecture statistique d'un match : forme des \u00e9quipes, historique des confrontations, compositions, sans jamais vendre de fausse certitude. Je rappelle syst\u00e9matiquement que parier comporte un risque et doit rester un loisir ma\u00eetris\u00e9. Avant de signer une analyse, je v\u00e9rifie mes chiffres, je recoupe les compositions probables et je distingue toujours la donn\u00e9e brute de l'intuition. Mon objectif : offrir une lecture honn\u00eate et argument\u00e9e, pas un ticket gagnant garanti.","sameAs":["https:\/\/axellauzier.fr\/"],"url":"https:\/\/sport-index.fr\/blog\/auteur\/noname\/"}]}},"_links":{"self":[{"href":"https:\/\/sport-index.fr\/blog\/wp-json\/wp\/v2\/posts\/10141","targetHints":{"allow":["GET"]}}],"collection":[{"href":"https:\/\/sport-index.fr\/blog\/wp-json\/wp\/v2\/posts"}],"about":[{"href":"https:\/\/sport-index.fr\/blog\/wp-json\/wp\/v2\/types\/post"}],"author":[{"embeddable":true,"href":"https:\/\/sport-index.fr\/blog\/wp-json\/wp\/v2\/users\/34"}],"replies":[{"embeddable":true,"href":"https:\/\/sport-index.fr\/blog\/wp-json\/wp\/v2\/comments?post=10141"}],"version-history":[{"count":2,"href":"https:\/\/sport-index.fr\/blog\/wp-json\/wp\/v2\/posts\/10141\/revisions"}],"predecessor-version":[{"id":10657,"href":"https:\/\/sport-index.fr\/blog\/wp-json\/wp\/v2\/posts\/10141\/revisions\/10657"}],"wp:featuredmedia":[{"embeddable":true,"href":"https:\/\/sport-index.fr\/blog\/wp-json\/wp\/v2\/media\/10142"}],"wp:attachment":[{"href":"https:\/\/sport-index.fr\/blog\/wp-json\/wp\/v2\/media?parent=10141"}],"wp:term":[{"taxonomy":"category","embeddable":true,"href":"https:\/\/sport-index.fr\/blog\/wp-json\/wp\/v2\/categories?post=10141"},{"taxonomy":"post_tag","embeddable":true,"href":"https:\/\/sport-index.fr\/blog\/wp-json\/wp\/v2\/tags?post=10141"}],"curies":[{"name":"wp","href":"https:\/\/api.w.org\/{rel}","templated":true}]}}