{"id":10145,"date":"2025-02-22T12:27:52","date_gmt":"2025-02-22T11:27:52","guid":{"rendered":"https:\/\/sport-index.fr\/blog\/?p=10145"},"modified":"2025-02-22T11:38:54","modified_gmt":"2025-02-22T10:38:54","slug":"franjo-von-allmen-brille-a-crans-montana-un-triomphe-suisse-en-descente","status":"publish","type":"post","link":"https:\/\/sport-index.fr\/blog\/a-la-une\/franjo-von-allmen-brille-a-crans-montana-un-triomphe-suisse-en-descente\/","title":{"rendered":"Franjo von Allmen brille \u00e0 Crans-Montana : un triomphe suisse en descente"},"content":{"rendered":"<h2>Une victoire \u00e9clatante pour franjo von allmen<\/h2>\n<p>Deux semaines apr\u00e8s son titre mondial \u00e0 Saalbach, il a encha\u00een\u00e9 avec une performance remarquable \u00e0 Crans-Montana. Sa course, bien que marqu\u00e9e par une l\u00e9g\u00e8re erreur dans le bas de la piste, lui a permis de s&rsquo;imposer face \u00e0 des concurrents de haut niveau.<\/p>\n<p>Les spectateurs ont \u00e9t\u00e9 captiv\u00e9s par la ma\u00eetrise de von Allmen, qui a r\u00e9ussi \u00e0 devancer Marco Odermatt de seulement 0,13 seconde et Alexis Monney de 0,42 seconde. Ce podium 100% suisse est un v\u00e9ritable exploit, soulignant la domination helv\u00e8te en descente. Ce succ\u00e8s a \u00e9galement une signification particuli\u00e8re, car c&rsquo;est le premier tripl\u00e9 suisse en descente depuis 29 ans.<\/p>\n<h2>Une descente ma\u00eetris\u00e9e et d\u00e9terminante<\/h2>\n<p>La discipline de la descente requiert une combinaison parfaite de vitesse et de technique. Von Allmen a su allier ces deux \u00e9l\u00e9ments pour offrir une performance quasi parfaite. Son habilet\u00e9 sur la neige et sa capacit\u00e9 \u00e0 naviguer dans les virages serr\u00e9s ont \u00e9t\u00e9 d\u00e9terminantes pour son succ\u00e8s.<img decoding=\"async\" width=\"1024\" height=\"576\" src=\"https:\/\/sport-index.fr\/blog\/wp-content\/uploads\/2025\/02\/stability-franjo-von-allmen-brille-a-crans-montana-un-triomphe-suisse-en-descente-1.png\" class=\"aligncenter\" alt=\"Illustration d\u00e9taill\u00e9e sur Franjo von Allmen brille \u00e0 Crans-Montana : un triomphe suisse en descente\" title=\"Franjo von Allmen brille \u00e0 Crans-Montana : un triomphe suisse en descente\" loading=\"lazy\" \/><\/p>\n<p>Le skieur a remport\u00e9 quatre des cinq descentes de la Coupe du Monde cette saison, confirmant ainsi son statut de meilleur skieur actuel. Son talent ne se limite pas \u00e0 cette comp\u00e9tition, car il continue de briller sur les pistes du monde entier. Les fans de ski se r\u00e9jouissent de suivre sa carri\u00e8re prometteuse.<\/p>\n<h2>Des r\u00e9sultats encourageants pour les skieurs suisses<\/h2>\n<p>Au-del\u00e0 de la victoire de von Allmen, la performance des autres skieurs suisses m\u00e9rite d&rsquo;\u00eatre soulign\u00e9e. Marco Odermatt et Alexis Monney ont \u00e9galement r\u00e9alis\u00e9 des courses impressionnantes, contribuant \u00e0 la fiert\u00e9 nationale. Nils Allegre, le meilleur Fran\u00e7ais, a termin\u00e9 en 12e position, mais son potentiel reste \u00e0 surveiller.<\/p>\n<p>Cette victoire \u00e0 Crans-Montana est le reflet d&rsquo;une pr\u00e9paration minutieuse et d&rsquo;un esprit d&rsquo;\u00e9quipe solide parmi les skieurs suisses. Les fans attendent avec impatience les prochaines comp\u00e9titions, esp\u00e9rant voir d&rsquo;autres succ\u00e8s. Le ski alpin suisse est en pleine forme et continue de s\u00e9duire le public.<\/p>\n<blockquote><p>\n    \u00ab La descente est un art qui demande pr\u00e9cision et rapidit\u00e9, et Franjo a prouv\u00e9 qu&rsquo;il ma\u00eetrise cet art \u00e0 la perfection. \u00bb &#8211; Commentateur d&rsquo;Eurosport\n<\/p><\/blockquote>\n<ul>\n<li>Franjo von Allmen remporte son premier podium en Coupe du Monde.<\/li>\n<li>Marco Odermatt et Alexis Monney compl\u00e8tent le podium.<\/li>\n<li>Le premier tripl\u00e9 suisse en descente depuis 29 ans.<\/li>\n<li>Nils Allegre, le meilleur fran\u00e7ais, termine 12e.<\/li>\n<li>Une saison domin\u00e9e par les skieurs suisses en descente.<\/li>\n<\/ul>\n<p>Cet article pr\u00e9sente un aper\u00e7u complet de la victoire de Franjo von Allmen \u00e0 Crans-Montana, mettant en lumi\u00e8re ses performances exceptionnelles ainsi que celles de ses compatriotes. L&rsquo;enthousiasme autour du ski alpin suisse est palpable et promet une saison riche en \u00e9motions pour les amateurs de ce sport.<\/p>\n","protected":false},"excerpt":{"rendered":"","protected":false},"author":34,"featured_media":10146,"comment_status":"open","ping_status":"open","sticky":false,"template":"","format":"standard","meta":{"_acf_changed":false,"manual_indexmenow":false,"indexmenow_id_project":0,"footnotes":""},"categories":[1],"tags":[4745,4544,4563,4408,4591],"class_list":["post-10145","post","type-post","status-publish","format-standard","has-post-thumbnail","hentry","category-a-la-une","tag-competition","tag-equipe","tag-performance-athletique","tag-resilience","tag-ski-alpin","generate-columns","tablet-grid-50","mobile-grid-100","grid-parent","grid-25"],"acf":[],"yoast_head":"<!-- This site is optimized with the Yoast SEO Premium plugin v21.3 (Yoast SEO v26.5) - https:\/\/yoast.com\/wordpress\/plugins\/seo\/ -->\n<title>Franjo von Allmen brille \u00e0 Crans-Montana : un triomphe<\/title>\n<meta name=\"description\" content=\"Une victoire \u00e9clatante pour franjo von allmen Deux semaines apr\u00e8s son titre mondial \u00e0 Saalbach, il a encha\u00een\u00e9 avec une performance remarquable \u00e0\u2026\" \/>\n<meta name=\"robots\" content=\"index, follow, max-snippet:-1, max-image-preview:large, max-video-preview:-1\" \/>\n<link rel=\"canonical\" href=\"https:\/\/sport-index.fr\/blog\/a-la-une\/franjo-von-allmen-brille-a-crans-montana-un-triomphe-suisse-en-descente\/\" \/>\n<meta property=\"og:locale\" content=\"fr_FR\" \/>\n<meta property=\"og:type\" content=\"article\" \/>\n<meta property=\"og:title\" content=\"Franjo von Allmen brille \u00e0 Crans-Montana : un triomphe\" \/>\n<meta property=\"og:description\" content=\"Une victoire \u00e9clatante pour franjo von allmen Deux semaines apr\u00e8s son titre mondial \u00e0 Saalbach, il a encha\u00een\u00e9 avec une performance remarquable \u00e0\u2026\" \/>\n<meta property=\"og:url\" content=\"https:\/\/sport-index.fr\/blog\/a-la-une\/franjo-von-allmen-brille-a-crans-montana-un-triomphe-suisse-en-descente\/\" \/>\n<meta property=\"og:site_name\" content=\"sport-index\" \/>\n<meta property=\"og:image\" content=\"https:\/\/sport-index.fr\/blog\/wp-content\/uploads\/2025\/02\/stability-franjo-von-allmen-brille-a-crans-montana-un-triomphe-suisse-en-descente.png\" \/>\n\t<meta property=\"og:image:width\" content=\"1024\" \/>\n\t<meta property=\"og:image:height\" content=\"576\" \/>\n\t<meta property=\"og:image:type\" content=\"image\/png\" \/>\n<meta name=\"author\" content=\"Axel Lauzier\" \/>\n<meta name=\"twitter:card\" content=\"summary_large_image\" \/>\n<script type=\"application\/ld+json\" class=\"yoast-schema-graph\">{\"@context\":\"https:\/\/schema.org\",\"@graph\":[{\"@type\":\"NewsArticle\",\"@id\":\"https:\/\/sport-index.fr\/blog\/a-la-une\/franjo-von-allmen-brille-a-crans-montana-un-triomphe-suisse-en-descente\/#article\",\"isPartOf\":{\"@id\":\"https:\/\/sport-index.fr\/blog\/a-la-une\/franjo-von-allmen-brille-a-crans-montana-un-triomphe-suisse-en-descente\/\"},\"author\":{\"name\":\"Axel Lauzier\",\"@id\":\"https:\/\/sport-index.fr\/blog\/#\/schema\/person\/3c864cdc320801e3db34b663e7e3f816\"},\"headline\":\"Franjo von Allmen brille \u00e0 Crans-Montana : un triomphe suisse en descente\",\"datePublished\":\"2025-02-22T11:27:52+00:00\",\"mainEntityOfPage\":{\"@id\":\"https:\/\/sport-index.fr\/blog\/a-la-une\/franjo-von-allmen-brille-a-crans-montana-un-triomphe-suisse-en-descente\/\"},\"wordCount\":478,\"commentCount\":25,\"publisher\":{\"@id\":\"https:\/\/sport-index.fr\/blog\/#organization\"},\"image\":{\"@id\":\"https:\/\/sport-index.fr\/blog\/a-la-une\/franjo-von-allmen-brille-a-crans-montana-un-triomphe-suisse-en-descente\/#primaryimage\"},\"thumbnailUrl\":\"https:\/\/sport-index.fr\/blog\/wp-content\/uploads\/2025\/02\/stability-franjo-von-allmen-brille-a-crans-montana-un-triomphe-suisse-en-descente.png\",\"keywords\":[\"Comp\u00e9tition\",\"\u00c9quipe\",\"Performance Athl\u00e9tique\",\"R\u00e9silience\",\"Ski Alpin\"],\"articleSection\":[\"\u00c0 la une\"],\"inLanguage\":\"fr-FR\",\"potentialAction\":[{\"@type\":\"CommentAction\",\"name\":\"Comment\",\"target\":[\"https:\/\/sport-index.fr\/blog\/a-la-une\/franjo-von-allmen-brille-a-crans-montana-un-triomphe-suisse-en-descente\/#respond\"]}]},{\"@type\":\"WebPage\",\"@id\":\"https:\/\/sport-index.fr\/blog\/a-la-une\/franjo-von-allmen-brille-a-crans-montana-un-triomphe-suisse-en-descente\/\",\"url\":\"https:\/\/sport-index.fr\/blog\/a-la-une\/franjo-von-allmen-brille-a-crans-montana-un-triomphe-suisse-en-descente\/\",\"name\":\"Franjo von Allmen brille \u00e0 Crans-Montana : un triomphe\",\"isPartOf\":{\"@id\":\"https:\/\/sport-index.fr\/blog\/#website\"},\"primaryImageOfPage\":{\"@id\":\"https:\/\/sport-index.fr\/blog\/a-la-une\/franjo-von-allmen-brille-a-crans-montana-un-triomphe-suisse-en-descente\/#primaryimage\"},\"image\":{\"@id\":\"https:\/\/sport-index.fr\/blog\/a-la-une\/franjo-von-allmen-brille-a-crans-montana-un-triomphe-suisse-en-descente\/#primaryimage\"},\"thumbnailUrl\":\"https:\/\/sport-index.fr\/blog\/wp-content\/uploads\/2025\/02\/stability-franjo-von-allmen-brille-a-crans-montana-un-triomphe-suisse-en-descente.png\",\"datePublished\":\"2025-02-22T11:27:52+00:00\",\"description\":\"Une victoire \u00e9clatante pour franjo von allmen Deux semaines apr\u00e8s son titre mondial \u00e0 Saalbach, il a encha\u00een\u00e9 avec une performance remarquable \u00e0\u2026\",\"inLanguage\":\"fr-FR\",\"potentialAction\":[{\"@type\":\"ReadAction\",\"target\":[\"https:\/\/sport-index.fr\/blog\/a-la-une\/franjo-von-allmen-brille-a-crans-montana-un-triomphe-suisse-en-descente\/\"]}]},{\"@type\":\"ImageObject\",\"inLanguage\":\"fr-FR\",\"@id\":\"https:\/\/sport-index.fr\/blog\/a-la-une\/franjo-von-allmen-brille-a-crans-montana-un-triomphe-suisse-en-descente\/#primaryimage\",\"url\":\"https:\/\/sport-index.fr\/blog\/wp-content\/uploads\/2025\/02\/stability-franjo-von-allmen-brille-a-crans-montana-un-triomphe-suisse-en-descente.png\",\"contentUrl\":\"https:\/\/sport-index.fr\/blog\/wp-content\/uploads\/2025\/02\/stability-franjo-von-allmen-brille-a-crans-montana-un-triomphe-suisse-en-descente.png\",\"width\":1024,\"height\":576},{\"@type\":\"WebSite\",\"@id\":\"https:\/\/sport-index.fr\/blog\/#website\",\"url\":\"https:\/\/sport-index.fr\/blog\/\",\"name\":\"sport-index.fr\",\"description\":\"Le score de l\u2019analyse sportive.\",\"publisher\":{\"@id\":\"https:\/\/sport-index.fr\/blog\/#organization\"},\"alternateName\":\"Le score de l\u2019analyse sportive.\",\"potentialAction\":[{\"@type\":\"SearchAction\",\"target\":{\"@type\":\"EntryPoint\",\"urlTemplate\":\"https:\/\/sport-index.fr\/blog\/?s={search_term_string}\"},\"query-input\":{\"@type\":\"PropertyValueSpecification\",\"valueRequired\":true,\"valueName\":\"search_term_string\"}}],\"inLanguage\":\"fr-FR\"},{\"@type\":\"Organization\",\"@id\":\"https:\/\/sport-index.fr\/blog\/#organization\",\"name\":\"Foretsensations.fr\",\"url\":\"https:\/\/sport-index.fr\/blog\/\",\"logo\":{\"@type\":\"ImageObject\",\"inLanguage\":\"fr-FR\",\"@id\":\"https:\/\/sport-index.fr\/blog\/#\/schema\/logo\/image\/\",\"url\":\"https:\/\/sport-index.fr\/blog\/wp-content\/uploads\/2026\/07\/logo-auto.png\",\"contentUrl\":\"https:\/\/sport-index.fr\/blog\/wp-content\/uploads\/2026\/07\/logo-auto.png\",\"width\":1024,\"height\":1024,\"caption\":\"Foretsensations.fr\"},\"image\":{\"@id\":\"https:\/\/sport-index.fr\/blog\/#\/schema\/logo\/image\/\"}},{\"@type\":\"Person\",\"@id\":\"https:\/\/sport-index.fr\/blog\/#\/schema\/person\/3c864cdc320801e3db34b663e7e3f816\",\"name\":\"Axel Lauzier\",\"image\":{\"@type\":\"ImageObject\",\"inLanguage\":\"fr-FR\",\"@id\":\"https:\/\/sport-index.fr\/blog\/#\/schema\/person\/image\/\",\"url\":\"https:\/\/sport-index.fr\/blog\/wp-content\/uploads\/2026\/06\/persona_axel-l-96x96.jpg\",\"contentUrl\":\"https:\/\/sport-index.fr\/blog\/wp-content\/uploads\/2026\/06\/persona_axel-l-96x96.jpg\",\"caption\":\"Axel Lauzier\"},\"description\":\"Le sport rythme mon quotidien depuis l'enfance, et j'en ai fait mon m\u00e9tier d'analyste r\u00e9dactionnel il y a une dizaine d'ann\u00e9es. Je couvre principalement le football, son actualit\u00e9, ses transferts et l'analyse tactique des grandes affiches, mais aussi les disciplines plus confidentielles que j'aime remettre en lumi\u00e8re. Une partie de mon travail porte sur les pronostics et la lecture statistique d'un match : forme des \u00e9quipes, historique des confrontations, compositions, sans jamais vendre de fausse certitude. Je rappelle syst\u00e9matiquement que parier comporte un risque et doit rester un loisir ma\u00eetris\u00e9. Avant de signer une analyse, je v\u00e9rifie mes chiffres, je recoupe les compositions probables et je distingue toujours la donn\u00e9e brute de l'intuition. Mon objectif : offrir une lecture honn\u00eate et argument\u00e9e, pas un ticket gagnant garanti.\",\"sameAs\":[\"https:\/\/axellauzier.fr\/\"],\"url\":\"https:\/\/sport-index.fr\/blog\/auteur\/noname\/\"}]}<\/script>\n<!-- \/ Yoast SEO Premium plugin. -->","yoast_head_json":{"title":"Franjo von Allmen brille \u00e0 Crans-Montana : un triomphe","description":"Une victoire \u00e9clatante pour franjo von allmen Deux semaines apr\u00e8s son titre mondial \u00e0 Saalbach, il a encha\u00een\u00e9 avec une performance remarquable \u00e0\u2026","robots":{"index":"index","follow":"follow","max-snippet":"max-snippet:-1","max-image-preview":"max-image-preview:large","max-video-preview":"max-video-preview:-1"},"canonical":"https:\/\/sport-index.fr\/blog\/a-la-une\/franjo-von-allmen-brille-a-crans-montana-un-triomphe-suisse-en-descente\/","og_locale":"fr_FR","og_type":"article","og_title":"Franjo von Allmen brille \u00e0 Crans-Montana : un triomphe","og_description":"Une victoire \u00e9clatante pour franjo von allmen Deux semaines apr\u00e8s son titre mondial \u00e0 Saalbach, il a encha\u00een\u00e9 avec une performance remarquable \u00e0\u2026","og_url":"https:\/\/sport-index.fr\/blog\/a-la-une\/franjo-von-allmen-brille-a-crans-montana-un-triomphe-suisse-en-descente\/","og_site_name":"sport-index","og_image":[{"width":1024,"height":576,"url":"https:\/\/sport-index.fr\/blog\/wp-content\/uploads\/2025\/02\/stability-franjo-von-allmen-brille-a-crans-montana-un-triomphe-suisse-en-descente.png","type":"image\/png"}],"author":"Axel Lauzier","twitter_card":"summary_large_image","schema":{"@context":"https:\/\/schema.org","@graph":[{"@type":"NewsArticle","@id":"https:\/\/sport-index.fr\/blog\/a-la-une\/franjo-von-allmen-brille-a-crans-montana-un-triomphe-suisse-en-descente\/#article","isPartOf":{"@id":"https:\/\/sport-index.fr\/blog\/a-la-une\/franjo-von-allmen-brille-a-crans-montana-un-triomphe-suisse-en-descente\/"},"author":{"name":"Axel Lauzier","@id":"https:\/\/sport-index.fr\/blog\/#\/schema\/person\/3c864cdc320801e3db34b663e7e3f816"},"headline":"Franjo von Allmen brille \u00e0 Crans-Montana : un triomphe suisse en descente","datePublished":"2025-02-22T11:27:52+00:00","mainEntityOfPage":{"@id":"https:\/\/sport-index.fr\/blog\/a-la-une\/franjo-von-allmen-brille-a-crans-montana-un-triomphe-suisse-en-descente\/"},"wordCount":478,"commentCount":25,"publisher":{"@id":"https:\/\/sport-index.fr\/blog\/#organization"},"image":{"@id":"https:\/\/sport-index.fr\/blog\/a-la-une\/franjo-von-allmen-brille-a-crans-montana-un-triomphe-suisse-en-descente\/#primaryimage"},"thumbnailUrl":"https:\/\/sport-index.fr\/blog\/wp-content\/uploads\/2025\/02\/stability-franjo-von-allmen-brille-a-crans-montana-un-triomphe-suisse-en-descente.png","keywords":["Comp\u00e9tition","\u00c9quipe","Performance Athl\u00e9tique","R\u00e9silience","Ski Alpin"],"articleSection":["\u00c0 la une"],"inLanguage":"fr-FR","potentialAction":[{"@type":"CommentAction","name":"Comment","target":["https:\/\/sport-index.fr\/blog\/a-la-une\/franjo-von-allmen-brille-a-crans-montana-un-triomphe-suisse-en-descente\/#respond"]}]},{"@type":"WebPage","@id":"https:\/\/sport-index.fr\/blog\/a-la-une\/franjo-von-allmen-brille-a-crans-montana-un-triomphe-suisse-en-descente\/","url":"https:\/\/sport-index.fr\/blog\/a-la-une\/franjo-von-allmen-brille-a-crans-montana-un-triomphe-suisse-en-descente\/","name":"Franjo von Allmen brille \u00e0 Crans-Montana : un triomphe","isPartOf":{"@id":"https:\/\/sport-index.fr\/blog\/#website"},"primaryImageOfPage":{"@id":"https:\/\/sport-index.fr\/blog\/a-la-une\/franjo-von-allmen-brille-a-crans-montana-un-triomphe-suisse-en-descente\/#primaryimage"},"image":{"@id":"https:\/\/sport-index.fr\/blog\/a-la-une\/franjo-von-allmen-brille-a-crans-montana-un-triomphe-suisse-en-descente\/#primaryimage"},"thumbnailUrl":"https:\/\/sport-index.fr\/blog\/wp-content\/uploads\/2025\/02\/stability-franjo-von-allmen-brille-a-crans-montana-un-triomphe-suisse-en-descente.png","datePublished":"2025-02-22T11:27:52+00:00","description":"Une victoire \u00e9clatante pour franjo von allmen Deux semaines apr\u00e8s son titre mondial \u00e0 Saalbach, il a encha\u00een\u00e9 avec une performance remarquable \u00e0\u2026","inLanguage":"fr-FR","potentialAction":[{"@type":"ReadAction","target":["https:\/\/sport-index.fr\/blog\/a-la-une\/franjo-von-allmen-brille-a-crans-montana-un-triomphe-suisse-en-descente\/"]}]},{"@type":"ImageObject","inLanguage":"fr-FR","@id":"https:\/\/sport-index.fr\/blog\/a-la-une\/franjo-von-allmen-brille-a-crans-montana-un-triomphe-suisse-en-descente\/#primaryimage","url":"https:\/\/sport-index.fr\/blog\/wp-content\/uploads\/2025\/02\/stability-franjo-von-allmen-brille-a-crans-montana-un-triomphe-suisse-en-descente.png","contentUrl":"https:\/\/sport-index.fr\/blog\/wp-content\/uploads\/2025\/02\/stability-franjo-von-allmen-brille-a-crans-montana-un-triomphe-suisse-en-descente.png","width":1024,"height":576},{"@type":"WebSite","@id":"https:\/\/sport-index.fr\/blog\/#website","url":"https:\/\/sport-index.fr\/blog\/","name":"sport-index.fr","description":"Le score de l\u2019analyse sportive.","publisher":{"@id":"https:\/\/sport-index.fr\/blog\/#organization"},"alternateName":"Le score de l\u2019analyse sportive.","potentialAction":[{"@type":"SearchAction","target":{"@type":"EntryPoint","urlTemplate":"https:\/\/sport-index.fr\/blog\/?s={search_term_string}"},"query-input":{"@type":"PropertyValueSpecification","valueRequired":true,"valueName":"search_term_string"}}],"inLanguage":"fr-FR"},{"@type":"Organization","@id":"https:\/\/sport-index.fr\/blog\/#organization","name":"Foretsensations.fr","url":"https:\/\/sport-index.fr\/blog\/","logo":{"@type":"ImageObject","inLanguage":"fr-FR","@id":"https:\/\/sport-index.fr\/blog\/#\/schema\/logo\/image\/","url":"https:\/\/sport-index.fr\/blog\/wp-content\/uploads\/2026\/07\/logo-auto.png","contentUrl":"https:\/\/sport-index.fr\/blog\/wp-content\/uploads\/2026\/07\/logo-auto.png","width":1024,"height":1024,"caption":"Foretsensations.fr"},"image":{"@id":"https:\/\/sport-index.fr\/blog\/#\/schema\/logo\/image\/"}},{"@type":"Person","@id":"https:\/\/sport-index.fr\/blog\/#\/schema\/person\/3c864cdc320801e3db34b663e7e3f816","name":"Axel Lauzier","image":{"@type":"ImageObject","inLanguage":"fr-FR","@id":"https:\/\/sport-index.fr\/blog\/#\/schema\/person\/image\/","url":"https:\/\/sport-index.fr\/blog\/wp-content\/uploads\/2026\/06\/persona_axel-l-96x96.jpg","contentUrl":"https:\/\/sport-index.fr\/blog\/wp-content\/uploads\/2026\/06\/persona_axel-l-96x96.jpg","caption":"Axel Lauzier"},"description":"Le sport rythme mon quotidien depuis l'enfance, et j'en ai fait mon m\u00e9tier d'analyste r\u00e9dactionnel il y a une dizaine d'ann\u00e9es. Je couvre principalement le football, son actualit\u00e9, ses transferts et l'analyse tactique des grandes affiches, mais aussi les disciplines plus confidentielles que j'aime remettre en lumi\u00e8re. Une partie de mon travail porte sur les pronostics et la lecture statistique d'un match : forme des \u00e9quipes, historique des confrontations, compositions, sans jamais vendre de fausse certitude. Je rappelle syst\u00e9matiquement que parier comporte un risque et doit rester un loisir ma\u00eetris\u00e9. Avant de signer une analyse, je v\u00e9rifie mes chiffres, je recoupe les compositions probables et je distingue toujours la donn\u00e9e brute de l'intuition. Mon objectif : offrir une lecture honn\u00eate et argument\u00e9e, pas un ticket gagnant garanti.","sameAs":["https:\/\/axellauzier.fr\/"],"url":"https:\/\/sport-index.fr\/blog\/auteur\/noname\/"}]}},"_links":{"self":[{"href":"https:\/\/sport-index.fr\/blog\/wp-json\/wp\/v2\/posts\/10145","targetHints":{"allow":["GET"]}}],"collection":[{"href":"https:\/\/sport-index.fr\/blog\/wp-json\/wp\/v2\/posts"}],"about":[{"href":"https:\/\/sport-index.fr\/blog\/wp-json\/wp\/v2\/types\/post"}],"author":[{"embeddable":true,"href":"https:\/\/sport-index.fr\/blog\/wp-json\/wp\/v2\/users\/34"}],"replies":[{"embeddable":true,"href":"https:\/\/sport-index.fr\/blog\/wp-json\/wp\/v2\/comments?post=10145"}],"version-history":[{"count":2,"href":"https:\/\/sport-index.fr\/blog\/wp-json\/wp\/v2\/posts\/10145\/revisions"}],"predecessor-version":[{"id":10153,"href":"https:\/\/sport-index.fr\/blog\/wp-json\/wp\/v2\/posts\/10145\/revisions\/10153"}],"wp:featuredmedia":[{"embeddable":true,"href":"https:\/\/sport-index.fr\/blog\/wp-json\/wp\/v2\/media\/10146"}],"wp:attachment":[{"href":"https:\/\/sport-index.fr\/blog\/wp-json\/wp\/v2\/media?parent=10145"}],"wp:term":[{"taxonomy":"category","embeddable":true,"href":"https:\/\/sport-index.fr\/blog\/wp-json\/wp\/v2\/categories?post=10145"},{"taxonomy":"post_tag","embeddable":true,"href":"https:\/\/sport-index.fr\/blog\/wp-json\/wp\/v2\/tags?post=10145"}],"curies":[{"name":"wp","href":"https:\/\/api.w.org\/{rel}","templated":true}]}}