{"id":10464,"date":"2025-02-24T13:26:37","date_gmt":"2025-02-24T12:26:37","guid":{"rendered":"https:\/\/sport-index.fr\/blog\/?p=10464"},"modified":"2025-02-22T22:12:44","modified_gmt":"2025-02-22T21:12:44","slug":"la-rochelle-face-a-la-tempete-ronan-ogara-appelle-a-la-realite-et-a-la-resilience","status":"publish","type":"post","link":"https:\/\/sport-index.fr\/blog\/a-la-une\/la-rochelle-face-a-la-tempete-ronan-ogara-appelle-a-la-realite-et-a-la-resilience\/","title":{"rendered":"La Rochelle face \u00e0 la temp\u00eate : Ronan O\u2019Gara appelle \u00e0 la r\u00e9alit\u00e9 et \u00e0 la r\u00e9silience"},"content":{"rendered":"<h2>Une p\u00e9riode de crise \u00e0 La Rochelle<\/h2>\n<p>Apr\u00e8s une d\u00e9faite d\u00e9cevante contre le Racing 92, il admet que la situation actuelle est inacceptable pour un club de Top 14. Les r\u00e9sultats m\u00e9diocres soul\u00e8vent des questions cruciales sur la capacit\u00e9 de l&rsquo;\u00e9quipe \u00e0 se battre pour son maintien.<\/p>\n<p>\u00ab C&rsquo;est une crise, et nous devons l&rsquo;accepter \u00bb, a d\u00e9clar\u00e9 O\u2019Gara. Sa franchise face aux d\u00e9fis que le club traverse est \u00e0 la fois un appel \u00e0 la r\u00e9alit\u00e9 et un cri de ralliement pour un groupe qui semble avoir perdu sa motivation. L&rsquo;entra\u00eeneur insiste sur l&rsquo;importance d&rsquo;admettre la situation actuelle pour pouvoir avancer, soulignant que l&rsquo;acceptation est la premi\u00e8re \u00e9tape vers la r\u00e9solution des probl\u00e8mes.<\/p>\n<h2>Les d\u00e9fis d&rsquo;un staff sous pression<\/h2>\n<p>Dans son analyse, O\u2019Gara a \u00e9galement abord\u00e9 la question de la responsabilit\u00e9 au sein du staff. Bien qu&rsquo;il reconnaisse la faiblesse actuelle de l&rsquo;\u00e9quipe, il ne pense pas qu&rsquo;il soit n\u00e9cessaire de proc\u00e9der \u00e0 des changements structurels. \u00ab Je suis tr\u00e8s conscient de notre niveau, c&rsquo;est moi le plus grand responsable \u00bb, a-t-il affirm\u00e9, se positionnant comme le leader qui se bat pour la survie de son club.<\/p>\n<p>Malgr\u00e9 les rumeurs concernant son avenir, O\u2019Gara a r\u00e9affirm\u00e9 sa d\u00e9termination \u00e0 redresser la situation. Il a soulign\u00e9 l&rsquo;importance de la confiance entre le staff et les joueurs, tout en posant une question cruciale : est-ce que les joueurs se battent pour lui ? Cette interrogation t\u00e9moigne d&rsquo;une fracture potentielle dans la dynamique de l&rsquo;\u00e9quipe, qui doit \u00eatre r\u00e9solue rapidement pour \u00e9viter une chute encore plus profonde.<img decoding=\"async\" width=\"1024\" height=\"576\" src=\"https:\/\/sport-index.fr\/blog\/wp-content\/uploads\/2025\/02\/stability-la-rochelle-face-a-la-tempete-ronan-ogara-appelle-a-la-realite-et-a-la-resilience-1.png\" class=\"aligncenter\" alt=\"Illustration d\u00e9taill\u00e9e sur La Rochelle face \u00e0 la temp\u00eate : Ronan O\u2019Gara appelle \u00e0 la r\u00e9alit\u00e9 et \u00e0 la r\u00e9silience\" title=\"La Rochelle face \u00e0 la temp\u00eate : Ronan O\u2019Gara appelle \u00e0 la r\u00e9alit\u00e9 et \u00e0 la r\u00e9silience\" loading=\"lazy\" \/><\/p>\n<h2>Une reconqu\u00eate n\u00e9cessaire pour \u00e9viter le d\u00e9clin<\/h2>\n<p>La situation actuelle de La Rochelle est alarmante, avec moins de dix points d&rsquo;\u00e9cart avec les deux derni\u00e8res places du classement. O\u2019Gara a clairement indiqu\u00e9 que la lutte pour le maintien est une r\u00e9alit\u00e9 in\u00e9luctable. \u00ab Si nous ne sommes pas forts mentalement, nous pouvons encore chuter plus bas \u00bb, a-t-il averti, soulignant l&rsquo;importance de la r\u00e9silience dans les mois \u00e0 venir.<\/p>\n<p>Le manager a \u00e9galement reconnu que la performance de l\u2019\u00e9quipe \u00e0 domicile n&rsquo;\u00e9tait pas \u00e0 la hauteur des attentes des supporters. Le public, qui a toujours \u00e9t\u00e9 un soutien ind\u00e9fectible, a exprim\u00e9 son m\u00e9contentement lors du dernier match, ce qui a pes\u00e9 lourdement sur l&rsquo;ambiance. \u00ab J&rsquo;aime bien \u00e7a. J&rsquo;adore le public ici, mais nous avons besoin de leur soutien pour sortir de cette crise \u00bb, a-t-il ajout\u00e9.<\/p>\n<ul>\n<li>Reconnaissance de la crise par Ronan O\u2019Gara<\/li>\n<li>Importance de la confiance entre le staff et les joueurs<\/li>\n<li>Pression sur l&rsquo;\u00e9quipe pour \u00e9viter la rel\u00e9gation<\/li>\n<li>Besoin de soutien des supporters pour surmonter la temp\u00eate<\/li>\n<li>Rappel des pr\u00e9c\u00e9dents succ\u00e8s et de l&rsquo;identit\u00e9 du club<\/li>\n<\/ul>\n<blockquote><p>\u00ab Peut-\u00eatre que le message ne passe pas. Il y a une vraie option, si le message ne passe pas : peut-\u00eatre que c&rsquo;est meilleur sans moi. \u00bb<\/p><\/blockquote>\n<p>Le d\u00e9fi pour La Rochelle ne se limite pas \u00e0 la simple performance sur le terrain. O\u2019Gara souligne que la motivation des joueurs doit \u00eatre raviv\u00e9e pour que l\u2019\u00e9quipe retrouve son ADN de comp\u00e9titeur. \u00ab O\u00f9 est pass\u00e9e cette motivation de se battre pour le club ? \u00bb s&rsquo;interroge-t-il, alors que l&rsquo;\u00e9quipe doit absolument retrouver l&rsquo;envie de gagner pour esp\u00e9rer sortir de cette spirale n\u00e9gative.<\/p>\n<p>Alors que les semaines \u00e0 venir s\u2019annoncent cruciales, la question demeure : La Rochelle saura-t-elle puiser dans ses ressources pour se relever ? La volont\u00e9 de Ronan O\u2019Gara de s&rsquo;accrocher \u00e0 ses responsabilit\u00e9s et de galvaniser ses joueurs sera d\u00e9terminante pour le futur de ce club embl\u00e9matique du rugby fran\u00e7ais. La route est sem\u00e9e d&#8217;emb\u00fbches, mais l&rsquo;espoir d&rsquo;une renaissance est encore palpable.<\/p>\n","protected":false},"excerpt":{"rendered":"","protected":false},"author":34,"featured_media":10465,"comment_status":"open","ping_status":"open","sticky":false,"template":"","format":"standard","meta":{"_acf_changed":false,"manual_indexmenow":false,"indexmenow_id_project":0,"footnotes":""},"categories":[1],"tags":[4585,4898,4632,4408,4554],"class_list":["post-10464","post","type-post","status-publish","format-standard","has-post-thumbnail","hentry","category-a-la-une","tag-cohesion-dequipe","tag-gestion-du-stress","tag-performance-sportive","tag-resilience","tag-xv-de-france","generate-columns","tablet-grid-50","mobile-grid-100","grid-parent","grid-25"],"acf":[],"yoast_head":"<!-- This site is optimized with the Yoast SEO Premium plugin v21.3 (Yoast SEO v26.5) - https:\/\/yoast.com\/wordpress\/plugins\/seo\/ -->\n<title>La Rochelle face \u00e0 la temp\u00eate : Ronan O\u2019Gara appelle<\/title>\n<meta name=\"description\" content=\"Une p\u00e9riode de crise \u00e0 La Rochelle Apr\u00e8s une d\u00e9faite d\u00e9cevante contre le Racing 92, il admet que la situation actuelle est inacceptable pour un club de\u2026\" \/>\n<meta name=\"robots\" content=\"index, follow, max-snippet:-1, max-image-preview:large, max-video-preview:-1\" \/>\n<link rel=\"canonical\" href=\"https:\/\/sport-index.fr\/blog\/a-la-une\/la-rochelle-face-a-la-tempete-ronan-ogara-appelle-a-la-realite-et-a-la-resilience\/\" \/>\n<meta property=\"og:locale\" content=\"fr_FR\" \/>\n<meta property=\"og:type\" content=\"article\" \/>\n<meta property=\"og:title\" content=\"La Rochelle face \u00e0 la temp\u00eate : Ronan O\u2019Gara appelle\" \/>\n<meta property=\"og:description\" content=\"Une p\u00e9riode de crise \u00e0 La Rochelle Apr\u00e8s une d\u00e9faite d\u00e9cevante contre le Racing 92, il admet que la situation actuelle est inacceptable pour un club de\u2026\" \/>\n<meta property=\"og:url\" content=\"https:\/\/sport-index.fr\/blog\/a-la-une\/la-rochelle-face-a-la-tempete-ronan-ogara-appelle-a-la-realite-et-a-la-resilience\/\" \/>\n<meta property=\"og:site_name\" content=\"sport-index\" \/>\n<meta property=\"og:image\" content=\"https:\/\/sport-index.fr\/blog\/wp-content\/uploads\/2025\/02\/stability-la-rochelle-face-a-la-tempete-ronan-ogara-appelle-a-la-realite-et-a-la-resilience.png\" \/>\n\t<meta property=\"og:image:width\" content=\"1024\" \/>\n\t<meta property=\"og:image:height\" content=\"576\" \/>\n\t<meta property=\"og:image:type\" content=\"image\/png\" \/>\n<meta name=\"author\" content=\"Axel Lauzier\" \/>\n<meta name=\"twitter:card\" content=\"summary_large_image\" \/>\n<script type=\"application\/ld+json\" class=\"yoast-schema-graph\">{\"@context\":\"https:\/\/schema.org\",\"@graph\":[{\"@type\":\"NewsArticle\",\"@id\":\"https:\/\/sport-index.fr\/blog\/a-la-une\/la-rochelle-face-a-la-tempete-ronan-ogara-appelle-a-la-realite-et-a-la-resilience\/#article\",\"isPartOf\":{\"@id\":\"https:\/\/sport-index.fr\/blog\/a-la-une\/la-rochelle-face-a-la-tempete-ronan-ogara-appelle-a-la-realite-et-a-la-resilience\/\"},\"author\":{\"name\":\"Axel Lauzier\",\"@id\":\"https:\/\/sport-index.fr\/blog\/#\/schema\/person\/3c864cdc320801e3db34b663e7e3f816\"},\"headline\":\"La Rochelle face \u00e0 la temp\u00eate : Ronan O\u2019Gara appelle \u00e0 la r\u00e9alit\u00e9 et \u00e0 la r\u00e9silience\",\"datePublished\":\"2025-02-24T12:26:37+00:00\",\"mainEntityOfPage\":{\"@id\":\"https:\/\/sport-index.fr\/blog\/a-la-une\/la-rochelle-face-a-la-tempete-ronan-ogara-appelle-a-la-realite-et-a-la-resilience\/\"},\"wordCount\":665,\"commentCount\":26,\"publisher\":{\"@id\":\"https:\/\/sport-index.fr\/blog\/#organization\"},\"image\":{\"@id\":\"https:\/\/sport-index.fr\/blog\/a-la-une\/la-rochelle-face-a-la-tempete-ronan-ogara-appelle-a-la-realite-et-a-la-resilience\/#primaryimage\"},\"thumbnailUrl\":\"https:\/\/sport-index.fr\/blog\/wp-content\/uploads\/2025\/02\/stability-la-rochelle-face-a-la-tempete-ronan-ogara-appelle-a-la-realite-et-a-la-resilience.png\",\"keywords\":[\"Coh\u00e9sion d'\u00c9quipe\",\"Gestion Du Stress\",\"Performance sportive\",\"R\u00e9silience\",\"XV de France\"],\"articleSection\":[\"\u00c0 la une\"],\"inLanguage\":\"fr-FR\",\"potentialAction\":[{\"@type\":\"CommentAction\",\"name\":\"Comment\",\"target\":[\"https:\/\/sport-index.fr\/blog\/a-la-une\/la-rochelle-face-a-la-tempete-ronan-ogara-appelle-a-la-realite-et-a-la-resilience\/#respond\"]}]},{\"@type\":\"WebPage\",\"@id\":\"https:\/\/sport-index.fr\/blog\/a-la-une\/la-rochelle-face-a-la-tempete-ronan-ogara-appelle-a-la-realite-et-a-la-resilience\/\",\"url\":\"https:\/\/sport-index.fr\/blog\/a-la-une\/la-rochelle-face-a-la-tempete-ronan-ogara-appelle-a-la-realite-et-a-la-resilience\/\",\"name\":\"La Rochelle face \u00e0 la temp\u00eate : Ronan O\u2019Gara appelle\",\"isPartOf\":{\"@id\":\"https:\/\/sport-index.fr\/blog\/#website\"},\"primaryImageOfPage\":{\"@id\":\"https:\/\/sport-index.fr\/blog\/a-la-une\/la-rochelle-face-a-la-tempete-ronan-ogara-appelle-a-la-realite-et-a-la-resilience\/#primaryimage\"},\"image\":{\"@id\":\"https:\/\/sport-index.fr\/blog\/a-la-une\/la-rochelle-face-a-la-tempete-ronan-ogara-appelle-a-la-realite-et-a-la-resilience\/#primaryimage\"},\"thumbnailUrl\":\"https:\/\/sport-index.fr\/blog\/wp-content\/uploads\/2025\/02\/stability-la-rochelle-face-a-la-tempete-ronan-ogara-appelle-a-la-realite-et-a-la-resilience.png\",\"datePublished\":\"2025-02-24T12:26:37+00:00\",\"description\":\"Une p\u00e9riode de crise \u00e0 La Rochelle Apr\u00e8s une d\u00e9faite d\u00e9cevante contre le Racing 92, il admet que la situation actuelle est inacceptable pour un club de\u2026\",\"inLanguage\":\"fr-FR\",\"potentialAction\":[{\"@type\":\"ReadAction\",\"target\":[\"https:\/\/sport-index.fr\/blog\/a-la-une\/la-rochelle-face-a-la-tempete-ronan-ogara-appelle-a-la-realite-et-a-la-resilience\/\"]}]},{\"@type\":\"ImageObject\",\"inLanguage\":\"fr-FR\",\"@id\":\"https:\/\/sport-index.fr\/blog\/a-la-une\/la-rochelle-face-a-la-tempete-ronan-ogara-appelle-a-la-realite-et-a-la-resilience\/#primaryimage\",\"url\":\"https:\/\/sport-index.fr\/blog\/wp-content\/uploads\/2025\/02\/stability-la-rochelle-face-a-la-tempete-ronan-ogara-appelle-a-la-realite-et-a-la-resilience.png\",\"contentUrl\":\"https:\/\/sport-index.fr\/blog\/wp-content\/uploads\/2025\/02\/stability-la-rochelle-face-a-la-tempete-ronan-ogara-appelle-a-la-realite-et-a-la-resilience.png\",\"width\":1024,\"height\":576},{\"@type\":\"WebSite\",\"@id\":\"https:\/\/sport-index.fr\/blog\/#website\",\"url\":\"https:\/\/sport-index.fr\/blog\/\",\"name\":\"sport-index.fr\",\"description\":\"Le score de l\u2019analyse sportive.\",\"publisher\":{\"@id\":\"https:\/\/sport-index.fr\/blog\/#organization\"},\"alternateName\":\"Le score de l\u2019analyse sportive.\",\"potentialAction\":[{\"@type\":\"SearchAction\",\"target\":{\"@type\":\"EntryPoint\",\"urlTemplate\":\"https:\/\/sport-index.fr\/blog\/?s={search_term_string}\"},\"query-input\":{\"@type\":\"PropertyValueSpecification\",\"valueRequired\":true,\"valueName\":\"search_term_string\"}}],\"inLanguage\":\"fr-FR\"},{\"@type\":\"Organization\",\"@id\":\"https:\/\/sport-index.fr\/blog\/#organization\",\"name\":\"Foretsensations.fr\",\"url\":\"https:\/\/sport-index.fr\/blog\/\",\"logo\":{\"@type\":\"ImageObject\",\"inLanguage\":\"fr-FR\",\"@id\":\"https:\/\/sport-index.fr\/blog\/#\/schema\/logo\/image\/\",\"url\":\"https:\/\/sport-index.fr\/blog\/wp-content\/uploads\/2026\/07\/logo-auto.png\",\"contentUrl\":\"https:\/\/sport-index.fr\/blog\/wp-content\/uploads\/2026\/07\/logo-auto.png\",\"width\":1024,\"height\":1024,\"caption\":\"Foretsensations.fr\"},\"image\":{\"@id\":\"https:\/\/sport-index.fr\/blog\/#\/schema\/logo\/image\/\"}},{\"@type\":\"Person\",\"@id\":\"https:\/\/sport-index.fr\/blog\/#\/schema\/person\/3c864cdc320801e3db34b663e7e3f816\",\"name\":\"Axel Lauzier\",\"image\":{\"@type\":\"ImageObject\",\"inLanguage\":\"fr-FR\",\"@id\":\"https:\/\/sport-index.fr\/blog\/#\/schema\/person\/image\/\",\"url\":\"https:\/\/sport-index.fr\/blog\/wp-content\/uploads\/2026\/06\/persona_axel-l-96x96.jpg\",\"contentUrl\":\"https:\/\/sport-index.fr\/blog\/wp-content\/uploads\/2026\/06\/persona_axel-l-96x96.jpg\",\"caption\":\"Axel Lauzier\"},\"description\":\"Le sport rythme mon quotidien depuis l'enfance, et j'en ai fait mon m\u00e9tier d'analyste r\u00e9dactionnel il y a une dizaine d'ann\u00e9es. Je couvre principalement le football, son actualit\u00e9, ses transferts et l'analyse tactique des grandes affiches, mais aussi les disciplines plus confidentielles que j'aime remettre en lumi\u00e8re. Une partie de mon travail porte sur les pronostics et la lecture statistique d'un match : forme des \u00e9quipes, historique des confrontations, compositions, sans jamais vendre de fausse certitude. Je rappelle syst\u00e9matiquement que parier comporte un risque et doit rester un loisir ma\u00eetris\u00e9. Avant de signer une analyse, je v\u00e9rifie mes chiffres, je recoupe les compositions probables et je distingue toujours la donn\u00e9e brute de l'intuition. Mon objectif : offrir une lecture honn\u00eate et argument\u00e9e, pas un ticket gagnant garanti.\",\"sameAs\":[\"https:\/\/axellauzier.fr\/\"],\"url\":\"https:\/\/sport-index.fr\/blog\/auteur\/noname\/\"}]}<\/script>\n<!-- \/ Yoast SEO Premium plugin. -->","yoast_head_json":{"title":"La Rochelle face \u00e0 la temp\u00eate : Ronan O\u2019Gara appelle","description":"Une p\u00e9riode de crise \u00e0 La Rochelle Apr\u00e8s une d\u00e9faite d\u00e9cevante contre le Racing 92, il admet que la situation actuelle est inacceptable pour un club de\u2026","robots":{"index":"index","follow":"follow","max-snippet":"max-snippet:-1","max-image-preview":"max-image-preview:large","max-video-preview":"max-video-preview:-1"},"canonical":"https:\/\/sport-index.fr\/blog\/a-la-une\/la-rochelle-face-a-la-tempete-ronan-ogara-appelle-a-la-realite-et-a-la-resilience\/","og_locale":"fr_FR","og_type":"article","og_title":"La Rochelle face \u00e0 la temp\u00eate : Ronan O\u2019Gara appelle","og_description":"Une p\u00e9riode de crise \u00e0 La Rochelle Apr\u00e8s une d\u00e9faite d\u00e9cevante contre le Racing 92, il admet que la situation actuelle est inacceptable pour un club de\u2026","og_url":"https:\/\/sport-index.fr\/blog\/a-la-une\/la-rochelle-face-a-la-tempete-ronan-ogara-appelle-a-la-realite-et-a-la-resilience\/","og_site_name":"sport-index","og_image":[{"width":1024,"height":576,"url":"https:\/\/sport-index.fr\/blog\/wp-content\/uploads\/2025\/02\/stability-la-rochelle-face-a-la-tempete-ronan-ogara-appelle-a-la-realite-et-a-la-resilience.png","type":"image\/png"}],"author":"Axel Lauzier","twitter_card":"summary_large_image","schema":{"@context":"https:\/\/schema.org","@graph":[{"@type":"NewsArticle","@id":"https:\/\/sport-index.fr\/blog\/a-la-une\/la-rochelle-face-a-la-tempete-ronan-ogara-appelle-a-la-realite-et-a-la-resilience\/#article","isPartOf":{"@id":"https:\/\/sport-index.fr\/blog\/a-la-une\/la-rochelle-face-a-la-tempete-ronan-ogara-appelle-a-la-realite-et-a-la-resilience\/"},"author":{"name":"Axel Lauzier","@id":"https:\/\/sport-index.fr\/blog\/#\/schema\/person\/3c864cdc320801e3db34b663e7e3f816"},"headline":"La Rochelle face \u00e0 la temp\u00eate : Ronan O\u2019Gara appelle \u00e0 la r\u00e9alit\u00e9 et \u00e0 la r\u00e9silience","datePublished":"2025-02-24T12:26:37+00:00","mainEntityOfPage":{"@id":"https:\/\/sport-index.fr\/blog\/a-la-une\/la-rochelle-face-a-la-tempete-ronan-ogara-appelle-a-la-realite-et-a-la-resilience\/"},"wordCount":665,"commentCount":26,"publisher":{"@id":"https:\/\/sport-index.fr\/blog\/#organization"},"image":{"@id":"https:\/\/sport-index.fr\/blog\/a-la-une\/la-rochelle-face-a-la-tempete-ronan-ogara-appelle-a-la-realite-et-a-la-resilience\/#primaryimage"},"thumbnailUrl":"https:\/\/sport-index.fr\/blog\/wp-content\/uploads\/2025\/02\/stability-la-rochelle-face-a-la-tempete-ronan-ogara-appelle-a-la-realite-et-a-la-resilience.png","keywords":["Coh\u00e9sion d'\u00c9quipe","Gestion Du Stress","Performance sportive","R\u00e9silience","XV de France"],"articleSection":["\u00c0 la une"],"inLanguage":"fr-FR","potentialAction":[{"@type":"CommentAction","name":"Comment","target":["https:\/\/sport-index.fr\/blog\/a-la-une\/la-rochelle-face-a-la-tempete-ronan-ogara-appelle-a-la-realite-et-a-la-resilience\/#respond"]}]},{"@type":"WebPage","@id":"https:\/\/sport-index.fr\/blog\/a-la-une\/la-rochelle-face-a-la-tempete-ronan-ogara-appelle-a-la-realite-et-a-la-resilience\/","url":"https:\/\/sport-index.fr\/blog\/a-la-une\/la-rochelle-face-a-la-tempete-ronan-ogara-appelle-a-la-realite-et-a-la-resilience\/","name":"La Rochelle face \u00e0 la temp\u00eate : Ronan O\u2019Gara appelle","isPartOf":{"@id":"https:\/\/sport-index.fr\/blog\/#website"},"primaryImageOfPage":{"@id":"https:\/\/sport-index.fr\/blog\/a-la-une\/la-rochelle-face-a-la-tempete-ronan-ogara-appelle-a-la-realite-et-a-la-resilience\/#primaryimage"},"image":{"@id":"https:\/\/sport-index.fr\/blog\/a-la-une\/la-rochelle-face-a-la-tempete-ronan-ogara-appelle-a-la-realite-et-a-la-resilience\/#primaryimage"},"thumbnailUrl":"https:\/\/sport-index.fr\/blog\/wp-content\/uploads\/2025\/02\/stability-la-rochelle-face-a-la-tempete-ronan-ogara-appelle-a-la-realite-et-a-la-resilience.png","datePublished":"2025-02-24T12:26:37+00:00","description":"Une p\u00e9riode de crise \u00e0 La Rochelle Apr\u00e8s une d\u00e9faite d\u00e9cevante contre le Racing 92, il admet que la situation actuelle est inacceptable pour un club de\u2026","inLanguage":"fr-FR","potentialAction":[{"@type":"ReadAction","target":["https:\/\/sport-index.fr\/blog\/a-la-une\/la-rochelle-face-a-la-tempete-ronan-ogara-appelle-a-la-realite-et-a-la-resilience\/"]}]},{"@type":"ImageObject","inLanguage":"fr-FR","@id":"https:\/\/sport-index.fr\/blog\/a-la-une\/la-rochelle-face-a-la-tempete-ronan-ogara-appelle-a-la-realite-et-a-la-resilience\/#primaryimage","url":"https:\/\/sport-index.fr\/blog\/wp-content\/uploads\/2025\/02\/stability-la-rochelle-face-a-la-tempete-ronan-ogara-appelle-a-la-realite-et-a-la-resilience.png","contentUrl":"https:\/\/sport-index.fr\/blog\/wp-content\/uploads\/2025\/02\/stability-la-rochelle-face-a-la-tempete-ronan-ogara-appelle-a-la-realite-et-a-la-resilience.png","width":1024,"height":576},{"@type":"WebSite","@id":"https:\/\/sport-index.fr\/blog\/#website","url":"https:\/\/sport-index.fr\/blog\/","name":"sport-index.fr","description":"Le score de l\u2019analyse sportive.","publisher":{"@id":"https:\/\/sport-index.fr\/blog\/#organization"},"alternateName":"Le score de l\u2019analyse sportive.","potentialAction":[{"@type":"SearchAction","target":{"@type":"EntryPoint","urlTemplate":"https:\/\/sport-index.fr\/blog\/?s={search_term_string}"},"query-input":{"@type":"PropertyValueSpecification","valueRequired":true,"valueName":"search_term_string"}}],"inLanguage":"fr-FR"},{"@type":"Organization","@id":"https:\/\/sport-index.fr\/blog\/#organization","name":"Foretsensations.fr","url":"https:\/\/sport-index.fr\/blog\/","logo":{"@type":"ImageObject","inLanguage":"fr-FR","@id":"https:\/\/sport-index.fr\/blog\/#\/schema\/logo\/image\/","url":"https:\/\/sport-index.fr\/blog\/wp-content\/uploads\/2026\/07\/logo-auto.png","contentUrl":"https:\/\/sport-index.fr\/blog\/wp-content\/uploads\/2026\/07\/logo-auto.png","width":1024,"height":1024,"caption":"Foretsensations.fr"},"image":{"@id":"https:\/\/sport-index.fr\/blog\/#\/schema\/logo\/image\/"}},{"@type":"Person","@id":"https:\/\/sport-index.fr\/blog\/#\/schema\/person\/3c864cdc320801e3db34b663e7e3f816","name":"Axel Lauzier","image":{"@type":"ImageObject","inLanguage":"fr-FR","@id":"https:\/\/sport-index.fr\/blog\/#\/schema\/person\/image\/","url":"https:\/\/sport-index.fr\/blog\/wp-content\/uploads\/2026\/06\/persona_axel-l-96x96.jpg","contentUrl":"https:\/\/sport-index.fr\/blog\/wp-content\/uploads\/2026\/06\/persona_axel-l-96x96.jpg","caption":"Axel Lauzier"},"description":"Le sport rythme mon quotidien depuis l'enfance, et j'en ai fait mon m\u00e9tier d'analyste r\u00e9dactionnel il y a une dizaine d'ann\u00e9es. Je couvre principalement le football, son actualit\u00e9, ses transferts et l'analyse tactique des grandes affiches, mais aussi les disciplines plus confidentielles que j'aime remettre en lumi\u00e8re. Une partie de mon travail porte sur les pronostics et la lecture statistique d'un match : forme des \u00e9quipes, historique des confrontations, compositions, sans jamais vendre de fausse certitude. Je rappelle syst\u00e9matiquement que parier comporte un risque et doit rester un loisir ma\u00eetris\u00e9. Avant de signer une analyse, je v\u00e9rifie mes chiffres, je recoupe les compositions probables et je distingue toujours la donn\u00e9e brute de l'intuition. Mon objectif : offrir une lecture honn\u00eate et argument\u00e9e, pas un ticket gagnant garanti.","sameAs":["https:\/\/axellauzier.fr\/"],"url":"https:\/\/sport-index.fr\/blog\/auteur\/noname\/"}]}},"_links":{"self":[{"href":"https:\/\/sport-index.fr\/blog\/wp-json\/wp\/v2\/posts\/10464","targetHints":{"allow":["GET"]}}],"collection":[{"href":"https:\/\/sport-index.fr\/blog\/wp-json\/wp\/v2\/posts"}],"about":[{"href":"https:\/\/sport-index.fr\/blog\/wp-json\/wp\/v2\/types\/post"}],"author":[{"embeddable":true,"href":"https:\/\/sport-index.fr\/blog\/wp-json\/wp\/v2\/users\/34"}],"replies":[{"embeddable":true,"href":"https:\/\/sport-index.fr\/blog\/wp-json\/wp\/v2\/comments?post=10464"}],"version-history":[{"count":2,"href":"https:\/\/sport-index.fr\/blog\/wp-json\/wp\/v2\/posts\/10464\/revisions"}],"predecessor-version":[{"id":11101,"href":"https:\/\/sport-index.fr\/blog\/wp-json\/wp\/v2\/posts\/10464\/revisions\/11101"}],"wp:featuredmedia":[{"embeddable":true,"href":"https:\/\/sport-index.fr\/blog\/wp-json\/wp\/v2\/media\/10465"}],"wp:attachment":[{"href":"https:\/\/sport-index.fr\/blog\/wp-json\/wp\/v2\/media?parent=10464"}],"wp:term":[{"taxonomy":"category","embeddable":true,"href":"https:\/\/sport-index.fr\/blog\/wp-json\/wp\/v2\/categories?post=10464"},{"taxonomy":"post_tag","embeddable":true,"href":"https:\/\/sport-index.fr\/blog\/wp-json\/wp\/v2\/tags?post=10464"}],"curies":[{"name":"wp","href":"https:\/\/api.w.org\/{rel}","templated":true}]}}