{"id":10494,"date":"2025-02-23T02:25:35","date_gmt":"2025-02-23T01:25:35","guid":{"rendered":"https:\/\/sport-index.fr\/blog\/?p=10494"},"modified":"2025-02-22T23:12:03","modified_gmt":"2025-02-22T22:12:03","slug":"le-fc-barcelone-reprend-la-tete-de-la-liga-apres-une-victoire-a-las-palmas","status":"publish","type":"post","link":"https:\/\/sport-index.fr\/blog\/a-la-une\/le-fc-barcelone-reprend-la-tete-de-la-liga-apres-une-victoire-a-las-palmas\/","title":{"rendered":"Le FC Barcelone reprend la t\u00eate de la Liga apr\u00e8s une victoire \u00e0 Las Palmas"},"content":{"rendered":"<h2>Une victoire pr\u00e9cieuse \u00e0 Las Palmas<\/h2>\n<p>Le FC Barcelone a su faire preuve de d\u00e9termination lors de son d\u00e9placement \u00e0 Las Palmas, s&rsquo;imposant sur le score de 2-0. Cette rencontre, qui se d\u00e9roulait lors de la 25e journ\u00e9e de La Liga, a vu Dani Olmo ouvrir le score, suivi par Ferran Torres qui a scell\u00e9 le sort du match dans les arr\u00eats de jeu. Gr\u00e2ce \u00e0 cette victoire, le Bar\u00e7a a r\u00e9ussi \u00e0 reprendre la t\u00eate du championnat, devan\u00e7ant l&rsquo;Atl\u00e9tico de Madrid qui avait occup\u00e9 la premi\u00e8re place plus t\u00f4t dans la journ\u00e9e.<\/p>\n<p>L&rsquo;\u00e9quipe dirig\u00e9e par Xavi a montr\u00e9 une belle coh\u00e9sion sur le terrain. Malgr\u00e9 quelques moments de tension, les Blaugrana ont maintenu leur calme et ont su faire preuve d&rsquo;un jeu collectif efficace. Ce succ\u00e8s repr\u00e9sente le 13e match cons\u00e9cutif sans d\u00e9faite pour le FC Barcelone, ce qui t\u00e9moigne de leur forme impressionnante en cette seconde moiti\u00e9 de saison.<\/p>\n<h2>Un match plein de rebondissements<\/h2>\n<p>Le d\u00e9roulement de la rencontre n&rsquo;a pas \u00e9t\u00e9 de tout repos pour les Catalans. D\u00e8s le d\u00e9but du match, Las Palmas a montr\u00e9 qu&rsquo;ils ne comptaient pas se laisser faire facilement. Cependant, le talent individuel des joueurs du FC Barcelone a fait la diff\u00e9rence, avec un Olmo en grande forme qui a fait trembler les filets \u00e0 la 34e minute.<\/p>\n<p>La seconde p\u00e9riode a vu les deux \u00e9quipes se battre pour prendre l&rsquo;ascendant. Les occasions se sont multipli\u00e9es, mais c&rsquo;est Ferran Torres qui a enfin trouv\u00e9 le chemin du but dans le temps additionnel, confirmant ainsi la victoire. Les supporters du Bar\u00e7a ont pu c\u00e9l\u00e9brer une fois de plus, mettant en avant l\u2019impact positif de ce succ\u00e8s sur le moral de l\u2019\u00e9quipe.<\/p>\n<p><iframe loading=\"lazy\" title=\"LAS PALMAS - BAR\u00c7A \u231a Garder la T\u00caTE FROIDE \ud83d\udd35\ud83d\udd34 D\u00e9but d&#039;un agenda INTENSE ! Mon XI \ud83d\udc68\u200d\ud83c\udfeb\" width=\"1200\" height=\"675\" src=\"https:\/\/www.youtube.com\/embed\/EiUb1V9rwzo?feature=oembed\" frameborder=\"0\" allow=\"accelerometer; autoplay; clipboard-write; encrypted-media; gyroscope; picture-in-picture; web-share\" referrerpolicy=\"strict-origin-when-cross-origin\" allowfullscreen><\/iframe><\/p>\n<h2>Les enjeux de cette victoire<\/h2>\n<p>Cette victoire \u00e0 Las Palmas rev\u00eat une signification particuli\u00e8re pour le FC Barcelone. Non seulement elle leur permet de d\u00e9passer l&rsquo;Atl\u00e9tico de Madrid au classement, mais elle renforce \u00e9galement leur position en vue des prochaines rencontres. L&rsquo;\u00e9quipe semble retrouver son souffle et son efficacit\u00e9, ce qui est essentiel pour leurs ambitions en Liga et en Europe.<\/p>\n<p>Les joueurs et le staff doivent garder cette dynamique pour maintenir la pression sur leurs concurrents. Comme le souligne Xavi, \u00ab chaque match est une finale et nous devons \u00eatre pr\u00eats \u00e0 relever le d\u00e9fi \u00e0 chaque fois \u00bb. Avec cette mentalit\u00e9 de vainqueur, le FC Barcelone pourrait bien continuer \u00e0 encha\u00eener les succ\u00e8s.<\/p>\n<ul>\n<li>Victoire 2-0 contre Las Palmas.<\/li>\n<li>Dani Olmo et Ferran Torres buteurs.<\/li>\n<li>13 matchs sans d\u00e9faite pour le Bar\u00e7a.<\/li>\n<li>Reprise de la t\u00eate du championnat de La Liga.<\/li>\n<li>Prochain d\u00e9fi : maintenir cette dynamique.<\/li>\n<\/ul>\n<blockquote><p>\n\u00ab Chaque match est une finale et nous devons \u00eatre pr\u00eats \u00e0 relever le d\u00e9fi \u00e0 chaque fois. \u00bb &#8211; Xavi, entra\u00eeneur du FC Barcelone.\n<\/p><\/blockquote>\n<p>La victoire contre Las Palmas est un tournant crucial dans la saison du FC Barcelone. En continuant sur cette lanc\u00e9e, ils se positionnent comme de s\u00e9rieux pr\u00e9tendants au titre. Les supporters peuvent esp\u00e9rer une fin de saison palpitante alors que l\u2019\u00e9quipe semble retrouver son meilleur niveau.<br \/>\n<img decoding=\"async\" width=\"1024\" height=\"576\" src=\"https:\/\/sport-index.fr\/blog\/wp-content\/uploads\/2025\/02\/stability-le-fc-barcelone-reprend-la-tete-de-la-liga-apres-une-victoire-a-las-palmas-1.png\" class=\"aligncenter\" alt=\"Illustration d\u00e9taill\u00e9e sur Le FC Barcelone reprend la t\u00eate de la Liga apr\u00e8s une victoire \u00e0 Las Palmas\" title=\"Le FC Barcelone reprend la t\u00eate de la Liga apr\u00e8s une victoire \u00e0 Las Palmas\" loading=\"lazy\" \/><\/p>\n","protected":false},"excerpt":{"rendered":"","protected":false},"author":34,"featured_media":10495,"comment_status":"open","ping_status":"open","sticky":false,"template":"","format":"standard","meta":{"_acf_changed":false,"manual_indexmenow":false,"indexmenow_id_project":0,"footnotes":""},"categories":[1],"tags":[4585,4745,4732,4898,4543],"class_list":["post-10494","post","type-post","status-publish","format-standard","has-post-thumbnail","hentry","category-a-la-une","tag-cohesion-dequipe","tag-competition","tag-football","tag-gestion-du-stress","tag-performance","generate-columns","tablet-grid-50","mobile-grid-100","grid-parent","grid-25"],"acf":[],"yoast_head":"<!-- This site is optimized with the Yoast SEO Premium plugin v21.3 (Yoast SEO v26.5) - https:\/\/yoast.com\/wordpress\/plugins\/seo\/ -->\n<title>Le FC Barcelone reprend la t\u00eate de la Liga apr\u00e8s<\/title>\n<meta name=\"description\" content=\"Une victoire pr\u00e9cieuse \u00e0 Las Palmas Le FC Barcelone a su faire preuve de d\u00e9termination lors de son d\u00e9placement \u00e0 Las Palmas, s&#039;imposant sur le score de\u2026\" \/>\n<meta name=\"robots\" content=\"index, follow, max-snippet:-1, max-image-preview:large, max-video-preview:-1\" \/>\n<link rel=\"canonical\" href=\"https:\/\/sport-index.fr\/blog\/a-la-une\/le-fc-barcelone-reprend-la-tete-de-la-liga-apres-une-victoire-a-las-palmas\/\" \/>\n<meta property=\"og:locale\" content=\"fr_FR\" \/>\n<meta property=\"og:type\" content=\"article\" \/>\n<meta property=\"og:title\" content=\"Le FC Barcelone reprend la t\u00eate de la Liga apr\u00e8s\" \/>\n<meta property=\"og:description\" content=\"Une victoire pr\u00e9cieuse \u00e0 Las Palmas Le FC Barcelone a su faire preuve de d\u00e9termination lors de son d\u00e9placement \u00e0 Las Palmas, s&#039;imposant sur le score de\u2026\" \/>\n<meta property=\"og:url\" content=\"https:\/\/sport-index.fr\/blog\/a-la-une\/le-fc-barcelone-reprend-la-tete-de-la-liga-apres-une-victoire-a-las-palmas\/\" \/>\n<meta property=\"og:site_name\" content=\"sport-index\" \/>\n<meta property=\"og:image\" content=\"https:\/\/sport-index.fr\/blog\/wp-content\/uploads\/2025\/02\/stability-le-fc-barcelone-reprend-la-tete-de-la-liga-apres-une-victoire-a-las-palmas.png\" \/>\n\t<meta property=\"og:image:width\" content=\"1024\" \/>\n\t<meta property=\"og:image:height\" content=\"576\" \/>\n\t<meta property=\"og:image:type\" content=\"image\/png\" \/>\n<meta name=\"author\" content=\"Axel Lauzier\" \/>\n<meta name=\"twitter:card\" content=\"summary_large_image\" \/>\n<script type=\"application\/ld+json\" class=\"yoast-schema-graph\">{\"@context\":\"https:\/\/schema.org\",\"@graph\":[{\"@type\":\"NewsArticle\",\"@id\":\"https:\/\/sport-index.fr\/blog\/a-la-une\/le-fc-barcelone-reprend-la-tete-de-la-liga-apres-une-victoire-a-las-palmas\/#article\",\"isPartOf\":{\"@id\":\"https:\/\/sport-index.fr\/blog\/a-la-une\/le-fc-barcelone-reprend-la-tete-de-la-liga-apres-une-victoire-a-las-palmas\/\"},\"author\":{\"name\":\"Axel Lauzier\",\"@id\":\"https:\/\/sport-index.fr\/blog\/#\/schema\/person\/3c864cdc320801e3db34b663e7e3f816\"},\"headline\":\"Le FC Barcelone reprend la t\u00eate de la Liga apr\u00e8s une victoire \u00e0 Las Palmas\",\"datePublished\":\"2025-02-23T01:25:35+00:00\",\"mainEntityOfPage\":{\"@id\":\"https:\/\/sport-index.fr\/blog\/a-la-une\/le-fc-barcelone-reprend-la-tete-de-la-liga-apres-une-victoire-a-las-palmas\/\"},\"wordCount\":566,\"commentCount\":27,\"publisher\":{\"@id\":\"https:\/\/sport-index.fr\/blog\/#organization\"},\"image\":{\"@id\":\"https:\/\/sport-index.fr\/blog\/a-la-une\/le-fc-barcelone-reprend-la-tete-de-la-liga-apres-une-victoire-a-las-palmas\/#primaryimage\"},\"thumbnailUrl\":\"https:\/\/sport-index.fr\/blog\/wp-content\/uploads\/2025\/02\/stability-le-fc-barcelone-reprend-la-tete-de-la-liga-apres-une-victoire-a-las-palmas.png\",\"keywords\":[\"Coh\u00e9sion d'\u00c9quipe\",\"Comp\u00e9tition\",\"Football\",\"Gestion Du Stress\",\"Performance\"],\"articleSection\":[\"\u00c0 la une\"],\"inLanguage\":\"fr-FR\",\"potentialAction\":[{\"@type\":\"CommentAction\",\"name\":\"Comment\",\"target\":[\"https:\/\/sport-index.fr\/blog\/a-la-une\/le-fc-barcelone-reprend-la-tete-de-la-liga-apres-une-victoire-a-las-palmas\/#respond\"]}]},{\"@type\":\"WebPage\",\"@id\":\"https:\/\/sport-index.fr\/blog\/a-la-une\/le-fc-barcelone-reprend-la-tete-de-la-liga-apres-une-victoire-a-las-palmas\/\",\"url\":\"https:\/\/sport-index.fr\/blog\/a-la-une\/le-fc-barcelone-reprend-la-tete-de-la-liga-apres-une-victoire-a-las-palmas\/\",\"name\":\"Le FC Barcelone reprend la t\u00eate de la Liga apr\u00e8s\",\"isPartOf\":{\"@id\":\"https:\/\/sport-index.fr\/blog\/#website\"},\"primaryImageOfPage\":{\"@id\":\"https:\/\/sport-index.fr\/blog\/a-la-une\/le-fc-barcelone-reprend-la-tete-de-la-liga-apres-une-victoire-a-las-palmas\/#primaryimage\"},\"image\":{\"@id\":\"https:\/\/sport-index.fr\/blog\/a-la-une\/le-fc-barcelone-reprend-la-tete-de-la-liga-apres-une-victoire-a-las-palmas\/#primaryimage\"},\"thumbnailUrl\":\"https:\/\/sport-index.fr\/blog\/wp-content\/uploads\/2025\/02\/stability-le-fc-barcelone-reprend-la-tete-de-la-liga-apres-une-victoire-a-las-palmas.png\",\"datePublished\":\"2025-02-23T01:25:35+00:00\",\"description\":\"Une victoire pr\u00e9cieuse \u00e0 Las Palmas Le FC Barcelone a su faire preuve de d\u00e9termination lors de son d\u00e9placement \u00e0 Las Palmas, s'imposant sur le score de\u2026\",\"inLanguage\":\"fr-FR\",\"potentialAction\":[{\"@type\":\"ReadAction\",\"target\":[\"https:\/\/sport-index.fr\/blog\/a-la-une\/le-fc-barcelone-reprend-la-tete-de-la-liga-apres-une-victoire-a-las-palmas\/\"]}]},{\"@type\":\"ImageObject\",\"inLanguage\":\"fr-FR\",\"@id\":\"https:\/\/sport-index.fr\/blog\/a-la-une\/le-fc-barcelone-reprend-la-tete-de-la-liga-apres-une-victoire-a-las-palmas\/#primaryimage\",\"url\":\"https:\/\/sport-index.fr\/blog\/wp-content\/uploads\/2025\/02\/stability-le-fc-barcelone-reprend-la-tete-de-la-liga-apres-une-victoire-a-las-palmas.png\",\"contentUrl\":\"https:\/\/sport-index.fr\/blog\/wp-content\/uploads\/2025\/02\/stability-le-fc-barcelone-reprend-la-tete-de-la-liga-apres-une-victoire-a-las-palmas.png\",\"width\":1024,\"height\":576},{\"@type\":\"WebSite\",\"@id\":\"https:\/\/sport-index.fr\/blog\/#website\",\"url\":\"https:\/\/sport-index.fr\/blog\/\",\"name\":\"sport-index.fr\",\"description\":\"Le score de l\u2019analyse sportive.\",\"publisher\":{\"@id\":\"https:\/\/sport-index.fr\/blog\/#organization\"},\"alternateName\":\"Le score de l\u2019analyse sportive.\",\"potentialAction\":[{\"@type\":\"SearchAction\",\"target\":{\"@type\":\"EntryPoint\",\"urlTemplate\":\"https:\/\/sport-index.fr\/blog\/?s={search_term_string}\"},\"query-input\":{\"@type\":\"PropertyValueSpecification\",\"valueRequired\":true,\"valueName\":\"search_term_string\"}}],\"inLanguage\":\"fr-FR\"},{\"@type\":\"Organization\",\"@id\":\"https:\/\/sport-index.fr\/blog\/#organization\",\"name\":\"Foretsensations.fr\",\"url\":\"https:\/\/sport-index.fr\/blog\/\",\"logo\":{\"@type\":\"ImageObject\",\"inLanguage\":\"fr-FR\",\"@id\":\"https:\/\/sport-index.fr\/blog\/#\/schema\/logo\/image\/\",\"url\":\"https:\/\/sport-index.fr\/blog\/wp-content\/uploads\/2026\/07\/logo-auto.png\",\"contentUrl\":\"https:\/\/sport-index.fr\/blog\/wp-content\/uploads\/2026\/07\/logo-auto.png\",\"width\":1024,\"height\":1024,\"caption\":\"Foretsensations.fr\"},\"image\":{\"@id\":\"https:\/\/sport-index.fr\/blog\/#\/schema\/logo\/image\/\"}},{\"@type\":\"Person\",\"@id\":\"https:\/\/sport-index.fr\/blog\/#\/schema\/person\/3c864cdc320801e3db34b663e7e3f816\",\"name\":\"Axel Lauzier\",\"image\":{\"@type\":\"ImageObject\",\"inLanguage\":\"fr-FR\",\"@id\":\"https:\/\/sport-index.fr\/blog\/#\/schema\/person\/image\/\",\"url\":\"https:\/\/sport-index.fr\/blog\/wp-content\/uploads\/2026\/06\/persona_axel-l-96x96.jpg\",\"contentUrl\":\"https:\/\/sport-index.fr\/blog\/wp-content\/uploads\/2026\/06\/persona_axel-l-96x96.jpg\",\"caption\":\"Axel Lauzier\"},\"description\":\"Le sport rythme mon quotidien depuis l'enfance, et j'en ai fait mon m\u00e9tier d'analyste r\u00e9dactionnel il y a une dizaine d'ann\u00e9es. Je couvre principalement le football, son actualit\u00e9, ses transferts et l'analyse tactique des grandes affiches, mais aussi les disciplines plus confidentielles que j'aime remettre en lumi\u00e8re. Une partie de mon travail porte sur les pronostics et la lecture statistique d'un match : forme des \u00e9quipes, historique des confrontations, compositions, sans jamais vendre de fausse certitude. Je rappelle syst\u00e9matiquement que parier comporte un risque et doit rester un loisir ma\u00eetris\u00e9. Avant de signer une analyse, je v\u00e9rifie mes chiffres, je recoupe les compositions probables et je distingue toujours la donn\u00e9e brute de l'intuition. Mon objectif : offrir une lecture honn\u00eate et argument\u00e9e, pas un ticket gagnant garanti.\",\"sameAs\":[\"https:\/\/axellauzier.fr\/\"],\"url\":\"https:\/\/sport-index.fr\/blog\/auteur\/noname\/\"}]}<\/script>\n<!-- \/ Yoast SEO Premium plugin. -->","yoast_head_json":{"title":"Le FC Barcelone reprend la t\u00eate de la Liga apr\u00e8s","description":"Une victoire pr\u00e9cieuse \u00e0 Las Palmas Le FC Barcelone a su faire preuve de d\u00e9termination lors de son d\u00e9placement \u00e0 Las Palmas, s'imposant sur le score de\u2026","robots":{"index":"index","follow":"follow","max-snippet":"max-snippet:-1","max-image-preview":"max-image-preview:large","max-video-preview":"max-video-preview:-1"},"canonical":"https:\/\/sport-index.fr\/blog\/a-la-une\/le-fc-barcelone-reprend-la-tete-de-la-liga-apres-une-victoire-a-las-palmas\/","og_locale":"fr_FR","og_type":"article","og_title":"Le FC Barcelone reprend la t\u00eate de la Liga apr\u00e8s","og_description":"Une victoire pr\u00e9cieuse \u00e0 Las Palmas Le FC Barcelone a su faire preuve de d\u00e9termination lors de son d\u00e9placement \u00e0 Las Palmas, s'imposant sur le score de\u2026","og_url":"https:\/\/sport-index.fr\/blog\/a-la-une\/le-fc-barcelone-reprend-la-tete-de-la-liga-apres-une-victoire-a-las-palmas\/","og_site_name":"sport-index","og_image":[{"width":1024,"height":576,"url":"https:\/\/sport-index.fr\/blog\/wp-content\/uploads\/2025\/02\/stability-le-fc-barcelone-reprend-la-tete-de-la-liga-apres-une-victoire-a-las-palmas.png","type":"image\/png"}],"author":"Axel Lauzier","twitter_card":"summary_large_image","schema":{"@context":"https:\/\/schema.org","@graph":[{"@type":"NewsArticle","@id":"https:\/\/sport-index.fr\/blog\/a-la-une\/le-fc-barcelone-reprend-la-tete-de-la-liga-apres-une-victoire-a-las-palmas\/#article","isPartOf":{"@id":"https:\/\/sport-index.fr\/blog\/a-la-une\/le-fc-barcelone-reprend-la-tete-de-la-liga-apres-une-victoire-a-las-palmas\/"},"author":{"name":"Axel Lauzier","@id":"https:\/\/sport-index.fr\/blog\/#\/schema\/person\/3c864cdc320801e3db34b663e7e3f816"},"headline":"Le FC Barcelone reprend la t\u00eate de la Liga apr\u00e8s une victoire \u00e0 Las Palmas","datePublished":"2025-02-23T01:25:35+00:00","mainEntityOfPage":{"@id":"https:\/\/sport-index.fr\/blog\/a-la-une\/le-fc-barcelone-reprend-la-tete-de-la-liga-apres-une-victoire-a-las-palmas\/"},"wordCount":566,"commentCount":27,"publisher":{"@id":"https:\/\/sport-index.fr\/blog\/#organization"},"image":{"@id":"https:\/\/sport-index.fr\/blog\/a-la-une\/le-fc-barcelone-reprend-la-tete-de-la-liga-apres-une-victoire-a-las-palmas\/#primaryimage"},"thumbnailUrl":"https:\/\/sport-index.fr\/blog\/wp-content\/uploads\/2025\/02\/stability-le-fc-barcelone-reprend-la-tete-de-la-liga-apres-une-victoire-a-las-palmas.png","keywords":["Coh\u00e9sion d'\u00c9quipe","Comp\u00e9tition","Football","Gestion Du Stress","Performance"],"articleSection":["\u00c0 la une"],"inLanguage":"fr-FR","potentialAction":[{"@type":"CommentAction","name":"Comment","target":["https:\/\/sport-index.fr\/blog\/a-la-une\/le-fc-barcelone-reprend-la-tete-de-la-liga-apres-une-victoire-a-las-palmas\/#respond"]}]},{"@type":"WebPage","@id":"https:\/\/sport-index.fr\/blog\/a-la-une\/le-fc-barcelone-reprend-la-tete-de-la-liga-apres-une-victoire-a-las-palmas\/","url":"https:\/\/sport-index.fr\/blog\/a-la-une\/le-fc-barcelone-reprend-la-tete-de-la-liga-apres-une-victoire-a-las-palmas\/","name":"Le FC Barcelone reprend la t\u00eate de la Liga apr\u00e8s","isPartOf":{"@id":"https:\/\/sport-index.fr\/blog\/#website"},"primaryImageOfPage":{"@id":"https:\/\/sport-index.fr\/blog\/a-la-une\/le-fc-barcelone-reprend-la-tete-de-la-liga-apres-une-victoire-a-las-palmas\/#primaryimage"},"image":{"@id":"https:\/\/sport-index.fr\/blog\/a-la-une\/le-fc-barcelone-reprend-la-tete-de-la-liga-apres-une-victoire-a-las-palmas\/#primaryimage"},"thumbnailUrl":"https:\/\/sport-index.fr\/blog\/wp-content\/uploads\/2025\/02\/stability-le-fc-barcelone-reprend-la-tete-de-la-liga-apres-une-victoire-a-las-palmas.png","datePublished":"2025-02-23T01:25:35+00:00","description":"Une victoire pr\u00e9cieuse \u00e0 Las Palmas Le FC Barcelone a su faire preuve de d\u00e9termination lors de son d\u00e9placement \u00e0 Las Palmas, s'imposant sur le score de\u2026","inLanguage":"fr-FR","potentialAction":[{"@type":"ReadAction","target":["https:\/\/sport-index.fr\/blog\/a-la-une\/le-fc-barcelone-reprend-la-tete-de-la-liga-apres-une-victoire-a-las-palmas\/"]}]},{"@type":"ImageObject","inLanguage":"fr-FR","@id":"https:\/\/sport-index.fr\/blog\/a-la-une\/le-fc-barcelone-reprend-la-tete-de-la-liga-apres-une-victoire-a-las-palmas\/#primaryimage","url":"https:\/\/sport-index.fr\/blog\/wp-content\/uploads\/2025\/02\/stability-le-fc-barcelone-reprend-la-tete-de-la-liga-apres-une-victoire-a-las-palmas.png","contentUrl":"https:\/\/sport-index.fr\/blog\/wp-content\/uploads\/2025\/02\/stability-le-fc-barcelone-reprend-la-tete-de-la-liga-apres-une-victoire-a-las-palmas.png","width":1024,"height":576},{"@type":"WebSite","@id":"https:\/\/sport-index.fr\/blog\/#website","url":"https:\/\/sport-index.fr\/blog\/","name":"sport-index.fr","description":"Le score de l\u2019analyse sportive.","publisher":{"@id":"https:\/\/sport-index.fr\/blog\/#organization"},"alternateName":"Le score de l\u2019analyse sportive.","potentialAction":[{"@type":"SearchAction","target":{"@type":"EntryPoint","urlTemplate":"https:\/\/sport-index.fr\/blog\/?s={search_term_string}"},"query-input":{"@type":"PropertyValueSpecification","valueRequired":true,"valueName":"search_term_string"}}],"inLanguage":"fr-FR"},{"@type":"Organization","@id":"https:\/\/sport-index.fr\/blog\/#organization","name":"Foretsensations.fr","url":"https:\/\/sport-index.fr\/blog\/","logo":{"@type":"ImageObject","inLanguage":"fr-FR","@id":"https:\/\/sport-index.fr\/blog\/#\/schema\/logo\/image\/","url":"https:\/\/sport-index.fr\/blog\/wp-content\/uploads\/2026\/07\/logo-auto.png","contentUrl":"https:\/\/sport-index.fr\/blog\/wp-content\/uploads\/2026\/07\/logo-auto.png","width":1024,"height":1024,"caption":"Foretsensations.fr"},"image":{"@id":"https:\/\/sport-index.fr\/blog\/#\/schema\/logo\/image\/"}},{"@type":"Person","@id":"https:\/\/sport-index.fr\/blog\/#\/schema\/person\/3c864cdc320801e3db34b663e7e3f816","name":"Axel Lauzier","image":{"@type":"ImageObject","inLanguage":"fr-FR","@id":"https:\/\/sport-index.fr\/blog\/#\/schema\/person\/image\/","url":"https:\/\/sport-index.fr\/blog\/wp-content\/uploads\/2026\/06\/persona_axel-l-96x96.jpg","contentUrl":"https:\/\/sport-index.fr\/blog\/wp-content\/uploads\/2026\/06\/persona_axel-l-96x96.jpg","caption":"Axel Lauzier"},"description":"Le sport rythme mon quotidien depuis l'enfance, et j'en ai fait mon m\u00e9tier d'analyste r\u00e9dactionnel il y a une dizaine d'ann\u00e9es. Je couvre principalement le football, son actualit\u00e9, ses transferts et l'analyse tactique des grandes affiches, mais aussi les disciplines plus confidentielles que j'aime remettre en lumi\u00e8re. Une partie de mon travail porte sur les pronostics et la lecture statistique d'un match : forme des \u00e9quipes, historique des confrontations, compositions, sans jamais vendre de fausse certitude. Je rappelle syst\u00e9matiquement que parier comporte un risque et doit rester un loisir ma\u00eetris\u00e9. Avant de signer une analyse, je v\u00e9rifie mes chiffres, je recoupe les compositions probables et je distingue toujours la donn\u00e9e brute de l'intuition. Mon objectif : offrir une lecture honn\u00eate et argument\u00e9e, pas un ticket gagnant garanti.","sameAs":["https:\/\/axellauzier.fr\/"],"url":"https:\/\/sport-index.fr\/blog\/auteur\/noname\/"}]}},"_links":{"self":[{"href":"https:\/\/sport-index.fr\/blog\/wp-json\/wp\/v2\/posts\/10494","targetHints":{"allow":["GET"]}}],"collection":[{"href":"https:\/\/sport-index.fr\/blog\/wp-json\/wp\/v2\/posts"}],"about":[{"href":"https:\/\/sport-index.fr\/blog\/wp-json\/wp\/v2\/types\/post"}],"author":[{"embeddable":true,"href":"https:\/\/sport-index.fr\/blog\/wp-json\/wp\/v2\/users\/34"}],"replies":[{"embeddable":true,"href":"https:\/\/sport-index.fr\/blog\/wp-json\/wp\/v2\/comments?post=10494"}],"version-history":[{"count":1,"href":"https:\/\/sport-index.fr\/blog\/wp-json\/wp\/v2\/posts\/10494\/revisions"}],"predecessor-version":[{"id":10498,"href":"https:\/\/sport-index.fr\/blog\/wp-json\/wp\/v2\/posts\/10494\/revisions\/10498"}],"wp:featuredmedia":[{"embeddable":true,"href":"https:\/\/sport-index.fr\/blog\/wp-json\/wp\/v2\/media\/10495"}],"wp:attachment":[{"href":"https:\/\/sport-index.fr\/blog\/wp-json\/wp\/v2\/media?parent=10494"}],"wp:term":[{"taxonomy":"category","embeddable":true,"href":"https:\/\/sport-index.fr\/blog\/wp-json\/wp\/v2\/categories?post=10494"},{"taxonomy":"post_tag","embeddable":true,"href":"https:\/\/sport-index.fr\/blog\/wp-json\/wp\/v2\/tags?post=10494"}],"curies":[{"name":"wp","href":"https:\/\/api.w.org\/{rel}","templated":true}]}}