{"id":10684,"date":"2025-02-24T10:46:01","date_gmt":"2025-02-24T09:46:01","guid":{"rendered":"https:\/\/sport-index.fr\/blog\/?p=10684"},"modified":"2025-02-23T11:32:40","modified_gmt":"2025-02-23T10:32:40","slug":"camille-rast-chute-a-sestrieres-le-slalom-commence-mal-pour-la-favorite-suisse","status":"publish","type":"post","link":"https:\/\/sport-index.fr\/blog\/a-la-une\/camille-rast-chute-a-sestrieres-le-slalom-commence-mal-pour-la-favorite-suisse\/","title":{"rendered":"Camille Rast chute \u00e0 Sestri\u00e8res : le slalom commence mal pour la favorite suisse"},"content":{"rendered":"<h2>Une chute inattendue pour la leader de la Coupe du monde<\/h2>\n<p>En s&rsquo;\u00e9lan\u00e7ant la premi\u00e8re, elle avait des ambitions \u00e9lev\u00e9es, mais alors qu&rsquo;elle approchait de l&rsquo;arriv\u00e9e, un incident a brusquement mis fin \u00e0 sa course. Au niveau de l&rsquo;avant-derni\u00e8re porte, ses skis se sont heurt\u00e9s, la projetant au sol avec une chute spectaculaire.<\/p>\n<p>Cette chute inattendue a non seulement surpris les spectateurs, mais elle a \u00e9galement co\u00fbt\u00e9 \u00e0 Rast des points cruciaux dans la comp\u00e9tition. \u00c9tant la leader de la Coupe du monde, cette performance d\u00e9cevante risque d&rsquo;affecter sa position au classement g\u00e9n\u00e9ral. Les circonstances de sa chute, tout comme le choc \u00e9motionnel ressenti, ont suscit\u00e9 de vives r\u00e9actions parmi les fans et les experts du ski alpin.<\/p>\n<h2>Les cons\u00e9quences pour Camille Rast et la comp\u00e9tition<\/h2>\n<p>La chute de Camille Rast \u00e0 Sestri\u00e8res aura des r\u00e9percussions non seulement pour elle, mais aussi pour ses concurrents. En ne marquant aucun point ce jour-l\u00e0, elle laisse la porte ouverte \u00e0 ses rivales pour r\u00e9duire l&rsquo;\u00e9cart au classement. Cela rend la comp\u00e9tition encore plus intense, alors que chaque course devient cruciale pour les skieuses en lice pour le titre.<img decoding=\"async\" width=\"1024\" height=\"576\" src=\"https:\/\/sport-index.fr\/blog\/wp-content\/uploads\/2025\/02\/stability-camille-rast-chute-a-sestrieres-le-slalom-commence-mal-pour-la-favorite-suisse-1.png\" class=\"aligncenter\" alt=\"Illustration d\u00e9taill\u00e9e sur Camille Rast chute \u00e0 Sestri\u00e8res : le slalom commence mal pour la favorite suisse\" title=\"Camille Rast chute \u00e0 Sestri\u00e8res : le slalom commence mal pour la favorite suisse\" loading=\"lazy\" \/><\/p>\n<p>Les autres participantes, qui surveillaient de pr\u00e8s l&rsquo;\u00e9volution de Rast, auront d\u00e9sormais l&rsquo;occasion d&rsquo;\u00e9valuer leurs strat\u00e9gies. Chaque course \u00e0 venir sera d\u00e9terminante pour le classement de la Coupe du monde. Les attentes sont \u00e9lev\u00e9es, et la pression sur les athl\u00e8tes augmente \u00e0 mesure que la saison progresse.<\/p>\n<h2>R\u00e9actions et perspectives apr\u00e8s cet incident<\/h2>\n<p>Les r\u00e9actions \u00e0 la chute de Camille Rast ne se sont pas fait attendre. Les m\u00e9dias sportifs ont rapidement relay\u00e9 l&rsquo;incident, soulignant l&rsquo;impact que cela pourrait avoir sur sa saison. Les fans, quant \u00e0 eux, ont exprim\u00e9 leur soutien \u00e0 la skieuse suisse, lui souhaitant un prompt r\u00e9tablissement et une meilleure performance lors des prochaines comp\u00e9titions.<\/p>\n<p>Rast, qui avait montr\u00e9 une forme impressionnante tout au long de la saison, devra maintenant se concentrer sur sa r\u00e9cup\u00e9ration et son retour en piste. La prochaine course sera l&rsquo;occasion de prouver que cet incident n&rsquo;est qu&rsquo;un incident de parcours. La r\u00e9silience et la d\u00e9termination de Camille Rast seront mises \u00e0 l&rsquo;\u00e9preuve dans les semaines \u00e0 venir.<\/p>\n<ul>\n<li>Camille Rast chute sur la ligne d&rsquo;arriv\u00e9e \u00e0 Sestri\u00e8res.<\/li>\n<li>La leader de la Coupe du monde ne marque aucun point ce dimanche.<\/li>\n<li>Les skis de Rast se touchent, provoquant une chute spectaculaire.<\/li>\n<li>Les cons\u00e9quences de cet incident pour la comp\u00e9tition sont significatives.<\/li>\n<li>Les fans et les m\u00e9dias expriment leur soutien \u00e0 la skieuse suisse.<\/li>\n<\/ul>\n<blockquote><p>\u00ab Chaque course est une nouvelle opportunit\u00e9, et je ferai tout pour revenir plus fort. \u00bb &#8211; Camille Rast<\/p><\/blockquote>\n","protected":false},"excerpt":{"rendered":"","protected":false},"author":34,"featured_media":10685,"comment_status":"open","ping_status":"open","sticky":false,"template":"","format":"standard","meta":{"_acf_changed":false,"manual_indexmenow":false,"indexmenow_id_project":0,"footnotes":""},"categories":[1],"tags":[4898,4543,4885,4408,4591],"class_list":["post-10684","post","type-post","status-publish","format-standard","has-post-thumbnail","hentry","category-a-la-une","tag-gestion-du-stress","tag-performance","tag-preparation-mentale","tag-resilience","tag-ski-alpin","generate-columns","tablet-grid-50","mobile-grid-100","grid-parent","grid-25"],"acf":[],"yoast_head":"<!-- This site is optimized with the Yoast SEO Premium plugin v21.3 (Yoast SEO v26.5) - https:\/\/yoast.com\/wordpress\/plugins\/seo\/ -->\n<title>Camille Rast chute \u00e0 Sestri\u00e8res : le slalom commence mal<\/title>\n<meta name=\"description\" content=\"Une chute inattendue pour la leader de la Coupe du monde En s&#039;\u00e9lan\u00e7ant la premi\u00e8re, elle avait des ambitions \u00e9lev\u00e9es, mais alors qu&#039;elle approchait de\u2026\" \/>\n<meta name=\"robots\" content=\"index, follow, max-snippet:-1, max-image-preview:large, max-video-preview:-1\" \/>\n<link rel=\"canonical\" href=\"https:\/\/sport-index.fr\/blog\/a-la-une\/camille-rast-chute-a-sestrieres-le-slalom-commence-mal-pour-la-favorite-suisse\/\" \/>\n<meta property=\"og:locale\" content=\"fr_FR\" \/>\n<meta property=\"og:type\" content=\"article\" \/>\n<meta property=\"og:title\" content=\"Camille Rast chute \u00e0 Sestri\u00e8res : le slalom commence mal\" \/>\n<meta property=\"og:description\" content=\"Une chute inattendue pour la leader de la Coupe du monde En s&#039;\u00e9lan\u00e7ant la premi\u00e8re, elle avait des ambitions \u00e9lev\u00e9es, mais alors qu&#039;elle approchait de\u2026\" \/>\n<meta property=\"og:url\" content=\"https:\/\/sport-index.fr\/blog\/a-la-une\/camille-rast-chute-a-sestrieres-le-slalom-commence-mal-pour-la-favorite-suisse\/\" \/>\n<meta property=\"og:site_name\" content=\"sport-index\" \/>\n<meta property=\"og:image\" content=\"https:\/\/sport-index.fr\/blog\/wp-content\/uploads\/2025\/02\/stability-camille-rast-chute-a-sestrieres-le-slalom-commence-mal-pour-la-favorite-suisse.png\" \/>\n\t<meta property=\"og:image:width\" content=\"1024\" \/>\n\t<meta property=\"og:image:height\" content=\"576\" \/>\n\t<meta property=\"og:image:type\" content=\"image\/png\" \/>\n<meta name=\"author\" content=\"Axel Lauzier\" \/>\n<meta name=\"twitter:card\" content=\"summary_large_image\" \/>\n<script type=\"application\/ld+json\" class=\"yoast-schema-graph\">{\"@context\":\"https:\/\/schema.org\",\"@graph\":[{\"@type\":\"NewsArticle\",\"@id\":\"https:\/\/sport-index.fr\/blog\/a-la-une\/camille-rast-chute-a-sestrieres-le-slalom-commence-mal-pour-la-favorite-suisse\/#article\",\"isPartOf\":{\"@id\":\"https:\/\/sport-index.fr\/blog\/a-la-une\/camille-rast-chute-a-sestrieres-le-slalom-commence-mal-pour-la-favorite-suisse\/\"},\"author\":{\"name\":\"Axel Lauzier\",\"@id\":\"https:\/\/sport-index.fr\/blog\/#\/schema\/person\/3c864cdc320801e3db34b663e7e3f816\"},\"headline\":\"Camille Rast chute \u00e0 Sestri\u00e8res : le slalom commence mal pour la favorite suisse\",\"datePublished\":\"2025-02-24T09:46:01+00:00\",\"mainEntityOfPage\":{\"@id\":\"https:\/\/sport-index.fr\/blog\/a-la-une\/camille-rast-chute-a-sestrieres-le-slalom-commence-mal-pour-la-favorite-suisse\/\"},\"wordCount\":478,\"commentCount\":32,\"publisher\":{\"@id\":\"https:\/\/sport-index.fr\/blog\/#organization\"},\"image\":{\"@id\":\"https:\/\/sport-index.fr\/blog\/a-la-une\/camille-rast-chute-a-sestrieres-le-slalom-commence-mal-pour-la-favorite-suisse\/#primaryimage\"},\"thumbnailUrl\":\"https:\/\/sport-index.fr\/blog\/wp-content\/uploads\/2025\/02\/stability-camille-rast-chute-a-sestrieres-le-slalom-commence-mal-pour-la-favorite-suisse.png\",\"keywords\":[\"Gestion Du Stress\",\"Performance\",\"Pr\u00e9paration Mentale\",\"R\u00e9silience\",\"Ski Alpin\"],\"articleSection\":[\"\u00c0 la une\"],\"inLanguage\":\"fr-FR\",\"potentialAction\":[{\"@type\":\"CommentAction\",\"name\":\"Comment\",\"target\":[\"https:\/\/sport-index.fr\/blog\/a-la-une\/camille-rast-chute-a-sestrieres-le-slalom-commence-mal-pour-la-favorite-suisse\/#respond\"]}]},{\"@type\":\"WebPage\",\"@id\":\"https:\/\/sport-index.fr\/blog\/a-la-une\/camille-rast-chute-a-sestrieres-le-slalom-commence-mal-pour-la-favorite-suisse\/\",\"url\":\"https:\/\/sport-index.fr\/blog\/a-la-une\/camille-rast-chute-a-sestrieres-le-slalom-commence-mal-pour-la-favorite-suisse\/\",\"name\":\"Camille Rast chute \u00e0 Sestri\u00e8res : le slalom commence mal\",\"isPartOf\":{\"@id\":\"https:\/\/sport-index.fr\/blog\/#website\"},\"primaryImageOfPage\":{\"@id\":\"https:\/\/sport-index.fr\/blog\/a-la-une\/camille-rast-chute-a-sestrieres-le-slalom-commence-mal-pour-la-favorite-suisse\/#primaryimage\"},\"image\":{\"@id\":\"https:\/\/sport-index.fr\/blog\/a-la-une\/camille-rast-chute-a-sestrieres-le-slalom-commence-mal-pour-la-favorite-suisse\/#primaryimage\"},\"thumbnailUrl\":\"https:\/\/sport-index.fr\/blog\/wp-content\/uploads\/2025\/02\/stability-camille-rast-chute-a-sestrieres-le-slalom-commence-mal-pour-la-favorite-suisse.png\",\"datePublished\":\"2025-02-24T09:46:01+00:00\",\"description\":\"Une chute inattendue pour la leader de la Coupe du monde En s'\u00e9lan\u00e7ant la premi\u00e8re, elle avait des ambitions \u00e9lev\u00e9es, mais alors qu'elle approchait de\u2026\",\"inLanguage\":\"fr-FR\",\"potentialAction\":[{\"@type\":\"ReadAction\",\"target\":[\"https:\/\/sport-index.fr\/blog\/a-la-une\/camille-rast-chute-a-sestrieres-le-slalom-commence-mal-pour-la-favorite-suisse\/\"]}]},{\"@type\":\"ImageObject\",\"inLanguage\":\"fr-FR\",\"@id\":\"https:\/\/sport-index.fr\/blog\/a-la-une\/camille-rast-chute-a-sestrieres-le-slalom-commence-mal-pour-la-favorite-suisse\/#primaryimage\",\"url\":\"https:\/\/sport-index.fr\/blog\/wp-content\/uploads\/2025\/02\/stability-camille-rast-chute-a-sestrieres-le-slalom-commence-mal-pour-la-favorite-suisse.png\",\"contentUrl\":\"https:\/\/sport-index.fr\/blog\/wp-content\/uploads\/2025\/02\/stability-camille-rast-chute-a-sestrieres-le-slalom-commence-mal-pour-la-favorite-suisse.png\",\"width\":1024,\"height\":576},{\"@type\":\"WebSite\",\"@id\":\"https:\/\/sport-index.fr\/blog\/#website\",\"url\":\"https:\/\/sport-index.fr\/blog\/\",\"name\":\"sport-index.fr\",\"description\":\"Le score de l\u2019analyse sportive.\",\"publisher\":{\"@id\":\"https:\/\/sport-index.fr\/blog\/#organization\"},\"alternateName\":\"Le score de l\u2019analyse sportive.\",\"potentialAction\":[{\"@type\":\"SearchAction\",\"target\":{\"@type\":\"EntryPoint\",\"urlTemplate\":\"https:\/\/sport-index.fr\/blog\/?s={search_term_string}\"},\"query-input\":{\"@type\":\"PropertyValueSpecification\",\"valueRequired\":true,\"valueName\":\"search_term_string\"}}],\"inLanguage\":\"fr-FR\"},{\"@type\":\"Organization\",\"@id\":\"https:\/\/sport-index.fr\/blog\/#organization\",\"name\":\"Foretsensations.fr\",\"url\":\"https:\/\/sport-index.fr\/blog\/\",\"logo\":{\"@type\":\"ImageObject\",\"inLanguage\":\"fr-FR\",\"@id\":\"https:\/\/sport-index.fr\/blog\/#\/schema\/logo\/image\/\",\"url\":\"https:\/\/sport-index.fr\/blog\/wp-content\/uploads\/2026\/07\/logo-auto.png\",\"contentUrl\":\"https:\/\/sport-index.fr\/blog\/wp-content\/uploads\/2026\/07\/logo-auto.png\",\"width\":1024,\"height\":1024,\"caption\":\"Foretsensations.fr\"},\"image\":{\"@id\":\"https:\/\/sport-index.fr\/blog\/#\/schema\/logo\/image\/\"}},{\"@type\":\"Person\",\"@id\":\"https:\/\/sport-index.fr\/blog\/#\/schema\/person\/3c864cdc320801e3db34b663e7e3f816\",\"name\":\"Axel Lauzier\",\"image\":{\"@type\":\"ImageObject\",\"inLanguage\":\"fr-FR\",\"@id\":\"https:\/\/sport-index.fr\/blog\/#\/schema\/person\/image\/\",\"url\":\"https:\/\/sport-index.fr\/blog\/wp-content\/uploads\/2026\/06\/persona_axel-l-96x96.jpg\",\"contentUrl\":\"https:\/\/sport-index.fr\/blog\/wp-content\/uploads\/2026\/06\/persona_axel-l-96x96.jpg\",\"caption\":\"Axel Lauzier\"},\"description\":\"Le sport rythme mon quotidien depuis l'enfance, et j'en ai fait mon m\u00e9tier d'analyste r\u00e9dactionnel il y a une dizaine d'ann\u00e9es. Je couvre principalement le football, son actualit\u00e9, ses transferts et l'analyse tactique des grandes affiches, mais aussi les disciplines plus confidentielles que j'aime remettre en lumi\u00e8re. Une partie de mon travail porte sur les pronostics et la lecture statistique d'un match : forme des \u00e9quipes, historique des confrontations, compositions, sans jamais vendre de fausse certitude. Je rappelle syst\u00e9matiquement que parier comporte un risque et doit rester un loisir ma\u00eetris\u00e9. Avant de signer une analyse, je v\u00e9rifie mes chiffres, je recoupe les compositions probables et je distingue toujours la donn\u00e9e brute de l'intuition. Mon objectif : offrir une lecture honn\u00eate et argument\u00e9e, pas un ticket gagnant garanti.\",\"sameAs\":[\"https:\/\/axellauzier.fr\/\"],\"url\":\"https:\/\/sport-index.fr\/blog\/auteur\/noname\/\"}]}<\/script>\n<!-- \/ Yoast SEO Premium plugin. -->","yoast_head_json":{"title":"Camille Rast chute \u00e0 Sestri\u00e8res : le slalom commence mal","description":"Une chute inattendue pour la leader de la Coupe du monde En s'\u00e9lan\u00e7ant la premi\u00e8re, elle avait des ambitions \u00e9lev\u00e9es, mais alors qu'elle approchait de\u2026","robots":{"index":"index","follow":"follow","max-snippet":"max-snippet:-1","max-image-preview":"max-image-preview:large","max-video-preview":"max-video-preview:-1"},"canonical":"https:\/\/sport-index.fr\/blog\/a-la-une\/camille-rast-chute-a-sestrieres-le-slalom-commence-mal-pour-la-favorite-suisse\/","og_locale":"fr_FR","og_type":"article","og_title":"Camille Rast chute \u00e0 Sestri\u00e8res : le slalom commence mal","og_description":"Une chute inattendue pour la leader de la Coupe du monde En s'\u00e9lan\u00e7ant la premi\u00e8re, elle avait des ambitions \u00e9lev\u00e9es, mais alors qu'elle approchait de\u2026","og_url":"https:\/\/sport-index.fr\/blog\/a-la-une\/camille-rast-chute-a-sestrieres-le-slalom-commence-mal-pour-la-favorite-suisse\/","og_site_name":"sport-index","og_image":[{"width":1024,"height":576,"url":"https:\/\/sport-index.fr\/blog\/wp-content\/uploads\/2025\/02\/stability-camille-rast-chute-a-sestrieres-le-slalom-commence-mal-pour-la-favorite-suisse.png","type":"image\/png"}],"author":"Axel Lauzier","twitter_card":"summary_large_image","schema":{"@context":"https:\/\/schema.org","@graph":[{"@type":"NewsArticle","@id":"https:\/\/sport-index.fr\/blog\/a-la-une\/camille-rast-chute-a-sestrieres-le-slalom-commence-mal-pour-la-favorite-suisse\/#article","isPartOf":{"@id":"https:\/\/sport-index.fr\/blog\/a-la-une\/camille-rast-chute-a-sestrieres-le-slalom-commence-mal-pour-la-favorite-suisse\/"},"author":{"name":"Axel Lauzier","@id":"https:\/\/sport-index.fr\/blog\/#\/schema\/person\/3c864cdc320801e3db34b663e7e3f816"},"headline":"Camille Rast chute \u00e0 Sestri\u00e8res : le slalom commence mal pour la favorite suisse","datePublished":"2025-02-24T09:46:01+00:00","mainEntityOfPage":{"@id":"https:\/\/sport-index.fr\/blog\/a-la-une\/camille-rast-chute-a-sestrieres-le-slalom-commence-mal-pour-la-favorite-suisse\/"},"wordCount":478,"commentCount":32,"publisher":{"@id":"https:\/\/sport-index.fr\/blog\/#organization"},"image":{"@id":"https:\/\/sport-index.fr\/blog\/a-la-une\/camille-rast-chute-a-sestrieres-le-slalom-commence-mal-pour-la-favorite-suisse\/#primaryimage"},"thumbnailUrl":"https:\/\/sport-index.fr\/blog\/wp-content\/uploads\/2025\/02\/stability-camille-rast-chute-a-sestrieres-le-slalom-commence-mal-pour-la-favorite-suisse.png","keywords":["Gestion Du Stress","Performance","Pr\u00e9paration Mentale","R\u00e9silience","Ski Alpin"],"articleSection":["\u00c0 la une"],"inLanguage":"fr-FR","potentialAction":[{"@type":"CommentAction","name":"Comment","target":["https:\/\/sport-index.fr\/blog\/a-la-une\/camille-rast-chute-a-sestrieres-le-slalom-commence-mal-pour-la-favorite-suisse\/#respond"]}]},{"@type":"WebPage","@id":"https:\/\/sport-index.fr\/blog\/a-la-une\/camille-rast-chute-a-sestrieres-le-slalom-commence-mal-pour-la-favorite-suisse\/","url":"https:\/\/sport-index.fr\/blog\/a-la-une\/camille-rast-chute-a-sestrieres-le-slalom-commence-mal-pour-la-favorite-suisse\/","name":"Camille Rast chute \u00e0 Sestri\u00e8res : le slalom commence mal","isPartOf":{"@id":"https:\/\/sport-index.fr\/blog\/#website"},"primaryImageOfPage":{"@id":"https:\/\/sport-index.fr\/blog\/a-la-une\/camille-rast-chute-a-sestrieres-le-slalom-commence-mal-pour-la-favorite-suisse\/#primaryimage"},"image":{"@id":"https:\/\/sport-index.fr\/blog\/a-la-une\/camille-rast-chute-a-sestrieres-le-slalom-commence-mal-pour-la-favorite-suisse\/#primaryimage"},"thumbnailUrl":"https:\/\/sport-index.fr\/blog\/wp-content\/uploads\/2025\/02\/stability-camille-rast-chute-a-sestrieres-le-slalom-commence-mal-pour-la-favorite-suisse.png","datePublished":"2025-02-24T09:46:01+00:00","description":"Une chute inattendue pour la leader de la Coupe du monde En s'\u00e9lan\u00e7ant la premi\u00e8re, elle avait des ambitions \u00e9lev\u00e9es, mais alors qu'elle approchait de\u2026","inLanguage":"fr-FR","potentialAction":[{"@type":"ReadAction","target":["https:\/\/sport-index.fr\/blog\/a-la-une\/camille-rast-chute-a-sestrieres-le-slalom-commence-mal-pour-la-favorite-suisse\/"]}]},{"@type":"ImageObject","inLanguage":"fr-FR","@id":"https:\/\/sport-index.fr\/blog\/a-la-une\/camille-rast-chute-a-sestrieres-le-slalom-commence-mal-pour-la-favorite-suisse\/#primaryimage","url":"https:\/\/sport-index.fr\/blog\/wp-content\/uploads\/2025\/02\/stability-camille-rast-chute-a-sestrieres-le-slalom-commence-mal-pour-la-favorite-suisse.png","contentUrl":"https:\/\/sport-index.fr\/blog\/wp-content\/uploads\/2025\/02\/stability-camille-rast-chute-a-sestrieres-le-slalom-commence-mal-pour-la-favorite-suisse.png","width":1024,"height":576},{"@type":"WebSite","@id":"https:\/\/sport-index.fr\/blog\/#website","url":"https:\/\/sport-index.fr\/blog\/","name":"sport-index.fr","description":"Le score de l\u2019analyse sportive.","publisher":{"@id":"https:\/\/sport-index.fr\/blog\/#organization"},"alternateName":"Le score de l\u2019analyse sportive.","potentialAction":[{"@type":"SearchAction","target":{"@type":"EntryPoint","urlTemplate":"https:\/\/sport-index.fr\/blog\/?s={search_term_string}"},"query-input":{"@type":"PropertyValueSpecification","valueRequired":true,"valueName":"search_term_string"}}],"inLanguage":"fr-FR"},{"@type":"Organization","@id":"https:\/\/sport-index.fr\/blog\/#organization","name":"Foretsensations.fr","url":"https:\/\/sport-index.fr\/blog\/","logo":{"@type":"ImageObject","inLanguage":"fr-FR","@id":"https:\/\/sport-index.fr\/blog\/#\/schema\/logo\/image\/","url":"https:\/\/sport-index.fr\/blog\/wp-content\/uploads\/2026\/07\/logo-auto.png","contentUrl":"https:\/\/sport-index.fr\/blog\/wp-content\/uploads\/2026\/07\/logo-auto.png","width":1024,"height":1024,"caption":"Foretsensations.fr"},"image":{"@id":"https:\/\/sport-index.fr\/blog\/#\/schema\/logo\/image\/"}},{"@type":"Person","@id":"https:\/\/sport-index.fr\/blog\/#\/schema\/person\/3c864cdc320801e3db34b663e7e3f816","name":"Axel Lauzier","image":{"@type":"ImageObject","inLanguage":"fr-FR","@id":"https:\/\/sport-index.fr\/blog\/#\/schema\/person\/image\/","url":"https:\/\/sport-index.fr\/blog\/wp-content\/uploads\/2026\/06\/persona_axel-l-96x96.jpg","contentUrl":"https:\/\/sport-index.fr\/blog\/wp-content\/uploads\/2026\/06\/persona_axel-l-96x96.jpg","caption":"Axel Lauzier"},"description":"Le sport rythme mon quotidien depuis l'enfance, et j'en ai fait mon m\u00e9tier d'analyste r\u00e9dactionnel il y a une dizaine d'ann\u00e9es. Je couvre principalement le football, son actualit\u00e9, ses transferts et l'analyse tactique des grandes affiches, mais aussi les disciplines plus confidentielles que j'aime remettre en lumi\u00e8re. Une partie de mon travail porte sur les pronostics et la lecture statistique d'un match : forme des \u00e9quipes, historique des confrontations, compositions, sans jamais vendre de fausse certitude. Je rappelle syst\u00e9matiquement que parier comporte un risque et doit rester un loisir ma\u00eetris\u00e9. Avant de signer une analyse, je v\u00e9rifie mes chiffres, je recoupe les compositions probables et je distingue toujours la donn\u00e9e brute de l'intuition. Mon objectif : offrir une lecture honn\u00eate et argument\u00e9e, pas un ticket gagnant garanti.","sameAs":["https:\/\/axellauzier.fr\/"],"url":"https:\/\/sport-index.fr\/blog\/auteur\/noname\/"}]}},"_links":{"self":[{"href":"https:\/\/sport-index.fr\/blog\/wp-json\/wp\/v2\/posts\/10684","targetHints":{"allow":["GET"]}}],"collection":[{"href":"https:\/\/sport-index.fr\/blog\/wp-json\/wp\/v2\/posts"}],"about":[{"href":"https:\/\/sport-index.fr\/blog\/wp-json\/wp\/v2\/types\/post"}],"author":[{"embeddable":true,"href":"https:\/\/sport-index.fr\/blog\/wp-json\/wp\/v2\/users\/34"}],"replies":[{"embeddable":true,"href":"https:\/\/sport-index.fr\/blog\/wp-json\/wp\/v2\/comments?post=10684"}],"version-history":[{"count":2,"href":"https:\/\/sport-index.fr\/blog\/wp-json\/wp\/v2\/posts\/10684\/revisions"}],"predecessor-version":[{"id":11077,"href":"https:\/\/sport-index.fr\/blog\/wp-json\/wp\/v2\/posts\/10684\/revisions\/11077"}],"wp:featuredmedia":[{"embeddable":true,"href":"https:\/\/sport-index.fr\/blog\/wp-json\/wp\/v2\/media\/10685"}],"wp:attachment":[{"href":"https:\/\/sport-index.fr\/blog\/wp-json\/wp\/v2\/media?parent=10684"}],"wp:term":[{"taxonomy":"category","embeddable":true,"href":"https:\/\/sport-index.fr\/blog\/wp-json\/wp\/v2\/categories?post=10684"},{"taxonomy":"post_tag","embeddable":true,"href":"https:\/\/sport-index.fr\/blog\/wp-json\/wp\/v2\/tags?post=10684"}],"curies":[{"name":"wp","href":"https:\/\/api.w.org\/{rel}","templated":true}]}}