{"id":10692,"date":"2025-02-24T12:08:07","date_gmt":"2025-02-24T11:08:07","guid":{"rendered":"https:\/\/sport-index.fr\/blog\/?p=10692"},"modified":"2025-02-23T12:06:45","modified_gmt":"2025-02-23T11:06:45","slug":"marco-odermatt-en-pleine-forme-un-super-g-exceptionnel-a-crans-montana","status":"publish","type":"post","link":"https:\/\/sport-index.fr\/blog\/a-la-une\/marco-odermatt-en-pleine-forme-un-super-g-exceptionnel-a-crans-montana\/","title":{"rendered":"Marco Odermatt en pleine forme : un super-G exceptionnel \u00e0 Crans Montana"},"content":{"rendered":"<p>Ce dimanche, le champion a d\u00e9marr\u00e9 sa course avec une approche mesur\u00e9e, mais a rapidement trouv\u00e9 son rythme pour livrer une prestation remarquable. Dans un cadre idyllique, entour\u00e9 par les montagnes suisses, Odermatt a montr\u00e9 qu&rsquo;il \u00e9tait bien plus qu&rsquo;un simple comp\u00e9titeur, mais un v\u00e9ritable ma\u00eetre de la discipline.<\/p>\n<h2>Une performance qui suscite l&rsquo;admiration<\/h2>\n<p>Le d\u00e9but de la course a \u00e9t\u00e9 presque timide, laissant les spectateurs sur leur faim. Mais \u00e0 mi-parcours, Odermatt a commenc\u00e9 \u00e0 lib\u00e9rer toute sa puissance, tranchant \u00e0 travers la neige comme un v\u00e9ritable virtuose. Son style fluide et sa technique impeccable ont rapidement conquis le public, qui n&rsquo;a pas h\u00e9sit\u00e9 \u00e0 exprimer son enthousiasme.<\/p>\n<p>Les temps interm\u00e9diaires ont r\u00e9v\u00e9l\u00e9 une mont\u00e9e en puissance impressionnante. Marco Odermatt a pris de l&rsquo;avance sur ses concurrents, affichant un contr\u00f4le total de son ski. Sa capacit\u00e9 \u00e0 r\u00e9agir et \u00e0 s&rsquo;adapter aux conditions changeantes sur la piste a \u00e9t\u00e9 d\u00e9terminante pour son succ\u00e8s.<img decoding=\"async\" width=\"1024\" height=\"576\" src=\"https:\/\/sport-index.fr\/blog\/wp-content\/uploads\/2025\/02\/stability-marco-odermatt-en-pleine-forme-un-super-g-exceptionnel-a-crans-montana-1.png\" class=\"aligncenter\" alt=\"Illustration d\u00e9taill\u00e9e sur Marco Odermatt en pleine forme : un super-G exceptionnel \u00e0 Crans Montana\" title=\"Marco Odermatt en pleine forme : un super-G exceptionnel \u00e0 Crans Montana\" loading=\"lazy\" \/><\/p>\n<h2>Une ovation pour un champion<\/h2>\n<p>\u00c0 l&rsquo;arriv\u00e9e, la sc\u00e8ne \u00e9tait \u00e9motive. Les spectateurs, en grande partie des supporters suisses, ont r\u00e9serv\u00e9 un accueil chaleureux \u00e0 leur h\u00e9ros. Marco Odermatt a re\u00e7u une ovation bien m\u00e9rit\u00e9e pour sa performance qui a captiv\u00e9 tout un pays.<\/p>\n<p>Cette victoire \u00e0 Crans Montana ne fait que renforcer sa position de leader dans le monde du ski alpin. Les applaudissements et les cris de joie r\u00e9sonnaient encore dans l&rsquo;air frais des montagnes alors que le champion savourait son triomphe, conscient que ses efforts avaient port\u00e9 leurs fruits.<\/p>\n<h2>Les \u00e9l\u00e9ments cl\u00e9s de sa victoire<\/h2>\n<p>Pour ceux qui souhaitent comprendre les facteurs de la performance exceptionnelle d&rsquo;Odermatt, plusieurs \u00e9l\u00e9ments m\u00e9ritent d&rsquo;\u00eatre soulign\u00e9s. D&rsquo;une part, sa pr\u00e9paration physique et mentale est essentielle. D&rsquo;autre part, la technique qu&rsquo;il a affin\u00e9e au fil des ans lui permet de naviguer \u00e0 travers les virages serr\u00e9s et les sections rapides avec une aisance remarquable.<\/p>\n<ul>\n<li>Un d\u00e9marrage ma\u00eetris\u00e9<\/li>\n<li>Une acc\u00e9l\u00e9ration impressionnante sur le bas de la piste<\/li>\n<li>Un contr\u00f4le technique impeccable<\/li>\n<\/ul>\n<blockquote><p>\u00ab La cl\u00e9, c&rsquo;est de rester concentr\u00e9 et de donner le meilleur de soi-m\u00eame \u00e0 chaque course. \u00bb &#8211; Marco Odermatt<\/p><\/blockquote>\n<p>La performance de Marco Odermatt ce dimanche \u00e0 Crans Montana rappelle \u00e0 tous l&rsquo;importance de la r\u00e9silience et de la d\u00e9termination. Alors que le circuit continue, les attentes sont grandes pour ses futures courses. Les fans du ski alpin peuvent s&rsquo;attendre \u00e0 encore plus de moments m\u00e9morables alors que Odermatt poursuit sa qu\u00eate d&rsquo;excellence.<\/p>\n","protected":false},"excerpt":{"rendered":"","protected":false},"author":34,"featured_media":10693,"comment_status":"open","ping_status":"open","sticky":false,"template":"","format":"standard","meta":{"_acf_changed":false,"manual_indexmenow":false,"indexmenow_id_project":0,"footnotes":""},"categories":[1],"tags":[2574,4563,4885,4408,4591],"class_list":["post-10692","post","type-post","status-publish","format-standard","has-post-thumbnail","hentry","category-a-la-une","tag-bien-etre","tag-performance-athletique","tag-preparation-mentale","tag-resilience","tag-ski-alpin","generate-columns","tablet-grid-50","mobile-grid-100","grid-parent","grid-25"],"acf":[],"yoast_head":"<!-- This site is optimized with the Yoast SEO Premium plugin v21.3 (Yoast SEO v26.5) - https:\/\/yoast.com\/wordpress\/plugins\/seo\/ -->\n<title>Marco Odermatt en pleine forme : un super-G exceptionnel<\/title>\n<meta name=\"description\" content=\"Ce dimanche, le champion a d\u00e9marr\u00e9 sa course avec une approche mesur\u00e9e, mais a rapidement trouv\u00e9 son rythme pour livrer une prestation remarquable. Dans\u2026\" \/>\n<meta name=\"robots\" content=\"index, follow, max-snippet:-1, max-image-preview:large, max-video-preview:-1\" \/>\n<link rel=\"canonical\" href=\"https:\/\/sport-index.fr\/blog\/a-la-une\/marco-odermatt-en-pleine-forme-un-super-g-exceptionnel-a-crans-montana\/\" \/>\n<meta property=\"og:locale\" content=\"fr_FR\" \/>\n<meta property=\"og:type\" content=\"article\" \/>\n<meta property=\"og:title\" content=\"Marco Odermatt en pleine forme : un super-G exceptionnel\" \/>\n<meta property=\"og:description\" content=\"Ce dimanche, le champion a d\u00e9marr\u00e9 sa course avec une approche mesur\u00e9e, mais a rapidement trouv\u00e9 son rythme pour livrer une prestation remarquable. Dans\u2026\" \/>\n<meta property=\"og:url\" content=\"https:\/\/sport-index.fr\/blog\/a-la-une\/marco-odermatt-en-pleine-forme-un-super-g-exceptionnel-a-crans-montana\/\" \/>\n<meta property=\"og:site_name\" content=\"sport-index\" \/>\n<meta property=\"og:image\" content=\"https:\/\/sport-index.fr\/blog\/wp-content\/uploads\/2025\/02\/stability-marco-odermatt-en-pleine-forme-un-super-g-exceptionnel-a-crans-montana.png\" \/>\n\t<meta property=\"og:image:width\" content=\"1024\" \/>\n\t<meta property=\"og:image:height\" content=\"576\" \/>\n\t<meta property=\"og:image:type\" content=\"image\/png\" \/>\n<meta name=\"author\" content=\"Axel Lauzier\" \/>\n<meta name=\"twitter:card\" content=\"summary_large_image\" \/>\n<script type=\"application\/ld+json\" class=\"yoast-schema-graph\">{\"@context\":\"https:\/\/schema.org\",\"@graph\":[{\"@type\":\"NewsArticle\",\"@id\":\"https:\/\/sport-index.fr\/blog\/a-la-une\/marco-odermatt-en-pleine-forme-un-super-g-exceptionnel-a-crans-montana\/#article\",\"isPartOf\":{\"@id\":\"https:\/\/sport-index.fr\/blog\/a-la-une\/marco-odermatt-en-pleine-forme-un-super-g-exceptionnel-a-crans-montana\/\"},\"author\":{\"name\":\"Axel Lauzier\",\"@id\":\"https:\/\/sport-index.fr\/blog\/#\/schema\/person\/3c864cdc320801e3db34b663e7e3f816\"},\"headline\":\"Marco Odermatt en pleine forme : un super-G exceptionnel \u00e0 Crans Montana\",\"datePublished\":\"2025-02-24T11:08:07+00:00\",\"mainEntityOfPage\":{\"@id\":\"https:\/\/sport-index.fr\/blog\/a-la-une\/marco-odermatt-en-pleine-forme-un-super-g-exceptionnel-a-crans-montana\/\"},\"wordCount\":451,\"commentCount\":19,\"publisher\":{\"@id\":\"https:\/\/sport-index.fr\/blog\/#organization\"},\"image\":{\"@id\":\"https:\/\/sport-index.fr\/blog\/a-la-une\/marco-odermatt-en-pleine-forme-un-super-g-exceptionnel-a-crans-montana\/#primaryimage\"},\"thumbnailUrl\":\"https:\/\/sport-index.fr\/blog\/wp-content\/uploads\/2025\/02\/stability-marco-odermatt-en-pleine-forme-un-super-g-exceptionnel-a-crans-montana.png\",\"keywords\":[\"Bien-\u00catre\",\"Performance Athl\u00e9tique\",\"Pr\u00e9paration Mentale\",\"R\u00e9silience\",\"Ski Alpin\"],\"articleSection\":[\"\u00c0 la une\"],\"inLanguage\":\"fr-FR\",\"potentialAction\":[{\"@type\":\"CommentAction\",\"name\":\"Comment\",\"target\":[\"https:\/\/sport-index.fr\/blog\/a-la-une\/marco-odermatt-en-pleine-forme-un-super-g-exceptionnel-a-crans-montana\/#respond\"]}]},{\"@type\":\"WebPage\",\"@id\":\"https:\/\/sport-index.fr\/blog\/a-la-une\/marco-odermatt-en-pleine-forme-un-super-g-exceptionnel-a-crans-montana\/\",\"url\":\"https:\/\/sport-index.fr\/blog\/a-la-une\/marco-odermatt-en-pleine-forme-un-super-g-exceptionnel-a-crans-montana\/\",\"name\":\"Marco Odermatt en pleine forme : un super-G exceptionnel\",\"isPartOf\":{\"@id\":\"https:\/\/sport-index.fr\/blog\/#website\"},\"primaryImageOfPage\":{\"@id\":\"https:\/\/sport-index.fr\/blog\/a-la-une\/marco-odermatt-en-pleine-forme-un-super-g-exceptionnel-a-crans-montana\/#primaryimage\"},\"image\":{\"@id\":\"https:\/\/sport-index.fr\/blog\/a-la-une\/marco-odermatt-en-pleine-forme-un-super-g-exceptionnel-a-crans-montana\/#primaryimage\"},\"thumbnailUrl\":\"https:\/\/sport-index.fr\/blog\/wp-content\/uploads\/2025\/02\/stability-marco-odermatt-en-pleine-forme-un-super-g-exceptionnel-a-crans-montana.png\",\"datePublished\":\"2025-02-24T11:08:07+00:00\",\"description\":\"Ce dimanche, le champion a d\u00e9marr\u00e9 sa course avec une approche mesur\u00e9e, mais a rapidement trouv\u00e9 son rythme pour livrer une prestation remarquable. Dans\u2026\",\"inLanguage\":\"fr-FR\",\"potentialAction\":[{\"@type\":\"ReadAction\",\"target\":[\"https:\/\/sport-index.fr\/blog\/a-la-une\/marco-odermatt-en-pleine-forme-un-super-g-exceptionnel-a-crans-montana\/\"]}]},{\"@type\":\"ImageObject\",\"inLanguage\":\"fr-FR\",\"@id\":\"https:\/\/sport-index.fr\/blog\/a-la-une\/marco-odermatt-en-pleine-forme-un-super-g-exceptionnel-a-crans-montana\/#primaryimage\",\"url\":\"https:\/\/sport-index.fr\/blog\/wp-content\/uploads\/2025\/02\/stability-marco-odermatt-en-pleine-forme-un-super-g-exceptionnel-a-crans-montana.png\",\"contentUrl\":\"https:\/\/sport-index.fr\/blog\/wp-content\/uploads\/2025\/02\/stability-marco-odermatt-en-pleine-forme-un-super-g-exceptionnel-a-crans-montana.png\",\"width\":1024,\"height\":576},{\"@type\":\"WebSite\",\"@id\":\"https:\/\/sport-index.fr\/blog\/#website\",\"url\":\"https:\/\/sport-index.fr\/blog\/\",\"name\":\"sport-index.fr\",\"description\":\"Le score de l\u2019analyse sportive.\",\"publisher\":{\"@id\":\"https:\/\/sport-index.fr\/blog\/#organization\"},\"alternateName\":\"Le score de l\u2019analyse sportive.\",\"potentialAction\":[{\"@type\":\"SearchAction\",\"target\":{\"@type\":\"EntryPoint\",\"urlTemplate\":\"https:\/\/sport-index.fr\/blog\/?s={search_term_string}\"},\"query-input\":{\"@type\":\"PropertyValueSpecification\",\"valueRequired\":true,\"valueName\":\"search_term_string\"}}],\"inLanguage\":\"fr-FR\"},{\"@type\":\"Organization\",\"@id\":\"https:\/\/sport-index.fr\/blog\/#organization\",\"name\":\"Foretsensations.fr\",\"url\":\"https:\/\/sport-index.fr\/blog\/\",\"logo\":{\"@type\":\"ImageObject\",\"inLanguage\":\"fr-FR\",\"@id\":\"https:\/\/sport-index.fr\/blog\/#\/schema\/logo\/image\/\",\"url\":\"https:\/\/sport-index.fr\/blog\/wp-content\/uploads\/2026\/07\/logo-auto.png\",\"contentUrl\":\"https:\/\/sport-index.fr\/blog\/wp-content\/uploads\/2026\/07\/logo-auto.png\",\"width\":1024,\"height\":1024,\"caption\":\"Foretsensations.fr\"},\"image\":{\"@id\":\"https:\/\/sport-index.fr\/blog\/#\/schema\/logo\/image\/\"}},{\"@type\":\"Person\",\"@id\":\"https:\/\/sport-index.fr\/blog\/#\/schema\/person\/3c864cdc320801e3db34b663e7e3f816\",\"name\":\"Axel Lauzier\",\"image\":{\"@type\":\"ImageObject\",\"inLanguage\":\"fr-FR\",\"@id\":\"https:\/\/sport-index.fr\/blog\/#\/schema\/person\/image\/\",\"url\":\"https:\/\/sport-index.fr\/blog\/wp-content\/uploads\/2026\/06\/persona_axel-l-96x96.jpg\",\"contentUrl\":\"https:\/\/sport-index.fr\/blog\/wp-content\/uploads\/2026\/06\/persona_axel-l-96x96.jpg\",\"caption\":\"Axel Lauzier\"},\"description\":\"Le sport rythme mon quotidien depuis l'enfance, et j'en ai fait mon m\u00e9tier d'analyste r\u00e9dactionnel il y a une dizaine d'ann\u00e9es. Je couvre principalement le football, son actualit\u00e9, ses transferts et l'analyse tactique des grandes affiches, mais aussi les disciplines plus confidentielles que j'aime remettre en lumi\u00e8re. Une partie de mon travail porte sur les pronostics et la lecture statistique d'un match : forme des \u00e9quipes, historique des confrontations, compositions, sans jamais vendre de fausse certitude. Je rappelle syst\u00e9matiquement que parier comporte un risque et doit rester un loisir ma\u00eetris\u00e9. Avant de signer une analyse, je v\u00e9rifie mes chiffres, je recoupe les compositions probables et je distingue toujours la donn\u00e9e brute de l'intuition. Mon objectif : offrir une lecture honn\u00eate et argument\u00e9e, pas un ticket gagnant garanti.\",\"sameAs\":[\"https:\/\/axellauzier.fr\/\"],\"url\":\"https:\/\/sport-index.fr\/blog\/auteur\/noname\/\"}]}<\/script>\n<!-- \/ Yoast SEO Premium plugin. -->","yoast_head_json":{"title":"Marco Odermatt en pleine forme : un super-G exceptionnel","description":"Ce dimanche, le champion a d\u00e9marr\u00e9 sa course avec une approche mesur\u00e9e, mais a rapidement trouv\u00e9 son rythme pour livrer une prestation remarquable. Dans\u2026","robots":{"index":"index","follow":"follow","max-snippet":"max-snippet:-1","max-image-preview":"max-image-preview:large","max-video-preview":"max-video-preview:-1"},"canonical":"https:\/\/sport-index.fr\/blog\/a-la-une\/marco-odermatt-en-pleine-forme-un-super-g-exceptionnel-a-crans-montana\/","og_locale":"fr_FR","og_type":"article","og_title":"Marco Odermatt en pleine forme : un super-G exceptionnel","og_description":"Ce dimanche, le champion a d\u00e9marr\u00e9 sa course avec une approche mesur\u00e9e, mais a rapidement trouv\u00e9 son rythme pour livrer une prestation remarquable. Dans\u2026","og_url":"https:\/\/sport-index.fr\/blog\/a-la-une\/marco-odermatt-en-pleine-forme-un-super-g-exceptionnel-a-crans-montana\/","og_site_name":"sport-index","og_image":[{"width":1024,"height":576,"url":"https:\/\/sport-index.fr\/blog\/wp-content\/uploads\/2025\/02\/stability-marco-odermatt-en-pleine-forme-un-super-g-exceptionnel-a-crans-montana.png","type":"image\/png"}],"author":"Axel Lauzier","twitter_card":"summary_large_image","schema":{"@context":"https:\/\/schema.org","@graph":[{"@type":"NewsArticle","@id":"https:\/\/sport-index.fr\/blog\/a-la-une\/marco-odermatt-en-pleine-forme-un-super-g-exceptionnel-a-crans-montana\/#article","isPartOf":{"@id":"https:\/\/sport-index.fr\/blog\/a-la-une\/marco-odermatt-en-pleine-forme-un-super-g-exceptionnel-a-crans-montana\/"},"author":{"name":"Axel Lauzier","@id":"https:\/\/sport-index.fr\/blog\/#\/schema\/person\/3c864cdc320801e3db34b663e7e3f816"},"headline":"Marco Odermatt en pleine forme : un super-G exceptionnel \u00e0 Crans Montana","datePublished":"2025-02-24T11:08:07+00:00","mainEntityOfPage":{"@id":"https:\/\/sport-index.fr\/blog\/a-la-une\/marco-odermatt-en-pleine-forme-un-super-g-exceptionnel-a-crans-montana\/"},"wordCount":451,"commentCount":19,"publisher":{"@id":"https:\/\/sport-index.fr\/blog\/#organization"},"image":{"@id":"https:\/\/sport-index.fr\/blog\/a-la-une\/marco-odermatt-en-pleine-forme-un-super-g-exceptionnel-a-crans-montana\/#primaryimage"},"thumbnailUrl":"https:\/\/sport-index.fr\/blog\/wp-content\/uploads\/2025\/02\/stability-marco-odermatt-en-pleine-forme-un-super-g-exceptionnel-a-crans-montana.png","keywords":["Bien-\u00catre","Performance Athl\u00e9tique","Pr\u00e9paration Mentale","R\u00e9silience","Ski Alpin"],"articleSection":["\u00c0 la une"],"inLanguage":"fr-FR","potentialAction":[{"@type":"CommentAction","name":"Comment","target":["https:\/\/sport-index.fr\/blog\/a-la-une\/marco-odermatt-en-pleine-forme-un-super-g-exceptionnel-a-crans-montana\/#respond"]}]},{"@type":"WebPage","@id":"https:\/\/sport-index.fr\/blog\/a-la-une\/marco-odermatt-en-pleine-forme-un-super-g-exceptionnel-a-crans-montana\/","url":"https:\/\/sport-index.fr\/blog\/a-la-une\/marco-odermatt-en-pleine-forme-un-super-g-exceptionnel-a-crans-montana\/","name":"Marco Odermatt en pleine forme : un super-G exceptionnel","isPartOf":{"@id":"https:\/\/sport-index.fr\/blog\/#website"},"primaryImageOfPage":{"@id":"https:\/\/sport-index.fr\/blog\/a-la-une\/marco-odermatt-en-pleine-forme-un-super-g-exceptionnel-a-crans-montana\/#primaryimage"},"image":{"@id":"https:\/\/sport-index.fr\/blog\/a-la-une\/marco-odermatt-en-pleine-forme-un-super-g-exceptionnel-a-crans-montana\/#primaryimage"},"thumbnailUrl":"https:\/\/sport-index.fr\/blog\/wp-content\/uploads\/2025\/02\/stability-marco-odermatt-en-pleine-forme-un-super-g-exceptionnel-a-crans-montana.png","datePublished":"2025-02-24T11:08:07+00:00","description":"Ce dimanche, le champion a d\u00e9marr\u00e9 sa course avec une approche mesur\u00e9e, mais a rapidement trouv\u00e9 son rythme pour livrer une prestation remarquable. Dans\u2026","inLanguage":"fr-FR","potentialAction":[{"@type":"ReadAction","target":["https:\/\/sport-index.fr\/blog\/a-la-une\/marco-odermatt-en-pleine-forme-un-super-g-exceptionnel-a-crans-montana\/"]}]},{"@type":"ImageObject","inLanguage":"fr-FR","@id":"https:\/\/sport-index.fr\/blog\/a-la-une\/marco-odermatt-en-pleine-forme-un-super-g-exceptionnel-a-crans-montana\/#primaryimage","url":"https:\/\/sport-index.fr\/blog\/wp-content\/uploads\/2025\/02\/stability-marco-odermatt-en-pleine-forme-un-super-g-exceptionnel-a-crans-montana.png","contentUrl":"https:\/\/sport-index.fr\/blog\/wp-content\/uploads\/2025\/02\/stability-marco-odermatt-en-pleine-forme-un-super-g-exceptionnel-a-crans-montana.png","width":1024,"height":576},{"@type":"WebSite","@id":"https:\/\/sport-index.fr\/blog\/#website","url":"https:\/\/sport-index.fr\/blog\/","name":"sport-index.fr","description":"Le score de l\u2019analyse sportive.","publisher":{"@id":"https:\/\/sport-index.fr\/blog\/#organization"},"alternateName":"Le score de l\u2019analyse sportive.","potentialAction":[{"@type":"SearchAction","target":{"@type":"EntryPoint","urlTemplate":"https:\/\/sport-index.fr\/blog\/?s={search_term_string}"},"query-input":{"@type":"PropertyValueSpecification","valueRequired":true,"valueName":"search_term_string"}}],"inLanguage":"fr-FR"},{"@type":"Organization","@id":"https:\/\/sport-index.fr\/blog\/#organization","name":"Foretsensations.fr","url":"https:\/\/sport-index.fr\/blog\/","logo":{"@type":"ImageObject","inLanguage":"fr-FR","@id":"https:\/\/sport-index.fr\/blog\/#\/schema\/logo\/image\/","url":"https:\/\/sport-index.fr\/blog\/wp-content\/uploads\/2026\/07\/logo-auto.png","contentUrl":"https:\/\/sport-index.fr\/blog\/wp-content\/uploads\/2026\/07\/logo-auto.png","width":1024,"height":1024,"caption":"Foretsensations.fr"},"image":{"@id":"https:\/\/sport-index.fr\/blog\/#\/schema\/logo\/image\/"}},{"@type":"Person","@id":"https:\/\/sport-index.fr\/blog\/#\/schema\/person\/3c864cdc320801e3db34b663e7e3f816","name":"Axel Lauzier","image":{"@type":"ImageObject","inLanguage":"fr-FR","@id":"https:\/\/sport-index.fr\/blog\/#\/schema\/person\/image\/","url":"https:\/\/sport-index.fr\/blog\/wp-content\/uploads\/2026\/06\/persona_axel-l-96x96.jpg","contentUrl":"https:\/\/sport-index.fr\/blog\/wp-content\/uploads\/2026\/06\/persona_axel-l-96x96.jpg","caption":"Axel Lauzier"},"description":"Le sport rythme mon quotidien depuis l'enfance, et j'en ai fait mon m\u00e9tier d'analyste r\u00e9dactionnel il y a une dizaine d'ann\u00e9es. Je couvre principalement le football, son actualit\u00e9, ses transferts et l'analyse tactique des grandes affiches, mais aussi les disciplines plus confidentielles que j'aime remettre en lumi\u00e8re. Une partie de mon travail porte sur les pronostics et la lecture statistique d'un match : forme des \u00e9quipes, historique des confrontations, compositions, sans jamais vendre de fausse certitude. Je rappelle syst\u00e9matiquement que parier comporte un risque et doit rester un loisir ma\u00eetris\u00e9. Avant de signer une analyse, je v\u00e9rifie mes chiffres, je recoupe les compositions probables et je distingue toujours la donn\u00e9e brute de l'intuition. Mon objectif : offrir une lecture honn\u00eate et argument\u00e9e, pas un ticket gagnant garanti.","sameAs":["https:\/\/axellauzier.fr\/"],"url":"https:\/\/sport-index.fr\/blog\/auteur\/noname\/"}]}},"_links":{"self":[{"href":"https:\/\/sport-index.fr\/blog\/wp-json\/wp\/v2\/posts\/10692","targetHints":{"allow":["GET"]}}],"collection":[{"href":"https:\/\/sport-index.fr\/blog\/wp-json\/wp\/v2\/posts"}],"about":[{"href":"https:\/\/sport-index.fr\/blog\/wp-json\/wp\/v2\/types\/post"}],"author":[{"embeddable":true,"href":"https:\/\/sport-index.fr\/blog\/wp-json\/wp\/v2\/users\/34"}],"replies":[{"embeddable":true,"href":"https:\/\/sport-index.fr\/blog\/wp-json\/wp\/v2\/comments?post=10692"}],"version-history":[{"count":2,"href":"https:\/\/sport-index.fr\/blog\/wp-json\/wp\/v2\/posts\/10692\/revisions"}],"predecessor-version":[{"id":11097,"href":"https:\/\/sport-index.fr\/blog\/wp-json\/wp\/v2\/posts\/10692\/revisions\/11097"}],"wp:featuredmedia":[{"embeddable":true,"href":"https:\/\/sport-index.fr\/blog\/wp-json\/wp\/v2\/media\/10693"}],"wp:attachment":[{"href":"https:\/\/sport-index.fr\/blog\/wp-json\/wp\/v2\/media?parent=10692"}],"wp:term":[{"taxonomy":"category","embeddable":true,"href":"https:\/\/sport-index.fr\/blog\/wp-json\/wp\/v2\/categories?post=10692"},{"taxonomy":"post_tag","embeddable":true,"href":"https:\/\/sport-index.fr\/blog\/wp-json\/wp\/v2\/tags?post=10692"}],"curies":[{"name":"wp","href":"https:\/\/api.w.org\/{rel}","templated":true}]}}