{"id":10697,"date":"2025-02-25T09:27:40","date_gmt":"2025-02-25T08:27:40","guid":{"rendered":"https:\/\/sport-index.fr\/blog\/?p=10697"},"modified":"2025-02-23T12:37:14","modified_gmt":"2025-02-23T11:37:14","slug":"alain-carre-president-de-colomiers-ambitions-et-avenir-du-rugby-au-club","status":"publish","type":"post","link":"https:\/\/sport-index.fr\/blog\/a-la-une\/alain-carre-president-de-colomiers-ambitions-et-avenir-du-rugby-au-club\/","title":{"rendered":"Alain Carr\u00e9, pr\u00e9sident de Colomiers : ambitions et avenir du rugby au club"},"content":{"rendered":"<h2>Une saison encourageante malgr\u00e9 les d\u00e9fis<\/h2>\n<p>Alain Carr\u00e9, pr\u00e9sident du club de rugby de Colomiers, se montre optimiste quant \u00e0 la saison actuelle. Avec un budget class\u00e9 treizi\u00e8me, le club se positionne honorablement \u00e0 la sixi\u00e8me place. Le pr\u00e9sident souligne les belles performances sur le terrain, malgr\u00e9 quelques d\u00e9ceptions, notamment lors du match contre Grenoble.<\/p>\n<p>Il reste convaincu que les deux derniers matchs de la phase actuelle sont cruciaux pour le bilan de la saison. Carr\u00e9 note que la progression de l\u2019\u00e9quipe est visible et qu\u2019il y a mati\u00e8re \u00e0 se r\u00e9jouir des r\u00e9sultats obtenus jusqu\u2019\u00e0 pr\u00e9sent. Cela t\u00e9moigne d\u2019un travail collectif et d\u2019une d\u00e9termination \u00e0 poursuivre l\u2019ambition de rejoindre les phases finales.<\/p>\n<h2>Changements au sein du staff technique<\/h2>\n<p>Le d\u00e9part des entra\u00eeneurs Julien Sarraute et Fabien Berneau a marqu\u00e9 un tournant pour Colomiers. Alain Carr\u00e9 \u00e9voque le besoin de renouvellement, apr\u00e8s huit ann\u00e9es de collaboration fructueuse. Bien qu\u2019il appr\u00e9cie le travail r\u00e9alis\u00e9 par les deux hommes, il estime qu\u2019il \u00e9tait temps de passer \u00e0 autre chose.<\/p>\n<p>Le nouveau duo d&rsquo;entra\u00eeneurs, Florian Nicot et Aur\u00e9lien B\u00e9co, est d\u00e9sormais en place. Nicot, ancien joueur, est d\u00e9crit comme un passionn\u00e9 et un bosseur acharn\u00e9, pr\u00eat \u00e0 prendre les r\u00eanes et \u00e0 mener le club vers de nouveaux succ\u00e8s. B\u00e9co, quant \u00e0 lui, apporte une connaissance approfondie du club et un engagement ind\u00e9fectible.<\/p>\n<p><iframe loading=\"lazy\" title=\"RUGBY \/ PRO D2 \/ COLOMIERS-AURILLAC \/ Maxime PETITJEAN\" width=\"1200\" height=\"900\" src=\"https:\/\/www.youtube.com\/embed\/tUI5GtrW4LI?feature=oembed\" frameborder=\"0\" allow=\"accelerometer; autoplay; clipboard-write; encrypted-media; gyroscope; picture-in-picture; web-share\" referrerpolicy=\"strict-origin-when-cross-origin\" allowfullscreen><\/iframe><\/p>\n<h2>Le futur et l&rsquo;engagement du pr\u00e9sident<\/h2>\n<p>Alain Carr\u00e9 se projette dans l\u2019avenir avec s\u00e9r\u00e9nit\u00e9. Il exprime son engagement \u00e0 poursuivre son travail tant qu&rsquo;il se sentira capable et motiv\u00e9. \u00ab\u00a0Je me sens bien, et tant que je me sentirai volontaire \u00e0 l\u2019id\u00e9e de venir au stade, je serai l\u00e0\u00a0\u00bb, d\u00e9clare-t-il.<\/p>\n<p>Concernant le march\u00e9 des transferts, Carr\u00e9 se r\u00e9jouit de la capacit\u00e9 du club \u00e0 attirer des talents. Les recrues comme Timu, Alonso Munoz et autres sont des signes positifs pour l\u2019avenir. Il souligne aussi l\u2019importance des pr\u00eats, qui permettent d\u2019enrichir l\u2019\u00e9quipe tout en d\u00e9veloppant les joueurs.<\/p>\n<ul>\n<li>Florian Nicot entra\u00eeneur principal<\/li>\n<li>Aur\u00e9lien B\u00e9co entra\u00eeneur des avants<\/li>\n<li>Alexandre Castola consultant m\u00eal\u00e9e<\/li>\n<li>Fabrice Culinat consultant demi de m\u00eal\u00e9e<\/li>\n<li>Yann Kergourlay directeur sportif<\/li>\n<li>Pr\u00e9parateurs physiques : Laurent Delahaye, J\u00e9r\u00e9my Deville, Jean-Blaise Lespinasse<\/li>\n<\/ul>\n<blockquote><p>\n\u00ab\u00a0Nous avons d\u00e9cid\u00e9 de ne pas renouveler, mais cela ne diminue en rien le travail colossal r\u00e9alis\u00e9 par les deux hommes\u00a0\u00bb, affirme Carr\u00e9.\n<\/p><\/blockquote>\n<p>Le pr\u00e9sident met en avant la n\u00e9cessit\u00e9 d&rsquo;une structure solide et d\u2019un staff comp\u00e9tent pour atteindre les objectifs fix\u00e9s. L\u2019ambition de Colomiers de retrouver les phases finales est toujours d\u2019actualit\u00e9, et les nouvelles recrues devraient aider \u00e0 renforcer l\u2019\u00e9quipe pour y parvenir. <\/p>\n<p>Ainsi, sous l\u2019impulsion d\u2019un nouveau staff et d\u2019un pr\u00e9sident d\u00e9termin\u00e9, le club de rugby de Colomiers semble bien arm\u00e9 pour relever les d\u00e9fis \u00e0 venir. Les supporters peuvent esp\u00e9rer une saison prochaine encore plus prometteuse.<img decoding=\"async\" width=\"1024\" height=\"576\" src=\"https:\/\/sport-index.fr\/blog\/wp-content\/uploads\/2025\/02\/stability-alain-carre-president-de-colomiers-ambitions-et-avenir-du-rugby-au-club-1.png\" class=\"aligncenter\" alt=\"Illustration d\u00e9taill\u00e9e sur Alain Carr\u00e9, pr\u00e9sident de Colomiers : ambitions et avenir du rugby au club\" title=\"Alain Carr\u00e9, pr\u00e9sident de Colomiers : ambitions et avenir du rugby au club\" loading=\"lazy\" \/><\/p>\n","protected":false},"excerpt":{"rendered":"","protected":false},"author":34,"featured_media":10698,"comment_status":"open","ping_status":"open","sticky":false,"template":"","format":"standard","meta":{"_acf_changed":false,"manual_indexmenow":false,"indexmenow_id_project":0,"footnotes":""},"categories":[1],"tags":[4585,4561,4543,4560,4536],"class_list":["post-10697","post","type-post","status-publish","format-standard","has-post-thumbnail","hentry","category-a-la-une","tag-cohesion-dequipe","tag-gestion-des-talents","tag-performance","tag-projet-sportif","tag-rugby","generate-columns","tablet-grid-50","mobile-grid-100","grid-parent","grid-25"],"acf":[],"yoast_head":"<!-- This site is optimized with the Yoast SEO Premium plugin v21.3 (Yoast SEO v26.5) - https:\/\/yoast.com\/wordpress\/plugins\/seo\/ -->\n<title>Alain Carr\u00e9, pr\u00e9sident de Colomiers : ambitions et avenir<\/title>\n<meta name=\"description\" content=\"Une saison encourageante malgr\u00e9 les d\u00e9fis Alain Carr\u00e9, pr\u00e9sident du club de rugby de Colomiers, se montre optimiste quant \u00e0 la saison actuelle. Avec un\u2026\" \/>\n<meta name=\"robots\" content=\"index, follow, max-snippet:-1, max-image-preview:large, max-video-preview:-1\" \/>\n<link rel=\"canonical\" href=\"https:\/\/sport-index.fr\/blog\/a-la-une\/alain-carre-president-de-colomiers-ambitions-et-avenir-du-rugby-au-club\/\" \/>\n<meta property=\"og:locale\" content=\"fr_FR\" \/>\n<meta property=\"og:type\" content=\"article\" \/>\n<meta property=\"og:title\" content=\"Alain Carr\u00e9, pr\u00e9sident de Colomiers : ambitions et avenir\" \/>\n<meta property=\"og:description\" content=\"Une saison encourageante malgr\u00e9 les d\u00e9fis Alain Carr\u00e9, pr\u00e9sident du club de rugby de Colomiers, se montre optimiste quant \u00e0 la saison actuelle. Avec un\u2026\" \/>\n<meta property=\"og:url\" content=\"https:\/\/sport-index.fr\/blog\/a-la-une\/alain-carre-president-de-colomiers-ambitions-et-avenir-du-rugby-au-club\/\" \/>\n<meta property=\"og:site_name\" content=\"sport-index\" \/>\n<meta property=\"og:image\" content=\"https:\/\/sport-index.fr\/blog\/wp-content\/uploads\/2025\/02\/stability-alain-carre-president-de-colomiers-ambitions-et-avenir-du-rugby-au-club.png\" \/>\n\t<meta property=\"og:image:width\" content=\"1024\" \/>\n\t<meta property=\"og:image:height\" content=\"576\" \/>\n\t<meta property=\"og:image:type\" content=\"image\/png\" \/>\n<meta name=\"author\" content=\"Axel Lauzier\" \/>\n<meta name=\"twitter:card\" content=\"summary_large_image\" \/>\n<script type=\"application\/ld+json\" class=\"yoast-schema-graph\">{\"@context\":\"https:\/\/schema.org\",\"@graph\":[{\"@type\":\"NewsArticle\",\"@id\":\"https:\/\/sport-index.fr\/blog\/a-la-une\/alain-carre-president-de-colomiers-ambitions-et-avenir-du-rugby-au-club\/#article\",\"isPartOf\":{\"@id\":\"https:\/\/sport-index.fr\/blog\/a-la-une\/alain-carre-president-de-colomiers-ambitions-et-avenir-du-rugby-au-club\/\"},\"author\":{\"name\":\"Axel Lauzier\",\"@id\":\"https:\/\/sport-index.fr\/blog\/#\/schema\/person\/3c864cdc320801e3db34b663e7e3f816\"},\"headline\":\"Alain Carr\u00e9, pr\u00e9sident de Colomiers : ambitions et avenir du rugby au club\",\"datePublished\":\"2025-02-25T08:27:40+00:00\",\"mainEntityOfPage\":{\"@id\":\"https:\/\/sport-index.fr\/blog\/a-la-une\/alain-carre-president-de-colomiers-ambitions-et-avenir-du-rugby-au-club\/\"},\"wordCount\":534,\"commentCount\":26,\"publisher\":{\"@id\":\"https:\/\/sport-index.fr\/blog\/#organization\"},\"image\":{\"@id\":\"https:\/\/sport-index.fr\/blog\/a-la-une\/alain-carre-president-de-colomiers-ambitions-et-avenir-du-rugby-au-club\/#primaryimage\"},\"thumbnailUrl\":\"https:\/\/sport-index.fr\/blog\/wp-content\/uploads\/2025\/02\/stability-alain-carre-president-de-colomiers-ambitions-et-avenir-du-rugby-au-club.png\",\"keywords\":[\"Coh\u00e9sion d'\u00c9quipe\",\"Gestion des Talents\",\"Performance\",\"Projet Sportif\",\"Rugby\"],\"articleSection\":[\"\u00c0 la une\"],\"inLanguage\":\"fr-FR\",\"potentialAction\":[{\"@type\":\"CommentAction\",\"name\":\"Comment\",\"target\":[\"https:\/\/sport-index.fr\/blog\/a-la-une\/alain-carre-president-de-colomiers-ambitions-et-avenir-du-rugby-au-club\/#respond\"]}]},{\"@type\":\"WebPage\",\"@id\":\"https:\/\/sport-index.fr\/blog\/a-la-une\/alain-carre-president-de-colomiers-ambitions-et-avenir-du-rugby-au-club\/\",\"url\":\"https:\/\/sport-index.fr\/blog\/a-la-une\/alain-carre-president-de-colomiers-ambitions-et-avenir-du-rugby-au-club\/\",\"name\":\"Alain Carr\u00e9, pr\u00e9sident de Colomiers : ambitions et avenir\",\"isPartOf\":{\"@id\":\"https:\/\/sport-index.fr\/blog\/#website\"},\"primaryImageOfPage\":{\"@id\":\"https:\/\/sport-index.fr\/blog\/a-la-une\/alain-carre-president-de-colomiers-ambitions-et-avenir-du-rugby-au-club\/#primaryimage\"},\"image\":{\"@id\":\"https:\/\/sport-index.fr\/blog\/a-la-une\/alain-carre-president-de-colomiers-ambitions-et-avenir-du-rugby-au-club\/#primaryimage\"},\"thumbnailUrl\":\"https:\/\/sport-index.fr\/blog\/wp-content\/uploads\/2025\/02\/stability-alain-carre-president-de-colomiers-ambitions-et-avenir-du-rugby-au-club.png\",\"datePublished\":\"2025-02-25T08:27:40+00:00\",\"description\":\"Une saison encourageante malgr\u00e9 les d\u00e9fis Alain Carr\u00e9, pr\u00e9sident du club de rugby de Colomiers, se montre optimiste quant \u00e0 la saison actuelle. Avec un\u2026\",\"inLanguage\":\"fr-FR\",\"potentialAction\":[{\"@type\":\"ReadAction\",\"target\":[\"https:\/\/sport-index.fr\/blog\/a-la-une\/alain-carre-president-de-colomiers-ambitions-et-avenir-du-rugby-au-club\/\"]}]},{\"@type\":\"ImageObject\",\"inLanguage\":\"fr-FR\",\"@id\":\"https:\/\/sport-index.fr\/blog\/a-la-une\/alain-carre-president-de-colomiers-ambitions-et-avenir-du-rugby-au-club\/#primaryimage\",\"url\":\"https:\/\/sport-index.fr\/blog\/wp-content\/uploads\/2025\/02\/stability-alain-carre-president-de-colomiers-ambitions-et-avenir-du-rugby-au-club.png\",\"contentUrl\":\"https:\/\/sport-index.fr\/blog\/wp-content\/uploads\/2025\/02\/stability-alain-carre-president-de-colomiers-ambitions-et-avenir-du-rugby-au-club.png\",\"width\":1024,\"height\":576},{\"@type\":\"WebSite\",\"@id\":\"https:\/\/sport-index.fr\/blog\/#website\",\"url\":\"https:\/\/sport-index.fr\/blog\/\",\"name\":\"sport-index.fr\",\"description\":\"Le score de l\u2019analyse sportive.\",\"publisher\":{\"@id\":\"https:\/\/sport-index.fr\/blog\/#organization\"},\"alternateName\":\"Le score de l\u2019analyse sportive.\",\"potentialAction\":[{\"@type\":\"SearchAction\",\"target\":{\"@type\":\"EntryPoint\",\"urlTemplate\":\"https:\/\/sport-index.fr\/blog\/?s={search_term_string}\"},\"query-input\":{\"@type\":\"PropertyValueSpecification\",\"valueRequired\":true,\"valueName\":\"search_term_string\"}}],\"inLanguage\":\"fr-FR\"},{\"@type\":\"Organization\",\"@id\":\"https:\/\/sport-index.fr\/blog\/#organization\",\"name\":\"Foretsensations.fr\",\"url\":\"https:\/\/sport-index.fr\/blog\/\",\"logo\":{\"@type\":\"ImageObject\",\"inLanguage\":\"fr-FR\",\"@id\":\"https:\/\/sport-index.fr\/blog\/#\/schema\/logo\/image\/\",\"url\":\"https:\/\/sport-index.fr\/blog\/wp-content\/uploads\/2026\/07\/logo-auto.png\",\"contentUrl\":\"https:\/\/sport-index.fr\/blog\/wp-content\/uploads\/2026\/07\/logo-auto.png\",\"width\":1024,\"height\":1024,\"caption\":\"Foretsensations.fr\"},\"image\":{\"@id\":\"https:\/\/sport-index.fr\/blog\/#\/schema\/logo\/image\/\"}},{\"@type\":\"Person\",\"@id\":\"https:\/\/sport-index.fr\/blog\/#\/schema\/person\/3c864cdc320801e3db34b663e7e3f816\",\"name\":\"Axel Lauzier\",\"image\":{\"@type\":\"ImageObject\",\"inLanguage\":\"fr-FR\",\"@id\":\"https:\/\/sport-index.fr\/blog\/#\/schema\/person\/image\/\",\"url\":\"https:\/\/sport-index.fr\/blog\/wp-content\/uploads\/2026\/06\/persona_axel-l-96x96.jpg\",\"contentUrl\":\"https:\/\/sport-index.fr\/blog\/wp-content\/uploads\/2026\/06\/persona_axel-l-96x96.jpg\",\"caption\":\"Axel Lauzier\"},\"description\":\"Le sport rythme mon quotidien depuis l'enfance, et j'en ai fait mon m\u00e9tier d'analyste r\u00e9dactionnel il y a une dizaine d'ann\u00e9es. Je couvre principalement le football, son actualit\u00e9, ses transferts et l'analyse tactique des grandes affiches, mais aussi les disciplines plus confidentielles que j'aime remettre en lumi\u00e8re. Une partie de mon travail porte sur les pronostics et la lecture statistique d'un match : forme des \u00e9quipes, historique des confrontations, compositions, sans jamais vendre de fausse certitude. Je rappelle syst\u00e9matiquement que parier comporte un risque et doit rester un loisir ma\u00eetris\u00e9. Avant de signer une analyse, je v\u00e9rifie mes chiffres, je recoupe les compositions probables et je distingue toujours la donn\u00e9e brute de l'intuition. Mon objectif : offrir une lecture honn\u00eate et argument\u00e9e, pas un ticket gagnant garanti.\",\"sameAs\":[\"https:\/\/axellauzier.fr\/\"],\"url\":\"https:\/\/sport-index.fr\/blog\/auteur\/noname\/\"}]}<\/script>\n<!-- \/ Yoast SEO Premium plugin. -->","yoast_head_json":{"title":"Alain Carr\u00e9, pr\u00e9sident de Colomiers : ambitions et avenir","description":"Une saison encourageante malgr\u00e9 les d\u00e9fis Alain Carr\u00e9, pr\u00e9sident du club de rugby de Colomiers, se montre optimiste quant \u00e0 la saison actuelle. Avec un\u2026","robots":{"index":"index","follow":"follow","max-snippet":"max-snippet:-1","max-image-preview":"max-image-preview:large","max-video-preview":"max-video-preview:-1"},"canonical":"https:\/\/sport-index.fr\/blog\/a-la-une\/alain-carre-president-de-colomiers-ambitions-et-avenir-du-rugby-au-club\/","og_locale":"fr_FR","og_type":"article","og_title":"Alain Carr\u00e9, pr\u00e9sident de Colomiers : ambitions et avenir","og_description":"Une saison encourageante malgr\u00e9 les d\u00e9fis Alain Carr\u00e9, pr\u00e9sident du club de rugby de Colomiers, se montre optimiste quant \u00e0 la saison actuelle. Avec un\u2026","og_url":"https:\/\/sport-index.fr\/blog\/a-la-une\/alain-carre-president-de-colomiers-ambitions-et-avenir-du-rugby-au-club\/","og_site_name":"sport-index","og_image":[{"width":1024,"height":576,"url":"https:\/\/sport-index.fr\/blog\/wp-content\/uploads\/2025\/02\/stability-alain-carre-president-de-colomiers-ambitions-et-avenir-du-rugby-au-club.png","type":"image\/png"}],"author":"Axel Lauzier","twitter_card":"summary_large_image","schema":{"@context":"https:\/\/schema.org","@graph":[{"@type":"NewsArticle","@id":"https:\/\/sport-index.fr\/blog\/a-la-une\/alain-carre-president-de-colomiers-ambitions-et-avenir-du-rugby-au-club\/#article","isPartOf":{"@id":"https:\/\/sport-index.fr\/blog\/a-la-une\/alain-carre-president-de-colomiers-ambitions-et-avenir-du-rugby-au-club\/"},"author":{"name":"Axel Lauzier","@id":"https:\/\/sport-index.fr\/blog\/#\/schema\/person\/3c864cdc320801e3db34b663e7e3f816"},"headline":"Alain Carr\u00e9, pr\u00e9sident de Colomiers : ambitions et avenir du rugby au club","datePublished":"2025-02-25T08:27:40+00:00","mainEntityOfPage":{"@id":"https:\/\/sport-index.fr\/blog\/a-la-une\/alain-carre-president-de-colomiers-ambitions-et-avenir-du-rugby-au-club\/"},"wordCount":534,"commentCount":26,"publisher":{"@id":"https:\/\/sport-index.fr\/blog\/#organization"},"image":{"@id":"https:\/\/sport-index.fr\/blog\/a-la-une\/alain-carre-president-de-colomiers-ambitions-et-avenir-du-rugby-au-club\/#primaryimage"},"thumbnailUrl":"https:\/\/sport-index.fr\/blog\/wp-content\/uploads\/2025\/02\/stability-alain-carre-president-de-colomiers-ambitions-et-avenir-du-rugby-au-club.png","keywords":["Coh\u00e9sion d'\u00c9quipe","Gestion des Talents","Performance","Projet Sportif","Rugby"],"articleSection":["\u00c0 la une"],"inLanguage":"fr-FR","potentialAction":[{"@type":"CommentAction","name":"Comment","target":["https:\/\/sport-index.fr\/blog\/a-la-une\/alain-carre-president-de-colomiers-ambitions-et-avenir-du-rugby-au-club\/#respond"]}]},{"@type":"WebPage","@id":"https:\/\/sport-index.fr\/blog\/a-la-une\/alain-carre-president-de-colomiers-ambitions-et-avenir-du-rugby-au-club\/","url":"https:\/\/sport-index.fr\/blog\/a-la-une\/alain-carre-president-de-colomiers-ambitions-et-avenir-du-rugby-au-club\/","name":"Alain Carr\u00e9, pr\u00e9sident de Colomiers : ambitions et avenir","isPartOf":{"@id":"https:\/\/sport-index.fr\/blog\/#website"},"primaryImageOfPage":{"@id":"https:\/\/sport-index.fr\/blog\/a-la-une\/alain-carre-president-de-colomiers-ambitions-et-avenir-du-rugby-au-club\/#primaryimage"},"image":{"@id":"https:\/\/sport-index.fr\/blog\/a-la-une\/alain-carre-president-de-colomiers-ambitions-et-avenir-du-rugby-au-club\/#primaryimage"},"thumbnailUrl":"https:\/\/sport-index.fr\/blog\/wp-content\/uploads\/2025\/02\/stability-alain-carre-president-de-colomiers-ambitions-et-avenir-du-rugby-au-club.png","datePublished":"2025-02-25T08:27:40+00:00","description":"Une saison encourageante malgr\u00e9 les d\u00e9fis Alain Carr\u00e9, pr\u00e9sident du club de rugby de Colomiers, se montre optimiste quant \u00e0 la saison actuelle. Avec un\u2026","inLanguage":"fr-FR","potentialAction":[{"@type":"ReadAction","target":["https:\/\/sport-index.fr\/blog\/a-la-une\/alain-carre-president-de-colomiers-ambitions-et-avenir-du-rugby-au-club\/"]}]},{"@type":"ImageObject","inLanguage":"fr-FR","@id":"https:\/\/sport-index.fr\/blog\/a-la-une\/alain-carre-president-de-colomiers-ambitions-et-avenir-du-rugby-au-club\/#primaryimage","url":"https:\/\/sport-index.fr\/blog\/wp-content\/uploads\/2025\/02\/stability-alain-carre-president-de-colomiers-ambitions-et-avenir-du-rugby-au-club.png","contentUrl":"https:\/\/sport-index.fr\/blog\/wp-content\/uploads\/2025\/02\/stability-alain-carre-president-de-colomiers-ambitions-et-avenir-du-rugby-au-club.png","width":1024,"height":576},{"@type":"WebSite","@id":"https:\/\/sport-index.fr\/blog\/#website","url":"https:\/\/sport-index.fr\/blog\/","name":"sport-index.fr","description":"Le score de l\u2019analyse sportive.","publisher":{"@id":"https:\/\/sport-index.fr\/blog\/#organization"},"alternateName":"Le score de l\u2019analyse sportive.","potentialAction":[{"@type":"SearchAction","target":{"@type":"EntryPoint","urlTemplate":"https:\/\/sport-index.fr\/blog\/?s={search_term_string}"},"query-input":{"@type":"PropertyValueSpecification","valueRequired":true,"valueName":"search_term_string"}}],"inLanguage":"fr-FR"},{"@type":"Organization","@id":"https:\/\/sport-index.fr\/blog\/#organization","name":"Foretsensations.fr","url":"https:\/\/sport-index.fr\/blog\/","logo":{"@type":"ImageObject","inLanguage":"fr-FR","@id":"https:\/\/sport-index.fr\/blog\/#\/schema\/logo\/image\/","url":"https:\/\/sport-index.fr\/blog\/wp-content\/uploads\/2026\/07\/logo-auto.png","contentUrl":"https:\/\/sport-index.fr\/blog\/wp-content\/uploads\/2026\/07\/logo-auto.png","width":1024,"height":1024,"caption":"Foretsensations.fr"},"image":{"@id":"https:\/\/sport-index.fr\/blog\/#\/schema\/logo\/image\/"}},{"@type":"Person","@id":"https:\/\/sport-index.fr\/blog\/#\/schema\/person\/3c864cdc320801e3db34b663e7e3f816","name":"Axel Lauzier","image":{"@type":"ImageObject","inLanguage":"fr-FR","@id":"https:\/\/sport-index.fr\/blog\/#\/schema\/person\/image\/","url":"https:\/\/sport-index.fr\/blog\/wp-content\/uploads\/2026\/06\/persona_axel-l-96x96.jpg","contentUrl":"https:\/\/sport-index.fr\/blog\/wp-content\/uploads\/2026\/06\/persona_axel-l-96x96.jpg","caption":"Axel Lauzier"},"description":"Le sport rythme mon quotidien depuis l'enfance, et j'en ai fait mon m\u00e9tier d'analyste r\u00e9dactionnel il y a une dizaine d'ann\u00e9es. Je couvre principalement le football, son actualit\u00e9, ses transferts et l'analyse tactique des grandes affiches, mais aussi les disciplines plus confidentielles que j'aime remettre en lumi\u00e8re. Une partie de mon travail porte sur les pronostics et la lecture statistique d'un match : forme des \u00e9quipes, historique des confrontations, compositions, sans jamais vendre de fausse certitude. Je rappelle syst\u00e9matiquement que parier comporte un risque et doit rester un loisir ma\u00eetris\u00e9. Avant de signer une analyse, je v\u00e9rifie mes chiffres, je recoupe les compositions probables et je distingue toujours la donn\u00e9e brute de l'intuition. Mon objectif : offrir une lecture honn\u00eate et argument\u00e9e, pas un ticket gagnant garanti.","sameAs":["https:\/\/axellauzier.fr\/"],"url":"https:\/\/sport-index.fr\/blog\/auteur\/noname\/"}]}},"_links":{"self":[{"href":"https:\/\/sport-index.fr\/blog\/wp-json\/wp\/v2\/posts\/10697","targetHints":{"allow":["GET"]}}],"collection":[{"href":"https:\/\/sport-index.fr\/blog\/wp-json\/wp\/v2\/posts"}],"about":[{"href":"https:\/\/sport-index.fr\/blog\/wp-json\/wp\/v2\/types\/post"}],"author":[{"embeddable":true,"href":"https:\/\/sport-index.fr\/blog\/wp-json\/wp\/v2\/users\/34"}],"replies":[{"embeddable":true,"href":"https:\/\/sport-index.fr\/blog\/wp-json\/wp\/v2\/comments?post=10697"}],"version-history":[{"count":1,"href":"https:\/\/sport-index.fr\/blog\/wp-json\/wp\/v2\/posts\/10697\/revisions"}],"predecessor-version":[{"id":10700,"href":"https:\/\/sport-index.fr\/blog\/wp-json\/wp\/v2\/posts\/10697\/revisions\/10700"}],"wp:featuredmedia":[{"embeddable":true,"href":"https:\/\/sport-index.fr\/blog\/wp-json\/wp\/v2\/media\/10698"}],"wp:attachment":[{"href":"https:\/\/sport-index.fr\/blog\/wp-json\/wp\/v2\/media?parent=10697"}],"wp:term":[{"taxonomy":"category","embeddable":true,"href":"https:\/\/sport-index.fr\/blog\/wp-json\/wp\/v2\/categories?post=10697"},{"taxonomy":"post_tag","embeddable":true,"href":"https:\/\/sport-index.fr\/blog\/wp-json\/wp\/v2\/tags?post=10697"}],"curies":[{"name":"wp","href":"https:\/\/api.w.org\/{rel}","templated":true}]}}