{"id":10701,"date":"2025-02-25T07:03:40","date_gmt":"2025-02-25T06:03:40","guid":{"rendered":"https:\/\/sport-index.fr\/blog\/?p=10701"},"modified":"2025-02-23T12:38:07","modified_gmt":"2025-02-23T11:38:07","slug":"melvyn-jaminet-un-retour-acclame-au-coeur-du-vestiaire-toulonnais","status":"publish","type":"post","link":"https:\/\/sport-index.fr\/blog\/a-la-une\/melvyn-jaminet-un-retour-acclame-au-coeur-du-vestiaire-toulonnais\/","title":{"rendered":"Melvyn Jaminet : un retour acclam\u00e9 au c\u0153ur du vestiaire toulonnais"},"content":{"rendered":"<h2>Un retour charg\u00e9 d&rsquo;\u00e9motions<\/h2>\n<p>Melvyn Jaminet, joueur prometteur du Rugby Club Toulonnais, a r\u00e9cemment fait son retour sur le terrain apr\u00e8s une p\u00e9riode tumultueuse. Samedi dernier, alors qu&rsquo;il montait dans le bus en direction de Mayol, il devait jongler entre des doutes persistants et un bonheur palpable de renouer avec le rugby. Les \u00e9motions \u00e9taient \u00e0 leur comble, et le soutien des supporters a sans aucun doute jou\u00e9 un r\u00f4le crucial dans sa r\u00e9int\u00e9gration.<\/p>\n<p>\u00c0 son arriv\u00e9e \u00e0 Mayol, Jaminet a \u00e9t\u00e9 chaleureusement acclam\u00e9 par la foule. Des fans enthousiastes l&rsquo;ont m\u00eame arr\u00eat\u00e9 pour des \u00e9treintes, t\u00e9moignant ainsi de leur soutien ind\u00e9fectible. Ce moment a d\u00fb \u00eatre un v\u00e9ritable bol d\u2019air frais pour le joueur, qui a d\u00fb surmonter de nombreuses \u00e9preuves ces derniers mois. Entour\u00e9 de ses co\u00e9quipiers, chaque geste de soutien semblait renforcer sa d\u00e9termination \u00e0 retrouver son meilleur niveau.<\/p>\n<h2>Le soutien inconditionnel des supporters<\/h2>\n<p>Lors de son \u00e9chauffement, Jaminet a eu la surprise de d\u00e9couvrir des banderoles le soutenant, dont l&rsquo;une d&rsquo;elles proclamait : \u00ab\u00a0Allez Melvyn !\u00a0\u00bb Cette attention a visiblement eu un impact positif sur lui, lui rappelant qu&rsquo;il n&rsquo;\u00e9tait pas seul dans cette \u00e9preuve. Son entra\u00eeneur, Pierre Mignoni, a \u00e9galement pris le temps de lui conseiller de \u00ab\u00a0s\u2019amuser\u00a0\u00bb sur le terrain, un rappel essentiel pour un joueur qui revient apr\u00e8s une p\u00e9riode difficile.<\/p>\n<p>Les applaudissements de Mayol lors de son entr\u00e9e en jeu ont r\u00e9sonn\u00e9 comme un encouragement chaleureux. \u00ab\u00a0Je n\u2019ai pas pr\u00eat\u00e9 attention \u00e0 ce moment,\u00a0\u00bb a d\u00e9clar\u00e9 son co\u00e9quipier Baubigny, mais cet instant restera grav\u00e9 dans la m\u00e9moire de nombreux supporters. Mignoni a pour sa part remerci\u00e9 le public pour son soutien, soulignant l&rsquo;importance de cet accueil pour le moral du jeune joueur.<\/p>\n<h2>Une performance prometteuse et un avenir radieux<\/h2>\n<p>Le retour de Jaminet sur le terrain a \u00e9t\u00e9 marqu\u00e9 par une performance encourageante, malgr\u00e9 les d\u00e9fis rencontr\u00e9s. Bien qu&rsquo;il n&rsquo;ait pas r\u00e9ussi \u00e0 sauver une p\u00e9naltouche, il a montr\u00e9 de bonnes intentions avec des passes pr\u00e9cises et des coups de pied strat\u00e9giques. Le manager du RCT a soulign\u00e9 l&rsquo;importance de laisser le joueur tranquille, lui permettant ainsi de retrouver son rythme sans pression suppl\u00e9mentaire.<\/p>\n<p>Dans le vestiaire, Jaminet a exprim\u00e9 sa gratitude envers ses co\u00e9quipiers pour leur soutien durant cette phase d\u00e9licate. \u00ab\u00a0Il a eu un mot pour nous remercier de l\u2019avoir accompagn\u00e9 sans lui avoir tourn\u00e9 le dos,\u00a0\u00bb a r\u00e9v\u00e9l\u00e9 Baubigny. Ce soutien collectif a \u00e9t\u00e9 essentiel pour aider Jaminet \u00e0 se r\u00e9int\u00e9grer pleinement dans l&rsquo;\u00e9quipe apr\u00e8s plusieurs mois d&rsquo;absence.<\/p>\n<ul>\n<li>Retour d&rsquo;un joueur cl\u00e9 dans un contexte d\u00e9licat<\/li>\n<li>Soutien inconditionnel des supporters et des co\u00e9quipiers<\/li>\n<li>Performance encourageante qui augure d&rsquo;un avenir prometteur<\/li>\n<\/ul>\n<blockquote><p>\n\u00ab\u00a0Il est bien int\u00e9gr\u00e9 \u00e0 l\u2019\u00e9quipe. On est content d\u2019avoir un joueur de sa trempe avec nous.\u00a0\u00bb &#8211; Baubigny\n<\/p><\/blockquote>\n<p>Le parcours de Melvyn Jaminet est un exemple inspirant de r\u00e9silience et de d\u00e9termination. Son retour sur le terrain incarne l&rsquo;espoir et la force collective d&rsquo;une \u00e9quipe soud\u00e9e. Les supporters du RCT, tout comme ses co\u00e9quipiers, attendent avec impatience de voir comment il va \u00e9voluer et contribuer \u00e0 l&rsquo;\u00e9quipe. Avec un tel soutien et une volont\u00e9 de fer, Jaminet semble pr\u00eat \u00e0 relever tous les d\u00e9fis qui l&rsquo;attendent sur sa route.<img decoding=\"async\" width=\"1024\" height=\"576\" src=\"https:\/\/sport-index.fr\/blog\/wp-content\/uploads\/2025\/02\/stability-melvyn-jaminet-un-retour-acclame-au-coeur-du-vestiaire-toulonnais-1.png\" class=\"aligncenter\" alt=\"Illustration d\u00e9taill\u00e9e sur Melvyn Jaminet : un retour acclam\u00e9 au c\u0153ur du vestiaire toulonnais\" title=\"Melvyn Jaminet : un retour acclam\u00e9 au c\u0153ur du vestiaire toulonnais\" loading=\"lazy\" \/><\/p>\n","protected":false},"excerpt":{"rendered":"","protected":false},"author":34,"featured_media":10702,"comment_status":"open","ping_status":"open","sticky":false,"template":"","format":"standard","meta":{"_acf_changed":false,"manual_indexmenow":false,"indexmenow_id_project":0,"footnotes":""},"categories":[1],"tags":[4846,4585,4563,4408,4536],"class_list":["post-10701","post","type-post","status-publish","format-standard","has-post-thumbnail","hentry","category-a-la-une","tag-bien-etre-mental","tag-cohesion-dequipe","tag-performance-athletique","tag-resilience","tag-rugby","generate-columns","tablet-grid-50","mobile-grid-100","grid-parent","grid-25"],"acf":[],"yoast_head":"<!-- This site is optimized with the Yoast SEO Premium plugin v21.3 (Yoast SEO v26.5) - https:\/\/yoast.com\/wordpress\/plugins\/seo\/ -->\n<title>Melvyn Jaminet : un retour acclam\u00e9 au c\u0153ur du vestiaire<\/title>\n<meta name=\"description\" content=\"Un retour charg\u00e9 d&#039;\u00e9motions Melvyn Jaminet, joueur prometteur du Rugby Club Toulonnais, a r\u00e9cemment fait son retour sur le terrain apr\u00e8s une p\u00e9riode\u2026\" \/>\n<meta name=\"robots\" content=\"index, follow, max-snippet:-1, max-image-preview:large, max-video-preview:-1\" \/>\n<link rel=\"canonical\" href=\"https:\/\/sport-index.fr\/blog\/a-la-une\/melvyn-jaminet-un-retour-acclame-au-coeur-du-vestiaire-toulonnais\/\" \/>\n<meta property=\"og:locale\" content=\"fr_FR\" \/>\n<meta property=\"og:type\" content=\"article\" \/>\n<meta property=\"og:title\" content=\"Melvyn Jaminet : un retour acclam\u00e9 au c\u0153ur du vestiaire\" \/>\n<meta property=\"og:description\" content=\"Un retour charg\u00e9 d&#039;\u00e9motions Melvyn Jaminet, joueur prometteur du Rugby Club Toulonnais, a r\u00e9cemment fait son retour sur le terrain apr\u00e8s une p\u00e9riode\u2026\" \/>\n<meta property=\"og:url\" content=\"https:\/\/sport-index.fr\/blog\/a-la-une\/melvyn-jaminet-un-retour-acclame-au-coeur-du-vestiaire-toulonnais\/\" \/>\n<meta property=\"og:site_name\" content=\"sport-index\" \/>\n<meta property=\"og:image\" content=\"https:\/\/sport-index.fr\/blog\/wp-content\/uploads\/2025\/02\/stability-melvyn-jaminet-un-retour-acclame-au-coeur-du-vestiaire-toulonnais.png\" \/>\n\t<meta property=\"og:image:width\" content=\"1024\" \/>\n\t<meta property=\"og:image:height\" content=\"576\" \/>\n\t<meta property=\"og:image:type\" content=\"image\/png\" \/>\n<meta name=\"author\" content=\"Axel Lauzier\" \/>\n<meta name=\"twitter:card\" content=\"summary_large_image\" \/>\n<script type=\"application\/ld+json\" class=\"yoast-schema-graph\">{\"@context\":\"https:\/\/schema.org\",\"@graph\":[{\"@type\":\"NewsArticle\",\"@id\":\"https:\/\/sport-index.fr\/blog\/a-la-une\/melvyn-jaminet-un-retour-acclame-au-coeur-du-vestiaire-toulonnais\/#article\",\"isPartOf\":{\"@id\":\"https:\/\/sport-index.fr\/blog\/a-la-une\/melvyn-jaminet-un-retour-acclame-au-coeur-du-vestiaire-toulonnais\/\"},\"author\":{\"name\":\"Axel Lauzier\",\"@id\":\"https:\/\/sport-index.fr\/blog\/#\/schema\/person\/3c864cdc320801e3db34b663e7e3f816\"},\"headline\":\"Melvyn Jaminet : un retour acclam\u00e9 au c\u0153ur du vestiaire toulonnais\",\"datePublished\":\"2025-02-25T06:03:40+00:00\",\"mainEntityOfPage\":{\"@id\":\"https:\/\/sport-index.fr\/blog\/a-la-une\/melvyn-jaminet-un-retour-acclame-au-coeur-du-vestiaire-toulonnais\/\"},\"wordCount\":592,\"commentCount\":16,\"publisher\":{\"@id\":\"https:\/\/sport-index.fr\/blog\/#organization\"},\"image\":{\"@id\":\"https:\/\/sport-index.fr\/blog\/a-la-une\/melvyn-jaminet-un-retour-acclame-au-coeur-du-vestiaire-toulonnais\/#primaryimage\"},\"thumbnailUrl\":\"https:\/\/sport-index.fr\/blog\/wp-content\/uploads\/2025\/02\/stability-melvyn-jaminet-un-retour-acclame-au-coeur-du-vestiaire-toulonnais.png\",\"keywords\":[\"Bien-\u00eatre Mental\",\"Coh\u00e9sion d'\u00c9quipe\",\"Performance Athl\u00e9tique\",\"R\u00e9silience\",\"Rugby\"],\"articleSection\":[\"\u00c0 la une\"],\"inLanguage\":\"fr-FR\",\"potentialAction\":[{\"@type\":\"CommentAction\",\"name\":\"Comment\",\"target\":[\"https:\/\/sport-index.fr\/blog\/a-la-une\/melvyn-jaminet-un-retour-acclame-au-coeur-du-vestiaire-toulonnais\/#respond\"]}]},{\"@type\":\"WebPage\",\"@id\":\"https:\/\/sport-index.fr\/blog\/a-la-une\/melvyn-jaminet-un-retour-acclame-au-coeur-du-vestiaire-toulonnais\/\",\"url\":\"https:\/\/sport-index.fr\/blog\/a-la-une\/melvyn-jaminet-un-retour-acclame-au-coeur-du-vestiaire-toulonnais\/\",\"name\":\"Melvyn Jaminet : un retour acclam\u00e9 au c\u0153ur du vestiaire\",\"isPartOf\":{\"@id\":\"https:\/\/sport-index.fr\/blog\/#website\"},\"primaryImageOfPage\":{\"@id\":\"https:\/\/sport-index.fr\/blog\/a-la-une\/melvyn-jaminet-un-retour-acclame-au-coeur-du-vestiaire-toulonnais\/#primaryimage\"},\"image\":{\"@id\":\"https:\/\/sport-index.fr\/blog\/a-la-une\/melvyn-jaminet-un-retour-acclame-au-coeur-du-vestiaire-toulonnais\/#primaryimage\"},\"thumbnailUrl\":\"https:\/\/sport-index.fr\/blog\/wp-content\/uploads\/2025\/02\/stability-melvyn-jaminet-un-retour-acclame-au-coeur-du-vestiaire-toulonnais.png\",\"datePublished\":\"2025-02-25T06:03:40+00:00\",\"description\":\"Un retour charg\u00e9 d'\u00e9motions Melvyn Jaminet, joueur prometteur du Rugby Club Toulonnais, a r\u00e9cemment fait son retour sur le terrain apr\u00e8s une p\u00e9riode\u2026\",\"inLanguage\":\"fr-FR\",\"potentialAction\":[{\"@type\":\"ReadAction\",\"target\":[\"https:\/\/sport-index.fr\/blog\/a-la-une\/melvyn-jaminet-un-retour-acclame-au-coeur-du-vestiaire-toulonnais\/\"]}]},{\"@type\":\"ImageObject\",\"inLanguage\":\"fr-FR\",\"@id\":\"https:\/\/sport-index.fr\/blog\/a-la-une\/melvyn-jaminet-un-retour-acclame-au-coeur-du-vestiaire-toulonnais\/#primaryimage\",\"url\":\"https:\/\/sport-index.fr\/blog\/wp-content\/uploads\/2025\/02\/stability-melvyn-jaminet-un-retour-acclame-au-coeur-du-vestiaire-toulonnais.png\",\"contentUrl\":\"https:\/\/sport-index.fr\/blog\/wp-content\/uploads\/2025\/02\/stability-melvyn-jaminet-un-retour-acclame-au-coeur-du-vestiaire-toulonnais.png\",\"width\":1024,\"height\":576},{\"@type\":\"WebSite\",\"@id\":\"https:\/\/sport-index.fr\/blog\/#website\",\"url\":\"https:\/\/sport-index.fr\/blog\/\",\"name\":\"sport-index.fr\",\"description\":\"Le score de l\u2019analyse sportive.\",\"publisher\":{\"@id\":\"https:\/\/sport-index.fr\/blog\/#organization\"},\"alternateName\":\"Le score de l\u2019analyse sportive.\",\"potentialAction\":[{\"@type\":\"SearchAction\",\"target\":{\"@type\":\"EntryPoint\",\"urlTemplate\":\"https:\/\/sport-index.fr\/blog\/?s={search_term_string}\"},\"query-input\":{\"@type\":\"PropertyValueSpecification\",\"valueRequired\":true,\"valueName\":\"search_term_string\"}}],\"inLanguage\":\"fr-FR\"},{\"@type\":\"Organization\",\"@id\":\"https:\/\/sport-index.fr\/blog\/#organization\",\"name\":\"Foretsensations.fr\",\"url\":\"https:\/\/sport-index.fr\/blog\/\",\"logo\":{\"@type\":\"ImageObject\",\"inLanguage\":\"fr-FR\",\"@id\":\"https:\/\/sport-index.fr\/blog\/#\/schema\/logo\/image\/\",\"url\":\"https:\/\/sport-index.fr\/blog\/wp-content\/uploads\/2026\/07\/logo-auto.png\",\"contentUrl\":\"https:\/\/sport-index.fr\/blog\/wp-content\/uploads\/2026\/07\/logo-auto.png\",\"width\":1024,\"height\":1024,\"caption\":\"Foretsensations.fr\"},\"image\":{\"@id\":\"https:\/\/sport-index.fr\/blog\/#\/schema\/logo\/image\/\"}},{\"@type\":\"Person\",\"@id\":\"https:\/\/sport-index.fr\/blog\/#\/schema\/person\/3c864cdc320801e3db34b663e7e3f816\",\"name\":\"Axel Lauzier\",\"image\":{\"@type\":\"ImageObject\",\"inLanguage\":\"fr-FR\",\"@id\":\"https:\/\/sport-index.fr\/blog\/#\/schema\/person\/image\/\",\"url\":\"https:\/\/sport-index.fr\/blog\/wp-content\/uploads\/2026\/06\/persona_axel-l-96x96.jpg\",\"contentUrl\":\"https:\/\/sport-index.fr\/blog\/wp-content\/uploads\/2026\/06\/persona_axel-l-96x96.jpg\",\"caption\":\"Axel Lauzier\"},\"description\":\"Le sport rythme mon quotidien depuis l'enfance, et j'en ai fait mon m\u00e9tier d'analyste r\u00e9dactionnel il y a une dizaine d'ann\u00e9es. Je couvre principalement le football, son actualit\u00e9, ses transferts et l'analyse tactique des grandes affiches, mais aussi les disciplines plus confidentielles que j'aime remettre en lumi\u00e8re. Une partie de mon travail porte sur les pronostics et la lecture statistique d'un match : forme des \u00e9quipes, historique des confrontations, compositions, sans jamais vendre de fausse certitude. Je rappelle syst\u00e9matiquement que parier comporte un risque et doit rester un loisir ma\u00eetris\u00e9. Avant de signer une analyse, je v\u00e9rifie mes chiffres, je recoupe les compositions probables et je distingue toujours la donn\u00e9e brute de l'intuition. Mon objectif : offrir une lecture honn\u00eate et argument\u00e9e, pas un ticket gagnant garanti.\",\"sameAs\":[\"https:\/\/axellauzier.fr\/\"],\"url\":\"https:\/\/sport-index.fr\/blog\/auteur\/noname\/\"}]}<\/script>\n<!-- \/ Yoast SEO Premium plugin. -->","yoast_head_json":{"title":"Melvyn Jaminet : un retour acclam\u00e9 au c\u0153ur du vestiaire","description":"Un retour charg\u00e9 d'\u00e9motions Melvyn Jaminet, joueur prometteur du Rugby Club Toulonnais, a r\u00e9cemment fait son retour sur le terrain apr\u00e8s une p\u00e9riode\u2026","robots":{"index":"index","follow":"follow","max-snippet":"max-snippet:-1","max-image-preview":"max-image-preview:large","max-video-preview":"max-video-preview:-1"},"canonical":"https:\/\/sport-index.fr\/blog\/a-la-une\/melvyn-jaminet-un-retour-acclame-au-coeur-du-vestiaire-toulonnais\/","og_locale":"fr_FR","og_type":"article","og_title":"Melvyn Jaminet : un retour acclam\u00e9 au c\u0153ur du vestiaire","og_description":"Un retour charg\u00e9 d'\u00e9motions Melvyn Jaminet, joueur prometteur du Rugby Club Toulonnais, a r\u00e9cemment fait son retour sur le terrain apr\u00e8s une p\u00e9riode\u2026","og_url":"https:\/\/sport-index.fr\/blog\/a-la-une\/melvyn-jaminet-un-retour-acclame-au-coeur-du-vestiaire-toulonnais\/","og_site_name":"sport-index","og_image":[{"width":1024,"height":576,"url":"https:\/\/sport-index.fr\/blog\/wp-content\/uploads\/2025\/02\/stability-melvyn-jaminet-un-retour-acclame-au-coeur-du-vestiaire-toulonnais.png","type":"image\/png"}],"author":"Axel Lauzier","twitter_card":"summary_large_image","schema":{"@context":"https:\/\/schema.org","@graph":[{"@type":"NewsArticle","@id":"https:\/\/sport-index.fr\/blog\/a-la-une\/melvyn-jaminet-un-retour-acclame-au-coeur-du-vestiaire-toulonnais\/#article","isPartOf":{"@id":"https:\/\/sport-index.fr\/blog\/a-la-une\/melvyn-jaminet-un-retour-acclame-au-coeur-du-vestiaire-toulonnais\/"},"author":{"name":"Axel Lauzier","@id":"https:\/\/sport-index.fr\/blog\/#\/schema\/person\/3c864cdc320801e3db34b663e7e3f816"},"headline":"Melvyn Jaminet : un retour acclam\u00e9 au c\u0153ur du vestiaire toulonnais","datePublished":"2025-02-25T06:03:40+00:00","mainEntityOfPage":{"@id":"https:\/\/sport-index.fr\/blog\/a-la-une\/melvyn-jaminet-un-retour-acclame-au-coeur-du-vestiaire-toulonnais\/"},"wordCount":592,"commentCount":16,"publisher":{"@id":"https:\/\/sport-index.fr\/blog\/#organization"},"image":{"@id":"https:\/\/sport-index.fr\/blog\/a-la-une\/melvyn-jaminet-un-retour-acclame-au-coeur-du-vestiaire-toulonnais\/#primaryimage"},"thumbnailUrl":"https:\/\/sport-index.fr\/blog\/wp-content\/uploads\/2025\/02\/stability-melvyn-jaminet-un-retour-acclame-au-coeur-du-vestiaire-toulonnais.png","keywords":["Bien-\u00eatre Mental","Coh\u00e9sion d'\u00c9quipe","Performance Athl\u00e9tique","R\u00e9silience","Rugby"],"articleSection":["\u00c0 la une"],"inLanguage":"fr-FR","potentialAction":[{"@type":"CommentAction","name":"Comment","target":["https:\/\/sport-index.fr\/blog\/a-la-une\/melvyn-jaminet-un-retour-acclame-au-coeur-du-vestiaire-toulonnais\/#respond"]}]},{"@type":"WebPage","@id":"https:\/\/sport-index.fr\/blog\/a-la-une\/melvyn-jaminet-un-retour-acclame-au-coeur-du-vestiaire-toulonnais\/","url":"https:\/\/sport-index.fr\/blog\/a-la-une\/melvyn-jaminet-un-retour-acclame-au-coeur-du-vestiaire-toulonnais\/","name":"Melvyn Jaminet : un retour acclam\u00e9 au c\u0153ur du vestiaire","isPartOf":{"@id":"https:\/\/sport-index.fr\/blog\/#website"},"primaryImageOfPage":{"@id":"https:\/\/sport-index.fr\/blog\/a-la-une\/melvyn-jaminet-un-retour-acclame-au-coeur-du-vestiaire-toulonnais\/#primaryimage"},"image":{"@id":"https:\/\/sport-index.fr\/blog\/a-la-une\/melvyn-jaminet-un-retour-acclame-au-coeur-du-vestiaire-toulonnais\/#primaryimage"},"thumbnailUrl":"https:\/\/sport-index.fr\/blog\/wp-content\/uploads\/2025\/02\/stability-melvyn-jaminet-un-retour-acclame-au-coeur-du-vestiaire-toulonnais.png","datePublished":"2025-02-25T06:03:40+00:00","description":"Un retour charg\u00e9 d'\u00e9motions Melvyn Jaminet, joueur prometteur du Rugby Club Toulonnais, a r\u00e9cemment fait son retour sur le terrain apr\u00e8s une p\u00e9riode\u2026","inLanguage":"fr-FR","potentialAction":[{"@type":"ReadAction","target":["https:\/\/sport-index.fr\/blog\/a-la-une\/melvyn-jaminet-un-retour-acclame-au-coeur-du-vestiaire-toulonnais\/"]}]},{"@type":"ImageObject","inLanguage":"fr-FR","@id":"https:\/\/sport-index.fr\/blog\/a-la-une\/melvyn-jaminet-un-retour-acclame-au-coeur-du-vestiaire-toulonnais\/#primaryimage","url":"https:\/\/sport-index.fr\/blog\/wp-content\/uploads\/2025\/02\/stability-melvyn-jaminet-un-retour-acclame-au-coeur-du-vestiaire-toulonnais.png","contentUrl":"https:\/\/sport-index.fr\/blog\/wp-content\/uploads\/2025\/02\/stability-melvyn-jaminet-un-retour-acclame-au-coeur-du-vestiaire-toulonnais.png","width":1024,"height":576},{"@type":"WebSite","@id":"https:\/\/sport-index.fr\/blog\/#website","url":"https:\/\/sport-index.fr\/blog\/","name":"sport-index.fr","description":"Le score de l\u2019analyse sportive.","publisher":{"@id":"https:\/\/sport-index.fr\/blog\/#organization"},"alternateName":"Le score de l\u2019analyse sportive.","potentialAction":[{"@type":"SearchAction","target":{"@type":"EntryPoint","urlTemplate":"https:\/\/sport-index.fr\/blog\/?s={search_term_string}"},"query-input":{"@type":"PropertyValueSpecification","valueRequired":true,"valueName":"search_term_string"}}],"inLanguage":"fr-FR"},{"@type":"Organization","@id":"https:\/\/sport-index.fr\/blog\/#organization","name":"Foretsensations.fr","url":"https:\/\/sport-index.fr\/blog\/","logo":{"@type":"ImageObject","inLanguage":"fr-FR","@id":"https:\/\/sport-index.fr\/blog\/#\/schema\/logo\/image\/","url":"https:\/\/sport-index.fr\/blog\/wp-content\/uploads\/2026\/07\/logo-auto.png","contentUrl":"https:\/\/sport-index.fr\/blog\/wp-content\/uploads\/2026\/07\/logo-auto.png","width":1024,"height":1024,"caption":"Foretsensations.fr"},"image":{"@id":"https:\/\/sport-index.fr\/blog\/#\/schema\/logo\/image\/"}},{"@type":"Person","@id":"https:\/\/sport-index.fr\/blog\/#\/schema\/person\/3c864cdc320801e3db34b663e7e3f816","name":"Axel Lauzier","image":{"@type":"ImageObject","inLanguage":"fr-FR","@id":"https:\/\/sport-index.fr\/blog\/#\/schema\/person\/image\/","url":"https:\/\/sport-index.fr\/blog\/wp-content\/uploads\/2026\/06\/persona_axel-l-96x96.jpg","contentUrl":"https:\/\/sport-index.fr\/blog\/wp-content\/uploads\/2026\/06\/persona_axel-l-96x96.jpg","caption":"Axel Lauzier"},"description":"Le sport rythme mon quotidien depuis l'enfance, et j'en ai fait mon m\u00e9tier d'analyste r\u00e9dactionnel il y a une dizaine d'ann\u00e9es. Je couvre principalement le football, son actualit\u00e9, ses transferts et l'analyse tactique des grandes affiches, mais aussi les disciplines plus confidentielles que j'aime remettre en lumi\u00e8re. Une partie de mon travail porte sur les pronostics et la lecture statistique d'un match : forme des \u00e9quipes, historique des confrontations, compositions, sans jamais vendre de fausse certitude. Je rappelle syst\u00e9matiquement que parier comporte un risque et doit rester un loisir ma\u00eetris\u00e9. Avant de signer une analyse, je v\u00e9rifie mes chiffres, je recoupe les compositions probables et je distingue toujours la donn\u00e9e brute de l'intuition. Mon objectif : offrir une lecture honn\u00eate et argument\u00e9e, pas un ticket gagnant garanti.","sameAs":["https:\/\/axellauzier.fr\/"],"url":"https:\/\/sport-index.fr\/blog\/auteur\/noname\/"}]}},"_links":{"self":[{"href":"https:\/\/sport-index.fr\/blog\/wp-json\/wp\/v2\/posts\/10701","targetHints":{"allow":["GET"]}}],"collection":[{"href":"https:\/\/sport-index.fr\/blog\/wp-json\/wp\/v2\/posts"}],"about":[{"href":"https:\/\/sport-index.fr\/blog\/wp-json\/wp\/v2\/types\/post"}],"author":[{"embeddable":true,"href":"https:\/\/sport-index.fr\/blog\/wp-json\/wp\/v2\/users\/34"}],"replies":[{"embeddable":true,"href":"https:\/\/sport-index.fr\/blog\/wp-json\/wp\/v2\/comments?post=10701"}],"version-history":[{"count":1,"href":"https:\/\/sport-index.fr\/blog\/wp-json\/wp\/v2\/posts\/10701\/revisions"}],"predecessor-version":[{"id":10704,"href":"https:\/\/sport-index.fr\/blog\/wp-json\/wp\/v2\/posts\/10701\/revisions\/10704"}],"wp:featuredmedia":[{"embeddable":true,"href":"https:\/\/sport-index.fr\/blog\/wp-json\/wp\/v2\/media\/10702"}],"wp:attachment":[{"href":"https:\/\/sport-index.fr\/blog\/wp-json\/wp\/v2\/media?parent=10701"}],"wp:term":[{"taxonomy":"category","embeddable":true,"href":"https:\/\/sport-index.fr\/blog\/wp-json\/wp\/v2\/categories?post=10701"},{"taxonomy":"post_tag","embeddable":true,"href":"https:\/\/sport-index.fr\/blog\/wp-json\/wp\/v2\/tags?post=10701"}],"curies":[{"name":"wp","href":"https:\/\/api.w.org\/{rel}","templated":true}]}}