{"id":10737,"date":"2025-02-24T14:05:31","date_gmt":"2025-02-24T13:05:31","guid":{"rendered":"https:\/\/sport-index.fr\/blog\/?p=10737"},"modified":"2025-02-23T14:51:32","modified_gmt":"2025-02-23T13:51:32","slug":"une-medaille-dargent-eclatante-pour-michelon-lors-dune-mass-start-memorable","status":"publish","type":"post","link":"https:\/\/sport-index.fr\/blog\/a-la-une\/une-medaille-dargent-eclatante-pour-michelon-lors-dune-mass-start-memorable\/","title":{"rendered":"Une m\u00e9daille d&rsquo;argent \u00e9clatante pour Michelon lors d&rsquo;une mass-start m\u00e9morable"},"content":{"rendered":"<h2>Une performance \u00e9poustouflante \u00e0 Lenzerheide<\/h2>\n<p>Oc\u00e9ane Michelon a r\u00e9ussi un exploit remarquable lors des championnats du monde de biathlon \u00e0 Lenzerheide, en d\u00e9crochant une m\u00e9daille d&rsquo;argent lors de la mass-start. \u00c0 seulement 22 ans, la jeune athl\u00e8te fran\u00e7aise a prouv\u00e9 son talent en se hissant sur le podium pour la premi\u00e8re fois dans une \u00e9preuve individuelle, une \u00e9tape cruciale de sa carri\u00e8re. Ce succ\u00e8s s\u2019ajoute \u00e0 son palmar\u00e8s d\u00e9j\u00e0 impressionnant, apr\u00e8s une m\u00e9daille obtenue lors du relais la veille.<\/p>\n<p>La course a \u00e9t\u00e9 marqu\u00e9e par une intensit\u00e9 incroyable et une concurrence f\u00e9roce. Michelon, qui a montr\u00e9 une grande ma\u00eetrise tout au long de l&rsquo;\u00e9preuve, a su tirer son \u00e9pingle du jeu, face \u00e0 des adversaires redoutables. Elle a termin\u00e9 juste derri\u00e8re la Su\u00e9doise Elvira Oeberg, tandis que la Norv\u00e9gienne Maren Kirkeeide a compl\u00e9t\u00e9 le podium en prenant la troisi\u00e8me place.<\/p>\n<h2>Une strat\u00e9gie de course bien pens\u00e9e<\/h2>\n<p>La cl\u00e9 de la r\u00e9ussite de Michelon r\u00e9side dans sa strat\u00e9gie de course parfaitement ex\u00e9cut\u00e9e. Elle a su g\u00e9rer son rythme tout en se concentrant sur chaque tir, ce qui lui a permis de rester dans la course jusqu&rsquo;\u00e0 la fin. Sa pr\u00e9paration mentale et physique a clairement port\u00e9 ses fruits, prouvant que l&rsquo;entra\u00eenement intensif et la d\u00e9termination peuvent mener \u00e0 des r\u00e9sultats \u00e9clatants.<\/p>\n<p>Dans un sport o\u00f9 chaque seconde compte, la capacit\u00e9 de Michelon \u00e0 rester calme sous pression a \u00e9t\u00e9 d\u00e9terminante. Son approche m\u00e9thodique et son focus sur les d\u00e9tails ont fait la diff\u00e9rence, lui permettant de surmonter les d\u00e9fis de la comp\u00e9tition. Comme elle l&rsquo;a dit si bien : <\/p>\n<blockquote><p>\u00ab Chaque course est un nouveau d\u00e9fi, et je suis ici pour donner le meilleur de moi-m\u00eame. \u00bb<\/p><\/blockquote>\n<h2>Un avenir prometteur pour le biathlon fran\u00e7ais<\/h2>\n<p>La performance d&rsquo;Oc\u00e9ane Michelon est un signe encourageant pour le biathlon fran\u00e7ais. Avec deux m\u00e9dailles sur ces Mondiaux, l&rsquo;\u00e9quipe affiche un potentiel \u00e9norme et une profondeur de talent qui pourrait les propulser vers de nouveaux sommets. Les jeunes athl\u00e8tes comme Michelon sont en train de red\u00e9finir les attentes et d&rsquo;inspirer la prochaine g\u00e9n\u00e9ration de skieurs.<\/p>\n<p>Ce succ\u00e8s pourrait \u00e9galement avoir un impact significatif sur la popularit\u00e9 du biathlon en France. Les m\u00e9dias, comme Eurosport, s&rsquo;engagent \u00e0 diffuser davantage d&rsquo;images de ces comp\u00e9titions, permettant aux fans de suivre de pr\u00e8s les exploits de leurs athl\u00e8tes pr\u00e9f\u00e9r\u00e9s. En attendant, voici quelques faits marquants \u00e0 retenir sur cette comp\u00e9tition :<\/p>\n<ul>\n<li>Oc\u00e9ane Michelon a remport\u00e9 sa premi\u00e8re m\u00e9daille individuelle mondiale.<\/li>\n<li>La mass-start a \u00e9t\u00e9 particuli\u00e8rement intense avec des performances de haut niveau.<\/li>\n<li>Elvira Oeberg a \u00e9t\u00e9 couronn\u00e9e championne, tandis que Maren Kirkeeide a pris la troisi\u00e8me place.<\/li>\n<li>Les championnats du monde de Lenzerheide ont mis en lumi\u00e8re le talent croissant des athl\u00e8tes fran\u00e7ais.<\/li>\n<li>Les m\u00e9dias s&rsquo;int\u00e9ressent de plus en plus au biathlon, augmentant sa visibilit\u00e9.<\/li>\n<\/ul>\n<p>Le parcours d&rsquo;Oc\u00e9ane Michelon \u00e0 Lenzerheide est un v\u00e9ritable symbole de pers\u00e9v\u00e9rance et de passion pour le biathlon. Alors que les championnats se poursuivent, le monde du sport attend avec impatience de voir comment cette talentueuse skieuse continuera \u00e0 briller sur la sc\u00e8ne internationale.<img decoding=\"async\" width=\"1024\" height=\"576\" src=\"https:\/\/sport-index.fr\/blog\/wp-content\/uploads\/2025\/02\/stability-une-medaille-dargent-eclatante-pour-michelon-lors-dune-mass-start-memorable-1.png\" class=\"aligncenter\" alt=\"Illustration d\u00e9taill\u00e9e sur Une m\u00e9daille d&#039;argent \u00e9clatante pour Michelon lors d&#039;une mass-start m\u00e9morable\" title=\"Une m\u00e9daille d&#039;argent \u00e9clatante pour Michelon lors d&#039;une mass-start m\u00e9morable\" loading=\"lazy\" \/><\/p>\n","protected":false},"excerpt":{"rendered":"","protected":false},"author":34,"featured_media":10738,"comment_status":"open","ping_status":"open","sticky":false,"template":"","format":"standard","meta":{"_acf_changed":false,"manual_indexmenow":false,"indexmenow_id_project":0,"footnotes":""},"categories":[1],"tags":[5053,4745,4544,4563,4885],"class_list":["post-10737","post","type-post","status-publish","format-standard","has-post-thumbnail","hentry","category-a-la-une","tag-biathlon","tag-competition","tag-equipe","tag-performance-athletique","tag-preparation-mentale","generate-columns","tablet-grid-50","mobile-grid-100","grid-parent","grid-25"],"acf":[],"yoast_head":"<!-- This site is optimized with the Yoast SEO Premium plugin v21.3 (Yoast SEO v26.5) - https:\/\/yoast.com\/wordpress\/plugins\/seo\/ -->\n<title>Une m\u00e9daille d&#039;argent \u00e9clatante pour Michelon lors d&#039;une<\/title>\n<meta name=\"description\" content=\"Une performance \u00e9poustouflante \u00e0 Lenzerheide Oc\u00e9ane Michelon a r\u00e9ussi un exploit remarquable lors des championnats du monde de biathlon \u00e0 Lenzerheide, en\u2026\" \/>\n<meta name=\"robots\" content=\"index, follow, max-snippet:-1, max-image-preview:large, max-video-preview:-1\" \/>\n<link rel=\"canonical\" href=\"https:\/\/sport-index.fr\/blog\/a-la-une\/une-medaille-dargent-eclatante-pour-michelon-lors-dune-mass-start-memorable\/\" \/>\n<meta property=\"og:locale\" content=\"fr_FR\" \/>\n<meta property=\"og:type\" content=\"article\" \/>\n<meta property=\"og:title\" content=\"Une m\u00e9daille d&#039;argent \u00e9clatante pour Michelon lors d&#039;une\" \/>\n<meta property=\"og:description\" content=\"Une performance \u00e9poustouflante \u00e0 Lenzerheide Oc\u00e9ane Michelon a r\u00e9ussi un exploit remarquable lors des championnats du monde de biathlon \u00e0 Lenzerheide, en\u2026\" \/>\n<meta property=\"og:url\" content=\"https:\/\/sport-index.fr\/blog\/a-la-une\/une-medaille-dargent-eclatante-pour-michelon-lors-dune-mass-start-memorable\/\" \/>\n<meta property=\"og:site_name\" content=\"sport-index\" \/>\n<meta property=\"og:image\" content=\"https:\/\/sport-index.fr\/blog\/wp-content\/uploads\/2025\/02\/stability-une-medaille-dargent-eclatante-pour-michelon-lors-dune-mass-start-memorable.png\" \/>\n\t<meta property=\"og:image:width\" content=\"1024\" \/>\n\t<meta property=\"og:image:height\" content=\"576\" \/>\n\t<meta property=\"og:image:type\" content=\"image\/png\" \/>\n<meta name=\"author\" content=\"Axel Lauzier\" \/>\n<meta name=\"twitter:card\" content=\"summary_large_image\" \/>\n<script type=\"application\/ld+json\" class=\"yoast-schema-graph\">{\"@context\":\"https:\/\/schema.org\",\"@graph\":[{\"@type\":\"NewsArticle\",\"@id\":\"https:\/\/sport-index.fr\/blog\/a-la-une\/une-medaille-dargent-eclatante-pour-michelon-lors-dune-mass-start-memorable\/#article\",\"isPartOf\":{\"@id\":\"https:\/\/sport-index.fr\/blog\/a-la-une\/une-medaille-dargent-eclatante-pour-michelon-lors-dune-mass-start-memorable\/\"},\"author\":{\"name\":\"Axel Lauzier\",\"@id\":\"https:\/\/sport-index.fr\/blog\/#\/schema\/person\/3c864cdc320801e3db34b663e7e3f816\"},\"headline\":\"Une m\u00e9daille d&rsquo;argent \u00e9clatante pour Michelon lors d&rsquo;une mass-start m\u00e9morable\",\"datePublished\":\"2025-02-24T13:05:31+00:00\",\"mainEntityOfPage\":{\"@id\":\"https:\/\/sport-index.fr\/blog\/a-la-une\/une-medaille-dargent-eclatante-pour-michelon-lors-dune-mass-start-memorable\/\"},\"wordCount\":582,\"commentCount\":24,\"publisher\":{\"@id\":\"https:\/\/sport-index.fr\/blog\/#organization\"},\"image\":{\"@id\":\"https:\/\/sport-index.fr\/blog\/a-la-une\/une-medaille-dargent-eclatante-pour-michelon-lors-dune-mass-start-memorable\/#primaryimage\"},\"thumbnailUrl\":\"https:\/\/sport-index.fr\/blog\/wp-content\/uploads\/2025\/02\/stability-une-medaille-dargent-eclatante-pour-michelon-lors-dune-mass-start-memorable.png\",\"keywords\":[\"Biathlon\",\"Comp\u00e9tition\",\"\u00c9quipe\",\"Performance Athl\u00e9tique\",\"Pr\u00e9paration Mentale\"],\"articleSection\":[\"\u00c0 la une\"],\"inLanguage\":\"fr-FR\",\"potentialAction\":[{\"@type\":\"CommentAction\",\"name\":\"Comment\",\"target\":[\"https:\/\/sport-index.fr\/blog\/a-la-une\/une-medaille-dargent-eclatante-pour-michelon-lors-dune-mass-start-memorable\/#respond\"]}]},{\"@type\":\"WebPage\",\"@id\":\"https:\/\/sport-index.fr\/blog\/a-la-une\/une-medaille-dargent-eclatante-pour-michelon-lors-dune-mass-start-memorable\/\",\"url\":\"https:\/\/sport-index.fr\/blog\/a-la-une\/une-medaille-dargent-eclatante-pour-michelon-lors-dune-mass-start-memorable\/\",\"name\":\"Une m\u00e9daille d'argent \u00e9clatante pour Michelon lors d'une\",\"isPartOf\":{\"@id\":\"https:\/\/sport-index.fr\/blog\/#website\"},\"primaryImageOfPage\":{\"@id\":\"https:\/\/sport-index.fr\/blog\/a-la-une\/une-medaille-dargent-eclatante-pour-michelon-lors-dune-mass-start-memorable\/#primaryimage\"},\"image\":{\"@id\":\"https:\/\/sport-index.fr\/blog\/a-la-une\/une-medaille-dargent-eclatante-pour-michelon-lors-dune-mass-start-memorable\/#primaryimage\"},\"thumbnailUrl\":\"https:\/\/sport-index.fr\/blog\/wp-content\/uploads\/2025\/02\/stability-une-medaille-dargent-eclatante-pour-michelon-lors-dune-mass-start-memorable.png\",\"datePublished\":\"2025-02-24T13:05:31+00:00\",\"description\":\"Une performance \u00e9poustouflante \u00e0 Lenzerheide Oc\u00e9ane Michelon a r\u00e9ussi un exploit remarquable lors des championnats du monde de biathlon \u00e0 Lenzerheide, en\u2026\",\"inLanguage\":\"fr-FR\",\"potentialAction\":[{\"@type\":\"ReadAction\",\"target\":[\"https:\/\/sport-index.fr\/blog\/a-la-une\/une-medaille-dargent-eclatante-pour-michelon-lors-dune-mass-start-memorable\/\"]}]},{\"@type\":\"ImageObject\",\"inLanguage\":\"fr-FR\",\"@id\":\"https:\/\/sport-index.fr\/blog\/a-la-une\/une-medaille-dargent-eclatante-pour-michelon-lors-dune-mass-start-memorable\/#primaryimage\",\"url\":\"https:\/\/sport-index.fr\/blog\/wp-content\/uploads\/2025\/02\/stability-une-medaille-dargent-eclatante-pour-michelon-lors-dune-mass-start-memorable.png\",\"contentUrl\":\"https:\/\/sport-index.fr\/blog\/wp-content\/uploads\/2025\/02\/stability-une-medaille-dargent-eclatante-pour-michelon-lors-dune-mass-start-memorable.png\",\"width\":1024,\"height\":576},{\"@type\":\"WebSite\",\"@id\":\"https:\/\/sport-index.fr\/blog\/#website\",\"url\":\"https:\/\/sport-index.fr\/blog\/\",\"name\":\"sport-index.fr\",\"description\":\"Le score de l\u2019analyse sportive.\",\"publisher\":{\"@id\":\"https:\/\/sport-index.fr\/blog\/#organization\"},\"alternateName\":\"Le score de l\u2019analyse sportive.\",\"potentialAction\":[{\"@type\":\"SearchAction\",\"target\":{\"@type\":\"EntryPoint\",\"urlTemplate\":\"https:\/\/sport-index.fr\/blog\/?s={search_term_string}\"},\"query-input\":{\"@type\":\"PropertyValueSpecification\",\"valueRequired\":true,\"valueName\":\"search_term_string\"}}],\"inLanguage\":\"fr-FR\"},{\"@type\":\"Organization\",\"@id\":\"https:\/\/sport-index.fr\/blog\/#organization\",\"name\":\"Foretsensations.fr\",\"url\":\"https:\/\/sport-index.fr\/blog\/\",\"logo\":{\"@type\":\"ImageObject\",\"inLanguage\":\"fr-FR\",\"@id\":\"https:\/\/sport-index.fr\/blog\/#\/schema\/logo\/image\/\",\"url\":\"https:\/\/sport-index.fr\/blog\/wp-content\/uploads\/2026\/07\/logo-auto.png\",\"contentUrl\":\"https:\/\/sport-index.fr\/blog\/wp-content\/uploads\/2026\/07\/logo-auto.png\",\"width\":1024,\"height\":1024,\"caption\":\"Foretsensations.fr\"},\"image\":{\"@id\":\"https:\/\/sport-index.fr\/blog\/#\/schema\/logo\/image\/\"}},{\"@type\":\"Person\",\"@id\":\"https:\/\/sport-index.fr\/blog\/#\/schema\/person\/3c864cdc320801e3db34b663e7e3f816\",\"name\":\"Axel Lauzier\",\"image\":{\"@type\":\"ImageObject\",\"inLanguage\":\"fr-FR\",\"@id\":\"https:\/\/sport-index.fr\/blog\/#\/schema\/person\/image\/\",\"url\":\"https:\/\/sport-index.fr\/blog\/wp-content\/uploads\/2026\/06\/persona_axel-l-96x96.jpg\",\"contentUrl\":\"https:\/\/sport-index.fr\/blog\/wp-content\/uploads\/2026\/06\/persona_axel-l-96x96.jpg\",\"caption\":\"Axel Lauzier\"},\"description\":\"Le sport rythme mon quotidien depuis l'enfance, et j'en ai fait mon m\u00e9tier d'analyste r\u00e9dactionnel il y a une dizaine d'ann\u00e9es. Je couvre principalement le football, son actualit\u00e9, ses transferts et l'analyse tactique des grandes affiches, mais aussi les disciplines plus confidentielles que j'aime remettre en lumi\u00e8re. Une partie de mon travail porte sur les pronostics et la lecture statistique d'un match : forme des \u00e9quipes, historique des confrontations, compositions, sans jamais vendre de fausse certitude. Je rappelle syst\u00e9matiquement que parier comporte un risque et doit rester un loisir ma\u00eetris\u00e9. Avant de signer une analyse, je v\u00e9rifie mes chiffres, je recoupe les compositions probables et je distingue toujours la donn\u00e9e brute de l'intuition. Mon objectif : offrir une lecture honn\u00eate et argument\u00e9e, pas un ticket gagnant garanti.\",\"sameAs\":[\"https:\/\/axellauzier.fr\/\"],\"url\":\"https:\/\/sport-index.fr\/blog\/auteur\/noname\/\"}]}<\/script>\n<!-- \/ Yoast SEO Premium plugin. -->","yoast_head_json":{"title":"Une m\u00e9daille d'argent \u00e9clatante pour Michelon lors d'une","description":"Une performance \u00e9poustouflante \u00e0 Lenzerheide Oc\u00e9ane Michelon a r\u00e9ussi un exploit remarquable lors des championnats du monde de biathlon \u00e0 Lenzerheide, en\u2026","robots":{"index":"index","follow":"follow","max-snippet":"max-snippet:-1","max-image-preview":"max-image-preview:large","max-video-preview":"max-video-preview:-1"},"canonical":"https:\/\/sport-index.fr\/blog\/a-la-une\/une-medaille-dargent-eclatante-pour-michelon-lors-dune-mass-start-memorable\/","og_locale":"fr_FR","og_type":"article","og_title":"Une m\u00e9daille d'argent \u00e9clatante pour Michelon lors d'une","og_description":"Une performance \u00e9poustouflante \u00e0 Lenzerheide Oc\u00e9ane Michelon a r\u00e9ussi un exploit remarquable lors des championnats du monde de biathlon \u00e0 Lenzerheide, en\u2026","og_url":"https:\/\/sport-index.fr\/blog\/a-la-une\/une-medaille-dargent-eclatante-pour-michelon-lors-dune-mass-start-memorable\/","og_site_name":"sport-index","og_image":[{"width":1024,"height":576,"url":"https:\/\/sport-index.fr\/blog\/wp-content\/uploads\/2025\/02\/stability-une-medaille-dargent-eclatante-pour-michelon-lors-dune-mass-start-memorable.png","type":"image\/png"}],"author":"Axel Lauzier","twitter_card":"summary_large_image","schema":{"@context":"https:\/\/schema.org","@graph":[{"@type":"NewsArticle","@id":"https:\/\/sport-index.fr\/blog\/a-la-une\/une-medaille-dargent-eclatante-pour-michelon-lors-dune-mass-start-memorable\/#article","isPartOf":{"@id":"https:\/\/sport-index.fr\/blog\/a-la-une\/une-medaille-dargent-eclatante-pour-michelon-lors-dune-mass-start-memorable\/"},"author":{"name":"Axel Lauzier","@id":"https:\/\/sport-index.fr\/blog\/#\/schema\/person\/3c864cdc320801e3db34b663e7e3f816"},"headline":"Une m\u00e9daille d&rsquo;argent \u00e9clatante pour Michelon lors d&rsquo;une mass-start m\u00e9morable","datePublished":"2025-02-24T13:05:31+00:00","mainEntityOfPage":{"@id":"https:\/\/sport-index.fr\/blog\/a-la-une\/une-medaille-dargent-eclatante-pour-michelon-lors-dune-mass-start-memorable\/"},"wordCount":582,"commentCount":24,"publisher":{"@id":"https:\/\/sport-index.fr\/blog\/#organization"},"image":{"@id":"https:\/\/sport-index.fr\/blog\/a-la-une\/une-medaille-dargent-eclatante-pour-michelon-lors-dune-mass-start-memorable\/#primaryimage"},"thumbnailUrl":"https:\/\/sport-index.fr\/blog\/wp-content\/uploads\/2025\/02\/stability-une-medaille-dargent-eclatante-pour-michelon-lors-dune-mass-start-memorable.png","keywords":["Biathlon","Comp\u00e9tition","\u00c9quipe","Performance Athl\u00e9tique","Pr\u00e9paration Mentale"],"articleSection":["\u00c0 la une"],"inLanguage":"fr-FR","potentialAction":[{"@type":"CommentAction","name":"Comment","target":["https:\/\/sport-index.fr\/blog\/a-la-une\/une-medaille-dargent-eclatante-pour-michelon-lors-dune-mass-start-memorable\/#respond"]}]},{"@type":"WebPage","@id":"https:\/\/sport-index.fr\/blog\/a-la-une\/une-medaille-dargent-eclatante-pour-michelon-lors-dune-mass-start-memorable\/","url":"https:\/\/sport-index.fr\/blog\/a-la-une\/une-medaille-dargent-eclatante-pour-michelon-lors-dune-mass-start-memorable\/","name":"Une m\u00e9daille d'argent \u00e9clatante pour Michelon lors d'une","isPartOf":{"@id":"https:\/\/sport-index.fr\/blog\/#website"},"primaryImageOfPage":{"@id":"https:\/\/sport-index.fr\/blog\/a-la-une\/une-medaille-dargent-eclatante-pour-michelon-lors-dune-mass-start-memorable\/#primaryimage"},"image":{"@id":"https:\/\/sport-index.fr\/blog\/a-la-une\/une-medaille-dargent-eclatante-pour-michelon-lors-dune-mass-start-memorable\/#primaryimage"},"thumbnailUrl":"https:\/\/sport-index.fr\/blog\/wp-content\/uploads\/2025\/02\/stability-une-medaille-dargent-eclatante-pour-michelon-lors-dune-mass-start-memorable.png","datePublished":"2025-02-24T13:05:31+00:00","description":"Une performance \u00e9poustouflante \u00e0 Lenzerheide Oc\u00e9ane Michelon a r\u00e9ussi un exploit remarquable lors des championnats du monde de biathlon \u00e0 Lenzerheide, en\u2026","inLanguage":"fr-FR","potentialAction":[{"@type":"ReadAction","target":["https:\/\/sport-index.fr\/blog\/a-la-une\/une-medaille-dargent-eclatante-pour-michelon-lors-dune-mass-start-memorable\/"]}]},{"@type":"ImageObject","inLanguage":"fr-FR","@id":"https:\/\/sport-index.fr\/blog\/a-la-une\/une-medaille-dargent-eclatante-pour-michelon-lors-dune-mass-start-memorable\/#primaryimage","url":"https:\/\/sport-index.fr\/blog\/wp-content\/uploads\/2025\/02\/stability-une-medaille-dargent-eclatante-pour-michelon-lors-dune-mass-start-memorable.png","contentUrl":"https:\/\/sport-index.fr\/blog\/wp-content\/uploads\/2025\/02\/stability-une-medaille-dargent-eclatante-pour-michelon-lors-dune-mass-start-memorable.png","width":1024,"height":576},{"@type":"WebSite","@id":"https:\/\/sport-index.fr\/blog\/#website","url":"https:\/\/sport-index.fr\/blog\/","name":"sport-index.fr","description":"Le score de l\u2019analyse sportive.","publisher":{"@id":"https:\/\/sport-index.fr\/blog\/#organization"},"alternateName":"Le score de l\u2019analyse sportive.","potentialAction":[{"@type":"SearchAction","target":{"@type":"EntryPoint","urlTemplate":"https:\/\/sport-index.fr\/blog\/?s={search_term_string}"},"query-input":{"@type":"PropertyValueSpecification","valueRequired":true,"valueName":"search_term_string"}}],"inLanguage":"fr-FR"},{"@type":"Organization","@id":"https:\/\/sport-index.fr\/blog\/#organization","name":"Foretsensations.fr","url":"https:\/\/sport-index.fr\/blog\/","logo":{"@type":"ImageObject","inLanguage":"fr-FR","@id":"https:\/\/sport-index.fr\/blog\/#\/schema\/logo\/image\/","url":"https:\/\/sport-index.fr\/blog\/wp-content\/uploads\/2026\/07\/logo-auto.png","contentUrl":"https:\/\/sport-index.fr\/blog\/wp-content\/uploads\/2026\/07\/logo-auto.png","width":1024,"height":1024,"caption":"Foretsensations.fr"},"image":{"@id":"https:\/\/sport-index.fr\/blog\/#\/schema\/logo\/image\/"}},{"@type":"Person","@id":"https:\/\/sport-index.fr\/blog\/#\/schema\/person\/3c864cdc320801e3db34b663e7e3f816","name":"Axel Lauzier","image":{"@type":"ImageObject","inLanguage":"fr-FR","@id":"https:\/\/sport-index.fr\/blog\/#\/schema\/person\/image\/","url":"https:\/\/sport-index.fr\/blog\/wp-content\/uploads\/2026\/06\/persona_axel-l-96x96.jpg","contentUrl":"https:\/\/sport-index.fr\/blog\/wp-content\/uploads\/2026\/06\/persona_axel-l-96x96.jpg","caption":"Axel Lauzier"},"description":"Le sport rythme mon quotidien depuis l'enfance, et j'en ai fait mon m\u00e9tier d'analyste r\u00e9dactionnel il y a une dizaine d'ann\u00e9es. Je couvre principalement le football, son actualit\u00e9, ses transferts et l'analyse tactique des grandes affiches, mais aussi les disciplines plus confidentielles que j'aime remettre en lumi\u00e8re. Une partie de mon travail porte sur les pronostics et la lecture statistique d'un match : forme des \u00e9quipes, historique des confrontations, compositions, sans jamais vendre de fausse certitude. Je rappelle syst\u00e9matiquement que parier comporte un risque et doit rester un loisir ma\u00eetris\u00e9. Avant de signer une analyse, je v\u00e9rifie mes chiffres, je recoupe les compositions probables et je distingue toujours la donn\u00e9e brute de l'intuition. Mon objectif : offrir une lecture honn\u00eate et argument\u00e9e, pas un ticket gagnant garanti.","sameAs":["https:\/\/axellauzier.fr\/"],"url":"https:\/\/sport-index.fr\/blog\/auteur\/noname\/"}]}},"_links":{"self":[{"href":"https:\/\/sport-index.fr\/blog\/wp-json\/wp\/v2\/posts\/10737","targetHints":{"allow":["GET"]}}],"collection":[{"href":"https:\/\/sport-index.fr\/blog\/wp-json\/wp\/v2\/posts"}],"about":[{"href":"https:\/\/sport-index.fr\/blog\/wp-json\/wp\/v2\/types\/post"}],"author":[{"embeddable":true,"href":"https:\/\/sport-index.fr\/blog\/wp-json\/wp\/v2\/users\/34"}],"replies":[{"embeddable":true,"href":"https:\/\/sport-index.fr\/blog\/wp-json\/wp\/v2\/comments?post=10737"}],"version-history":[{"count":1,"href":"https:\/\/sport-index.fr\/blog\/wp-json\/wp\/v2\/posts\/10737\/revisions"}],"predecessor-version":[{"id":10740,"href":"https:\/\/sport-index.fr\/blog\/wp-json\/wp\/v2\/posts\/10737\/revisions\/10740"}],"wp:featuredmedia":[{"embeddable":true,"href":"https:\/\/sport-index.fr\/blog\/wp-json\/wp\/v2\/media\/10738"}],"wp:attachment":[{"href":"https:\/\/sport-index.fr\/blog\/wp-json\/wp\/v2\/media?parent=10737"}],"wp:term":[{"taxonomy":"category","embeddable":true,"href":"https:\/\/sport-index.fr\/blog\/wp-json\/wp\/v2\/categories?post=10737"},{"taxonomy":"post_tag","embeddable":true,"href":"https:\/\/sport-index.fr\/blog\/wp-json\/wp\/v2\/tags?post=10737"}],"curies":[{"name":"wp","href":"https:\/\/api.w.org\/{rel}","templated":true}]}}