{"id":10765,"date":"2025-02-24T15:39:24","date_gmt":"2025-02-24T14:39:24","guid":{"rendered":"https:\/\/sport-index.fr\/blog\/?p=10765"},"modified":"2025-02-23T16:25:28","modified_gmt":"2025-02-23T15:25:28","slug":"lou-jeanmonnot-decue-sa-carabine-tombee-a-impacte-ses-performances-aux-mondiaux","status":"publish","type":"post","link":"https:\/\/sport-index.fr\/blog\/a-la-une\/lou-jeanmonnot-decue-sa-carabine-tombee-a-impacte-ses-performances-aux-mondiaux\/","title":{"rendered":"Lou Jeanmonnot d\u00e9\u00e7ue : sa carabine tomb\u00e9e a impact\u00e9 ses performances aux Mondiaux"},"content":{"rendered":"<p>En prenant la 6e place lors de la mass-start, elle a exprim\u00e9 sa d\u00e9ception au micro d&rsquo;Eurosport. Apr\u00e8s une performance entach\u00e9e par des erreurs, elle a partag\u00e9 un incident crucial survenu juste avant la comp\u00e9tition.<\/p>\n<h2>Un incident malheureux avant la comp\u00e9tition<\/h2>\n<p>Lou Jeanmonnot a r\u00e9v\u00e9l\u00e9 qu&rsquo;elle avait fait tomber sa carabine juste apr\u00e8s avoir effectu\u00e9 les r\u00e9glages. Cet \u00e9v\u00e9nement, bien que semble anodin, a eu un impact majeur sur sa concentration et sa pr\u00e9paration. La biathl\u00e8te n\u2019a pas eu le temps de r\u00e9ajuster son \u00e9quipement avant le tir, ce qui a conduit \u00e0 des erreurs lors de ses premi\u00e8res tentatives.<\/p>\n<p>La pression des Mondiaux est immense, et chaque d\u00e9tail compte. Pour un athl\u00e8te, une simple distraction peut compromettre des ann\u00e9es d&rsquo;entra\u00eenement. Jeanmonnot a reconnu que cette perte de temps a jou\u00e9 un r\u00f4le dans sa performance et a contribu\u00e9 \u00e0 sa d\u00e9ception apr\u00e8s la course.<\/p>\n<h2>Les d\u00e9fis mentaux en biathlon<\/h2>\n<p>Le biathlon n&rsquo;est pas seulement une \u00e9preuve physique, c&rsquo;est \u00e9galement un d\u00e9fi mental. Les athl\u00e8tes doivent \u00eatre en parfaite harmonie avec leur \u00e9quipement et leur mental pour r\u00e9ussir. Les erreurs de tir, comme celles commises par Lou, peuvent \u00eatre le r\u00e9sultat d&rsquo;une pression psychologique intense.<img decoding=\"async\" width=\"1024\" height=\"576\" src=\"https:\/\/sport-index.fr\/blog\/wp-content\/uploads\/2025\/02\/stability-lou-jeanmonnot-decue-sa-carabine-tombee-a-impacte-ses-performances-aux-mondiaux-1.png\" class=\"aligncenter\" alt=\"Illustration d\u00e9taill\u00e9e sur Lou Jeanmonnot d\u00e9\u00e7ue : sa carabine tomb\u00e9e a impact\u00e9 ses performances aux Mondiaux\" title=\"Lou Jeanmonnot d\u00e9\u00e7ue : sa carabine tomb\u00e9e a impact\u00e9 ses performances aux Mondiaux\" loading=\"lazy\" \/><\/p>\n<p>La capacit\u00e9 \u00e0 g\u00e9rer le stress et \u00e0 se concentrer malgr\u00e9 les distractions est essentielle. Jeanmonnot a soulign\u00e9 que chaque tir compte, et que la moindre perte de concentration peut co\u00fbter cher. Cette situation lui servira sans doute de le\u00e7on pour ses prochaines comp\u00e9titions.<\/p>\n<h2>Les le\u00e7ons \u00e0 tirer pour l&rsquo;avenir<\/h2>\n<p>Pour Lou Jeanmonnot, ces Mondiaux repr\u00e9sentent une occasion d&rsquo;apprendre et de grandir en tant qu&rsquo;athl\u00e8te. Chaque comp\u00e9tition est une nouvelle exp\u00e9rience, et les erreurs d&rsquo;aujourd&rsquo;hui peuvent devenir des opportunit\u00e9s de progression. Elle envisage d\u00e9j\u00e0 les prochaines \u00e9tapes de sa carri\u00e8re avec un esprit tourn\u00e9 vers l&rsquo;am\u00e9lioration.<\/p>\n<p>Les athl\u00e8tes comme Jeanmonnot doivent constamment s&rsquo;adapter et surmonter les d\u00e9fis. L&rsquo;incident de la carabine pourrait \u00e9galement susciter des r\u00e9flexions sur les protocoles d&rsquo;\u00e9chauffement et de pr\u00e9paration. Lou esp\u00e8re que de telles situations ne se reproduiront pas et qu&rsquo;elle pourra performer \u00e0 son meilleur niveau lors des prochains \u00e9v\u00e9nements.<\/p>\n<blockquote><p>\n    \u00ab\u00a0J&rsquo;ai fait tomber ma carabine apr\u00e8s les r\u00e9glages, ce qui a impact\u00e9 ma performance.\u00a0\u00bb &#8211; Lou Jeanmonnot\n<\/p><\/blockquote>\n<ul>\n<li>Importance de la concentration en comp\u00e9tition<\/li>\n<li>Impact des erreurs mat\u00e9rielles sur la performance<\/li>\n<li>Le biathlon : un sport de pr\u00e9cision et de strat\u00e9gie<\/li>\n<li>Le r\u00f4le du mental dans le succ\u00e8s sportif<\/li>\n<li>Le\u00e7ons apprises pour des comp\u00e9titions futures<\/li>\n<\/ul>\n<p>Avec une telle d\u00e9termination, Lou Jeanmonnot est pr\u00eate \u00e0 relever de nouveaux d\u00e9fis. Ses exp\u00e9riences aux Mondiaux de Lenzerheide lui fourniront les outils n\u00e9cessaires pour se battre encore plus fort \u00e0 l&rsquo;avenir. Les supporters et amateurs de biathlon attendent avec impatience de voir comment elle transformera cette d\u00e9ception en force pour ses prochaines courses.<\/p>\n","protected":false},"excerpt":{"rendered":"","protected":false},"author":34,"featured_media":10766,"comment_status":"open","ping_status":"open","sticky":false,"template":"","format":"standard","meta":{"_acf_changed":false,"manual_indexmenow":false,"indexmenow_id_project":0,"footnotes":""},"categories":[1],"tags":[5053,4898,4563,4378,4885],"class_list":["post-10765","post","type-post","status-publish","format-standard","has-post-thumbnail","hentry","category-a-la-une","tag-biathlon","tag-gestion-du-stress","tag-performance-athletique","tag-performance-durable","tag-preparation-mentale","generate-columns","tablet-grid-50","mobile-grid-100","grid-parent","grid-25"],"acf":[],"yoast_head":"<!-- This site is optimized with the Yoast SEO Premium plugin v21.3 (Yoast SEO v26.5) - https:\/\/yoast.com\/wordpress\/plugins\/seo\/ -->\n<title>Lou Jeanmonnot d\u00e9\u00e7ue : sa carabine tomb\u00e9e a impact\u00e9<\/title>\n<meta name=\"description\" content=\"En prenant la 6e place lors de la mass-start, elle a exprim\u00e9 sa d\u00e9ception au micro d&#039;Eurosport. Apr\u00e8s une performance entach\u00e9e par des erreurs, elle a\u2026\" \/>\n<meta name=\"robots\" content=\"index, follow, max-snippet:-1, max-image-preview:large, max-video-preview:-1\" \/>\n<link rel=\"canonical\" href=\"https:\/\/sport-index.fr\/blog\/a-la-une\/lou-jeanmonnot-decue-sa-carabine-tombee-a-impacte-ses-performances-aux-mondiaux\/\" \/>\n<meta property=\"og:locale\" content=\"fr_FR\" \/>\n<meta property=\"og:type\" content=\"article\" \/>\n<meta property=\"og:title\" content=\"Lou Jeanmonnot d\u00e9\u00e7ue : sa carabine tomb\u00e9e a impact\u00e9\" \/>\n<meta property=\"og:description\" content=\"En prenant la 6e place lors de la mass-start, elle a exprim\u00e9 sa d\u00e9ception au micro d&#039;Eurosport. Apr\u00e8s une performance entach\u00e9e par des erreurs, elle a\u2026\" \/>\n<meta property=\"og:url\" content=\"https:\/\/sport-index.fr\/blog\/a-la-une\/lou-jeanmonnot-decue-sa-carabine-tombee-a-impacte-ses-performances-aux-mondiaux\/\" \/>\n<meta property=\"og:site_name\" content=\"sport-index\" \/>\n<meta property=\"og:image\" content=\"https:\/\/sport-index.fr\/blog\/wp-content\/uploads\/2025\/02\/stability-lou-jeanmonnot-decue-sa-carabine-tombee-a-impacte-ses-performances-aux-mondiaux.png\" \/>\n\t<meta property=\"og:image:width\" content=\"1024\" \/>\n\t<meta property=\"og:image:height\" content=\"576\" \/>\n\t<meta property=\"og:image:type\" content=\"image\/png\" \/>\n<meta name=\"author\" content=\"Axel Lauzier\" \/>\n<meta name=\"twitter:card\" content=\"summary_large_image\" \/>\n<script type=\"application\/ld+json\" class=\"yoast-schema-graph\">{\"@context\":\"https:\/\/schema.org\",\"@graph\":[{\"@type\":\"NewsArticle\",\"@id\":\"https:\/\/sport-index.fr\/blog\/a-la-une\/lou-jeanmonnot-decue-sa-carabine-tombee-a-impacte-ses-performances-aux-mondiaux\/#article\",\"isPartOf\":{\"@id\":\"https:\/\/sport-index.fr\/blog\/a-la-une\/lou-jeanmonnot-decue-sa-carabine-tombee-a-impacte-ses-performances-aux-mondiaux\/\"},\"author\":{\"name\":\"Axel Lauzier\",\"@id\":\"https:\/\/sport-index.fr\/blog\/#\/schema\/person\/3c864cdc320801e3db34b663e7e3f816\"},\"headline\":\"Lou Jeanmonnot d\u00e9\u00e7ue : sa carabine tomb\u00e9e a impact\u00e9 ses performances aux Mondiaux\",\"datePublished\":\"2025-02-24T14:39:24+00:00\",\"mainEntityOfPage\":{\"@id\":\"https:\/\/sport-index.fr\/blog\/a-la-une\/lou-jeanmonnot-decue-sa-carabine-tombee-a-impacte-ses-performances-aux-mondiaux\/\"},\"wordCount\":533,\"commentCount\":18,\"publisher\":{\"@id\":\"https:\/\/sport-index.fr\/blog\/#organization\"},\"image\":{\"@id\":\"https:\/\/sport-index.fr\/blog\/a-la-une\/lou-jeanmonnot-decue-sa-carabine-tombee-a-impacte-ses-performances-aux-mondiaux\/#primaryimage\"},\"thumbnailUrl\":\"https:\/\/sport-index.fr\/blog\/wp-content\/uploads\/2025\/02\/stability-lou-jeanmonnot-decue-sa-carabine-tombee-a-impacte-ses-performances-aux-mondiaux.png\",\"keywords\":[\"Biathlon\",\"Gestion Du Stress\",\"Performance Athl\u00e9tique\",\"Performance Durable\",\"Pr\u00e9paration Mentale\"],\"articleSection\":[\"\u00c0 la une\"],\"inLanguage\":\"fr-FR\",\"potentialAction\":[{\"@type\":\"CommentAction\",\"name\":\"Comment\",\"target\":[\"https:\/\/sport-index.fr\/blog\/a-la-une\/lou-jeanmonnot-decue-sa-carabine-tombee-a-impacte-ses-performances-aux-mondiaux\/#respond\"]}]},{\"@type\":\"WebPage\",\"@id\":\"https:\/\/sport-index.fr\/blog\/a-la-une\/lou-jeanmonnot-decue-sa-carabine-tombee-a-impacte-ses-performances-aux-mondiaux\/\",\"url\":\"https:\/\/sport-index.fr\/blog\/a-la-une\/lou-jeanmonnot-decue-sa-carabine-tombee-a-impacte-ses-performances-aux-mondiaux\/\",\"name\":\"Lou Jeanmonnot d\u00e9\u00e7ue : sa carabine tomb\u00e9e a impact\u00e9\",\"isPartOf\":{\"@id\":\"https:\/\/sport-index.fr\/blog\/#website\"},\"primaryImageOfPage\":{\"@id\":\"https:\/\/sport-index.fr\/blog\/a-la-une\/lou-jeanmonnot-decue-sa-carabine-tombee-a-impacte-ses-performances-aux-mondiaux\/#primaryimage\"},\"image\":{\"@id\":\"https:\/\/sport-index.fr\/blog\/a-la-une\/lou-jeanmonnot-decue-sa-carabine-tombee-a-impacte-ses-performances-aux-mondiaux\/#primaryimage\"},\"thumbnailUrl\":\"https:\/\/sport-index.fr\/blog\/wp-content\/uploads\/2025\/02\/stability-lou-jeanmonnot-decue-sa-carabine-tombee-a-impacte-ses-performances-aux-mondiaux.png\",\"datePublished\":\"2025-02-24T14:39:24+00:00\",\"description\":\"En prenant la 6e place lors de la mass-start, elle a exprim\u00e9 sa d\u00e9ception au micro d'Eurosport. Apr\u00e8s une performance entach\u00e9e par des erreurs, elle a\u2026\",\"inLanguage\":\"fr-FR\",\"potentialAction\":[{\"@type\":\"ReadAction\",\"target\":[\"https:\/\/sport-index.fr\/blog\/a-la-une\/lou-jeanmonnot-decue-sa-carabine-tombee-a-impacte-ses-performances-aux-mondiaux\/\"]}]},{\"@type\":\"ImageObject\",\"inLanguage\":\"fr-FR\",\"@id\":\"https:\/\/sport-index.fr\/blog\/a-la-une\/lou-jeanmonnot-decue-sa-carabine-tombee-a-impacte-ses-performances-aux-mondiaux\/#primaryimage\",\"url\":\"https:\/\/sport-index.fr\/blog\/wp-content\/uploads\/2025\/02\/stability-lou-jeanmonnot-decue-sa-carabine-tombee-a-impacte-ses-performances-aux-mondiaux.png\",\"contentUrl\":\"https:\/\/sport-index.fr\/blog\/wp-content\/uploads\/2025\/02\/stability-lou-jeanmonnot-decue-sa-carabine-tombee-a-impacte-ses-performances-aux-mondiaux.png\",\"width\":1024,\"height\":576},{\"@type\":\"WebSite\",\"@id\":\"https:\/\/sport-index.fr\/blog\/#website\",\"url\":\"https:\/\/sport-index.fr\/blog\/\",\"name\":\"sport-index.fr\",\"description\":\"Le score de l\u2019analyse sportive.\",\"publisher\":{\"@id\":\"https:\/\/sport-index.fr\/blog\/#organization\"},\"alternateName\":\"Le score de l\u2019analyse sportive.\",\"potentialAction\":[{\"@type\":\"SearchAction\",\"target\":{\"@type\":\"EntryPoint\",\"urlTemplate\":\"https:\/\/sport-index.fr\/blog\/?s={search_term_string}\"},\"query-input\":{\"@type\":\"PropertyValueSpecification\",\"valueRequired\":true,\"valueName\":\"search_term_string\"}}],\"inLanguage\":\"fr-FR\"},{\"@type\":\"Organization\",\"@id\":\"https:\/\/sport-index.fr\/blog\/#organization\",\"name\":\"Foretsensations.fr\",\"url\":\"https:\/\/sport-index.fr\/blog\/\",\"logo\":{\"@type\":\"ImageObject\",\"inLanguage\":\"fr-FR\",\"@id\":\"https:\/\/sport-index.fr\/blog\/#\/schema\/logo\/image\/\",\"url\":\"https:\/\/sport-index.fr\/blog\/wp-content\/uploads\/2026\/07\/logo-auto.png\",\"contentUrl\":\"https:\/\/sport-index.fr\/blog\/wp-content\/uploads\/2026\/07\/logo-auto.png\",\"width\":1024,\"height\":1024,\"caption\":\"Foretsensations.fr\"},\"image\":{\"@id\":\"https:\/\/sport-index.fr\/blog\/#\/schema\/logo\/image\/\"}},{\"@type\":\"Person\",\"@id\":\"https:\/\/sport-index.fr\/blog\/#\/schema\/person\/3c864cdc320801e3db34b663e7e3f816\",\"name\":\"Axel Lauzier\",\"image\":{\"@type\":\"ImageObject\",\"inLanguage\":\"fr-FR\",\"@id\":\"https:\/\/sport-index.fr\/blog\/#\/schema\/person\/image\/\",\"url\":\"https:\/\/sport-index.fr\/blog\/wp-content\/uploads\/2026\/06\/persona_axel-l-96x96.jpg\",\"contentUrl\":\"https:\/\/sport-index.fr\/blog\/wp-content\/uploads\/2026\/06\/persona_axel-l-96x96.jpg\",\"caption\":\"Axel Lauzier\"},\"description\":\"Le sport rythme mon quotidien depuis l'enfance, et j'en ai fait mon m\u00e9tier d'analyste r\u00e9dactionnel il y a une dizaine d'ann\u00e9es. Je couvre principalement le football, son actualit\u00e9, ses transferts et l'analyse tactique des grandes affiches, mais aussi les disciplines plus confidentielles que j'aime remettre en lumi\u00e8re. Une partie de mon travail porte sur les pronostics et la lecture statistique d'un match : forme des \u00e9quipes, historique des confrontations, compositions, sans jamais vendre de fausse certitude. Je rappelle syst\u00e9matiquement que parier comporte un risque et doit rester un loisir ma\u00eetris\u00e9. Avant de signer une analyse, je v\u00e9rifie mes chiffres, je recoupe les compositions probables et je distingue toujours la donn\u00e9e brute de l'intuition. Mon objectif : offrir une lecture honn\u00eate et argument\u00e9e, pas un ticket gagnant garanti.\",\"sameAs\":[\"https:\/\/axellauzier.fr\/\"],\"url\":\"https:\/\/sport-index.fr\/blog\/auteur\/noname\/\"}]}<\/script>\n<!-- \/ Yoast SEO Premium plugin. -->","yoast_head_json":{"title":"Lou Jeanmonnot d\u00e9\u00e7ue : sa carabine tomb\u00e9e a impact\u00e9","description":"En prenant la 6e place lors de la mass-start, elle a exprim\u00e9 sa d\u00e9ception au micro d'Eurosport. Apr\u00e8s une performance entach\u00e9e par des erreurs, elle a\u2026","robots":{"index":"index","follow":"follow","max-snippet":"max-snippet:-1","max-image-preview":"max-image-preview:large","max-video-preview":"max-video-preview:-1"},"canonical":"https:\/\/sport-index.fr\/blog\/a-la-une\/lou-jeanmonnot-decue-sa-carabine-tombee-a-impacte-ses-performances-aux-mondiaux\/","og_locale":"fr_FR","og_type":"article","og_title":"Lou Jeanmonnot d\u00e9\u00e7ue : sa carabine tomb\u00e9e a impact\u00e9","og_description":"En prenant la 6e place lors de la mass-start, elle a exprim\u00e9 sa d\u00e9ception au micro d'Eurosport. Apr\u00e8s une performance entach\u00e9e par des erreurs, elle a\u2026","og_url":"https:\/\/sport-index.fr\/blog\/a-la-une\/lou-jeanmonnot-decue-sa-carabine-tombee-a-impacte-ses-performances-aux-mondiaux\/","og_site_name":"sport-index","og_image":[{"width":1024,"height":576,"url":"https:\/\/sport-index.fr\/blog\/wp-content\/uploads\/2025\/02\/stability-lou-jeanmonnot-decue-sa-carabine-tombee-a-impacte-ses-performances-aux-mondiaux.png","type":"image\/png"}],"author":"Axel Lauzier","twitter_card":"summary_large_image","schema":{"@context":"https:\/\/schema.org","@graph":[{"@type":"NewsArticle","@id":"https:\/\/sport-index.fr\/blog\/a-la-une\/lou-jeanmonnot-decue-sa-carabine-tombee-a-impacte-ses-performances-aux-mondiaux\/#article","isPartOf":{"@id":"https:\/\/sport-index.fr\/blog\/a-la-une\/lou-jeanmonnot-decue-sa-carabine-tombee-a-impacte-ses-performances-aux-mondiaux\/"},"author":{"name":"Axel Lauzier","@id":"https:\/\/sport-index.fr\/blog\/#\/schema\/person\/3c864cdc320801e3db34b663e7e3f816"},"headline":"Lou Jeanmonnot d\u00e9\u00e7ue : sa carabine tomb\u00e9e a impact\u00e9 ses performances aux Mondiaux","datePublished":"2025-02-24T14:39:24+00:00","mainEntityOfPage":{"@id":"https:\/\/sport-index.fr\/blog\/a-la-une\/lou-jeanmonnot-decue-sa-carabine-tombee-a-impacte-ses-performances-aux-mondiaux\/"},"wordCount":533,"commentCount":18,"publisher":{"@id":"https:\/\/sport-index.fr\/blog\/#organization"},"image":{"@id":"https:\/\/sport-index.fr\/blog\/a-la-une\/lou-jeanmonnot-decue-sa-carabine-tombee-a-impacte-ses-performances-aux-mondiaux\/#primaryimage"},"thumbnailUrl":"https:\/\/sport-index.fr\/blog\/wp-content\/uploads\/2025\/02\/stability-lou-jeanmonnot-decue-sa-carabine-tombee-a-impacte-ses-performances-aux-mondiaux.png","keywords":["Biathlon","Gestion Du Stress","Performance Athl\u00e9tique","Performance Durable","Pr\u00e9paration Mentale"],"articleSection":["\u00c0 la une"],"inLanguage":"fr-FR","potentialAction":[{"@type":"CommentAction","name":"Comment","target":["https:\/\/sport-index.fr\/blog\/a-la-une\/lou-jeanmonnot-decue-sa-carabine-tombee-a-impacte-ses-performances-aux-mondiaux\/#respond"]}]},{"@type":"WebPage","@id":"https:\/\/sport-index.fr\/blog\/a-la-une\/lou-jeanmonnot-decue-sa-carabine-tombee-a-impacte-ses-performances-aux-mondiaux\/","url":"https:\/\/sport-index.fr\/blog\/a-la-une\/lou-jeanmonnot-decue-sa-carabine-tombee-a-impacte-ses-performances-aux-mondiaux\/","name":"Lou Jeanmonnot d\u00e9\u00e7ue : sa carabine tomb\u00e9e a impact\u00e9","isPartOf":{"@id":"https:\/\/sport-index.fr\/blog\/#website"},"primaryImageOfPage":{"@id":"https:\/\/sport-index.fr\/blog\/a-la-une\/lou-jeanmonnot-decue-sa-carabine-tombee-a-impacte-ses-performances-aux-mondiaux\/#primaryimage"},"image":{"@id":"https:\/\/sport-index.fr\/blog\/a-la-une\/lou-jeanmonnot-decue-sa-carabine-tombee-a-impacte-ses-performances-aux-mondiaux\/#primaryimage"},"thumbnailUrl":"https:\/\/sport-index.fr\/blog\/wp-content\/uploads\/2025\/02\/stability-lou-jeanmonnot-decue-sa-carabine-tombee-a-impacte-ses-performances-aux-mondiaux.png","datePublished":"2025-02-24T14:39:24+00:00","description":"En prenant la 6e place lors de la mass-start, elle a exprim\u00e9 sa d\u00e9ception au micro d'Eurosport. Apr\u00e8s une performance entach\u00e9e par des erreurs, elle a\u2026","inLanguage":"fr-FR","potentialAction":[{"@type":"ReadAction","target":["https:\/\/sport-index.fr\/blog\/a-la-une\/lou-jeanmonnot-decue-sa-carabine-tombee-a-impacte-ses-performances-aux-mondiaux\/"]}]},{"@type":"ImageObject","inLanguage":"fr-FR","@id":"https:\/\/sport-index.fr\/blog\/a-la-une\/lou-jeanmonnot-decue-sa-carabine-tombee-a-impacte-ses-performances-aux-mondiaux\/#primaryimage","url":"https:\/\/sport-index.fr\/blog\/wp-content\/uploads\/2025\/02\/stability-lou-jeanmonnot-decue-sa-carabine-tombee-a-impacte-ses-performances-aux-mondiaux.png","contentUrl":"https:\/\/sport-index.fr\/blog\/wp-content\/uploads\/2025\/02\/stability-lou-jeanmonnot-decue-sa-carabine-tombee-a-impacte-ses-performances-aux-mondiaux.png","width":1024,"height":576},{"@type":"WebSite","@id":"https:\/\/sport-index.fr\/blog\/#website","url":"https:\/\/sport-index.fr\/blog\/","name":"sport-index.fr","description":"Le score de l\u2019analyse sportive.","publisher":{"@id":"https:\/\/sport-index.fr\/blog\/#organization"},"alternateName":"Le score de l\u2019analyse sportive.","potentialAction":[{"@type":"SearchAction","target":{"@type":"EntryPoint","urlTemplate":"https:\/\/sport-index.fr\/blog\/?s={search_term_string}"},"query-input":{"@type":"PropertyValueSpecification","valueRequired":true,"valueName":"search_term_string"}}],"inLanguage":"fr-FR"},{"@type":"Organization","@id":"https:\/\/sport-index.fr\/blog\/#organization","name":"Foretsensations.fr","url":"https:\/\/sport-index.fr\/blog\/","logo":{"@type":"ImageObject","inLanguage":"fr-FR","@id":"https:\/\/sport-index.fr\/blog\/#\/schema\/logo\/image\/","url":"https:\/\/sport-index.fr\/blog\/wp-content\/uploads\/2026\/07\/logo-auto.png","contentUrl":"https:\/\/sport-index.fr\/blog\/wp-content\/uploads\/2026\/07\/logo-auto.png","width":1024,"height":1024,"caption":"Foretsensations.fr"},"image":{"@id":"https:\/\/sport-index.fr\/blog\/#\/schema\/logo\/image\/"}},{"@type":"Person","@id":"https:\/\/sport-index.fr\/blog\/#\/schema\/person\/3c864cdc320801e3db34b663e7e3f816","name":"Axel Lauzier","image":{"@type":"ImageObject","inLanguage":"fr-FR","@id":"https:\/\/sport-index.fr\/blog\/#\/schema\/person\/image\/","url":"https:\/\/sport-index.fr\/blog\/wp-content\/uploads\/2026\/06\/persona_axel-l-96x96.jpg","contentUrl":"https:\/\/sport-index.fr\/blog\/wp-content\/uploads\/2026\/06\/persona_axel-l-96x96.jpg","caption":"Axel Lauzier"},"description":"Le sport rythme mon quotidien depuis l'enfance, et j'en ai fait mon m\u00e9tier d'analyste r\u00e9dactionnel il y a une dizaine d'ann\u00e9es. Je couvre principalement le football, son actualit\u00e9, ses transferts et l'analyse tactique des grandes affiches, mais aussi les disciplines plus confidentielles que j'aime remettre en lumi\u00e8re. Une partie de mon travail porte sur les pronostics et la lecture statistique d'un match : forme des \u00e9quipes, historique des confrontations, compositions, sans jamais vendre de fausse certitude. Je rappelle syst\u00e9matiquement que parier comporte un risque et doit rester un loisir ma\u00eetris\u00e9. Avant de signer une analyse, je v\u00e9rifie mes chiffres, je recoupe les compositions probables et je distingue toujours la donn\u00e9e brute de l'intuition. Mon objectif : offrir une lecture honn\u00eate et argument\u00e9e, pas un ticket gagnant garanti.","sameAs":["https:\/\/axellauzier.fr\/"],"url":"https:\/\/sport-index.fr\/blog\/auteur\/noname\/"}]}},"_links":{"self":[{"href":"https:\/\/sport-index.fr\/blog\/wp-json\/wp\/v2\/posts\/10765","targetHints":{"allow":["GET"]}}],"collection":[{"href":"https:\/\/sport-index.fr\/blog\/wp-json\/wp\/v2\/posts"}],"about":[{"href":"https:\/\/sport-index.fr\/blog\/wp-json\/wp\/v2\/types\/post"}],"author":[{"embeddable":true,"href":"https:\/\/sport-index.fr\/blog\/wp-json\/wp\/v2\/users\/34"}],"replies":[{"embeddable":true,"href":"https:\/\/sport-index.fr\/blog\/wp-json\/wp\/v2\/comments?post=10765"}],"version-history":[{"count":2,"href":"https:\/\/sport-index.fr\/blog\/wp-json\/wp\/v2\/posts\/10765\/revisions"}],"predecessor-version":[{"id":11135,"href":"https:\/\/sport-index.fr\/blog\/wp-json\/wp\/v2\/posts\/10765\/revisions\/11135"}],"wp:featuredmedia":[{"embeddable":true,"href":"https:\/\/sport-index.fr\/blog\/wp-json\/wp\/v2\/media\/10766"}],"wp:attachment":[{"href":"https:\/\/sport-index.fr\/blog\/wp-json\/wp\/v2\/media?parent=10765"}],"wp:term":[{"taxonomy":"category","embeddable":true,"href":"https:\/\/sport-index.fr\/blog\/wp-json\/wp\/v2\/categories?post=10765"},{"taxonomy":"post_tag","embeddable":true,"href":"https:\/\/sport-index.fr\/blog\/wp-json\/wp\/v2\/tags?post=10765"}],"curies":[{"name":"wp","href":"https:\/\/api.w.org\/{rel}","templated":true}]}}