{"id":10989,"date":"2025-02-26T02:15:48","date_gmt":"2025-02-26T01:15:48","guid":{"rendered":"https:\/\/sport-index.fr\/blog\/?p=10989"},"modified":"2025-02-23T23:50:38","modified_gmt":"2025-02-23T22:50:38","slug":"matthieu-jalibert-evoque-son-absence-en-italie-un-moment-difficile-a-surmonter","status":"publish","type":"post","link":"https:\/\/sport-index.fr\/blog\/a-la-une\/matthieu-jalibert-evoque-son-absence-en-italie-un-moment-difficile-a-surmonter\/","title":{"rendered":"Matthieu Jalibert \u00e9voque son absence en Italie : un moment difficile \u00e0 surmonter"},"content":{"rendered":"<h2>Une absence regrettable lors du match en Italie<\/h2>\n<p>Matthieu Jalibert, talentueux ouvreur du XV de France, a r\u00e9cemment connu une d\u00e9ception en \u00e9tant absent lors du match crucial contre l&rsquo;Italie. Bien qu&rsquo;il ait \u00e9t\u00e9 pr\u00e9vu comme 24e homme, une maladie l&rsquo;a contraint \u00e0 quitter le rassemblement \u00e0 Marcoussis. Dans une d\u00e9claration \u00e0 Canal +, il a partag\u00e9 son ressenti face \u00e0 cette situation, soulignant que son absence \u00e9tait due \u00e0 une gastro-ent\u00e9rite.<\/p>\n<p>Il a expliqu\u00e9 : <\/p>\n<blockquote><p>\u00ab\u00a0J\u2019\u00e9tais malade donc je suis parti pour ne pas contaminer les gars qui \u00e9taient sur la feuille de match pour le match en Italie.\u00a0\u00bb<\/p><\/blockquote>\n<p> Jalibert aurait voulu \u00eatre sur le terrain pour soutenir ses co\u00e9quipiers, mais il a pris la sage d\u00e9cision de prioriser la sant\u00e9 de l&rsquo;\u00e9quipe. Ce moment difficile illustre les impr\u00e9vus qui peuvent survenir dans le sport de haut niveau.<\/p>\n<p><iframe loading=\"lazy\" title=\"BOMBE SQUAD FRAN\u00c7AISE: L&#039;EXPLOIT DE 2022  (FILM 2\/3)\" width=\"1200\" height=\"675\" src=\"https:\/\/www.youtube.com\/embed\/wPc5iRcv1UY?feature=oembed\" frameborder=\"0\" allow=\"accelerometer; autoplay; clipboard-write; encrypted-media; gyroscope; picture-in-picture; web-share\" referrerpolicy=\"strict-origin-when-cross-origin\" allowfullscreen><\/iframe><\/p>\n<h2>Le parcours de Matthieu Jalibert dans le rugby fran\u00e7ais<\/h2>\n<p>Depuis ses d\u00e9buts, Matthieu Jalibert a su se faire une place au sein des \u00e9quipes de France. Son talent et sa d\u00e9termination lui ont permis de figurer parmi les 42 joueurs s\u00e9lectionn\u00e9s pendant plusieurs ann\u00e9es. R\u00e9cemment, il a altern\u00e9 entre les \u00e9quipes A et B, une situation qu&rsquo;il doit apprendre \u00e0 g\u00e9rer.<\/p>\n<p>Jalibert a reconnu que cette instabilit\u00e9 fait partie int\u00e9grante de la carri\u00e8re d&rsquo;un sportif professionnel. \u00ab\u00a0Quand j\u2019ai la chance de jouer, je me donne \u00e0 100 %\u00a0\u00bb, a-t-il affirm\u00e9. Sa volont\u00e9 de se battre pour retrouver sa place dans le groupe est un exemple d&rsquo;engagement et de passion pour le rugby.<\/p>\n<h2>Les d\u00e9fis de la s\u00e9lection nationale<\/h2>\n<p>La s\u00e9lection pour le XV de France est un processus comp\u00e9titif qui n\u00e9cessite non seulement des comp\u00e9tences techniques, mais aussi une r\u00e9silience mentale. Matthieu Jalibert a \u00e9voqu\u00e9 les d\u00e9fis auxquels il fait face, notamment les allers-retours entre Marcoussis et Bordeaux. Cette dynamique peut \u00eatre \u00e9prouvante, mais elle fait partie de son d\u00e9veloppement personnel et professionnel.<\/p>\n<p>Il a partag\u00e9 : \u00ab\u00a0Il y a des hauts et des bas et il faut continuer \u00e0 s\u2019accrocher dans les moments plus compliqu\u00e9s.\u00a0\u00bb Cette citation r\u00e9sume bien l&rsquo;esprit de comp\u00e9tition qui r\u00e8gne dans le rugby. Les joueurs doivent constamment se prouver et travailler dur pour conserver leur place au sein de l&rsquo;\u00e9quipe.<\/p>\n<ul>\n<li>Matthieu Jalibert est un joueur cl\u00e9 du rugby fran\u00e7ais.<\/li>\n<li>Sa r\u00e9cente maladie a impact\u00e9 sa pr\u00e9sence lors d&rsquo;un match important.<\/li>\n<li>Il reste d\u00e9termin\u00e9 \u00e0 retrouver sa place dans l&rsquo;\u00e9quipe nationale.<\/li>\n<li>Le soutien de ses co\u00e9quipiers est crucial dans ces moments difficiles.<\/li>\n<li>Jalibert incarne l&rsquo;esprit de pers\u00e9v\u00e9rance et de travail acharn\u00e9.<\/li>\n<\/ul>\n<p>Matthieu Jalibert repr\u00e9sente l&rsquo;avenir du rugby fran\u00e7ais, et malgr\u00e9 les obstacles, sa passion et son d\u00e9vouement feront de lui un acteur majeur des prochaines comp\u00e9titions. Sa capacit\u00e9 \u00e0 rebondir apr\u00e8s des moments de doute sera d\u00e9terminante pour sa carri\u00e8re et pour l&rsquo;avenir du XV de France. Les fans attendent avec impatience de le voir briller sur le terrain lors de ses prochaines apparitions.<img decoding=\"async\" width=\"1024\" height=\"576\" src=\"https:\/\/sport-index.fr\/blog\/wp-content\/uploads\/2025\/02\/stability-matthieu-jalibert-evoque-son-absence-en-italie-un-moment-difficile-a-surmonter-1.png\" class=\"aligncenter\" alt=\"Illustration d\u00e9taill\u00e9e sur Matthieu Jalibert \u00e9voque son absence en Italie : un moment difficile \u00e0 surmonter\" title=\"Matthieu Jalibert \u00e9voque son absence en Italie : un moment difficile \u00e0 surmonter\" loading=\"lazy\" \/><\/p>\n","protected":false},"excerpt":{"rendered":"","protected":false},"author":34,"featured_media":10990,"comment_status":"open","ping_status":"open","sticky":false,"template":"","format":"standard","meta":{"_acf_changed":false,"manual_indexmenow":false,"indexmenow_id_project":0,"footnotes":""},"categories":[1],"tags":[4585,4632,4885,4408,4554],"class_list":["post-10989","post","type-post","status-publish","format-standard","has-post-thumbnail","hentry","category-a-la-une","tag-cohesion-dequipe","tag-performance-sportive","tag-preparation-mentale","tag-resilience","tag-xv-de-france","generate-columns","tablet-grid-50","mobile-grid-100","grid-parent","grid-25"],"acf":[],"yoast_head":"<!-- This site is optimized with the Yoast SEO Premium plugin v21.3 (Yoast SEO v26.5) - https:\/\/yoast.com\/wordpress\/plugins\/seo\/ -->\n<title>Matthieu Jalibert \u00e9voque son absence en Italie : un moment<\/title>\n<meta name=\"description\" content=\"Une absence regrettable lors du match en Italie Matthieu Jalibert, talentueux ouvreur du XV de France, a r\u00e9cemment connu une d\u00e9ception en \u00e9tant absent\u2026\" \/>\n<meta name=\"robots\" content=\"index, follow, max-snippet:-1, max-image-preview:large, max-video-preview:-1\" \/>\n<link rel=\"canonical\" href=\"https:\/\/sport-index.fr\/blog\/a-la-une\/matthieu-jalibert-evoque-son-absence-en-italie-un-moment-difficile-a-surmonter\/\" \/>\n<meta property=\"og:locale\" content=\"fr_FR\" \/>\n<meta property=\"og:type\" content=\"article\" \/>\n<meta property=\"og:title\" content=\"Matthieu Jalibert \u00e9voque son absence en Italie : un moment\" \/>\n<meta property=\"og:description\" content=\"Une absence regrettable lors du match en Italie Matthieu Jalibert, talentueux ouvreur du XV de France, a r\u00e9cemment connu une d\u00e9ception en \u00e9tant absent\u2026\" \/>\n<meta property=\"og:url\" content=\"https:\/\/sport-index.fr\/blog\/a-la-une\/matthieu-jalibert-evoque-son-absence-en-italie-un-moment-difficile-a-surmonter\/\" \/>\n<meta property=\"og:site_name\" content=\"sport-index\" \/>\n<meta property=\"og:image\" content=\"https:\/\/sport-index.fr\/blog\/wp-content\/uploads\/2025\/02\/stability-matthieu-jalibert-evoque-son-absence-en-italie-un-moment-difficile-a-surmonter.png\" \/>\n\t<meta property=\"og:image:width\" content=\"1024\" \/>\n\t<meta property=\"og:image:height\" content=\"576\" \/>\n\t<meta property=\"og:image:type\" content=\"image\/png\" \/>\n<meta name=\"author\" content=\"Axel Lauzier\" \/>\n<meta name=\"twitter:card\" content=\"summary_large_image\" \/>\n<script type=\"application\/ld+json\" class=\"yoast-schema-graph\">{\"@context\":\"https:\/\/schema.org\",\"@graph\":[{\"@type\":\"NewsArticle\",\"@id\":\"https:\/\/sport-index.fr\/blog\/a-la-une\/matthieu-jalibert-evoque-son-absence-en-italie-un-moment-difficile-a-surmonter\/#article\",\"isPartOf\":{\"@id\":\"https:\/\/sport-index.fr\/blog\/a-la-une\/matthieu-jalibert-evoque-son-absence-en-italie-un-moment-difficile-a-surmonter\/\"},\"author\":{\"name\":\"Axel Lauzier\",\"@id\":\"https:\/\/sport-index.fr\/blog\/#\/schema\/person\/3c864cdc320801e3db34b663e7e3f816\"},\"headline\":\"Matthieu Jalibert \u00e9voque son absence en Italie : un moment difficile \u00e0 surmonter\",\"datePublished\":\"2025-02-26T01:15:48+00:00\",\"mainEntityOfPage\":{\"@id\":\"https:\/\/sport-index.fr\/blog\/a-la-une\/matthieu-jalibert-evoque-son-absence-en-italie-un-moment-difficile-a-surmonter\/\"},\"wordCount\":540,\"commentCount\":29,\"publisher\":{\"@id\":\"https:\/\/sport-index.fr\/blog\/#organization\"},\"image\":{\"@id\":\"https:\/\/sport-index.fr\/blog\/a-la-une\/matthieu-jalibert-evoque-son-absence-en-italie-un-moment-difficile-a-surmonter\/#primaryimage\"},\"thumbnailUrl\":\"https:\/\/sport-index.fr\/blog\/wp-content\/uploads\/2025\/02\/stability-matthieu-jalibert-evoque-son-absence-en-italie-un-moment-difficile-a-surmonter.png\",\"keywords\":[\"Coh\u00e9sion d'\u00c9quipe\",\"Performance sportive\",\"Pr\u00e9paration Mentale\",\"R\u00e9silience\",\"XV de France\"],\"articleSection\":[\"\u00c0 la une\"],\"inLanguage\":\"fr-FR\",\"potentialAction\":[{\"@type\":\"CommentAction\",\"name\":\"Comment\",\"target\":[\"https:\/\/sport-index.fr\/blog\/a-la-une\/matthieu-jalibert-evoque-son-absence-en-italie-un-moment-difficile-a-surmonter\/#respond\"]}]},{\"@type\":\"WebPage\",\"@id\":\"https:\/\/sport-index.fr\/blog\/a-la-une\/matthieu-jalibert-evoque-son-absence-en-italie-un-moment-difficile-a-surmonter\/\",\"url\":\"https:\/\/sport-index.fr\/blog\/a-la-une\/matthieu-jalibert-evoque-son-absence-en-italie-un-moment-difficile-a-surmonter\/\",\"name\":\"Matthieu Jalibert \u00e9voque son absence en Italie : un moment\",\"isPartOf\":{\"@id\":\"https:\/\/sport-index.fr\/blog\/#website\"},\"primaryImageOfPage\":{\"@id\":\"https:\/\/sport-index.fr\/blog\/a-la-une\/matthieu-jalibert-evoque-son-absence-en-italie-un-moment-difficile-a-surmonter\/#primaryimage\"},\"image\":{\"@id\":\"https:\/\/sport-index.fr\/blog\/a-la-une\/matthieu-jalibert-evoque-son-absence-en-italie-un-moment-difficile-a-surmonter\/#primaryimage\"},\"thumbnailUrl\":\"https:\/\/sport-index.fr\/blog\/wp-content\/uploads\/2025\/02\/stability-matthieu-jalibert-evoque-son-absence-en-italie-un-moment-difficile-a-surmonter.png\",\"datePublished\":\"2025-02-26T01:15:48+00:00\",\"description\":\"Une absence regrettable lors du match en Italie Matthieu Jalibert, talentueux ouvreur du XV de France, a r\u00e9cemment connu une d\u00e9ception en \u00e9tant absent\u2026\",\"inLanguage\":\"fr-FR\",\"potentialAction\":[{\"@type\":\"ReadAction\",\"target\":[\"https:\/\/sport-index.fr\/blog\/a-la-une\/matthieu-jalibert-evoque-son-absence-en-italie-un-moment-difficile-a-surmonter\/\"]}]},{\"@type\":\"ImageObject\",\"inLanguage\":\"fr-FR\",\"@id\":\"https:\/\/sport-index.fr\/blog\/a-la-une\/matthieu-jalibert-evoque-son-absence-en-italie-un-moment-difficile-a-surmonter\/#primaryimage\",\"url\":\"https:\/\/sport-index.fr\/blog\/wp-content\/uploads\/2025\/02\/stability-matthieu-jalibert-evoque-son-absence-en-italie-un-moment-difficile-a-surmonter.png\",\"contentUrl\":\"https:\/\/sport-index.fr\/blog\/wp-content\/uploads\/2025\/02\/stability-matthieu-jalibert-evoque-son-absence-en-italie-un-moment-difficile-a-surmonter.png\",\"width\":1024,\"height\":576},{\"@type\":\"WebSite\",\"@id\":\"https:\/\/sport-index.fr\/blog\/#website\",\"url\":\"https:\/\/sport-index.fr\/blog\/\",\"name\":\"sport-index.fr\",\"description\":\"Le score de l\u2019analyse sportive.\",\"publisher\":{\"@id\":\"https:\/\/sport-index.fr\/blog\/#organization\"},\"alternateName\":\"Le score de l\u2019analyse sportive.\",\"potentialAction\":[{\"@type\":\"SearchAction\",\"target\":{\"@type\":\"EntryPoint\",\"urlTemplate\":\"https:\/\/sport-index.fr\/blog\/?s={search_term_string}\"},\"query-input\":{\"@type\":\"PropertyValueSpecification\",\"valueRequired\":true,\"valueName\":\"search_term_string\"}}],\"inLanguage\":\"fr-FR\"},{\"@type\":\"Organization\",\"@id\":\"https:\/\/sport-index.fr\/blog\/#organization\",\"name\":\"Foretsensations.fr\",\"url\":\"https:\/\/sport-index.fr\/blog\/\",\"logo\":{\"@type\":\"ImageObject\",\"inLanguage\":\"fr-FR\",\"@id\":\"https:\/\/sport-index.fr\/blog\/#\/schema\/logo\/image\/\",\"url\":\"https:\/\/sport-index.fr\/blog\/wp-content\/uploads\/2026\/07\/logo-auto.png\",\"contentUrl\":\"https:\/\/sport-index.fr\/blog\/wp-content\/uploads\/2026\/07\/logo-auto.png\",\"width\":1024,\"height\":1024,\"caption\":\"Foretsensations.fr\"},\"image\":{\"@id\":\"https:\/\/sport-index.fr\/blog\/#\/schema\/logo\/image\/\"}},{\"@type\":\"Person\",\"@id\":\"https:\/\/sport-index.fr\/blog\/#\/schema\/person\/3c864cdc320801e3db34b663e7e3f816\",\"name\":\"Axel Lauzier\",\"image\":{\"@type\":\"ImageObject\",\"inLanguage\":\"fr-FR\",\"@id\":\"https:\/\/sport-index.fr\/blog\/#\/schema\/person\/image\/\",\"url\":\"https:\/\/sport-index.fr\/blog\/wp-content\/uploads\/2026\/06\/persona_axel-l-96x96.jpg\",\"contentUrl\":\"https:\/\/sport-index.fr\/blog\/wp-content\/uploads\/2026\/06\/persona_axel-l-96x96.jpg\",\"caption\":\"Axel Lauzier\"},\"description\":\"Le sport rythme mon quotidien depuis l'enfance, et j'en ai fait mon m\u00e9tier d'analyste r\u00e9dactionnel il y a une dizaine d'ann\u00e9es. Je couvre principalement le football, son actualit\u00e9, ses transferts et l'analyse tactique des grandes affiches, mais aussi les disciplines plus confidentielles que j'aime remettre en lumi\u00e8re. Une partie de mon travail porte sur les pronostics et la lecture statistique d'un match : forme des \u00e9quipes, historique des confrontations, compositions, sans jamais vendre de fausse certitude. Je rappelle syst\u00e9matiquement que parier comporte un risque et doit rester un loisir ma\u00eetris\u00e9. Avant de signer une analyse, je v\u00e9rifie mes chiffres, je recoupe les compositions probables et je distingue toujours la donn\u00e9e brute de l'intuition. Mon objectif : offrir une lecture honn\u00eate et argument\u00e9e, pas un ticket gagnant garanti.\",\"sameAs\":[\"https:\/\/axellauzier.fr\/\"],\"url\":\"https:\/\/sport-index.fr\/blog\/auteur\/noname\/\"}]}<\/script>\n<!-- \/ Yoast SEO Premium plugin. -->","yoast_head_json":{"title":"Matthieu Jalibert \u00e9voque son absence en Italie : un moment","description":"Une absence regrettable lors du match en Italie Matthieu Jalibert, talentueux ouvreur du XV de France, a r\u00e9cemment connu une d\u00e9ception en \u00e9tant absent\u2026","robots":{"index":"index","follow":"follow","max-snippet":"max-snippet:-1","max-image-preview":"max-image-preview:large","max-video-preview":"max-video-preview:-1"},"canonical":"https:\/\/sport-index.fr\/blog\/a-la-une\/matthieu-jalibert-evoque-son-absence-en-italie-un-moment-difficile-a-surmonter\/","og_locale":"fr_FR","og_type":"article","og_title":"Matthieu Jalibert \u00e9voque son absence en Italie : un moment","og_description":"Une absence regrettable lors du match en Italie Matthieu Jalibert, talentueux ouvreur du XV de France, a r\u00e9cemment connu une d\u00e9ception en \u00e9tant absent\u2026","og_url":"https:\/\/sport-index.fr\/blog\/a-la-une\/matthieu-jalibert-evoque-son-absence-en-italie-un-moment-difficile-a-surmonter\/","og_site_name":"sport-index","og_image":[{"width":1024,"height":576,"url":"https:\/\/sport-index.fr\/blog\/wp-content\/uploads\/2025\/02\/stability-matthieu-jalibert-evoque-son-absence-en-italie-un-moment-difficile-a-surmonter.png","type":"image\/png"}],"author":"Axel Lauzier","twitter_card":"summary_large_image","schema":{"@context":"https:\/\/schema.org","@graph":[{"@type":"NewsArticle","@id":"https:\/\/sport-index.fr\/blog\/a-la-une\/matthieu-jalibert-evoque-son-absence-en-italie-un-moment-difficile-a-surmonter\/#article","isPartOf":{"@id":"https:\/\/sport-index.fr\/blog\/a-la-une\/matthieu-jalibert-evoque-son-absence-en-italie-un-moment-difficile-a-surmonter\/"},"author":{"name":"Axel Lauzier","@id":"https:\/\/sport-index.fr\/blog\/#\/schema\/person\/3c864cdc320801e3db34b663e7e3f816"},"headline":"Matthieu Jalibert \u00e9voque son absence en Italie : un moment difficile \u00e0 surmonter","datePublished":"2025-02-26T01:15:48+00:00","mainEntityOfPage":{"@id":"https:\/\/sport-index.fr\/blog\/a-la-une\/matthieu-jalibert-evoque-son-absence-en-italie-un-moment-difficile-a-surmonter\/"},"wordCount":540,"commentCount":29,"publisher":{"@id":"https:\/\/sport-index.fr\/blog\/#organization"},"image":{"@id":"https:\/\/sport-index.fr\/blog\/a-la-une\/matthieu-jalibert-evoque-son-absence-en-italie-un-moment-difficile-a-surmonter\/#primaryimage"},"thumbnailUrl":"https:\/\/sport-index.fr\/blog\/wp-content\/uploads\/2025\/02\/stability-matthieu-jalibert-evoque-son-absence-en-italie-un-moment-difficile-a-surmonter.png","keywords":["Coh\u00e9sion d'\u00c9quipe","Performance sportive","Pr\u00e9paration Mentale","R\u00e9silience","XV de France"],"articleSection":["\u00c0 la une"],"inLanguage":"fr-FR","potentialAction":[{"@type":"CommentAction","name":"Comment","target":["https:\/\/sport-index.fr\/blog\/a-la-une\/matthieu-jalibert-evoque-son-absence-en-italie-un-moment-difficile-a-surmonter\/#respond"]}]},{"@type":"WebPage","@id":"https:\/\/sport-index.fr\/blog\/a-la-une\/matthieu-jalibert-evoque-son-absence-en-italie-un-moment-difficile-a-surmonter\/","url":"https:\/\/sport-index.fr\/blog\/a-la-une\/matthieu-jalibert-evoque-son-absence-en-italie-un-moment-difficile-a-surmonter\/","name":"Matthieu Jalibert \u00e9voque son absence en Italie : un moment","isPartOf":{"@id":"https:\/\/sport-index.fr\/blog\/#website"},"primaryImageOfPage":{"@id":"https:\/\/sport-index.fr\/blog\/a-la-une\/matthieu-jalibert-evoque-son-absence-en-italie-un-moment-difficile-a-surmonter\/#primaryimage"},"image":{"@id":"https:\/\/sport-index.fr\/blog\/a-la-une\/matthieu-jalibert-evoque-son-absence-en-italie-un-moment-difficile-a-surmonter\/#primaryimage"},"thumbnailUrl":"https:\/\/sport-index.fr\/blog\/wp-content\/uploads\/2025\/02\/stability-matthieu-jalibert-evoque-son-absence-en-italie-un-moment-difficile-a-surmonter.png","datePublished":"2025-02-26T01:15:48+00:00","description":"Une absence regrettable lors du match en Italie Matthieu Jalibert, talentueux ouvreur du XV de France, a r\u00e9cemment connu une d\u00e9ception en \u00e9tant absent\u2026","inLanguage":"fr-FR","potentialAction":[{"@type":"ReadAction","target":["https:\/\/sport-index.fr\/blog\/a-la-une\/matthieu-jalibert-evoque-son-absence-en-italie-un-moment-difficile-a-surmonter\/"]}]},{"@type":"ImageObject","inLanguage":"fr-FR","@id":"https:\/\/sport-index.fr\/blog\/a-la-une\/matthieu-jalibert-evoque-son-absence-en-italie-un-moment-difficile-a-surmonter\/#primaryimage","url":"https:\/\/sport-index.fr\/blog\/wp-content\/uploads\/2025\/02\/stability-matthieu-jalibert-evoque-son-absence-en-italie-un-moment-difficile-a-surmonter.png","contentUrl":"https:\/\/sport-index.fr\/blog\/wp-content\/uploads\/2025\/02\/stability-matthieu-jalibert-evoque-son-absence-en-italie-un-moment-difficile-a-surmonter.png","width":1024,"height":576},{"@type":"WebSite","@id":"https:\/\/sport-index.fr\/blog\/#website","url":"https:\/\/sport-index.fr\/blog\/","name":"sport-index.fr","description":"Le score de l\u2019analyse sportive.","publisher":{"@id":"https:\/\/sport-index.fr\/blog\/#organization"},"alternateName":"Le score de l\u2019analyse sportive.","potentialAction":[{"@type":"SearchAction","target":{"@type":"EntryPoint","urlTemplate":"https:\/\/sport-index.fr\/blog\/?s={search_term_string}"},"query-input":{"@type":"PropertyValueSpecification","valueRequired":true,"valueName":"search_term_string"}}],"inLanguage":"fr-FR"},{"@type":"Organization","@id":"https:\/\/sport-index.fr\/blog\/#organization","name":"Foretsensations.fr","url":"https:\/\/sport-index.fr\/blog\/","logo":{"@type":"ImageObject","inLanguage":"fr-FR","@id":"https:\/\/sport-index.fr\/blog\/#\/schema\/logo\/image\/","url":"https:\/\/sport-index.fr\/blog\/wp-content\/uploads\/2026\/07\/logo-auto.png","contentUrl":"https:\/\/sport-index.fr\/blog\/wp-content\/uploads\/2026\/07\/logo-auto.png","width":1024,"height":1024,"caption":"Foretsensations.fr"},"image":{"@id":"https:\/\/sport-index.fr\/blog\/#\/schema\/logo\/image\/"}},{"@type":"Person","@id":"https:\/\/sport-index.fr\/blog\/#\/schema\/person\/3c864cdc320801e3db34b663e7e3f816","name":"Axel Lauzier","image":{"@type":"ImageObject","inLanguage":"fr-FR","@id":"https:\/\/sport-index.fr\/blog\/#\/schema\/person\/image\/","url":"https:\/\/sport-index.fr\/blog\/wp-content\/uploads\/2026\/06\/persona_axel-l-96x96.jpg","contentUrl":"https:\/\/sport-index.fr\/blog\/wp-content\/uploads\/2026\/06\/persona_axel-l-96x96.jpg","caption":"Axel Lauzier"},"description":"Le sport rythme mon quotidien depuis l'enfance, et j'en ai fait mon m\u00e9tier d'analyste r\u00e9dactionnel il y a une dizaine d'ann\u00e9es. Je couvre principalement le football, son actualit\u00e9, ses transferts et l'analyse tactique des grandes affiches, mais aussi les disciplines plus confidentielles que j'aime remettre en lumi\u00e8re. Une partie de mon travail porte sur les pronostics et la lecture statistique d'un match : forme des \u00e9quipes, historique des confrontations, compositions, sans jamais vendre de fausse certitude. Je rappelle syst\u00e9matiquement que parier comporte un risque et doit rester un loisir ma\u00eetris\u00e9. Avant de signer une analyse, je v\u00e9rifie mes chiffres, je recoupe les compositions probables et je distingue toujours la donn\u00e9e brute de l'intuition. Mon objectif : offrir une lecture honn\u00eate et argument\u00e9e, pas un ticket gagnant garanti.","sameAs":["https:\/\/axellauzier.fr\/"],"url":"https:\/\/sport-index.fr\/blog\/auteur\/noname\/"}]}},"_links":{"self":[{"href":"https:\/\/sport-index.fr\/blog\/wp-json\/wp\/v2\/posts\/10989","targetHints":{"allow":["GET"]}}],"collection":[{"href":"https:\/\/sport-index.fr\/blog\/wp-json\/wp\/v2\/posts"}],"about":[{"href":"https:\/\/sport-index.fr\/blog\/wp-json\/wp\/v2\/types\/post"}],"author":[{"embeddable":true,"href":"https:\/\/sport-index.fr\/blog\/wp-json\/wp\/v2\/users\/34"}],"replies":[{"embeddable":true,"href":"https:\/\/sport-index.fr\/blog\/wp-json\/wp\/v2\/comments?post=10989"}],"version-history":[{"count":1,"href":"https:\/\/sport-index.fr\/blog\/wp-json\/wp\/v2\/posts\/10989\/revisions"}],"predecessor-version":[{"id":10992,"href":"https:\/\/sport-index.fr\/blog\/wp-json\/wp\/v2\/posts\/10989\/revisions\/10992"}],"wp:featuredmedia":[{"embeddable":true,"href":"https:\/\/sport-index.fr\/blog\/wp-json\/wp\/v2\/media\/10990"}],"wp:attachment":[{"href":"https:\/\/sport-index.fr\/blog\/wp-json\/wp\/v2\/media?parent=10989"}],"wp:term":[{"taxonomy":"category","embeddable":true,"href":"https:\/\/sport-index.fr\/blog\/wp-json\/wp\/v2\/categories?post=10989"},{"taxonomy":"post_tag","embeddable":true,"href":"https:\/\/sport-index.fr\/blog\/wp-json\/wp\/v2\/tags?post=10989"}],"curies":[{"name":"wp","href":"https:\/\/api.w.org\/{rel}","templated":true}]}}