{"id":11084,"date":"2025-02-26T03:56:13","date_gmt":"2025-02-26T02:56:13","guid":{"rendered":"https:\/\/sport-index.fr\/blog\/?p=11084"},"modified":"2025-02-24T11:53:49","modified_gmt":"2025-02-24T10:53:49","slug":"6-nations-2025-doit-on-reintegrer-damian-penaud-et-romain-ntamack-dans-le-xv-de-depart","status":"publish","type":"post","link":"https:\/\/sport-index.fr\/blog\/a-la-une\/6-nations-2025-doit-on-reintegrer-damian-penaud-et-romain-ntamack-dans-le-xv-de-depart\/","title":{"rendered":"6 Nations 2025 : doit-on r\u00e9int\u00e9grer Damian Penaud et Romain Ntamack dans le XV de d\u00e9part ?"},"content":{"rendered":"<h2>Le dilemme des choix tactiques en \u00e9quipe de France<\/h2>\n<p>Le tournoi des 6 Nations 2025 approche \u00e0 grands pas, et avec lui, un casse-t\u00eate pour le staff tricolore. Apr\u00e8s une performance convaincante \u00e0 Rome, la question se pose : Romain Ntamack et Damian Penaud retrouveront-ils leur place de titulaires pour affronter l&rsquo;Irlande ? Le retour de Ntamack, apr\u00e8s sa suspension, semble logique, mais la dynamique de l&rsquo;\u00e9quipe pourrait \u00eatre boulevers\u00e9e.<\/p>\n<p>Damian Penaud, qui a brill\u00e9 avec Bordeaux-B\u00e8gles en marquant un essai r\u00e9cemment, est \u00e9galement en position de revenir. Les choix du s\u00e9lectionneur, Fabien Galthi\u00e9, s&rsquo;annoncent donc cruciaux. Il a d\u2019ailleurs laiss\u00e9 entendre que ses d\u00e9cisions seront influenc\u00e9es par les performances r\u00e9centes, tout en cherchant \u00e0 stimuler la concurrence au sein de l&rsquo;\u00e9quipe.<\/p>\n<h2>Les performances et l&rsquo;impact sur les d\u00e9cisions<\/h2>\n<p>Les r\u00e9cents matchs ont permis \u00e0 certains joueurs de se d\u00e9marquer, notamment Th\u00e9o Attissogbe, qui a \u00e9t\u00e9 impressionnant sur l&rsquo;aile. Son succ\u00e8s \u00e0 Rome soul\u00e8ve des interrogations sur le retour de Penaud, qui doit faire face \u00e0 une forte concurrence. Galthi\u00e9 pourrait bien vouloir conserver une certaine stabilit\u00e9 tout en int\u00e9grant des \u00e9l\u00e9ments qui ont fait leurs preuves r\u00e9cemment.<\/p>\n<p>Romain Ntamack, malgr\u00e9 ses blessures pass\u00e9es, a toujours \u00e9t\u00e9 consid\u00e9r\u00e9 comme un atout majeur. Sa combinaison avec Antoine Dupont, si elle se concr\u00e9tise, pourrait renforcer l&rsquo;\u00e9quipe. Cependant, les exploits de Thomas Ramos \u00e0 l&rsquo;ouverture compliquent le paysage, rendant la d\u00e9cision du staff encore plus d\u00e9licate.<\/p>\n<h2>Une \u00e9quipe en qu\u00eate d&rsquo;\u00e9quilibre<\/h2>\n<p>Le d\u00e9fi pour Fabien Galthi\u00e9 est de trouver le bon \u00e9quilibre entre la continuit\u00e9 et le changement. Il a d\u00e9j\u00e0 exprim\u00e9 sa confiance envers les jeunes talents, mais il sait \u00e9galement que l\u2019exp\u00e9rience est essentielle dans des matchs d\u00e9cisifs. \u00ab\u00a0Nous avons donn\u00e9 notre confiance \u00e0 ces joueurs, et ils nous la rendent\u00a0\u00bb, a d\u00e9clar\u00e9 Galthi\u00e9, soulignant l&rsquo;importance de l&rsquo;\u00e9mulation au sein du groupe.<\/p>\n<p>Les choix \u00e0 venir ne se limiteront pas seulement \u00e0 Ntamack et Penaud. D&rsquo;autres joueurs, comme Ga\u00ebl Fickou et Emmanuel Meafou, pourraient \u00e9galement \u00eatre concern\u00e9s. Pour Galthi\u00e9, chaque d\u00e9cision doit \u00eatre strat\u00e9gique, afin de maximiser les chances de succ\u00e8s face \u00e0 une \u00e9quipe irlandaise redoutable.<\/p>\n<h2>Les enjeux du match contre l&rsquo;Irlande<\/h2>\n<p>Le prochain affrontement contre l&rsquo;Irlande sera un test majeur pour l\u2019\u00e9quipe de France. La pression sera forte, et chaque joueur devra \u00eatre au meilleur de sa forme. Le retour de Ntamack et Penaud pourrait apporter une nouvelle dimension \u00e0 l\u2019\u00e9quipe, mais cela d\u00e9pendra \u00e9galement de l&rsquo;\u00e9tat d&rsquo;esprit et de la performance des joueurs qui ont fait leurs preuves r\u00e9cemment.<\/p>\n<p>Il est donc crucial que le staff prenne en compte non seulement les performances individuelles, mais aussi la dynamique collective de l\u2019\u00e9quipe. La comp\u00e9tition interne pourra \u00eatre un facteur d\u00e9terminant, car chaque joueur cherche \u00e0 se prouver et \u00e0 contribuer au succ\u00e8s de l\u2019\u00e9quipe. <\/p>\n<ul>\n<li>La blessure de Ntamack a ouvert la porte \u00e0 d&rsquo;autres talents.<\/li>\n<li>Penaud a toujours \u00e9t\u00e9 un comp\u00e9titeur acharn\u00e9 sur le terrain.<\/li>\n<li>Les jeunes joueurs comme Attissogbe ont su saisir leur chance.<\/li>\n<li>Les d\u00e9cisions de Galthi\u00e9 seront essentielles pour le moral de l\u2019\u00e9quipe.<\/li>\n<li>Le match contre l&rsquo;Irlande pourrait \u00eatre un tournant pour l\u2019\u00e9quipe.<\/li>\n<\/ul>\n<blockquote><p>\n\u00ab\u00a0Si on veut que l\u2019\u00e9quipe de France soit encore plus forte, on doit d\u00e9velopper son potentiel.\u00a0\u00bb &#8211; Fabien Galthi\u00e9\n<\/p><\/blockquote>\n<p>Le retour de Damian Penaud et Romain Ntamack dans le XV de d\u00e9part n&rsquo;est pas qu&rsquo;une simple question de retour d&rsquo;un joueur. C&rsquo;est un v\u00e9ritable enjeu strat\u00e9gique qui pourrait influencer le cours du tournoi. Les attentes sont \u00e9lev\u00e9es, et les d\u00e9cisions du staff dans les jours \u00e0 venir seront scrut\u00e9es de pr\u00e8s.<img decoding=\"async\" width=\"1024\" height=\"576\" src=\"https:\/\/sport-index.fr\/blog\/wp-content\/uploads\/2025\/02\/stability-6-nations-2025-doit-on-reintegrer-damian-penaud-et-romain-ntamack-dans-le-xv-de-depart-1.png\" class=\"aligncenter\" alt=\"Illustration d\u00e9taill\u00e9e sur 6 Nations 2025 : doit-on r\u00e9int\u00e9grer Damian Penaud et Romain Ntamack dans le XV de d\u00e9part ?\" title=\"6 Nations 2025 : doit-on r\u00e9int\u00e9grer Damian Penaud et Romain Ntamack dans le XV de d\u00e9part ?\" loading=\"lazy\" \/><\/p>\n","protected":false},"excerpt":{"rendered":"","protected":false},"author":34,"featured_media":11085,"comment_status":"open","ping_status":"open","sticky":false,"template":"","format":"standard","meta":{"_acf_changed":false,"manual_indexmenow":false,"indexmenow_id_project":0,"footnotes":""},"categories":[1],"tags":[4585,4561,4632,4536,4556],"class_list":["post-11084","post","type-post","status-publish","format-standard","has-post-thumbnail","hentry","category-a-la-une","tag-cohesion-dequipe","tag-gestion-des-talents","tag-performance-sportive","tag-rugby","tag-tournoi-des-6-nations","generate-columns","tablet-grid-50","mobile-grid-100","grid-parent","grid-25"],"acf":[],"yoast_head":"<!-- This site is optimized with the Yoast SEO Premium plugin v21.3 (Yoast SEO v26.5) - https:\/\/yoast.com\/wordpress\/plugins\/seo\/ -->\n<title>6 Nations 2025 : doit-on r\u00e9int\u00e9grer Damian Penaud et Romain<\/title>\n<meta name=\"description\" content=\"Le dilemme des choix tactiques en \u00e9quipe de France Le tournoi des 6 Nations 2025 approche \u00e0 grands pas, et avec lui, un casse-t\u00eate pour le staff\u2026\" \/>\n<meta name=\"robots\" content=\"index, follow, max-snippet:-1, max-image-preview:large, max-video-preview:-1\" \/>\n<link rel=\"canonical\" href=\"https:\/\/sport-index.fr\/blog\/a-la-une\/6-nations-2025-doit-on-reintegrer-damian-penaud-et-romain-ntamack-dans-le-xv-de-depart\/\" \/>\n<meta property=\"og:locale\" content=\"fr_FR\" \/>\n<meta property=\"og:type\" content=\"article\" \/>\n<meta property=\"og:title\" content=\"6 Nations 2025 : doit-on r\u00e9int\u00e9grer Damian Penaud et Romain\" \/>\n<meta property=\"og:description\" content=\"Le dilemme des choix tactiques en \u00e9quipe de France Le tournoi des 6 Nations 2025 approche \u00e0 grands pas, et avec lui, un casse-t\u00eate pour le staff\u2026\" \/>\n<meta property=\"og:url\" content=\"https:\/\/sport-index.fr\/blog\/a-la-une\/6-nations-2025-doit-on-reintegrer-damian-penaud-et-romain-ntamack-dans-le-xv-de-depart\/\" \/>\n<meta property=\"og:site_name\" content=\"sport-index\" \/>\n<meta property=\"og:image\" content=\"https:\/\/sport-index.fr\/blog\/wp-content\/uploads\/2025\/02\/stability-6-nations-2025-doit-on-reintegrer-damian-penaud-et-romain-ntamack-dans-le-xv-de-depart.png\" \/>\n\t<meta property=\"og:image:width\" content=\"1024\" \/>\n\t<meta property=\"og:image:height\" content=\"576\" \/>\n\t<meta property=\"og:image:type\" content=\"image\/png\" \/>\n<meta name=\"author\" content=\"Axel Lauzier\" \/>\n<meta name=\"twitter:card\" content=\"summary_large_image\" \/>\n<script type=\"application\/ld+json\" class=\"yoast-schema-graph\">{\"@context\":\"https:\/\/schema.org\",\"@graph\":[{\"@type\":\"NewsArticle\",\"@id\":\"https:\/\/sport-index.fr\/blog\/a-la-une\/6-nations-2025-doit-on-reintegrer-damian-penaud-et-romain-ntamack-dans-le-xv-de-depart\/#article\",\"isPartOf\":{\"@id\":\"https:\/\/sport-index.fr\/blog\/a-la-une\/6-nations-2025-doit-on-reintegrer-damian-penaud-et-romain-ntamack-dans-le-xv-de-depart\/\"},\"author\":{\"name\":\"Axel Lauzier\",\"@id\":\"https:\/\/sport-index.fr\/blog\/#\/schema\/person\/3c864cdc320801e3db34b663e7e3f816\"},\"headline\":\"6 Nations 2025 : doit-on r\u00e9int\u00e9grer Damian Penaud et Romain Ntamack dans le XV de d\u00e9part ?\",\"datePublished\":\"2025-02-26T02:56:13+00:00\",\"mainEntityOfPage\":{\"@id\":\"https:\/\/sport-index.fr\/blog\/a-la-une\/6-nations-2025-doit-on-reintegrer-damian-penaud-et-romain-ntamack-dans-le-xv-de-depart\/\"},\"wordCount\":655,\"commentCount\":17,\"publisher\":{\"@id\":\"https:\/\/sport-index.fr\/blog\/#organization\"},\"image\":{\"@id\":\"https:\/\/sport-index.fr\/blog\/a-la-une\/6-nations-2025-doit-on-reintegrer-damian-penaud-et-romain-ntamack-dans-le-xv-de-depart\/#primaryimage\"},\"thumbnailUrl\":\"https:\/\/sport-index.fr\/blog\/wp-content\/uploads\/2025\/02\/stability-6-nations-2025-doit-on-reintegrer-damian-penaud-et-romain-ntamack-dans-le-xv-de-depart.png\",\"keywords\":[\"Coh\u00e9sion d'\u00c9quipe\",\"Gestion des Talents\",\"Performance sportive\",\"Rugby\",\"Tournoi des 6 Nations\"],\"articleSection\":[\"\u00c0 la une\"],\"inLanguage\":\"fr-FR\",\"potentialAction\":[{\"@type\":\"CommentAction\",\"name\":\"Comment\",\"target\":[\"https:\/\/sport-index.fr\/blog\/a-la-une\/6-nations-2025-doit-on-reintegrer-damian-penaud-et-romain-ntamack-dans-le-xv-de-depart\/#respond\"]}]},{\"@type\":\"WebPage\",\"@id\":\"https:\/\/sport-index.fr\/blog\/a-la-une\/6-nations-2025-doit-on-reintegrer-damian-penaud-et-romain-ntamack-dans-le-xv-de-depart\/\",\"url\":\"https:\/\/sport-index.fr\/blog\/a-la-une\/6-nations-2025-doit-on-reintegrer-damian-penaud-et-romain-ntamack-dans-le-xv-de-depart\/\",\"name\":\"6 Nations 2025 : doit-on r\u00e9int\u00e9grer Damian Penaud et Romain\",\"isPartOf\":{\"@id\":\"https:\/\/sport-index.fr\/blog\/#website\"},\"primaryImageOfPage\":{\"@id\":\"https:\/\/sport-index.fr\/blog\/a-la-une\/6-nations-2025-doit-on-reintegrer-damian-penaud-et-romain-ntamack-dans-le-xv-de-depart\/#primaryimage\"},\"image\":{\"@id\":\"https:\/\/sport-index.fr\/blog\/a-la-une\/6-nations-2025-doit-on-reintegrer-damian-penaud-et-romain-ntamack-dans-le-xv-de-depart\/#primaryimage\"},\"thumbnailUrl\":\"https:\/\/sport-index.fr\/blog\/wp-content\/uploads\/2025\/02\/stability-6-nations-2025-doit-on-reintegrer-damian-penaud-et-romain-ntamack-dans-le-xv-de-depart.png\",\"datePublished\":\"2025-02-26T02:56:13+00:00\",\"description\":\"Le dilemme des choix tactiques en \u00e9quipe de France Le tournoi des 6 Nations 2025 approche \u00e0 grands pas, et avec lui, un casse-t\u00eate pour le staff\u2026\",\"inLanguage\":\"fr-FR\",\"potentialAction\":[{\"@type\":\"ReadAction\",\"target\":[\"https:\/\/sport-index.fr\/blog\/a-la-une\/6-nations-2025-doit-on-reintegrer-damian-penaud-et-romain-ntamack-dans-le-xv-de-depart\/\"]}]},{\"@type\":\"ImageObject\",\"inLanguage\":\"fr-FR\",\"@id\":\"https:\/\/sport-index.fr\/blog\/a-la-une\/6-nations-2025-doit-on-reintegrer-damian-penaud-et-romain-ntamack-dans-le-xv-de-depart\/#primaryimage\",\"url\":\"https:\/\/sport-index.fr\/blog\/wp-content\/uploads\/2025\/02\/stability-6-nations-2025-doit-on-reintegrer-damian-penaud-et-romain-ntamack-dans-le-xv-de-depart.png\",\"contentUrl\":\"https:\/\/sport-index.fr\/blog\/wp-content\/uploads\/2025\/02\/stability-6-nations-2025-doit-on-reintegrer-damian-penaud-et-romain-ntamack-dans-le-xv-de-depart.png\",\"width\":1024,\"height\":576},{\"@type\":\"WebSite\",\"@id\":\"https:\/\/sport-index.fr\/blog\/#website\",\"url\":\"https:\/\/sport-index.fr\/blog\/\",\"name\":\"sport-index.fr\",\"description\":\"Le score de l\u2019analyse sportive.\",\"publisher\":{\"@id\":\"https:\/\/sport-index.fr\/blog\/#organization\"},\"alternateName\":\"Le score de l\u2019analyse sportive.\",\"potentialAction\":[{\"@type\":\"SearchAction\",\"target\":{\"@type\":\"EntryPoint\",\"urlTemplate\":\"https:\/\/sport-index.fr\/blog\/?s={search_term_string}\"},\"query-input\":{\"@type\":\"PropertyValueSpecification\",\"valueRequired\":true,\"valueName\":\"search_term_string\"}}],\"inLanguage\":\"fr-FR\"},{\"@type\":\"Organization\",\"@id\":\"https:\/\/sport-index.fr\/blog\/#organization\",\"name\":\"Foretsensations.fr\",\"url\":\"https:\/\/sport-index.fr\/blog\/\",\"logo\":{\"@type\":\"ImageObject\",\"inLanguage\":\"fr-FR\",\"@id\":\"https:\/\/sport-index.fr\/blog\/#\/schema\/logo\/image\/\",\"url\":\"https:\/\/sport-index.fr\/blog\/wp-content\/uploads\/2026\/07\/logo-auto.png\",\"contentUrl\":\"https:\/\/sport-index.fr\/blog\/wp-content\/uploads\/2026\/07\/logo-auto.png\",\"width\":1024,\"height\":1024,\"caption\":\"Foretsensations.fr\"},\"image\":{\"@id\":\"https:\/\/sport-index.fr\/blog\/#\/schema\/logo\/image\/\"}},{\"@type\":\"Person\",\"@id\":\"https:\/\/sport-index.fr\/blog\/#\/schema\/person\/3c864cdc320801e3db34b663e7e3f816\",\"name\":\"Axel Lauzier\",\"image\":{\"@type\":\"ImageObject\",\"inLanguage\":\"fr-FR\",\"@id\":\"https:\/\/sport-index.fr\/blog\/#\/schema\/person\/image\/\",\"url\":\"https:\/\/sport-index.fr\/blog\/wp-content\/uploads\/2026\/06\/persona_axel-l-96x96.jpg\",\"contentUrl\":\"https:\/\/sport-index.fr\/blog\/wp-content\/uploads\/2026\/06\/persona_axel-l-96x96.jpg\",\"caption\":\"Axel Lauzier\"},\"description\":\"Le sport rythme mon quotidien depuis l'enfance, et j'en ai fait mon m\u00e9tier d'analyste r\u00e9dactionnel il y a une dizaine d'ann\u00e9es. Je couvre principalement le football, son actualit\u00e9, ses transferts et l'analyse tactique des grandes affiches, mais aussi les disciplines plus confidentielles que j'aime remettre en lumi\u00e8re. Une partie de mon travail porte sur les pronostics et la lecture statistique d'un match : forme des \u00e9quipes, historique des confrontations, compositions, sans jamais vendre de fausse certitude. Je rappelle syst\u00e9matiquement que parier comporte un risque et doit rester un loisir ma\u00eetris\u00e9. Avant de signer une analyse, je v\u00e9rifie mes chiffres, je recoupe les compositions probables et je distingue toujours la donn\u00e9e brute de l'intuition. Mon objectif : offrir une lecture honn\u00eate et argument\u00e9e, pas un ticket gagnant garanti.\",\"sameAs\":[\"https:\/\/axellauzier.fr\/\"],\"url\":\"https:\/\/sport-index.fr\/blog\/auteur\/noname\/\"}]}<\/script>\n<!-- \/ Yoast SEO Premium plugin. -->","yoast_head_json":{"title":"6 Nations 2025 : doit-on r\u00e9int\u00e9grer Damian Penaud et Romain","description":"Le dilemme des choix tactiques en \u00e9quipe de France Le tournoi des 6 Nations 2025 approche \u00e0 grands pas, et avec lui, un casse-t\u00eate pour le staff\u2026","robots":{"index":"index","follow":"follow","max-snippet":"max-snippet:-1","max-image-preview":"max-image-preview:large","max-video-preview":"max-video-preview:-1"},"canonical":"https:\/\/sport-index.fr\/blog\/a-la-une\/6-nations-2025-doit-on-reintegrer-damian-penaud-et-romain-ntamack-dans-le-xv-de-depart\/","og_locale":"fr_FR","og_type":"article","og_title":"6 Nations 2025 : doit-on r\u00e9int\u00e9grer Damian Penaud et Romain","og_description":"Le dilemme des choix tactiques en \u00e9quipe de France Le tournoi des 6 Nations 2025 approche \u00e0 grands pas, et avec lui, un casse-t\u00eate pour le staff\u2026","og_url":"https:\/\/sport-index.fr\/blog\/a-la-une\/6-nations-2025-doit-on-reintegrer-damian-penaud-et-romain-ntamack-dans-le-xv-de-depart\/","og_site_name":"sport-index","og_image":[{"width":1024,"height":576,"url":"https:\/\/sport-index.fr\/blog\/wp-content\/uploads\/2025\/02\/stability-6-nations-2025-doit-on-reintegrer-damian-penaud-et-romain-ntamack-dans-le-xv-de-depart.png","type":"image\/png"}],"author":"Axel Lauzier","twitter_card":"summary_large_image","schema":{"@context":"https:\/\/schema.org","@graph":[{"@type":"NewsArticle","@id":"https:\/\/sport-index.fr\/blog\/a-la-une\/6-nations-2025-doit-on-reintegrer-damian-penaud-et-romain-ntamack-dans-le-xv-de-depart\/#article","isPartOf":{"@id":"https:\/\/sport-index.fr\/blog\/a-la-une\/6-nations-2025-doit-on-reintegrer-damian-penaud-et-romain-ntamack-dans-le-xv-de-depart\/"},"author":{"name":"Axel Lauzier","@id":"https:\/\/sport-index.fr\/blog\/#\/schema\/person\/3c864cdc320801e3db34b663e7e3f816"},"headline":"6 Nations 2025 : doit-on r\u00e9int\u00e9grer Damian Penaud et Romain Ntamack dans le XV de d\u00e9part ?","datePublished":"2025-02-26T02:56:13+00:00","mainEntityOfPage":{"@id":"https:\/\/sport-index.fr\/blog\/a-la-une\/6-nations-2025-doit-on-reintegrer-damian-penaud-et-romain-ntamack-dans-le-xv-de-depart\/"},"wordCount":655,"commentCount":17,"publisher":{"@id":"https:\/\/sport-index.fr\/blog\/#organization"},"image":{"@id":"https:\/\/sport-index.fr\/blog\/a-la-une\/6-nations-2025-doit-on-reintegrer-damian-penaud-et-romain-ntamack-dans-le-xv-de-depart\/#primaryimage"},"thumbnailUrl":"https:\/\/sport-index.fr\/blog\/wp-content\/uploads\/2025\/02\/stability-6-nations-2025-doit-on-reintegrer-damian-penaud-et-romain-ntamack-dans-le-xv-de-depart.png","keywords":["Coh\u00e9sion d'\u00c9quipe","Gestion des Talents","Performance sportive","Rugby","Tournoi des 6 Nations"],"articleSection":["\u00c0 la une"],"inLanguage":"fr-FR","potentialAction":[{"@type":"CommentAction","name":"Comment","target":["https:\/\/sport-index.fr\/blog\/a-la-une\/6-nations-2025-doit-on-reintegrer-damian-penaud-et-romain-ntamack-dans-le-xv-de-depart\/#respond"]}]},{"@type":"WebPage","@id":"https:\/\/sport-index.fr\/blog\/a-la-une\/6-nations-2025-doit-on-reintegrer-damian-penaud-et-romain-ntamack-dans-le-xv-de-depart\/","url":"https:\/\/sport-index.fr\/blog\/a-la-une\/6-nations-2025-doit-on-reintegrer-damian-penaud-et-romain-ntamack-dans-le-xv-de-depart\/","name":"6 Nations 2025 : doit-on r\u00e9int\u00e9grer Damian Penaud et Romain","isPartOf":{"@id":"https:\/\/sport-index.fr\/blog\/#website"},"primaryImageOfPage":{"@id":"https:\/\/sport-index.fr\/blog\/a-la-une\/6-nations-2025-doit-on-reintegrer-damian-penaud-et-romain-ntamack-dans-le-xv-de-depart\/#primaryimage"},"image":{"@id":"https:\/\/sport-index.fr\/blog\/a-la-une\/6-nations-2025-doit-on-reintegrer-damian-penaud-et-romain-ntamack-dans-le-xv-de-depart\/#primaryimage"},"thumbnailUrl":"https:\/\/sport-index.fr\/blog\/wp-content\/uploads\/2025\/02\/stability-6-nations-2025-doit-on-reintegrer-damian-penaud-et-romain-ntamack-dans-le-xv-de-depart.png","datePublished":"2025-02-26T02:56:13+00:00","description":"Le dilemme des choix tactiques en \u00e9quipe de France Le tournoi des 6 Nations 2025 approche \u00e0 grands pas, et avec lui, un casse-t\u00eate pour le staff\u2026","inLanguage":"fr-FR","potentialAction":[{"@type":"ReadAction","target":["https:\/\/sport-index.fr\/blog\/a-la-une\/6-nations-2025-doit-on-reintegrer-damian-penaud-et-romain-ntamack-dans-le-xv-de-depart\/"]}]},{"@type":"ImageObject","inLanguage":"fr-FR","@id":"https:\/\/sport-index.fr\/blog\/a-la-une\/6-nations-2025-doit-on-reintegrer-damian-penaud-et-romain-ntamack-dans-le-xv-de-depart\/#primaryimage","url":"https:\/\/sport-index.fr\/blog\/wp-content\/uploads\/2025\/02\/stability-6-nations-2025-doit-on-reintegrer-damian-penaud-et-romain-ntamack-dans-le-xv-de-depart.png","contentUrl":"https:\/\/sport-index.fr\/blog\/wp-content\/uploads\/2025\/02\/stability-6-nations-2025-doit-on-reintegrer-damian-penaud-et-romain-ntamack-dans-le-xv-de-depart.png","width":1024,"height":576},{"@type":"WebSite","@id":"https:\/\/sport-index.fr\/blog\/#website","url":"https:\/\/sport-index.fr\/blog\/","name":"sport-index.fr","description":"Le score de l\u2019analyse sportive.","publisher":{"@id":"https:\/\/sport-index.fr\/blog\/#organization"},"alternateName":"Le score de l\u2019analyse sportive.","potentialAction":[{"@type":"SearchAction","target":{"@type":"EntryPoint","urlTemplate":"https:\/\/sport-index.fr\/blog\/?s={search_term_string}"},"query-input":{"@type":"PropertyValueSpecification","valueRequired":true,"valueName":"search_term_string"}}],"inLanguage":"fr-FR"},{"@type":"Organization","@id":"https:\/\/sport-index.fr\/blog\/#organization","name":"Foretsensations.fr","url":"https:\/\/sport-index.fr\/blog\/","logo":{"@type":"ImageObject","inLanguage":"fr-FR","@id":"https:\/\/sport-index.fr\/blog\/#\/schema\/logo\/image\/","url":"https:\/\/sport-index.fr\/blog\/wp-content\/uploads\/2026\/07\/logo-auto.png","contentUrl":"https:\/\/sport-index.fr\/blog\/wp-content\/uploads\/2026\/07\/logo-auto.png","width":1024,"height":1024,"caption":"Foretsensations.fr"},"image":{"@id":"https:\/\/sport-index.fr\/blog\/#\/schema\/logo\/image\/"}},{"@type":"Person","@id":"https:\/\/sport-index.fr\/blog\/#\/schema\/person\/3c864cdc320801e3db34b663e7e3f816","name":"Axel Lauzier","image":{"@type":"ImageObject","inLanguage":"fr-FR","@id":"https:\/\/sport-index.fr\/blog\/#\/schema\/person\/image\/","url":"https:\/\/sport-index.fr\/blog\/wp-content\/uploads\/2026\/06\/persona_axel-l-96x96.jpg","contentUrl":"https:\/\/sport-index.fr\/blog\/wp-content\/uploads\/2026\/06\/persona_axel-l-96x96.jpg","caption":"Axel Lauzier"},"description":"Le sport rythme mon quotidien depuis l'enfance, et j'en ai fait mon m\u00e9tier d'analyste r\u00e9dactionnel il y a une dizaine d'ann\u00e9es. Je couvre principalement le football, son actualit\u00e9, ses transferts et l'analyse tactique des grandes affiches, mais aussi les disciplines plus confidentielles que j'aime remettre en lumi\u00e8re. Une partie de mon travail porte sur les pronostics et la lecture statistique d'un match : forme des \u00e9quipes, historique des confrontations, compositions, sans jamais vendre de fausse certitude. Je rappelle syst\u00e9matiquement que parier comporte un risque et doit rester un loisir ma\u00eetris\u00e9. Avant de signer une analyse, je v\u00e9rifie mes chiffres, je recoupe les compositions probables et je distingue toujours la donn\u00e9e brute de l'intuition. Mon objectif : offrir une lecture honn\u00eate et argument\u00e9e, pas un ticket gagnant garanti.","sameAs":["https:\/\/axellauzier.fr\/"],"url":"https:\/\/sport-index.fr\/blog\/auteur\/noname\/"}]}},"_links":{"self":[{"href":"https:\/\/sport-index.fr\/blog\/wp-json\/wp\/v2\/posts\/11084","targetHints":{"allow":["GET"]}}],"collection":[{"href":"https:\/\/sport-index.fr\/blog\/wp-json\/wp\/v2\/posts"}],"about":[{"href":"https:\/\/sport-index.fr\/blog\/wp-json\/wp\/v2\/types\/post"}],"author":[{"embeddable":true,"href":"https:\/\/sport-index.fr\/blog\/wp-json\/wp\/v2\/users\/34"}],"replies":[{"embeddable":true,"href":"https:\/\/sport-index.fr\/blog\/wp-json\/wp\/v2\/comments?post=11084"}],"version-history":[{"count":1,"href":"https:\/\/sport-index.fr\/blog\/wp-json\/wp\/v2\/posts\/11084\/revisions"}],"predecessor-version":[{"id":11087,"href":"https:\/\/sport-index.fr\/blog\/wp-json\/wp\/v2\/posts\/11084\/revisions\/11087"}],"wp:featuredmedia":[{"embeddable":true,"href":"https:\/\/sport-index.fr\/blog\/wp-json\/wp\/v2\/media\/11085"}],"wp:attachment":[{"href":"https:\/\/sport-index.fr\/blog\/wp-json\/wp\/v2\/media?parent=11084"}],"wp:term":[{"taxonomy":"category","embeddable":true,"href":"https:\/\/sport-index.fr\/blog\/wp-json\/wp\/v2\/categories?post=11084"},{"taxonomy":"post_tag","embeddable":true,"href":"https:\/\/sport-index.fr\/blog\/wp-json\/wp\/v2\/tags?post=11084"}],"curies":[{"name":"wp","href":"https:\/\/api.w.org\/{rel}","templated":true}]}}