{"id":11210,"date":"2025-02-26T06:57:51","date_gmt":"2025-02-26T05:57:51","guid":{"rendered":"https:\/\/sport-index.fr\/blog\/?p=11210"},"modified":"2025-02-26T06:57:51","modified_gmt":"2025-02-26T05:57:51","slug":"warren-barguil-projette-lavenir-discussions-pour-une-prolongation-au-sein-de-picnic-postnl","status":"publish","type":"post","link":"https:\/\/sport-index.fr\/blog\/a-la-une\/warren-barguil-projette-lavenir-discussions-pour-une-prolongation-au-sein-de-picnic-postnl\/","title":{"rendered":"Warren Barguil projette l&rsquo;avenir : discussions pour une prolongation au sein de Picnic PostNL"},"content":{"rendered":"<p>Cyclisme<\/p>\n<p>Warren Barguil, le talentueux grimpeur fran\u00e7ais de 33 ans, a r\u00e9cemment annonc\u00e9 qu&rsquo;il n&rsquo;envisageait pas de mettre un terme \u00e0 sa carri\u00e8re apr\u00e8s la saison 2026. Actuellement sous contrat avec l&rsquo;\u00e9quipe Picnic PostNL, il exprime son d\u00e9sir de prolonger son aventure au sein de cette formation. Lors d&rsquo;une interview dans l&rsquo;\u00e9mission Bistrot V\u00e9lo, diffus\u00e9e chaque lundi sur MAX et sur la cha\u00eene YouTube d&rsquo;Eurosport France, Barguil a r\u00e9v\u00e9l\u00e9 que des discussions \u00e9taient d\u00e9j\u00e0 en cours pour une prolongation de son contrat.<\/p>\n<h2>Les ambitions de Warren Barguil pour l&rsquo;avenir<\/h2>\n<p>Warren Barguil a toujours \u00e9t\u00e9 un coureur d\u00e9termin\u00e9, et son regard est d\u00e9sormais tourn\u00e9 vers les saisons \u00e0 venir. Il a affirm\u00e9 sa volont\u00e9 de continuer \u00e0 rivaliser au plus haut niveau et de contribuer \u00e0 l&rsquo;\u00e9quipe Picnic PostNL. Pour lui, chaque saison est une nouvelle opportunit\u00e9 d&rsquo;atteindre des sommets et de r\u00e9aliser des performances m\u00e9morables.<\/p>\n<p>Dans cette optique, il exprime un profond attachement \u00e0 son \u00e9quipe actuelle. \u00ab\u00a0Je me sens bien ici, et je crois en notre potentiel collectif\u00a0\u00bb, a-t-il d\u00e9clar\u00e9. Cette motivation est essentielle pour le coureur, qui souhaite apporter sa pierre \u00e0 l&rsquo;\u00e9difice tout en r\u00eavant de victoires futures.<\/p>\n<h2>Une carri\u00e8re d\u00e9j\u00e0 bien remplie<\/h2>\n<p>Avec plusieurs ann\u00e9es d&rsquo;exp\u00e9rience dans le cyclisme professionnel, Warren Barguil a su se forger une r\u00e9putation solide. Ses performances dans les courses \u00e0 \u00e9tapes, notamment au Tour de France, ont marqu\u00e9 les esprits. Il a \u00e9galement remport\u00e9 des \u00e9tapes prestigieuses, ce qui t\u00e9moigne de son talent ind\u00e9niable.<\/p>\n<p>Son parcours impressionnant le pousse \u00e0 envisager l&rsquo;avenir avec optimisme. Barguil souhaite continuer \u00e0 \u00e9crire sa propre histoire dans le cyclisme, avec l&rsquo;ambition de d\u00e9crocher d&rsquo;autres titres et d&rsquo;atteindre de nouveaux objectifs. Son engagement envers l&rsquo;\u00e9quipe Picnic PostNL est un signe de sa d\u00e9termination \u00e0 aller de l&rsquo;avant.<\/p>\n<h2>Les discussions pour la prolongation<\/h2>\n<p>Les n\u00e9gociations pour une prolongation de contrat sont d\u00e9j\u00e0 sur la table, et cela suscite beaucoup d&rsquo;int\u00e9r\u00eat. Warren Barguil a confirm\u00e9 que des discussions avaient commenc\u00e9, mais il reste prudent quant aux d\u00e9tails. \u00ab\u00a0Nous sommes en train d&rsquo;explorer les options, et je suis confiant quant \u00e0 l&rsquo;avenir\u00a0\u00bb, a-t-il d\u00e9clar\u00e9 lors de l&rsquo;\u00e9mission.<\/p>\n<p>Cette prolongation pourrait non seulement renforcer son lien avec l&rsquo;\u00e9quipe, mais aussi lui donner la chance de continuer \u00e0 \u00e9voluer dans un environnement qu&rsquo;il appr\u00e9cie. Les fans de cyclisme suivent de pr\u00e8s cette \u00e9volution, esp\u00e9rant que Barguil continuera \u00e0 briller sur les routes du monde entier.<\/p>\n<ul>\n<li>Warren Barguil ne pr\u00e9voit pas de prendre sa retraite avant 2026.<\/li>\n<li>Des discussions pour une prolongation de contrat sont en cours.<\/li>\n<li>Il souhaite continuer \u00e0 contribuer \u00e0 l&rsquo;\u00e9quipe Picnic PostNL.<\/li>\n<li>Son parcours dans le cyclisme professionnel est d\u00e9j\u00e0 riche en succ\u00e8s.<\/li>\n<li>Les fans sont impatients de voir ce que l&rsquo;avenir r\u00e9serve \u00e0 ce talentueux grimpeur.<\/li>\n<\/ul>\n<blockquote><p>\n\u00ab\u00a0Je me sens bien ici, et je crois en notre potentiel collectif.\u00a0\u00bb &#8211; Warren Barguil\n<\/p><\/blockquote>\n","protected":false},"excerpt":{"rendered":"","protected":false},"author":34,"featured_media":11424,"comment_status":"open","ping_status":"open","sticky":false,"template":"","format":"standard","meta":{"_acf_changed":false,"manual_indexmenow":false,"indexmenow_id_project":0,"footnotes":""},"categories":[1],"tags":[4559,4544,4561,4563,4554],"class_list":["post-11210","post","type-post","status-publish","format-standard","has-post-thumbnail","hentry","category-a-la-une","tag-cyclisme","tag-equipe","tag-gestion-des-talents","tag-performance-athletique","tag-xv-de-france","generate-columns","tablet-grid-50","mobile-grid-100","grid-parent","grid-25"],"acf":[],"yoast_head":"<!-- This site is optimized with the Yoast SEO Premium plugin v21.3 (Yoast SEO v26.5) - https:\/\/yoast.com\/wordpress\/plugins\/seo\/ -->\n<title>Warren Barguil projette l&#039;avenir : discussions<\/title>\n<meta name=\"description\" content=\"Cyclisme Warren Barguil, le talentueux grimpeur fran\u00e7ais de 33 ans, a r\u00e9cemment annonc\u00e9 qu&#039;il n&#039;envisageait pas de mettre un terme \u00e0 sa carri\u00e8re apr\u00e8s la\u2026\" \/>\n<meta name=\"robots\" content=\"index, follow, max-snippet:-1, max-image-preview:large, max-video-preview:-1\" \/>\n<link rel=\"canonical\" href=\"https:\/\/sport-index.fr\/blog\/a-la-une\/warren-barguil-projette-lavenir-discussions-pour-une-prolongation-au-sein-de-picnic-postnl\/\" \/>\n<meta property=\"og:locale\" content=\"fr_FR\" \/>\n<meta property=\"og:type\" content=\"article\" \/>\n<meta property=\"og:title\" content=\"Warren Barguil projette l&#039;avenir : discussions\" \/>\n<meta property=\"og:description\" content=\"Cyclisme Warren Barguil, le talentueux grimpeur fran\u00e7ais de 33 ans, a r\u00e9cemment annonc\u00e9 qu&#039;il n&#039;envisageait pas de mettre un terme \u00e0 sa carri\u00e8re apr\u00e8s la\u2026\" \/>\n<meta property=\"og:url\" content=\"https:\/\/sport-index.fr\/blog\/a-la-une\/warren-barguil-projette-lavenir-discussions-pour-une-prolongation-au-sein-de-picnic-postnl\/\" \/>\n<meta property=\"og:site_name\" content=\"sport-index\" \/>\n<meta name=\"author\" content=\"Axel Lauzier\" \/>\n<meta name=\"twitter:card\" content=\"summary_large_image\" \/>\n<script type=\"application\/ld+json\" class=\"yoast-schema-graph\">{\"@context\":\"https:\/\/schema.org\",\"@graph\":[{\"@type\":\"NewsArticle\",\"@id\":\"https:\/\/sport-index.fr\/blog\/a-la-une\/warren-barguil-projette-lavenir-discussions-pour-une-prolongation-au-sein-de-picnic-postnl\/#article\",\"isPartOf\":{\"@id\":\"https:\/\/sport-index.fr\/blog\/a-la-une\/warren-barguil-projette-lavenir-discussions-pour-une-prolongation-au-sein-de-picnic-postnl\/\"},\"author\":{\"name\":\"Axel Lauzier\",\"@id\":\"https:\/\/sport-index.fr\/blog\/#\/schema\/person\/3c864cdc320801e3db34b663e7e3f816\"},\"headline\":\"Warren Barguil projette l&rsquo;avenir : discussions pour une prolongation au sein de Picnic PostNL\",\"datePublished\":\"2025-02-26T05:57:51+00:00\",\"mainEntityOfPage\":{\"@id\":\"https:\/\/sport-index.fr\/blog\/a-la-une\/warren-barguil-projette-lavenir-discussions-pour-une-prolongation-au-sein-de-picnic-postnl\/\"},\"wordCount\":523,\"commentCount\":21,\"publisher\":{\"@id\":\"https:\/\/sport-index.fr\/blog\/#organization\"},\"image\":{\"@id\":\"https:\/\/sport-index.fr\/blog\/a-la-une\/warren-barguil-projette-lavenir-discussions-pour-une-prolongation-au-sein-de-picnic-postnl\/#primaryimage\"},\"thumbnailUrl\":\"https:\/\/sport-index.fr\/blog\/wp-content\/uploads\/2025\/02\/sdxl-08579ae1b39f44ba235f2a9776aac9ca.png\",\"keywords\":[\"Cyclisme\",\"\u00c9quipe\",\"Gestion des Talents\",\"Performance Athl\u00e9tique\",\"XV de France\"],\"articleSection\":[\"\u00c0 la une\"],\"inLanguage\":\"fr-FR\",\"potentialAction\":[{\"@type\":\"CommentAction\",\"name\":\"Comment\",\"target\":[\"https:\/\/sport-index.fr\/blog\/a-la-une\/warren-barguil-projette-lavenir-discussions-pour-une-prolongation-au-sein-de-picnic-postnl\/#respond\"]}]},{\"@type\":\"WebPage\",\"@id\":\"https:\/\/sport-index.fr\/blog\/a-la-une\/warren-barguil-projette-lavenir-discussions-pour-une-prolongation-au-sein-de-picnic-postnl\/\",\"url\":\"https:\/\/sport-index.fr\/blog\/a-la-une\/warren-barguil-projette-lavenir-discussions-pour-une-prolongation-au-sein-de-picnic-postnl\/\",\"name\":\"Warren Barguil projette l'avenir : discussions\",\"isPartOf\":{\"@id\":\"https:\/\/sport-index.fr\/blog\/#website\"},\"primaryImageOfPage\":{\"@id\":\"https:\/\/sport-index.fr\/blog\/a-la-une\/warren-barguil-projette-lavenir-discussions-pour-une-prolongation-au-sein-de-picnic-postnl\/#primaryimage\"},\"image\":{\"@id\":\"https:\/\/sport-index.fr\/blog\/a-la-une\/warren-barguil-projette-lavenir-discussions-pour-une-prolongation-au-sein-de-picnic-postnl\/#primaryimage\"},\"thumbnailUrl\":\"https:\/\/sport-index.fr\/blog\/wp-content\/uploads\/2025\/02\/sdxl-08579ae1b39f44ba235f2a9776aac9ca.png\",\"datePublished\":\"2025-02-26T05:57:51+00:00\",\"description\":\"Cyclisme Warren Barguil, le talentueux grimpeur fran\u00e7ais de 33 ans, a r\u00e9cemment annonc\u00e9 qu'il n'envisageait pas de mettre un terme \u00e0 sa carri\u00e8re apr\u00e8s la\u2026\",\"inLanguage\":\"fr-FR\",\"potentialAction\":[{\"@type\":\"ReadAction\",\"target\":[\"https:\/\/sport-index.fr\/blog\/a-la-une\/warren-barguil-projette-lavenir-discussions-pour-une-prolongation-au-sein-de-picnic-postnl\/\"]}]},{\"@type\":\"ImageObject\",\"inLanguage\":\"fr-FR\",\"@id\":\"https:\/\/sport-index.fr\/blog\/a-la-une\/warren-barguil-projette-lavenir-discussions-pour-une-prolongation-au-sein-de-picnic-postnl\/#primaryimage\",\"url\":\"https:\/\/sport-index.fr\/blog\/wp-content\/uploads\/2025\/02\/sdxl-08579ae1b39f44ba235f2a9776aac9ca.png\",\"contentUrl\":\"https:\/\/sport-index.fr\/blog\/wp-content\/uploads\/2025\/02\/sdxl-08579ae1b39f44ba235f2a9776aac9ca.png\",\"width\":1536,\"height\":640},{\"@type\":\"WebSite\",\"@id\":\"https:\/\/sport-index.fr\/blog\/#website\",\"url\":\"https:\/\/sport-index.fr\/blog\/\",\"name\":\"sport-index.fr\",\"description\":\"Le score de l\u2019analyse sportive.\",\"publisher\":{\"@id\":\"https:\/\/sport-index.fr\/blog\/#organization\"},\"alternateName\":\"Le score de l\u2019analyse sportive.\",\"potentialAction\":[{\"@type\":\"SearchAction\",\"target\":{\"@type\":\"EntryPoint\",\"urlTemplate\":\"https:\/\/sport-index.fr\/blog\/?s={search_term_string}\"},\"query-input\":{\"@type\":\"PropertyValueSpecification\",\"valueRequired\":true,\"valueName\":\"search_term_string\"}}],\"inLanguage\":\"fr-FR\"},{\"@type\":\"Organization\",\"@id\":\"https:\/\/sport-index.fr\/blog\/#organization\",\"name\":\"Foretsensations.fr\",\"url\":\"https:\/\/sport-index.fr\/blog\/\",\"logo\":{\"@type\":\"ImageObject\",\"inLanguage\":\"fr-FR\",\"@id\":\"https:\/\/sport-index.fr\/blog\/#\/schema\/logo\/image\/\",\"url\":\"https:\/\/sport-index.fr\/blog\/wp-content\/uploads\/2026\/07\/logo-auto.png\",\"contentUrl\":\"https:\/\/sport-index.fr\/blog\/wp-content\/uploads\/2026\/07\/logo-auto.png\",\"width\":1024,\"height\":1024,\"caption\":\"Foretsensations.fr\"},\"image\":{\"@id\":\"https:\/\/sport-index.fr\/blog\/#\/schema\/logo\/image\/\"}},{\"@type\":\"Person\",\"@id\":\"https:\/\/sport-index.fr\/blog\/#\/schema\/person\/3c864cdc320801e3db34b663e7e3f816\",\"name\":\"Axel Lauzier\",\"image\":{\"@type\":\"ImageObject\",\"inLanguage\":\"fr-FR\",\"@id\":\"https:\/\/sport-index.fr\/blog\/#\/schema\/person\/image\/\",\"url\":\"https:\/\/sport-index.fr\/blog\/wp-content\/uploads\/2026\/06\/persona_axel-l-96x96.jpg\",\"contentUrl\":\"https:\/\/sport-index.fr\/blog\/wp-content\/uploads\/2026\/06\/persona_axel-l-96x96.jpg\",\"caption\":\"Axel Lauzier\"},\"description\":\"Le sport rythme mon quotidien depuis l'enfance, et j'en ai fait mon m\u00e9tier d'analyste r\u00e9dactionnel il y a une dizaine d'ann\u00e9es. Je couvre principalement le football, son actualit\u00e9, ses transferts et l'analyse tactique des grandes affiches, mais aussi les disciplines plus confidentielles que j'aime remettre en lumi\u00e8re. Une partie de mon travail porte sur les pronostics et la lecture statistique d'un match : forme des \u00e9quipes, historique des confrontations, compositions, sans jamais vendre de fausse certitude. Je rappelle syst\u00e9matiquement que parier comporte un risque et doit rester un loisir ma\u00eetris\u00e9. Avant de signer une analyse, je v\u00e9rifie mes chiffres, je recoupe les compositions probables et je distingue toujours la donn\u00e9e brute de l'intuition. Mon objectif : offrir une lecture honn\u00eate et argument\u00e9e, pas un ticket gagnant garanti.\",\"sameAs\":[\"https:\/\/axellauzier.fr\/\"],\"url\":\"https:\/\/sport-index.fr\/blog\/auteur\/noname\/\"}]}<\/script>\n<!-- \/ Yoast SEO Premium plugin. -->","yoast_head_json":{"title":"Warren Barguil projette l'avenir : discussions","description":"Cyclisme Warren Barguil, le talentueux grimpeur fran\u00e7ais de 33 ans, a r\u00e9cemment annonc\u00e9 qu'il n'envisageait pas de mettre un terme \u00e0 sa carri\u00e8re apr\u00e8s la\u2026","robots":{"index":"index","follow":"follow","max-snippet":"max-snippet:-1","max-image-preview":"max-image-preview:large","max-video-preview":"max-video-preview:-1"},"canonical":"https:\/\/sport-index.fr\/blog\/a-la-une\/warren-barguil-projette-lavenir-discussions-pour-une-prolongation-au-sein-de-picnic-postnl\/","og_locale":"fr_FR","og_type":"article","og_title":"Warren Barguil projette l'avenir : discussions","og_description":"Cyclisme Warren Barguil, le talentueux grimpeur fran\u00e7ais de 33 ans, a r\u00e9cemment annonc\u00e9 qu'il n'envisageait pas de mettre un terme \u00e0 sa carri\u00e8re apr\u00e8s la\u2026","og_url":"https:\/\/sport-index.fr\/blog\/a-la-une\/warren-barguil-projette-lavenir-discussions-pour-une-prolongation-au-sein-de-picnic-postnl\/","og_site_name":"sport-index","author":"Axel Lauzier","twitter_card":"summary_large_image","schema":{"@context":"https:\/\/schema.org","@graph":[{"@type":"NewsArticle","@id":"https:\/\/sport-index.fr\/blog\/a-la-une\/warren-barguil-projette-lavenir-discussions-pour-une-prolongation-au-sein-de-picnic-postnl\/#article","isPartOf":{"@id":"https:\/\/sport-index.fr\/blog\/a-la-une\/warren-barguil-projette-lavenir-discussions-pour-une-prolongation-au-sein-de-picnic-postnl\/"},"author":{"name":"Axel Lauzier","@id":"https:\/\/sport-index.fr\/blog\/#\/schema\/person\/3c864cdc320801e3db34b663e7e3f816"},"headline":"Warren Barguil projette l&rsquo;avenir : discussions pour une prolongation au sein de Picnic PostNL","datePublished":"2025-02-26T05:57:51+00:00","mainEntityOfPage":{"@id":"https:\/\/sport-index.fr\/blog\/a-la-une\/warren-barguil-projette-lavenir-discussions-pour-une-prolongation-au-sein-de-picnic-postnl\/"},"wordCount":523,"commentCount":21,"publisher":{"@id":"https:\/\/sport-index.fr\/blog\/#organization"},"image":{"@id":"https:\/\/sport-index.fr\/blog\/a-la-une\/warren-barguil-projette-lavenir-discussions-pour-une-prolongation-au-sein-de-picnic-postnl\/#primaryimage"},"thumbnailUrl":"https:\/\/sport-index.fr\/blog\/wp-content\/uploads\/2025\/02\/sdxl-08579ae1b39f44ba235f2a9776aac9ca.png","keywords":["Cyclisme","\u00c9quipe","Gestion des Talents","Performance Athl\u00e9tique","XV de France"],"articleSection":["\u00c0 la une"],"inLanguage":"fr-FR","potentialAction":[{"@type":"CommentAction","name":"Comment","target":["https:\/\/sport-index.fr\/blog\/a-la-une\/warren-barguil-projette-lavenir-discussions-pour-une-prolongation-au-sein-de-picnic-postnl\/#respond"]}]},{"@type":"WebPage","@id":"https:\/\/sport-index.fr\/blog\/a-la-une\/warren-barguil-projette-lavenir-discussions-pour-une-prolongation-au-sein-de-picnic-postnl\/","url":"https:\/\/sport-index.fr\/blog\/a-la-une\/warren-barguil-projette-lavenir-discussions-pour-une-prolongation-au-sein-de-picnic-postnl\/","name":"Warren Barguil projette l'avenir : discussions","isPartOf":{"@id":"https:\/\/sport-index.fr\/blog\/#website"},"primaryImageOfPage":{"@id":"https:\/\/sport-index.fr\/blog\/a-la-une\/warren-barguil-projette-lavenir-discussions-pour-une-prolongation-au-sein-de-picnic-postnl\/#primaryimage"},"image":{"@id":"https:\/\/sport-index.fr\/blog\/a-la-une\/warren-barguil-projette-lavenir-discussions-pour-une-prolongation-au-sein-de-picnic-postnl\/#primaryimage"},"thumbnailUrl":"https:\/\/sport-index.fr\/blog\/wp-content\/uploads\/2025\/02\/sdxl-08579ae1b39f44ba235f2a9776aac9ca.png","datePublished":"2025-02-26T05:57:51+00:00","description":"Cyclisme Warren Barguil, le talentueux grimpeur fran\u00e7ais de 33 ans, a r\u00e9cemment annonc\u00e9 qu'il n'envisageait pas de mettre un terme \u00e0 sa carri\u00e8re apr\u00e8s la\u2026","inLanguage":"fr-FR","potentialAction":[{"@type":"ReadAction","target":["https:\/\/sport-index.fr\/blog\/a-la-une\/warren-barguil-projette-lavenir-discussions-pour-une-prolongation-au-sein-de-picnic-postnl\/"]}]},{"@type":"ImageObject","inLanguage":"fr-FR","@id":"https:\/\/sport-index.fr\/blog\/a-la-une\/warren-barguil-projette-lavenir-discussions-pour-une-prolongation-au-sein-de-picnic-postnl\/#primaryimage","url":"https:\/\/sport-index.fr\/blog\/wp-content\/uploads\/2025\/02\/sdxl-08579ae1b39f44ba235f2a9776aac9ca.png","contentUrl":"https:\/\/sport-index.fr\/blog\/wp-content\/uploads\/2025\/02\/sdxl-08579ae1b39f44ba235f2a9776aac9ca.png","width":1536,"height":640},{"@type":"WebSite","@id":"https:\/\/sport-index.fr\/blog\/#website","url":"https:\/\/sport-index.fr\/blog\/","name":"sport-index.fr","description":"Le score de l\u2019analyse sportive.","publisher":{"@id":"https:\/\/sport-index.fr\/blog\/#organization"},"alternateName":"Le score de l\u2019analyse sportive.","potentialAction":[{"@type":"SearchAction","target":{"@type":"EntryPoint","urlTemplate":"https:\/\/sport-index.fr\/blog\/?s={search_term_string}"},"query-input":{"@type":"PropertyValueSpecification","valueRequired":true,"valueName":"search_term_string"}}],"inLanguage":"fr-FR"},{"@type":"Organization","@id":"https:\/\/sport-index.fr\/blog\/#organization","name":"Foretsensations.fr","url":"https:\/\/sport-index.fr\/blog\/","logo":{"@type":"ImageObject","inLanguage":"fr-FR","@id":"https:\/\/sport-index.fr\/blog\/#\/schema\/logo\/image\/","url":"https:\/\/sport-index.fr\/blog\/wp-content\/uploads\/2026\/07\/logo-auto.png","contentUrl":"https:\/\/sport-index.fr\/blog\/wp-content\/uploads\/2026\/07\/logo-auto.png","width":1024,"height":1024,"caption":"Foretsensations.fr"},"image":{"@id":"https:\/\/sport-index.fr\/blog\/#\/schema\/logo\/image\/"}},{"@type":"Person","@id":"https:\/\/sport-index.fr\/blog\/#\/schema\/person\/3c864cdc320801e3db34b663e7e3f816","name":"Axel Lauzier","image":{"@type":"ImageObject","inLanguage":"fr-FR","@id":"https:\/\/sport-index.fr\/blog\/#\/schema\/person\/image\/","url":"https:\/\/sport-index.fr\/blog\/wp-content\/uploads\/2026\/06\/persona_axel-l-96x96.jpg","contentUrl":"https:\/\/sport-index.fr\/blog\/wp-content\/uploads\/2026\/06\/persona_axel-l-96x96.jpg","caption":"Axel Lauzier"},"description":"Le sport rythme mon quotidien depuis l'enfance, et j'en ai fait mon m\u00e9tier d'analyste r\u00e9dactionnel il y a une dizaine d'ann\u00e9es. Je couvre principalement le football, son actualit\u00e9, ses transferts et l'analyse tactique des grandes affiches, mais aussi les disciplines plus confidentielles que j'aime remettre en lumi\u00e8re. Une partie de mon travail porte sur les pronostics et la lecture statistique d'un match : forme des \u00e9quipes, historique des confrontations, compositions, sans jamais vendre de fausse certitude. Je rappelle syst\u00e9matiquement que parier comporte un risque et doit rester un loisir ma\u00eetris\u00e9. Avant de signer une analyse, je v\u00e9rifie mes chiffres, je recoupe les compositions probables et je distingue toujours la donn\u00e9e brute de l'intuition. Mon objectif : offrir une lecture honn\u00eate et argument\u00e9e, pas un ticket gagnant garanti.","sameAs":["https:\/\/axellauzier.fr\/"],"url":"https:\/\/sport-index.fr\/blog\/auteur\/noname\/"}]}},"_links":{"self":[{"href":"https:\/\/sport-index.fr\/blog\/wp-json\/wp\/v2\/posts\/11210","targetHints":{"allow":["GET"]}}],"collection":[{"href":"https:\/\/sport-index.fr\/blog\/wp-json\/wp\/v2\/posts"}],"about":[{"href":"https:\/\/sport-index.fr\/blog\/wp-json\/wp\/v2\/types\/post"}],"author":[{"embeddable":true,"href":"https:\/\/sport-index.fr\/blog\/wp-json\/wp\/v2\/users\/34"}],"replies":[{"embeddable":true,"href":"https:\/\/sport-index.fr\/blog\/wp-json\/wp\/v2\/comments?post=11210"}],"version-history":[{"count":1,"href":"https:\/\/sport-index.fr\/blog\/wp-json\/wp\/v2\/posts\/11210\/revisions"}],"predecessor-version":[{"id":11346,"href":"https:\/\/sport-index.fr\/blog\/wp-json\/wp\/v2\/posts\/11210\/revisions\/11346"}],"wp:featuredmedia":[{"embeddable":true,"href":"https:\/\/sport-index.fr\/blog\/wp-json\/wp\/v2\/media\/11424"}],"wp:attachment":[{"href":"https:\/\/sport-index.fr\/blog\/wp-json\/wp\/v2\/media?parent=11210"}],"wp:term":[{"taxonomy":"category","embeddable":true,"href":"https:\/\/sport-index.fr\/blog\/wp-json\/wp\/v2\/categories?post=11210"},{"taxonomy":"post_tag","embeddable":true,"href":"https:\/\/sport-index.fr\/blog\/wp-json\/wp\/v2\/tags?post=11210"}],"curies":[{"name":"wp","href":"https:\/\/api.w.org\/{rel}","templated":true}]}}