{"id":11231,"date":"2026-06-16T14:48:56","date_gmt":"2026-06-16T12:48:56","guid":{"rendered":"https:\/\/sport-index.fr\/blog\/?p=11231"},"modified":"2026-06-16T14:48:56","modified_gmt":"2026-06-16T12:48:56","slug":"le-rct-face-a-un-defi-majeur-labsence-prolongee-dantoine-frisch","status":"publish","type":"post","link":"https:\/\/sport-index.fr\/blog\/a-la-une\/le-rct-face-a-un-defi-majeur-labsence-prolongee-dantoine-frisch\/","title":{"rendered":"le rct face \u00e0 un d\u00e9fi majeur : l&rsquo;absence prolong\u00e9e d&rsquo;antoine frisch"},"content":{"rendered":"<link rel=\"stylesheet\" href=\"https:\/\/fonts.googleapis.com\/css2?family=Bebas+Neue&#038;family=Inter:wght@400;500;600;700&#038;family=Playfair+Display:ital,wght@0,600;1,500&#038;display=swap\" \/>\n<style>\n.si-rct-wrap{font-family:'Inter',system-ui,sans-serif;color:#10171F;line-height:1.65;max-width:880px;margin:0 auto}\n.si-rct-wrap h2{font-family:'Bebas Neue',sans-serif;font-size:2.05em;letter-spacing:.04em;color:#0B1F3A;margin:2.2em 0 .6em;border-left:6px solid #C8102E;padding-left:14px;line-height:1.1}\n.si-rct-wrap h3{font-family:'Bebas Neue',sans-serif;font-size:1.45em;letter-spacing:.03em;color:#0B1F3A;margin:1.6em 0 .5em}\n.si-rct-lead{font-size:1.12em;font-weight:500;color:#1B2A3F;background:linear-gradient(180deg,#F4F7FB 0%,#EAF1F8 100%);padding:18px 22px;border-left:4px solid #C8102E;border-radius:6px;margin:18px 0 28px}\n.si-rct-callout{background:#0B1F3A;color:#F4F7FB;padding:22px 26px;border-radius:8px;margin:28px 0;display:grid;grid-template-columns:repeat(auto-fit,minmax(160px,1fr));gap:16px}\n.si-rct-callout .si-rct-kpi{display:flex;flex-direction:column;gap:4px}\n.si-rct-callout .si-rct-kpi b{font-family:'Bebas Neue',sans-serif;font-size:1.85em;color:#FFCD3C;letter-spacing:.03em}\n.si-rct-callout .si-rct-kpi span{font-size:.85em;color:#C7D5E5;text-transform:uppercase;letter-spacing:.06em}\n.si-rct-aretenir{border:2px solid #C8102E;background:#FFF7F8;border-radius:8px;padding:20px 24px;margin:30px 0}\n.si-rct-aretenir h3{margin-top:0;color:#C8102E}\n.si-rct-aretenir ul{margin:8px 0 0;padding-left:22px}\n.si-rct-aretenir li{margin:6px 0}\n.si-rct-cards{display:grid;grid-template-columns:repeat(auto-fit,minmax(240px,1fr));gap:18px;margin:24px 0}\n.si-rct-card{background:#F4F7FB;border:1px solid #DCE5EE;border-top:4px solid #0B1F3A;border-radius:6px;padding:18px 20px}\n.si-rct-card h4{font-family:'Bebas Neue',sans-serif;font-size:1.2em;letter-spacing:.04em;color:#0B1F3A;margin:0 0 6px}\n.si-rct-card p{margin:6px 0;font-size:.96em;color:#283A52}\n.si-rct-card .si-rct-tag{display:inline-block;background:#C8102E;color:#fff;font-size:.72em;font-weight:600;padding:3px 8px;border-radius:3px;letter-spacing:.05em;text-transform:uppercase}\n.si-rct-table{width:100%;border-collapse:collapse;margin:24px 0;font-size:.95em;background:#fff}\n.si-rct-table th,.si-rct-table td{border:1px solid #DCE5EE;padding:10px 14px;text-align:left;vertical-align:top}\n.si-rct-table th{background:#0B1F3A;color:#fff;font-family:'Bebas Neue',sans-serif;letter-spacing:.04em;font-weight:400;font-size:1.05em}\n.si-rct-table tr:nth-child(even) td{background:#F4F7FB}\n.si-rct-quote{font-family:'Playfair Display',serif;font-style:italic;font-size:1.35em;color:#0B1F3A;border-top:2px solid #C8102E;border-bottom:2px solid #C8102E;padding:18px 24px;margin:28px 0;background:#FFF7F8}\n.si-rct-quote cite{display:block;font-style:normal;font-size:.7em;font-family:'Inter',sans-serif;color:#5A6A7E;margin-top:8px;letter-spacing:.05em;text-transform:uppercase}\n.si-rct-timeline{list-style:none;padding:0;margin:24px 0;counter-reset:step}\n.si-rct-timeline li{position:relative;padding:12px 12px 12px 56px;margin:0 0 12px;background:#F4F7FB;border-left:3px solid #0B1F3A;border-radius:0 6px 6px 0;counter-increment:step}\n.si-rct-timeline li::before{content:counter(step,decimal-leading-zero);position:absolute;left:12px;top:50%;transform:translateY(-50%);font-family:'Bebas Neue',sans-serif;font-size:1.7em;color:#C8102E;letter-spacing:.02em}\n.si-rct-faq{margin:24px 0}\n.si-rct-faq details{background:#F4F7FB;border:1px solid #DCE5EE;border-radius:6px;padding:12px 18px;margin:10px 0}\n.si-rct-faq summary{cursor:pointer;font-weight:600;color:#0B1F3A;font-size:1.02em;list-style:none}\n.si-rct-faq summary::before{content:\"+\";color:#C8102E;font-weight:700;margin-right:8px;font-size:1.1em}\n.si-rct-faq details[open] summary::before{content:\"\u2013\"}\n.si-rct-faq p{margin:10px 0 0;color:#283A52}\n.si-rct-verdict{background:linear-gradient(135deg,#0B1F3A 0%,#1B3358 100%);color:#F4F7FB;padding:24px 28px;border-radius:8px;margin:32px 0 12px;border-left:6px solid #FFCD3C}\n.si-rct-verdict h3{color:#FFCD3C;margin-top:0}\n.si-rct-verdict ul{margin:8px 0 0;padding-left:22px}\n.si-rct-verdict li{margin:8px 0;color:#E7EEF7}\n\/*RENDERFIX2*\/.si-rct-callout{color:#eef3f9!important}.si-rct-callout p,.si-rct-callout li,.si-rct-callout strong,.si-rct-callout em,.si-rct-callout a,.si-rct-callout span,.si-rct-callout b,.si-rct-callout td,.si-rct-callout th,.si-rct-callout h2,.si-rct-callout h3,.si-rct-callout h4{color:#eef3f9!important}.si-rct-callout strong,.si-rct-callout b{color:#ffffff!important}.si-rct-card .si-rct-tag{color:#eef3f9!important}.si-rct-card .si-rct-tag p,.si-rct-card .si-rct-tag li,.si-rct-card .si-rct-tag strong,.si-rct-card .si-rct-tag em,.si-rct-card .si-rct-tag a,.si-rct-card .si-rct-tag span,.si-rct-card .si-rct-tag b,.si-rct-card .si-rct-tag td,.si-rct-card .si-rct-tag th,.si-rct-card .si-rct-tag h2,.si-rct-card .si-rct-tag h3,.si-rct-card .si-rct-tag h4{color:#eef3f9!important}.si-rct-card .si-rct-tag strong,.si-rct-card .si-rct-tag b{color:#ffffff!important}.si-rct-table th{color:#eef3f9!important}.si-rct-table th p,.si-rct-table th li,.si-rct-table th strong,.si-rct-table th em,.si-rct-table th a,.si-rct-table th span,.si-rct-table th b,.si-rct-table th td,.si-rct-table th th,.si-rct-table th h2,.si-rct-table th h3,.si-rct-table th h4{color:#eef3f9!important}.si-rct-table th strong,.si-rct-table th b{color:#ffffff!important}.si-rct-verdict{color:#eef3f9!important}.si-rct-verdict p,.si-rct-verdict li,.si-rct-verdict strong,.si-rct-verdict em,.si-rct-verdict a,.si-rct-verdict span,.si-rct-verdict b,.si-rct-verdict td,.si-rct-verdict th,.si-rct-verdict h2,.si-rct-verdict h3,.si-rct-verdict h4{color:#eef3f9!important}.si-rct-verdict strong,.si-rct-verdict b{color:#ffffff!important}<\/style>\n<div class=\"si-rct-wrap\">\n<p class=\"si-rct-lead\">Le RCT traverse une p\u00e9riode d\u00e9licate avec l&rsquo;absence prolong\u00e9e d&rsquo;Antoine Frisch, son centre titulaire et international fran\u00e7ais. Voici le d\u00e9cryptage complet : profil du joueur, cons\u00e9quences sportives, plan B mis en place par Pierre Mignoni et calendrier de retour estim\u00e9 pour la fin de saison.<\/p>\n<div class=\"si-rct-callout\">\n<div class=\"si-rct-kpi\"><b>11<\/b><span>matchs jou\u00e9s cette saison<\/span><\/div>\n<div class=\"si-rct-kpi\"><b>9<\/b><span>titularisations<\/span><\/div>\n<div class=\"si-rct-kpi\"><b>2e<\/b><span>place en Top 14<\/span><\/div>\n<div class=\"si-rct-kpi\"><b>42<\/b><span>ans pour Ma&rsquo;a Nonu, joker<\/span><\/div>\n<\/div>\n<h2>Une perte significative pour le RCT<\/h2>\n<p>Cette situation intervient \u00e0 un moment crucial de la saison, o\u00f9 chaque joueur compte pour maintenir le rythme de la comp\u00e9tition. Antoine Frisch, international fran\u00e7ais et titulaire r\u00e9gulier, a \u00e9t\u00e9 un atout indispensable pour l&rsquo;\u00e9quipe depuis le d\u00e9but de la saison. N\u00e9 \u00e0 Saint-Germain-en-Laye et form\u00e9 partiellement en Irlande o\u00f9 il s&rsquo;est r\u00e9v\u00e9l\u00e9 \u00e0 Munster avant de rejoindre la Rade en 2024, le centre cumule un profil rare : puissance physique au plaquage, lecture de jeu offensive et solidit\u00e9 d\u00e9fensive sur la ligne des trois-quarts. Sa polyvalence entre les postes de premier et second centre en faisait la cheville ouvri\u00e8re des combinaisons toulonnaises.<\/p>\n<p>Le manager du RCT, Pierre Mignoni, a confirm\u00e9 cette nouvelle alarmante lors de son interview accord\u00e9e \u00e0 plusieurs m\u00e9dias. Les supporters s&rsquo;inqui\u00e8tent des r\u00e9percussions que cette absence pourrait avoir sur les performances de l&rsquo;\u00e9quipe, d&rsquo;autant plus qu&rsquo;il est difficile de remplacer un joueur de son calibre. Frisch avait disput\u00e9 onze matchs cette saison, dont neuf en tant que titulaire, et sa pr\u00e9sence sur le terrain sera cruellement manqu\u00e9e. Le timing est particuli\u00e8rement d\u00e9favorable : le RCT entre dans la phase la plus dense du calendrier, avec \u00e0 la fois la lutte pour les phases finales du Top 14 et le huiti\u00e8me de finale de la Champions Cup \u00e0 n\u00e9gocier.<\/p>\n<div class=\"si-rct-aretenir\">\n<h3>\u00c0 retenir<\/h3>\n<ul>\n<li><b>Joueur cl\u00e9 absent<\/b> \u2014 Antoine Frisch, centre titulaire et international, indisponible pour plusieurs mois.<\/li>\n<li><b>Plan B activ\u00e9<\/b> \u2014 Faing&rsquo;a&rsquo;anuku\/Sinzelle au centre, arriv\u00e9e de Ma&rsquo;a Nonu en joker m\u00e9dical.<\/li>\n<li><b>Calendrier d\u00e9cisif<\/b> \u2014 RCT 2e du Top 14 et qualifi\u00e9 en huiti\u00e8mes de Champions Cup.<\/li>\n<li><b>Retour esp\u00e9r\u00e9<\/b> \u2014 fen\u00eatre fin mai pour les phases finales du championnat.<\/li>\n<\/ul>\n<\/div>\n<h2>Des renforts pour compenser l&rsquo;absence<\/h2>\n<p>Malgr\u00e9 cette perte, Pierre Mignoni a soulign\u00e9 que le RCT dispose de joueurs capables de prendre le relais au centre de l&rsquo;attaque. La paire Leicester Faing&rsquo;a&rsquo;anuku et J\u00e9r\u00e9my Sinzelle a montr\u00e9 des performances prometteuses ces derni\u00e8res semaines, offrant ainsi un certain r\u00e9confort aux fans. De plus, l&rsquo;arriv\u00e9e de Ma&rsquo;a Nonu, m\u00eame s&rsquo;il vient en tant que joker m\u00e9dical, pourrait apporter une exp\u00e9rience pr\u00e9cieuse \u00e0 l&rsquo;\u00e9quipe. Le staff toulonnais a \u00e9galement mentionn\u00e9 la mont\u00e9e en puissance du jeune Aymeric Luc, ailier-centre form\u00e9 au club, comme option suppl\u00e9mentaire dans la rotation.<\/p>\n<div class=\"si-rct-cards\">\n<div class=\"si-rct-card\">\n<span class=\"si-rct-tag\">Centre titulaire bis<\/span><\/p>\n<h4>Leicester Faing&rsquo;a&rsquo;anuku<\/h4>\n<p>Puissance physique et capacit\u00e9 \u00e0 casser les premiers rideaux : l&rsquo;ailier n\u00e9o-z\u00e9landais peut basculer au centre pour fournir des m\u00e8tres apr\u00e8s-contact essentiels au jeu toulonnais.<\/p>\n<\/div>\n<div class=\"si-rct-card\">\n<span class=\"si-rct-tag\">Exp\u00e9rience XV de France<\/span><\/p>\n<h4>J\u00e9r\u00e9my Sinzelle<\/h4>\n<p>Profil de leader d\u00e9fensif, Sinzelle apporte une solidit\u00e9 de plaquage et une lecture de l&rsquo;alignement pr\u00e9cieuses dans les matchs serr\u00e9s de phase finale.<\/p>\n<\/div>\n<div class=\"si-rct-card\">\n<span class=\"si-rct-tag\">Joker m\u00e9dical<\/span><\/p>\n<h4>Ma&rsquo;a Nonu<\/h4>\n<p>Double champion du monde All Black de 42 ans, son r\u00f4le sera autant comptable que celui d&rsquo;un mentor dans le vestiaire pour densifier la rotation.<\/p>\n<\/div>\n<\/div>\n<p>Nonu, ancien All Black de 42 ans, revient \u00e0 Toulon apr\u00e8s avoir quitt\u00e9 le club en 2021. Bien qu&rsquo;il ne soit pas l\u00e0 pour remplacer Frisch directement, son exp\u00e9rience et son leadership pourraient jouer un r\u00f4le crucial dans le vestiaire. Mignoni a d\u00e9clar\u00e9 : \u00ab Ma&rsquo;a peut \u00eatre un tr\u00e8s bon suppl\u00e9ant, il jouera un r\u00f4le important dans ce groupe. \u00bb Au-del\u00e0 du temps de jeu effectif, c&rsquo;est la transmission de savoir-faire vers les jeunes Toulonnais qui justifie ce retour, dans une \u00e9quipe o\u00f9 la culture rugby oc\u00e9anienne reste tr\u00e8s pr\u00e9sente.<\/p>\n<h2>Profil d&rsquo;Antoine Frisch : un centre devenu indispensable<\/h2>\n<p>Pour mieux mesurer l&rsquo;ampleur du vide laiss\u00e9 par l&rsquo;international tricolore, voici les trois dimensions qui font de Frisch un joueur si difficile \u00e0 remplacer poste pour poste :<\/p>\n<table class=\"si-rct-table\">\n<thead>\n<tr>\n<th>Dimension<\/th>\n<th>Apport au RCT<\/th>\n<th>Cons\u00e9quence absence<\/th>\n<\/tr>\n<\/thead>\n<tbody>\n<tr>\n<td>D\u00e9fense ligne<\/td>\n<td>Plaqueur de premier rideau, lecture de l&rsquo;attaque adverse<\/td>\n<td>Plus de m\u00e8tres conc\u00e9d\u00e9s en premi\u00e8re main<\/td>\n<\/tr>\n<tr>\n<td>Animation offensive<\/td>\n<td>Combinaisons au large, jeu de passes courtes apr\u00e8s-contact<\/td>\n<td>Sch\u00e9mas d&rsquo;attaque \u00e0 reconstruire<\/td>\n<\/tr>\n<tr>\n<td>Leadership<\/td>\n<td>Voix sur le terrain, communication avec les avants<\/td>\n<td>Charge mentale suppl\u00e9mentaire pour Sinzelle<\/td>\n<\/tr>\n<\/tbody>\n<\/table>\n<h2>Les espoirs de retour de Frisch<\/h2>\n<p>Les supporters gardent espoir de voir Antoine Frisch revenir sur le terrain avant la fin de la saison. Selon les derni\u00e8res informations, il pourrait faire son retour fin mai, juste \u00e0 temps pour les phases finales du Top 14. Cela pourrait \u00eatre un tournant pour le RCT, qui lutte pour se maintenir en t\u00eate du championnat. Les ressources m\u00e9dicales du club, reconnues comme l&rsquo;une des cellules de performance les plus avanc\u00e9es du Top 14, travaillent \u00e0 un protocole de reprise progressif pour \u00e9viter toute rechute.<\/p>\n<p>Avec une deuxi\u00e8me place en championnat et une qualification pour les huiti\u00e8mes de finale de la Champions Cup, les Toulonnais sont en bonne position pour r\u00e9aliser un beau parcours. Cependant, le retour de Frisch serait un v\u00e9ritable coup de pouce pour l&rsquo;\u00e9quipe dans cette phase cruciale. Les supporters et le staff esp\u00e8rent qu&rsquo;il pourra r\u00e9cup\u00e9rer rapidement et contribuer \u00e0 l&rsquo;ambition du club. La fen\u00eatre des phases finales (demi-finales et finale Top 14 fin juin) reste la cible privil\u00e9gi\u00e9e pour un retour \u00e0 100 % de ses capacit\u00e9s, plut\u00f4t qu&rsquo;une reprise h\u00e2tive en saison r\u00e9guli\u00e8re.<\/p>\n<h3>Le calendrier toulonnais des prochaines semaines<\/h3>\n<ul class=\"si-rct-timeline\">\n<li>Mars \u2014 phase r\u00e9guli\u00e8re Top 14, lutte avec Toulouse, Bordeaux et le Stade Fran\u00e7ais pour le Top 6.<\/li>\n<li>Avril \u2014 huiti\u00e8me de finale Champions Cup, \u00e9ch\u00e9ance europ\u00e9enne d\u00e9cisive pour la saison.<\/li>\n<li>Mai \u2014 sprint final championnat, retour potentiel de Frisch en rotation progressive.<\/li>\n<li>Juin \u2014 phases finales Top 14 (barrages, demi-finale, finale au Stade de France).<\/li>\n<\/ul>\n<blockquote class=\"si-rct-quote\"><p>\n\u00ab On ne sait pas si sa saison est termin\u00e9e ou non, mais on esp\u00e8re qu&rsquo;il puisse revenir. \u00bb<br \/>\n<cite>\u2014 Pierre Mignoni, manager du RCT<\/cite>\n<\/p><\/blockquote>\n<h2>Foire aux questions sur l&rsquo;absence de Frisch<\/h2>\n<div class=\"si-rct-faq\">\n<details>\n<summary>Combien de temps Antoine Frisch sera-t-il absent ?<\/summary>\n<p>L&rsquo;indisponibilit\u00e9 est estim\u00e9e \u00e0 plusieurs mois selon Pierre Mignoni, avec un retour potentiel envisag\u00e9 pour la fin mai et les phases finales du Top 14.<\/p>\n<\/details>\n<details>\n<summary>Qui remplace Antoine Frisch au centre toulonnais ?<\/summary>\n<p>Le RCT s&rsquo;appuie principalement sur le duo Leicester Faing&rsquo;a&rsquo;anuku et J\u00e9r\u00e9my Sinzelle, compl\u00e9t\u00e9 par l&rsquo;exp\u00e9rience de Ma&rsquo;a Nonu arriv\u00e9 en joker m\u00e9dical.<\/p>\n<\/details>\n<details>\n<summary>Pourquoi Ma&rsquo;a Nonu signe-t-il \u00e0 Toulon ?<\/summary>\n<p>L&rsquo;ancien All Black de 42 ans, qui avait d\u00e9j\u00e0 \u00e9volu\u00e9 \u00e0 Toulon avant 2021, revient comme joker m\u00e9dical pour densifier la rotation et apporter son leadership au vestiaire.<\/p>\n<\/details>\n<details>\n<summary>Quel est le classement actuel du RCT ?<\/summary>\n<p>Toulon occupe la deuxi\u00e8me place du championnat de Top 14 et est qualifi\u00e9 pour les huiti\u00e8mes de finale de la Champions Cup, ce qui en fait un candidat s\u00e9rieux aux phases finales.<\/p>\n<\/details>\n<details>\n<summary>Frisch peut-il jouer la finale du Top 14 ?<\/summary>\n<p>C&rsquo;est l&rsquo;objectif fix\u00e9 par le staff m\u00e9dical : r\u00e9cup\u00e9rer pleinement pour les barrages, demi-finales et finale de juin, plut\u00f4t que de pr\u00e9cipiter un retour en saison r\u00e9guli\u00e8re.<\/p>\n<\/details>\n<details>\n<summary>Cette blessure impacte-t-elle le XV de France ?<\/summary>\n<p>Antoine Frisch \u00e9tant international tricolore, le s\u00e9lectionneur suit son cas de pr\u00e8s en vue des prochaines \u00e9ch\u00e9ances internationales, mais le club g\u00e8re la priorit\u00e9 absolue \u00e0 son r\u00e9tablissement.<\/p>\n<\/details>\n<\/div>\n<div class=\"si-rct-verdict\">\n<h3>En conclusion<\/h3>\n<ul>\n<li>Une absence longue mais g\u00e9rable : le staff toulonnais a anticip\u00e9 avec un plan B solide centr\u00e9 sur Faing&rsquo;a&rsquo;anuku, Sinzelle et Nonu.<\/li>\n<li>La phase finale comme objectif : tout converge vers un retour de Frisch pour les barrages et demi-finales du Top 14 fin mai-d\u00e9but juin.<\/li>\n<li>Une saison toujours pleine d&rsquo;ambitions : 2e du championnat et qualifi\u00e9 en huiti\u00e8mes europ\u00e9ens, le RCT a les armes pour viser un parcours majeur, m\u00eame sans son centre titulaire pendant plusieurs mois.<\/li>\n<\/ul>\n<\/div>\n<\/div>\n","protected":false},"excerpt":{"rendered":"","protected":false},"author":34,"featured_media":11501,"comment_status":"open","ping_status":"open","sticky":false,"template":"","format":"standard","meta":{"_acf_changed":false,"manual_indexmenow":false,"indexmenow_id_project":0,"footnotes":""},"categories":[1],"tags":[4561,4543,4885,4536,4539],"class_list":["post-11231","post","type-post","status-publish","format-standard","has-post-thumbnail","hentry","category-a-la-une","tag-gestion-des-talents","tag-performance","tag-preparation-mentale","tag-rugby","tag-top-14","generate-columns","tablet-grid-50","mobile-grid-100","grid-parent","grid-25"],"acf":[],"yoast_head":"<!-- This site is optimized with the Yoast SEO Premium plugin v21.3 (Yoast SEO v26.5) - https:\/\/yoast.com\/wordpress\/plugins\/seo\/ -->\n<title>le rct face \u00e0 un d\u00e9fi majeur : l&#039;absence prolong\u00e9e<\/title>\n<meta name=\"description\" content=\"Le RCT traverse une p\u00e9riode d\u00e9licate avec l&#039;absence prolong\u00e9e d&#039;Antoine Frisch, son centre titulaire et international fran\u00e7ais. Voici le d\u00e9cryptage\u2026\" \/>\n<meta name=\"robots\" content=\"index, follow, max-snippet:-1, max-image-preview:large, max-video-preview:-1\" \/>\n<link rel=\"canonical\" href=\"https:\/\/sport-index.fr\/blog\/a-la-une\/le-rct-face-a-un-defi-majeur-labsence-prolongee-dantoine-frisch\/\" \/>\n<meta property=\"og:locale\" content=\"fr_FR\" \/>\n<meta property=\"og:type\" content=\"article\" \/>\n<meta property=\"og:title\" content=\"le rct face \u00e0 un d\u00e9fi majeur : l&#039;absence prolong\u00e9e\" \/>\n<meta property=\"og:description\" content=\"Le RCT traverse une p\u00e9riode d\u00e9licate avec l&#039;absence prolong\u00e9e d&#039;Antoine Frisch, son centre titulaire et international fran\u00e7ais. Voici le d\u00e9cryptage\u2026\" \/>\n<meta property=\"og:url\" content=\"https:\/\/sport-index.fr\/blog\/a-la-une\/le-rct-face-a-un-defi-majeur-labsence-prolongee-dantoine-frisch\/\" \/>\n<meta property=\"og:site_name\" content=\"sport-index\" \/>\n<meta name=\"author\" content=\"Axel Lauzier\" \/>\n<meta name=\"twitter:card\" content=\"summary_large_image\" \/>\n<script type=\"application\/ld+json\" class=\"yoast-schema-graph\">{\"@context\":\"https:\/\/schema.org\",\"@graph\":[{\"@type\":\"NewsArticle\",\"@id\":\"https:\/\/sport-index.fr\/blog\/a-la-une\/le-rct-face-a-un-defi-majeur-labsence-prolongee-dantoine-frisch\/#article\",\"isPartOf\":{\"@id\":\"https:\/\/sport-index.fr\/blog\/a-la-une\/le-rct-face-a-un-defi-majeur-labsence-prolongee-dantoine-frisch\/\"},\"author\":{\"name\":\"Axel Lauzier\",\"@id\":\"https:\/\/sport-index.fr\/blog\/#\/schema\/person\/3c864cdc320801e3db34b663e7e3f816\"},\"headline\":\"le rct face \u00e0 un d\u00e9fi majeur : l&rsquo;absence prolong\u00e9e d&rsquo;antoine frisch\",\"datePublished\":\"2026-06-16T12:48:56+00:00\",\"mainEntityOfPage\":{\"@id\":\"https:\/\/sport-index.fr\/blog\/a-la-une\/le-rct-face-a-un-defi-majeur-labsence-prolongee-dantoine-frisch\/\"},\"wordCount\":1391,\"commentCount\":21,\"publisher\":{\"@id\":\"https:\/\/sport-index.fr\/blog\/#organization\"},\"image\":{\"@id\":\"https:\/\/sport-index.fr\/blog\/a-la-une\/le-rct-face-a-un-defi-majeur-labsence-prolongee-dantoine-frisch\/#primaryimage\"},\"thumbnailUrl\":\"https:\/\/sport-index.fr\/blog\/wp-content\/uploads\/2025\/02\/sdxl-dc60a351518cfa6b91cb72a472818f9e.png\",\"keywords\":[\"Gestion des Talents\",\"Performance\",\"Pr\u00e9paration Mentale\",\"Rugby\",\"Top 14\"],\"articleSection\":[\"\u00c0 la une\"],\"inLanguage\":\"fr-FR\",\"potentialAction\":[{\"@type\":\"CommentAction\",\"name\":\"Comment\",\"target\":[\"https:\/\/sport-index.fr\/blog\/a-la-une\/le-rct-face-a-un-defi-majeur-labsence-prolongee-dantoine-frisch\/#respond\"]}]},{\"@type\":\"WebPage\",\"@id\":\"https:\/\/sport-index.fr\/blog\/a-la-une\/le-rct-face-a-un-defi-majeur-labsence-prolongee-dantoine-frisch\/\",\"url\":\"https:\/\/sport-index.fr\/blog\/a-la-une\/le-rct-face-a-un-defi-majeur-labsence-prolongee-dantoine-frisch\/\",\"name\":\"le rct face \u00e0 un d\u00e9fi majeur : l'absence prolong\u00e9e\",\"isPartOf\":{\"@id\":\"https:\/\/sport-index.fr\/blog\/#website\"},\"primaryImageOfPage\":{\"@id\":\"https:\/\/sport-index.fr\/blog\/a-la-une\/le-rct-face-a-un-defi-majeur-labsence-prolongee-dantoine-frisch\/#primaryimage\"},\"image\":{\"@id\":\"https:\/\/sport-index.fr\/blog\/a-la-une\/le-rct-face-a-un-defi-majeur-labsence-prolongee-dantoine-frisch\/#primaryimage\"},\"thumbnailUrl\":\"https:\/\/sport-index.fr\/blog\/wp-content\/uploads\/2025\/02\/sdxl-dc60a351518cfa6b91cb72a472818f9e.png\",\"datePublished\":\"2026-06-16T12:48:56+00:00\",\"description\":\"Le RCT traverse une p\u00e9riode d\u00e9licate avec l'absence prolong\u00e9e d'Antoine Frisch, son centre titulaire et international fran\u00e7ais. Voici le d\u00e9cryptage\u2026\",\"inLanguage\":\"fr-FR\",\"potentialAction\":[{\"@type\":\"ReadAction\",\"target\":[\"https:\/\/sport-index.fr\/blog\/a-la-une\/le-rct-face-a-un-defi-majeur-labsence-prolongee-dantoine-frisch\/\"]}]},{\"@type\":\"ImageObject\",\"inLanguage\":\"fr-FR\",\"@id\":\"https:\/\/sport-index.fr\/blog\/a-la-une\/le-rct-face-a-un-defi-majeur-labsence-prolongee-dantoine-frisch\/#primaryimage\",\"url\":\"https:\/\/sport-index.fr\/blog\/wp-content\/uploads\/2025\/02\/sdxl-dc60a351518cfa6b91cb72a472818f9e.png\",\"contentUrl\":\"https:\/\/sport-index.fr\/blog\/wp-content\/uploads\/2025\/02\/sdxl-dc60a351518cfa6b91cb72a472818f9e.png\",\"width\":1536,\"height\":640},{\"@type\":\"WebSite\",\"@id\":\"https:\/\/sport-index.fr\/blog\/#website\",\"url\":\"https:\/\/sport-index.fr\/blog\/\",\"name\":\"sport-index.fr\",\"description\":\"Le score de l\u2019analyse sportive.\",\"publisher\":{\"@id\":\"https:\/\/sport-index.fr\/blog\/#organization\"},\"alternateName\":\"Le score de l\u2019analyse sportive.\",\"potentialAction\":[{\"@type\":\"SearchAction\",\"target\":{\"@type\":\"EntryPoint\",\"urlTemplate\":\"https:\/\/sport-index.fr\/blog\/?s={search_term_string}\"},\"query-input\":{\"@type\":\"PropertyValueSpecification\",\"valueRequired\":true,\"valueName\":\"search_term_string\"}}],\"inLanguage\":\"fr-FR\"},{\"@type\":\"Organization\",\"@id\":\"https:\/\/sport-index.fr\/blog\/#organization\",\"name\":\"Foretsensations.fr\",\"url\":\"https:\/\/sport-index.fr\/blog\/\",\"logo\":{\"@type\":\"ImageObject\",\"inLanguage\":\"fr-FR\",\"@id\":\"https:\/\/sport-index.fr\/blog\/#\/schema\/logo\/image\/\",\"url\":\"https:\/\/sport-index.fr\/blog\/wp-content\/uploads\/2026\/07\/logo-auto.png\",\"contentUrl\":\"https:\/\/sport-index.fr\/blog\/wp-content\/uploads\/2026\/07\/logo-auto.png\",\"width\":1024,\"height\":1024,\"caption\":\"Foretsensations.fr\"},\"image\":{\"@id\":\"https:\/\/sport-index.fr\/blog\/#\/schema\/logo\/image\/\"}},{\"@type\":\"Person\",\"@id\":\"https:\/\/sport-index.fr\/blog\/#\/schema\/person\/3c864cdc320801e3db34b663e7e3f816\",\"name\":\"Axel Lauzier\",\"image\":{\"@type\":\"ImageObject\",\"inLanguage\":\"fr-FR\",\"@id\":\"https:\/\/sport-index.fr\/blog\/#\/schema\/person\/image\/\",\"url\":\"https:\/\/sport-index.fr\/blog\/wp-content\/uploads\/2026\/06\/persona_axel-l-96x96.jpg\",\"contentUrl\":\"https:\/\/sport-index.fr\/blog\/wp-content\/uploads\/2026\/06\/persona_axel-l-96x96.jpg\",\"caption\":\"Axel Lauzier\"},\"description\":\"Le sport rythme mon quotidien depuis l'enfance, et j'en ai fait mon m\u00e9tier d'analyste r\u00e9dactionnel il y a une dizaine d'ann\u00e9es. Je couvre principalement le football, son actualit\u00e9, ses transferts et l'analyse tactique des grandes affiches, mais aussi les disciplines plus confidentielles que j'aime remettre en lumi\u00e8re. Une partie de mon travail porte sur les pronostics et la lecture statistique d'un match : forme des \u00e9quipes, historique des confrontations, compositions, sans jamais vendre de fausse certitude. Je rappelle syst\u00e9matiquement que parier comporte un risque et doit rester un loisir ma\u00eetris\u00e9. Avant de signer une analyse, je v\u00e9rifie mes chiffres, je recoupe les compositions probables et je distingue toujours la donn\u00e9e brute de l'intuition. Mon objectif : offrir une lecture honn\u00eate et argument\u00e9e, pas un ticket gagnant garanti.\",\"sameAs\":[\"https:\/\/axellauzier.fr\/\"],\"url\":\"https:\/\/sport-index.fr\/blog\/auteur\/noname\/\"}]}<\/script>\n<!-- \/ Yoast SEO Premium plugin. -->","yoast_head_json":{"title":"le rct face \u00e0 un d\u00e9fi majeur : l'absence prolong\u00e9e","description":"Le RCT traverse une p\u00e9riode d\u00e9licate avec l'absence prolong\u00e9e d'Antoine Frisch, son centre titulaire et international fran\u00e7ais. Voici le d\u00e9cryptage\u2026","robots":{"index":"index","follow":"follow","max-snippet":"max-snippet:-1","max-image-preview":"max-image-preview:large","max-video-preview":"max-video-preview:-1"},"canonical":"https:\/\/sport-index.fr\/blog\/a-la-une\/le-rct-face-a-un-defi-majeur-labsence-prolongee-dantoine-frisch\/","og_locale":"fr_FR","og_type":"article","og_title":"le rct face \u00e0 un d\u00e9fi majeur : l'absence prolong\u00e9e","og_description":"Le RCT traverse une p\u00e9riode d\u00e9licate avec l'absence prolong\u00e9e d'Antoine Frisch, son centre titulaire et international fran\u00e7ais. Voici le d\u00e9cryptage\u2026","og_url":"https:\/\/sport-index.fr\/blog\/a-la-une\/le-rct-face-a-un-defi-majeur-labsence-prolongee-dantoine-frisch\/","og_site_name":"sport-index","author":"Axel Lauzier","twitter_card":"summary_large_image","schema":{"@context":"https:\/\/schema.org","@graph":[{"@type":"NewsArticle","@id":"https:\/\/sport-index.fr\/blog\/a-la-une\/le-rct-face-a-un-defi-majeur-labsence-prolongee-dantoine-frisch\/#article","isPartOf":{"@id":"https:\/\/sport-index.fr\/blog\/a-la-une\/le-rct-face-a-un-defi-majeur-labsence-prolongee-dantoine-frisch\/"},"author":{"name":"Axel Lauzier","@id":"https:\/\/sport-index.fr\/blog\/#\/schema\/person\/3c864cdc320801e3db34b663e7e3f816"},"headline":"le rct face \u00e0 un d\u00e9fi majeur : l&rsquo;absence prolong\u00e9e d&rsquo;antoine frisch","datePublished":"2026-06-16T12:48:56+00:00","mainEntityOfPage":{"@id":"https:\/\/sport-index.fr\/blog\/a-la-une\/le-rct-face-a-un-defi-majeur-labsence-prolongee-dantoine-frisch\/"},"wordCount":1391,"commentCount":21,"publisher":{"@id":"https:\/\/sport-index.fr\/blog\/#organization"},"image":{"@id":"https:\/\/sport-index.fr\/blog\/a-la-une\/le-rct-face-a-un-defi-majeur-labsence-prolongee-dantoine-frisch\/#primaryimage"},"thumbnailUrl":"https:\/\/sport-index.fr\/blog\/wp-content\/uploads\/2025\/02\/sdxl-dc60a351518cfa6b91cb72a472818f9e.png","keywords":["Gestion des Talents","Performance","Pr\u00e9paration Mentale","Rugby","Top 14"],"articleSection":["\u00c0 la une"],"inLanguage":"fr-FR","potentialAction":[{"@type":"CommentAction","name":"Comment","target":["https:\/\/sport-index.fr\/blog\/a-la-une\/le-rct-face-a-un-defi-majeur-labsence-prolongee-dantoine-frisch\/#respond"]}]},{"@type":"WebPage","@id":"https:\/\/sport-index.fr\/blog\/a-la-une\/le-rct-face-a-un-defi-majeur-labsence-prolongee-dantoine-frisch\/","url":"https:\/\/sport-index.fr\/blog\/a-la-une\/le-rct-face-a-un-defi-majeur-labsence-prolongee-dantoine-frisch\/","name":"le rct face \u00e0 un d\u00e9fi majeur : l'absence prolong\u00e9e","isPartOf":{"@id":"https:\/\/sport-index.fr\/blog\/#website"},"primaryImageOfPage":{"@id":"https:\/\/sport-index.fr\/blog\/a-la-une\/le-rct-face-a-un-defi-majeur-labsence-prolongee-dantoine-frisch\/#primaryimage"},"image":{"@id":"https:\/\/sport-index.fr\/blog\/a-la-une\/le-rct-face-a-un-defi-majeur-labsence-prolongee-dantoine-frisch\/#primaryimage"},"thumbnailUrl":"https:\/\/sport-index.fr\/blog\/wp-content\/uploads\/2025\/02\/sdxl-dc60a351518cfa6b91cb72a472818f9e.png","datePublished":"2026-06-16T12:48:56+00:00","description":"Le RCT traverse une p\u00e9riode d\u00e9licate avec l'absence prolong\u00e9e d'Antoine Frisch, son centre titulaire et international fran\u00e7ais. Voici le d\u00e9cryptage\u2026","inLanguage":"fr-FR","potentialAction":[{"@type":"ReadAction","target":["https:\/\/sport-index.fr\/blog\/a-la-une\/le-rct-face-a-un-defi-majeur-labsence-prolongee-dantoine-frisch\/"]}]},{"@type":"ImageObject","inLanguage":"fr-FR","@id":"https:\/\/sport-index.fr\/blog\/a-la-une\/le-rct-face-a-un-defi-majeur-labsence-prolongee-dantoine-frisch\/#primaryimage","url":"https:\/\/sport-index.fr\/blog\/wp-content\/uploads\/2025\/02\/sdxl-dc60a351518cfa6b91cb72a472818f9e.png","contentUrl":"https:\/\/sport-index.fr\/blog\/wp-content\/uploads\/2025\/02\/sdxl-dc60a351518cfa6b91cb72a472818f9e.png","width":1536,"height":640},{"@type":"WebSite","@id":"https:\/\/sport-index.fr\/blog\/#website","url":"https:\/\/sport-index.fr\/blog\/","name":"sport-index.fr","description":"Le score de l\u2019analyse sportive.","publisher":{"@id":"https:\/\/sport-index.fr\/blog\/#organization"},"alternateName":"Le score de l\u2019analyse sportive.","potentialAction":[{"@type":"SearchAction","target":{"@type":"EntryPoint","urlTemplate":"https:\/\/sport-index.fr\/blog\/?s={search_term_string}"},"query-input":{"@type":"PropertyValueSpecification","valueRequired":true,"valueName":"search_term_string"}}],"inLanguage":"fr-FR"},{"@type":"Organization","@id":"https:\/\/sport-index.fr\/blog\/#organization","name":"Foretsensations.fr","url":"https:\/\/sport-index.fr\/blog\/","logo":{"@type":"ImageObject","inLanguage":"fr-FR","@id":"https:\/\/sport-index.fr\/blog\/#\/schema\/logo\/image\/","url":"https:\/\/sport-index.fr\/blog\/wp-content\/uploads\/2026\/07\/logo-auto.png","contentUrl":"https:\/\/sport-index.fr\/blog\/wp-content\/uploads\/2026\/07\/logo-auto.png","width":1024,"height":1024,"caption":"Foretsensations.fr"},"image":{"@id":"https:\/\/sport-index.fr\/blog\/#\/schema\/logo\/image\/"}},{"@type":"Person","@id":"https:\/\/sport-index.fr\/blog\/#\/schema\/person\/3c864cdc320801e3db34b663e7e3f816","name":"Axel Lauzier","image":{"@type":"ImageObject","inLanguage":"fr-FR","@id":"https:\/\/sport-index.fr\/blog\/#\/schema\/person\/image\/","url":"https:\/\/sport-index.fr\/blog\/wp-content\/uploads\/2026\/06\/persona_axel-l-96x96.jpg","contentUrl":"https:\/\/sport-index.fr\/blog\/wp-content\/uploads\/2026\/06\/persona_axel-l-96x96.jpg","caption":"Axel Lauzier"},"description":"Le sport rythme mon quotidien depuis l'enfance, et j'en ai fait mon m\u00e9tier d'analyste r\u00e9dactionnel il y a une dizaine d'ann\u00e9es. Je couvre principalement le football, son actualit\u00e9, ses transferts et l'analyse tactique des grandes affiches, mais aussi les disciplines plus confidentielles que j'aime remettre en lumi\u00e8re. Une partie de mon travail porte sur les pronostics et la lecture statistique d'un match : forme des \u00e9quipes, historique des confrontations, compositions, sans jamais vendre de fausse certitude. Je rappelle syst\u00e9matiquement que parier comporte un risque et doit rester un loisir ma\u00eetris\u00e9. Avant de signer une analyse, je v\u00e9rifie mes chiffres, je recoupe les compositions probables et je distingue toujours la donn\u00e9e brute de l'intuition. Mon objectif : offrir une lecture honn\u00eate et argument\u00e9e, pas un ticket gagnant garanti.","sameAs":["https:\/\/axellauzier.fr\/"],"url":"https:\/\/sport-index.fr\/blog\/auteur\/noname\/"}]}},"_links":{"self":[{"href":"https:\/\/sport-index.fr\/blog\/wp-json\/wp\/v2\/posts\/11231","targetHints":{"allow":["GET"]}}],"collection":[{"href":"https:\/\/sport-index.fr\/blog\/wp-json\/wp\/v2\/posts"}],"about":[{"href":"https:\/\/sport-index.fr\/blog\/wp-json\/wp\/v2\/types\/post"}],"author":[{"embeddable":true,"href":"https:\/\/sport-index.fr\/blog\/wp-json\/wp\/v2\/users\/34"}],"replies":[{"embeddable":true,"href":"https:\/\/sport-index.fr\/blog\/wp-json\/wp\/v2\/comments?post=11231"}],"version-history":[{"count":3,"href":"https:\/\/sport-index.fr\/blog\/wp-json\/wp\/v2\/posts\/11231\/revisions"}],"predecessor-version":[{"id":18203,"href":"https:\/\/sport-index.fr\/blog\/wp-json\/wp\/v2\/posts\/11231\/revisions\/18203"}],"wp:featuredmedia":[{"embeddable":true,"href":"https:\/\/sport-index.fr\/blog\/wp-json\/wp\/v2\/media\/11501"}],"wp:attachment":[{"href":"https:\/\/sport-index.fr\/blog\/wp-json\/wp\/v2\/media?parent=11231"}],"wp:term":[{"taxonomy":"category","embeddable":true,"href":"https:\/\/sport-index.fr\/blog\/wp-json\/wp\/v2\/categories?post=11231"},{"taxonomy":"post_tag","embeddable":true,"href":"https:\/\/sport-index.fr\/blog\/wp-json\/wp\/v2\/tags?post=11231"}],"curies":[{"name":"wp","href":"https:\/\/api.w.org\/{rel}","templated":true}]}}