{"id":11335,"date":"2026-09-02T09:39:17","date_gmt":"2026-09-02T07:39:17","guid":{"rendered":"https:\/\/sport-index.fr\/blog\/?p=11335"},"modified":"2026-09-02T09:40:15","modified_gmt":"2026-09-02T07:40:15","slug":"warren-barguil-retour-sur-un-exploit-mythique-et-levolution-du-cyclisme-moderne","status":"publish","type":"post","link":"https:\/\/sport-index.fr\/blog\/a-la-une\/warren-barguil-retour-sur-un-exploit-mythique-et-levolution-du-cyclisme-moderne\/","title":{"rendered":"Warren Barguil : retour sur un exploit mythique et l&rsquo;\u00e9volution du cyclisme moderne"},"content":{"rendered":"<h2>Un exploit confirm\u00e9 : la victoire en solitaire au sommet de l&rsquo;Izoard (Tour de France 2017)<\/h2>\n<p>Warren Barguil, coureur fran\u00e7ais n\u00e9 en 1991, a marqu\u00e9 le Tour de France 2017 en remportant deux \u00e9tapes sous le maillot de la Team Sunweb. La premi\u00e8re victoire est survenue le 14 juillet, jour de la f\u00eate nationale, au sprint \u00e0 Foix, devant Nairo Quintana, Alberto Contador et Mikel Landa.<br \/>\nLa seconde, celle rest\u00e9e dans les m\u00e9moires, a eu lieu le 20 juillet 2017 sur la 18e \u00e9tape, entre Brian\u00e7on et le col d&rsquo;Izoard (179,5 km) : c&rsquo;\u00e9tait la premi\u00e8re arriv\u00e9e d&rsquo;\u00e9tape jamais jug\u00e9e au sommet de ce col dans l&rsquo;histoire du Tour. Dernier rescap\u00e9 d&rsquo;une \u00e9chapp\u00e9e, Barguil a repris et l\u00e2ch\u00e9 Darwin Atapuma \u00e0 3 km de l&rsquo;arriv\u00e9e pour s&rsquo;imposer en solitaire, avec 20 secondes d&rsquo;avance. Cette double victoire d&rsquo;\u00e9tape lui a assur\u00e9 le maillot \u00e0 pois de meilleur grimpeur (169 points, doubl\u00e9s sur l&rsquo;Izoard) ainsi que le prix de la combativit\u00e9, puis le prix de la super-combativit\u00e9 \u00e0 l&rsquo;arriv\u00e9e \u00e0 Paris. Il avait termin\u00e9 ce Tour 2017 \u00e0 la 10e place du classement g\u00e9n\u00e9ral.<\/p>\n<h2>Ce que Barguil dit aujourd&rsquo;hui du niveau de la course<\/h2>\n<p>Le 25 f\u00e9vrier 2025, alors sous le maillot de Picnic PostNL, Warren Barguil s&rsquo;est exprim\u00e9 dans l&rsquo;\u00e9mission \u00ab Bistrot V\u00e9lo \u00bb (Eurosport, diffus\u00e9e chaque lundi \u00e0 18h sur MAX et YouTube). Il n&rsquo;est plus positionn\u00e9 parmi les meilleurs grimpeurs du peloton, mais assure ne pas avoir significativement r\u00e9gress\u00e9 : selon lui, c&rsquo;est le niveau de la concurrence qui a chang\u00e9.<br \/>\nSa formule, reprise dans le titre m\u00eame de l&rsquo;interview, r\u00e9sume la comparaison qu&rsquo;il \u00e9tablit avec sa propre performance de 2017 :<\/p>\n<blockquote><p>\n\u00ab\u00a0Mon 6 watts\/kg de l&rsquo;Izoard en 2017, maintenant, c&rsquo;est le tempo de l&rsquo;avant-dernier col.\u00a0\u00bb\n<\/p><\/blockquote>\n<p>Autrement dit : la puissance qui lui avait permis de gagner en solitaire au sommet de l&rsquo;Izoard en 2017 ne suffirait aujourd&rsquo;hui, selon lui, qu&rsquo;\u00e0 rouler au rythme des derniers du groupe sur une ascension comparable \u2014 signe, dans son propre t\u00e9moignage, d&rsquo;une hausse g\u00e9n\u00e9rale du niveau plut\u00f4t que d&rsquo;un d\u00e9clin personnel. Il compl\u00e8te ce constat par une seconde formule, dans la m\u00eame interview :<\/p>\n<blockquote><p>\n\u00ab\u00a0Warren Barguil : le niveau (de la concurrence) n&rsquo;est plus du tout le m\u00eame.\u00a0\u00bb\n<\/p><\/blockquote>\n<p><iframe loading=\"lazy\" title=\"\ud83d\ude10 Sous les hu\u00e9es, Geraint Thomas change de casque et de v\u00e9lo #shorts #shortsvideo #cycling #giro\" width=\"1200\" height=\"900\" src=\"https:\/\/www.youtube.com\/embed\/6meE-GMCJOU?feature=oembed\" frameborder=\"0\" allow=\"accelerometer; autoplay; clipboard-write; encrypted-media; gyroscope; picture-in-picture; web-share\" referrerpolicy=\"strict-origin-when-cross-origin\" allowfullscreen><\/iframe><br \/>\n<em>Remarque \u00e9ditoriale : cette vid\u00e9o YouTube associ\u00e9e \u00e0 l&rsquo;article montre un extrait Eurosport consacr\u00e9 \u00e0 Geraint Thomas lors du Giro, sans rapport avec Warren Barguil ou le Tour de France 2017 \u2014 elle provient d&rsquo;un module d&rsquo;illustration automatique et est laiss\u00e9e ici sans modification.<\/em><\/p>\n<h2>Depuis, dix-huit mois ont pass\u00e9<\/h2>\n<p>Au moment de cette interview (f\u00e9vrier 2025), Warren Barguil courait sous les couleurs de Picnic PostNL. Voici ce qu&rsquo;il a fait depuis, sur la base des r\u00e9sultats officiels :<\/p>\n<ul>\n<li><strong>Saison 2025<\/strong> : 10e \u00e0 Eschborn-Francfort ; 23e du Tour de France 2025, son meilleur classement g\u00e9n\u00e9ral au Tour depuis plusieurs saisons.<\/li>\n<li><strong>Saison 2026<\/strong> : 57e du Tour d&rsquo;Italie ; 87e du Tour de France 2026, sans avoir pu peser sur la course.<\/li>\n<li>\u00c0 l&rsquo;arriv\u00e9e de la 20e \u00e9tape du Tour de France 2026, il a confi\u00e9 aux journalistes qu&rsquo;il s&rsquo;agissait peut-\u00eatre de sa derni\u00e8re \u00e9tape de montagne sur le Tour (Ouest-France, 25\/07\/2026 ; Le T\u00e9l\u00e9gramme, 26\/07\/2026).<\/li>\n<\/ul>\n<p>\u00c0 la date du 2 septembre 2026, Warren Barguil n&rsquo;a annonc\u00e9 aucune retraite officielle, mais \u00e9voque d\u00e9sormais ouvertement la possibilit\u00e9 d&rsquo;avoir disput\u00e9 son dernier Tour de France.<img decoding=\"async\" width=\"1024\" height=\"576\" src=\"https:\/\/sport-index.fr\/blog\/wp-content\/uploads\/2025\/02\/stability-warren-barguil-retour-sur-un-exploit-mythique-et-levolution-du-cyclisme-moderne-1.png\" class=\"aligncenter\" alt=\"Illustration d\u00e9taill\u00e9e sur warren barguil : retour sur un exploit mythique et l&#039;\u00e9volution du cyclisme moderne\" title=\"warren barguil : retour sur un exploit mythique et l&#039;\u00e9volution du cyclisme moderne\" loading=\"lazy\" \/><\/p>\n","protected":false},"excerpt":{"rendered":"","protected":false},"author":34,"featured_media":11336,"comment_status":"open","ping_status":"open","sticky":false,"template":"","format":"standard","meta":{"_acf_changed":false,"manual_indexmenow":false,"indexmenow_id_project":0,"footnotes":""},"categories":[1],"tags":[4745,4559],"class_list":["post-11335","post","type-post","status-publish","format-standard","has-post-thumbnail","hentry","category-a-la-une","tag-competition","tag-cyclisme","generate-columns","tablet-grid-50","mobile-grid-100","grid-parent","grid-25"],"acf":[],"yoast_head":"<!-- This site is optimized with the Yoast SEO Premium plugin v21.3 (Yoast SEO v26.5) - https:\/\/yoast.com\/wordpress\/plugins\/seo\/ -->\n<title>Warren Barguil : retour sur un exploit mythique et l&#039;\u00e9volution du cyclisme moderne<\/title>\n<meta name=\"description\" content=\"Retour sur la victoire en solitaire de Warren Barguil au sommet de l&#039;Izoard (Tour de France 2017) et sur l&#039;\u00e9volution du niveau qu&#039;il \u00e9voque en 2025.\" \/>\n<meta name=\"robots\" content=\"index, follow, max-snippet:-1, max-image-preview:large, max-video-preview:-1\" \/>\n<link rel=\"canonical\" href=\"https:\/\/sport-index.fr\/blog\/a-la-une\/warren-barguil-retour-sur-un-exploit-mythique-et-levolution-du-cyclisme-moderne\/\" \/>\n<meta property=\"og:locale\" content=\"fr_FR\" \/>\n<meta property=\"og:type\" content=\"article\" \/>\n<meta property=\"og:title\" content=\"Warren Barguil : retour sur un exploit mythique et l&#039;\u00e9volution du cyclisme moderne\" \/>\n<meta property=\"og:description\" content=\"Retour sur la victoire en solitaire de Warren Barguil au sommet de l&#039;Izoard (Tour de France 2017) et sur l&#039;\u00e9volution du niveau qu&#039;il \u00e9voque en 2025.\" \/>\n<meta property=\"og:url\" content=\"https:\/\/sport-index.fr\/blog\/a-la-une\/warren-barguil-retour-sur-un-exploit-mythique-et-levolution-du-cyclisme-moderne\/\" \/>\n<meta property=\"og:site_name\" content=\"sport-index\" \/>\n<meta property=\"og:image\" content=\"https:\/\/sport-index.fr\/blog\/wp-content\/uploads\/2025\/02\/stability-warren-barguil-retour-sur-un-exploit-mythique-et-levolution-du-cyclisme-moderne.png\" \/>\n\t<meta property=\"og:image:width\" content=\"1024\" \/>\n\t<meta property=\"og:image:height\" content=\"576\" \/>\n\t<meta property=\"og:image:type\" content=\"image\/png\" \/>\n<meta name=\"author\" content=\"Axel Lauzier\" \/>\n<meta name=\"twitter:card\" content=\"summary_large_image\" \/>\n<script type=\"application\/ld+json\" class=\"yoast-schema-graph\">{\"@context\":\"https:\/\/schema.org\",\"@graph\":[{\"@type\":\"NewsArticle\",\"@id\":\"https:\/\/sport-index.fr\/blog\/a-la-une\/warren-barguil-retour-sur-un-exploit-mythique-et-levolution-du-cyclisme-moderne\/#article\",\"isPartOf\":{\"@id\":\"https:\/\/sport-index.fr\/blog\/a-la-une\/warren-barguil-retour-sur-un-exploit-mythique-et-levolution-du-cyclisme-moderne\/\"},\"author\":{\"name\":\"Axel Lauzier\",\"@id\":\"https:\/\/sport-index.fr\/blog\/#\/schema\/person\/3c864cdc320801e3db34b663e7e3f816\"},\"headline\":\"Warren Barguil : retour sur un exploit mythique et l&rsquo;\u00e9volution du cyclisme moderne\",\"datePublished\":\"2026-09-02T07:39:17+00:00\",\"dateModified\":\"2026-09-02T07:40:15+00:00\",\"mainEntityOfPage\":{\"@id\":\"https:\/\/sport-index.fr\/blog\/a-la-une\/warren-barguil-retour-sur-un-exploit-mythique-et-levolution-du-cyclisme-moderne\/\"},\"wordCount\":588,\"commentCount\":19,\"publisher\":{\"@id\":\"https:\/\/sport-index.fr\/blog\/#organization\"},\"image\":{\"@id\":\"https:\/\/sport-index.fr\/blog\/a-la-une\/warren-barguil-retour-sur-un-exploit-mythique-et-levolution-du-cyclisme-moderne\/#primaryimage\"},\"thumbnailUrl\":\"https:\/\/sport-index.fr\/blog\/wp-content\/uploads\/2025\/02\/stability-warren-barguil-retour-sur-un-exploit-mythique-et-levolution-du-cyclisme-moderne.png\",\"keywords\":[\"Comp\u00e9tition\",\"Cyclisme\"],\"articleSection\":[\"\u00c0 la une\"],\"inLanguage\":\"fr-FR\",\"potentialAction\":[{\"@type\":\"CommentAction\",\"name\":\"Comment\",\"target\":[\"https:\/\/sport-index.fr\/blog\/a-la-une\/warren-barguil-retour-sur-un-exploit-mythique-et-levolution-du-cyclisme-moderne\/#respond\"]}]},{\"@type\":\"WebPage\",\"@id\":\"https:\/\/sport-index.fr\/blog\/a-la-une\/warren-barguil-retour-sur-un-exploit-mythique-et-levolution-du-cyclisme-moderne\/\",\"url\":\"https:\/\/sport-index.fr\/blog\/a-la-une\/warren-barguil-retour-sur-un-exploit-mythique-et-levolution-du-cyclisme-moderne\/\",\"name\":\"Warren Barguil : retour sur un exploit mythique et l'\u00e9volution du cyclisme moderne\",\"isPartOf\":{\"@id\":\"https:\/\/sport-index.fr\/blog\/#website\"},\"primaryImageOfPage\":{\"@id\":\"https:\/\/sport-index.fr\/blog\/a-la-une\/warren-barguil-retour-sur-un-exploit-mythique-et-levolution-du-cyclisme-moderne\/#primaryimage\"},\"image\":{\"@id\":\"https:\/\/sport-index.fr\/blog\/a-la-une\/warren-barguil-retour-sur-un-exploit-mythique-et-levolution-du-cyclisme-moderne\/#primaryimage\"},\"thumbnailUrl\":\"https:\/\/sport-index.fr\/blog\/wp-content\/uploads\/2025\/02\/stability-warren-barguil-retour-sur-un-exploit-mythique-et-levolution-du-cyclisme-moderne.png\",\"datePublished\":\"2026-09-02T07:39:17+00:00\",\"dateModified\":\"2026-09-02T07:40:15+00:00\",\"description\":\"Retour sur la victoire en solitaire de Warren Barguil au sommet de l'Izoard (Tour de France 2017) et sur l'\u00e9volution du niveau qu'il \u00e9voque en 2025.\",\"inLanguage\":\"fr-FR\",\"potentialAction\":[{\"@type\":\"ReadAction\",\"target\":[\"https:\/\/sport-index.fr\/blog\/a-la-une\/warren-barguil-retour-sur-un-exploit-mythique-et-levolution-du-cyclisme-moderne\/\"]}]},{\"@type\":\"ImageObject\",\"inLanguage\":\"fr-FR\",\"@id\":\"https:\/\/sport-index.fr\/blog\/a-la-une\/warren-barguil-retour-sur-un-exploit-mythique-et-levolution-du-cyclisme-moderne\/#primaryimage\",\"url\":\"https:\/\/sport-index.fr\/blog\/wp-content\/uploads\/2025\/02\/stability-warren-barguil-retour-sur-un-exploit-mythique-et-levolution-du-cyclisme-moderne.png\",\"contentUrl\":\"https:\/\/sport-index.fr\/blog\/wp-content\/uploads\/2025\/02\/stability-warren-barguil-retour-sur-un-exploit-mythique-et-levolution-du-cyclisme-moderne.png\",\"width\":1024,\"height\":576},{\"@type\":\"WebSite\",\"@id\":\"https:\/\/sport-index.fr\/blog\/#website\",\"url\":\"https:\/\/sport-index.fr\/blog\/\",\"name\":\"sport-index.fr\",\"description\":\"Le score de l\u2019analyse sportive.\",\"publisher\":{\"@id\":\"https:\/\/sport-index.fr\/blog\/#organization\"},\"alternateName\":\"Le score de l\u2019analyse sportive.\",\"potentialAction\":[{\"@type\":\"SearchAction\",\"target\":{\"@type\":\"EntryPoint\",\"urlTemplate\":\"https:\/\/sport-index.fr\/blog\/?s={search_term_string}\"},\"query-input\":{\"@type\":\"PropertyValueSpecification\",\"valueRequired\":true,\"valueName\":\"search_term_string\"}}],\"inLanguage\":\"fr-FR\"},{\"@type\":\"Organization\",\"@id\":\"https:\/\/sport-index.fr\/blog\/#organization\",\"name\":\"Foretsensations.fr\",\"url\":\"https:\/\/sport-index.fr\/blog\/\",\"logo\":{\"@type\":\"ImageObject\",\"inLanguage\":\"fr-FR\",\"@id\":\"https:\/\/sport-index.fr\/blog\/#\/schema\/logo\/image\/\",\"url\":\"https:\/\/sport-index.fr\/blog\/wp-content\/uploads\/2026\/07\/logo-auto.png\",\"contentUrl\":\"https:\/\/sport-index.fr\/blog\/wp-content\/uploads\/2026\/07\/logo-auto.png\",\"width\":1024,\"height\":1024,\"caption\":\"Foretsensations.fr\"},\"image\":{\"@id\":\"https:\/\/sport-index.fr\/blog\/#\/schema\/logo\/image\/\"}},{\"@type\":\"Person\",\"@id\":\"https:\/\/sport-index.fr\/blog\/#\/schema\/person\/3c864cdc320801e3db34b663e7e3f816\",\"name\":\"Axel Lauzier\",\"image\":{\"@type\":\"ImageObject\",\"inLanguage\":\"fr-FR\",\"@id\":\"https:\/\/sport-index.fr\/blog\/#\/schema\/person\/image\/\",\"url\":\"https:\/\/sport-index.fr\/blog\/wp-content\/uploads\/2026\/06\/persona_axel-l-96x96.jpg\",\"contentUrl\":\"https:\/\/sport-index.fr\/blog\/wp-content\/uploads\/2026\/06\/persona_axel-l-96x96.jpg\",\"caption\":\"Axel Lauzier\"},\"description\":\"Le sport rythme mon quotidien depuis l'enfance, et j'en ai fait mon m\u00e9tier d'analyste r\u00e9dactionnel il y a une dizaine d'ann\u00e9es. Je couvre principalement le football, son actualit\u00e9, ses transferts et l'analyse tactique des grandes affiches, mais aussi les disciplines plus confidentielles que j'aime remettre en lumi\u00e8re. Une partie de mon travail porte sur les pronostics et la lecture statistique d'un match : forme des \u00e9quipes, historique des confrontations, compositions, sans jamais vendre de fausse certitude. Je rappelle syst\u00e9matiquement que parier comporte un risque et doit rester un loisir ma\u00eetris\u00e9. Avant de signer une analyse, je v\u00e9rifie mes chiffres, je recoupe les compositions probables et je distingue toujours la donn\u00e9e brute de l'intuition. Mon objectif : offrir une lecture honn\u00eate et argument\u00e9e, pas un ticket gagnant garanti.\",\"sameAs\":[\"https:\/\/axellauzier.fr\/\"],\"url\":\"https:\/\/sport-index.fr\/blog\/auteur\/noname\/\"}]}<\/script>\n<!-- \/ Yoast SEO Premium plugin. -->","yoast_head_json":{"title":"Warren Barguil : retour sur un exploit mythique et l'\u00e9volution du cyclisme moderne","description":"Retour sur la victoire en solitaire de Warren Barguil au sommet de l'Izoard (Tour de France 2017) et sur l'\u00e9volution du niveau qu'il \u00e9voque en 2025.","robots":{"index":"index","follow":"follow","max-snippet":"max-snippet:-1","max-image-preview":"max-image-preview:large","max-video-preview":"max-video-preview:-1"},"canonical":"https:\/\/sport-index.fr\/blog\/a-la-une\/warren-barguil-retour-sur-un-exploit-mythique-et-levolution-du-cyclisme-moderne\/","og_locale":"fr_FR","og_type":"article","og_title":"Warren Barguil : retour sur un exploit mythique et l'\u00e9volution du cyclisme moderne","og_description":"Retour sur la victoire en solitaire de Warren Barguil au sommet de l'Izoard (Tour de France 2017) et sur l'\u00e9volution du niveau qu'il \u00e9voque en 2025.","og_url":"https:\/\/sport-index.fr\/blog\/a-la-une\/warren-barguil-retour-sur-un-exploit-mythique-et-levolution-du-cyclisme-moderne\/","og_site_name":"sport-index","og_image":[{"width":1024,"height":576,"url":"https:\/\/sport-index.fr\/blog\/wp-content\/uploads\/2025\/02\/stability-warren-barguil-retour-sur-un-exploit-mythique-et-levolution-du-cyclisme-moderne.png","type":"image\/png"}],"author":"Axel Lauzier","twitter_card":"summary_large_image","schema":{"@context":"https:\/\/schema.org","@graph":[{"@type":"NewsArticle","@id":"https:\/\/sport-index.fr\/blog\/a-la-une\/warren-barguil-retour-sur-un-exploit-mythique-et-levolution-du-cyclisme-moderne\/#article","isPartOf":{"@id":"https:\/\/sport-index.fr\/blog\/a-la-une\/warren-barguil-retour-sur-un-exploit-mythique-et-levolution-du-cyclisme-moderne\/"},"author":{"name":"Axel Lauzier","@id":"https:\/\/sport-index.fr\/blog\/#\/schema\/person\/3c864cdc320801e3db34b663e7e3f816"},"headline":"Warren Barguil : retour sur un exploit mythique et l&rsquo;\u00e9volution du cyclisme moderne","datePublished":"2026-09-02T07:39:17+00:00","dateModified":"2026-09-02T07:40:15+00:00","mainEntityOfPage":{"@id":"https:\/\/sport-index.fr\/blog\/a-la-une\/warren-barguil-retour-sur-un-exploit-mythique-et-levolution-du-cyclisme-moderne\/"},"wordCount":588,"commentCount":19,"publisher":{"@id":"https:\/\/sport-index.fr\/blog\/#organization"},"image":{"@id":"https:\/\/sport-index.fr\/blog\/a-la-une\/warren-barguil-retour-sur-un-exploit-mythique-et-levolution-du-cyclisme-moderne\/#primaryimage"},"thumbnailUrl":"https:\/\/sport-index.fr\/blog\/wp-content\/uploads\/2025\/02\/stability-warren-barguil-retour-sur-un-exploit-mythique-et-levolution-du-cyclisme-moderne.png","keywords":["Comp\u00e9tition","Cyclisme"],"articleSection":["\u00c0 la une"],"inLanguage":"fr-FR","potentialAction":[{"@type":"CommentAction","name":"Comment","target":["https:\/\/sport-index.fr\/blog\/a-la-une\/warren-barguil-retour-sur-un-exploit-mythique-et-levolution-du-cyclisme-moderne\/#respond"]}]},{"@type":"WebPage","@id":"https:\/\/sport-index.fr\/blog\/a-la-une\/warren-barguil-retour-sur-un-exploit-mythique-et-levolution-du-cyclisme-moderne\/","url":"https:\/\/sport-index.fr\/blog\/a-la-une\/warren-barguil-retour-sur-un-exploit-mythique-et-levolution-du-cyclisme-moderne\/","name":"Warren Barguil : retour sur un exploit mythique et l'\u00e9volution du cyclisme moderne","isPartOf":{"@id":"https:\/\/sport-index.fr\/blog\/#website"},"primaryImageOfPage":{"@id":"https:\/\/sport-index.fr\/blog\/a-la-une\/warren-barguil-retour-sur-un-exploit-mythique-et-levolution-du-cyclisme-moderne\/#primaryimage"},"image":{"@id":"https:\/\/sport-index.fr\/blog\/a-la-une\/warren-barguil-retour-sur-un-exploit-mythique-et-levolution-du-cyclisme-moderne\/#primaryimage"},"thumbnailUrl":"https:\/\/sport-index.fr\/blog\/wp-content\/uploads\/2025\/02\/stability-warren-barguil-retour-sur-un-exploit-mythique-et-levolution-du-cyclisme-moderne.png","datePublished":"2026-09-02T07:39:17+00:00","dateModified":"2026-09-02T07:40:15+00:00","description":"Retour sur la victoire en solitaire de Warren Barguil au sommet de l'Izoard (Tour de France 2017) et sur l'\u00e9volution du niveau qu'il \u00e9voque en 2025.","inLanguage":"fr-FR","potentialAction":[{"@type":"ReadAction","target":["https:\/\/sport-index.fr\/blog\/a-la-une\/warren-barguil-retour-sur-un-exploit-mythique-et-levolution-du-cyclisme-moderne\/"]}]},{"@type":"ImageObject","inLanguage":"fr-FR","@id":"https:\/\/sport-index.fr\/blog\/a-la-une\/warren-barguil-retour-sur-un-exploit-mythique-et-levolution-du-cyclisme-moderne\/#primaryimage","url":"https:\/\/sport-index.fr\/blog\/wp-content\/uploads\/2025\/02\/stability-warren-barguil-retour-sur-un-exploit-mythique-et-levolution-du-cyclisme-moderne.png","contentUrl":"https:\/\/sport-index.fr\/blog\/wp-content\/uploads\/2025\/02\/stability-warren-barguil-retour-sur-un-exploit-mythique-et-levolution-du-cyclisme-moderne.png","width":1024,"height":576},{"@type":"WebSite","@id":"https:\/\/sport-index.fr\/blog\/#website","url":"https:\/\/sport-index.fr\/blog\/","name":"sport-index.fr","description":"Le score de l\u2019analyse sportive.","publisher":{"@id":"https:\/\/sport-index.fr\/blog\/#organization"},"alternateName":"Le score de l\u2019analyse sportive.","potentialAction":[{"@type":"SearchAction","target":{"@type":"EntryPoint","urlTemplate":"https:\/\/sport-index.fr\/blog\/?s={search_term_string}"},"query-input":{"@type":"PropertyValueSpecification","valueRequired":true,"valueName":"search_term_string"}}],"inLanguage":"fr-FR"},{"@type":"Organization","@id":"https:\/\/sport-index.fr\/blog\/#organization","name":"Foretsensations.fr","url":"https:\/\/sport-index.fr\/blog\/","logo":{"@type":"ImageObject","inLanguage":"fr-FR","@id":"https:\/\/sport-index.fr\/blog\/#\/schema\/logo\/image\/","url":"https:\/\/sport-index.fr\/blog\/wp-content\/uploads\/2026\/07\/logo-auto.png","contentUrl":"https:\/\/sport-index.fr\/blog\/wp-content\/uploads\/2026\/07\/logo-auto.png","width":1024,"height":1024,"caption":"Foretsensations.fr"},"image":{"@id":"https:\/\/sport-index.fr\/blog\/#\/schema\/logo\/image\/"}},{"@type":"Person","@id":"https:\/\/sport-index.fr\/blog\/#\/schema\/person\/3c864cdc320801e3db34b663e7e3f816","name":"Axel Lauzier","image":{"@type":"ImageObject","inLanguage":"fr-FR","@id":"https:\/\/sport-index.fr\/blog\/#\/schema\/person\/image\/","url":"https:\/\/sport-index.fr\/blog\/wp-content\/uploads\/2026\/06\/persona_axel-l-96x96.jpg","contentUrl":"https:\/\/sport-index.fr\/blog\/wp-content\/uploads\/2026\/06\/persona_axel-l-96x96.jpg","caption":"Axel Lauzier"},"description":"Le sport rythme mon quotidien depuis l'enfance, et j'en ai fait mon m\u00e9tier d'analyste r\u00e9dactionnel il y a une dizaine d'ann\u00e9es. Je couvre principalement le football, son actualit\u00e9, ses transferts et l'analyse tactique des grandes affiches, mais aussi les disciplines plus confidentielles que j'aime remettre en lumi\u00e8re. Une partie de mon travail porte sur les pronostics et la lecture statistique d'un match : forme des \u00e9quipes, historique des confrontations, compositions, sans jamais vendre de fausse certitude. Je rappelle syst\u00e9matiquement que parier comporte un risque et doit rester un loisir ma\u00eetris\u00e9. Avant de signer une analyse, je v\u00e9rifie mes chiffres, je recoupe les compositions probables et je distingue toujours la donn\u00e9e brute de l'intuition. Mon objectif : offrir une lecture honn\u00eate et argument\u00e9e, pas un ticket gagnant garanti.","sameAs":["https:\/\/axellauzier.fr\/"],"url":"https:\/\/sport-index.fr\/blog\/auteur\/noname\/"}]}},"_links":{"self":[{"href":"https:\/\/sport-index.fr\/blog\/wp-json\/wp\/v2\/posts\/11335","targetHints":{"allow":["GET"]}}],"collection":[{"href":"https:\/\/sport-index.fr\/blog\/wp-json\/wp\/v2\/posts"}],"about":[{"href":"https:\/\/sport-index.fr\/blog\/wp-json\/wp\/v2\/types\/post"}],"author":[{"embeddable":true,"href":"https:\/\/sport-index.fr\/blog\/wp-json\/wp\/v2\/users\/34"}],"replies":[{"embeddable":true,"href":"https:\/\/sport-index.fr\/blog\/wp-json\/wp\/v2\/comments?post=11335"}],"version-history":[{"count":3,"href":"https:\/\/sport-index.fr\/blog\/wp-json\/wp\/v2\/posts\/11335\/revisions"}],"predecessor-version":[{"id":18485,"href":"https:\/\/sport-index.fr\/blog\/wp-json\/wp\/v2\/posts\/11335\/revisions\/18485"}],"wp:featuredmedia":[{"embeddable":true,"href":"https:\/\/sport-index.fr\/blog\/wp-json\/wp\/v2\/media\/11336"}],"wp:attachment":[{"href":"https:\/\/sport-index.fr\/blog\/wp-json\/wp\/v2\/media?parent=11335"}],"wp:term":[{"taxonomy":"category","embeddable":true,"href":"https:\/\/sport-index.fr\/blog\/wp-json\/wp\/v2\/categories?post=11335"},{"taxonomy":"post_tag","embeddable":true,"href":"https:\/\/sport-index.fr\/blog\/wp-json\/wp\/v2\/tags?post=11335"}],"curies":[{"name":"wp","href":"https:\/\/api.w.org\/{rel}","templated":true}]}}