{"id":11395,"date":"2026-09-02T06:27:45","date_gmt":"2026-09-02T04:27:45","guid":{"rendered":"https:\/\/sport-index.fr\/blog\/?p=11395"},"modified":"2026-09-02T06:27:45","modified_gmt":"2026-09-02T04:27:45","slug":"la-saison-sarrete-prematurement-pour-jonathan-joseph-du-biarritz-olympique","status":"publish","type":"post","link":"https:\/\/sport-index.fr\/blog\/a-la-une\/la-saison-sarrete-prematurement-pour-jonathan-joseph-du-biarritz-olympique\/","title":{"rendered":"La saison s&rsquo;arr\u00eate pr\u00e9matur\u00e9ment pour Jonathan Joseph du Biarritz olympique"},"content":{"rendered":"<h2>Une saison marqu\u00e9e par les blessures<\/h2>\n<p>Jonathan Joseph, l&rsquo;international anglais du Biarritz olympique, vit une saison difficile. En raison d&rsquo;une blessure au dos, il ne pourra pas participer aux matchs restants de la saison, laissant son \u00e9quipe dans une situation d\u00e9licate. Actuellement treizi\u00e8me du classement, le Biarritz olympique ne compte qu&rsquo;un point d&rsquo;avance sur Agen, qui est en position de barragiste.<br \/>\nL&rsquo;absence de Joseph est un coup dur pour le club basque, qui esp\u00e9rait b\u00e9n\u00e9ficier de son exp\u00e9rience et de son talent sur le terrain. Avec seulement quatre matchs jou\u00e9s cette saison, son impact a \u00e9t\u00e9 limit\u00e9. Les supporters, qui attendaient de le voir briller, devront se contenter de son soutien moral depuis les tribunes.<\/p>\n<h2>Un entra\u00eeneur face \u00e0 la r\u00e9alit\u00e9<\/h2>\n<p>L&rsquo;entra\u00eeneur du Biarritz olympique, S\u00e9bastien Buada, a confirm\u00e9 lors d&rsquo;une r\u00e9cente conf\u00e9rence de presse que Jonathan Joseph ne reviendrait pas sur le terrain cette ann\u00e9e. Il a d\u00e9clar\u00e9 : <\/p>\n<blockquote><p>\u00ab\u00a0JJ, on l&rsquo;a perdu pour l&rsquo;ann\u00e9e\u00a0\u00bb.<\/p><\/blockquote>\n<p> Selon Sud Ouest, l&rsquo;international anglais est pass\u00e9 sur la table d&rsquo;op\u00e9ration en d\u00e9but d&rsquo;ann\u00e9e pour soigner cette blessure au dos. Cette annonce souligne la gravit\u00e9 de la situation et l&rsquo;impact que cela aura sur l&rsquo;\u00e9quipe dans les prochaines semaines.<br \/>\nLe Biarritz olympique doit maintenant se ressaisir pour \u00e9viter la rel\u00e9gation. Avec un calendrier charg\u00e9 et des adversaires redoutables, chaque match compte. L&rsquo;\u00e9quipe doit imp\u00e9rativement trouver un moyen de gagner, notamment lors de leur d\u00e9placement \u00e0 Oyonnax, qui s&rsquo;annonce p\u00e9rilleux.<\/p>\n<h2>Les d\u00e9fis \u00e0 venir pour le Biarritz olympique<\/h2>\n<p>La situation du Biarritz olympique est pr\u00e9occupante, surtout avec une s\u00e9rie de sept d\u00e9faites cons\u00e9cutives en championnat. Leur dernier succ\u00e8s remonte au 13 d\u00e9cembre 2024, contre Nice, un match qu&rsquo;ils avaient remport\u00e9 16-0. Les joueurs doivent se remobiliser pour \u00e9viter de descendre dans une division inf\u00e9rieure.<br \/>\nLes prochaines rencontres seront cruciales. Voici les d\u00e9fis qui attendent le Biarritz olympique :<\/p>\n<ul>\n<li>D\u00e9placement \u00e0 Oyonnax<\/li>\n<li>R\u00e9ception de Dax<\/li>\n<\/ul>\n<p>Avec seulement un point d&rsquo;avance, Biarritz doit aussi surveiller Agen : le concurrent direct pour le maintien re\u00e7oit Valence Romans, \u00e9quipe en forme, dans ce que la presse a qualifi\u00e9 de match de la peur de la 22e journ\u00e9e de Pro D2.<br \/>\nLes joueurs et le staff doivent travailler ensemble pour inverser la tendance et retrouver le chemin de la victoire. La communaut\u00e9 du rugby attend avec impatience de voir si le Biarritz olympique pourra se ressaisir sans l&rsquo;un de ses meilleurs \u00e9l\u00e9ments. L&rsquo;avenir de l&rsquo;\u00e9quipe dans cette saison de Pro D2 d\u00e9pendra de leur capacit\u00e9 \u00e0 surmonter ces obstacles.<\/p>\n<p><em>Publi\u00e9 le 28 f\u00e9vrier 2025, rev\u00e9rifi\u00e9 le 2 septembre 2026 : le Biarritz olympique a finalement termin\u00e9 la saison 2024-2025 \u00e0 la 9e place de Pro D2 et s&rsquo;est maintenu. Jonathan Joseph n&rsquo;est jamais revenu sur les terrains apr\u00e8s cette blessure au dos : il a officiellement mis un terme \u00e0 sa carri\u00e8re de joueur le 22 septembre 2025.<\/em><\/p>\n<p><img decoding=\"async\" width=\"1024\" height=\"576\" src=\"https:\/\/sport-index.fr\/blog\/wp-content\/uploads\/2025\/02\/stability-la-saison-sarrete-prematurement-pour-jonathan-joseph-du-biarritz-olympique-1.png\" class=\"aligncenter\" alt=\"Illustration d\u00e9taill\u00e9e sur La saison s&#039;arr\u00eate pr\u00e9matur\u00e9ment pour Jonathan Joseph du Biarritz olympique\" title=\"La saison s&#039;arr\u00eate pr\u00e9matur\u00e9ment pour Jonathan Joseph du Biarritz olympique\" loading=\"lazy\" \/><\/p>\n","protected":false},"excerpt":{"rendered":"","protected":false},"author":34,"featured_media":11396,"comment_status":"open","ping_status":"open","sticky":false,"template":"","format":"standard","meta":{"_acf_changed":false,"manual_indexmenow":false,"indexmenow_id_project":0,"footnotes":""},"categories":[1],"tags":[5122,4544,4898,4543,4693],"class_list":["post-11395","post","type-post","status-publish","format-standard","has-post-thumbnail","hentry","category-a-la-une","tag-blessures","tag-equipe","tag-gestion-du-stress","tag-performance","tag-pro-d2","generate-columns","tablet-grid-50","mobile-grid-100","grid-parent","grid-25"],"acf":[],"yoast_head":"<!-- This site is optimized with the Yoast SEO Premium plugin v21.3 (Yoast SEO v26.5) - https:\/\/yoast.com\/wordpress\/plugins\/seo\/ -->\n<title>La saison s&#039;arr\u00eate pr\u00e9matur\u00e9ment pour Jonathan Joseph<\/title>\n<meta name=\"description\" content=\"Une saison marqu\u00e9e par les blessures Jonathan Joseph, l&#039;international anglais du Biarritz olympique, vit une saison difficile. En raison d&#039;une blessure\u2026\" \/>\n<meta name=\"robots\" content=\"index, follow, max-snippet:-1, max-image-preview:large, max-video-preview:-1\" \/>\n<link rel=\"canonical\" href=\"https:\/\/sport-index.fr\/blog\/a-la-une\/la-saison-sarrete-prematurement-pour-jonathan-joseph-du-biarritz-olympique\/\" \/>\n<meta property=\"og:locale\" content=\"fr_FR\" \/>\n<meta property=\"og:type\" content=\"article\" \/>\n<meta property=\"og:title\" content=\"La saison s&#039;arr\u00eate pr\u00e9matur\u00e9ment pour Jonathan Joseph\" \/>\n<meta property=\"og:description\" content=\"Une saison marqu\u00e9e par les blessures Jonathan Joseph, l&#039;international anglais du Biarritz olympique, vit une saison difficile. En raison d&#039;une blessure\u2026\" \/>\n<meta property=\"og:url\" content=\"https:\/\/sport-index.fr\/blog\/a-la-une\/la-saison-sarrete-prematurement-pour-jonathan-joseph-du-biarritz-olympique\/\" \/>\n<meta property=\"og:site_name\" content=\"sport-index\" \/>\n<meta property=\"og:image\" content=\"https:\/\/sport-index.fr\/blog\/wp-content\/uploads\/2025\/02\/stability-la-saison-sarrete-prematurement-pour-jonathan-joseph-du-biarritz-olympique.png\" \/>\n\t<meta property=\"og:image:width\" content=\"1024\" \/>\n\t<meta property=\"og:image:height\" content=\"576\" \/>\n\t<meta property=\"og:image:type\" content=\"image\/png\" \/>\n<meta name=\"author\" content=\"Axel Lauzier\" \/>\n<meta name=\"twitter:card\" content=\"summary_large_image\" \/>\n<script type=\"application\/ld+json\" class=\"yoast-schema-graph\">{\"@context\":\"https:\/\/schema.org\",\"@graph\":[{\"@type\":\"NewsArticle\",\"@id\":\"https:\/\/sport-index.fr\/blog\/a-la-une\/la-saison-sarrete-prematurement-pour-jonathan-joseph-du-biarritz-olympique\/#article\",\"isPartOf\":{\"@id\":\"https:\/\/sport-index.fr\/blog\/a-la-une\/la-saison-sarrete-prematurement-pour-jonathan-joseph-du-biarritz-olympique\/\"},\"author\":{\"name\":\"Axel Lauzier\",\"@id\":\"https:\/\/sport-index.fr\/blog\/#\/schema\/person\/3c864cdc320801e3db34b663e7e3f816\"},\"headline\":\"La saison s&rsquo;arr\u00eate pr\u00e9matur\u00e9ment pour Jonathan Joseph du Biarritz olympique\",\"datePublished\":\"2026-09-02T04:27:45+00:00\",\"mainEntityOfPage\":{\"@id\":\"https:\/\/sport-index.fr\/blog\/a-la-une\/la-saison-sarrete-prematurement-pour-jonathan-joseph-du-biarritz-olympique\/\"},\"wordCount\":528,\"commentCount\":25,\"publisher\":{\"@id\":\"https:\/\/sport-index.fr\/blog\/#organization\"},\"image\":{\"@id\":\"https:\/\/sport-index.fr\/blog\/a-la-une\/la-saison-sarrete-prematurement-pour-jonathan-joseph-du-biarritz-olympique\/#primaryimage\"},\"thumbnailUrl\":\"https:\/\/sport-index.fr\/blog\/wp-content\/uploads\/2025\/02\/stability-la-saison-sarrete-prematurement-pour-jonathan-joseph-du-biarritz-olympique.png\",\"keywords\":[\"Blessures\",\"\u00c9quipe\",\"Gestion Du Stress\",\"Performance\",\"Pro D2\"],\"articleSection\":[\"\u00c0 la une\"],\"inLanguage\":\"fr-FR\",\"potentialAction\":[{\"@type\":\"CommentAction\",\"name\":\"Comment\",\"target\":[\"https:\/\/sport-index.fr\/blog\/a-la-une\/la-saison-sarrete-prematurement-pour-jonathan-joseph-du-biarritz-olympique\/#respond\"]}]},{\"@type\":\"WebPage\",\"@id\":\"https:\/\/sport-index.fr\/blog\/a-la-une\/la-saison-sarrete-prematurement-pour-jonathan-joseph-du-biarritz-olympique\/\",\"url\":\"https:\/\/sport-index.fr\/blog\/a-la-une\/la-saison-sarrete-prematurement-pour-jonathan-joseph-du-biarritz-olympique\/\",\"name\":\"La saison s'arr\u00eate pr\u00e9matur\u00e9ment pour Jonathan Joseph\",\"isPartOf\":{\"@id\":\"https:\/\/sport-index.fr\/blog\/#website\"},\"primaryImageOfPage\":{\"@id\":\"https:\/\/sport-index.fr\/blog\/a-la-une\/la-saison-sarrete-prematurement-pour-jonathan-joseph-du-biarritz-olympique\/#primaryimage\"},\"image\":{\"@id\":\"https:\/\/sport-index.fr\/blog\/a-la-une\/la-saison-sarrete-prematurement-pour-jonathan-joseph-du-biarritz-olympique\/#primaryimage\"},\"thumbnailUrl\":\"https:\/\/sport-index.fr\/blog\/wp-content\/uploads\/2025\/02\/stability-la-saison-sarrete-prematurement-pour-jonathan-joseph-du-biarritz-olympique.png\",\"datePublished\":\"2026-09-02T04:27:45+00:00\",\"description\":\"Une saison marqu\u00e9e par les blessures Jonathan Joseph, l'international anglais du Biarritz olympique, vit une saison difficile. En raison d'une blessure\u2026\",\"inLanguage\":\"fr-FR\",\"potentialAction\":[{\"@type\":\"ReadAction\",\"target\":[\"https:\/\/sport-index.fr\/blog\/a-la-une\/la-saison-sarrete-prematurement-pour-jonathan-joseph-du-biarritz-olympique\/\"]}]},{\"@type\":\"ImageObject\",\"inLanguage\":\"fr-FR\",\"@id\":\"https:\/\/sport-index.fr\/blog\/a-la-une\/la-saison-sarrete-prematurement-pour-jonathan-joseph-du-biarritz-olympique\/#primaryimage\",\"url\":\"https:\/\/sport-index.fr\/blog\/wp-content\/uploads\/2025\/02\/stability-la-saison-sarrete-prematurement-pour-jonathan-joseph-du-biarritz-olympique.png\",\"contentUrl\":\"https:\/\/sport-index.fr\/blog\/wp-content\/uploads\/2025\/02\/stability-la-saison-sarrete-prematurement-pour-jonathan-joseph-du-biarritz-olympique.png\",\"width\":1024,\"height\":576},{\"@type\":\"WebSite\",\"@id\":\"https:\/\/sport-index.fr\/blog\/#website\",\"url\":\"https:\/\/sport-index.fr\/blog\/\",\"name\":\"sport-index.fr\",\"description\":\"Le score de l\u2019analyse sportive.\",\"publisher\":{\"@id\":\"https:\/\/sport-index.fr\/blog\/#organization\"},\"alternateName\":\"Le score de l\u2019analyse sportive.\",\"potentialAction\":[{\"@type\":\"SearchAction\",\"target\":{\"@type\":\"EntryPoint\",\"urlTemplate\":\"https:\/\/sport-index.fr\/blog\/?s={search_term_string}\"},\"query-input\":{\"@type\":\"PropertyValueSpecification\",\"valueRequired\":true,\"valueName\":\"search_term_string\"}}],\"inLanguage\":\"fr-FR\"},{\"@type\":\"Organization\",\"@id\":\"https:\/\/sport-index.fr\/blog\/#organization\",\"name\":\"Foretsensations.fr\",\"url\":\"https:\/\/sport-index.fr\/blog\/\",\"logo\":{\"@type\":\"ImageObject\",\"inLanguage\":\"fr-FR\",\"@id\":\"https:\/\/sport-index.fr\/blog\/#\/schema\/logo\/image\/\",\"url\":\"https:\/\/sport-index.fr\/blog\/wp-content\/uploads\/2026\/07\/logo-auto.png\",\"contentUrl\":\"https:\/\/sport-index.fr\/blog\/wp-content\/uploads\/2026\/07\/logo-auto.png\",\"width\":1024,\"height\":1024,\"caption\":\"Foretsensations.fr\"},\"image\":{\"@id\":\"https:\/\/sport-index.fr\/blog\/#\/schema\/logo\/image\/\"}},{\"@type\":\"Person\",\"@id\":\"https:\/\/sport-index.fr\/blog\/#\/schema\/person\/3c864cdc320801e3db34b663e7e3f816\",\"name\":\"Axel Lauzier\",\"image\":{\"@type\":\"ImageObject\",\"inLanguage\":\"fr-FR\",\"@id\":\"https:\/\/sport-index.fr\/blog\/#\/schema\/person\/image\/\",\"url\":\"https:\/\/sport-index.fr\/blog\/wp-content\/uploads\/2026\/06\/persona_axel-l-96x96.jpg\",\"contentUrl\":\"https:\/\/sport-index.fr\/blog\/wp-content\/uploads\/2026\/06\/persona_axel-l-96x96.jpg\",\"caption\":\"Axel Lauzier\"},\"description\":\"Le sport rythme mon quotidien depuis l'enfance, et j'en ai fait mon m\u00e9tier d'analyste r\u00e9dactionnel il y a une dizaine d'ann\u00e9es. Je couvre principalement le football, son actualit\u00e9, ses transferts et l'analyse tactique des grandes affiches, mais aussi les disciplines plus confidentielles que j'aime remettre en lumi\u00e8re. Une partie de mon travail porte sur les pronostics et la lecture statistique d'un match : forme des \u00e9quipes, historique des confrontations, compositions, sans jamais vendre de fausse certitude. Je rappelle syst\u00e9matiquement que parier comporte un risque et doit rester un loisir ma\u00eetris\u00e9. Avant de signer une analyse, je v\u00e9rifie mes chiffres, je recoupe les compositions probables et je distingue toujours la donn\u00e9e brute de l'intuition. Mon objectif : offrir une lecture honn\u00eate et argument\u00e9e, pas un ticket gagnant garanti.\",\"sameAs\":[\"https:\/\/axellauzier.fr\/\"],\"url\":\"https:\/\/sport-index.fr\/blog\/auteur\/noname\/\"}]}<\/script>\n<!-- \/ Yoast SEO Premium plugin. -->","yoast_head_json":{"title":"La saison s'arr\u00eate pr\u00e9matur\u00e9ment pour Jonathan Joseph","description":"Une saison marqu\u00e9e par les blessures Jonathan Joseph, l'international anglais du Biarritz olympique, vit une saison difficile. En raison d'une blessure\u2026","robots":{"index":"index","follow":"follow","max-snippet":"max-snippet:-1","max-image-preview":"max-image-preview:large","max-video-preview":"max-video-preview:-1"},"canonical":"https:\/\/sport-index.fr\/blog\/a-la-une\/la-saison-sarrete-prematurement-pour-jonathan-joseph-du-biarritz-olympique\/","og_locale":"fr_FR","og_type":"article","og_title":"La saison s'arr\u00eate pr\u00e9matur\u00e9ment pour Jonathan Joseph","og_description":"Une saison marqu\u00e9e par les blessures Jonathan Joseph, l'international anglais du Biarritz olympique, vit une saison difficile. En raison d'une blessure\u2026","og_url":"https:\/\/sport-index.fr\/blog\/a-la-une\/la-saison-sarrete-prematurement-pour-jonathan-joseph-du-biarritz-olympique\/","og_site_name":"sport-index","og_image":[{"width":1024,"height":576,"url":"https:\/\/sport-index.fr\/blog\/wp-content\/uploads\/2025\/02\/stability-la-saison-sarrete-prematurement-pour-jonathan-joseph-du-biarritz-olympique.png","type":"image\/png"}],"author":"Axel Lauzier","twitter_card":"summary_large_image","schema":{"@context":"https:\/\/schema.org","@graph":[{"@type":"NewsArticle","@id":"https:\/\/sport-index.fr\/blog\/a-la-une\/la-saison-sarrete-prematurement-pour-jonathan-joseph-du-biarritz-olympique\/#article","isPartOf":{"@id":"https:\/\/sport-index.fr\/blog\/a-la-une\/la-saison-sarrete-prematurement-pour-jonathan-joseph-du-biarritz-olympique\/"},"author":{"name":"Axel Lauzier","@id":"https:\/\/sport-index.fr\/blog\/#\/schema\/person\/3c864cdc320801e3db34b663e7e3f816"},"headline":"La saison s&rsquo;arr\u00eate pr\u00e9matur\u00e9ment pour Jonathan Joseph du Biarritz olympique","datePublished":"2026-09-02T04:27:45+00:00","mainEntityOfPage":{"@id":"https:\/\/sport-index.fr\/blog\/a-la-une\/la-saison-sarrete-prematurement-pour-jonathan-joseph-du-biarritz-olympique\/"},"wordCount":528,"commentCount":25,"publisher":{"@id":"https:\/\/sport-index.fr\/blog\/#organization"},"image":{"@id":"https:\/\/sport-index.fr\/blog\/a-la-une\/la-saison-sarrete-prematurement-pour-jonathan-joseph-du-biarritz-olympique\/#primaryimage"},"thumbnailUrl":"https:\/\/sport-index.fr\/blog\/wp-content\/uploads\/2025\/02\/stability-la-saison-sarrete-prematurement-pour-jonathan-joseph-du-biarritz-olympique.png","keywords":["Blessures","\u00c9quipe","Gestion Du Stress","Performance","Pro D2"],"articleSection":["\u00c0 la une"],"inLanguage":"fr-FR","potentialAction":[{"@type":"CommentAction","name":"Comment","target":["https:\/\/sport-index.fr\/blog\/a-la-une\/la-saison-sarrete-prematurement-pour-jonathan-joseph-du-biarritz-olympique\/#respond"]}]},{"@type":"WebPage","@id":"https:\/\/sport-index.fr\/blog\/a-la-une\/la-saison-sarrete-prematurement-pour-jonathan-joseph-du-biarritz-olympique\/","url":"https:\/\/sport-index.fr\/blog\/a-la-une\/la-saison-sarrete-prematurement-pour-jonathan-joseph-du-biarritz-olympique\/","name":"La saison s'arr\u00eate pr\u00e9matur\u00e9ment pour Jonathan Joseph","isPartOf":{"@id":"https:\/\/sport-index.fr\/blog\/#website"},"primaryImageOfPage":{"@id":"https:\/\/sport-index.fr\/blog\/a-la-une\/la-saison-sarrete-prematurement-pour-jonathan-joseph-du-biarritz-olympique\/#primaryimage"},"image":{"@id":"https:\/\/sport-index.fr\/blog\/a-la-une\/la-saison-sarrete-prematurement-pour-jonathan-joseph-du-biarritz-olympique\/#primaryimage"},"thumbnailUrl":"https:\/\/sport-index.fr\/blog\/wp-content\/uploads\/2025\/02\/stability-la-saison-sarrete-prematurement-pour-jonathan-joseph-du-biarritz-olympique.png","datePublished":"2026-09-02T04:27:45+00:00","description":"Une saison marqu\u00e9e par les blessures Jonathan Joseph, l'international anglais du Biarritz olympique, vit une saison difficile. En raison d'une blessure\u2026","inLanguage":"fr-FR","potentialAction":[{"@type":"ReadAction","target":["https:\/\/sport-index.fr\/blog\/a-la-une\/la-saison-sarrete-prematurement-pour-jonathan-joseph-du-biarritz-olympique\/"]}]},{"@type":"ImageObject","inLanguage":"fr-FR","@id":"https:\/\/sport-index.fr\/blog\/a-la-une\/la-saison-sarrete-prematurement-pour-jonathan-joseph-du-biarritz-olympique\/#primaryimage","url":"https:\/\/sport-index.fr\/blog\/wp-content\/uploads\/2025\/02\/stability-la-saison-sarrete-prematurement-pour-jonathan-joseph-du-biarritz-olympique.png","contentUrl":"https:\/\/sport-index.fr\/blog\/wp-content\/uploads\/2025\/02\/stability-la-saison-sarrete-prematurement-pour-jonathan-joseph-du-biarritz-olympique.png","width":1024,"height":576},{"@type":"WebSite","@id":"https:\/\/sport-index.fr\/blog\/#website","url":"https:\/\/sport-index.fr\/blog\/","name":"sport-index.fr","description":"Le score de l\u2019analyse sportive.","publisher":{"@id":"https:\/\/sport-index.fr\/blog\/#organization"},"alternateName":"Le score de l\u2019analyse sportive.","potentialAction":[{"@type":"SearchAction","target":{"@type":"EntryPoint","urlTemplate":"https:\/\/sport-index.fr\/blog\/?s={search_term_string}"},"query-input":{"@type":"PropertyValueSpecification","valueRequired":true,"valueName":"search_term_string"}}],"inLanguage":"fr-FR"},{"@type":"Organization","@id":"https:\/\/sport-index.fr\/blog\/#organization","name":"Foretsensations.fr","url":"https:\/\/sport-index.fr\/blog\/","logo":{"@type":"ImageObject","inLanguage":"fr-FR","@id":"https:\/\/sport-index.fr\/blog\/#\/schema\/logo\/image\/","url":"https:\/\/sport-index.fr\/blog\/wp-content\/uploads\/2026\/07\/logo-auto.png","contentUrl":"https:\/\/sport-index.fr\/blog\/wp-content\/uploads\/2026\/07\/logo-auto.png","width":1024,"height":1024,"caption":"Foretsensations.fr"},"image":{"@id":"https:\/\/sport-index.fr\/blog\/#\/schema\/logo\/image\/"}},{"@type":"Person","@id":"https:\/\/sport-index.fr\/blog\/#\/schema\/person\/3c864cdc320801e3db34b663e7e3f816","name":"Axel Lauzier","image":{"@type":"ImageObject","inLanguage":"fr-FR","@id":"https:\/\/sport-index.fr\/blog\/#\/schema\/person\/image\/","url":"https:\/\/sport-index.fr\/blog\/wp-content\/uploads\/2026\/06\/persona_axel-l-96x96.jpg","contentUrl":"https:\/\/sport-index.fr\/blog\/wp-content\/uploads\/2026\/06\/persona_axel-l-96x96.jpg","caption":"Axel Lauzier"},"description":"Le sport rythme mon quotidien depuis l'enfance, et j'en ai fait mon m\u00e9tier d'analyste r\u00e9dactionnel il y a une dizaine d'ann\u00e9es. Je couvre principalement le football, son actualit\u00e9, ses transferts et l'analyse tactique des grandes affiches, mais aussi les disciplines plus confidentielles que j'aime remettre en lumi\u00e8re. Une partie de mon travail porte sur les pronostics et la lecture statistique d'un match : forme des \u00e9quipes, historique des confrontations, compositions, sans jamais vendre de fausse certitude. Je rappelle syst\u00e9matiquement que parier comporte un risque et doit rester un loisir ma\u00eetris\u00e9. Avant de signer une analyse, je v\u00e9rifie mes chiffres, je recoupe les compositions probables et je distingue toujours la donn\u00e9e brute de l'intuition. Mon objectif : offrir une lecture honn\u00eate et argument\u00e9e, pas un ticket gagnant garanti.","sameAs":["https:\/\/axellauzier.fr\/"],"url":"https:\/\/sport-index.fr\/blog\/auteur\/noname\/"}]}},"_links":{"self":[{"href":"https:\/\/sport-index.fr\/blog\/wp-json\/wp\/v2\/posts\/11395","targetHints":{"allow":["GET"]}}],"collection":[{"href":"https:\/\/sport-index.fr\/blog\/wp-json\/wp\/v2\/posts"}],"about":[{"href":"https:\/\/sport-index.fr\/blog\/wp-json\/wp\/v2\/types\/post"}],"author":[{"embeddable":true,"href":"https:\/\/sport-index.fr\/blog\/wp-json\/wp\/v2\/users\/34"}],"replies":[{"embeddable":true,"href":"https:\/\/sport-index.fr\/blog\/wp-json\/wp\/v2\/comments?post=11395"}],"version-history":[{"count":2,"href":"https:\/\/sport-index.fr\/blog\/wp-json\/wp\/v2\/posts\/11395\/revisions"}],"predecessor-version":[{"id":18431,"href":"https:\/\/sport-index.fr\/blog\/wp-json\/wp\/v2\/posts\/11395\/revisions\/18431"}],"wp:featuredmedia":[{"embeddable":true,"href":"https:\/\/sport-index.fr\/blog\/wp-json\/wp\/v2\/media\/11396"}],"wp:attachment":[{"href":"https:\/\/sport-index.fr\/blog\/wp-json\/wp\/v2\/media?parent=11395"}],"wp:term":[{"taxonomy":"category","embeddable":true,"href":"https:\/\/sport-index.fr\/blog\/wp-json\/wp\/v2\/categories?post=11395"},{"taxonomy":"post_tag","embeddable":true,"href":"https:\/\/sport-index.fr\/blog\/wp-json\/wp\/v2\/tags?post=11395"}],"curies":[{"name":"wp","href":"https:\/\/api.w.org\/{rel}","templated":true}]}}