{"id":11655,"date":"2025-03-10T00:38:09","date_gmt":"2025-03-09T23:38:09","guid":{"rendered":"https:\/\/sport-index.fr\/blog\/a-la-une\/real-madrid-vs-rayo-vallecano-duel-electrique-dans-la-capitale-espagnole\/"},"modified":"2025-03-10T00:38:09","modified_gmt":"2025-03-09T23:38:09","slug":"real-madrid-vs-rayo-vallecano-duel-electrique-dans-la-capitale-espagnole","status":"publish","type":"post","link":"https:\/\/sport-index.fr\/blog\/a-la-une\/real-madrid-vs-rayo-vallecano-duel-electrique-dans-la-capitale-espagnole\/","title":{"rendered":"Real Madrid vs Rayo Vallecano : Duel \u00e9lectrique dans la capitale espagnole"},"content":{"rendered":"<h1>Real Madrid vs Rayo Vallecano : Duel \u00e9lectrique dans la capitale espagnole<\/h1>\n<h2>L&rsquo;histoire tumultueuse entre les Merengues et los Franjirrojos<\/h2>\n<p>La rivalit\u00e9 entre le Real Madrid et le Rayo Vallecano remonte \u00e0 plusieurs d\u00e9cennies. Le premier affrontement officiel entre les deux clubs date du 13 octobre 1977, lors d&rsquo;un match de Copa del Rey remport\u00e9 2-1 par le Real Madrid. Depuis, les confrontations se sont multipli\u00e9es, principalement en Liga, avec une domination nette des Merengues.<\/p>\n<p>Au fil des ann\u00e9es, certains matchs ont marqu\u00e9 les esprits et fa\u00e7onn\u00e9 cette relation particuli\u00e8re entre le g\u00e9ant madril\u00e8ne et son voisin du quartier ouvrier de Vallecas. Parmi les rencontres les plus m\u00e9morables, nous pouvons citer :<\/p>\n<ul>\n<li>Le 20 d\u00e9cembre 2015 : Une victoire \u00e9crasante 10-2 du Real Madrid au Santiago Bernab\u00e9u, avec notamment un quadrupl\u00e9 de Gareth Bale.<\/li>\n<li>Le 28 f\u00e9vrier 2019 : Un succ\u00e8s surprise 1-0 du Rayo Vallecano \u00e0 domicile, gr\u00e2ce \u00e0 un but d&rsquo;Adri Embarba sur penalty.<\/li>\n<li>Le 7 novembre 2022 : Une victoire spectaculaire 3-2 du Rayo Vallecano au Campo de F\u00fatbol de Vallecas, mettant fin \u00e0 une s\u00e9rie de 13 matchs sans d\u00e9faite du Real Madrid en Liga.<\/li>\n<\/ul>\n<p>Ces r\u00e9sultats illustrent la nature impr\u00e9visible de ce derby, o\u00f9 le Rayo Vallecano a parfois r\u00e9ussi \u00e0 tenir t\u00eate au club le plus titr\u00e9 d&rsquo;Espagne, malgr\u00e9 un bilan global largement favorable au Real Madrid.<\/p>\n<h2>Duel tactique : Ancelotti face \u00e0 Francisco<\/h2>\n<p>Le match entre le Real Madrid et le Rayo Vallecano s&rsquo;annonce comme un v\u00e9ritable duel tactique entre deux entra\u00eeneurs aux philosophies bien distinctes. D&rsquo;un c\u00f4t\u00e9, Carlo Ancelotti, tacticien exp\u00e9riment\u00e9 et multiple vainqueur de la Ligue des Champions, de l&rsquo;autre, Francisco, jeune entra\u00eeneur espagnol qui a su imposer un style de jeu attractif au Rayo Vallecano.<\/p>\n<p>Carlo Ancelotti devrait opter pour son traditionnel <strong>4-3-3<\/strong>, un syst\u00e8me qui a fait ses preuves avec le Real Madrid. L&rsquo;Italien misera sur la <u>possession de balle<\/u> et les <u>transitions rapides<\/u> pour d\u00e9stabiliser la d\u00e9fense adverse. Les lat\u00e9raux, probablement Carvajal et Mendy, auront un r\u00f4le crucial dans l&rsquo;animation offensive, tandis que le milieu de terrain, articul\u00e9 autour de Kroos et Modric, sera charg\u00e9 de dicter le tempo du match.<\/p>\n<p>De son c\u00f4t\u00e9, Francisco privil\u00e9giera sans doute un <strong>4-2-3-1<\/strong> plus d\u00e9fensif, ax\u00e9 sur un <u>pressing intense<\/u> et des <u>contres rapides<\/u>. Le Rayo Vallecano tentera de fermer les espaces au milieu de terrain pour emp\u00eacher les Merengues de d\u00e9velopper leur jeu. Les ailiers, Isi Palaz\u00f3n et \u00c1lvaro Garc\u00eda, seront les principaux atouts offensifs de l&rsquo;\u00e9quipe, charg\u00e9s de cr\u00e9er le danger sur les c\u00f4t\u00e9s et d&rsquo;alimenter l&rsquo;attaquant de pointe en ballons.<\/p>\n<h2>Les joueurs cl\u00e9s \u00e0 surveiller des deux c\u00f4t\u00e9s<\/h2>\n<p>Dans ce choc madril\u00e8ne, plusieurs joueurs pourraient faire basculer la rencontre par leurs performances individuelles. Pour le Real Madrid, le trio offensif <strong>Mbapp\u00e9-Vinicius-Rodrygo<\/strong> sera naturellement au centre de toutes les attentions. Kylian Mbapp\u00e9, recrut\u00e9 \u00e0 prix d&rsquo;or l&rsquo;\u00e9t\u00e9 dernier, voudra justifier son statut de star mondiale en brillant dans ce derby. Sa vitesse et sa finition pourraient faire des ravages dans la d\u00e9fense du Rayo.<\/p>\n<p>Vinicius Junior, de son c\u00f4t\u00e9, tentera de faire parler sa technique et ses dribbles d\u00e9vastateurs sur le c\u00f4t\u00e9 gauche. Le Br\u00e9silien a souvent \u00e9t\u00e9 d\u00e9cisif dans les grands rendez-vous et voudra confirmer sa mont\u00e9e en puissance. Rodrygo, moins m\u00e9diatis\u00e9 mais tout aussi talentueux, apportera sa polyvalence et son sens du but pour compl\u00e9ter ce trio redoutable.<\/p>\n<p>Du c\u00f4t\u00e9 du Rayo Vallecano, <strong>Isi Palaz\u00f3n<\/strong> sera l&rsquo;homme \u00e0 surveiller. L&rsquo;ailier espagnol, auteur de performances remarquables cette saison, poss\u00e8de la qualit\u00e9 technique et la vision du jeu pour cr\u00e9er la surprise. Son entente avec <strong>\u00c1lvaro Garc\u00eda<\/strong> sur le c\u00f4t\u00e9 oppos\u00e9 pourrait poser de s\u00e9rieux probl\u00e8mes \u00e0 la d\u00e9fense madril\u00e8ne.<\/p>\n<p>Au milieu de terrain, <strong>\u00d3scar Trejo<\/strong>, le capitaine exp\u00e9riment\u00e9 du Rayo, aura la lourde t\u00e2che de contenir les assauts du Real tout en orientant le jeu de son \u00e9quipe. Sa lecture du jeu et son leadership seront cruciaux pour esp\u00e9rer rivaliser avec les stars merengues.<\/p>\n<h2>L&rsquo;importance du match dans la course au titre<\/h2>\n<p>Ce derby madril\u00e8ne rev\u00eat une importance capitale pour les deux \u00e9quipes, bien que pour des raisons diff\u00e9rentes. Pour le Real Madrid, chaque point compte dans la lutte acharn\u00e9e avec le FC Barcelone pour le titre de champion d&rsquo;Espagne. Les Merengues ne peuvent se permettre le moindre faux pas, sous peine de voir leurs rivaux catalans prendre le large en t\u00eate du classement.<\/p>\n<p>Une victoire dans ce derby permettrait au Real de :<\/p>\n<ul>\n<li>Maintenir la pression sur le FC Barcelone<\/li>\n<li>Conforter sa place sur le podium de la Liga<\/li>\n<li>Pr\u00e9server sa dynamique positive avant les \u00e9ch\u00e9ances europ\u00e9ennes<\/li>\n<\/ul>\n<p>Pour le Rayo Vallecano, les enjeux sont tout aussi importants. L&rsquo;\u00e9quipe de Vallecas vise une qualification historique pour une comp\u00e9tition europ\u00e9enne, objectif qui semblait inatteignable en d\u00e9but de saison. Un r\u00e9sultat positif face au Real Madrid aurait plusieurs avantages :<\/p>\n<ul>\n<li>Renforcer la confiance du groupe dans la course \u00e0 l&rsquo;Europe<\/li>\n<li>Marquer les esprits et s&rsquo;affirmer comme un outsider cr\u00e9dible<\/li>\n<li>Consolider sa place dans le top 10 de la Liga<\/li>\n<\/ul>\n<p>L&rsquo;issue de ce derby pourrait donc avoir des r\u00e9percussions importantes sur la fin de saison des deux clubs, tant dans la course au titre que dans la lutte pour les places europ\u00e9ennes.<\/p>\n<h2>L&rsquo;atmosph\u00e8re unique du Santiago Bernab\u00e9u lors des derbys<\/h2>\n<p>Le Santiago Bernab\u00e9u, antre mythique du Real Madrid, se transforme en v\u00e9ritable chaudron lors des derbys madril\u00e8nes. L&rsquo;atmosph\u00e8re \u00e9lectrique qui r\u00e8gne dans le stade lors de ces rencontres contribue grandement \u00e0 faire de ces matchs des moments uniques dans la saison.<\/p>\n<p>Les 81 044 places du Bernab\u00e9u seront presque toutes occup\u00e9es pour ce choc, cr\u00e9ant une ambiance assourdissante d\u00e8s l&rsquo;entr\u00e9e des joueurs sur la pelouse. Les <strong>Ultras Sur<\/strong>, groupe de supporters historique du Real Madrid, donneront de la voix tout au long de la rencontre pour pousser leur \u00e9quipe vers la victoire.<\/p>\n<p>Du c\u00f4t\u00e9 du Rayo Vallecano, les <strong>Bukaneros<\/strong>, supporters les plus fervents du club, feront le d\u00e9placement en nombre pour soutenir leur \u00e9quipe. Bien que minoritaires dans l&rsquo;enceinte, ils ne manqueront pas de se faire entendre et de cr\u00e9er une ambiance festive dans leur parcage.<\/p>\n<p>Cette ferveur populaire aura in\u00e9vitablement un impact sur le d\u00e9roulement du match. Les joueurs du Real Madrid, port\u00e9s par leur public, auront \u00e0 c\u0153ur de briller devant leurs supporters. \u00c0 l&rsquo;inverse, les joueurs du Rayo Vallecano pourraient \u00eatre intimid\u00e9s par l&rsquo;hostilit\u00e9 du stade, ou au contraire transcend\u00e9s par l&rsquo;envie de faire taire le Bernab\u00e9u.<\/p>\n<h2>Les statistiques et records \u00e0 battre<\/h2>\n<p>Ce derby madril\u00e8ne sera l&rsquo;occasion pour certains joueurs de marquer l&rsquo;histoire et de battre des records personnels ou collectifs. Voici quelques chiffres cl\u00e9s \u00e0 surveiller lors de cette rencontre :<\/p>\n<ul>\n<li><strong>Karim Benzema<\/strong> pourrait devenir le meilleur buteur de l&rsquo;histoire du Real Madrid face au Rayo Vallecano s&rsquo;il inscrit un doubl\u00e9, d\u00e9passant ainsi les 15 buts de Cristiano Ronaldo.<\/li>\n<li>Le Real Madrid n&rsquo;a plus perdu \u00e0 domicile contre le Rayo Vallecano depuis le 24 f\u00e9vrier 1996, soit une s\u00e9rie de 14 matchs sans d\u00e9faite.<\/li>\n<li><strong>Thibaut Courtois<\/strong> vise un 100e clean sheet sous les couleurs du Real Madrid, toutes comp\u00e9titions confondues.<\/li>\n<li>Le Rayo Vallecano n&rsquo;a jamais r\u00e9ussi \u00e0 marquer plus de 3 buts au Santiago Bernab\u00e9u en Liga. Un record qui tient depuis 1978.<\/li>\n<\/ul>\n<p>Au-del\u00e0 de ces statistiques individuelles, ce match sera l&rsquo;occasion pour les deux \u00e9quipes de confirmer ou d&rsquo;inverser certaines tendances :<\/p>\n<ul>\n<li>Le Real Madrid reste sur une s\u00e9rie de 5 victoires cons\u00e9cutives \u00e0 domicile en Liga.<\/li>\n<li>Le Rayo Vallecano n&rsquo;a remport\u00e9 qu&rsquo;un seul de ses 10 derniers d\u00e9placements en championnat.<\/li>\n<li>Les Merengues ont inscrit au moins 2 buts lors de leurs 8 derni\u00e8res r\u00e9ceptions du Rayo en Liga.<\/li>\n<\/ul>\n<p>Ces chiffres t\u00e9moignent de la domination historique du Real Madrid dans ce derby, mais aussi du potentiel de surprise que repr\u00e9sente le Rayo Vallecano, capable de performances remarquables face aux grands d&rsquo;Espagne.<\/p>\n<p>En conclusion, ce derby madril\u00e8ne entre le Real Madrid et le Rayo Vallecano s&rsquo;annonce comme un match passionnant, riche en enjeux et en \u00e9motions. Entre l&rsquo;exp\u00e9rience et le talent des Merengues et la fougue et l&rsquo;ambition des Franjirrojos, tous les ingr\u00e9dients sont r\u00e9unis pour offrir un spectacle de haut niveau aux amateurs de football. Que le meilleur gagne dans ce duel \u00e9lectrique au c\u0153ur de la capitale espagnole !<\/p>\n","protected":false},"excerpt":{"rendered":"","protected":false},"author":34,"featured_media":12069,"comment_status":"open","ping_status":"open","sticky":false,"template":"","format":"standard","meta":{"_acf_changed":false,"manual_indexmenow":false,"indexmenow_id_project":0,"footnotes":""},"categories":[1],"tags":[5176,5175,5174],"class_list":["post-11655","post","type-post","status-publish","format-standard","has-post-thumbnail","hentry","category-a-la-une","tag-laliga","tag-rayovallecano","tag-realmadrid","generate-columns","tablet-grid-50","mobile-grid-100","grid-parent","grid-25"],"acf":[],"yoast_head":"<!-- This site is optimized with the Yoast SEO Premium plugin v21.3 (Yoast SEO v26.5) - https:\/\/yoast.com\/wordpress\/plugins\/seo\/ -->\n<title>Real Madrid vs Rayo Vallecano : Duel \u00e9lectrique<\/title>\n<meta name=\"description\" content=\"Real Madrid vs Rayo Vallecano : Duel \u00e9lectrique dans la capitale espagnole L&#039;histoire tumultueuse entre les Merengues et los Franjirrojos La rivalit\u00e9\u2026\" \/>\n<meta name=\"robots\" content=\"index, follow, max-snippet:-1, max-image-preview:large, max-video-preview:-1\" \/>\n<link rel=\"canonical\" href=\"https:\/\/sport-index.fr\/blog\/a-la-une\/real-madrid-vs-rayo-vallecano-duel-electrique-dans-la-capitale-espagnole\/\" \/>\n<meta property=\"og:locale\" content=\"fr_FR\" \/>\n<meta property=\"og:type\" content=\"article\" \/>\n<meta property=\"og:title\" content=\"Real Madrid vs Rayo Vallecano : Duel \u00e9lectrique\" \/>\n<meta property=\"og:description\" content=\"Real Madrid vs Rayo Vallecano : Duel \u00e9lectrique dans la capitale espagnole L&#039;histoire tumultueuse entre les Merengues et los Franjirrojos La rivalit\u00e9\u2026\" \/>\n<meta property=\"og:url\" content=\"https:\/\/sport-index.fr\/blog\/a-la-une\/real-madrid-vs-rayo-vallecano-duel-electrique-dans-la-capitale-espagnole\/\" \/>\n<meta property=\"og:site_name\" content=\"sport-index\" \/>\n<meta name=\"author\" content=\"Axel Lauzier\" \/>\n<meta name=\"twitter:card\" content=\"summary_large_image\" \/>\n<script type=\"application\/ld+json\" class=\"yoast-schema-graph\">{\"@context\":\"https:\/\/schema.org\",\"@graph\":[{\"@type\":\"NewsArticle\",\"@id\":\"https:\/\/sport-index.fr\/blog\/a-la-une\/real-madrid-vs-rayo-vallecano-duel-electrique-dans-la-capitale-espagnole\/#article\",\"isPartOf\":{\"@id\":\"https:\/\/sport-index.fr\/blog\/a-la-une\/real-madrid-vs-rayo-vallecano-duel-electrique-dans-la-capitale-espagnole\/\"},\"author\":{\"name\":\"Axel Lauzier\",\"@id\":\"https:\/\/sport-index.fr\/blog\/#\/schema\/person\/3c864cdc320801e3db34b663e7e3f816\"},\"headline\":\"Real Madrid vs Rayo Vallecano : Duel \u00e9lectrique dans la capitale espagnole\",\"datePublished\":\"2025-03-09T23:38:09+00:00\",\"mainEntityOfPage\":{\"@id\":\"https:\/\/sport-index.fr\/blog\/a-la-une\/real-madrid-vs-rayo-vallecano-duel-electrique-dans-la-capitale-espagnole\/\"},\"wordCount\":1476,\"commentCount\":0,\"publisher\":{\"@id\":\"https:\/\/sport-index.fr\/blog\/#organization\"},\"image\":{\"@id\":\"https:\/\/sport-index.fr\/blog\/a-la-une\/real-madrid-vs-rayo-vallecano-duel-electrique-dans-la-capitale-espagnole\/#primaryimage\"},\"thumbnailUrl\":\"https:\/\/sport-index.fr\/blog\/wp-content\/uploads\/2025\/03\/sdxl-976ab99081a32dc4727657c7faeda3c3.png\",\"keywords\":[\"laliga\",\"rayovallecano\",\"realmadrid\"],\"articleSection\":[\"\u00c0 la une\"],\"inLanguage\":\"fr-FR\",\"potentialAction\":[{\"@type\":\"CommentAction\",\"name\":\"Comment\",\"target\":[\"https:\/\/sport-index.fr\/blog\/a-la-une\/real-madrid-vs-rayo-vallecano-duel-electrique-dans-la-capitale-espagnole\/#respond\"]}]},{\"@type\":\"WebPage\",\"@id\":\"https:\/\/sport-index.fr\/blog\/a-la-une\/real-madrid-vs-rayo-vallecano-duel-electrique-dans-la-capitale-espagnole\/\",\"url\":\"https:\/\/sport-index.fr\/blog\/a-la-une\/real-madrid-vs-rayo-vallecano-duel-electrique-dans-la-capitale-espagnole\/\",\"name\":\"Real Madrid vs Rayo Vallecano : Duel \u00e9lectrique\",\"isPartOf\":{\"@id\":\"https:\/\/sport-index.fr\/blog\/#website\"},\"primaryImageOfPage\":{\"@id\":\"https:\/\/sport-index.fr\/blog\/a-la-une\/real-madrid-vs-rayo-vallecano-duel-electrique-dans-la-capitale-espagnole\/#primaryimage\"},\"image\":{\"@id\":\"https:\/\/sport-index.fr\/blog\/a-la-une\/real-madrid-vs-rayo-vallecano-duel-electrique-dans-la-capitale-espagnole\/#primaryimage\"},\"thumbnailUrl\":\"https:\/\/sport-index.fr\/blog\/wp-content\/uploads\/2025\/03\/sdxl-976ab99081a32dc4727657c7faeda3c3.png\",\"datePublished\":\"2025-03-09T23:38:09+00:00\",\"description\":\"Real Madrid vs Rayo Vallecano : Duel \u00e9lectrique dans la capitale espagnole L'histoire tumultueuse entre les Merengues et los Franjirrojos La rivalit\u00e9\u2026\",\"inLanguage\":\"fr-FR\",\"potentialAction\":[{\"@type\":\"ReadAction\",\"target\":[\"https:\/\/sport-index.fr\/blog\/a-la-une\/real-madrid-vs-rayo-vallecano-duel-electrique-dans-la-capitale-espagnole\/\"]}]},{\"@type\":\"ImageObject\",\"inLanguage\":\"fr-FR\",\"@id\":\"https:\/\/sport-index.fr\/blog\/a-la-une\/real-madrid-vs-rayo-vallecano-duel-electrique-dans-la-capitale-espagnole\/#primaryimage\",\"url\":\"https:\/\/sport-index.fr\/blog\/wp-content\/uploads\/2025\/03\/sdxl-976ab99081a32dc4727657c7faeda3c3.png\",\"contentUrl\":\"https:\/\/sport-index.fr\/blog\/wp-content\/uploads\/2025\/03\/sdxl-976ab99081a32dc4727657c7faeda3c3.png\",\"width\":1536,\"height\":640},{\"@type\":\"WebSite\",\"@id\":\"https:\/\/sport-index.fr\/blog\/#website\",\"url\":\"https:\/\/sport-index.fr\/blog\/\",\"name\":\"sport-index.fr\",\"description\":\"Le score de l\u2019analyse sportive.\",\"publisher\":{\"@id\":\"https:\/\/sport-index.fr\/blog\/#organization\"},\"alternateName\":\"Le score de l\u2019analyse sportive.\",\"potentialAction\":[{\"@type\":\"SearchAction\",\"target\":{\"@type\":\"EntryPoint\",\"urlTemplate\":\"https:\/\/sport-index.fr\/blog\/?s={search_term_string}\"},\"query-input\":{\"@type\":\"PropertyValueSpecification\",\"valueRequired\":true,\"valueName\":\"search_term_string\"}}],\"inLanguage\":\"fr-FR\"},{\"@type\":\"Organization\",\"@id\":\"https:\/\/sport-index.fr\/blog\/#organization\",\"name\":\"Foretsensations.fr\",\"url\":\"https:\/\/sport-index.fr\/blog\/\",\"logo\":{\"@type\":\"ImageObject\",\"inLanguage\":\"fr-FR\",\"@id\":\"https:\/\/sport-index.fr\/blog\/#\/schema\/logo\/image\/\",\"url\":\"https:\/\/sport-index.fr\/blog\/wp-content\/uploads\/2026\/07\/logo-auto.png\",\"contentUrl\":\"https:\/\/sport-index.fr\/blog\/wp-content\/uploads\/2026\/07\/logo-auto.png\",\"width\":1024,\"height\":1024,\"caption\":\"Foretsensations.fr\"},\"image\":{\"@id\":\"https:\/\/sport-index.fr\/blog\/#\/schema\/logo\/image\/\"}},{\"@type\":\"Person\",\"@id\":\"https:\/\/sport-index.fr\/blog\/#\/schema\/person\/3c864cdc320801e3db34b663e7e3f816\",\"name\":\"Axel Lauzier\",\"image\":{\"@type\":\"ImageObject\",\"inLanguage\":\"fr-FR\",\"@id\":\"https:\/\/sport-index.fr\/blog\/#\/schema\/person\/image\/\",\"url\":\"https:\/\/sport-index.fr\/blog\/wp-content\/uploads\/2026\/06\/persona_axel-l-96x96.jpg\",\"contentUrl\":\"https:\/\/sport-index.fr\/blog\/wp-content\/uploads\/2026\/06\/persona_axel-l-96x96.jpg\",\"caption\":\"Axel Lauzier\"},\"description\":\"Le sport rythme mon quotidien depuis l'enfance, et j'en ai fait mon m\u00e9tier d'analyste r\u00e9dactionnel il y a une dizaine d'ann\u00e9es. Je couvre principalement le football, son actualit\u00e9, ses transferts et l'analyse tactique des grandes affiches, mais aussi les disciplines plus confidentielles que j'aime remettre en lumi\u00e8re. Une partie de mon travail porte sur les pronostics et la lecture statistique d'un match : forme des \u00e9quipes, historique des confrontations, compositions, sans jamais vendre de fausse certitude. Je rappelle syst\u00e9matiquement que parier comporte un risque et doit rester un loisir ma\u00eetris\u00e9. Avant de signer une analyse, je v\u00e9rifie mes chiffres, je recoupe les compositions probables et je distingue toujours la donn\u00e9e brute de l'intuition. Mon objectif : offrir une lecture honn\u00eate et argument\u00e9e, pas un ticket gagnant garanti.\",\"sameAs\":[\"https:\/\/axellauzier.fr\/\"],\"url\":\"https:\/\/sport-index.fr\/blog\/auteur\/noname\/\"}]}<\/script>\n<!-- \/ Yoast SEO Premium plugin. -->","yoast_head_json":{"title":"Real Madrid vs Rayo Vallecano : Duel \u00e9lectrique","description":"Real Madrid vs Rayo Vallecano : Duel \u00e9lectrique dans la capitale espagnole L'histoire tumultueuse entre les Merengues et los Franjirrojos La rivalit\u00e9\u2026","robots":{"index":"index","follow":"follow","max-snippet":"max-snippet:-1","max-image-preview":"max-image-preview:large","max-video-preview":"max-video-preview:-1"},"canonical":"https:\/\/sport-index.fr\/blog\/a-la-une\/real-madrid-vs-rayo-vallecano-duel-electrique-dans-la-capitale-espagnole\/","og_locale":"fr_FR","og_type":"article","og_title":"Real Madrid vs Rayo Vallecano : Duel \u00e9lectrique","og_description":"Real Madrid vs Rayo Vallecano : Duel \u00e9lectrique dans la capitale espagnole L'histoire tumultueuse entre les Merengues et los Franjirrojos La rivalit\u00e9\u2026","og_url":"https:\/\/sport-index.fr\/blog\/a-la-une\/real-madrid-vs-rayo-vallecano-duel-electrique-dans-la-capitale-espagnole\/","og_site_name":"sport-index","author":"Axel Lauzier","twitter_card":"summary_large_image","schema":{"@context":"https:\/\/schema.org","@graph":[{"@type":"NewsArticle","@id":"https:\/\/sport-index.fr\/blog\/a-la-une\/real-madrid-vs-rayo-vallecano-duel-electrique-dans-la-capitale-espagnole\/#article","isPartOf":{"@id":"https:\/\/sport-index.fr\/blog\/a-la-une\/real-madrid-vs-rayo-vallecano-duel-electrique-dans-la-capitale-espagnole\/"},"author":{"name":"Axel Lauzier","@id":"https:\/\/sport-index.fr\/blog\/#\/schema\/person\/3c864cdc320801e3db34b663e7e3f816"},"headline":"Real Madrid vs Rayo Vallecano : Duel \u00e9lectrique dans la capitale espagnole","datePublished":"2025-03-09T23:38:09+00:00","mainEntityOfPage":{"@id":"https:\/\/sport-index.fr\/blog\/a-la-une\/real-madrid-vs-rayo-vallecano-duel-electrique-dans-la-capitale-espagnole\/"},"wordCount":1476,"commentCount":0,"publisher":{"@id":"https:\/\/sport-index.fr\/blog\/#organization"},"image":{"@id":"https:\/\/sport-index.fr\/blog\/a-la-une\/real-madrid-vs-rayo-vallecano-duel-electrique-dans-la-capitale-espagnole\/#primaryimage"},"thumbnailUrl":"https:\/\/sport-index.fr\/blog\/wp-content\/uploads\/2025\/03\/sdxl-976ab99081a32dc4727657c7faeda3c3.png","keywords":["laliga","rayovallecano","realmadrid"],"articleSection":["\u00c0 la une"],"inLanguage":"fr-FR","potentialAction":[{"@type":"CommentAction","name":"Comment","target":["https:\/\/sport-index.fr\/blog\/a-la-une\/real-madrid-vs-rayo-vallecano-duel-electrique-dans-la-capitale-espagnole\/#respond"]}]},{"@type":"WebPage","@id":"https:\/\/sport-index.fr\/blog\/a-la-une\/real-madrid-vs-rayo-vallecano-duel-electrique-dans-la-capitale-espagnole\/","url":"https:\/\/sport-index.fr\/blog\/a-la-une\/real-madrid-vs-rayo-vallecano-duel-electrique-dans-la-capitale-espagnole\/","name":"Real Madrid vs Rayo Vallecano : Duel \u00e9lectrique","isPartOf":{"@id":"https:\/\/sport-index.fr\/blog\/#website"},"primaryImageOfPage":{"@id":"https:\/\/sport-index.fr\/blog\/a-la-une\/real-madrid-vs-rayo-vallecano-duel-electrique-dans-la-capitale-espagnole\/#primaryimage"},"image":{"@id":"https:\/\/sport-index.fr\/blog\/a-la-une\/real-madrid-vs-rayo-vallecano-duel-electrique-dans-la-capitale-espagnole\/#primaryimage"},"thumbnailUrl":"https:\/\/sport-index.fr\/blog\/wp-content\/uploads\/2025\/03\/sdxl-976ab99081a32dc4727657c7faeda3c3.png","datePublished":"2025-03-09T23:38:09+00:00","description":"Real Madrid vs Rayo Vallecano : Duel \u00e9lectrique dans la capitale espagnole L'histoire tumultueuse entre les Merengues et los Franjirrojos La rivalit\u00e9\u2026","inLanguage":"fr-FR","potentialAction":[{"@type":"ReadAction","target":["https:\/\/sport-index.fr\/blog\/a-la-une\/real-madrid-vs-rayo-vallecano-duel-electrique-dans-la-capitale-espagnole\/"]}]},{"@type":"ImageObject","inLanguage":"fr-FR","@id":"https:\/\/sport-index.fr\/blog\/a-la-une\/real-madrid-vs-rayo-vallecano-duel-electrique-dans-la-capitale-espagnole\/#primaryimage","url":"https:\/\/sport-index.fr\/blog\/wp-content\/uploads\/2025\/03\/sdxl-976ab99081a32dc4727657c7faeda3c3.png","contentUrl":"https:\/\/sport-index.fr\/blog\/wp-content\/uploads\/2025\/03\/sdxl-976ab99081a32dc4727657c7faeda3c3.png","width":1536,"height":640},{"@type":"WebSite","@id":"https:\/\/sport-index.fr\/blog\/#website","url":"https:\/\/sport-index.fr\/blog\/","name":"sport-index.fr","description":"Le score de l\u2019analyse sportive.","publisher":{"@id":"https:\/\/sport-index.fr\/blog\/#organization"},"alternateName":"Le score de l\u2019analyse sportive.","potentialAction":[{"@type":"SearchAction","target":{"@type":"EntryPoint","urlTemplate":"https:\/\/sport-index.fr\/blog\/?s={search_term_string}"},"query-input":{"@type":"PropertyValueSpecification","valueRequired":true,"valueName":"search_term_string"}}],"inLanguage":"fr-FR"},{"@type":"Organization","@id":"https:\/\/sport-index.fr\/blog\/#organization","name":"Foretsensations.fr","url":"https:\/\/sport-index.fr\/blog\/","logo":{"@type":"ImageObject","inLanguage":"fr-FR","@id":"https:\/\/sport-index.fr\/blog\/#\/schema\/logo\/image\/","url":"https:\/\/sport-index.fr\/blog\/wp-content\/uploads\/2026\/07\/logo-auto.png","contentUrl":"https:\/\/sport-index.fr\/blog\/wp-content\/uploads\/2026\/07\/logo-auto.png","width":1024,"height":1024,"caption":"Foretsensations.fr"},"image":{"@id":"https:\/\/sport-index.fr\/blog\/#\/schema\/logo\/image\/"}},{"@type":"Person","@id":"https:\/\/sport-index.fr\/blog\/#\/schema\/person\/3c864cdc320801e3db34b663e7e3f816","name":"Axel Lauzier","image":{"@type":"ImageObject","inLanguage":"fr-FR","@id":"https:\/\/sport-index.fr\/blog\/#\/schema\/person\/image\/","url":"https:\/\/sport-index.fr\/blog\/wp-content\/uploads\/2026\/06\/persona_axel-l-96x96.jpg","contentUrl":"https:\/\/sport-index.fr\/blog\/wp-content\/uploads\/2026\/06\/persona_axel-l-96x96.jpg","caption":"Axel Lauzier"},"description":"Le sport rythme mon quotidien depuis l'enfance, et j'en ai fait mon m\u00e9tier d'analyste r\u00e9dactionnel il y a une dizaine d'ann\u00e9es. Je couvre principalement le football, son actualit\u00e9, ses transferts et l'analyse tactique des grandes affiches, mais aussi les disciplines plus confidentielles que j'aime remettre en lumi\u00e8re. Une partie de mon travail porte sur les pronostics et la lecture statistique d'un match : forme des \u00e9quipes, historique des confrontations, compositions, sans jamais vendre de fausse certitude. Je rappelle syst\u00e9matiquement que parier comporte un risque et doit rester un loisir ma\u00eetris\u00e9. Avant de signer une analyse, je v\u00e9rifie mes chiffres, je recoupe les compositions probables et je distingue toujours la donn\u00e9e brute de l'intuition. Mon objectif : offrir une lecture honn\u00eate et argument\u00e9e, pas un ticket gagnant garanti.","sameAs":["https:\/\/axellauzier.fr\/"],"url":"https:\/\/sport-index.fr\/blog\/auteur\/noname\/"}]}},"_links":{"self":[{"href":"https:\/\/sport-index.fr\/blog\/wp-json\/wp\/v2\/posts\/11655","targetHints":{"allow":["GET"]}}],"collection":[{"href":"https:\/\/sport-index.fr\/blog\/wp-json\/wp\/v2\/posts"}],"about":[{"href":"https:\/\/sport-index.fr\/blog\/wp-json\/wp\/v2\/types\/post"}],"author":[{"embeddable":true,"href":"https:\/\/sport-index.fr\/blog\/wp-json\/wp\/v2\/users\/34"}],"replies":[{"embeddable":true,"href":"https:\/\/sport-index.fr\/blog\/wp-json\/wp\/v2\/comments?post=11655"}],"version-history":[{"count":0,"href":"https:\/\/sport-index.fr\/blog\/wp-json\/wp\/v2\/posts\/11655\/revisions"}],"wp:featuredmedia":[{"embeddable":true,"href":"https:\/\/sport-index.fr\/blog\/wp-json\/wp\/v2\/media\/12069"}],"wp:attachment":[{"href":"https:\/\/sport-index.fr\/blog\/wp-json\/wp\/v2\/media?parent=11655"}],"wp:term":[{"taxonomy":"category","embeddable":true,"href":"https:\/\/sport-index.fr\/blog\/wp-json\/wp\/v2\/categories?post=11655"},{"taxonomy":"post_tag","embeddable":true,"href":"https:\/\/sport-index.fr\/blog\/wp-json\/wp\/v2\/tags?post=11655"}],"curies":[{"name":"wp","href":"https:\/\/api.w.org\/{rel}","templated":true}]}}