{"id":11683,"date":"2025-03-11T15:50:10","date_gmt":"2025-03-11T14:50:10","guid":{"rendered":"https:\/\/sport-index.fr\/blog\/?p=11683"},"modified":"2025-03-10T11:01:02","modified_gmt":"2025-03-10T10:01:02","slug":"la-revelation-de-jonas-vingegaard-sur-sa-blessure-un-retour-au-sommet-en-vue","status":"publish","type":"post","link":"https:\/\/sport-index.fr\/blog\/a-la-une\/la-revelation-de-jonas-vingegaard-sur-sa-blessure-un-retour-au-sommet-en-vue\/","title":{"rendered":"La r\u00e9v\u00e9lation de Jonas Vingegaard sur sa blessure : un retour au sommet en vue"},"content":{"rendered":"<p>Dans son dernier passage au \u00ab\u00a0Cycling Show\u00a0\u00bb, il a partag\u00e9 des d\u00e9tails poignants sur une blessure qui a marqu\u00e9 sa carri\u00e8re. Cet \u00e9v\u00e9nement, survenu lors du Tour du Pays basque 2024, a eu des r\u00e9percussions bien plus importantes que ce que le public a pu imaginer.<\/p>\n<h2>Une blessure sous-estim\u00e9e<\/h2>\n<p>Dans une interview r\u00e9cente, Vingegaard a d\u00e9clar\u00e9 : <\/p>\n<blockquote><p>\u00ab\u00a0Ma blessure \u00e9tait bien pire que ce que la plupart des gens pensent\u00a0\u00bb.<\/p><\/blockquote>\n<p> Cette phrase r\u00e9sume l&rsquo;ampleur de la douleur et des d\u00e9fis qu&rsquo;il a d\u00fb surmonter. Malgr\u00e9 cela, le champion danois n&rsquo;a montr\u00e9 aucun signe de d\u00e9ception apr\u00e8s avoir termin\u00e9 \u00e0 la deuxi\u00e8me place du Tour de France, preuve de son mental d&rsquo;acier.<\/p>\n<p>Sa capacit\u00e9 \u00e0 se relever apr\u00e8s une telle \u00e9preuve t\u00e9moigne de sa d\u00e9termination. Vingegaard sait que chaque course est une opportunit\u00e9 pour se prouver et prouver \u00e0 ses fans qu&rsquo;il est pr\u00eat \u00e0 revenir au sommet.<\/p>\n<h2>Des objectifs ambitieux pour l&rsquo;avenir<\/h2>\n<p>Avec la saison qui red\u00e9marre, Vingegaard a d&rsquo;ores et d\u00e9j\u00e0 fix\u00e9 ses objectifs. Il vise notamment la reconqu\u00eate de la Grande Boucle, un d\u00e9fi qu&rsquo;il souhaite relever avec la m\u00eame ardeur qu\u2019auparavant. En plus du Tour de France, il participera \u00e0 d&rsquo;autres courses embl\u00e9matiques, notamment Paris-Nice, qui d\u00e9butera ce week-end.<\/p>\n<p>Les fans de cyclisme peuvent s\u2019attendre \u00e0 le voir briller sur le circuit. Chaque comp\u00e9tition repr\u00e9sente pour lui une \u00e9tape vers la r\u00e9habilitation compl\u00e8te de sa carri\u00e8re et un retour \u00e0 son meilleur niveau.<\/p>\n<h2>L&rsquo;importance du soutien dans le cyclisme<\/h2>\n<p>Le soutien de l&rsquo;entourage est crucial pour un athl\u00e8te dans des moments difficiles. Vingegaard a soulign\u00e9 l&rsquo;importance de sa famille, de son \u00e9quipe et de ses fans dans son parcours de r\u00e9cup\u00e9ration. Leur encouragement l&rsquo;a aid\u00e9 \u00e0 surmonter la douleur physique et mentale li\u00e9e \u00e0 sa blessure.<\/p>\n<p>Dans le milieu du cyclisme, le soutien moral peut faire toute la diff\u00e9rence. Les coureurs comme Vingegaard montrent que derri\u00e8re chaque victoire, il y a un chemin sem\u00e9 d&#8217;emb\u00fbches et de luttes, et que le soutien de la communaut\u00e9 est essentiel.<\/p>\n<ul>\n<li>Une blessure plus grave que pr\u00e9vu<\/li>\n<li>Un retour ambitieux aux comp\u00e9titions<\/li>\n<li>Un soutien inestimable de l\u2019\u00e9quipe et des fans<\/li>\n<li>Les prochains d\u00e9fis : Paris-Nice et le Tour de France<\/li>\n<\/ul>\n<p>La route vers la r\u00e9cup\u00e9ration est parfois longue, mais Jonas Vingegaard a prouv\u00e9 qu&rsquo;avec de la d\u00e9termination et le bon soutien, tout est possible. Les prochains mois seront cruciaux pour lui, et les amateurs de cyclisme attendent avec impatience de le voir sur les routes, pr\u00eat \u00e0 se battre pour ses r\u00eaves.<\/p>\n","protected":false},"excerpt":{"rendered":"","protected":false},"author":34,"featured_media":12965,"comment_status":"open","ping_status":"open","sticky":false,"template":"","format":"standard","meta":{"_acf_changed":false,"manual_indexmenow":false,"indexmenow_id_project":0,"footnotes":""},"categories":[1],"tags":[4846,4559,4563,4408,5202],"class_list":["post-11683","post","type-post","status-publish","format-standard","has-post-thumbnail","hentry","category-a-la-une","tag-bien-etre-mental","tag-cyclisme","tag-performance-athletique","tag-resilience","tag-tour-de-france","generate-columns","tablet-grid-50","mobile-grid-100","grid-parent","grid-25"],"acf":[],"yoast_head":"<!-- This site is optimized with the Yoast SEO Premium plugin v21.3 (Yoast SEO v26.5) - https:\/\/yoast.com\/wordpress\/plugins\/seo\/ -->\n<title>La r\u00e9v\u00e9lation de Jonas Vingegaard sur sa blessure<\/title>\n<meta name=\"description\" content=\"Dans son dernier passage au &quot;Cycling Show&quot;, il a partag\u00e9 des d\u00e9tails poignants sur une blessure qui a marqu\u00e9 sa carri\u00e8re. Cet \u00e9v\u00e9nement, survenu lors du\u2026\" \/>\n<meta name=\"robots\" content=\"index, follow, max-snippet:-1, max-image-preview:large, max-video-preview:-1\" \/>\n<link rel=\"canonical\" href=\"https:\/\/sport-index.fr\/blog\/a-la-une\/la-revelation-de-jonas-vingegaard-sur-sa-blessure-un-retour-au-sommet-en-vue\/\" \/>\n<meta property=\"og:locale\" content=\"fr_FR\" \/>\n<meta property=\"og:type\" content=\"article\" \/>\n<meta property=\"og:title\" content=\"La r\u00e9v\u00e9lation de Jonas Vingegaard sur sa blessure\" \/>\n<meta property=\"og:description\" content=\"Dans son dernier passage au &quot;Cycling Show&quot;, il a partag\u00e9 des d\u00e9tails poignants sur une blessure qui a marqu\u00e9 sa carri\u00e8re. Cet \u00e9v\u00e9nement, survenu lors du\u2026\" \/>\n<meta property=\"og:url\" content=\"https:\/\/sport-index.fr\/blog\/a-la-une\/la-revelation-de-jonas-vingegaard-sur-sa-blessure-un-retour-au-sommet-en-vue\/\" \/>\n<meta property=\"og:site_name\" content=\"sport-index\" \/>\n<meta name=\"author\" content=\"Axel Lauzier\" \/>\n<meta name=\"twitter:card\" content=\"summary_large_image\" \/>\n<script type=\"application\/ld+json\" class=\"yoast-schema-graph\">{\"@context\":\"https:\/\/schema.org\",\"@graph\":[{\"@type\":\"NewsArticle\",\"@id\":\"https:\/\/sport-index.fr\/blog\/a-la-une\/la-revelation-de-jonas-vingegaard-sur-sa-blessure-un-retour-au-sommet-en-vue\/#article\",\"isPartOf\":{\"@id\":\"https:\/\/sport-index.fr\/blog\/a-la-une\/la-revelation-de-jonas-vingegaard-sur-sa-blessure-un-retour-au-sommet-en-vue\/\"},\"author\":{\"name\":\"Axel Lauzier\",\"@id\":\"https:\/\/sport-index.fr\/blog\/#\/schema\/person\/3c864cdc320801e3db34b663e7e3f816\"},\"headline\":\"La r\u00e9v\u00e9lation de Jonas Vingegaard sur sa blessure : un retour au sommet en vue\",\"datePublished\":\"2025-03-11T14:50:10+00:00\",\"mainEntityOfPage\":{\"@id\":\"https:\/\/sport-index.fr\/blog\/a-la-une\/la-revelation-de-jonas-vingegaard-sur-sa-blessure-un-retour-au-sommet-en-vue\/\"},\"wordCount\":475,\"commentCount\":24,\"publisher\":{\"@id\":\"https:\/\/sport-index.fr\/blog\/#organization\"},\"image\":{\"@id\":\"https:\/\/sport-index.fr\/blog\/a-la-une\/la-revelation-de-jonas-vingegaard-sur-sa-blessure-un-retour-au-sommet-en-vue\/#primaryimage\"},\"thumbnailUrl\":\"https:\/\/sport-index.fr\/blog\/wp-content\/uploads\/2025\/04\/sdxl-a505b6cc3fdaf882d49bf5a28a3fb23b.png\",\"keywords\":[\"Bien-\u00eatre Mental\",\"Cyclisme\",\"Performance Athl\u00e9tique\",\"R\u00e9silience\",\"Tour de France\"],\"articleSection\":[\"\u00c0 la une\"],\"inLanguage\":\"fr-FR\",\"potentialAction\":[{\"@type\":\"CommentAction\",\"name\":\"Comment\",\"target\":[\"https:\/\/sport-index.fr\/blog\/a-la-une\/la-revelation-de-jonas-vingegaard-sur-sa-blessure-un-retour-au-sommet-en-vue\/#respond\"]}]},{\"@type\":\"WebPage\",\"@id\":\"https:\/\/sport-index.fr\/blog\/a-la-une\/la-revelation-de-jonas-vingegaard-sur-sa-blessure-un-retour-au-sommet-en-vue\/\",\"url\":\"https:\/\/sport-index.fr\/blog\/a-la-une\/la-revelation-de-jonas-vingegaard-sur-sa-blessure-un-retour-au-sommet-en-vue\/\",\"name\":\"La r\u00e9v\u00e9lation de Jonas Vingegaard sur sa blessure\",\"isPartOf\":{\"@id\":\"https:\/\/sport-index.fr\/blog\/#website\"},\"primaryImageOfPage\":{\"@id\":\"https:\/\/sport-index.fr\/blog\/a-la-une\/la-revelation-de-jonas-vingegaard-sur-sa-blessure-un-retour-au-sommet-en-vue\/#primaryimage\"},\"image\":{\"@id\":\"https:\/\/sport-index.fr\/blog\/a-la-une\/la-revelation-de-jonas-vingegaard-sur-sa-blessure-un-retour-au-sommet-en-vue\/#primaryimage\"},\"thumbnailUrl\":\"https:\/\/sport-index.fr\/blog\/wp-content\/uploads\/2025\/04\/sdxl-a505b6cc3fdaf882d49bf5a28a3fb23b.png\",\"datePublished\":\"2025-03-11T14:50:10+00:00\",\"description\":\"Dans son dernier passage au \\\"Cycling Show\\\", il a partag\u00e9 des d\u00e9tails poignants sur une blessure qui a marqu\u00e9 sa carri\u00e8re. Cet \u00e9v\u00e9nement, survenu lors du\u2026\",\"inLanguage\":\"fr-FR\",\"potentialAction\":[{\"@type\":\"ReadAction\",\"target\":[\"https:\/\/sport-index.fr\/blog\/a-la-une\/la-revelation-de-jonas-vingegaard-sur-sa-blessure-un-retour-au-sommet-en-vue\/\"]}]},{\"@type\":\"ImageObject\",\"inLanguage\":\"fr-FR\",\"@id\":\"https:\/\/sport-index.fr\/blog\/a-la-une\/la-revelation-de-jonas-vingegaard-sur-sa-blessure-un-retour-au-sommet-en-vue\/#primaryimage\",\"url\":\"https:\/\/sport-index.fr\/blog\/wp-content\/uploads\/2025\/04\/sdxl-a505b6cc3fdaf882d49bf5a28a3fb23b.png\",\"contentUrl\":\"https:\/\/sport-index.fr\/blog\/wp-content\/uploads\/2025\/04\/sdxl-a505b6cc3fdaf882d49bf5a28a3fb23b.png\",\"width\":1536,\"height\":640},{\"@type\":\"WebSite\",\"@id\":\"https:\/\/sport-index.fr\/blog\/#website\",\"url\":\"https:\/\/sport-index.fr\/blog\/\",\"name\":\"sport-index.fr\",\"description\":\"Le score de l\u2019analyse sportive.\",\"publisher\":{\"@id\":\"https:\/\/sport-index.fr\/blog\/#organization\"},\"alternateName\":\"Le score de l\u2019analyse sportive.\",\"potentialAction\":[{\"@type\":\"SearchAction\",\"target\":{\"@type\":\"EntryPoint\",\"urlTemplate\":\"https:\/\/sport-index.fr\/blog\/?s={search_term_string}\"},\"query-input\":{\"@type\":\"PropertyValueSpecification\",\"valueRequired\":true,\"valueName\":\"search_term_string\"}}],\"inLanguage\":\"fr-FR\"},{\"@type\":\"Organization\",\"@id\":\"https:\/\/sport-index.fr\/blog\/#organization\",\"name\":\"Foretsensations.fr\",\"url\":\"https:\/\/sport-index.fr\/blog\/\",\"logo\":{\"@type\":\"ImageObject\",\"inLanguage\":\"fr-FR\",\"@id\":\"https:\/\/sport-index.fr\/blog\/#\/schema\/logo\/image\/\",\"url\":\"https:\/\/sport-index.fr\/blog\/wp-content\/uploads\/2026\/07\/logo-auto.png\",\"contentUrl\":\"https:\/\/sport-index.fr\/blog\/wp-content\/uploads\/2026\/07\/logo-auto.png\",\"width\":1024,\"height\":1024,\"caption\":\"Foretsensations.fr\"},\"image\":{\"@id\":\"https:\/\/sport-index.fr\/blog\/#\/schema\/logo\/image\/\"}},{\"@type\":\"Person\",\"@id\":\"https:\/\/sport-index.fr\/blog\/#\/schema\/person\/3c864cdc320801e3db34b663e7e3f816\",\"name\":\"Axel Lauzier\",\"image\":{\"@type\":\"ImageObject\",\"inLanguage\":\"fr-FR\",\"@id\":\"https:\/\/sport-index.fr\/blog\/#\/schema\/person\/image\/\",\"url\":\"https:\/\/sport-index.fr\/blog\/wp-content\/uploads\/2026\/06\/persona_axel-l-96x96.jpg\",\"contentUrl\":\"https:\/\/sport-index.fr\/blog\/wp-content\/uploads\/2026\/06\/persona_axel-l-96x96.jpg\",\"caption\":\"Axel Lauzier\"},\"description\":\"Le sport rythme mon quotidien depuis l'enfance, et j'en ai fait mon m\u00e9tier d'analyste r\u00e9dactionnel il y a une dizaine d'ann\u00e9es. Je couvre principalement le football, son actualit\u00e9, ses transferts et l'analyse tactique des grandes affiches, mais aussi les disciplines plus confidentielles que j'aime remettre en lumi\u00e8re. Une partie de mon travail porte sur les pronostics et la lecture statistique d'un match : forme des \u00e9quipes, historique des confrontations, compositions, sans jamais vendre de fausse certitude. Je rappelle syst\u00e9matiquement que parier comporte un risque et doit rester un loisir ma\u00eetris\u00e9. Avant de signer une analyse, je v\u00e9rifie mes chiffres, je recoupe les compositions probables et je distingue toujours la donn\u00e9e brute de l'intuition. Mon objectif : offrir une lecture honn\u00eate et argument\u00e9e, pas un ticket gagnant garanti.\",\"sameAs\":[\"https:\/\/axellauzier.fr\/\"],\"url\":\"https:\/\/sport-index.fr\/blog\/auteur\/noname\/\"}]}<\/script>\n<!-- \/ Yoast SEO Premium plugin. -->","yoast_head_json":{"title":"La r\u00e9v\u00e9lation de Jonas Vingegaard sur sa blessure","description":"Dans son dernier passage au \"Cycling Show\", il a partag\u00e9 des d\u00e9tails poignants sur une blessure qui a marqu\u00e9 sa carri\u00e8re. Cet \u00e9v\u00e9nement, survenu lors du\u2026","robots":{"index":"index","follow":"follow","max-snippet":"max-snippet:-1","max-image-preview":"max-image-preview:large","max-video-preview":"max-video-preview:-1"},"canonical":"https:\/\/sport-index.fr\/blog\/a-la-une\/la-revelation-de-jonas-vingegaard-sur-sa-blessure-un-retour-au-sommet-en-vue\/","og_locale":"fr_FR","og_type":"article","og_title":"La r\u00e9v\u00e9lation de Jonas Vingegaard sur sa blessure","og_description":"Dans son dernier passage au \"Cycling Show\", il a partag\u00e9 des d\u00e9tails poignants sur une blessure qui a marqu\u00e9 sa carri\u00e8re. Cet \u00e9v\u00e9nement, survenu lors du\u2026","og_url":"https:\/\/sport-index.fr\/blog\/a-la-une\/la-revelation-de-jonas-vingegaard-sur-sa-blessure-un-retour-au-sommet-en-vue\/","og_site_name":"sport-index","author":"Axel Lauzier","twitter_card":"summary_large_image","schema":{"@context":"https:\/\/schema.org","@graph":[{"@type":"NewsArticle","@id":"https:\/\/sport-index.fr\/blog\/a-la-une\/la-revelation-de-jonas-vingegaard-sur-sa-blessure-un-retour-au-sommet-en-vue\/#article","isPartOf":{"@id":"https:\/\/sport-index.fr\/blog\/a-la-une\/la-revelation-de-jonas-vingegaard-sur-sa-blessure-un-retour-au-sommet-en-vue\/"},"author":{"name":"Axel Lauzier","@id":"https:\/\/sport-index.fr\/blog\/#\/schema\/person\/3c864cdc320801e3db34b663e7e3f816"},"headline":"La r\u00e9v\u00e9lation de Jonas Vingegaard sur sa blessure : un retour au sommet en vue","datePublished":"2025-03-11T14:50:10+00:00","mainEntityOfPage":{"@id":"https:\/\/sport-index.fr\/blog\/a-la-une\/la-revelation-de-jonas-vingegaard-sur-sa-blessure-un-retour-au-sommet-en-vue\/"},"wordCount":475,"commentCount":24,"publisher":{"@id":"https:\/\/sport-index.fr\/blog\/#organization"},"image":{"@id":"https:\/\/sport-index.fr\/blog\/a-la-une\/la-revelation-de-jonas-vingegaard-sur-sa-blessure-un-retour-au-sommet-en-vue\/#primaryimage"},"thumbnailUrl":"https:\/\/sport-index.fr\/blog\/wp-content\/uploads\/2025\/04\/sdxl-a505b6cc3fdaf882d49bf5a28a3fb23b.png","keywords":["Bien-\u00eatre Mental","Cyclisme","Performance Athl\u00e9tique","R\u00e9silience","Tour de France"],"articleSection":["\u00c0 la une"],"inLanguage":"fr-FR","potentialAction":[{"@type":"CommentAction","name":"Comment","target":["https:\/\/sport-index.fr\/blog\/a-la-une\/la-revelation-de-jonas-vingegaard-sur-sa-blessure-un-retour-au-sommet-en-vue\/#respond"]}]},{"@type":"WebPage","@id":"https:\/\/sport-index.fr\/blog\/a-la-une\/la-revelation-de-jonas-vingegaard-sur-sa-blessure-un-retour-au-sommet-en-vue\/","url":"https:\/\/sport-index.fr\/blog\/a-la-une\/la-revelation-de-jonas-vingegaard-sur-sa-blessure-un-retour-au-sommet-en-vue\/","name":"La r\u00e9v\u00e9lation de Jonas Vingegaard sur sa blessure","isPartOf":{"@id":"https:\/\/sport-index.fr\/blog\/#website"},"primaryImageOfPage":{"@id":"https:\/\/sport-index.fr\/blog\/a-la-une\/la-revelation-de-jonas-vingegaard-sur-sa-blessure-un-retour-au-sommet-en-vue\/#primaryimage"},"image":{"@id":"https:\/\/sport-index.fr\/blog\/a-la-une\/la-revelation-de-jonas-vingegaard-sur-sa-blessure-un-retour-au-sommet-en-vue\/#primaryimage"},"thumbnailUrl":"https:\/\/sport-index.fr\/blog\/wp-content\/uploads\/2025\/04\/sdxl-a505b6cc3fdaf882d49bf5a28a3fb23b.png","datePublished":"2025-03-11T14:50:10+00:00","description":"Dans son dernier passage au \"Cycling Show\", il a partag\u00e9 des d\u00e9tails poignants sur une blessure qui a marqu\u00e9 sa carri\u00e8re. Cet \u00e9v\u00e9nement, survenu lors du\u2026","inLanguage":"fr-FR","potentialAction":[{"@type":"ReadAction","target":["https:\/\/sport-index.fr\/blog\/a-la-une\/la-revelation-de-jonas-vingegaard-sur-sa-blessure-un-retour-au-sommet-en-vue\/"]}]},{"@type":"ImageObject","inLanguage":"fr-FR","@id":"https:\/\/sport-index.fr\/blog\/a-la-une\/la-revelation-de-jonas-vingegaard-sur-sa-blessure-un-retour-au-sommet-en-vue\/#primaryimage","url":"https:\/\/sport-index.fr\/blog\/wp-content\/uploads\/2025\/04\/sdxl-a505b6cc3fdaf882d49bf5a28a3fb23b.png","contentUrl":"https:\/\/sport-index.fr\/blog\/wp-content\/uploads\/2025\/04\/sdxl-a505b6cc3fdaf882d49bf5a28a3fb23b.png","width":1536,"height":640},{"@type":"WebSite","@id":"https:\/\/sport-index.fr\/blog\/#website","url":"https:\/\/sport-index.fr\/blog\/","name":"sport-index.fr","description":"Le score de l\u2019analyse sportive.","publisher":{"@id":"https:\/\/sport-index.fr\/blog\/#organization"},"alternateName":"Le score de l\u2019analyse sportive.","potentialAction":[{"@type":"SearchAction","target":{"@type":"EntryPoint","urlTemplate":"https:\/\/sport-index.fr\/blog\/?s={search_term_string}"},"query-input":{"@type":"PropertyValueSpecification","valueRequired":true,"valueName":"search_term_string"}}],"inLanguage":"fr-FR"},{"@type":"Organization","@id":"https:\/\/sport-index.fr\/blog\/#organization","name":"Foretsensations.fr","url":"https:\/\/sport-index.fr\/blog\/","logo":{"@type":"ImageObject","inLanguage":"fr-FR","@id":"https:\/\/sport-index.fr\/blog\/#\/schema\/logo\/image\/","url":"https:\/\/sport-index.fr\/blog\/wp-content\/uploads\/2026\/07\/logo-auto.png","contentUrl":"https:\/\/sport-index.fr\/blog\/wp-content\/uploads\/2026\/07\/logo-auto.png","width":1024,"height":1024,"caption":"Foretsensations.fr"},"image":{"@id":"https:\/\/sport-index.fr\/blog\/#\/schema\/logo\/image\/"}},{"@type":"Person","@id":"https:\/\/sport-index.fr\/blog\/#\/schema\/person\/3c864cdc320801e3db34b663e7e3f816","name":"Axel Lauzier","image":{"@type":"ImageObject","inLanguage":"fr-FR","@id":"https:\/\/sport-index.fr\/blog\/#\/schema\/person\/image\/","url":"https:\/\/sport-index.fr\/blog\/wp-content\/uploads\/2026\/06\/persona_axel-l-96x96.jpg","contentUrl":"https:\/\/sport-index.fr\/blog\/wp-content\/uploads\/2026\/06\/persona_axel-l-96x96.jpg","caption":"Axel Lauzier"},"description":"Le sport rythme mon quotidien depuis l'enfance, et j'en ai fait mon m\u00e9tier d'analyste r\u00e9dactionnel il y a une dizaine d'ann\u00e9es. Je couvre principalement le football, son actualit\u00e9, ses transferts et l'analyse tactique des grandes affiches, mais aussi les disciplines plus confidentielles que j'aime remettre en lumi\u00e8re. Une partie de mon travail porte sur les pronostics et la lecture statistique d'un match : forme des \u00e9quipes, historique des confrontations, compositions, sans jamais vendre de fausse certitude. Je rappelle syst\u00e9matiquement que parier comporte un risque et doit rester un loisir ma\u00eetris\u00e9. Avant de signer une analyse, je v\u00e9rifie mes chiffres, je recoupe les compositions probables et je distingue toujours la donn\u00e9e brute de l'intuition. Mon objectif : offrir une lecture honn\u00eate et argument\u00e9e, pas un ticket gagnant garanti.","sameAs":["https:\/\/axellauzier.fr\/"],"url":"https:\/\/sport-index.fr\/blog\/auteur\/noname\/"}]}},"_links":{"self":[{"href":"https:\/\/sport-index.fr\/blog\/wp-json\/wp\/v2\/posts\/11683","targetHints":{"allow":["GET"]}}],"collection":[{"href":"https:\/\/sport-index.fr\/blog\/wp-json\/wp\/v2\/posts"}],"about":[{"href":"https:\/\/sport-index.fr\/blog\/wp-json\/wp\/v2\/types\/post"}],"author":[{"embeddable":true,"href":"https:\/\/sport-index.fr\/blog\/wp-json\/wp\/v2\/users\/34"}],"replies":[{"embeddable":true,"href":"https:\/\/sport-index.fr\/blog\/wp-json\/wp\/v2\/comments?post=11683"}],"version-history":[{"count":1,"href":"https:\/\/sport-index.fr\/blog\/wp-json\/wp\/v2\/posts\/11683\/revisions"}],"predecessor-version":[{"id":11721,"href":"https:\/\/sport-index.fr\/blog\/wp-json\/wp\/v2\/posts\/11683\/revisions\/11721"}],"wp:featuredmedia":[{"embeddable":true,"href":"https:\/\/sport-index.fr\/blog\/wp-json\/wp\/v2\/media\/12965"}],"wp:attachment":[{"href":"https:\/\/sport-index.fr\/blog\/wp-json\/wp\/v2\/media?parent=11683"}],"wp:term":[{"taxonomy":"category","embeddable":true,"href":"https:\/\/sport-index.fr\/blog\/wp-json\/wp\/v2\/categories?post=11683"},{"taxonomy":"post_tag","embeddable":true,"href":"https:\/\/sport-index.fr\/blog\/wp-json\/wp\/v2\/tags?post=11683"}],"curies":[{"name":"wp","href":"https:\/\/api.w.org\/{rel}","templated":true}]}}