{"id":11693,"date":"2025-03-11T04:29:29","date_gmt":"2025-03-11T03:29:29","guid":{"rendered":"https:\/\/sport-index.fr\/blog\/?p=11693"},"modified":"2025-03-10T14:03:00","modified_gmt":"2025-03-10T13:03:00","slug":"arnaud-demare-face-a-tim-merlier-un-duel-captivant-a-paris-nice","status":"publish","type":"post","link":"https:\/\/sport-index.fr\/blog\/a-la-une\/arnaud-demare-face-a-tim-merlier-un-duel-captivant-a-paris-nice\/","title":{"rendered":"Arnaud D\u00e9mare face \u00e0 Tim Merlier : un duel captivant \u00e0 Paris-Nice"},"content":{"rendered":"<p>Au c\u0153ur de cette comp\u00e9tition, Arnaud D\u00e9mare, sprinteur fran\u00e7ais de 33 ans, se pr\u00e9pare pour la deuxi\u00e8me \u00e9tape avec des ambitions claires. Apr\u00e8s avoir termin\u00e9 deuxi\u00e8me derri\u00e8re Tim Merlier lors de la premi\u00e8re \u00e9tape, il s&rsquo;exprime sur ses impressions et ses attentes face \u00e0 ce rival redoutable.<\/p>\n<h2>Un sprinteur d\u00e9termin\u00e9<\/h2>\n<p>Arnaud D\u00e9mare n&rsquo;est pas un coureur qui se contente de la seconde place. Avec 97 victoires \u00e0 son actif, il sait ce que c&rsquo;est que de se battre pour la victoire. \u00ab\u00a0Je ne suis pas l\u00e0 pour faire 2e\u00a0\u00bb, d\u00e9clare-t-il, affirmant sa d\u00e9termination \u00e0 surpasser ses adversaires.<\/p>\n<p>Lors de la premi\u00e8re \u00e9tape, il a prouv\u00e9 sa force en se battant jusqu&rsquo;\u00e0 la fin. Cependant, il a aussi reconnu la sup\u00e9riorit\u00e9 de Tim Merlier, qu&rsquo;il consid\u00e8re comme le coureur \u00e0 battre, tout en \u00e9tant conscient de ses propres capacit\u00e9s \u00e0 cr\u00e9er la surprise.<\/p>\n<h2>La rivalit\u00e9 avec Tim Merlier<\/h2>\n<p>Tim Merlier, champion d&rsquo;Europe, est sans aucun doute un concurrent redoutable. D\u00e9mare le d\u00e9crit comme \u00ab\u00a0tr\u00e8s fort\u00a0\u00bb, mais il est confiant dans ses propres chances. \u00ab\u00a0Je pense qu&rsquo;il est prenable\u00a0\u00bb, affirme-t-il, soulignant que chaque course peut r\u00e9server des surprises.<\/p>\n<p>Cette rivalit\u00e9 entre les deux coureurs ajoute une dimension excitante \u00e0 la course. Les amateurs de cyclisme attendent avec impatience de voir comment D\u00e9mare tentera de d\u00e9jouer les plans de Merlier dans les prochaines \u00e9tapes.<\/p>\n<h2>Les enjeux de la comp\u00e9tition<\/h2>\n<p>La deuxi\u00e8me \u00e9tape de Paris-Nice repr\u00e9sente un v\u00e9ritable d\u00e9fi pour tous les coureurs. D\u00e9mare sait que pour esp\u00e9rer l&#8217;emporter, il devra \u00eatre \u00e0 son meilleur niveau. Chaque d\u00e9tail compte, du positionnement sur la route aux strat\u00e9gies adopt\u00e9es dans les derniers kilom\u00e8tres.<\/p>\n<p>Les attentes sont \u00e9lev\u00e9es, tant pour D\u00e9mare que pour Merlier. Les deux coureurs, tout en respectant le talent de l&rsquo;autre, sont d\u00e9termin\u00e9s \u00e0 faire briller leur propre palmar\u00e8s.<\/p>\n<ul>\n<li>Arnaud D\u00e9mare : 33 ans, 97 victoires en carri\u00e8re<\/li>\n<li>Tim Merlier : Champion d&rsquo;Europe, grand favori de la 2e \u00e9tape<\/li>\n<li>Paris-Nice : Une comp\u00e9tition cl\u00e9 dans le calendrier cycliste<\/li>\n<li>La rivalit\u00e9 : Un aspect captivant pour les spectateurs et les coureurs<\/li>\n<\/ul>\n<blockquote><p>\n\u00ab\u00a0Il est vraiment tr\u00e8s fort, c&rsquo;est l&rsquo;homme \u00e0 battre.\u00a0\u00bb &#8211; Arnaud D\u00e9mare sur Tim Merlier\n<\/p><\/blockquote>\n<p>En somme, la deuxi\u00e8me \u00e9tape de Paris-Nice ne sera pas qu&rsquo;une simple course, mais un v\u00e9ritable affrontement entre deux champions. D\u00e9mare, avec son exp\u00e9rience et sa d\u00e9termination, esp\u00e8re bien renverser la tendance face \u00e0 Merlier. Les passionn\u00e9s de cyclisme peuvent s&rsquo;attendre \u00e0 une course palpitante qui mettra en lumi\u00e8re le meilleur de ce sport.<\/p>\n","protected":false},"excerpt":{"rendered":"","protected":false},"author":34,"featured_media":12967,"comment_status":"open","ping_status":"open","sticky":false,"template":"","format":"standard","meta":{"_acf_changed":false,"manual_indexmenow":false,"indexmenow_id_project":0,"footnotes":""},"categories":[1],"tags":[4745,4545,4559,5203,4543],"class_list":["post-11693","post","type-post","status-publish","format-standard","has-post-thumbnail","hentry","category-a-la-une","tag-competition","tag-confiance","tag-cyclisme","tag-paris-nice","tag-performance","generate-columns","tablet-grid-50","mobile-grid-100","grid-parent","grid-25"],"acf":[],"yoast_head":"<!-- This site is optimized with the Yoast SEO Premium plugin v21.3 (Yoast SEO v26.5) - https:\/\/yoast.com\/wordpress\/plugins\/seo\/ -->\n<title>Arnaud D\u00e9mare face \u00e0 Tim Merlier : un duel captivant<\/title>\n<meta name=\"description\" content=\"Au c\u0153ur de cette comp\u00e9tition, Arnaud D\u00e9mare, sprinteur fran\u00e7ais de 33 ans, se pr\u00e9pare pour la deuxi\u00e8me \u00e9tape avec des ambitions claires. Apr\u00e8s avoir\u2026\" \/>\n<meta name=\"robots\" content=\"index, follow, max-snippet:-1, max-image-preview:large, max-video-preview:-1\" \/>\n<link rel=\"canonical\" href=\"https:\/\/sport-index.fr\/blog\/a-la-une\/arnaud-demare-face-a-tim-merlier-un-duel-captivant-a-paris-nice\/\" \/>\n<meta property=\"og:locale\" content=\"fr_FR\" \/>\n<meta property=\"og:type\" content=\"article\" \/>\n<meta property=\"og:title\" content=\"Arnaud D\u00e9mare face \u00e0 Tim Merlier : un duel captivant\" \/>\n<meta property=\"og:description\" content=\"Au c\u0153ur de cette comp\u00e9tition, Arnaud D\u00e9mare, sprinteur fran\u00e7ais de 33 ans, se pr\u00e9pare pour la deuxi\u00e8me \u00e9tape avec des ambitions claires. Apr\u00e8s avoir\u2026\" \/>\n<meta property=\"og:url\" content=\"https:\/\/sport-index.fr\/blog\/a-la-une\/arnaud-demare-face-a-tim-merlier-un-duel-captivant-a-paris-nice\/\" \/>\n<meta property=\"og:site_name\" content=\"sport-index\" \/>\n<meta name=\"author\" content=\"Axel Lauzier\" \/>\n<meta name=\"twitter:card\" content=\"summary_large_image\" \/>\n<script type=\"application\/ld+json\" class=\"yoast-schema-graph\">{\"@context\":\"https:\/\/schema.org\",\"@graph\":[{\"@type\":\"NewsArticle\",\"@id\":\"https:\/\/sport-index.fr\/blog\/a-la-une\/arnaud-demare-face-a-tim-merlier-un-duel-captivant-a-paris-nice\/#article\",\"isPartOf\":{\"@id\":\"https:\/\/sport-index.fr\/blog\/a-la-une\/arnaud-demare-face-a-tim-merlier-un-duel-captivant-a-paris-nice\/\"},\"author\":{\"name\":\"Axel Lauzier\",\"@id\":\"https:\/\/sport-index.fr\/blog\/#\/schema\/person\/3c864cdc320801e3db34b663e7e3f816\"},\"headline\":\"Arnaud D\u00e9mare face \u00e0 Tim Merlier : un duel captivant \u00e0 Paris-Nice\",\"datePublished\":\"2025-03-11T03:29:29+00:00\",\"mainEntityOfPage\":{\"@id\":\"https:\/\/sport-index.fr\/blog\/a-la-une\/arnaud-demare-face-a-tim-merlier-un-duel-captivant-a-paris-nice\/\"},\"wordCount\":463,\"commentCount\":20,\"publisher\":{\"@id\":\"https:\/\/sport-index.fr\/blog\/#organization\"},\"image\":{\"@id\":\"https:\/\/sport-index.fr\/blog\/a-la-une\/arnaud-demare-face-a-tim-merlier-un-duel-captivant-a-paris-nice\/#primaryimage\"},\"thumbnailUrl\":\"https:\/\/sport-index.fr\/blog\/wp-content\/uploads\/2025\/04\/sdxl-1d8855fe428cffcd3ab93866e527c8a9.png\",\"keywords\":[\"Comp\u00e9tition\",\"Confiance\",\"Cyclisme\",\"Paris-Nice\",\"Performance\"],\"articleSection\":[\"\u00c0 la une\"],\"inLanguage\":\"fr-FR\",\"potentialAction\":[{\"@type\":\"CommentAction\",\"name\":\"Comment\",\"target\":[\"https:\/\/sport-index.fr\/blog\/a-la-une\/arnaud-demare-face-a-tim-merlier-un-duel-captivant-a-paris-nice\/#respond\"]}]},{\"@type\":\"WebPage\",\"@id\":\"https:\/\/sport-index.fr\/blog\/a-la-une\/arnaud-demare-face-a-tim-merlier-un-duel-captivant-a-paris-nice\/\",\"url\":\"https:\/\/sport-index.fr\/blog\/a-la-une\/arnaud-demare-face-a-tim-merlier-un-duel-captivant-a-paris-nice\/\",\"name\":\"Arnaud D\u00e9mare face \u00e0 Tim Merlier : un duel captivant\",\"isPartOf\":{\"@id\":\"https:\/\/sport-index.fr\/blog\/#website\"},\"primaryImageOfPage\":{\"@id\":\"https:\/\/sport-index.fr\/blog\/a-la-une\/arnaud-demare-face-a-tim-merlier-un-duel-captivant-a-paris-nice\/#primaryimage\"},\"image\":{\"@id\":\"https:\/\/sport-index.fr\/blog\/a-la-une\/arnaud-demare-face-a-tim-merlier-un-duel-captivant-a-paris-nice\/#primaryimage\"},\"thumbnailUrl\":\"https:\/\/sport-index.fr\/blog\/wp-content\/uploads\/2025\/04\/sdxl-1d8855fe428cffcd3ab93866e527c8a9.png\",\"datePublished\":\"2025-03-11T03:29:29+00:00\",\"description\":\"Au c\u0153ur de cette comp\u00e9tition, Arnaud D\u00e9mare, sprinteur fran\u00e7ais de 33 ans, se pr\u00e9pare pour la deuxi\u00e8me \u00e9tape avec des ambitions claires. Apr\u00e8s avoir\u2026\",\"inLanguage\":\"fr-FR\",\"potentialAction\":[{\"@type\":\"ReadAction\",\"target\":[\"https:\/\/sport-index.fr\/blog\/a-la-une\/arnaud-demare-face-a-tim-merlier-un-duel-captivant-a-paris-nice\/\"]}]},{\"@type\":\"ImageObject\",\"inLanguage\":\"fr-FR\",\"@id\":\"https:\/\/sport-index.fr\/blog\/a-la-une\/arnaud-demare-face-a-tim-merlier-un-duel-captivant-a-paris-nice\/#primaryimage\",\"url\":\"https:\/\/sport-index.fr\/blog\/wp-content\/uploads\/2025\/04\/sdxl-1d8855fe428cffcd3ab93866e527c8a9.png\",\"contentUrl\":\"https:\/\/sport-index.fr\/blog\/wp-content\/uploads\/2025\/04\/sdxl-1d8855fe428cffcd3ab93866e527c8a9.png\",\"width\":1536,\"height\":640},{\"@type\":\"WebSite\",\"@id\":\"https:\/\/sport-index.fr\/blog\/#website\",\"url\":\"https:\/\/sport-index.fr\/blog\/\",\"name\":\"sport-index.fr\",\"description\":\"Le score de l\u2019analyse sportive.\",\"publisher\":{\"@id\":\"https:\/\/sport-index.fr\/blog\/#organization\"},\"alternateName\":\"Le score de l\u2019analyse sportive.\",\"potentialAction\":[{\"@type\":\"SearchAction\",\"target\":{\"@type\":\"EntryPoint\",\"urlTemplate\":\"https:\/\/sport-index.fr\/blog\/?s={search_term_string}\"},\"query-input\":{\"@type\":\"PropertyValueSpecification\",\"valueRequired\":true,\"valueName\":\"search_term_string\"}}],\"inLanguage\":\"fr-FR\"},{\"@type\":\"Organization\",\"@id\":\"https:\/\/sport-index.fr\/blog\/#organization\",\"name\":\"Foretsensations.fr\",\"url\":\"https:\/\/sport-index.fr\/blog\/\",\"logo\":{\"@type\":\"ImageObject\",\"inLanguage\":\"fr-FR\",\"@id\":\"https:\/\/sport-index.fr\/blog\/#\/schema\/logo\/image\/\",\"url\":\"https:\/\/sport-index.fr\/blog\/wp-content\/uploads\/2026\/07\/logo-auto.png\",\"contentUrl\":\"https:\/\/sport-index.fr\/blog\/wp-content\/uploads\/2026\/07\/logo-auto.png\",\"width\":1024,\"height\":1024,\"caption\":\"Foretsensations.fr\"},\"image\":{\"@id\":\"https:\/\/sport-index.fr\/blog\/#\/schema\/logo\/image\/\"}},{\"@type\":\"Person\",\"@id\":\"https:\/\/sport-index.fr\/blog\/#\/schema\/person\/3c864cdc320801e3db34b663e7e3f816\",\"name\":\"Axel Lauzier\",\"image\":{\"@type\":\"ImageObject\",\"inLanguage\":\"fr-FR\",\"@id\":\"https:\/\/sport-index.fr\/blog\/#\/schema\/person\/image\/\",\"url\":\"https:\/\/sport-index.fr\/blog\/wp-content\/uploads\/2026\/06\/persona_axel-l-96x96.jpg\",\"contentUrl\":\"https:\/\/sport-index.fr\/blog\/wp-content\/uploads\/2026\/06\/persona_axel-l-96x96.jpg\",\"caption\":\"Axel Lauzier\"},\"description\":\"Le sport rythme mon quotidien depuis l'enfance, et j'en ai fait mon m\u00e9tier d'analyste r\u00e9dactionnel il y a une dizaine d'ann\u00e9es. Je couvre principalement le football, son actualit\u00e9, ses transferts et l'analyse tactique des grandes affiches, mais aussi les disciplines plus confidentielles que j'aime remettre en lumi\u00e8re. Une partie de mon travail porte sur les pronostics et la lecture statistique d'un match : forme des \u00e9quipes, historique des confrontations, compositions, sans jamais vendre de fausse certitude. Je rappelle syst\u00e9matiquement que parier comporte un risque et doit rester un loisir ma\u00eetris\u00e9. Avant de signer une analyse, je v\u00e9rifie mes chiffres, je recoupe les compositions probables et je distingue toujours la donn\u00e9e brute de l'intuition. Mon objectif : offrir une lecture honn\u00eate et argument\u00e9e, pas un ticket gagnant garanti.\",\"sameAs\":[\"https:\/\/axellauzier.fr\/\"],\"url\":\"https:\/\/sport-index.fr\/blog\/auteur\/noname\/\"}]}<\/script>\n<!-- \/ Yoast SEO Premium plugin. -->","yoast_head_json":{"title":"Arnaud D\u00e9mare face \u00e0 Tim Merlier : un duel captivant","description":"Au c\u0153ur de cette comp\u00e9tition, Arnaud D\u00e9mare, sprinteur fran\u00e7ais de 33 ans, se pr\u00e9pare pour la deuxi\u00e8me \u00e9tape avec des ambitions claires. Apr\u00e8s avoir\u2026","robots":{"index":"index","follow":"follow","max-snippet":"max-snippet:-1","max-image-preview":"max-image-preview:large","max-video-preview":"max-video-preview:-1"},"canonical":"https:\/\/sport-index.fr\/blog\/a-la-une\/arnaud-demare-face-a-tim-merlier-un-duel-captivant-a-paris-nice\/","og_locale":"fr_FR","og_type":"article","og_title":"Arnaud D\u00e9mare face \u00e0 Tim Merlier : un duel captivant","og_description":"Au c\u0153ur de cette comp\u00e9tition, Arnaud D\u00e9mare, sprinteur fran\u00e7ais de 33 ans, se pr\u00e9pare pour la deuxi\u00e8me \u00e9tape avec des ambitions claires. Apr\u00e8s avoir\u2026","og_url":"https:\/\/sport-index.fr\/blog\/a-la-une\/arnaud-demare-face-a-tim-merlier-un-duel-captivant-a-paris-nice\/","og_site_name":"sport-index","author":"Axel Lauzier","twitter_card":"summary_large_image","schema":{"@context":"https:\/\/schema.org","@graph":[{"@type":"NewsArticle","@id":"https:\/\/sport-index.fr\/blog\/a-la-une\/arnaud-demare-face-a-tim-merlier-un-duel-captivant-a-paris-nice\/#article","isPartOf":{"@id":"https:\/\/sport-index.fr\/blog\/a-la-une\/arnaud-demare-face-a-tim-merlier-un-duel-captivant-a-paris-nice\/"},"author":{"name":"Axel Lauzier","@id":"https:\/\/sport-index.fr\/blog\/#\/schema\/person\/3c864cdc320801e3db34b663e7e3f816"},"headline":"Arnaud D\u00e9mare face \u00e0 Tim Merlier : un duel captivant \u00e0 Paris-Nice","datePublished":"2025-03-11T03:29:29+00:00","mainEntityOfPage":{"@id":"https:\/\/sport-index.fr\/blog\/a-la-une\/arnaud-demare-face-a-tim-merlier-un-duel-captivant-a-paris-nice\/"},"wordCount":463,"commentCount":20,"publisher":{"@id":"https:\/\/sport-index.fr\/blog\/#organization"},"image":{"@id":"https:\/\/sport-index.fr\/blog\/a-la-une\/arnaud-demare-face-a-tim-merlier-un-duel-captivant-a-paris-nice\/#primaryimage"},"thumbnailUrl":"https:\/\/sport-index.fr\/blog\/wp-content\/uploads\/2025\/04\/sdxl-1d8855fe428cffcd3ab93866e527c8a9.png","keywords":["Comp\u00e9tition","Confiance","Cyclisme","Paris-Nice","Performance"],"articleSection":["\u00c0 la une"],"inLanguage":"fr-FR","potentialAction":[{"@type":"CommentAction","name":"Comment","target":["https:\/\/sport-index.fr\/blog\/a-la-une\/arnaud-demare-face-a-tim-merlier-un-duel-captivant-a-paris-nice\/#respond"]}]},{"@type":"WebPage","@id":"https:\/\/sport-index.fr\/blog\/a-la-une\/arnaud-demare-face-a-tim-merlier-un-duel-captivant-a-paris-nice\/","url":"https:\/\/sport-index.fr\/blog\/a-la-une\/arnaud-demare-face-a-tim-merlier-un-duel-captivant-a-paris-nice\/","name":"Arnaud D\u00e9mare face \u00e0 Tim Merlier : un duel captivant","isPartOf":{"@id":"https:\/\/sport-index.fr\/blog\/#website"},"primaryImageOfPage":{"@id":"https:\/\/sport-index.fr\/blog\/a-la-une\/arnaud-demare-face-a-tim-merlier-un-duel-captivant-a-paris-nice\/#primaryimage"},"image":{"@id":"https:\/\/sport-index.fr\/blog\/a-la-une\/arnaud-demare-face-a-tim-merlier-un-duel-captivant-a-paris-nice\/#primaryimage"},"thumbnailUrl":"https:\/\/sport-index.fr\/blog\/wp-content\/uploads\/2025\/04\/sdxl-1d8855fe428cffcd3ab93866e527c8a9.png","datePublished":"2025-03-11T03:29:29+00:00","description":"Au c\u0153ur de cette comp\u00e9tition, Arnaud D\u00e9mare, sprinteur fran\u00e7ais de 33 ans, se pr\u00e9pare pour la deuxi\u00e8me \u00e9tape avec des ambitions claires. Apr\u00e8s avoir\u2026","inLanguage":"fr-FR","potentialAction":[{"@type":"ReadAction","target":["https:\/\/sport-index.fr\/blog\/a-la-une\/arnaud-demare-face-a-tim-merlier-un-duel-captivant-a-paris-nice\/"]}]},{"@type":"ImageObject","inLanguage":"fr-FR","@id":"https:\/\/sport-index.fr\/blog\/a-la-une\/arnaud-demare-face-a-tim-merlier-un-duel-captivant-a-paris-nice\/#primaryimage","url":"https:\/\/sport-index.fr\/blog\/wp-content\/uploads\/2025\/04\/sdxl-1d8855fe428cffcd3ab93866e527c8a9.png","contentUrl":"https:\/\/sport-index.fr\/blog\/wp-content\/uploads\/2025\/04\/sdxl-1d8855fe428cffcd3ab93866e527c8a9.png","width":1536,"height":640},{"@type":"WebSite","@id":"https:\/\/sport-index.fr\/blog\/#website","url":"https:\/\/sport-index.fr\/blog\/","name":"sport-index.fr","description":"Le score de l\u2019analyse sportive.","publisher":{"@id":"https:\/\/sport-index.fr\/blog\/#organization"},"alternateName":"Le score de l\u2019analyse sportive.","potentialAction":[{"@type":"SearchAction","target":{"@type":"EntryPoint","urlTemplate":"https:\/\/sport-index.fr\/blog\/?s={search_term_string}"},"query-input":{"@type":"PropertyValueSpecification","valueRequired":true,"valueName":"search_term_string"}}],"inLanguage":"fr-FR"},{"@type":"Organization","@id":"https:\/\/sport-index.fr\/blog\/#organization","name":"Foretsensations.fr","url":"https:\/\/sport-index.fr\/blog\/","logo":{"@type":"ImageObject","inLanguage":"fr-FR","@id":"https:\/\/sport-index.fr\/blog\/#\/schema\/logo\/image\/","url":"https:\/\/sport-index.fr\/blog\/wp-content\/uploads\/2026\/07\/logo-auto.png","contentUrl":"https:\/\/sport-index.fr\/blog\/wp-content\/uploads\/2026\/07\/logo-auto.png","width":1024,"height":1024,"caption":"Foretsensations.fr"},"image":{"@id":"https:\/\/sport-index.fr\/blog\/#\/schema\/logo\/image\/"}},{"@type":"Person","@id":"https:\/\/sport-index.fr\/blog\/#\/schema\/person\/3c864cdc320801e3db34b663e7e3f816","name":"Axel Lauzier","image":{"@type":"ImageObject","inLanguage":"fr-FR","@id":"https:\/\/sport-index.fr\/blog\/#\/schema\/person\/image\/","url":"https:\/\/sport-index.fr\/blog\/wp-content\/uploads\/2026\/06\/persona_axel-l-96x96.jpg","contentUrl":"https:\/\/sport-index.fr\/blog\/wp-content\/uploads\/2026\/06\/persona_axel-l-96x96.jpg","caption":"Axel Lauzier"},"description":"Le sport rythme mon quotidien depuis l'enfance, et j'en ai fait mon m\u00e9tier d'analyste r\u00e9dactionnel il y a une dizaine d'ann\u00e9es. Je couvre principalement le football, son actualit\u00e9, ses transferts et l'analyse tactique des grandes affiches, mais aussi les disciplines plus confidentielles que j'aime remettre en lumi\u00e8re. Une partie de mon travail porte sur les pronostics et la lecture statistique d'un match : forme des \u00e9quipes, historique des confrontations, compositions, sans jamais vendre de fausse certitude. Je rappelle syst\u00e9matiquement que parier comporte un risque et doit rester un loisir ma\u00eetris\u00e9. Avant de signer une analyse, je v\u00e9rifie mes chiffres, je recoupe les compositions probables et je distingue toujours la donn\u00e9e brute de l'intuition. Mon objectif : offrir une lecture honn\u00eate et argument\u00e9e, pas un ticket gagnant garanti.","sameAs":["https:\/\/axellauzier.fr\/"],"url":"https:\/\/sport-index.fr\/blog\/auteur\/noname\/"}]}},"_links":{"self":[{"href":"https:\/\/sport-index.fr\/blog\/wp-json\/wp\/v2\/posts\/11693","targetHints":{"allow":["GET"]}}],"collection":[{"href":"https:\/\/sport-index.fr\/blog\/wp-json\/wp\/v2\/posts"}],"about":[{"href":"https:\/\/sport-index.fr\/blog\/wp-json\/wp\/v2\/types\/post"}],"author":[{"embeddable":true,"href":"https:\/\/sport-index.fr\/blog\/wp-json\/wp\/v2\/users\/34"}],"replies":[{"embeddable":true,"href":"https:\/\/sport-index.fr\/blog\/wp-json\/wp\/v2\/comments?post=11693"}],"version-history":[{"count":1,"href":"https:\/\/sport-index.fr\/blog\/wp-json\/wp\/v2\/posts\/11693\/revisions"}],"predecessor-version":[{"id":11714,"href":"https:\/\/sport-index.fr\/blog\/wp-json\/wp\/v2\/posts\/11693\/revisions\/11714"}],"wp:featuredmedia":[{"embeddable":true,"href":"https:\/\/sport-index.fr\/blog\/wp-json\/wp\/v2\/media\/12967"}],"wp:attachment":[{"href":"https:\/\/sport-index.fr\/blog\/wp-json\/wp\/v2\/media?parent=11693"}],"wp:term":[{"taxonomy":"category","embeddable":true,"href":"https:\/\/sport-index.fr\/blog\/wp-json\/wp\/v2\/categories?post=11693"},{"taxonomy":"post_tag","embeddable":true,"href":"https:\/\/sport-index.fr\/blog\/wp-json\/wp\/v2\/tags?post=11693"}],"curies":[{"name":"wp","href":"https:\/\/api.w.org\/{rel}","templated":true}]}}