{"id":11705,"date":"2025-03-13T00:51:08","date_gmt":"2025-03-12T23:51:08","guid":{"rendered":"https:\/\/sport-index.fr\/blog\/?p=11705"},"modified":"2025-03-10T20:00:36","modified_gmt":"2025-03-10T19:00:36","slug":"6-nations-2025-les-emotions-de-gregory-alldritt-et-les-declarations-marquantes-du-week-end","status":"publish","type":"post","link":"https:\/\/sport-index.fr\/blog\/a-la-une\/6-nations-2025-les-emotions-de-gregory-alldritt-et-les-declarations-marquantes-du-week-end\/","title":{"rendered":"6 nations 2025 \u2013 Les \u00e9motions de Gr\u00e9gory Alldritt et les d\u00e9clarations marquantes du week-end"},"content":{"rendered":"<h2>Les \u00e9motions de Gr\u00e9gory Alldritt apr\u00e8s la blessure d&rsquo;Antoine Dupont<\/h2>\n<p>Gr\u00e9gory Alldritt, leader sur le terrain, a exprim\u00e9 son profond chagrin face \u00e0 cette situation. En effet, voir un ami proche souffrir \u00e9motionnellement a eu un impact fort sur l\u2019\u00e9quipe.<\/p>\n<p>Alldritt a d\u00e9clar\u00e9 : \u00ab\u00a0Quand je suis rentr\u00e9 aux vestiaires et que j\u2019ai vu un de mes meilleurs potes comme \u00e7a, \u00e7a prend aux tripes.\u00a0\u00bb Cette d\u00e9claration souligne \u00e0 quel point la solidarit\u00e9 et l&rsquo;\u00e9motion jouent un r\u00f4le crucial dans le rugby. Pour lui, cette douleur pourrait devenir une source de motivation pour le groupe dans les matches \u00e0 venir.<\/p>\n<h2>Le d\u00e9bat autour de l&rsquo;arbitrage suite \u00e0 l&rsquo;incident de jeu<\/h2>\n<p>La blessure d&rsquo;Antoine Dupont a suscit\u00e9 des d\u00e9bats passionn\u00e9s, notamment sur la faute de Tadhg Beirne. Alexandre Ruiz, ancien arbitre international, a critiqu\u00e9 l&rsquo;arbitrage et a affirm\u00e9 que l&rsquo;action m\u00e9ritait un carton rouge. \u00ab\u00a0La faute r\u00e9side dans l\u2019\u00e9paule ferm\u00e9e&#8230; c\u2019est carton rouge\u00a0\u00bb, a-t-il insist\u00e9, soulignant l&rsquo;importance de la s\u00e9curit\u00e9 des joueurs sur le terrain.<\/p>\n<p>Ce d\u00e9bat met en lumi\u00e8re la n\u00e9cessit\u00e9 de revoir certaines r\u00e8gles concernant les contacts, surtout lorsque des blessures graves peuvent en d\u00e9couler. Les joueurs doivent \u00eatre conscients de leur responsabilit\u00e9 vis-\u00e0-vis de la s\u00e9curit\u00e9 de leurs adversaires. La discussion sur cette d\u00e9cision arbitrale pourrait ouvrir la voie \u00e0 des changements dans les prochaines \u00e9ditions du tournoi.<\/p>\n<h2>La perspective irlandaise sur l&rsquo;incident<\/h2>\n<p>Du c\u00f4t\u00e9 irlandais, le s\u00e9lectionneur Simon Easterby a tent\u00e9 de minimiser l&rsquo;incident en le qualifiant d&rsquo;accident de jeu. Il a d\u00e9clar\u00e9 que Beirne n&rsquo;avait pas l&rsquo;intention de blesser Dupont, mais qu&rsquo;il avait simplement cherch\u00e9 \u00e0 s\u00e9curiser le ballon. \u00ab\u00a0C\u2019est le genre de choses qui arrivent, h\u00e9las\u00a0\u00bb, a-t-il ajout\u00e9, renfor\u00e7ant l&rsquo;id\u00e9e que des blessures font partie int\u00e9grante du sport.<\/p>\n<p>Cette d\u00e9claration soul\u00e8ve des questions sur la mani\u00e8re dont les incidents de ce type sont per\u00e7us et g\u00e9r\u00e9s dans le rugby. Les entra\u00eeneurs doivent naviguer entre la protection de leurs joueurs et la n\u00e9cessit\u00e9 de rester comp\u00e9titifs sur le terrain. Ce d\u00e9bat pourrait \u00e9galement influencer la fa\u00e7on dont les \u00e9quipes abordent les prochaines rencontres.<\/p>\n<h2>Les enjeux pour le match contre l&rsquo;\u00c9cosse<\/h2>\n<p>Louis Bielle-Biarrey, apr\u00e8s sa performance impressionnante contre l&rsquo;Irlande, a mis en garde son \u00e9quipe sur l&rsquo;importance du prochain match. Il a soulign\u00e9 que la victoire contre l&rsquo;Irlande n&rsquo;aura de valeur que si elle est suivie d&rsquo;une autre victoire contre l&rsquo;\u00c9cosse. \u00ab\u00a0Si on fait tout \u00e7a pour perdre la semaine prochaine, cela ne sert \u00e0 rien\u00a0\u00bb, a-t-il averti.<\/p>\n<p>Ce match contre l&rsquo;\u00c9cosse est crucial pour les ambitions du XV de France. L&rsquo;\u00e9quipe doit transformer son \u00e9lan positif en r\u00e9sultats concrets pour poursuivre son chemin dans le tournoi. Les joueurs sont conscients des d\u00e9fis \u00e0 relever et de l&rsquo;importance de rester concentr\u00e9s pour ne pas laisser passer cette opportunit\u00e9.<\/p>\n<h2>La r\u00e9silience face aux d\u00e9fis sur le terrain<\/h2>\n<p>Corentin M\u00e9zou a partag\u00e9 ses r\u00e9flexions sur le match, en particulier sur le moment o\u00f9 les Bleus ont d\u00fb jouer \u00e0 douze pendant un certain temps. Malgr\u00e9 cette situation d\u00e9licate, l&rsquo;\u00e9quipe a su faire preuve de solidarit\u00e9 et de bonne communication. \u00ab\u00a0On s\u2019est beaucoup parl\u00e9 sur le terrain pour essayer de compenser cette inf\u00e9riorit\u00e9 num\u00e9rique\u00a0\u00bb, a-t-il d\u00e9clar\u00e9.<\/p>\n<p>Cette exp\u00e9rience a renforc\u00e9 la coh\u00e9sion du groupe et prouv\u00e9 que les joueurs sont capables de surmonter les obstacles. La capacit\u00e9 \u00e0 rester unis face \u00e0 l&rsquo;adversit\u00e9 est essentielle pour le succ\u00e8s d&rsquo;une \u00e9quipe. Les le\u00e7ons tir\u00e9es de ce match seront sans doute cruciales pour les confrontations futures.<\/p>\n<ul>\n<li>Gr\u00e9gory Alldritt \u00e9mu par la blessure de Dupont<\/li>\n<li>D\u00e9bat sur la d\u00e9cision arbitrale concernant Tadhg Beirne<\/li>\n<li>Easterby minimise l&rsquo;incident, le qualifiant d&rsquo;accident de jeu<\/li>\n<li>Bielle-Biarrey insiste sur l&rsquo;importance du prochain match<\/li>\n<li>M\u00e9zou souligne la r\u00e9silience de l&rsquo;\u00e9quipe en situation d\u00e9licate<\/li>\n<\/ul>\n","protected":false},"excerpt":{"rendered":"","protected":false},"author":34,"featured_media":15664,"comment_status":"open","ping_status":"open","sticky":false,"template":"","format":"standard","meta":{"_acf_changed":false,"manual_indexmenow":false,"indexmenow_id_project":0,"footnotes":""},"categories":[1],"tags":[4585,4898,4408,4556,4554],"class_list":["post-11705","post","type-post","status-publish","format-standard","has-post-thumbnail","hentry","category-a-la-une","tag-cohesion-dequipe","tag-gestion-du-stress","tag-resilience","tag-tournoi-des-6-nations","tag-xv-de-france","generate-columns","tablet-grid-50","mobile-grid-100","grid-parent","grid-25"],"acf":[],"yoast_head":"<!-- This site is optimized with the Yoast SEO Premium plugin v21.3 (Yoast SEO v26.5) - https:\/\/yoast.com\/wordpress\/plugins\/seo\/ -->\n<title>6 nations 2025 \u2013 Les \u00e9motions de Gr\u00e9gory Alldritt<\/title>\n<meta name=\"description\" content=\"Les \u00e9motions de Gr\u00e9gory Alldritt apr\u00e8s la blessure d&#039;Antoine Dupont Gr\u00e9gory Alldritt, leader sur le terrain, a exprim\u00e9 son profond chagrin face \u00e0 cette\u2026\" \/>\n<meta name=\"robots\" content=\"index, follow, max-snippet:-1, max-image-preview:large, max-video-preview:-1\" \/>\n<link rel=\"canonical\" href=\"https:\/\/sport-index.fr\/blog\/a-la-une\/6-nations-2025-les-emotions-de-gregory-alldritt-et-les-declarations-marquantes-du-week-end\/\" \/>\n<meta property=\"og:locale\" content=\"fr_FR\" \/>\n<meta property=\"og:type\" content=\"article\" \/>\n<meta property=\"og:title\" content=\"6 nations 2025 \u2013 Les \u00e9motions de Gr\u00e9gory Alldritt\" \/>\n<meta property=\"og:description\" content=\"Les \u00e9motions de Gr\u00e9gory Alldritt apr\u00e8s la blessure d&#039;Antoine Dupont Gr\u00e9gory Alldritt, leader sur le terrain, a exprim\u00e9 son profond chagrin face \u00e0 cette\u2026\" \/>\n<meta property=\"og:url\" content=\"https:\/\/sport-index.fr\/blog\/a-la-une\/6-nations-2025-les-emotions-de-gregory-alldritt-et-les-declarations-marquantes-du-week-end\/\" \/>\n<meta property=\"og:site_name\" content=\"sport-index\" \/>\n<meta name=\"author\" content=\"Axel Lauzier\" \/>\n<meta name=\"twitter:card\" content=\"summary_large_image\" \/>\n<script type=\"application\/ld+json\" class=\"yoast-schema-graph\">{\"@context\":\"https:\/\/schema.org\",\"@graph\":[{\"@type\":\"NewsArticle\",\"@id\":\"https:\/\/sport-index.fr\/blog\/a-la-une\/6-nations-2025-les-emotions-de-gregory-alldritt-et-les-declarations-marquantes-du-week-end\/#article\",\"isPartOf\":{\"@id\":\"https:\/\/sport-index.fr\/blog\/a-la-une\/6-nations-2025-les-emotions-de-gregory-alldritt-et-les-declarations-marquantes-du-week-end\/\"},\"author\":{\"name\":\"Axel Lauzier\",\"@id\":\"https:\/\/sport-index.fr\/blog\/#\/schema\/person\/3c864cdc320801e3db34b663e7e3f816\"},\"headline\":\"6 nations 2025 \u2013 Les \u00e9motions de Gr\u00e9gory Alldritt et les d\u00e9clarations marquantes du week-end\",\"datePublished\":\"2025-03-12T23:51:08+00:00\",\"mainEntityOfPage\":{\"@id\":\"https:\/\/sport-index.fr\/blog\/a-la-une\/6-nations-2025-les-emotions-de-gregory-alldritt-et-les-declarations-marquantes-du-week-end\/\"},\"wordCount\":707,\"commentCount\":21,\"publisher\":{\"@id\":\"https:\/\/sport-index.fr\/blog\/#organization\"},\"image\":{\"@id\":\"https:\/\/sport-index.fr\/blog\/a-la-une\/6-nations-2025-les-emotions-de-gregory-alldritt-et-les-declarations-marquantes-du-week-end\/#primaryimage\"},\"thumbnailUrl\":\"https:\/\/sport-index.fr\/blog\/wp-content\/uploads\/2025\/05\/sdxl-4ff6f1b470d6bdf2149f82a99251107b-scaled.png\",\"keywords\":[\"Coh\u00e9sion d'\u00c9quipe\",\"Gestion Du Stress\",\"R\u00e9silience\",\"Tournoi des 6 Nations\",\"XV de France\"],\"articleSection\":[\"\u00c0 la une\"],\"inLanguage\":\"fr-FR\",\"potentialAction\":[{\"@type\":\"CommentAction\",\"name\":\"Comment\",\"target\":[\"https:\/\/sport-index.fr\/blog\/a-la-une\/6-nations-2025-les-emotions-de-gregory-alldritt-et-les-declarations-marquantes-du-week-end\/#respond\"]}]},{\"@type\":\"WebPage\",\"@id\":\"https:\/\/sport-index.fr\/blog\/a-la-une\/6-nations-2025-les-emotions-de-gregory-alldritt-et-les-declarations-marquantes-du-week-end\/\",\"url\":\"https:\/\/sport-index.fr\/blog\/a-la-une\/6-nations-2025-les-emotions-de-gregory-alldritt-et-les-declarations-marquantes-du-week-end\/\",\"name\":\"6 nations 2025 \u2013 Les \u00e9motions de Gr\u00e9gory Alldritt\",\"isPartOf\":{\"@id\":\"https:\/\/sport-index.fr\/blog\/#website\"},\"primaryImageOfPage\":{\"@id\":\"https:\/\/sport-index.fr\/blog\/a-la-une\/6-nations-2025-les-emotions-de-gregory-alldritt-et-les-declarations-marquantes-du-week-end\/#primaryimage\"},\"image\":{\"@id\":\"https:\/\/sport-index.fr\/blog\/a-la-une\/6-nations-2025-les-emotions-de-gregory-alldritt-et-les-declarations-marquantes-du-week-end\/#primaryimage\"},\"thumbnailUrl\":\"https:\/\/sport-index.fr\/blog\/wp-content\/uploads\/2025\/05\/sdxl-4ff6f1b470d6bdf2149f82a99251107b-scaled.png\",\"datePublished\":\"2025-03-12T23:51:08+00:00\",\"description\":\"Les \u00e9motions de Gr\u00e9gory Alldritt apr\u00e8s la blessure d'Antoine Dupont Gr\u00e9gory Alldritt, leader sur le terrain, a exprim\u00e9 son profond chagrin face \u00e0 cette\u2026\",\"inLanguage\":\"fr-FR\",\"potentialAction\":[{\"@type\":\"ReadAction\",\"target\":[\"https:\/\/sport-index.fr\/blog\/a-la-une\/6-nations-2025-les-emotions-de-gregory-alldritt-et-les-declarations-marquantes-du-week-end\/\"]}]},{\"@type\":\"ImageObject\",\"inLanguage\":\"fr-FR\",\"@id\":\"https:\/\/sport-index.fr\/blog\/a-la-une\/6-nations-2025-les-emotions-de-gregory-alldritt-et-les-declarations-marquantes-du-week-end\/#primaryimage\",\"url\":\"https:\/\/sport-index.fr\/blog\/wp-content\/uploads\/2025\/05\/sdxl-4ff6f1b470d6bdf2149f82a99251107b-scaled.png\",\"contentUrl\":\"https:\/\/sport-index.fr\/blog\/wp-content\/uploads\/2025\/05\/sdxl-4ff6f1b470d6bdf2149f82a99251107b-scaled.png\",\"width\":1200,\"height\":500},{\"@type\":\"WebSite\",\"@id\":\"https:\/\/sport-index.fr\/blog\/#website\",\"url\":\"https:\/\/sport-index.fr\/blog\/\",\"name\":\"sport-index.fr\",\"description\":\"Le score de l\u2019analyse sportive.\",\"publisher\":{\"@id\":\"https:\/\/sport-index.fr\/blog\/#organization\"},\"alternateName\":\"Le score de l\u2019analyse sportive.\",\"potentialAction\":[{\"@type\":\"SearchAction\",\"target\":{\"@type\":\"EntryPoint\",\"urlTemplate\":\"https:\/\/sport-index.fr\/blog\/?s={search_term_string}\"},\"query-input\":{\"@type\":\"PropertyValueSpecification\",\"valueRequired\":true,\"valueName\":\"search_term_string\"}}],\"inLanguage\":\"fr-FR\"},{\"@type\":\"Organization\",\"@id\":\"https:\/\/sport-index.fr\/blog\/#organization\",\"name\":\"Foretsensations.fr\",\"url\":\"https:\/\/sport-index.fr\/blog\/\",\"logo\":{\"@type\":\"ImageObject\",\"inLanguage\":\"fr-FR\",\"@id\":\"https:\/\/sport-index.fr\/blog\/#\/schema\/logo\/image\/\",\"url\":\"https:\/\/sport-index.fr\/blog\/wp-content\/uploads\/2026\/07\/logo-auto.png\",\"contentUrl\":\"https:\/\/sport-index.fr\/blog\/wp-content\/uploads\/2026\/07\/logo-auto.png\",\"width\":1024,\"height\":1024,\"caption\":\"Foretsensations.fr\"},\"image\":{\"@id\":\"https:\/\/sport-index.fr\/blog\/#\/schema\/logo\/image\/\"}},{\"@type\":\"Person\",\"@id\":\"https:\/\/sport-index.fr\/blog\/#\/schema\/person\/3c864cdc320801e3db34b663e7e3f816\",\"name\":\"Axel Lauzier\",\"image\":{\"@type\":\"ImageObject\",\"inLanguage\":\"fr-FR\",\"@id\":\"https:\/\/sport-index.fr\/blog\/#\/schema\/person\/image\/\",\"url\":\"https:\/\/sport-index.fr\/blog\/wp-content\/uploads\/2026\/06\/persona_axel-l-96x96.jpg\",\"contentUrl\":\"https:\/\/sport-index.fr\/blog\/wp-content\/uploads\/2026\/06\/persona_axel-l-96x96.jpg\",\"caption\":\"Axel Lauzier\"},\"description\":\"Le sport rythme mon quotidien depuis l'enfance, et j'en ai fait mon m\u00e9tier d'analyste r\u00e9dactionnel il y a une dizaine d'ann\u00e9es. Je couvre principalement le football, son actualit\u00e9, ses transferts et l'analyse tactique des grandes affiches, mais aussi les disciplines plus confidentielles que j'aime remettre en lumi\u00e8re. Une partie de mon travail porte sur les pronostics et la lecture statistique d'un match : forme des \u00e9quipes, historique des confrontations, compositions, sans jamais vendre de fausse certitude. Je rappelle syst\u00e9matiquement que parier comporte un risque et doit rester un loisir ma\u00eetris\u00e9. Avant de signer une analyse, je v\u00e9rifie mes chiffres, je recoupe les compositions probables et je distingue toujours la donn\u00e9e brute de l'intuition. Mon objectif : offrir une lecture honn\u00eate et argument\u00e9e, pas un ticket gagnant garanti.\",\"sameAs\":[\"https:\/\/axellauzier.fr\/\"],\"url\":\"https:\/\/sport-index.fr\/blog\/auteur\/noname\/\"}]}<\/script>\n<!-- \/ Yoast SEO Premium plugin. -->","yoast_head_json":{"title":"6 nations 2025 \u2013 Les \u00e9motions de Gr\u00e9gory Alldritt","description":"Les \u00e9motions de Gr\u00e9gory Alldritt apr\u00e8s la blessure d'Antoine Dupont Gr\u00e9gory Alldritt, leader sur le terrain, a exprim\u00e9 son profond chagrin face \u00e0 cette\u2026","robots":{"index":"index","follow":"follow","max-snippet":"max-snippet:-1","max-image-preview":"max-image-preview:large","max-video-preview":"max-video-preview:-1"},"canonical":"https:\/\/sport-index.fr\/blog\/a-la-une\/6-nations-2025-les-emotions-de-gregory-alldritt-et-les-declarations-marquantes-du-week-end\/","og_locale":"fr_FR","og_type":"article","og_title":"6 nations 2025 \u2013 Les \u00e9motions de Gr\u00e9gory Alldritt","og_description":"Les \u00e9motions de Gr\u00e9gory Alldritt apr\u00e8s la blessure d'Antoine Dupont Gr\u00e9gory Alldritt, leader sur le terrain, a exprim\u00e9 son profond chagrin face \u00e0 cette\u2026","og_url":"https:\/\/sport-index.fr\/blog\/a-la-une\/6-nations-2025-les-emotions-de-gregory-alldritt-et-les-declarations-marquantes-du-week-end\/","og_site_name":"sport-index","author":"Axel Lauzier","twitter_card":"summary_large_image","schema":{"@context":"https:\/\/schema.org","@graph":[{"@type":"NewsArticle","@id":"https:\/\/sport-index.fr\/blog\/a-la-une\/6-nations-2025-les-emotions-de-gregory-alldritt-et-les-declarations-marquantes-du-week-end\/#article","isPartOf":{"@id":"https:\/\/sport-index.fr\/blog\/a-la-une\/6-nations-2025-les-emotions-de-gregory-alldritt-et-les-declarations-marquantes-du-week-end\/"},"author":{"name":"Axel Lauzier","@id":"https:\/\/sport-index.fr\/blog\/#\/schema\/person\/3c864cdc320801e3db34b663e7e3f816"},"headline":"6 nations 2025 \u2013 Les \u00e9motions de Gr\u00e9gory Alldritt et les d\u00e9clarations marquantes du week-end","datePublished":"2025-03-12T23:51:08+00:00","mainEntityOfPage":{"@id":"https:\/\/sport-index.fr\/blog\/a-la-une\/6-nations-2025-les-emotions-de-gregory-alldritt-et-les-declarations-marquantes-du-week-end\/"},"wordCount":707,"commentCount":21,"publisher":{"@id":"https:\/\/sport-index.fr\/blog\/#organization"},"image":{"@id":"https:\/\/sport-index.fr\/blog\/a-la-une\/6-nations-2025-les-emotions-de-gregory-alldritt-et-les-declarations-marquantes-du-week-end\/#primaryimage"},"thumbnailUrl":"https:\/\/sport-index.fr\/blog\/wp-content\/uploads\/2025\/05\/sdxl-4ff6f1b470d6bdf2149f82a99251107b-scaled.png","keywords":["Coh\u00e9sion d'\u00c9quipe","Gestion Du Stress","R\u00e9silience","Tournoi des 6 Nations","XV de France"],"articleSection":["\u00c0 la une"],"inLanguage":"fr-FR","potentialAction":[{"@type":"CommentAction","name":"Comment","target":["https:\/\/sport-index.fr\/blog\/a-la-une\/6-nations-2025-les-emotions-de-gregory-alldritt-et-les-declarations-marquantes-du-week-end\/#respond"]}]},{"@type":"WebPage","@id":"https:\/\/sport-index.fr\/blog\/a-la-une\/6-nations-2025-les-emotions-de-gregory-alldritt-et-les-declarations-marquantes-du-week-end\/","url":"https:\/\/sport-index.fr\/blog\/a-la-une\/6-nations-2025-les-emotions-de-gregory-alldritt-et-les-declarations-marquantes-du-week-end\/","name":"6 nations 2025 \u2013 Les \u00e9motions de Gr\u00e9gory Alldritt","isPartOf":{"@id":"https:\/\/sport-index.fr\/blog\/#website"},"primaryImageOfPage":{"@id":"https:\/\/sport-index.fr\/blog\/a-la-une\/6-nations-2025-les-emotions-de-gregory-alldritt-et-les-declarations-marquantes-du-week-end\/#primaryimage"},"image":{"@id":"https:\/\/sport-index.fr\/blog\/a-la-une\/6-nations-2025-les-emotions-de-gregory-alldritt-et-les-declarations-marquantes-du-week-end\/#primaryimage"},"thumbnailUrl":"https:\/\/sport-index.fr\/blog\/wp-content\/uploads\/2025\/05\/sdxl-4ff6f1b470d6bdf2149f82a99251107b-scaled.png","datePublished":"2025-03-12T23:51:08+00:00","description":"Les \u00e9motions de Gr\u00e9gory Alldritt apr\u00e8s la blessure d'Antoine Dupont Gr\u00e9gory Alldritt, leader sur le terrain, a exprim\u00e9 son profond chagrin face \u00e0 cette\u2026","inLanguage":"fr-FR","potentialAction":[{"@type":"ReadAction","target":["https:\/\/sport-index.fr\/blog\/a-la-une\/6-nations-2025-les-emotions-de-gregory-alldritt-et-les-declarations-marquantes-du-week-end\/"]}]},{"@type":"ImageObject","inLanguage":"fr-FR","@id":"https:\/\/sport-index.fr\/blog\/a-la-une\/6-nations-2025-les-emotions-de-gregory-alldritt-et-les-declarations-marquantes-du-week-end\/#primaryimage","url":"https:\/\/sport-index.fr\/blog\/wp-content\/uploads\/2025\/05\/sdxl-4ff6f1b470d6bdf2149f82a99251107b-scaled.png","contentUrl":"https:\/\/sport-index.fr\/blog\/wp-content\/uploads\/2025\/05\/sdxl-4ff6f1b470d6bdf2149f82a99251107b-scaled.png","width":1200,"height":500},{"@type":"WebSite","@id":"https:\/\/sport-index.fr\/blog\/#website","url":"https:\/\/sport-index.fr\/blog\/","name":"sport-index.fr","description":"Le score de l\u2019analyse sportive.","publisher":{"@id":"https:\/\/sport-index.fr\/blog\/#organization"},"alternateName":"Le score de l\u2019analyse sportive.","potentialAction":[{"@type":"SearchAction","target":{"@type":"EntryPoint","urlTemplate":"https:\/\/sport-index.fr\/blog\/?s={search_term_string}"},"query-input":{"@type":"PropertyValueSpecification","valueRequired":true,"valueName":"search_term_string"}}],"inLanguage":"fr-FR"},{"@type":"Organization","@id":"https:\/\/sport-index.fr\/blog\/#organization","name":"Foretsensations.fr","url":"https:\/\/sport-index.fr\/blog\/","logo":{"@type":"ImageObject","inLanguage":"fr-FR","@id":"https:\/\/sport-index.fr\/blog\/#\/schema\/logo\/image\/","url":"https:\/\/sport-index.fr\/blog\/wp-content\/uploads\/2026\/07\/logo-auto.png","contentUrl":"https:\/\/sport-index.fr\/blog\/wp-content\/uploads\/2026\/07\/logo-auto.png","width":1024,"height":1024,"caption":"Foretsensations.fr"},"image":{"@id":"https:\/\/sport-index.fr\/blog\/#\/schema\/logo\/image\/"}},{"@type":"Person","@id":"https:\/\/sport-index.fr\/blog\/#\/schema\/person\/3c864cdc320801e3db34b663e7e3f816","name":"Axel Lauzier","image":{"@type":"ImageObject","inLanguage":"fr-FR","@id":"https:\/\/sport-index.fr\/blog\/#\/schema\/person\/image\/","url":"https:\/\/sport-index.fr\/blog\/wp-content\/uploads\/2026\/06\/persona_axel-l-96x96.jpg","contentUrl":"https:\/\/sport-index.fr\/blog\/wp-content\/uploads\/2026\/06\/persona_axel-l-96x96.jpg","caption":"Axel Lauzier"},"description":"Le sport rythme mon quotidien depuis l'enfance, et j'en ai fait mon m\u00e9tier d'analyste r\u00e9dactionnel il y a une dizaine d'ann\u00e9es. Je couvre principalement le football, son actualit\u00e9, ses transferts et l'analyse tactique des grandes affiches, mais aussi les disciplines plus confidentielles que j'aime remettre en lumi\u00e8re. Une partie de mon travail porte sur les pronostics et la lecture statistique d'un match : forme des \u00e9quipes, historique des confrontations, compositions, sans jamais vendre de fausse certitude. Je rappelle syst\u00e9matiquement que parier comporte un risque et doit rester un loisir ma\u00eetris\u00e9. Avant de signer une analyse, je v\u00e9rifie mes chiffres, je recoupe les compositions probables et je distingue toujours la donn\u00e9e brute de l'intuition. Mon objectif : offrir une lecture honn\u00eate et argument\u00e9e, pas un ticket gagnant garanti.","sameAs":["https:\/\/axellauzier.fr\/"],"url":"https:\/\/sport-index.fr\/blog\/auteur\/noname\/"}]}},"_links":{"self":[{"href":"https:\/\/sport-index.fr\/blog\/wp-json\/wp\/v2\/posts\/11705","targetHints":{"allow":["GET"]}}],"collection":[{"href":"https:\/\/sport-index.fr\/blog\/wp-json\/wp\/v2\/posts"}],"about":[{"href":"https:\/\/sport-index.fr\/blog\/wp-json\/wp\/v2\/types\/post"}],"author":[{"embeddable":true,"href":"https:\/\/sport-index.fr\/blog\/wp-json\/wp\/v2\/users\/34"}],"replies":[{"embeddable":true,"href":"https:\/\/sport-index.fr\/blog\/wp-json\/wp\/v2\/comments?post=11705"}],"version-history":[{"count":1,"href":"https:\/\/sport-index.fr\/blog\/wp-json\/wp\/v2\/posts\/11705\/revisions"}],"predecessor-version":[{"id":11753,"href":"https:\/\/sport-index.fr\/blog\/wp-json\/wp\/v2\/posts\/11705\/revisions\/11753"}],"wp:featuredmedia":[{"embeddable":true,"href":"https:\/\/sport-index.fr\/blog\/wp-json\/wp\/v2\/media\/15664"}],"wp:attachment":[{"href":"https:\/\/sport-index.fr\/blog\/wp-json\/wp\/v2\/media?parent=11705"}],"wp:term":[{"taxonomy":"category","embeddable":true,"href":"https:\/\/sport-index.fr\/blog\/wp-json\/wp\/v2\/categories?post=11705"},{"taxonomy":"post_tag","embeddable":true,"href":"https:\/\/sport-index.fr\/blog\/wp-json\/wp\/v2\/tags?post=11705"}],"curies":[{"name":"wp","href":"https:\/\/api.w.org\/{rel}","templated":true}]}}