{"id":11765,"date":"2025-03-14T08:57:00","date_gmt":"2025-03-14T07:57:00","guid":{"rendered":"https:\/\/sport-index.fr\/blog\/?p=11765"},"modified":"2025-03-14T08:57:00","modified_gmt":"2025-03-14T07:57:00","slug":"mathieu-van-der-poel-une-20e-place-decevante-dans-une-etape-sur-mesure-pour-lui","status":"publish","type":"post","link":"https:\/\/sport-index.fr\/blog\/a-la-une\/mathieu-van-der-poel-une-20e-place-decevante-dans-une-etape-sur-mesure-pour-lui\/","title":{"rendered":"mathieu van der poel : une 20e place d\u00e9cevante dans une \u00e9tape sur mesure pour lui"},"content":{"rendered":"<h2>Une \u00e9tape prometteuse pour Mathieu Van der Poel<\/h2>\n<p>Mathieu Van der Poel, l&rsquo;un des cyclistes les plus talentueux de sa g\u00e9n\u00e9ration, avait toutes les cartes en main pour briller lors de la troisi\u00e8me \u00e9tape de Tirreno-Adriatico. Sa r\u00e9putation de sprinter hors pair en faisait un des favoris de la journ\u00e9e, surtout sur un parcours qui semblait taill\u00e9 pour ses comp\u00e9tences. Cependant, un encha\u00eenement d&rsquo;\u00e9v\u00e9nements malheureux a conduit \u00e0 une performance d\u00e9cevante, le pla\u00e7ant \u00e0 la 20e position.<\/p>\n<p>Tout a commenc\u00e9 avec une strat\u00e9gie qui, pour certains, semblait risqu\u00e9e. Il a tent\u00e9 de se positionner trop t\u00f4t pour lancer son sprint, ce qui a eu des cons\u00e9quences fatales. Block\u00e9 au moment crucial, Van der Poel n\u2019a pas pu exprimer tout son potentiel dans les derniers m\u00e8tres de la course.<\/p>\n<h2>La victoire d&rsquo;Andrea Vendrame<\/h2>\n<p>Andrea Vendrame, un coureur de l&rsquo;\u00e9quipe Decathlon AG2R La Mondiale, a su profiter des erreurs de ses concurrents. En effectuant un sprint parfaitement timed, il a r\u00e9ussi \u00e0 s&rsquo;imposer \u00e0 Colfiorito, remportant ainsi une victoire cruciale dans ce prestigieux \u00e9v\u00e9nement. Sa performance a \u00e9t\u00e9 salu\u00e9e par les experts, qui ont not\u00e9 son sens du timing et sa d\u00e9termination.<\/p>\n<p>Cette victoire a \u00e9galement mis en lumi\u00e8re les faiblesses strat\u00e9giques de certains des favoris, dont Mathieu Van der Poel. Dans un sport o\u00f9 chaque seconde compte, une d\u00e9cision malheureuse peut co\u00fbter cher, et c&rsquo;est exactement ce qui s&rsquo;est pass\u00e9 lors de cette \u00e9tape.<\/p>\n<h2>Analyse des choix de Mathieu Van der Poel<\/h2>\n<p>L&rsquo;analyse des choix tactiques de Van der Poel a suscit\u00e9 de nombreux d\u00e9bats parmi les passionn\u00e9s de cyclisme. Steve Chainel, consultant pour Eurosport, a soulign\u00e9 que le N\u00e9erlandais aurait d\u00fb attendre un peu plus longtemps avant de lancer son sprint. \u00ab\u00a0Il a pris un risque en tentant de se faufiler trop t\u00f4t, ce qui l&rsquo;a bloqu\u00e9 et l&rsquo;a emp\u00each\u00e9 de se battre pour la victoire,\u00a0\u00bb a-t-il d\u00e9clar\u00e9.<\/p>\n<p>Cette situation soul\u00e8ve des questions sur la mani\u00e8re dont les coureurs doivent g\u00e9rer leur \u00e9nergie et leur positionnement dans des courses aussi comp\u00e9titives. Une mauvaise d\u00e9cision peut transformer une course prometteuse en une d\u00e9ception am\u00e8re.<\/p>\n<h2>Les enseignements \u00e0 tirer de cette \u00e9tape<\/h2>\n<p>L&rsquo;\u00e9tape de Tirreno-Adriatico a servi de le\u00e7on pour de nombreux coureurs, et pas seulement pour Van der Poel. La strat\u00e9gie et le timing sont essentiels dans le sprint final. Voici quelques points cl\u00e9s \u00e0 retenir :<\/p>\n<ul>\n<li>La gestion du sprint est cruciale pour maximiser les chances de victoire.<\/li>\n<li>Il est important d&rsquo;\u00e9valuer le bon moment pour se lancer, en tenant compte des rivaux.<\/li>\n<li>Les d\u00e9cisions tactiques doivent \u00eatre prises rapidement et avec pr\u00e9cision.<\/li>\n<\/ul>\n<p>La comp\u00e9tition \u00e0 ce niveau est f\u00e9roce, et chaque erreur peut avoir des cons\u00e9quences dramatiques. Van der Poel, avec son talent, aura sans aucun doute l&rsquo;occasion de se racheter dans les prochaines \u00e9tapes. Cette course aura peut-\u00eatre \u00e9t\u00e9 un tournant dans sa saison, lui rappelant l&rsquo;importance de la strat\u00e9gie dans le cyclisme professionnel.<\/p>\n","protected":false},"excerpt":{"rendered":"","protected":false},"author":34,"featured_media":15657,"comment_status":"open","ping_status":"open","sticky":false,"template":"","format":"standard","meta":{"_acf_changed":false,"manual_indexmenow":false,"indexmenow_id_project":0,"footnotes":""},"categories":[1],"tags":[4745,4559,4561,4563,4885],"class_list":["post-11765","post","type-post","status-publish","format-standard","has-post-thumbnail","hentry","category-a-la-une","tag-competition","tag-cyclisme","tag-gestion-des-talents","tag-performance-athletique","tag-preparation-mentale","generate-columns","tablet-grid-50","mobile-grid-100","grid-parent","grid-25"],"acf":[],"yoast_head":"<!-- This site is optimized with the Yoast SEO Premium plugin v21.3 (Yoast SEO v26.5) - https:\/\/yoast.com\/wordpress\/plugins\/seo\/ -->\n<title>mathieu van der poel : une 20e place d\u00e9cevante<\/title>\n<meta name=\"description\" content=\"Une \u00e9tape prometteuse pour Mathieu Van der Poel Mathieu Van der Poel, l&#039;un des cyclistes les plus talentueux de sa g\u00e9n\u00e9ration, avait toutes les cartes en\u2026\" \/>\n<meta name=\"robots\" content=\"index, follow, max-snippet:-1, max-image-preview:large, max-video-preview:-1\" \/>\n<link rel=\"canonical\" href=\"https:\/\/sport-index.fr\/blog\/a-la-une\/mathieu-van-der-poel-une-20e-place-decevante-dans-une-etape-sur-mesure-pour-lui\/\" \/>\n<meta property=\"og:locale\" content=\"fr_FR\" \/>\n<meta property=\"og:type\" content=\"article\" \/>\n<meta property=\"og:title\" content=\"mathieu van der poel : une 20e place d\u00e9cevante\" \/>\n<meta property=\"og:description\" content=\"Une \u00e9tape prometteuse pour Mathieu Van der Poel Mathieu Van der Poel, l&#039;un des cyclistes les plus talentueux de sa g\u00e9n\u00e9ration, avait toutes les cartes en\u2026\" \/>\n<meta property=\"og:url\" content=\"https:\/\/sport-index.fr\/blog\/a-la-une\/mathieu-van-der-poel-une-20e-place-decevante-dans-une-etape-sur-mesure-pour-lui\/\" \/>\n<meta property=\"og:site_name\" content=\"sport-index\" \/>\n<meta name=\"author\" content=\"Axel Lauzier\" \/>\n<meta name=\"twitter:card\" content=\"summary_large_image\" \/>\n<script type=\"application\/ld+json\" class=\"yoast-schema-graph\">{\"@context\":\"https:\/\/schema.org\",\"@graph\":[{\"@type\":\"NewsArticle\",\"@id\":\"https:\/\/sport-index.fr\/blog\/a-la-une\/mathieu-van-der-poel-une-20e-place-decevante-dans-une-etape-sur-mesure-pour-lui\/#article\",\"isPartOf\":{\"@id\":\"https:\/\/sport-index.fr\/blog\/a-la-une\/mathieu-van-der-poel-une-20e-place-decevante-dans-une-etape-sur-mesure-pour-lui\/\"},\"author\":{\"name\":\"Axel Lauzier\",\"@id\":\"https:\/\/sport-index.fr\/blog\/#\/schema\/person\/3c864cdc320801e3db34b663e7e3f816\"},\"headline\":\"mathieu van der poel : une 20e place d\u00e9cevante dans une \u00e9tape sur mesure pour lui\",\"datePublished\":\"2025-03-14T07:57:00+00:00\",\"mainEntityOfPage\":{\"@id\":\"https:\/\/sport-index.fr\/blog\/a-la-une\/mathieu-van-der-poel-une-20e-place-decevante-dans-une-etape-sur-mesure-pour-lui\/\"},\"wordCount\":546,\"commentCount\":18,\"publisher\":{\"@id\":\"https:\/\/sport-index.fr\/blog\/#organization\"},\"image\":{\"@id\":\"https:\/\/sport-index.fr\/blog\/a-la-une\/mathieu-van-der-poel-une-20e-place-decevante-dans-une-etape-sur-mesure-pour-lui\/#primaryimage\"},\"thumbnailUrl\":\"https:\/\/sport-index.fr\/blog\/wp-content\/uploads\/2025\/05\/sdxl-fdd5983d07d905152c9a205ceadc4d0f-scaled.png\",\"keywords\":[\"Comp\u00e9tition\",\"Cyclisme\",\"Gestion des Talents\",\"Performance Athl\u00e9tique\",\"Pr\u00e9paration Mentale\"],\"articleSection\":[\"\u00c0 la une\"],\"inLanguage\":\"fr-FR\",\"potentialAction\":[{\"@type\":\"CommentAction\",\"name\":\"Comment\",\"target\":[\"https:\/\/sport-index.fr\/blog\/a-la-une\/mathieu-van-der-poel-une-20e-place-decevante-dans-une-etape-sur-mesure-pour-lui\/#respond\"]}]},{\"@type\":\"WebPage\",\"@id\":\"https:\/\/sport-index.fr\/blog\/a-la-une\/mathieu-van-der-poel-une-20e-place-decevante-dans-une-etape-sur-mesure-pour-lui\/\",\"url\":\"https:\/\/sport-index.fr\/blog\/a-la-une\/mathieu-van-der-poel-une-20e-place-decevante-dans-une-etape-sur-mesure-pour-lui\/\",\"name\":\"mathieu van der poel : une 20e place d\u00e9cevante\",\"isPartOf\":{\"@id\":\"https:\/\/sport-index.fr\/blog\/#website\"},\"primaryImageOfPage\":{\"@id\":\"https:\/\/sport-index.fr\/blog\/a-la-une\/mathieu-van-der-poel-une-20e-place-decevante-dans-une-etape-sur-mesure-pour-lui\/#primaryimage\"},\"image\":{\"@id\":\"https:\/\/sport-index.fr\/blog\/a-la-une\/mathieu-van-der-poel-une-20e-place-decevante-dans-une-etape-sur-mesure-pour-lui\/#primaryimage\"},\"thumbnailUrl\":\"https:\/\/sport-index.fr\/blog\/wp-content\/uploads\/2025\/05\/sdxl-fdd5983d07d905152c9a205ceadc4d0f-scaled.png\",\"datePublished\":\"2025-03-14T07:57:00+00:00\",\"description\":\"Une \u00e9tape prometteuse pour Mathieu Van der Poel Mathieu Van der Poel, l'un des cyclistes les plus talentueux de sa g\u00e9n\u00e9ration, avait toutes les cartes en\u2026\",\"inLanguage\":\"fr-FR\",\"potentialAction\":[{\"@type\":\"ReadAction\",\"target\":[\"https:\/\/sport-index.fr\/blog\/a-la-une\/mathieu-van-der-poel-une-20e-place-decevante-dans-une-etape-sur-mesure-pour-lui\/\"]}]},{\"@type\":\"ImageObject\",\"inLanguage\":\"fr-FR\",\"@id\":\"https:\/\/sport-index.fr\/blog\/a-la-une\/mathieu-van-der-poel-une-20e-place-decevante-dans-une-etape-sur-mesure-pour-lui\/#primaryimage\",\"url\":\"https:\/\/sport-index.fr\/blog\/wp-content\/uploads\/2025\/05\/sdxl-fdd5983d07d905152c9a205ceadc4d0f-scaled.png\",\"contentUrl\":\"https:\/\/sport-index.fr\/blog\/wp-content\/uploads\/2025\/05\/sdxl-fdd5983d07d905152c9a205ceadc4d0f-scaled.png\",\"width\":1200,\"height\":500},{\"@type\":\"WebSite\",\"@id\":\"https:\/\/sport-index.fr\/blog\/#website\",\"url\":\"https:\/\/sport-index.fr\/blog\/\",\"name\":\"sport-index.fr\",\"description\":\"Le score de l\u2019analyse sportive.\",\"publisher\":{\"@id\":\"https:\/\/sport-index.fr\/blog\/#organization\"},\"alternateName\":\"Le score de l\u2019analyse sportive.\",\"potentialAction\":[{\"@type\":\"SearchAction\",\"target\":{\"@type\":\"EntryPoint\",\"urlTemplate\":\"https:\/\/sport-index.fr\/blog\/?s={search_term_string}\"},\"query-input\":{\"@type\":\"PropertyValueSpecification\",\"valueRequired\":true,\"valueName\":\"search_term_string\"}}],\"inLanguage\":\"fr-FR\"},{\"@type\":\"Organization\",\"@id\":\"https:\/\/sport-index.fr\/blog\/#organization\",\"name\":\"Foretsensations.fr\",\"url\":\"https:\/\/sport-index.fr\/blog\/\",\"logo\":{\"@type\":\"ImageObject\",\"inLanguage\":\"fr-FR\",\"@id\":\"https:\/\/sport-index.fr\/blog\/#\/schema\/logo\/image\/\",\"url\":\"https:\/\/sport-index.fr\/blog\/wp-content\/uploads\/2026\/07\/logo-auto.png\",\"contentUrl\":\"https:\/\/sport-index.fr\/blog\/wp-content\/uploads\/2026\/07\/logo-auto.png\",\"width\":1024,\"height\":1024,\"caption\":\"Foretsensations.fr\"},\"image\":{\"@id\":\"https:\/\/sport-index.fr\/blog\/#\/schema\/logo\/image\/\"}},{\"@type\":\"Person\",\"@id\":\"https:\/\/sport-index.fr\/blog\/#\/schema\/person\/3c864cdc320801e3db34b663e7e3f816\",\"name\":\"Axel Lauzier\",\"image\":{\"@type\":\"ImageObject\",\"inLanguage\":\"fr-FR\",\"@id\":\"https:\/\/sport-index.fr\/blog\/#\/schema\/person\/image\/\",\"url\":\"https:\/\/sport-index.fr\/blog\/wp-content\/uploads\/2026\/06\/persona_axel-l-96x96.jpg\",\"contentUrl\":\"https:\/\/sport-index.fr\/blog\/wp-content\/uploads\/2026\/06\/persona_axel-l-96x96.jpg\",\"caption\":\"Axel Lauzier\"},\"description\":\"Le sport rythme mon quotidien depuis l'enfance, et j'en ai fait mon m\u00e9tier d'analyste r\u00e9dactionnel il y a une dizaine d'ann\u00e9es. Je couvre principalement le football, son actualit\u00e9, ses transferts et l'analyse tactique des grandes affiches, mais aussi les disciplines plus confidentielles que j'aime remettre en lumi\u00e8re. Une partie de mon travail porte sur les pronostics et la lecture statistique d'un match : forme des \u00e9quipes, historique des confrontations, compositions, sans jamais vendre de fausse certitude. Je rappelle syst\u00e9matiquement que parier comporte un risque et doit rester un loisir ma\u00eetris\u00e9. Avant de signer une analyse, je v\u00e9rifie mes chiffres, je recoupe les compositions probables et je distingue toujours la donn\u00e9e brute de l'intuition. Mon objectif : offrir une lecture honn\u00eate et argument\u00e9e, pas un ticket gagnant garanti.\",\"sameAs\":[\"https:\/\/axellauzier.fr\/\"],\"url\":\"https:\/\/sport-index.fr\/blog\/auteur\/noname\/\"}]}<\/script>\n<!-- \/ Yoast SEO Premium plugin. -->","yoast_head_json":{"title":"mathieu van der poel : une 20e place d\u00e9cevante","description":"Une \u00e9tape prometteuse pour Mathieu Van der Poel Mathieu Van der Poel, l'un des cyclistes les plus talentueux de sa g\u00e9n\u00e9ration, avait toutes les cartes en\u2026","robots":{"index":"index","follow":"follow","max-snippet":"max-snippet:-1","max-image-preview":"max-image-preview:large","max-video-preview":"max-video-preview:-1"},"canonical":"https:\/\/sport-index.fr\/blog\/a-la-une\/mathieu-van-der-poel-une-20e-place-decevante-dans-une-etape-sur-mesure-pour-lui\/","og_locale":"fr_FR","og_type":"article","og_title":"mathieu van der poel : une 20e place d\u00e9cevante","og_description":"Une \u00e9tape prometteuse pour Mathieu Van der Poel Mathieu Van der Poel, l'un des cyclistes les plus talentueux de sa g\u00e9n\u00e9ration, avait toutes les cartes en\u2026","og_url":"https:\/\/sport-index.fr\/blog\/a-la-une\/mathieu-van-der-poel-une-20e-place-decevante-dans-une-etape-sur-mesure-pour-lui\/","og_site_name":"sport-index","author":"Axel Lauzier","twitter_card":"summary_large_image","schema":{"@context":"https:\/\/schema.org","@graph":[{"@type":"NewsArticle","@id":"https:\/\/sport-index.fr\/blog\/a-la-une\/mathieu-van-der-poel-une-20e-place-decevante-dans-une-etape-sur-mesure-pour-lui\/#article","isPartOf":{"@id":"https:\/\/sport-index.fr\/blog\/a-la-une\/mathieu-van-der-poel-une-20e-place-decevante-dans-une-etape-sur-mesure-pour-lui\/"},"author":{"name":"Axel Lauzier","@id":"https:\/\/sport-index.fr\/blog\/#\/schema\/person\/3c864cdc320801e3db34b663e7e3f816"},"headline":"mathieu van der poel : une 20e place d\u00e9cevante dans une \u00e9tape sur mesure pour lui","datePublished":"2025-03-14T07:57:00+00:00","mainEntityOfPage":{"@id":"https:\/\/sport-index.fr\/blog\/a-la-une\/mathieu-van-der-poel-une-20e-place-decevante-dans-une-etape-sur-mesure-pour-lui\/"},"wordCount":546,"commentCount":18,"publisher":{"@id":"https:\/\/sport-index.fr\/blog\/#organization"},"image":{"@id":"https:\/\/sport-index.fr\/blog\/a-la-une\/mathieu-van-der-poel-une-20e-place-decevante-dans-une-etape-sur-mesure-pour-lui\/#primaryimage"},"thumbnailUrl":"https:\/\/sport-index.fr\/blog\/wp-content\/uploads\/2025\/05\/sdxl-fdd5983d07d905152c9a205ceadc4d0f-scaled.png","keywords":["Comp\u00e9tition","Cyclisme","Gestion des Talents","Performance Athl\u00e9tique","Pr\u00e9paration Mentale"],"articleSection":["\u00c0 la une"],"inLanguage":"fr-FR","potentialAction":[{"@type":"CommentAction","name":"Comment","target":["https:\/\/sport-index.fr\/blog\/a-la-une\/mathieu-van-der-poel-une-20e-place-decevante-dans-une-etape-sur-mesure-pour-lui\/#respond"]}]},{"@type":"WebPage","@id":"https:\/\/sport-index.fr\/blog\/a-la-une\/mathieu-van-der-poel-une-20e-place-decevante-dans-une-etape-sur-mesure-pour-lui\/","url":"https:\/\/sport-index.fr\/blog\/a-la-une\/mathieu-van-der-poel-une-20e-place-decevante-dans-une-etape-sur-mesure-pour-lui\/","name":"mathieu van der poel : une 20e place d\u00e9cevante","isPartOf":{"@id":"https:\/\/sport-index.fr\/blog\/#website"},"primaryImageOfPage":{"@id":"https:\/\/sport-index.fr\/blog\/a-la-une\/mathieu-van-der-poel-une-20e-place-decevante-dans-une-etape-sur-mesure-pour-lui\/#primaryimage"},"image":{"@id":"https:\/\/sport-index.fr\/blog\/a-la-une\/mathieu-van-der-poel-une-20e-place-decevante-dans-une-etape-sur-mesure-pour-lui\/#primaryimage"},"thumbnailUrl":"https:\/\/sport-index.fr\/blog\/wp-content\/uploads\/2025\/05\/sdxl-fdd5983d07d905152c9a205ceadc4d0f-scaled.png","datePublished":"2025-03-14T07:57:00+00:00","description":"Une \u00e9tape prometteuse pour Mathieu Van der Poel Mathieu Van der Poel, l'un des cyclistes les plus talentueux de sa g\u00e9n\u00e9ration, avait toutes les cartes en\u2026","inLanguage":"fr-FR","potentialAction":[{"@type":"ReadAction","target":["https:\/\/sport-index.fr\/blog\/a-la-une\/mathieu-van-der-poel-une-20e-place-decevante-dans-une-etape-sur-mesure-pour-lui\/"]}]},{"@type":"ImageObject","inLanguage":"fr-FR","@id":"https:\/\/sport-index.fr\/blog\/a-la-une\/mathieu-van-der-poel-une-20e-place-decevante-dans-une-etape-sur-mesure-pour-lui\/#primaryimage","url":"https:\/\/sport-index.fr\/blog\/wp-content\/uploads\/2025\/05\/sdxl-fdd5983d07d905152c9a205ceadc4d0f-scaled.png","contentUrl":"https:\/\/sport-index.fr\/blog\/wp-content\/uploads\/2025\/05\/sdxl-fdd5983d07d905152c9a205ceadc4d0f-scaled.png","width":1200,"height":500},{"@type":"WebSite","@id":"https:\/\/sport-index.fr\/blog\/#website","url":"https:\/\/sport-index.fr\/blog\/","name":"sport-index.fr","description":"Le score de l\u2019analyse sportive.","publisher":{"@id":"https:\/\/sport-index.fr\/blog\/#organization"},"alternateName":"Le score de l\u2019analyse sportive.","potentialAction":[{"@type":"SearchAction","target":{"@type":"EntryPoint","urlTemplate":"https:\/\/sport-index.fr\/blog\/?s={search_term_string}"},"query-input":{"@type":"PropertyValueSpecification","valueRequired":true,"valueName":"search_term_string"}}],"inLanguage":"fr-FR"},{"@type":"Organization","@id":"https:\/\/sport-index.fr\/blog\/#organization","name":"Foretsensations.fr","url":"https:\/\/sport-index.fr\/blog\/","logo":{"@type":"ImageObject","inLanguage":"fr-FR","@id":"https:\/\/sport-index.fr\/blog\/#\/schema\/logo\/image\/","url":"https:\/\/sport-index.fr\/blog\/wp-content\/uploads\/2026\/07\/logo-auto.png","contentUrl":"https:\/\/sport-index.fr\/blog\/wp-content\/uploads\/2026\/07\/logo-auto.png","width":1024,"height":1024,"caption":"Foretsensations.fr"},"image":{"@id":"https:\/\/sport-index.fr\/blog\/#\/schema\/logo\/image\/"}},{"@type":"Person","@id":"https:\/\/sport-index.fr\/blog\/#\/schema\/person\/3c864cdc320801e3db34b663e7e3f816","name":"Axel Lauzier","image":{"@type":"ImageObject","inLanguage":"fr-FR","@id":"https:\/\/sport-index.fr\/blog\/#\/schema\/person\/image\/","url":"https:\/\/sport-index.fr\/blog\/wp-content\/uploads\/2026\/06\/persona_axel-l-96x96.jpg","contentUrl":"https:\/\/sport-index.fr\/blog\/wp-content\/uploads\/2026\/06\/persona_axel-l-96x96.jpg","caption":"Axel Lauzier"},"description":"Le sport rythme mon quotidien depuis l'enfance, et j'en ai fait mon m\u00e9tier d'analyste r\u00e9dactionnel il y a une dizaine d'ann\u00e9es. Je couvre principalement le football, son actualit\u00e9, ses transferts et l'analyse tactique des grandes affiches, mais aussi les disciplines plus confidentielles que j'aime remettre en lumi\u00e8re. Une partie de mon travail porte sur les pronostics et la lecture statistique d'un match : forme des \u00e9quipes, historique des confrontations, compositions, sans jamais vendre de fausse certitude. Je rappelle syst\u00e9matiquement que parier comporte un risque et doit rester un loisir ma\u00eetris\u00e9. Avant de signer une analyse, je v\u00e9rifie mes chiffres, je recoupe les compositions probables et je distingue toujours la donn\u00e9e brute de l'intuition. Mon objectif : offrir une lecture honn\u00eate et argument\u00e9e, pas un ticket gagnant garanti.","sameAs":["https:\/\/axellauzier.fr\/"],"url":"https:\/\/sport-index.fr\/blog\/auteur\/noname\/"}]}},"_links":{"self":[{"href":"https:\/\/sport-index.fr\/blog\/wp-json\/wp\/v2\/posts\/11765","targetHints":{"allow":["GET"]}}],"collection":[{"href":"https:\/\/sport-index.fr\/blog\/wp-json\/wp\/v2\/posts"}],"about":[{"href":"https:\/\/sport-index.fr\/blog\/wp-json\/wp\/v2\/types\/post"}],"author":[{"embeddable":true,"href":"https:\/\/sport-index.fr\/blog\/wp-json\/wp\/v2\/users\/34"}],"replies":[{"embeddable":true,"href":"https:\/\/sport-index.fr\/blog\/wp-json\/wp\/v2\/comments?post=11765"}],"version-history":[{"count":1,"href":"https:\/\/sport-index.fr\/blog\/wp-json\/wp\/v2\/posts\/11765\/revisions"}],"predecessor-version":[{"id":11811,"href":"https:\/\/sport-index.fr\/blog\/wp-json\/wp\/v2\/posts\/11765\/revisions\/11811"}],"wp:featuredmedia":[{"embeddable":true,"href":"https:\/\/sport-index.fr\/blog\/wp-json\/wp\/v2\/media\/15657"}],"wp:attachment":[{"href":"https:\/\/sport-index.fr\/blog\/wp-json\/wp\/v2\/media?parent=11765"}],"wp:term":[{"taxonomy":"category","embeddable":true,"href":"https:\/\/sport-index.fr\/blog\/wp-json\/wp\/v2\/categories?post=11765"},{"taxonomy":"post_tag","embeddable":true,"href":"https:\/\/sport-index.fr\/blog\/wp-json\/wp\/v2\/tags?post=11765"}],"curies":[{"name":"wp","href":"https:\/\/api.w.org\/{rel}","templated":true}]}}