{"id":11766,"date":"2025-03-15T11:21:45","date_gmt":"2025-03-15T10:21:45","guid":{"rendered":"https:\/\/sport-index.fr\/blog\/?p=11766"},"modified":"2025-03-13T10:32:24","modified_gmt":"2025-03-13T09:32:24","slug":"un-nouveau-depart-pour-eliott-roudil-de-la-section-paloise-a-vannes","status":"publish","type":"post","link":"https:\/\/sport-index.fr\/blog\/a-la-une\/un-nouveau-depart-pour-eliott-roudil-de-la-section-paloise-a-vannes\/","title":{"rendered":"un nouveau d\u00e9part pour eliott roudil : de la section paloise \u00e0 vannes"},"content":{"rendered":"<p>Ce changement marque une \u00e9tape importante dans la carri\u00e8re de ce joueur talentueux. Avec un contrat de trois ans, Roudil s&rsquo;engage \u00e0 contribuer au d\u00e9veloppement de son nouveau club dans le championnat de France.<\/p>\n<h2>Un transfert marquant pour le rugby breton<\/h2>\n<p>Le Rugby Club Vannes, en pleine ascension, a r\u00e9ussi \u00e0 attirer Eliott Roudil, un joueur polyvalent qui a fait ses preuves dans le Top 14. Ce transfert fait suite \u00e0 d&rsquo;autres recrutements strat\u00e9giques, comme celui d&rsquo;Anhony Bouthier, renfor\u00e7ant ainsi les ambitions du club breton. Pour Vannes, l&rsquo;ajout de Roudil repr\u00e9sente un atout non n\u00e9gligeable sur le terrain.<\/p>\n<p>Roudil, \u00e2g\u00e9 de 28 ans, a exprim\u00e9 sa fiert\u00e9 de rejoindre un club en pleine croissance. Son exp\u00e9rience au sein de la Section Paloise, o\u00f9 il a jou\u00e9 65 matchs, sera pr\u00e9cieuse pour le Rugby Club Vannes. Son engagement pour trois saisons t\u00e9moigne de la confiance r\u00e9ciproque entre le joueur et son nouveau club.<\/p>\n<h2>Le parcours d\u2019Eliott Roudil<\/h2>\n<p>N\u00e9 \u00e0 Nantes, Eliott Roudil a d\u00e9but\u00e9 sa carri\u00e8re professionnelle \u00e0 La Rochelle, o\u00f9 il a disput\u00e9 89 matchs entre 2013 et 2020. Son passage \u00e0 la Section Paloise a \u00e9t\u00e9 marqu\u00e9 par des performances solides, avec 45 titularisations \u00e0 son actif. \u00c0 pr\u00e9sent, il se lance dans un nouveau d\u00e9fi en rejoignant Vannes, une ville qui lui tient particuli\u00e8rement \u00e0 c\u0153ur.<\/p>\n<p>Roudil a \u00e9galement \u00e9t\u00e9 international U20, ce qui t\u00e9moigne de son potentiel d\u00e8s ses d\u00e9buts. Sa capacit\u00e9 \u00e0 \u00e9voluer aussi bien au centre qu\u2019\u00e0 l\u2019aile fait de lui un joueur polyvalent, capable de s\u2019adapter \u00e0 diff\u00e9rentes situations de jeu. Ce type de joueur est essentiel pour une \u00e9quipe qui vise le succ\u00e8s dans un championnat aussi comp\u00e9titif que le Top 14.<\/p>\n<h2>Les ambitions de Vannes avec ce recrutement<\/h2>\n<p>Le Rugby Club Vannes ne cache pas ses ambitions pour la saison \u00e0 venir. Avec l\u2019arriv\u00e9e d\u2019Eliott Roudil, le club esp\u00e8re non seulement se maintenir en Top 14 mais \u00e9galement rivaliser avec les meilleures \u00e9quipes. La direction a mis les moyens en recrutant des joueurs de qualit\u00e9, et Roudil est un ajout cl\u00e9 \u00e0 cette strat\u00e9gie.<\/p>\n<p>Dans ses propres mots, Roudil a d\u00e9clar\u00e9 : <\/p>\n<blockquote><p>\u00ab Je suis tr\u00e8s fier de rejoindre le RC Vannes, un club dont j\u2019ai suivi l\u2019incroyable \u00e9volution ces derni\u00e8res ann\u00e9es. \u00bb<\/p><\/blockquote>\n<p> Son enthousiasme \u00e0 l&rsquo;id\u00e9e de revenir dans sa r\u00e9gion natale ne fait qu&rsquo;ajouter \u00e0 l&rsquo;excitation autour de son transfert. Les supporters de Vannes peuvent s&rsquo;attendre \u00e0 voir un joueur d\u00e9termin\u00e9 et pr\u00eat \u00e0 donner le meilleur de lui-m\u00eame sur le terrain.<\/p>\n<ul>\n<li>Transfert d&rsquo;Eliott Roudil \u00e0 Vannes pour trois saisons.<\/li>\n<li>Roudil a jou\u00e9 89 matchs avec La Rochelle et 65 avec la Section Paloise.<\/li>\n<li>Il a \u00e9t\u00e9 international U20 et \u00e9volue au centre ou \u00e0 l&rsquo;aile.<\/li>\n<li>Vannes continue d&rsquo;investir pour renforcer son effectif.<\/li>\n<li>Roudil exprime sa fiert\u00e9 de rejoindre un club en pleine \u00e9volution.<\/li>\n<\/ul>\n<p>Ce transfert repr\u00e9sente une nouvelle page dans l&rsquo;histoire d&rsquo;Eliott Roudil, qui esp\u00e8re marquer de son empreinte le Rugby Club Vannes. Les supporters attendent avec impatience de voir les performances de leur nouvel attaquant lors de la prochaine saison.<\/p>\n","protected":false},"excerpt":{"rendered":"","protected":false},"author":34,"featured_media":15977,"comment_status":"open","ping_status":"open","sticky":false,"template":"","format":"standard","meta":{"_acf_changed":false,"manual_indexmenow":false,"indexmenow_id_project":0,"footnotes":""},"categories":[1],"tags":[4544,4563,4536,4539,5211],"class_list":["post-11766","post","type-post","status-publish","format-standard","has-post-thumbnail","hentry","category-a-la-une","tag-equipe","tag-performance-athletique","tag-rugby","tag-top-14","tag-transfert","generate-columns","tablet-grid-50","mobile-grid-100","grid-parent","grid-25"],"acf":[],"yoast_head":"<!-- This site is optimized with the Yoast SEO Premium plugin v21.3 (Yoast SEO v26.5) - https:\/\/yoast.com\/wordpress\/plugins\/seo\/ -->\n<title>un nouveau d\u00e9part pour eliott roudil : de la section<\/title>\n<meta name=\"description\" content=\"Ce changement marque une \u00e9tape importante dans la carri\u00e8re de ce joueur talentueux. Avec un contrat de trois ans, Roudil s&#039;engage \u00e0 contribuer au\u2026\" \/>\n<meta name=\"robots\" content=\"index, follow, max-snippet:-1, max-image-preview:large, max-video-preview:-1\" \/>\n<link rel=\"canonical\" href=\"https:\/\/sport-index.fr\/blog\/a-la-une\/un-nouveau-depart-pour-eliott-roudil-de-la-section-paloise-a-vannes\/\" \/>\n<meta property=\"og:locale\" content=\"fr_FR\" \/>\n<meta property=\"og:type\" content=\"article\" \/>\n<meta property=\"og:title\" content=\"un nouveau d\u00e9part pour eliott roudil : de la section\" \/>\n<meta property=\"og:description\" content=\"Ce changement marque une \u00e9tape importante dans la carri\u00e8re de ce joueur talentueux. Avec un contrat de trois ans, Roudil s&#039;engage \u00e0 contribuer au\u2026\" \/>\n<meta property=\"og:url\" content=\"https:\/\/sport-index.fr\/blog\/a-la-une\/un-nouveau-depart-pour-eliott-roudil-de-la-section-paloise-a-vannes\/\" \/>\n<meta property=\"og:site_name\" content=\"sport-index\" \/>\n<meta name=\"author\" content=\"Axel Lauzier\" \/>\n<meta name=\"twitter:card\" content=\"summary_large_image\" \/>\n<script type=\"application\/ld+json\" class=\"yoast-schema-graph\">{\"@context\":\"https:\/\/schema.org\",\"@graph\":[{\"@type\":\"NewsArticle\",\"@id\":\"https:\/\/sport-index.fr\/blog\/a-la-une\/un-nouveau-depart-pour-eliott-roudil-de-la-section-paloise-a-vannes\/#article\",\"isPartOf\":{\"@id\":\"https:\/\/sport-index.fr\/blog\/a-la-une\/un-nouveau-depart-pour-eliott-roudil-de-la-section-paloise-a-vannes\/\"},\"author\":{\"name\":\"Axel Lauzier\",\"@id\":\"https:\/\/sport-index.fr\/blog\/#\/schema\/person\/3c864cdc320801e3db34b663e7e3f816\"},\"headline\":\"un nouveau d\u00e9part pour eliott roudil : de la section paloise \u00e0 vannes\",\"datePublished\":\"2025-03-15T10:21:45+00:00\",\"mainEntityOfPage\":{\"@id\":\"https:\/\/sport-index.fr\/blog\/a-la-une\/un-nouveau-depart-pour-eliott-roudil-de-la-section-paloise-a-vannes\/\"},\"wordCount\":538,\"commentCount\":23,\"publisher\":{\"@id\":\"https:\/\/sport-index.fr\/blog\/#organization\"},\"image\":{\"@id\":\"https:\/\/sport-index.fr\/blog\/a-la-une\/un-nouveau-depart-pour-eliott-roudil-de-la-section-paloise-a-vannes\/#primaryimage\"},\"thumbnailUrl\":\"https:\/\/sport-index.fr\/blog\/wp-content\/uploads\/2025\/05\/sdxl-54a82450183a10aa6adbc5973da3ed3e-scaled.png\",\"keywords\":[\"\u00c9quipe\",\"Performance Athl\u00e9tique\",\"Rugby\",\"Top 14\",\"Transfert\"],\"articleSection\":[\"\u00c0 la une\"],\"inLanguage\":\"fr-FR\",\"potentialAction\":[{\"@type\":\"CommentAction\",\"name\":\"Comment\",\"target\":[\"https:\/\/sport-index.fr\/blog\/a-la-une\/un-nouveau-depart-pour-eliott-roudil-de-la-section-paloise-a-vannes\/#respond\"]}]},{\"@type\":\"WebPage\",\"@id\":\"https:\/\/sport-index.fr\/blog\/a-la-une\/un-nouveau-depart-pour-eliott-roudil-de-la-section-paloise-a-vannes\/\",\"url\":\"https:\/\/sport-index.fr\/blog\/a-la-une\/un-nouveau-depart-pour-eliott-roudil-de-la-section-paloise-a-vannes\/\",\"name\":\"un nouveau d\u00e9part pour eliott roudil : de la section\",\"isPartOf\":{\"@id\":\"https:\/\/sport-index.fr\/blog\/#website\"},\"primaryImageOfPage\":{\"@id\":\"https:\/\/sport-index.fr\/blog\/a-la-une\/un-nouveau-depart-pour-eliott-roudil-de-la-section-paloise-a-vannes\/#primaryimage\"},\"image\":{\"@id\":\"https:\/\/sport-index.fr\/blog\/a-la-une\/un-nouveau-depart-pour-eliott-roudil-de-la-section-paloise-a-vannes\/#primaryimage\"},\"thumbnailUrl\":\"https:\/\/sport-index.fr\/blog\/wp-content\/uploads\/2025\/05\/sdxl-54a82450183a10aa6adbc5973da3ed3e-scaled.png\",\"datePublished\":\"2025-03-15T10:21:45+00:00\",\"description\":\"Ce changement marque une \u00e9tape importante dans la carri\u00e8re de ce joueur talentueux. Avec un contrat de trois ans, Roudil s'engage \u00e0 contribuer au\u2026\",\"inLanguage\":\"fr-FR\",\"potentialAction\":[{\"@type\":\"ReadAction\",\"target\":[\"https:\/\/sport-index.fr\/blog\/a-la-une\/un-nouveau-depart-pour-eliott-roudil-de-la-section-paloise-a-vannes\/\"]}]},{\"@type\":\"ImageObject\",\"inLanguage\":\"fr-FR\",\"@id\":\"https:\/\/sport-index.fr\/blog\/a-la-une\/un-nouveau-depart-pour-eliott-roudil-de-la-section-paloise-a-vannes\/#primaryimage\",\"url\":\"https:\/\/sport-index.fr\/blog\/wp-content\/uploads\/2025\/05\/sdxl-54a82450183a10aa6adbc5973da3ed3e-scaled.png\",\"contentUrl\":\"https:\/\/sport-index.fr\/blog\/wp-content\/uploads\/2025\/05\/sdxl-54a82450183a10aa6adbc5973da3ed3e-scaled.png\",\"width\":1200,\"height\":500},{\"@type\":\"WebSite\",\"@id\":\"https:\/\/sport-index.fr\/blog\/#website\",\"url\":\"https:\/\/sport-index.fr\/blog\/\",\"name\":\"sport-index.fr\",\"description\":\"Le score de l\u2019analyse sportive.\",\"publisher\":{\"@id\":\"https:\/\/sport-index.fr\/blog\/#organization\"},\"alternateName\":\"Le score de l\u2019analyse sportive.\",\"potentialAction\":[{\"@type\":\"SearchAction\",\"target\":{\"@type\":\"EntryPoint\",\"urlTemplate\":\"https:\/\/sport-index.fr\/blog\/?s={search_term_string}\"},\"query-input\":{\"@type\":\"PropertyValueSpecification\",\"valueRequired\":true,\"valueName\":\"search_term_string\"}}],\"inLanguage\":\"fr-FR\"},{\"@type\":\"Organization\",\"@id\":\"https:\/\/sport-index.fr\/blog\/#organization\",\"name\":\"Foretsensations.fr\",\"url\":\"https:\/\/sport-index.fr\/blog\/\",\"logo\":{\"@type\":\"ImageObject\",\"inLanguage\":\"fr-FR\",\"@id\":\"https:\/\/sport-index.fr\/blog\/#\/schema\/logo\/image\/\",\"url\":\"https:\/\/sport-index.fr\/blog\/wp-content\/uploads\/2026\/07\/logo-auto.png\",\"contentUrl\":\"https:\/\/sport-index.fr\/blog\/wp-content\/uploads\/2026\/07\/logo-auto.png\",\"width\":1024,\"height\":1024,\"caption\":\"Foretsensations.fr\"},\"image\":{\"@id\":\"https:\/\/sport-index.fr\/blog\/#\/schema\/logo\/image\/\"}},{\"@type\":\"Person\",\"@id\":\"https:\/\/sport-index.fr\/blog\/#\/schema\/person\/3c864cdc320801e3db34b663e7e3f816\",\"name\":\"Axel Lauzier\",\"image\":{\"@type\":\"ImageObject\",\"inLanguage\":\"fr-FR\",\"@id\":\"https:\/\/sport-index.fr\/blog\/#\/schema\/person\/image\/\",\"url\":\"https:\/\/sport-index.fr\/blog\/wp-content\/uploads\/2026\/06\/persona_axel-l-96x96.jpg\",\"contentUrl\":\"https:\/\/sport-index.fr\/blog\/wp-content\/uploads\/2026\/06\/persona_axel-l-96x96.jpg\",\"caption\":\"Axel Lauzier\"},\"description\":\"Le sport rythme mon quotidien depuis l'enfance, et j'en ai fait mon m\u00e9tier d'analyste r\u00e9dactionnel il y a une dizaine d'ann\u00e9es. Je couvre principalement le football, son actualit\u00e9, ses transferts et l'analyse tactique des grandes affiches, mais aussi les disciplines plus confidentielles que j'aime remettre en lumi\u00e8re. Une partie de mon travail porte sur les pronostics et la lecture statistique d'un match : forme des \u00e9quipes, historique des confrontations, compositions, sans jamais vendre de fausse certitude. Je rappelle syst\u00e9matiquement que parier comporte un risque et doit rester un loisir ma\u00eetris\u00e9. Avant de signer une analyse, je v\u00e9rifie mes chiffres, je recoupe les compositions probables et je distingue toujours la donn\u00e9e brute de l'intuition. Mon objectif : offrir une lecture honn\u00eate et argument\u00e9e, pas un ticket gagnant garanti.\",\"sameAs\":[\"https:\/\/axellauzier.fr\/\"],\"url\":\"https:\/\/sport-index.fr\/blog\/auteur\/noname\/\"}]}<\/script>\n<!-- \/ Yoast SEO Premium plugin. -->","yoast_head_json":{"title":"un nouveau d\u00e9part pour eliott roudil : de la section","description":"Ce changement marque une \u00e9tape importante dans la carri\u00e8re de ce joueur talentueux. Avec un contrat de trois ans, Roudil s'engage \u00e0 contribuer au\u2026","robots":{"index":"index","follow":"follow","max-snippet":"max-snippet:-1","max-image-preview":"max-image-preview:large","max-video-preview":"max-video-preview:-1"},"canonical":"https:\/\/sport-index.fr\/blog\/a-la-une\/un-nouveau-depart-pour-eliott-roudil-de-la-section-paloise-a-vannes\/","og_locale":"fr_FR","og_type":"article","og_title":"un nouveau d\u00e9part pour eliott roudil : de la section","og_description":"Ce changement marque une \u00e9tape importante dans la carri\u00e8re de ce joueur talentueux. Avec un contrat de trois ans, Roudil s'engage \u00e0 contribuer au\u2026","og_url":"https:\/\/sport-index.fr\/blog\/a-la-une\/un-nouveau-depart-pour-eliott-roudil-de-la-section-paloise-a-vannes\/","og_site_name":"sport-index","author":"Axel Lauzier","twitter_card":"summary_large_image","schema":{"@context":"https:\/\/schema.org","@graph":[{"@type":"NewsArticle","@id":"https:\/\/sport-index.fr\/blog\/a-la-une\/un-nouveau-depart-pour-eliott-roudil-de-la-section-paloise-a-vannes\/#article","isPartOf":{"@id":"https:\/\/sport-index.fr\/blog\/a-la-une\/un-nouveau-depart-pour-eliott-roudil-de-la-section-paloise-a-vannes\/"},"author":{"name":"Axel Lauzier","@id":"https:\/\/sport-index.fr\/blog\/#\/schema\/person\/3c864cdc320801e3db34b663e7e3f816"},"headline":"un nouveau d\u00e9part pour eliott roudil : de la section paloise \u00e0 vannes","datePublished":"2025-03-15T10:21:45+00:00","mainEntityOfPage":{"@id":"https:\/\/sport-index.fr\/blog\/a-la-une\/un-nouveau-depart-pour-eliott-roudil-de-la-section-paloise-a-vannes\/"},"wordCount":538,"commentCount":23,"publisher":{"@id":"https:\/\/sport-index.fr\/blog\/#organization"},"image":{"@id":"https:\/\/sport-index.fr\/blog\/a-la-une\/un-nouveau-depart-pour-eliott-roudil-de-la-section-paloise-a-vannes\/#primaryimage"},"thumbnailUrl":"https:\/\/sport-index.fr\/blog\/wp-content\/uploads\/2025\/05\/sdxl-54a82450183a10aa6adbc5973da3ed3e-scaled.png","keywords":["\u00c9quipe","Performance Athl\u00e9tique","Rugby","Top 14","Transfert"],"articleSection":["\u00c0 la une"],"inLanguage":"fr-FR","potentialAction":[{"@type":"CommentAction","name":"Comment","target":["https:\/\/sport-index.fr\/blog\/a-la-une\/un-nouveau-depart-pour-eliott-roudil-de-la-section-paloise-a-vannes\/#respond"]}]},{"@type":"WebPage","@id":"https:\/\/sport-index.fr\/blog\/a-la-une\/un-nouveau-depart-pour-eliott-roudil-de-la-section-paloise-a-vannes\/","url":"https:\/\/sport-index.fr\/blog\/a-la-une\/un-nouveau-depart-pour-eliott-roudil-de-la-section-paloise-a-vannes\/","name":"un nouveau d\u00e9part pour eliott roudil : de la section","isPartOf":{"@id":"https:\/\/sport-index.fr\/blog\/#website"},"primaryImageOfPage":{"@id":"https:\/\/sport-index.fr\/blog\/a-la-une\/un-nouveau-depart-pour-eliott-roudil-de-la-section-paloise-a-vannes\/#primaryimage"},"image":{"@id":"https:\/\/sport-index.fr\/blog\/a-la-une\/un-nouveau-depart-pour-eliott-roudil-de-la-section-paloise-a-vannes\/#primaryimage"},"thumbnailUrl":"https:\/\/sport-index.fr\/blog\/wp-content\/uploads\/2025\/05\/sdxl-54a82450183a10aa6adbc5973da3ed3e-scaled.png","datePublished":"2025-03-15T10:21:45+00:00","description":"Ce changement marque une \u00e9tape importante dans la carri\u00e8re de ce joueur talentueux. Avec un contrat de trois ans, Roudil s'engage \u00e0 contribuer au\u2026","inLanguage":"fr-FR","potentialAction":[{"@type":"ReadAction","target":["https:\/\/sport-index.fr\/blog\/a-la-une\/un-nouveau-depart-pour-eliott-roudil-de-la-section-paloise-a-vannes\/"]}]},{"@type":"ImageObject","inLanguage":"fr-FR","@id":"https:\/\/sport-index.fr\/blog\/a-la-une\/un-nouveau-depart-pour-eliott-roudil-de-la-section-paloise-a-vannes\/#primaryimage","url":"https:\/\/sport-index.fr\/blog\/wp-content\/uploads\/2025\/05\/sdxl-54a82450183a10aa6adbc5973da3ed3e-scaled.png","contentUrl":"https:\/\/sport-index.fr\/blog\/wp-content\/uploads\/2025\/05\/sdxl-54a82450183a10aa6adbc5973da3ed3e-scaled.png","width":1200,"height":500},{"@type":"WebSite","@id":"https:\/\/sport-index.fr\/blog\/#website","url":"https:\/\/sport-index.fr\/blog\/","name":"sport-index.fr","description":"Le score de l\u2019analyse sportive.","publisher":{"@id":"https:\/\/sport-index.fr\/blog\/#organization"},"alternateName":"Le score de l\u2019analyse sportive.","potentialAction":[{"@type":"SearchAction","target":{"@type":"EntryPoint","urlTemplate":"https:\/\/sport-index.fr\/blog\/?s={search_term_string}"},"query-input":{"@type":"PropertyValueSpecification","valueRequired":true,"valueName":"search_term_string"}}],"inLanguage":"fr-FR"},{"@type":"Organization","@id":"https:\/\/sport-index.fr\/blog\/#organization","name":"Foretsensations.fr","url":"https:\/\/sport-index.fr\/blog\/","logo":{"@type":"ImageObject","inLanguage":"fr-FR","@id":"https:\/\/sport-index.fr\/blog\/#\/schema\/logo\/image\/","url":"https:\/\/sport-index.fr\/blog\/wp-content\/uploads\/2026\/07\/logo-auto.png","contentUrl":"https:\/\/sport-index.fr\/blog\/wp-content\/uploads\/2026\/07\/logo-auto.png","width":1024,"height":1024,"caption":"Foretsensations.fr"},"image":{"@id":"https:\/\/sport-index.fr\/blog\/#\/schema\/logo\/image\/"}},{"@type":"Person","@id":"https:\/\/sport-index.fr\/blog\/#\/schema\/person\/3c864cdc320801e3db34b663e7e3f816","name":"Axel Lauzier","image":{"@type":"ImageObject","inLanguage":"fr-FR","@id":"https:\/\/sport-index.fr\/blog\/#\/schema\/person\/image\/","url":"https:\/\/sport-index.fr\/blog\/wp-content\/uploads\/2026\/06\/persona_axel-l-96x96.jpg","contentUrl":"https:\/\/sport-index.fr\/blog\/wp-content\/uploads\/2026\/06\/persona_axel-l-96x96.jpg","caption":"Axel Lauzier"},"description":"Le sport rythme mon quotidien depuis l'enfance, et j'en ai fait mon m\u00e9tier d'analyste r\u00e9dactionnel il y a une dizaine d'ann\u00e9es. Je couvre principalement le football, son actualit\u00e9, ses transferts et l'analyse tactique des grandes affiches, mais aussi les disciplines plus confidentielles que j'aime remettre en lumi\u00e8re. Une partie de mon travail porte sur les pronostics et la lecture statistique d'un match : forme des \u00e9quipes, historique des confrontations, compositions, sans jamais vendre de fausse certitude. Je rappelle syst\u00e9matiquement que parier comporte un risque et doit rester un loisir ma\u00eetris\u00e9. Avant de signer une analyse, je v\u00e9rifie mes chiffres, je recoupe les compositions probables et je distingue toujours la donn\u00e9e brute de l'intuition. Mon objectif : offrir une lecture honn\u00eate et argument\u00e9e, pas un ticket gagnant garanti.","sameAs":["https:\/\/axellauzier.fr\/"],"url":"https:\/\/sport-index.fr\/blog\/auteur\/noname\/"}]}},"_links":{"self":[{"href":"https:\/\/sport-index.fr\/blog\/wp-json\/wp\/v2\/posts\/11766","targetHints":{"allow":["GET"]}}],"collection":[{"href":"https:\/\/sport-index.fr\/blog\/wp-json\/wp\/v2\/posts"}],"about":[{"href":"https:\/\/sport-index.fr\/blog\/wp-json\/wp\/v2\/types\/post"}],"author":[{"embeddable":true,"href":"https:\/\/sport-index.fr\/blog\/wp-json\/wp\/v2\/users\/34"}],"replies":[{"embeddable":true,"href":"https:\/\/sport-index.fr\/blog\/wp-json\/wp\/v2\/comments?post=11766"}],"version-history":[{"count":1,"href":"https:\/\/sport-index.fr\/blog\/wp-json\/wp\/v2\/posts\/11766\/revisions"}],"predecessor-version":[{"id":11892,"href":"https:\/\/sport-index.fr\/blog\/wp-json\/wp\/v2\/posts\/11766\/revisions\/11892"}],"wp:featuredmedia":[{"embeddable":true,"href":"https:\/\/sport-index.fr\/blog\/wp-json\/wp\/v2\/media\/15977"}],"wp:attachment":[{"href":"https:\/\/sport-index.fr\/blog\/wp-json\/wp\/v2\/media?parent=11766"}],"wp:term":[{"taxonomy":"category","embeddable":true,"href":"https:\/\/sport-index.fr\/blog\/wp-json\/wp\/v2\/categories?post=11766"},{"taxonomy":"post_tag","embeddable":true,"href":"https:\/\/sport-index.fr\/blog\/wp-json\/wp\/v2\/tags?post=11766"}],"curies":[{"name":"wp","href":"https:\/\/api.w.org\/{rel}","templated":true}]}}