{"id":11785,"date":"2025-03-14T07:14:05","date_gmt":"2025-03-14T06:14:05","guid":{"rendered":"https:\/\/sport-index.fr\/blog\/?p=11785"},"modified":"2025-03-13T16:48:30","modified_gmt":"2025-03-13T15:48:30","slug":"vingegaard-en-difficulte-sur-paris-nice-entre-blessures-et-incertitudes","status":"publish","type":"post","link":"https:\/\/sport-index.fr\/blog\/a-la-une\/vingegaard-en-difficulte-sur-paris-nice-entre-blessures-et-incertitudes\/","title":{"rendered":"Vingegaard en difficult\u00e9 sur Paris-Nice : entre blessures et incertitudes"},"content":{"rendered":"<p>Le coureur danois, membre de l&rsquo;\u00e9quipe Visma | Lease a Bike, a connu une journ\u00e9e particuli\u00e8rement difficile lors de la 5e \u00e9tape. Victime d&rsquo;une chute, Vingegaard a termin\u00e9 la course loin des leaders, ce qui soul\u00e8ve des inqui\u00e9tudes quant \u00e0 son \u00e9tat de sant\u00e9 et sa capacit\u00e9 \u00e0 poursuivre la comp\u00e9tition.<\/p>\n<h2>Une chute fatale pour Vingegaard<\/h2>\n<p>Lors de cette \u00e9tape cruciale, Jonas Vingegaard a gliss\u00e9 dans un virage, entra\u00eenant une chute qui lui a caus\u00e9 des blessures visibles. Les images montrent une l\u00e8vre en sang, un symbole de la douleur physique qu&rsquo;il endure. En perdant le maillot jaune, il laisse place \u00e0 des doutes sur sa forme physique pour les prochaines \u00e9tapes.<\/p>\n<p>Les membres de son \u00e9quipe sont pessimistes quant \u00e0 son \u00e9tat de sant\u00e9. Ils craignent que cette blessure ne compromise ses chances pour le reste de la course. Les coureurs professionnels sont souvent confront\u00e9s \u00e0 des accidents, mais celui-ci pourrait avoir des r\u00e9percussions plus larges sur sa performance.<\/p>\n<h2>Les cons\u00e9quences sur la comp\u00e9tition<\/h2>\n<p>Cette chute n&rsquo;est pas seulement un incident personnel pour Vingegaard, mais un tournant qui pourrait influencer le classement g\u00e9n\u00e9ral de la course. Les coureurs qui aspirent \u00e0 la victoire doivent souvent composer avec des impr\u00e9vus, et cette fois, il semble que le sort ne soit pas en faveur du Danois. Les autres \u00e9quipes scrutent la situation, pr\u00eates \u00e0 tirer parti de ses difficult\u00e9s.<\/p>\n<p>La pression est d\u00e9sormais sur les \u00e9paules de Vingegaard et de son \u00e9quipe pour r\u00e9agir rapidement. La comp\u00e9tition est rude, et chaque seconde compte. Les fans esp\u00e8rent que malgr\u00e9 cette m\u00e9saventure, il pourra retrouver son niveau et continuer \u00e0 se battre pour le podium.<\/p>\n<h2>Un moral en berne pour le champion<\/h2>\n<p>Le moral des coureurs est essentiel dans un \u00e9v\u00e9nement aussi exigeant que le Paris-Nice. Pour Vingegaard, la chute et les blessures peuvent avoir un impact psychologique important. \u00ab\u00a0On est pessimiste sur son \u00e9tat de sant\u00e9\u00a0\u00bb, a d\u00e9clar\u00e9 un membre de l&rsquo;\u00e9quipe, soulignant l&rsquo;inqui\u00e9tude ambiante autour de sa condition.<\/p>\n<p>Les champions doivent souvent surmonter des obstacles mentaux en plus des d\u00e9fis physiques. Si Vingegaard souhaite revenir au sommet, il devra non seulement gu\u00e9rir ses blessures, mais aussi renforcer son mental. La r\u00e9silience est un atout dans le cyclisme, et son \u00e9quipe esp\u00e8re qu&rsquo;il pourra surmonter cette \u00e9preuve.<\/p>\n<ul>\n<li>Vingegaard a chut\u00e9 lors de la 5e \u00e9tape du Paris-Nice.<\/li>\n<li>Il a subi des blessures, y compris une l\u00e8vre en sang.<\/li>\n<li>Son \u00e9quipe exprime des doutes sur sa capacit\u00e9 \u00e0 continuer la comp\u00e9tition.<\/li>\n<li>Les cons\u00e9quences sur son moral et sa performance sont pr\u00e9occupantes.<\/li>\n<li>Les fans restent optimistes quant \u00e0 un retour possible.<\/li>\n<\/ul>\n<blockquote><p>\n\u00ab\u00a0On est pessimiste sur son \u00e9tat de sant\u00e9\u00a0\u00bb, a d\u00e9clar\u00e9 un membre de l&rsquo;\u00e9quipe.\n<\/p><\/blockquote>\n<p>Les prochaines \u00e9tapes de Paris-Nice seront d\u00e9terminantes pour Jonas Vingegaard. Sa capacit\u00e9 \u00e0 se remettre de cet incident et \u00e0 retrouver son niveau de performance sera scrut\u00e9e de pr\u00e8s par les fans et les experts. Reste \u00e0 voir si le champion danois pourra surmonter cette \u00e9preuve et continuer \u00e0 rivaliser au plus haut niveau.<\/p>\n","protected":false},"excerpt":{"rendered":"","protected":false},"author":34,"featured_media":15659,"comment_status":"open","ping_status":"open","sticky":false,"template":"","format":"standard","meta":{"_acf_changed":false,"manual_indexmenow":false,"indexmenow_id_project":0,"footnotes":""},"categories":[1],"tags":[4745,4559,4898,4543,4408],"class_list":["post-11785","post","type-post","status-publish","format-standard","has-post-thumbnail","hentry","category-a-la-une","tag-competition","tag-cyclisme","tag-gestion-du-stress","tag-performance","tag-resilience","generate-columns","tablet-grid-50","mobile-grid-100","grid-parent","grid-25"],"acf":[],"yoast_head":"<!-- This site is optimized with the Yoast SEO Premium plugin v21.3 (Yoast SEO v26.5) - https:\/\/yoast.com\/wordpress\/plugins\/seo\/ -->\n<title>Vingegaard en difficult\u00e9 sur Paris-Nice : entre blessures<\/title>\n<meta name=\"description\" content=\"Le coureur danois, membre de l&#039;\u00e9quipe Visma | Lease a Bike, a connu une journ\u00e9e particuli\u00e8rement difficile lors de la 5e \u00e9tape. Victime d&#039;une chute\u2026\" \/>\n<meta name=\"robots\" content=\"index, follow, max-snippet:-1, max-image-preview:large, max-video-preview:-1\" \/>\n<link rel=\"canonical\" href=\"https:\/\/sport-index.fr\/blog\/a-la-une\/vingegaard-en-difficulte-sur-paris-nice-entre-blessures-et-incertitudes\/\" \/>\n<meta property=\"og:locale\" content=\"fr_FR\" \/>\n<meta property=\"og:type\" content=\"article\" \/>\n<meta property=\"og:title\" content=\"Vingegaard en difficult\u00e9 sur Paris-Nice : entre blessures\" \/>\n<meta property=\"og:description\" content=\"Le coureur danois, membre de l&#039;\u00e9quipe Visma | Lease a Bike, a connu une journ\u00e9e particuli\u00e8rement difficile lors de la 5e \u00e9tape. Victime d&#039;une chute\u2026\" \/>\n<meta property=\"og:url\" content=\"https:\/\/sport-index.fr\/blog\/a-la-une\/vingegaard-en-difficulte-sur-paris-nice-entre-blessures-et-incertitudes\/\" \/>\n<meta property=\"og:site_name\" content=\"sport-index\" \/>\n<meta name=\"author\" content=\"Axel Lauzier\" \/>\n<meta name=\"twitter:card\" content=\"summary_large_image\" \/>\n<script type=\"application\/ld+json\" class=\"yoast-schema-graph\">{\"@context\":\"https:\/\/schema.org\",\"@graph\":[{\"@type\":\"NewsArticle\",\"@id\":\"https:\/\/sport-index.fr\/blog\/a-la-une\/vingegaard-en-difficulte-sur-paris-nice-entre-blessures-et-incertitudes\/#article\",\"isPartOf\":{\"@id\":\"https:\/\/sport-index.fr\/blog\/a-la-une\/vingegaard-en-difficulte-sur-paris-nice-entre-blessures-et-incertitudes\/\"},\"author\":{\"name\":\"Axel Lauzier\",\"@id\":\"https:\/\/sport-index.fr\/blog\/#\/schema\/person\/3c864cdc320801e3db34b663e7e3f816\"},\"headline\":\"Vingegaard en difficult\u00e9 sur Paris-Nice : entre blessures et incertitudes\",\"datePublished\":\"2025-03-14T06:14:05+00:00\",\"mainEntityOfPage\":{\"@id\":\"https:\/\/sport-index.fr\/blog\/a-la-une\/vingegaard-en-difficulte-sur-paris-nice-entre-blessures-et-incertitudes\/\"},\"wordCount\":533,\"commentCount\":32,\"publisher\":{\"@id\":\"https:\/\/sport-index.fr\/blog\/#organization\"},\"image\":{\"@id\":\"https:\/\/sport-index.fr\/blog\/a-la-une\/vingegaard-en-difficulte-sur-paris-nice-entre-blessures-et-incertitudes\/#primaryimage\"},\"thumbnailUrl\":\"https:\/\/sport-index.fr\/blog\/wp-content\/uploads\/2025\/05\/sdxl-22104af300180b382ebf3dfc1375358d-scaled.png\",\"keywords\":[\"Comp\u00e9tition\",\"Cyclisme\",\"Gestion Du Stress\",\"Performance\",\"R\u00e9silience\"],\"articleSection\":[\"\u00c0 la une\"],\"inLanguage\":\"fr-FR\",\"potentialAction\":[{\"@type\":\"CommentAction\",\"name\":\"Comment\",\"target\":[\"https:\/\/sport-index.fr\/blog\/a-la-une\/vingegaard-en-difficulte-sur-paris-nice-entre-blessures-et-incertitudes\/#respond\"]}]},{\"@type\":\"WebPage\",\"@id\":\"https:\/\/sport-index.fr\/blog\/a-la-une\/vingegaard-en-difficulte-sur-paris-nice-entre-blessures-et-incertitudes\/\",\"url\":\"https:\/\/sport-index.fr\/blog\/a-la-une\/vingegaard-en-difficulte-sur-paris-nice-entre-blessures-et-incertitudes\/\",\"name\":\"Vingegaard en difficult\u00e9 sur Paris-Nice : entre blessures\",\"isPartOf\":{\"@id\":\"https:\/\/sport-index.fr\/blog\/#website\"},\"primaryImageOfPage\":{\"@id\":\"https:\/\/sport-index.fr\/blog\/a-la-une\/vingegaard-en-difficulte-sur-paris-nice-entre-blessures-et-incertitudes\/#primaryimage\"},\"image\":{\"@id\":\"https:\/\/sport-index.fr\/blog\/a-la-une\/vingegaard-en-difficulte-sur-paris-nice-entre-blessures-et-incertitudes\/#primaryimage\"},\"thumbnailUrl\":\"https:\/\/sport-index.fr\/blog\/wp-content\/uploads\/2025\/05\/sdxl-22104af300180b382ebf3dfc1375358d-scaled.png\",\"datePublished\":\"2025-03-14T06:14:05+00:00\",\"description\":\"Le coureur danois, membre de l'\u00e9quipe Visma | Lease a Bike, a connu une journ\u00e9e particuli\u00e8rement difficile lors de la 5e \u00e9tape. Victime d'une chute\u2026\",\"inLanguage\":\"fr-FR\",\"potentialAction\":[{\"@type\":\"ReadAction\",\"target\":[\"https:\/\/sport-index.fr\/blog\/a-la-une\/vingegaard-en-difficulte-sur-paris-nice-entre-blessures-et-incertitudes\/\"]}]},{\"@type\":\"ImageObject\",\"inLanguage\":\"fr-FR\",\"@id\":\"https:\/\/sport-index.fr\/blog\/a-la-une\/vingegaard-en-difficulte-sur-paris-nice-entre-blessures-et-incertitudes\/#primaryimage\",\"url\":\"https:\/\/sport-index.fr\/blog\/wp-content\/uploads\/2025\/05\/sdxl-22104af300180b382ebf3dfc1375358d-scaled.png\",\"contentUrl\":\"https:\/\/sport-index.fr\/blog\/wp-content\/uploads\/2025\/05\/sdxl-22104af300180b382ebf3dfc1375358d-scaled.png\",\"width\":1200,\"height\":500},{\"@type\":\"WebSite\",\"@id\":\"https:\/\/sport-index.fr\/blog\/#website\",\"url\":\"https:\/\/sport-index.fr\/blog\/\",\"name\":\"sport-index.fr\",\"description\":\"Le score de l\u2019analyse sportive.\",\"publisher\":{\"@id\":\"https:\/\/sport-index.fr\/blog\/#organization\"},\"alternateName\":\"Le score de l\u2019analyse sportive.\",\"potentialAction\":[{\"@type\":\"SearchAction\",\"target\":{\"@type\":\"EntryPoint\",\"urlTemplate\":\"https:\/\/sport-index.fr\/blog\/?s={search_term_string}\"},\"query-input\":{\"@type\":\"PropertyValueSpecification\",\"valueRequired\":true,\"valueName\":\"search_term_string\"}}],\"inLanguage\":\"fr-FR\"},{\"@type\":\"Organization\",\"@id\":\"https:\/\/sport-index.fr\/blog\/#organization\",\"name\":\"Foretsensations.fr\",\"url\":\"https:\/\/sport-index.fr\/blog\/\",\"logo\":{\"@type\":\"ImageObject\",\"inLanguage\":\"fr-FR\",\"@id\":\"https:\/\/sport-index.fr\/blog\/#\/schema\/logo\/image\/\",\"url\":\"https:\/\/sport-index.fr\/blog\/wp-content\/uploads\/2026\/07\/logo-auto.png\",\"contentUrl\":\"https:\/\/sport-index.fr\/blog\/wp-content\/uploads\/2026\/07\/logo-auto.png\",\"width\":1024,\"height\":1024,\"caption\":\"Foretsensations.fr\"},\"image\":{\"@id\":\"https:\/\/sport-index.fr\/blog\/#\/schema\/logo\/image\/\"}},{\"@type\":\"Person\",\"@id\":\"https:\/\/sport-index.fr\/blog\/#\/schema\/person\/3c864cdc320801e3db34b663e7e3f816\",\"name\":\"Axel Lauzier\",\"image\":{\"@type\":\"ImageObject\",\"inLanguage\":\"fr-FR\",\"@id\":\"https:\/\/sport-index.fr\/blog\/#\/schema\/person\/image\/\",\"url\":\"https:\/\/sport-index.fr\/blog\/wp-content\/uploads\/2026\/06\/persona_axel-l-96x96.jpg\",\"contentUrl\":\"https:\/\/sport-index.fr\/blog\/wp-content\/uploads\/2026\/06\/persona_axel-l-96x96.jpg\",\"caption\":\"Axel Lauzier\"},\"description\":\"Le sport rythme mon quotidien depuis l'enfance, et j'en ai fait mon m\u00e9tier d'analyste r\u00e9dactionnel il y a une dizaine d'ann\u00e9es. Je couvre principalement le football, son actualit\u00e9, ses transferts et l'analyse tactique des grandes affiches, mais aussi les disciplines plus confidentielles que j'aime remettre en lumi\u00e8re. Une partie de mon travail porte sur les pronostics et la lecture statistique d'un match : forme des \u00e9quipes, historique des confrontations, compositions, sans jamais vendre de fausse certitude. Je rappelle syst\u00e9matiquement que parier comporte un risque et doit rester un loisir ma\u00eetris\u00e9. Avant de signer une analyse, je v\u00e9rifie mes chiffres, je recoupe les compositions probables et je distingue toujours la donn\u00e9e brute de l'intuition. Mon objectif : offrir une lecture honn\u00eate et argument\u00e9e, pas un ticket gagnant garanti.\",\"sameAs\":[\"https:\/\/axellauzier.fr\/\"],\"url\":\"https:\/\/sport-index.fr\/blog\/auteur\/noname\/\"}]}<\/script>\n<!-- \/ Yoast SEO Premium plugin. -->","yoast_head_json":{"title":"Vingegaard en difficult\u00e9 sur Paris-Nice : entre blessures","description":"Le coureur danois, membre de l'\u00e9quipe Visma | Lease a Bike, a connu une journ\u00e9e particuli\u00e8rement difficile lors de la 5e \u00e9tape. Victime d'une chute\u2026","robots":{"index":"index","follow":"follow","max-snippet":"max-snippet:-1","max-image-preview":"max-image-preview:large","max-video-preview":"max-video-preview:-1"},"canonical":"https:\/\/sport-index.fr\/blog\/a-la-une\/vingegaard-en-difficulte-sur-paris-nice-entre-blessures-et-incertitudes\/","og_locale":"fr_FR","og_type":"article","og_title":"Vingegaard en difficult\u00e9 sur Paris-Nice : entre blessures","og_description":"Le coureur danois, membre de l'\u00e9quipe Visma | Lease a Bike, a connu une journ\u00e9e particuli\u00e8rement difficile lors de la 5e \u00e9tape. Victime d'une chute\u2026","og_url":"https:\/\/sport-index.fr\/blog\/a-la-une\/vingegaard-en-difficulte-sur-paris-nice-entre-blessures-et-incertitudes\/","og_site_name":"sport-index","author":"Axel Lauzier","twitter_card":"summary_large_image","schema":{"@context":"https:\/\/schema.org","@graph":[{"@type":"NewsArticle","@id":"https:\/\/sport-index.fr\/blog\/a-la-une\/vingegaard-en-difficulte-sur-paris-nice-entre-blessures-et-incertitudes\/#article","isPartOf":{"@id":"https:\/\/sport-index.fr\/blog\/a-la-une\/vingegaard-en-difficulte-sur-paris-nice-entre-blessures-et-incertitudes\/"},"author":{"name":"Axel Lauzier","@id":"https:\/\/sport-index.fr\/blog\/#\/schema\/person\/3c864cdc320801e3db34b663e7e3f816"},"headline":"Vingegaard en difficult\u00e9 sur Paris-Nice : entre blessures et incertitudes","datePublished":"2025-03-14T06:14:05+00:00","mainEntityOfPage":{"@id":"https:\/\/sport-index.fr\/blog\/a-la-une\/vingegaard-en-difficulte-sur-paris-nice-entre-blessures-et-incertitudes\/"},"wordCount":533,"commentCount":32,"publisher":{"@id":"https:\/\/sport-index.fr\/blog\/#organization"},"image":{"@id":"https:\/\/sport-index.fr\/blog\/a-la-une\/vingegaard-en-difficulte-sur-paris-nice-entre-blessures-et-incertitudes\/#primaryimage"},"thumbnailUrl":"https:\/\/sport-index.fr\/blog\/wp-content\/uploads\/2025\/05\/sdxl-22104af300180b382ebf3dfc1375358d-scaled.png","keywords":["Comp\u00e9tition","Cyclisme","Gestion Du Stress","Performance","R\u00e9silience"],"articleSection":["\u00c0 la une"],"inLanguage":"fr-FR","potentialAction":[{"@type":"CommentAction","name":"Comment","target":["https:\/\/sport-index.fr\/blog\/a-la-une\/vingegaard-en-difficulte-sur-paris-nice-entre-blessures-et-incertitudes\/#respond"]}]},{"@type":"WebPage","@id":"https:\/\/sport-index.fr\/blog\/a-la-une\/vingegaard-en-difficulte-sur-paris-nice-entre-blessures-et-incertitudes\/","url":"https:\/\/sport-index.fr\/blog\/a-la-une\/vingegaard-en-difficulte-sur-paris-nice-entre-blessures-et-incertitudes\/","name":"Vingegaard en difficult\u00e9 sur Paris-Nice : entre blessures","isPartOf":{"@id":"https:\/\/sport-index.fr\/blog\/#website"},"primaryImageOfPage":{"@id":"https:\/\/sport-index.fr\/blog\/a-la-une\/vingegaard-en-difficulte-sur-paris-nice-entre-blessures-et-incertitudes\/#primaryimage"},"image":{"@id":"https:\/\/sport-index.fr\/blog\/a-la-une\/vingegaard-en-difficulte-sur-paris-nice-entre-blessures-et-incertitudes\/#primaryimage"},"thumbnailUrl":"https:\/\/sport-index.fr\/blog\/wp-content\/uploads\/2025\/05\/sdxl-22104af300180b382ebf3dfc1375358d-scaled.png","datePublished":"2025-03-14T06:14:05+00:00","description":"Le coureur danois, membre de l'\u00e9quipe Visma | Lease a Bike, a connu une journ\u00e9e particuli\u00e8rement difficile lors de la 5e \u00e9tape. Victime d'une chute\u2026","inLanguage":"fr-FR","potentialAction":[{"@type":"ReadAction","target":["https:\/\/sport-index.fr\/blog\/a-la-une\/vingegaard-en-difficulte-sur-paris-nice-entre-blessures-et-incertitudes\/"]}]},{"@type":"ImageObject","inLanguage":"fr-FR","@id":"https:\/\/sport-index.fr\/blog\/a-la-une\/vingegaard-en-difficulte-sur-paris-nice-entre-blessures-et-incertitudes\/#primaryimage","url":"https:\/\/sport-index.fr\/blog\/wp-content\/uploads\/2025\/05\/sdxl-22104af300180b382ebf3dfc1375358d-scaled.png","contentUrl":"https:\/\/sport-index.fr\/blog\/wp-content\/uploads\/2025\/05\/sdxl-22104af300180b382ebf3dfc1375358d-scaled.png","width":1200,"height":500},{"@type":"WebSite","@id":"https:\/\/sport-index.fr\/blog\/#website","url":"https:\/\/sport-index.fr\/blog\/","name":"sport-index.fr","description":"Le score de l\u2019analyse sportive.","publisher":{"@id":"https:\/\/sport-index.fr\/blog\/#organization"},"alternateName":"Le score de l\u2019analyse sportive.","potentialAction":[{"@type":"SearchAction","target":{"@type":"EntryPoint","urlTemplate":"https:\/\/sport-index.fr\/blog\/?s={search_term_string}"},"query-input":{"@type":"PropertyValueSpecification","valueRequired":true,"valueName":"search_term_string"}}],"inLanguage":"fr-FR"},{"@type":"Organization","@id":"https:\/\/sport-index.fr\/blog\/#organization","name":"Foretsensations.fr","url":"https:\/\/sport-index.fr\/blog\/","logo":{"@type":"ImageObject","inLanguage":"fr-FR","@id":"https:\/\/sport-index.fr\/blog\/#\/schema\/logo\/image\/","url":"https:\/\/sport-index.fr\/blog\/wp-content\/uploads\/2026\/07\/logo-auto.png","contentUrl":"https:\/\/sport-index.fr\/blog\/wp-content\/uploads\/2026\/07\/logo-auto.png","width":1024,"height":1024,"caption":"Foretsensations.fr"},"image":{"@id":"https:\/\/sport-index.fr\/blog\/#\/schema\/logo\/image\/"}},{"@type":"Person","@id":"https:\/\/sport-index.fr\/blog\/#\/schema\/person\/3c864cdc320801e3db34b663e7e3f816","name":"Axel Lauzier","image":{"@type":"ImageObject","inLanguage":"fr-FR","@id":"https:\/\/sport-index.fr\/blog\/#\/schema\/person\/image\/","url":"https:\/\/sport-index.fr\/blog\/wp-content\/uploads\/2026\/06\/persona_axel-l-96x96.jpg","contentUrl":"https:\/\/sport-index.fr\/blog\/wp-content\/uploads\/2026\/06\/persona_axel-l-96x96.jpg","caption":"Axel Lauzier"},"description":"Le sport rythme mon quotidien depuis l'enfance, et j'en ai fait mon m\u00e9tier d'analyste r\u00e9dactionnel il y a une dizaine d'ann\u00e9es. Je couvre principalement le football, son actualit\u00e9, ses transferts et l'analyse tactique des grandes affiches, mais aussi les disciplines plus confidentielles que j'aime remettre en lumi\u00e8re. Une partie de mon travail porte sur les pronostics et la lecture statistique d'un match : forme des \u00e9quipes, historique des confrontations, compositions, sans jamais vendre de fausse certitude. Je rappelle syst\u00e9matiquement que parier comporte un risque et doit rester un loisir ma\u00eetris\u00e9. Avant de signer une analyse, je v\u00e9rifie mes chiffres, je recoupe les compositions probables et je distingue toujours la donn\u00e9e brute de l'intuition. Mon objectif : offrir une lecture honn\u00eate et argument\u00e9e, pas un ticket gagnant garanti.","sameAs":["https:\/\/axellauzier.fr\/"],"url":"https:\/\/sport-index.fr\/blog\/auteur\/noname\/"}]}},"_links":{"self":[{"href":"https:\/\/sport-index.fr\/blog\/wp-json\/wp\/v2\/posts\/11785","targetHints":{"allow":["GET"]}}],"collection":[{"href":"https:\/\/sport-index.fr\/blog\/wp-json\/wp\/v2\/posts"}],"about":[{"href":"https:\/\/sport-index.fr\/blog\/wp-json\/wp\/v2\/types\/post"}],"author":[{"embeddable":true,"href":"https:\/\/sport-index.fr\/blog\/wp-json\/wp\/v2\/users\/34"}],"replies":[{"embeddable":true,"href":"https:\/\/sport-index.fr\/blog\/wp-json\/wp\/v2\/comments?post=11785"}],"version-history":[{"count":1,"href":"https:\/\/sport-index.fr\/blog\/wp-json\/wp\/v2\/posts\/11785\/revisions"}],"predecessor-version":[{"id":11806,"href":"https:\/\/sport-index.fr\/blog\/wp-json\/wp\/v2\/posts\/11785\/revisions\/11806"}],"wp:featuredmedia":[{"embeddable":true,"href":"https:\/\/sport-index.fr\/blog\/wp-json\/wp\/v2\/media\/15659"}],"wp:attachment":[{"href":"https:\/\/sport-index.fr\/blog\/wp-json\/wp\/v2\/media?parent=11785"}],"wp:term":[{"taxonomy":"category","embeddable":true,"href":"https:\/\/sport-index.fr\/blog\/wp-json\/wp\/v2\/categories?post=11785"},{"taxonomy":"post_tag","embeddable":true,"href":"https:\/\/sport-index.fr\/blog\/wp-json\/wp\/v2\/tags?post=11785"}],"curies":[{"name":"wp","href":"https:\/\/api.w.org\/{rel}","templated":true}]}}