{"id":11786,"date":"2025-03-15T09:22:39","date_gmt":"2025-03-15T08:22:39","guid":{"rendered":"https:\/\/sport-index.fr\/blog\/?p=11786"},"modified":"2025-03-13T17:20:03","modified_gmt":"2025-03-13T16:20:03","slug":"thomas-ramos-un-pas-vers-lhistoire-du-rugby-francais-avec-le-xv-de-france","status":"publish","type":"post","link":"https:\/\/sport-index.fr\/blog\/a-la-une\/thomas-ramos-un-pas-vers-lhistoire-du-rugby-francais-avec-le-xv-de-france\/","title":{"rendered":"Thomas Ramos : un pas vers l&rsquo;histoire du rugby fran\u00e7ais avec le XV de France"},"content":{"rendered":"<p>Thomas Ramos, l&rsquo;arri\u00e8re et buteur embl\u00e9matique du XV de France, se trouve \u00e0 un tournant d\u00e9cisif de sa carri\u00e8re. En affrontant l&rsquo;\u00c9cosse, il a l&rsquo;opportunit\u00e9 de d\u00e9passer les 436 points de Fr\u00e9d\u00e9ric Michalak et de s&rsquo;installer en tant que meilleur r\u00e9alisateur de l&rsquo;histoire du rugby fran\u00e7ais. Ce d\u00e9fi repr\u00e9sente bien plus qu&rsquo;un simple chiffre : c&rsquo;est le reflet d&rsquo;un parcours riche en rebondissements et en d\u00e9termination.<\/p>\n<h2>Un parcours sem\u00e9 d&#8217;emb\u00fbches<\/h2>\n<p>La route vers le sommet n&rsquo;a pas \u00e9t\u00e9 lin\u00e9aire pour Thomas Ramos. Apr\u00e8s un Mondial 2019 difficile, marqu\u00e9 par une blessure maladroite qui l&rsquo;a contraint \u00e0 quitter la comp\u00e9tition pr\u00e9matur\u00e9ment, il a d\u00fb faire face \u00e0 une forte concurrence au sein de l&rsquo;\u00e9quipe. Anthony Bouthier, Brice Dulin et Melvyn Jaminet ont tour \u00e0 tour pris sa place, le for\u00e7ant \u00e0 se remettre en question et \u00e0 prouver sa valeur.<\/p>\n<p>Cette p\u00e9riode de doutes l&rsquo;a pouss\u00e9 \u00e0 se concentrer sur son jeu. \u00ab Quand tu n\u2019es pas loin mais que tu n\u2019y es pas, tu te questionnes beaucoup \u00bb, confie-t-il. Ce besoin de jouer r\u00e9guli\u00e8rement l&rsquo;a amen\u00e9 \u00e0 s&rsquo;imposer comme un \u00e9l\u00e9ment cl\u00e9 du XV de France, notamment lors de la tourn\u00e9e de novembre 2022 o\u00f9 il a enfin eu l&rsquo;occasion d&rsquo;encha\u00eener les matchs.<\/p>\n<p><iframe loading=\"lazy\" title=\"Thomas Ramos peut marquer l\u2019histoire du XV de France\" width=\"1200\" height=\"675\" src=\"https:\/\/www.youtube.com\/embed\/QEdwzDh2AME?feature=oembed\" frameborder=\"0\" allow=\"accelerometer; autoplay; clipboard-write; encrypted-media; gyroscope; picture-in-picture; web-share\" referrerpolicy=\"strict-origin-when-cross-origin\" allowfullscreen><\/iframe><\/p>\n<h2>Un talent reconnu et respect\u00e9<\/h2>\n<p>Avec 430 points \u00e0 son actif, Ramos se rapproche de l&rsquo;exploit de d\u00e9passer le record de Michalak. Son approche calme et d\u00e9termin\u00e9e a su s\u00e9duire non seulement ses co\u00e9quipiers, mais aussi des l\u00e9gendes du rugby. \u00ab\u00a0J\u2019esp\u00e8re que je vais le battre le plus vite possible\u00a0\u00bb, a d\u00e9clar\u00e9 Michalak lui-m\u00eame, t\u00e9moignant du respect qu&rsquo;il porte \u00e0 son successeur.<\/p>\n<p>Ramos ne vise pas uniquement des chiffres, mais souhaite \u00e9galement contribuer \u00e0 la r\u00e9ussite collective de l&rsquo;\u00e9quipe. \u00ab Mon ambition est d\u2019abord de gagner des titres \u00bb, affirme-t-il. Ses performances lors des derni\u00e8res \u00e9ditions du Tournoi des 6 Nations lui ont permis de briller, avec un total de 84 points en 2023 et 63 points en 2024, le pla\u00e7ant en t\u00eate des r\u00e9alisateurs du tournoi actuel.<\/p>\n<h2>Un futur prometteur<\/h2>\n<p>\u00c0 seulement 28 ans, Thomas Ramos a encore de nombreuses ann\u00e9es devant lui pour marquer l&rsquo;histoire du rugby fran\u00e7ais. Son style de jeu, \u00e0 la fois pr\u00e9cis et audacieux, fait de lui un atout pr\u00e9cieux pour le XV de France. Il est le seul parmi les meilleurs r\u00e9alisateurs fran\u00e7ais \u00e0 avoir inscrit plus de transformations que de p\u00e9nalit\u00e9s, une performance qui t\u00e9moigne de sa capacit\u00e9 \u00e0 marquer dans des situations critiques.<\/p>\n<p>Bien qu&rsquo;il soit encore \u00e9loign\u00e9 des plus grands scoreurs internationaux, Ramos aspire \u00e0 \u00e9crire son nom aux c\u00f4t\u00e9s de l\u00e9gendes comme Dan Carter ou Jonny Wilkinson. Pour l&rsquo;instant, il se concentre sur l&rsquo;instant pr\u00e9sent et sur la conqu\u00eate de nouveaux titres avec son \u00e9quipe. \u00ab Si je marque beaucoup de points, c\u2019est que l\u2019\u00e9quipe r\u00e9alise une belle comp\u00e9tition \u00bb, souligne-t-il, incarnant ainsi l\u2019esprit d\u2019\u00e9quipe qui anime le rugby fran\u00e7ais.<\/p>\n<ul>\n<li>Ramos est \u00e0 6 points de d\u00e9passer le record de Michalak.<\/li>\n<li>Il a r\u00e9cemment \u00e9t\u00e9 le meilleur r\u00e9alisateur du Top 14.<\/li>\n<li>Sa carri\u00e8re a \u00e9t\u00e9 marqu\u00e9e par des doutes et des remises en question.<\/li>\n<li>Il aspire \u00e0 gagner des titres avant de penser aux records personnels.<\/li>\n<li>Il est le seul parmi les meilleurs r\u00e9alisateurs fran\u00e7ais \u00e0 avoir plus de transformations que de p\u00e9nalit\u00e9s.<\/li>\n<\/ul>\n<blockquote><p>\n\u00ab\u00a0C\u2019est un grand honneur de pouvoir d\u00e9passer le record d\u2019un joueur que j&rsquo;ai admir\u00e9.\u00a0\u00bb &#8211; Thomas Ramos\n<\/p><\/blockquote>\n<p>Si l&rsquo;avenir semble radieux pour Thomas Ramos, la passion et la d\u00e9termination qui l&rsquo;animent sont des \u00e9l\u00e9ments cl\u00e9s qui le guideront vers de nouveaux sommets. Pour l&rsquo;heure, le d\u00e9fi qui l&rsquo;attend face \u00e0 l&rsquo;\u00c9cosse pourrait bien \u00eatre le d\u00e9but d&rsquo;un nouveau chapitre dans l&rsquo;histoire du rugby fran\u00e7ais.<\/p>\n","protected":false},"excerpt":{"rendered":"","protected":false},"author":34,"featured_media":15642,"comment_status":"open","ping_status":"open","sticky":false,"template":"","format":"standard","meta":{"_acf_changed":false,"manual_indexmenow":false,"indexmenow_id_project":0,"footnotes":""},"categories":[1],"tags":[4585,4561,4563,4556,4554],"class_list":["post-11786","post","type-post","status-publish","format-standard","has-post-thumbnail","hentry","category-a-la-une","tag-cohesion-dequipe","tag-gestion-des-talents","tag-performance-athletique","tag-tournoi-des-6-nations","tag-xv-de-france","generate-columns","tablet-grid-50","mobile-grid-100","grid-parent","grid-25"],"acf":[],"yoast_head":"<!-- This site is optimized with the Yoast SEO Premium plugin v21.3 (Yoast SEO v26.5) - https:\/\/yoast.com\/wordpress\/plugins\/seo\/ -->\n<title>Thomas Ramos : un pas vers l&#039;histoire du rugby fran\u00e7ais<\/title>\n<meta name=\"description\" content=\"Thomas Ramos, l&#039;arri\u00e8re et buteur embl\u00e9matique du XV de France, se trouve \u00e0 un tournant d\u00e9cisif de sa carri\u00e8re. En affrontant l&#039;\u00c9cosse, il a\u2026\" \/>\n<meta name=\"robots\" content=\"index, follow, max-snippet:-1, max-image-preview:large, max-video-preview:-1\" \/>\n<link rel=\"canonical\" href=\"https:\/\/sport-index.fr\/blog\/a-la-une\/thomas-ramos-un-pas-vers-lhistoire-du-rugby-francais-avec-le-xv-de-france\/\" \/>\n<meta property=\"og:locale\" content=\"fr_FR\" \/>\n<meta property=\"og:type\" content=\"article\" \/>\n<meta property=\"og:title\" content=\"Thomas Ramos : un pas vers l&#039;histoire du rugby fran\u00e7ais\" \/>\n<meta property=\"og:description\" content=\"Thomas Ramos, l&#039;arri\u00e8re et buteur embl\u00e9matique du XV de France, se trouve \u00e0 un tournant d\u00e9cisif de sa carri\u00e8re. En affrontant l&#039;\u00c9cosse, il a\u2026\" \/>\n<meta property=\"og:url\" content=\"https:\/\/sport-index.fr\/blog\/a-la-une\/thomas-ramos-un-pas-vers-lhistoire-du-rugby-francais-avec-le-xv-de-france\/\" \/>\n<meta property=\"og:site_name\" content=\"sport-index\" \/>\n<meta name=\"author\" content=\"Axel Lauzier\" \/>\n<meta name=\"twitter:card\" content=\"summary_large_image\" \/>\n<script type=\"application\/ld+json\" class=\"yoast-schema-graph\">{\"@context\":\"https:\/\/schema.org\",\"@graph\":[{\"@type\":\"NewsArticle\",\"@id\":\"https:\/\/sport-index.fr\/blog\/a-la-une\/thomas-ramos-un-pas-vers-lhistoire-du-rugby-francais-avec-le-xv-de-france\/#article\",\"isPartOf\":{\"@id\":\"https:\/\/sport-index.fr\/blog\/a-la-une\/thomas-ramos-un-pas-vers-lhistoire-du-rugby-francais-avec-le-xv-de-france\/\"},\"author\":{\"name\":\"Axel Lauzier\",\"@id\":\"https:\/\/sport-index.fr\/blog\/#\/schema\/person\/3c864cdc320801e3db34b663e7e3f816\"},\"headline\":\"Thomas Ramos : un pas vers l&rsquo;histoire du rugby fran\u00e7ais avec le XV de France\",\"datePublished\":\"2025-03-15T08:22:39+00:00\",\"mainEntityOfPage\":{\"@id\":\"https:\/\/sport-index.fr\/blog\/a-la-une\/thomas-ramos-un-pas-vers-lhistoire-du-rugby-francais-avec-le-xv-de-france\/\"},\"wordCount\":698,\"commentCount\":24,\"publisher\":{\"@id\":\"https:\/\/sport-index.fr\/blog\/#organization\"},\"image\":{\"@id\":\"https:\/\/sport-index.fr\/blog\/a-la-une\/thomas-ramos-un-pas-vers-lhistoire-du-rugby-francais-avec-le-xv-de-france\/#primaryimage\"},\"thumbnailUrl\":\"https:\/\/sport-index.fr\/blog\/wp-content\/uploads\/2025\/05\/sdxl-f1b37178487623486e94662f0617b333-scaled.png\",\"keywords\":[\"Coh\u00e9sion d'\u00c9quipe\",\"Gestion des Talents\",\"Performance Athl\u00e9tique\",\"Tournoi des 6 Nations\",\"XV de France\"],\"articleSection\":[\"\u00c0 la une\"],\"inLanguage\":\"fr-FR\",\"potentialAction\":[{\"@type\":\"CommentAction\",\"name\":\"Comment\",\"target\":[\"https:\/\/sport-index.fr\/blog\/a-la-une\/thomas-ramos-un-pas-vers-lhistoire-du-rugby-francais-avec-le-xv-de-france\/#respond\"]}]},{\"@type\":\"WebPage\",\"@id\":\"https:\/\/sport-index.fr\/blog\/a-la-une\/thomas-ramos-un-pas-vers-lhistoire-du-rugby-francais-avec-le-xv-de-france\/\",\"url\":\"https:\/\/sport-index.fr\/blog\/a-la-une\/thomas-ramos-un-pas-vers-lhistoire-du-rugby-francais-avec-le-xv-de-france\/\",\"name\":\"Thomas Ramos : un pas vers l'histoire du rugby fran\u00e7ais\",\"isPartOf\":{\"@id\":\"https:\/\/sport-index.fr\/blog\/#website\"},\"primaryImageOfPage\":{\"@id\":\"https:\/\/sport-index.fr\/blog\/a-la-une\/thomas-ramos-un-pas-vers-lhistoire-du-rugby-francais-avec-le-xv-de-france\/#primaryimage\"},\"image\":{\"@id\":\"https:\/\/sport-index.fr\/blog\/a-la-une\/thomas-ramos-un-pas-vers-lhistoire-du-rugby-francais-avec-le-xv-de-france\/#primaryimage\"},\"thumbnailUrl\":\"https:\/\/sport-index.fr\/blog\/wp-content\/uploads\/2025\/05\/sdxl-f1b37178487623486e94662f0617b333-scaled.png\",\"datePublished\":\"2025-03-15T08:22:39+00:00\",\"description\":\"Thomas Ramos, l'arri\u00e8re et buteur embl\u00e9matique du XV de France, se trouve \u00e0 un tournant d\u00e9cisif de sa carri\u00e8re. En affrontant l'\u00c9cosse, il a\u2026\",\"inLanguage\":\"fr-FR\",\"potentialAction\":[{\"@type\":\"ReadAction\",\"target\":[\"https:\/\/sport-index.fr\/blog\/a-la-une\/thomas-ramos-un-pas-vers-lhistoire-du-rugby-francais-avec-le-xv-de-france\/\"]}]},{\"@type\":\"ImageObject\",\"inLanguage\":\"fr-FR\",\"@id\":\"https:\/\/sport-index.fr\/blog\/a-la-une\/thomas-ramos-un-pas-vers-lhistoire-du-rugby-francais-avec-le-xv-de-france\/#primaryimage\",\"url\":\"https:\/\/sport-index.fr\/blog\/wp-content\/uploads\/2025\/05\/sdxl-f1b37178487623486e94662f0617b333-scaled.png\",\"contentUrl\":\"https:\/\/sport-index.fr\/blog\/wp-content\/uploads\/2025\/05\/sdxl-f1b37178487623486e94662f0617b333-scaled.png\",\"width\":1200,\"height\":500},{\"@type\":\"WebSite\",\"@id\":\"https:\/\/sport-index.fr\/blog\/#website\",\"url\":\"https:\/\/sport-index.fr\/blog\/\",\"name\":\"sport-index.fr\",\"description\":\"Le score de l\u2019analyse sportive.\",\"publisher\":{\"@id\":\"https:\/\/sport-index.fr\/blog\/#organization\"},\"alternateName\":\"Le score de l\u2019analyse sportive.\",\"potentialAction\":[{\"@type\":\"SearchAction\",\"target\":{\"@type\":\"EntryPoint\",\"urlTemplate\":\"https:\/\/sport-index.fr\/blog\/?s={search_term_string}\"},\"query-input\":{\"@type\":\"PropertyValueSpecification\",\"valueRequired\":true,\"valueName\":\"search_term_string\"}}],\"inLanguage\":\"fr-FR\"},{\"@type\":\"Organization\",\"@id\":\"https:\/\/sport-index.fr\/blog\/#organization\",\"name\":\"Foretsensations.fr\",\"url\":\"https:\/\/sport-index.fr\/blog\/\",\"logo\":{\"@type\":\"ImageObject\",\"inLanguage\":\"fr-FR\",\"@id\":\"https:\/\/sport-index.fr\/blog\/#\/schema\/logo\/image\/\",\"url\":\"https:\/\/sport-index.fr\/blog\/wp-content\/uploads\/2026\/07\/logo-auto.png\",\"contentUrl\":\"https:\/\/sport-index.fr\/blog\/wp-content\/uploads\/2026\/07\/logo-auto.png\",\"width\":1024,\"height\":1024,\"caption\":\"Foretsensations.fr\"},\"image\":{\"@id\":\"https:\/\/sport-index.fr\/blog\/#\/schema\/logo\/image\/\"}},{\"@type\":\"Person\",\"@id\":\"https:\/\/sport-index.fr\/blog\/#\/schema\/person\/3c864cdc320801e3db34b663e7e3f816\",\"name\":\"Axel Lauzier\",\"image\":{\"@type\":\"ImageObject\",\"inLanguage\":\"fr-FR\",\"@id\":\"https:\/\/sport-index.fr\/blog\/#\/schema\/person\/image\/\",\"url\":\"https:\/\/sport-index.fr\/blog\/wp-content\/uploads\/2026\/06\/persona_axel-l-96x96.jpg\",\"contentUrl\":\"https:\/\/sport-index.fr\/blog\/wp-content\/uploads\/2026\/06\/persona_axel-l-96x96.jpg\",\"caption\":\"Axel Lauzier\"},\"description\":\"Le sport rythme mon quotidien depuis l'enfance, et j'en ai fait mon m\u00e9tier d'analyste r\u00e9dactionnel il y a une dizaine d'ann\u00e9es. Je couvre principalement le football, son actualit\u00e9, ses transferts et l'analyse tactique des grandes affiches, mais aussi les disciplines plus confidentielles que j'aime remettre en lumi\u00e8re. Une partie de mon travail porte sur les pronostics et la lecture statistique d'un match : forme des \u00e9quipes, historique des confrontations, compositions, sans jamais vendre de fausse certitude. Je rappelle syst\u00e9matiquement que parier comporte un risque et doit rester un loisir ma\u00eetris\u00e9. Avant de signer une analyse, je v\u00e9rifie mes chiffres, je recoupe les compositions probables et je distingue toujours la donn\u00e9e brute de l'intuition. Mon objectif : offrir une lecture honn\u00eate et argument\u00e9e, pas un ticket gagnant garanti.\",\"sameAs\":[\"https:\/\/axellauzier.fr\/\"],\"url\":\"https:\/\/sport-index.fr\/blog\/auteur\/noname\/\"}]}<\/script>\n<!-- \/ Yoast SEO Premium plugin. -->","yoast_head_json":{"title":"Thomas Ramos : un pas vers l'histoire du rugby fran\u00e7ais","description":"Thomas Ramos, l'arri\u00e8re et buteur embl\u00e9matique du XV de France, se trouve \u00e0 un tournant d\u00e9cisif de sa carri\u00e8re. En affrontant l'\u00c9cosse, il a\u2026","robots":{"index":"index","follow":"follow","max-snippet":"max-snippet:-1","max-image-preview":"max-image-preview:large","max-video-preview":"max-video-preview:-1"},"canonical":"https:\/\/sport-index.fr\/blog\/a-la-une\/thomas-ramos-un-pas-vers-lhistoire-du-rugby-francais-avec-le-xv-de-france\/","og_locale":"fr_FR","og_type":"article","og_title":"Thomas Ramos : un pas vers l'histoire du rugby fran\u00e7ais","og_description":"Thomas Ramos, l'arri\u00e8re et buteur embl\u00e9matique du XV de France, se trouve \u00e0 un tournant d\u00e9cisif de sa carri\u00e8re. En affrontant l'\u00c9cosse, il a\u2026","og_url":"https:\/\/sport-index.fr\/blog\/a-la-une\/thomas-ramos-un-pas-vers-lhistoire-du-rugby-francais-avec-le-xv-de-france\/","og_site_name":"sport-index","author":"Axel Lauzier","twitter_card":"summary_large_image","schema":{"@context":"https:\/\/schema.org","@graph":[{"@type":"NewsArticle","@id":"https:\/\/sport-index.fr\/blog\/a-la-une\/thomas-ramos-un-pas-vers-lhistoire-du-rugby-francais-avec-le-xv-de-france\/#article","isPartOf":{"@id":"https:\/\/sport-index.fr\/blog\/a-la-une\/thomas-ramos-un-pas-vers-lhistoire-du-rugby-francais-avec-le-xv-de-france\/"},"author":{"name":"Axel Lauzier","@id":"https:\/\/sport-index.fr\/blog\/#\/schema\/person\/3c864cdc320801e3db34b663e7e3f816"},"headline":"Thomas Ramos : un pas vers l&rsquo;histoire du rugby fran\u00e7ais avec le XV de France","datePublished":"2025-03-15T08:22:39+00:00","mainEntityOfPage":{"@id":"https:\/\/sport-index.fr\/blog\/a-la-une\/thomas-ramos-un-pas-vers-lhistoire-du-rugby-francais-avec-le-xv-de-france\/"},"wordCount":698,"commentCount":24,"publisher":{"@id":"https:\/\/sport-index.fr\/blog\/#organization"},"image":{"@id":"https:\/\/sport-index.fr\/blog\/a-la-une\/thomas-ramos-un-pas-vers-lhistoire-du-rugby-francais-avec-le-xv-de-france\/#primaryimage"},"thumbnailUrl":"https:\/\/sport-index.fr\/blog\/wp-content\/uploads\/2025\/05\/sdxl-f1b37178487623486e94662f0617b333-scaled.png","keywords":["Coh\u00e9sion d'\u00c9quipe","Gestion des Talents","Performance Athl\u00e9tique","Tournoi des 6 Nations","XV de France"],"articleSection":["\u00c0 la une"],"inLanguage":"fr-FR","potentialAction":[{"@type":"CommentAction","name":"Comment","target":["https:\/\/sport-index.fr\/blog\/a-la-une\/thomas-ramos-un-pas-vers-lhistoire-du-rugby-francais-avec-le-xv-de-france\/#respond"]}]},{"@type":"WebPage","@id":"https:\/\/sport-index.fr\/blog\/a-la-une\/thomas-ramos-un-pas-vers-lhistoire-du-rugby-francais-avec-le-xv-de-france\/","url":"https:\/\/sport-index.fr\/blog\/a-la-une\/thomas-ramos-un-pas-vers-lhistoire-du-rugby-francais-avec-le-xv-de-france\/","name":"Thomas Ramos : un pas vers l'histoire du rugby fran\u00e7ais","isPartOf":{"@id":"https:\/\/sport-index.fr\/blog\/#website"},"primaryImageOfPage":{"@id":"https:\/\/sport-index.fr\/blog\/a-la-une\/thomas-ramos-un-pas-vers-lhistoire-du-rugby-francais-avec-le-xv-de-france\/#primaryimage"},"image":{"@id":"https:\/\/sport-index.fr\/blog\/a-la-une\/thomas-ramos-un-pas-vers-lhistoire-du-rugby-francais-avec-le-xv-de-france\/#primaryimage"},"thumbnailUrl":"https:\/\/sport-index.fr\/blog\/wp-content\/uploads\/2025\/05\/sdxl-f1b37178487623486e94662f0617b333-scaled.png","datePublished":"2025-03-15T08:22:39+00:00","description":"Thomas Ramos, l'arri\u00e8re et buteur embl\u00e9matique du XV de France, se trouve \u00e0 un tournant d\u00e9cisif de sa carri\u00e8re. En affrontant l'\u00c9cosse, il a\u2026","inLanguage":"fr-FR","potentialAction":[{"@type":"ReadAction","target":["https:\/\/sport-index.fr\/blog\/a-la-une\/thomas-ramos-un-pas-vers-lhistoire-du-rugby-francais-avec-le-xv-de-france\/"]}]},{"@type":"ImageObject","inLanguage":"fr-FR","@id":"https:\/\/sport-index.fr\/blog\/a-la-une\/thomas-ramos-un-pas-vers-lhistoire-du-rugby-francais-avec-le-xv-de-france\/#primaryimage","url":"https:\/\/sport-index.fr\/blog\/wp-content\/uploads\/2025\/05\/sdxl-f1b37178487623486e94662f0617b333-scaled.png","contentUrl":"https:\/\/sport-index.fr\/blog\/wp-content\/uploads\/2025\/05\/sdxl-f1b37178487623486e94662f0617b333-scaled.png","width":1200,"height":500},{"@type":"WebSite","@id":"https:\/\/sport-index.fr\/blog\/#website","url":"https:\/\/sport-index.fr\/blog\/","name":"sport-index.fr","description":"Le score de l\u2019analyse sportive.","publisher":{"@id":"https:\/\/sport-index.fr\/blog\/#organization"},"alternateName":"Le score de l\u2019analyse sportive.","potentialAction":[{"@type":"SearchAction","target":{"@type":"EntryPoint","urlTemplate":"https:\/\/sport-index.fr\/blog\/?s={search_term_string}"},"query-input":{"@type":"PropertyValueSpecification","valueRequired":true,"valueName":"search_term_string"}}],"inLanguage":"fr-FR"},{"@type":"Organization","@id":"https:\/\/sport-index.fr\/blog\/#organization","name":"Foretsensations.fr","url":"https:\/\/sport-index.fr\/blog\/","logo":{"@type":"ImageObject","inLanguage":"fr-FR","@id":"https:\/\/sport-index.fr\/blog\/#\/schema\/logo\/image\/","url":"https:\/\/sport-index.fr\/blog\/wp-content\/uploads\/2026\/07\/logo-auto.png","contentUrl":"https:\/\/sport-index.fr\/blog\/wp-content\/uploads\/2026\/07\/logo-auto.png","width":1024,"height":1024,"caption":"Foretsensations.fr"},"image":{"@id":"https:\/\/sport-index.fr\/blog\/#\/schema\/logo\/image\/"}},{"@type":"Person","@id":"https:\/\/sport-index.fr\/blog\/#\/schema\/person\/3c864cdc320801e3db34b663e7e3f816","name":"Axel Lauzier","image":{"@type":"ImageObject","inLanguage":"fr-FR","@id":"https:\/\/sport-index.fr\/blog\/#\/schema\/person\/image\/","url":"https:\/\/sport-index.fr\/blog\/wp-content\/uploads\/2026\/06\/persona_axel-l-96x96.jpg","contentUrl":"https:\/\/sport-index.fr\/blog\/wp-content\/uploads\/2026\/06\/persona_axel-l-96x96.jpg","caption":"Axel Lauzier"},"description":"Le sport rythme mon quotidien depuis l'enfance, et j'en ai fait mon m\u00e9tier d'analyste r\u00e9dactionnel il y a une dizaine d'ann\u00e9es. Je couvre principalement le football, son actualit\u00e9, ses transferts et l'analyse tactique des grandes affiches, mais aussi les disciplines plus confidentielles que j'aime remettre en lumi\u00e8re. Une partie de mon travail porte sur les pronostics et la lecture statistique d'un match : forme des \u00e9quipes, historique des confrontations, compositions, sans jamais vendre de fausse certitude. Je rappelle syst\u00e9matiquement que parier comporte un risque et doit rester un loisir ma\u00eetris\u00e9. Avant de signer une analyse, je v\u00e9rifie mes chiffres, je recoupe les compositions probables et je distingue toujours la donn\u00e9e brute de l'intuition. Mon objectif : offrir une lecture honn\u00eate et argument\u00e9e, pas un ticket gagnant garanti.","sameAs":["https:\/\/axellauzier.fr\/"],"url":"https:\/\/sport-index.fr\/blog\/auteur\/noname\/"}]}},"_links":{"self":[{"href":"https:\/\/sport-index.fr\/blog\/wp-json\/wp\/v2\/posts\/11786","targetHints":{"allow":["GET"]}}],"collection":[{"href":"https:\/\/sport-index.fr\/blog\/wp-json\/wp\/v2\/posts"}],"about":[{"href":"https:\/\/sport-index.fr\/blog\/wp-json\/wp\/v2\/types\/post"}],"author":[{"embeddable":true,"href":"https:\/\/sport-index.fr\/blog\/wp-json\/wp\/v2\/users\/34"}],"replies":[{"embeddable":true,"href":"https:\/\/sport-index.fr\/blog\/wp-json\/wp\/v2\/comments?post=11786"}],"version-history":[{"count":1,"href":"https:\/\/sport-index.fr\/blog\/wp-json\/wp\/v2\/posts\/11786\/revisions"}],"predecessor-version":[{"id":11886,"href":"https:\/\/sport-index.fr\/blog\/wp-json\/wp\/v2\/posts\/11786\/revisions\/11886"}],"wp:featuredmedia":[{"embeddable":true,"href":"https:\/\/sport-index.fr\/blog\/wp-json\/wp\/v2\/media\/15642"}],"wp:attachment":[{"href":"https:\/\/sport-index.fr\/blog\/wp-json\/wp\/v2\/media?parent=11786"}],"wp:term":[{"taxonomy":"category","embeddable":true,"href":"https:\/\/sport-index.fr\/blog\/wp-json\/wp\/v2\/categories?post=11786"},{"taxonomy":"post_tag","embeddable":true,"href":"https:\/\/sport-index.fr\/blog\/wp-json\/wp\/v2\/tags?post=11786"}],"curies":[{"name":"wp","href":"https:\/\/api.w.org\/{rel}","templated":true}]}}