{"id":11788,"date":"2026-09-02T09:38:46","date_gmt":"2026-09-02T07:38:46","guid":{"rendered":"https:\/\/sport-index.fr\/blog\/?p=11788"},"modified":"2026-09-02T09:38:46","modified_gmt":"2026-09-02T07:38:46","slug":"paris-nice-matteo-jorgenson-soutient-jonas-vingegaard-dans-la-tempete-cyclisme","status":"publish","type":"post","link":"https:\/\/sport-index.fr\/blog\/a-la-une\/paris-nice-matteo-jorgenson-soutient-jonas-vingegaard-dans-la-tempete-cyclisme\/","title":{"rendered":"Paris-Nice : Matteo Jorgenson soutient Jonas Vingegaard dans la temp\u00eate &#8211; Cyclisme"},"content":{"rendered":"<h2>Jonas Vingegaard, victime d&rsquo;une chute lors de la 5<sup>e<\/sup> \u00e9tape<\/h2>\n<p>Lors de la 5<sup>e<\/sup> \u00e9tape de Paris-Nice 2025 (Saint-Just-en-Chevalet &#8211; La C\u00f4te-Saint-Andr\u00e9, 203,3 km, 13 mars 2025), le leader du classement g\u00e9n\u00e9ral Jonas Vingegaard (Visma | Lease a Bike) a \u00e9t\u00e9 victime d&rsquo;une chute dans l&rsquo;ascension finale. Il en est ressorti touch\u00e9 \u00e0 la main gauche, la nature exacte de la blessure restant alors incertaine.<br \/>\nJuste apr\u00e8s l&rsquo;\u00e9tape, remport\u00e9e par Lenny Martinez (Bahrain Victorious) devant Cl\u00e9ment Champoussin et Matteo Jorgenson, son co\u00e9quipier Matteo Jorgenson (Visma | Lease a Bike) a confirm\u00e9 que le Danois \u00e9tait touch\u00e9 mais pas encore hors course, affirmant qu&rsquo;il ferait tout pour l&rsquo;\u00e9pauler le plus longtemps possible.<\/p>\n<blockquote><p>\n\u00ab Il va se battre \u00bb &#8211; Matteo Jorgenson \u00e0 propos de Jonas Vingegaard, au micro d&rsquo;Eurosport apr\u00e8s la 5<sup>e<\/sup> \u00e9tape.\n<\/p><\/blockquote>\n<h2>Ce que l&rsquo;on sait des suites de la chute<\/h2>\n<p>Vingegaard a perdu le maillot jaune \u00e0 l&rsquo;issue de cette 5<sup>e<\/sup> \u00e9tape, conc\u00e9dant du temps au profit de son propre co\u00e9quipier Jorgenson. Malgr\u00e9 le soutien affich\u00e9 de son \u00e9quipe, il n&rsquo;a finalement pas repris le d\u00e9part de la 6<sup>e<\/sup> \u00e9tape, le 14 mars 2025 (Berre-l&rsquo;\u00c9tang) : sa course s&rsquo;est arr\u00eat\u00e9e l\u00e0.<br \/>\nAucune condition m\u00e9t\u00e9o d\u00e9grad\u00e9e n&rsquo;est document\u00e9e ce jour-l\u00e0 (temp\u00e9rature moyenne d&rsquo;environ 4\u00b0C sur l&rsquo;\u00e9tape) : le titre \u00ab dans la temp\u00eate \u00bb d\u00e9signe la difficult\u00e9 sportive travers\u00e9e par Vingegaard, pas un \u00e9pisode m\u00e9t\u00e9o r\u00e9el.<\/p>\n<h2>Le d\u00e9nouement de ce Paris-Nice 2025<\/h2>\n<p>C&rsquo;est finalement Matteo Jorgenson qui a remport\u00e9 le classement g\u00e9n\u00e9ral de Paris-Nice 2025, devan\u00e7ant Florian Lipowitz (+1&rsquo;15\u00a0\u00bb) et Thymen Arensman (+1&rsquo;58\u00a0\u00bb) &#8211; le co\u00e9quipier venu \u00e9pauler Vingegaard a fini par remporter la course \u00e0 sa place.<\/p>\n<h2>18 mois plus tard<\/h2>\n<p>La blessure contract\u00e9e \u00e0 Paris-Nice ne l&rsquo;a pas emp\u00each\u00e9 de retrouver son meilleur niveau : sur le Tour de France 2025, Jonas Vingegaard a termin\u00e9 2<sup>e<\/sup> du classement g\u00e9n\u00e9ral, \u00e0 4&rsquo;24\u00a0\u00bb de Tadej Poga\u010dar, toujours sous les couleurs de Visma | Lease a Bike. Matteo Jorgenson, lui, a couru ce Tour de France enti\u00e8rement au service de son leader, terminant 19<sup>e<\/sup> \u00e0 plus d&rsquo;1h29 du vainqueur &#8211; loin de la victoire d&rsquo;ensemble qu&rsquo;il avait d\u00e9croch\u00e9e quelques mois plus t\u00f4t \u00e0 Paris-Nice.<br \/>\n<em>Article publi\u00e9 le 14 mars 2025 \u00b7 faits v\u00e9rifi\u00e9s et compl\u00e9t\u00e9s le 2 septembre 2026.<\/em><\/p>\n","protected":false},"excerpt":{"rendered":"","protected":false},"author":34,"featured_media":15986,"comment_status":"open","ping_status":"open","sticky":false,"template":"","format":"standard","meta":{"_acf_changed":false,"manual_indexmenow":false,"indexmenow_id_project":0,"footnotes":""},"categories":[1],"tags":[],"class_list":["post-11788","post","type-post","status-publish","format-standard","has-post-thumbnail","hentry","category-a-la-une","generate-columns","tablet-grid-50","mobile-grid-100","grid-parent","grid-25"],"acf":[],"yoast_head":"<!-- This site is optimized with the Yoast SEO Premium plugin v21.3 (Yoast SEO v26.5) - https:\/\/yoast.com\/wordpress\/plugins\/seo\/ -->\n<title>Paris-Nice : Matteo Jorgenson soutient Jonas Vingegaard dans la temp\u00eate - Cyclisme<\/title>\n<meta name=\"description\" content=\"13 mars 2025 : Jonas Vingegaard chute et perd le maillot jaune a Paris-Nice. Il abandonnera avant l&#039;etape 6 - Matteo Jorgenson remportera la course.\" \/>\n<meta name=\"robots\" content=\"index, follow, max-snippet:-1, max-image-preview:large, max-video-preview:-1\" \/>\n<link rel=\"canonical\" href=\"https:\/\/sport-index.fr\/blog\/a-la-une\/paris-nice-matteo-jorgenson-soutient-jonas-vingegaard-dans-la-tempete-cyclisme\/\" \/>\n<meta property=\"og:locale\" content=\"fr_FR\" \/>\n<meta property=\"og:type\" content=\"article\" \/>\n<meta property=\"og:title\" content=\"Paris-Nice : Matteo Jorgenson soutient Jonas Vingegaard dans la temp\u00eate - Cyclisme\" \/>\n<meta property=\"og:description\" content=\"13 mars 2025 : Jonas Vingegaard chute et perd le maillot jaune a Paris-Nice. Il abandonnera avant l&#039;etape 6 - Matteo Jorgenson remportera la course.\" \/>\n<meta property=\"og:url\" content=\"https:\/\/sport-index.fr\/blog\/a-la-une\/paris-nice-matteo-jorgenson-soutient-jonas-vingegaard-dans-la-tempete-cyclisme\/\" \/>\n<meta property=\"og:site_name\" content=\"sport-index\" \/>\n<meta name=\"author\" content=\"Axel Lauzier\" \/>\n<meta name=\"twitter:card\" content=\"summary_large_image\" \/>\n<script type=\"application\/ld+json\" class=\"yoast-schema-graph\">{\"@context\":\"https:\/\/schema.org\",\"@graph\":[{\"@type\":\"NewsArticle\",\"@id\":\"https:\/\/sport-index.fr\/blog\/a-la-une\/paris-nice-matteo-jorgenson-soutient-jonas-vingegaard-dans-la-tempete-cyclisme\/#article\",\"isPartOf\":{\"@id\":\"https:\/\/sport-index.fr\/blog\/a-la-une\/paris-nice-matteo-jorgenson-soutient-jonas-vingegaard-dans-la-tempete-cyclisme\/\"},\"author\":{\"name\":\"Axel Lauzier\",\"@id\":\"https:\/\/sport-index.fr\/blog\/#\/schema\/person\/3c864cdc320801e3db34b663e7e3f816\"},\"headline\":\"Paris-Nice : Matteo Jorgenson soutient Jonas Vingegaard dans la temp\u00eate &#8211; Cyclisme\",\"datePublished\":\"2026-09-02T07:38:46+00:00\",\"mainEntityOfPage\":{\"@id\":\"https:\/\/sport-index.fr\/blog\/a-la-une\/paris-nice-matteo-jorgenson-soutient-jonas-vingegaard-dans-la-tempete-cyclisme\/\"},\"wordCount\":407,\"commentCount\":27,\"publisher\":{\"@id\":\"https:\/\/sport-index.fr\/blog\/#organization\"},\"image\":{\"@id\":\"https:\/\/sport-index.fr\/blog\/a-la-une\/paris-nice-matteo-jorgenson-soutient-jonas-vingegaard-dans-la-tempete-cyclisme\/#primaryimage\"},\"thumbnailUrl\":\"https:\/\/sport-index.fr\/blog\/wp-content\/uploads\/2025\/05\/sdxl-78f5138cc29eb8eec7a1579322acbd0c-scaled.png\",\"articleSection\":[\"\u00c0 la une\"],\"inLanguage\":\"fr-FR\",\"potentialAction\":[{\"@type\":\"CommentAction\",\"name\":\"Comment\",\"target\":[\"https:\/\/sport-index.fr\/blog\/a-la-une\/paris-nice-matteo-jorgenson-soutient-jonas-vingegaard-dans-la-tempete-cyclisme\/#respond\"]}]},{\"@type\":\"WebPage\",\"@id\":\"https:\/\/sport-index.fr\/blog\/a-la-une\/paris-nice-matteo-jorgenson-soutient-jonas-vingegaard-dans-la-tempete-cyclisme\/\",\"url\":\"https:\/\/sport-index.fr\/blog\/a-la-une\/paris-nice-matteo-jorgenson-soutient-jonas-vingegaard-dans-la-tempete-cyclisme\/\",\"name\":\"Paris-Nice : Matteo Jorgenson soutient Jonas Vingegaard dans la temp\u00eate - Cyclisme\",\"isPartOf\":{\"@id\":\"https:\/\/sport-index.fr\/blog\/#website\"},\"primaryImageOfPage\":{\"@id\":\"https:\/\/sport-index.fr\/blog\/a-la-une\/paris-nice-matteo-jorgenson-soutient-jonas-vingegaard-dans-la-tempete-cyclisme\/#primaryimage\"},\"image\":{\"@id\":\"https:\/\/sport-index.fr\/blog\/a-la-une\/paris-nice-matteo-jorgenson-soutient-jonas-vingegaard-dans-la-tempete-cyclisme\/#primaryimage\"},\"thumbnailUrl\":\"https:\/\/sport-index.fr\/blog\/wp-content\/uploads\/2025\/05\/sdxl-78f5138cc29eb8eec7a1579322acbd0c-scaled.png\",\"datePublished\":\"2026-09-02T07:38:46+00:00\",\"description\":\"13 mars 2025 : Jonas Vingegaard chute et perd le maillot jaune a Paris-Nice. Il abandonnera avant l'etape 6 - Matteo Jorgenson remportera la course.\",\"inLanguage\":\"fr-FR\",\"potentialAction\":[{\"@type\":\"ReadAction\",\"target\":[\"https:\/\/sport-index.fr\/blog\/a-la-une\/paris-nice-matteo-jorgenson-soutient-jonas-vingegaard-dans-la-tempete-cyclisme\/\"]}]},{\"@type\":\"ImageObject\",\"inLanguage\":\"fr-FR\",\"@id\":\"https:\/\/sport-index.fr\/blog\/a-la-une\/paris-nice-matteo-jorgenson-soutient-jonas-vingegaard-dans-la-tempete-cyclisme\/#primaryimage\",\"url\":\"https:\/\/sport-index.fr\/blog\/wp-content\/uploads\/2025\/05\/sdxl-78f5138cc29eb8eec7a1579322acbd0c-scaled.png\",\"contentUrl\":\"https:\/\/sport-index.fr\/blog\/wp-content\/uploads\/2025\/05\/sdxl-78f5138cc29eb8eec7a1579322acbd0c-scaled.png\",\"width\":1200,\"height\":500},{\"@type\":\"WebSite\",\"@id\":\"https:\/\/sport-index.fr\/blog\/#website\",\"url\":\"https:\/\/sport-index.fr\/blog\/\",\"name\":\"sport-index.fr\",\"description\":\"Le score de l\u2019analyse sportive.\",\"publisher\":{\"@id\":\"https:\/\/sport-index.fr\/blog\/#organization\"},\"alternateName\":\"Le score de l\u2019analyse sportive.\",\"potentialAction\":[{\"@type\":\"SearchAction\",\"target\":{\"@type\":\"EntryPoint\",\"urlTemplate\":\"https:\/\/sport-index.fr\/blog\/?s={search_term_string}\"},\"query-input\":{\"@type\":\"PropertyValueSpecification\",\"valueRequired\":true,\"valueName\":\"search_term_string\"}}],\"inLanguage\":\"fr-FR\"},{\"@type\":\"Organization\",\"@id\":\"https:\/\/sport-index.fr\/blog\/#organization\",\"name\":\"Foretsensations.fr\",\"url\":\"https:\/\/sport-index.fr\/blog\/\",\"logo\":{\"@type\":\"ImageObject\",\"inLanguage\":\"fr-FR\",\"@id\":\"https:\/\/sport-index.fr\/blog\/#\/schema\/logo\/image\/\",\"url\":\"https:\/\/sport-index.fr\/blog\/wp-content\/uploads\/2026\/07\/logo-auto.png\",\"contentUrl\":\"https:\/\/sport-index.fr\/blog\/wp-content\/uploads\/2026\/07\/logo-auto.png\",\"width\":1024,\"height\":1024,\"caption\":\"Foretsensations.fr\"},\"image\":{\"@id\":\"https:\/\/sport-index.fr\/blog\/#\/schema\/logo\/image\/\"}},{\"@type\":\"Person\",\"@id\":\"https:\/\/sport-index.fr\/blog\/#\/schema\/person\/3c864cdc320801e3db34b663e7e3f816\",\"name\":\"Axel Lauzier\",\"image\":{\"@type\":\"ImageObject\",\"inLanguage\":\"fr-FR\",\"@id\":\"https:\/\/sport-index.fr\/blog\/#\/schema\/person\/image\/\",\"url\":\"https:\/\/sport-index.fr\/blog\/wp-content\/uploads\/2026\/06\/persona_axel-l-96x96.jpg\",\"contentUrl\":\"https:\/\/sport-index.fr\/blog\/wp-content\/uploads\/2026\/06\/persona_axel-l-96x96.jpg\",\"caption\":\"Axel Lauzier\"},\"description\":\"Le sport rythme mon quotidien depuis l'enfance, et j'en ai fait mon m\u00e9tier d'analyste r\u00e9dactionnel il y a une dizaine d'ann\u00e9es. Je couvre principalement le football, son actualit\u00e9, ses transferts et l'analyse tactique des grandes affiches, mais aussi les disciplines plus confidentielles que j'aime remettre en lumi\u00e8re. Une partie de mon travail porte sur les pronostics et la lecture statistique d'un match : forme des \u00e9quipes, historique des confrontations, compositions, sans jamais vendre de fausse certitude. Je rappelle syst\u00e9matiquement que parier comporte un risque et doit rester un loisir ma\u00eetris\u00e9. Avant de signer une analyse, je v\u00e9rifie mes chiffres, je recoupe les compositions probables et je distingue toujours la donn\u00e9e brute de l'intuition. Mon objectif : offrir une lecture honn\u00eate et argument\u00e9e, pas un ticket gagnant garanti.\",\"sameAs\":[\"https:\/\/axellauzier.fr\/\"],\"url\":\"https:\/\/sport-index.fr\/blog\/auteur\/noname\/\"}]}<\/script>\n<!-- \/ Yoast SEO Premium plugin. -->","yoast_head_json":{"title":"Paris-Nice : Matteo Jorgenson soutient Jonas Vingegaard dans la temp\u00eate - Cyclisme","description":"13 mars 2025 : Jonas Vingegaard chute et perd le maillot jaune a Paris-Nice. Il abandonnera avant l'etape 6 - Matteo Jorgenson remportera la course.","robots":{"index":"index","follow":"follow","max-snippet":"max-snippet:-1","max-image-preview":"max-image-preview:large","max-video-preview":"max-video-preview:-1"},"canonical":"https:\/\/sport-index.fr\/blog\/a-la-une\/paris-nice-matteo-jorgenson-soutient-jonas-vingegaard-dans-la-tempete-cyclisme\/","og_locale":"fr_FR","og_type":"article","og_title":"Paris-Nice : Matteo Jorgenson soutient Jonas Vingegaard dans la temp\u00eate - Cyclisme","og_description":"13 mars 2025 : Jonas Vingegaard chute et perd le maillot jaune a Paris-Nice. Il abandonnera avant l'etape 6 - Matteo Jorgenson remportera la course.","og_url":"https:\/\/sport-index.fr\/blog\/a-la-une\/paris-nice-matteo-jorgenson-soutient-jonas-vingegaard-dans-la-tempete-cyclisme\/","og_site_name":"sport-index","author":"Axel Lauzier","twitter_card":"summary_large_image","schema":{"@context":"https:\/\/schema.org","@graph":[{"@type":"NewsArticle","@id":"https:\/\/sport-index.fr\/blog\/a-la-une\/paris-nice-matteo-jorgenson-soutient-jonas-vingegaard-dans-la-tempete-cyclisme\/#article","isPartOf":{"@id":"https:\/\/sport-index.fr\/blog\/a-la-une\/paris-nice-matteo-jorgenson-soutient-jonas-vingegaard-dans-la-tempete-cyclisme\/"},"author":{"name":"Axel Lauzier","@id":"https:\/\/sport-index.fr\/blog\/#\/schema\/person\/3c864cdc320801e3db34b663e7e3f816"},"headline":"Paris-Nice : Matteo Jorgenson soutient Jonas Vingegaard dans la temp\u00eate &#8211; Cyclisme","datePublished":"2026-09-02T07:38:46+00:00","mainEntityOfPage":{"@id":"https:\/\/sport-index.fr\/blog\/a-la-une\/paris-nice-matteo-jorgenson-soutient-jonas-vingegaard-dans-la-tempete-cyclisme\/"},"wordCount":407,"commentCount":27,"publisher":{"@id":"https:\/\/sport-index.fr\/blog\/#organization"},"image":{"@id":"https:\/\/sport-index.fr\/blog\/a-la-une\/paris-nice-matteo-jorgenson-soutient-jonas-vingegaard-dans-la-tempete-cyclisme\/#primaryimage"},"thumbnailUrl":"https:\/\/sport-index.fr\/blog\/wp-content\/uploads\/2025\/05\/sdxl-78f5138cc29eb8eec7a1579322acbd0c-scaled.png","articleSection":["\u00c0 la une"],"inLanguage":"fr-FR","potentialAction":[{"@type":"CommentAction","name":"Comment","target":["https:\/\/sport-index.fr\/blog\/a-la-une\/paris-nice-matteo-jorgenson-soutient-jonas-vingegaard-dans-la-tempete-cyclisme\/#respond"]}]},{"@type":"WebPage","@id":"https:\/\/sport-index.fr\/blog\/a-la-une\/paris-nice-matteo-jorgenson-soutient-jonas-vingegaard-dans-la-tempete-cyclisme\/","url":"https:\/\/sport-index.fr\/blog\/a-la-une\/paris-nice-matteo-jorgenson-soutient-jonas-vingegaard-dans-la-tempete-cyclisme\/","name":"Paris-Nice : Matteo Jorgenson soutient Jonas Vingegaard dans la temp\u00eate - Cyclisme","isPartOf":{"@id":"https:\/\/sport-index.fr\/blog\/#website"},"primaryImageOfPage":{"@id":"https:\/\/sport-index.fr\/blog\/a-la-une\/paris-nice-matteo-jorgenson-soutient-jonas-vingegaard-dans-la-tempete-cyclisme\/#primaryimage"},"image":{"@id":"https:\/\/sport-index.fr\/blog\/a-la-une\/paris-nice-matteo-jorgenson-soutient-jonas-vingegaard-dans-la-tempete-cyclisme\/#primaryimage"},"thumbnailUrl":"https:\/\/sport-index.fr\/blog\/wp-content\/uploads\/2025\/05\/sdxl-78f5138cc29eb8eec7a1579322acbd0c-scaled.png","datePublished":"2026-09-02T07:38:46+00:00","description":"13 mars 2025 : Jonas Vingegaard chute et perd le maillot jaune a Paris-Nice. Il abandonnera avant l'etape 6 - Matteo Jorgenson remportera la course.","inLanguage":"fr-FR","potentialAction":[{"@type":"ReadAction","target":["https:\/\/sport-index.fr\/blog\/a-la-une\/paris-nice-matteo-jorgenson-soutient-jonas-vingegaard-dans-la-tempete-cyclisme\/"]}]},{"@type":"ImageObject","inLanguage":"fr-FR","@id":"https:\/\/sport-index.fr\/blog\/a-la-une\/paris-nice-matteo-jorgenson-soutient-jonas-vingegaard-dans-la-tempete-cyclisme\/#primaryimage","url":"https:\/\/sport-index.fr\/blog\/wp-content\/uploads\/2025\/05\/sdxl-78f5138cc29eb8eec7a1579322acbd0c-scaled.png","contentUrl":"https:\/\/sport-index.fr\/blog\/wp-content\/uploads\/2025\/05\/sdxl-78f5138cc29eb8eec7a1579322acbd0c-scaled.png","width":1200,"height":500},{"@type":"WebSite","@id":"https:\/\/sport-index.fr\/blog\/#website","url":"https:\/\/sport-index.fr\/blog\/","name":"sport-index.fr","description":"Le score de l\u2019analyse sportive.","publisher":{"@id":"https:\/\/sport-index.fr\/blog\/#organization"},"alternateName":"Le score de l\u2019analyse sportive.","potentialAction":[{"@type":"SearchAction","target":{"@type":"EntryPoint","urlTemplate":"https:\/\/sport-index.fr\/blog\/?s={search_term_string}"},"query-input":{"@type":"PropertyValueSpecification","valueRequired":true,"valueName":"search_term_string"}}],"inLanguage":"fr-FR"},{"@type":"Organization","@id":"https:\/\/sport-index.fr\/blog\/#organization","name":"Foretsensations.fr","url":"https:\/\/sport-index.fr\/blog\/","logo":{"@type":"ImageObject","inLanguage":"fr-FR","@id":"https:\/\/sport-index.fr\/blog\/#\/schema\/logo\/image\/","url":"https:\/\/sport-index.fr\/blog\/wp-content\/uploads\/2026\/07\/logo-auto.png","contentUrl":"https:\/\/sport-index.fr\/blog\/wp-content\/uploads\/2026\/07\/logo-auto.png","width":1024,"height":1024,"caption":"Foretsensations.fr"},"image":{"@id":"https:\/\/sport-index.fr\/blog\/#\/schema\/logo\/image\/"}},{"@type":"Person","@id":"https:\/\/sport-index.fr\/blog\/#\/schema\/person\/3c864cdc320801e3db34b663e7e3f816","name":"Axel Lauzier","image":{"@type":"ImageObject","inLanguage":"fr-FR","@id":"https:\/\/sport-index.fr\/blog\/#\/schema\/person\/image\/","url":"https:\/\/sport-index.fr\/blog\/wp-content\/uploads\/2026\/06\/persona_axel-l-96x96.jpg","contentUrl":"https:\/\/sport-index.fr\/blog\/wp-content\/uploads\/2026\/06\/persona_axel-l-96x96.jpg","caption":"Axel Lauzier"},"description":"Le sport rythme mon quotidien depuis l'enfance, et j'en ai fait mon m\u00e9tier d'analyste r\u00e9dactionnel il y a une dizaine d'ann\u00e9es. Je couvre principalement le football, son actualit\u00e9, ses transferts et l'analyse tactique des grandes affiches, mais aussi les disciplines plus confidentielles que j'aime remettre en lumi\u00e8re. Une partie de mon travail porte sur les pronostics et la lecture statistique d'un match : forme des \u00e9quipes, historique des confrontations, compositions, sans jamais vendre de fausse certitude. Je rappelle syst\u00e9matiquement que parier comporte un risque et doit rester un loisir ma\u00eetris\u00e9. Avant de signer une analyse, je v\u00e9rifie mes chiffres, je recoupe les compositions probables et je distingue toujours la donn\u00e9e brute de l'intuition. Mon objectif : offrir une lecture honn\u00eate et argument\u00e9e, pas un ticket gagnant garanti.","sameAs":["https:\/\/axellauzier.fr\/"],"url":"https:\/\/sport-index.fr\/blog\/auteur\/noname\/"}]}},"_links":{"self":[{"href":"https:\/\/sport-index.fr\/blog\/wp-json\/wp\/v2\/posts\/11788","targetHints":{"allow":["GET"]}}],"collection":[{"href":"https:\/\/sport-index.fr\/blog\/wp-json\/wp\/v2\/posts"}],"about":[{"href":"https:\/\/sport-index.fr\/blog\/wp-json\/wp\/v2\/types\/post"}],"author":[{"embeddable":true,"href":"https:\/\/sport-index.fr\/blog\/wp-json\/wp\/v2\/users\/34"}],"replies":[{"embeddable":true,"href":"https:\/\/sport-index.fr\/blog\/wp-json\/wp\/v2\/comments?post=11788"}],"version-history":[{"count":2,"href":"https:\/\/sport-index.fr\/blog\/wp-json\/wp\/v2\/posts\/11788\/revisions"}],"predecessor-version":[{"id":18482,"href":"https:\/\/sport-index.fr\/blog\/wp-json\/wp\/v2\/posts\/11788\/revisions\/18482"}],"wp:featuredmedia":[{"embeddable":true,"href":"https:\/\/sport-index.fr\/blog\/wp-json\/wp\/v2\/media\/15986"}],"wp:attachment":[{"href":"https:\/\/sport-index.fr\/blog\/wp-json\/wp\/v2\/media?parent=11788"}],"wp:term":[{"taxonomy":"category","embeddable":true,"href":"https:\/\/sport-index.fr\/blog\/wp-json\/wp\/v2\/categories?post=11788"},{"taxonomy":"post_tag","embeddable":true,"href":"https:\/\/sport-index.fr\/blog\/wp-json\/wp\/v2\/tags?post=11788"}],"curies":[{"name":"wp","href":"https:\/\/api.w.org\/{rel}","templated":true}]}}