{"id":11790,"date":"2026-09-01T17:30:31","date_gmt":"2026-09-01T15:30:31","guid":{"rendered":"https:\/\/sport-index.fr\/blog\/?p=11790"},"modified":"2026-09-01T17:30:57","modified_gmt":"2026-09-01T15:30:57","slug":"tirreno-adriatico-la-strategie-gagnante-de-kooij-face-a-milan-et-merlier","status":"publish","type":"post","link":"https:\/\/sport-index.fr\/blog\/a-la-une\/tirreno-adriatico-la-strategie-gagnante-de-kooij-face-a-milan-et-merlier\/","title":{"rendered":"Tirreno-Adriatico 2025 : Olav Kooij vainqueur de la 4e \u00e9tape \u00e0 Trasacco"},"content":{"rendered":"<p><em>Publi\u00e9 le 14 mars 2025 \u00b7 enti\u00e8rement rev\u00e9rifi\u00e9 et corrig\u00e9 le 1er septembre 2026 contre les classements officiels de la course. La version initiale de cette page racontait un sprint qui n&rsquo;a pas eu lieu : elle est corrig\u00e9e ci-dessous, et l&rsquo;origine de l&rsquo;erreur est expliqu\u00e9e en fin d&rsquo;article.<\/em><\/p>\n<p>Le jeudi 13 mars 2025, <strong>Olav Kooij<\/strong> (Visma-Lease a Bike) a remport\u00e9 la <strong>4<sup>e<\/sup> \u00e9tape de Tirreno-Adriatico<\/strong>, disput\u00e9e entre <strong>Norcia et Trasacco<\/strong> sur 190 kilom\u00e8tres. C&rsquo;\u00e9tait sa premi\u00e8re victoire d&rsquo;\u00e9tape sur la course italienne, et sa troisi\u00e8me victoire de la saison. Ce succ\u00e8s n&rsquo;a rien d&rsquo;une d\u00e9monstration de sprinteur au sommet de sa forme : il vient au terme d&rsquo;une \u00e9tape d\u00e9tremp\u00e9e o\u00f9 le N\u00e9erlandais a \u00e9t\u00e9 mis dehors par des bordures et n&rsquo;est revenu qu&rsquo;\u00e0 quelques kilom\u00e8tres de l&rsquo;arriv\u00e9e.<\/p>\n<h2>Le podium officiel de la 4<sup>e<\/sup> \u00e9tape<\/h2>\n<p>Voici le classement de l&rsquo;\u00e9tape tel qu&rsquo;il figure aux r\u00e9sultats officiels, et non tel qu&rsquo;il a \u00e9t\u00e9 r\u00e9sum\u00e9 apr\u00e8s coup :<\/p>\n<table>\n<thead>\n<tr>\n<th>Place<\/th>\n<th>Coureur<\/th>\n<th>\u00c9quipe<\/th>\n<th>Temps<\/th>\n<\/tr>\n<\/thead>\n<tbody>\n<tr>\n<td>1<sup>er<\/sup><\/td>\n<td>Olav Kooij (NED)<\/td>\n<td>Visma-Lease a Bike<\/td>\n<td>4 h 48 min 05 s<\/td>\n<\/tr>\n<tr>\n<td>2<sup>e<\/sup><\/td>\n<td>Rick Pluimers (NED)<\/td>\n<td>Tudor Pro Cycling<\/td>\n<td>m\u00eame temps<\/td>\n<\/tr>\n<tr>\n<td>3<sup>e<\/sup><\/td>\n<td>Mathieu van der Poel (NED)<\/td>\n<td>Alpecin-Deceuninck<\/td>\n<td>m\u00eame temps<\/td>\n<\/tr>\n<tr>\n<td>4<sup>e<\/sup><\/td>\n<td>Paul Magnier (FRA)<\/td>\n<td>Soudal Quick-Step<\/td>\n<td>m\u00eame temps<\/td>\n<\/tr>\n<tr>\n<td>5<sup>e<\/sup><\/td>\n<td>Mirco Maestri (ITA)<\/td>\n<td>Polti-VisitMalta<\/td>\n<td>m\u00eame temps<\/td>\n<\/tr>\n<\/tbody>\n<\/table>\n<p>Derri\u00e8re, Andrea Vendrame prenait la 6<sup>e<\/sup> place, <strong>Filippo Ganna<\/strong> la 7<sup>e<\/sup> et Tom Pidcock la 8<sup>e<\/sup>. Ganna conservait le maillot bleu de leader pour un quatri\u00e8me jour cons\u00e9cutif.<\/p>\n<h2>Ni Jonathan Milan ni Tim Merlier n&rsquo;\u00e9taient dans ce sprint<\/h2>\n<p>C&rsquo;est le point que la premi\u00e8re version de cet article avait invent\u00e9, et il faut le dire nettement.<\/p>\n<p><strong>Tim Merlier<\/strong> (Soudal Quick-Step) ne disputait pas Tirreno-Adriatico. Il courait <strong>Paris-Nice<\/strong>, du 9 au 16 mars 2025, o\u00f9 il avait d\u00e9j\u00e0 gagn\u00e9 les deux premi\u00e8res \u00e9tapes, les 9 et 10 mars. Il se trouvait donc en France le jour de l&rsquo;arriv\u00e9e \u00e0 Trasacco.<\/p>\n<p><strong>Jonathan Milan<\/strong> (Lidl-Trek), lui, \u00e9tait bien au d\u00e9part de l&rsquo;\u00e9tape \u2014 il avait gagn\u00e9 la 2<sup>e<\/sup> \u00e9tape \u00e0 Follonica deux jours plus t\u00f4t \u2014 mais il a \u00e9t\u00e9 <strong>l\u00e2ch\u00e9 en course<\/strong>. Dans la longue mont\u00e9e du Valico la Crocetta, le tempo impos\u00e9 par UAE Team Emirates-XRG a fait sauter le sprinteur italien ainsi que Dylan Groenewegen (Jayco AlUla). Ni l&rsquo;un ni l&rsquo;autre ne figure dans les dix premiers de l&rsquo;\u00e9tape.<\/p>\n<p>Le sprint de Trasacco s&rsquo;est donc jou\u00e9 entre Kooij, Pluimers, Van der Poel et Magnier \u2014 pas entre Kooij, Milan et Merlier.<\/p>\n<h2>La cause r\u00e9elle : des bordures sur un plateau venteux, sous la pluie<\/h2>\n<p>Ce que l&rsquo;expression commode de \u00ab strat\u00e9gie gagnante \u00bb efface, c&rsquo;est une succession d&rsquo;\u00e9v\u00e9nements mat\u00e9riels tr\u00e8s concrets.<\/p>\n<ul>\n<li><strong>Un d\u00e9part imm\u00e9diatement dur.<\/strong> Le peloton attaquait d&#8217;embl\u00e9e la Forca della Civita, une ascension de 14 kilom\u00e8tres, ce qui a rendu la premi\u00e8re heure de course tr\u00e8s disput\u00e9e.<\/li>\n<li><strong>Une \u00e9chapp\u00e9e de cinq.<\/strong> Jonas Rutsch (Intermarch\u00e9-Wanty), Jorge Arcas (Movistar), Gijs Leemreize (Picnic PostNL), Mirco Maestri (Polti-VisitMalta) et William Blume Levy (Uno-X Mobility) ont pris jusqu&rsquo;\u00e0 six minutes d&rsquo;avance.<\/li>\n<li><strong>Le Valico la Crocetta.<\/strong> Le rythme d&rsquo;UAE y a \u00e9limin\u00e9 les sprinteurs Milan et Groenewegen, et r\u00e9duit de moiti\u00e9 l&rsquo;avance de l&rsquo;\u00e9chapp\u00e9e.<\/li>\n<li><strong>Les bordures.<\/strong> \u00c0 environ 80 kilom\u00e8tres de l&rsquo;arriv\u00e9e, sur un plateau expos\u00e9 au vent, le peloton a cass\u00e9 : un groupe de t\u00eate d&rsquo;une trentaine de coureurs, avec Pidcock, Ganna et Juan Ayuso, est parti devant. <strong>Kooij s&rsquo;est retrouv\u00e9 du mauvais c\u00f4t\u00e9 de la cassure<\/strong>, avec Paul Magnier, Derek Gee et Simon Yates.<\/li>\n<li><strong>Le regroupement.<\/strong> C&rsquo;est le travail de Soudal Quick-Step pour ramener Magnier qui a permis aux deux groupes principaux de se ressouder. Sans cette chasse, Kooij ne dispute pas l&rsquo;arriv\u00e9e.<\/li>\n<li><strong>La pluie.<\/strong> Jonas Rutsch, l&rsquo;un des cinq \u00e9chapp\u00e9s, a chut\u00e9 dans un virage \u00e0 gauche d\u00e9tremp\u00e9 apr\u00e8s avoir men\u00e9 toute la journ\u00e9e.<\/li>\n<li><strong>L&rsquo;attaque de Ben Healy.<\/strong> Dans le final, l&rsquo;Irlandais d&rsquo;EF Education-EasyPost est all\u00e9 chercher les derniers rescap\u00e9s de l&rsquo;\u00e9chapp\u00e9e. Le groupe de t\u00eate ne les a repris qu&rsquo;en vue de la ligne d&rsquo;arriv\u00e9e.<\/li>\n<\/ul>\n<p>Le sprint lui-m\u00eame a \u00e9t\u00e9 lanc\u00e9 par Paul Magnier depuis la quatri\u00e8me position, avant que Mathieu van der Poel ne le d\u00e9borde. Kooij est remont\u00e9 par la droite du groupe pour l&#8217;emporter. Interrog\u00e9 \u00e0 l&rsquo;arriv\u00e9e, le N\u00e9erlandais a expliqu\u00e9 que son \u00e9quipe avait fait le rythme dans la principale difficult\u00e9 et pensait tenir l&rsquo;affaire, avant d&rsquo;\u00eatre surprise par les bordures sur le plateau ; il a ajout\u00e9 qu&rsquo;il avait, par moments, cess\u00e9 d&rsquo;y croire.<\/p>\n<h2>D&rsquo;o\u00f9 vient l&rsquo;erreur : un titre de vid\u00e9o pris pour un compte rendu<\/h2>\n<p>La formule qui a donn\u00e9 son titre \u00e0 cette page vient d&rsquo;une vid\u00e9o d&rsquo;Eurosport publi\u00e9e le 13 mars 2025 \u00e0 17 h 51, un d\u00e9cryptage de 2 minutes 35 de Steve Chainel dans <em>Les Rois de la P\u00e9dale<\/em>. Cette vid\u00e9o \u00e9tait intitul\u00e9e : <em>Tirreno-Adriatico | Palette \u00e0 Steve : \u00ab Dans les 100 derniers m\u00e8tres, Kooij peut jouer avec Milan et Merlier \u00bb<\/em>.<\/p>\n<p>Il s&rsquo;agit d&rsquo;une appr\u00e9ciation du <strong>niveau de sprint<\/strong> d&rsquo;Olav Kooij, compar\u00e9 aux deux hommes les plus rapides du peloton \u00e0 ce moment de la saison. Ce n&rsquo;est pas la description de l&rsquo;arriv\u00e9e de Trasacco. La premi\u00e8re version de cet article a transform\u00e9 ce titre en d\u00e9claration expliquant apr\u00e8s coup une victoire, puis a b\u00e2ti autour un duel qui n&rsquo;a jamais eu lieu. Nous ne disposons pas de la transcription de la vid\u00e9o : la phrase est reproduite ici <strong>en tant que titre de la page Eurosport<\/strong>, et non comme une citation v\u00e9rifi\u00e9e mot \u00e0 mot de Steve Chainel.<\/p>\n<h2>Ce que cette \u00e9tape a chang\u00e9, au final<\/h2>\n<p>Tirreno-Adriatico 2025, 60<sup>e<\/sup> \u00e9dition, s&rsquo;est achev\u00e9e le 16 mars \u00e0 San Benedetto del Tronto. La suite est connue et n&rsquo;a rien d&rsquo;hypoth\u00e9tique :<\/p>\n<ul>\n<li>5<sup>e<\/sup> \u00e9tape : victoire de Fredrik Dversnes (Uno-X Mobility) ;<\/li>\n<li>6<sup>e<\/sup> \u00e9tape : victoire de Juan Ayuso (UAE Team Emirates-XRG), qui prend la t\u00eate du g\u00e9n\u00e9ral ;<\/li>\n<li>7<sup>e<\/sup> \u00e9tape : victoire de Jonathan Milan (Lidl-Trek), sa deuxi\u00e8me de la semaine ;<\/li>\n<li>classement g\u00e9n\u00e9ral final : Juan Ayuso ;<\/li>\n<li>classement par points : Jonathan Milan ; montagne : Manuele Tarozzi ; meilleur jeune : Juan Ayuso ; \u00e9quipes : UAE Team Emirates-XRG.<\/li>\n<\/ul>\n<p>Olav Kooij n&rsquo;a pas gagn\u00e9 d&rsquo;autre \u00e9tape sur cette \u00e9dition et n&rsquo;a jamais \u00e9t\u00e9 en course pour le classement g\u00e9n\u00e9ral, qui ne se joue pas sur les arriv\u00e9es au sprint.<\/p>\n<h2>Sources<\/h2>\n<ul>\n<li>R\u00e9sultats de la 4<sup>e<\/sup> \u00e9tape et classement g\u00e9n\u00e9ral, Tirreno-Adriatico 2025 \u2014 Cyclingnews, <em>Olav Kooij wins stage 4 as breakaway caught in final metres<\/em>, 13 mars 2025.<\/li>\n<li>Fiche de course et classements finals \u2014 Wikip\u00e9dia, <em>Tirreno-Adriatico 2025<\/em> et <em>2025 Tirreno-Adriatico<\/em>.<\/li>\n<li>\u00c9tapes 1 et 2 de Paris-Nice 2025 remport\u00e9es par Tim Merlier \u2014 Wikip\u00e9dia, <em>2025 Paris-Nice<\/em>, d&rsquo;apr\u00e8s Cyclingnews (9 et 10 mars 2025).<\/li>\n<li>Titre et date de la vid\u00e9o cit\u00e9e \u2014 Eurosport, <em>Palette \u00e0 Steve<\/em>, 13 mars 2025.<\/li>\n<\/ul>\n","protected":false},"excerpt":{"rendered":"","protected":false},"author":34,"featured_media":16233,"comment_status":"open","ping_status":"open","sticky":false,"template":"","format":"standard","meta":{"_acf_changed":false,"manual_indexmenow":false,"indexmenow_id_project":0,"footnotes":""},"categories":[1],"tags":[4745,4559,5761,4563,5762,5221],"class_list":["post-11790","post","type-post","status-publish","format-standard","has-post-thumbnail","hentry","category-a-la-une","tag-competition","tag-cyclisme","tag-olav-kooij","tag-performance-athletique","tag-sprint","tag-tirreno-adriatico","generate-columns","tablet-grid-50","mobile-grid-100","grid-parent","grid-25"],"acf":[],"yoast_head":"<!-- This site is optimized with the Yoast SEO Premium plugin v21.3 (Yoast SEO v26.5) - https:\/\/yoast.com\/wordpress\/plugins\/seo\/ -->\n<title>Tirreno-Adriatico 2025 : Olav Kooij vainqueur de la 4e \u00e9tape \u00e0 Trasacco<\/title>\n<meta name=\"description\" content=\"Le 13 mars 2025, Olav Kooij gagne la 4e \u00e9tape de Tirreno-Adriatico \u00e0 Trasacco devant Pluimers et Van der Poel. Podium officiel, bordures et cause r\u00e9elle.\" \/>\n<meta name=\"robots\" content=\"index, follow, max-snippet:-1, max-image-preview:large, max-video-preview:-1\" \/>\n<link rel=\"canonical\" href=\"https:\/\/sport-index.fr\/blog\/a-la-une\/tirreno-adriatico-la-strategie-gagnante-de-kooij-face-a-milan-et-merlier\/\" \/>\n<meta property=\"og:locale\" content=\"fr_FR\" \/>\n<meta property=\"og:type\" content=\"article\" \/>\n<meta property=\"og:title\" content=\"Tirreno-Adriatico 2025 : Olav Kooij vainqueur de la 4e \u00e9tape \u00e0 Trasacco\" \/>\n<meta property=\"og:description\" content=\"Le 13 mars 2025, Olav Kooij gagne la 4e \u00e9tape de Tirreno-Adriatico \u00e0 Trasacco devant Pluimers et Van der Poel. Podium officiel, bordures et cause r\u00e9elle.\" \/>\n<meta property=\"og:url\" content=\"https:\/\/sport-index.fr\/blog\/a-la-une\/tirreno-adriatico-la-strategie-gagnante-de-kooij-face-a-milan-et-merlier\/\" \/>\n<meta property=\"og:site_name\" content=\"sport-index\" \/>\n<meta name=\"author\" content=\"Axel Lauzier\" \/>\n<meta name=\"twitter:card\" content=\"summary_large_image\" \/>\n<script type=\"application\/ld+json\" class=\"yoast-schema-graph\">{\"@context\":\"https:\/\/schema.org\",\"@graph\":[{\"@type\":\"NewsArticle\",\"@id\":\"https:\/\/sport-index.fr\/blog\/a-la-une\/tirreno-adriatico-la-strategie-gagnante-de-kooij-face-a-milan-et-merlier\/#article\",\"isPartOf\":{\"@id\":\"https:\/\/sport-index.fr\/blog\/a-la-une\/tirreno-adriatico-la-strategie-gagnante-de-kooij-face-a-milan-et-merlier\/\"},\"author\":{\"name\":\"Axel Lauzier\",\"@id\":\"https:\/\/sport-index.fr\/blog\/#\/schema\/person\/3c864cdc320801e3db34b663e7e3f816\"},\"headline\":\"Tirreno-Adriatico 2025 : Olav Kooij vainqueur de la 4e \u00e9tape \u00e0 Trasacco\",\"datePublished\":\"2026-09-01T15:30:31+00:00\",\"dateModified\":\"2026-09-01T15:30:57+00:00\",\"mainEntityOfPage\":{\"@id\":\"https:\/\/sport-index.fr\/blog\/a-la-une\/tirreno-adriatico-la-strategie-gagnante-de-kooij-face-a-milan-et-merlier\/\"},\"wordCount\":1187,\"commentCount\":15,\"publisher\":{\"@id\":\"https:\/\/sport-index.fr\/blog\/#organization\"},\"image\":{\"@id\":\"https:\/\/sport-index.fr\/blog\/a-la-une\/tirreno-adriatico-la-strategie-gagnante-de-kooij-face-a-milan-et-merlier\/#primaryimage\"},\"thumbnailUrl\":\"https:\/\/sport-index.fr\/blog\/wp-content\/uploads\/2025\/05\/sdxl-b310abe18f8b26fa6e1929bc66b0f27b-scaled.png\",\"keywords\":[\"Comp\u00e9tition\",\"Cyclisme\",\"Olav Kooij\",\"Performance Athl\u00e9tique\",\"Sprint\",\"Tirreno Adriatico\"],\"articleSection\":[\"\u00c0 la une\"],\"inLanguage\":\"fr-FR\",\"potentialAction\":[{\"@type\":\"CommentAction\",\"name\":\"Comment\",\"target\":[\"https:\/\/sport-index.fr\/blog\/a-la-une\/tirreno-adriatico-la-strategie-gagnante-de-kooij-face-a-milan-et-merlier\/#respond\"]}]},{\"@type\":\"WebPage\",\"@id\":\"https:\/\/sport-index.fr\/blog\/a-la-une\/tirreno-adriatico-la-strategie-gagnante-de-kooij-face-a-milan-et-merlier\/\",\"url\":\"https:\/\/sport-index.fr\/blog\/a-la-une\/tirreno-adriatico-la-strategie-gagnante-de-kooij-face-a-milan-et-merlier\/\",\"name\":\"Tirreno-Adriatico 2025 : Olav Kooij vainqueur de la 4e \u00e9tape \u00e0 Trasacco\",\"isPartOf\":{\"@id\":\"https:\/\/sport-index.fr\/blog\/#website\"},\"primaryImageOfPage\":{\"@id\":\"https:\/\/sport-index.fr\/blog\/a-la-une\/tirreno-adriatico-la-strategie-gagnante-de-kooij-face-a-milan-et-merlier\/#primaryimage\"},\"image\":{\"@id\":\"https:\/\/sport-index.fr\/blog\/a-la-une\/tirreno-adriatico-la-strategie-gagnante-de-kooij-face-a-milan-et-merlier\/#primaryimage\"},\"thumbnailUrl\":\"https:\/\/sport-index.fr\/blog\/wp-content\/uploads\/2025\/05\/sdxl-b310abe18f8b26fa6e1929bc66b0f27b-scaled.png\",\"datePublished\":\"2026-09-01T15:30:31+00:00\",\"dateModified\":\"2026-09-01T15:30:57+00:00\",\"description\":\"Le 13 mars 2025, Olav Kooij gagne la 4e \u00e9tape de Tirreno-Adriatico \u00e0 Trasacco devant Pluimers et Van der Poel. Podium officiel, bordures et cause r\u00e9elle.\",\"inLanguage\":\"fr-FR\",\"potentialAction\":[{\"@type\":\"ReadAction\",\"target\":[\"https:\/\/sport-index.fr\/blog\/a-la-une\/tirreno-adriatico-la-strategie-gagnante-de-kooij-face-a-milan-et-merlier\/\"]}]},{\"@type\":\"ImageObject\",\"inLanguage\":\"fr-FR\",\"@id\":\"https:\/\/sport-index.fr\/blog\/a-la-une\/tirreno-adriatico-la-strategie-gagnante-de-kooij-face-a-milan-et-merlier\/#primaryimage\",\"url\":\"https:\/\/sport-index.fr\/blog\/wp-content\/uploads\/2025\/05\/sdxl-b310abe18f8b26fa6e1929bc66b0f27b-scaled.png\",\"contentUrl\":\"https:\/\/sport-index.fr\/blog\/wp-content\/uploads\/2025\/05\/sdxl-b310abe18f8b26fa6e1929bc66b0f27b-scaled.png\",\"width\":1200,\"height\":500},{\"@type\":\"WebSite\",\"@id\":\"https:\/\/sport-index.fr\/blog\/#website\",\"url\":\"https:\/\/sport-index.fr\/blog\/\",\"name\":\"sport-index.fr\",\"description\":\"Le score de l\u2019analyse sportive.\",\"publisher\":{\"@id\":\"https:\/\/sport-index.fr\/blog\/#organization\"},\"alternateName\":\"Le score de l\u2019analyse sportive.\",\"potentialAction\":[{\"@type\":\"SearchAction\",\"target\":{\"@type\":\"EntryPoint\",\"urlTemplate\":\"https:\/\/sport-index.fr\/blog\/?s={search_term_string}\"},\"query-input\":{\"@type\":\"PropertyValueSpecification\",\"valueRequired\":true,\"valueName\":\"search_term_string\"}}],\"inLanguage\":\"fr-FR\"},{\"@type\":\"Organization\",\"@id\":\"https:\/\/sport-index.fr\/blog\/#organization\",\"name\":\"Foretsensations.fr\",\"url\":\"https:\/\/sport-index.fr\/blog\/\",\"logo\":{\"@type\":\"ImageObject\",\"inLanguage\":\"fr-FR\",\"@id\":\"https:\/\/sport-index.fr\/blog\/#\/schema\/logo\/image\/\",\"url\":\"https:\/\/sport-index.fr\/blog\/wp-content\/uploads\/2026\/07\/logo-auto.png\",\"contentUrl\":\"https:\/\/sport-index.fr\/blog\/wp-content\/uploads\/2026\/07\/logo-auto.png\",\"width\":1024,\"height\":1024,\"caption\":\"Foretsensations.fr\"},\"image\":{\"@id\":\"https:\/\/sport-index.fr\/blog\/#\/schema\/logo\/image\/\"}},{\"@type\":\"Person\",\"@id\":\"https:\/\/sport-index.fr\/blog\/#\/schema\/person\/3c864cdc320801e3db34b663e7e3f816\",\"name\":\"Axel Lauzier\",\"image\":{\"@type\":\"ImageObject\",\"inLanguage\":\"fr-FR\",\"@id\":\"https:\/\/sport-index.fr\/blog\/#\/schema\/person\/image\/\",\"url\":\"https:\/\/sport-index.fr\/blog\/wp-content\/uploads\/2026\/06\/persona_axel-l-96x96.jpg\",\"contentUrl\":\"https:\/\/sport-index.fr\/blog\/wp-content\/uploads\/2026\/06\/persona_axel-l-96x96.jpg\",\"caption\":\"Axel Lauzier\"},\"description\":\"Le sport rythme mon quotidien depuis l'enfance, et j'en ai fait mon m\u00e9tier d'analyste r\u00e9dactionnel il y a une dizaine d'ann\u00e9es. Je couvre principalement le football, son actualit\u00e9, ses transferts et l'analyse tactique des grandes affiches, mais aussi les disciplines plus confidentielles que j'aime remettre en lumi\u00e8re. Une partie de mon travail porte sur les pronostics et la lecture statistique d'un match : forme des \u00e9quipes, historique des confrontations, compositions, sans jamais vendre de fausse certitude. Je rappelle syst\u00e9matiquement que parier comporte un risque et doit rester un loisir ma\u00eetris\u00e9. Avant de signer une analyse, je v\u00e9rifie mes chiffres, je recoupe les compositions probables et je distingue toujours la donn\u00e9e brute de l'intuition. Mon objectif : offrir une lecture honn\u00eate et argument\u00e9e, pas un ticket gagnant garanti.\",\"sameAs\":[\"https:\/\/axellauzier.fr\/\"],\"url\":\"https:\/\/sport-index.fr\/blog\/auteur\/noname\/\"}]}<\/script>\n<!-- \/ Yoast SEO Premium plugin. -->","yoast_head_json":{"title":"Tirreno-Adriatico 2025 : Olav Kooij vainqueur de la 4e \u00e9tape \u00e0 Trasacco","description":"Le 13 mars 2025, Olav Kooij gagne la 4e \u00e9tape de Tirreno-Adriatico \u00e0 Trasacco devant Pluimers et Van der Poel. Podium officiel, bordures et cause r\u00e9elle.","robots":{"index":"index","follow":"follow","max-snippet":"max-snippet:-1","max-image-preview":"max-image-preview:large","max-video-preview":"max-video-preview:-1"},"canonical":"https:\/\/sport-index.fr\/blog\/a-la-une\/tirreno-adriatico-la-strategie-gagnante-de-kooij-face-a-milan-et-merlier\/","og_locale":"fr_FR","og_type":"article","og_title":"Tirreno-Adriatico 2025 : Olav Kooij vainqueur de la 4e \u00e9tape \u00e0 Trasacco","og_description":"Le 13 mars 2025, Olav Kooij gagne la 4e \u00e9tape de Tirreno-Adriatico \u00e0 Trasacco devant Pluimers et Van der Poel. Podium officiel, bordures et cause r\u00e9elle.","og_url":"https:\/\/sport-index.fr\/blog\/a-la-une\/tirreno-adriatico-la-strategie-gagnante-de-kooij-face-a-milan-et-merlier\/","og_site_name":"sport-index","author":"Axel Lauzier","twitter_card":"summary_large_image","schema":{"@context":"https:\/\/schema.org","@graph":[{"@type":"NewsArticle","@id":"https:\/\/sport-index.fr\/blog\/a-la-une\/tirreno-adriatico-la-strategie-gagnante-de-kooij-face-a-milan-et-merlier\/#article","isPartOf":{"@id":"https:\/\/sport-index.fr\/blog\/a-la-une\/tirreno-adriatico-la-strategie-gagnante-de-kooij-face-a-milan-et-merlier\/"},"author":{"name":"Axel Lauzier","@id":"https:\/\/sport-index.fr\/blog\/#\/schema\/person\/3c864cdc320801e3db34b663e7e3f816"},"headline":"Tirreno-Adriatico 2025 : Olav Kooij vainqueur de la 4e \u00e9tape \u00e0 Trasacco","datePublished":"2026-09-01T15:30:31+00:00","dateModified":"2026-09-01T15:30:57+00:00","mainEntityOfPage":{"@id":"https:\/\/sport-index.fr\/blog\/a-la-une\/tirreno-adriatico-la-strategie-gagnante-de-kooij-face-a-milan-et-merlier\/"},"wordCount":1187,"commentCount":15,"publisher":{"@id":"https:\/\/sport-index.fr\/blog\/#organization"},"image":{"@id":"https:\/\/sport-index.fr\/blog\/a-la-une\/tirreno-adriatico-la-strategie-gagnante-de-kooij-face-a-milan-et-merlier\/#primaryimage"},"thumbnailUrl":"https:\/\/sport-index.fr\/blog\/wp-content\/uploads\/2025\/05\/sdxl-b310abe18f8b26fa6e1929bc66b0f27b-scaled.png","keywords":["Comp\u00e9tition","Cyclisme","Olav Kooij","Performance Athl\u00e9tique","Sprint","Tirreno Adriatico"],"articleSection":["\u00c0 la une"],"inLanguage":"fr-FR","potentialAction":[{"@type":"CommentAction","name":"Comment","target":["https:\/\/sport-index.fr\/blog\/a-la-une\/tirreno-adriatico-la-strategie-gagnante-de-kooij-face-a-milan-et-merlier\/#respond"]}]},{"@type":"WebPage","@id":"https:\/\/sport-index.fr\/blog\/a-la-une\/tirreno-adriatico-la-strategie-gagnante-de-kooij-face-a-milan-et-merlier\/","url":"https:\/\/sport-index.fr\/blog\/a-la-une\/tirreno-adriatico-la-strategie-gagnante-de-kooij-face-a-milan-et-merlier\/","name":"Tirreno-Adriatico 2025 : Olav Kooij vainqueur de la 4e \u00e9tape \u00e0 Trasacco","isPartOf":{"@id":"https:\/\/sport-index.fr\/blog\/#website"},"primaryImageOfPage":{"@id":"https:\/\/sport-index.fr\/blog\/a-la-une\/tirreno-adriatico-la-strategie-gagnante-de-kooij-face-a-milan-et-merlier\/#primaryimage"},"image":{"@id":"https:\/\/sport-index.fr\/blog\/a-la-une\/tirreno-adriatico-la-strategie-gagnante-de-kooij-face-a-milan-et-merlier\/#primaryimage"},"thumbnailUrl":"https:\/\/sport-index.fr\/blog\/wp-content\/uploads\/2025\/05\/sdxl-b310abe18f8b26fa6e1929bc66b0f27b-scaled.png","datePublished":"2026-09-01T15:30:31+00:00","dateModified":"2026-09-01T15:30:57+00:00","description":"Le 13 mars 2025, Olav Kooij gagne la 4e \u00e9tape de Tirreno-Adriatico \u00e0 Trasacco devant Pluimers et Van der Poel. Podium officiel, bordures et cause r\u00e9elle.","inLanguage":"fr-FR","potentialAction":[{"@type":"ReadAction","target":["https:\/\/sport-index.fr\/blog\/a-la-une\/tirreno-adriatico-la-strategie-gagnante-de-kooij-face-a-milan-et-merlier\/"]}]},{"@type":"ImageObject","inLanguage":"fr-FR","@id":"https:\/\/sport-index.fr\/blog\/a-la-une\/tirreno-adriatico-la-strategie-gagnante-de-kooij-face-a-milan-et-merlier\/#primaryimage","url":"https:\/\/sport-index.fr\/blog\/wp-content\/uploads\/2025\/05\/sdxl-b310abe18f8b26fa6e1929bc66b0f27b-scaled.png","contentUrl":"https:\/\/sport-index.fr\/blog\/wp-content\/uploads\/2025\/05\/sdxl-b310abe18f8b26fa6e1929bc66b0f27b-scaled.png","width":1200,"height":500},{"@type":"WebSite","@id":"https:\/\/sport-index.fr\/blog\/#website","url":"https:\/\/sport-index.fr\/blog\/","name":"sport-index.fr","description":"Le score de l\u2019analyse sportive.","publisher":{"@id":"https:\/\/sport-index.fr\/blog\/#organization"},"alternateName":"Le score de l\u2019analyse sportive.","potentialAction":[{"@type":"SearchAction","target":{"@type":"EntryPoint","urlTemplate":"https:\/\/sport-index.fr\/blog\/?s={search_term_string}"},"query-input":{"@type":"PropertyValueSpecification","valueRequired":true,"valueName":"search_term_string"}}],"inLanguage":"fr-FR"},{"@type":"Organization","@id":"https:\/\/sport-index.fr\/blog\/#organization","name":"Foretsensations.fr","url":"https:\/\/sport-index.fr\/blog\/","logo":{"@type":"ImageObject","inLanguage":"fr-FR","@id":"https:\/\/sport-index.fr\/blog\/#\/schema\/logo\/image\/","url":"https:\/\/sport-index.fr\/blog\/wp-content\/uploads\/2026\/07\/logo-auto.png","contentUrl":"https:\/\/sport-index.fr\/blog\/wp-content\/uploads\/2026\/07\/logo-auto.png","width":1024,"height":1024,"caption":"Foretsensations.fr"},"image":{"@id":"https:\/\/sport-index.fr\/blog\/#\/schema\/logo\/image\/"}},{"@type":"Person","@id":"https:\/\/sport-index.fr\/blog\/#\/schema\/person\/3c864cdc320801e3db34b663e7e3f816","name":"Axel Lauzier","image":{"@type":"ImageObject","inLanguage":"fr-FR","@id":"https:\/\/sport-index.fr\/blog\/#\/schema\/person\/image\/","url":"https:\/\/sport-index.fr\/blog\/wp-content\/uploads\/2026\/06\/persona_axel-l-96x96.jpg","contentUrl":"https:\/\/sport-index.fr\/blog\/wp-content\/uploads\/2026\/06\/persona_axel-l-96x96.jpg","caption":"Axel Lauzier"},"description":"Le sport rythme mon quotidien depuis l'enfance, et j'en ai fait mon m\u00e9tier d'analyste r\u00e9dactionnel il y a une dizaine d'ann\u00e9es. Je couvre principalement le football, son actualit\u00e9, ses transferts et l'analyse tactique des grandes affiches, mais aussi les disciplines plus confidentielles que j'aime remettre en lumi\u00e8re. Une partie de mon travail porte sur les pronostics et la lecture statistique d'un match : forme des \u00e9quipes, historique des confrontations, compositions, sans jamais vendre de fausse certitude. Je rappelle syst\u00e9matiquement que parier comporte un risque et doit rester un loisir ma\u00eetris\u00e9. Avant de signer une analyse, je v\u00e9rifie mes chiffres, je recoupe les compositions probables et je distingue toujours la donn\u00e9e brute de l'intuition. Mon objectif : offrir une lecture honn\u00eate et argument\u00e9e, pas un ticket gagnant garanti.","sameAs":["https:\/\/axellauzier.fr\/"],"url":"https:\/\/sport-index.fr\/blog\/auteur\/noname\/"}]}},"_links":{"self":[{"href":"https:\/\/sport-index.fr\/blog\/wp-json\/wp\/v2\/posts\/11790","targetHints":{"allow":["GET"]}}],"collection":[{"href":"https:\/\/sport-index.fr\/blog\/wp-json\/wp\/v2\/posts"}],"about":[{"href":"https:\/\/sport-index.fr\/blog\/wp-json\/wp\/v2\/types\/post"}],"author":[{"embeddable":true,"href":"https:\/\/sport-index.fr\/blog\/wp-json\/wp\/v2\/users\/34"}],"replies":[{"embeddable":true,"href":"https:\/\/sport-index.fr\/blog\/wp-json\/wp\/v2\/comments?post=11790"}],"version-history":[{"count":3,"href":"https:\/\/sport-index.fr\/blog\/wp-json\/wp\/v2\/posts\/11790\/revisions"}],"predecessor-version":[{"id":18356,"href":"https:\/\/sport-index.fr\/blog\/wp-json\/wp\/v2\/posts\/11790\/revisions\/18356"}],"wp:featuredmedia":[{"embeddable":true,"href":"https:\/\/sport-index.fr\/blog\/wp-json\/wp\/v2\/media\/16233"}],"wp:attachment":[{"href":"https:\/\/sport-index.fr\/blog\/wp-json\/wp\/v2\/media?parent=11790"}],"wp:term":[{"taxonomy":"category","embeddable":true,"href":"https:\/\/sport-index.fr\/blog\/wp-json\/wp\/v2\/categories?post=11790"},{"taxonomy":"post_tag","embeddable":true,"href":"https:\/\/sport-index.fr\/blog\/wp-json\/wp\/v2\/tags?post=11790"}],"curies":[{"name":"wp","href":"https:\/\/api.w.org\/{rel}","templated":true}]}}