{"id":11820,"date":"2025-03-16T04:45:10","date_gmt":"2025-03-16T03:45:10","guid":{"rendered":"https:\/\/sport-index.fr\/blog\/?p=11820"},"modified":"2025-03-14T11:07:43","modified_gmt":"2025-03-14T10:07:43","slug":"marche-des-entraineurs-prolongation-de-ghezal-a-lyon-et-incertitudes-ailleurs","status":"publish","type":"post","link":"https:\/\/sport-index.fr\/blog\/a-la-une\/marche-des-entraineurs-prolongation-de-ghezal-a-lyon-et-incertitudes-ailleurs\/","title":{"rendered":"march\u00e9 des entra\u00eeneurs : prolongation de ghezal \u00e0 lyon et incertitudes ailleurs"},"content":{"rendered":"<h2>Karim Ghezal : un retour en force \u00e0 Lyon<\/h2>\n<p>Sa prolongation de contrat jusqu&rsquo;en 2028 t\u00e9moigne de la confiance que lui accordent les dirigeants du club. Arriv\u00e9 en d\u00e9cembre dernier, il a su transformer une \u00e9quipe en difficult\u00e9, la propulsant de la treizi\u00e8me \u00e0 la sixi\u00e8me place en un temps record.<\/p>\n<p>Cette performance impressionnante a renforc\u00e9 sa r\u00e9putation sur le march\u00e9 des entra\u00eeneurs. Ghezal est d\u00e9sormais consid\u00e9r\u00e9 comme un atout majeur pour le Lou, et son engagement \u00e0 long terme montre la volont\u00e9 du club de construire un projet ambitieux autour de lui. La perspective d&rsquo;un renforcement de son staff, notamment avec des noms comme Jean-Fr\u00e9d\u00e9ric Dubois, suscite \u00e9galement l&rsquo;int\u00e9r\u00eat.<\/p>\n<h2>Les enjeux pour le Racing 92<\/h2>\n<p>Du c\u00f4t\u00e9 du Racing 92, la situation est plus complexe. Les discussions autour de Michael Cheika, qui quittera Leicester \u00e0 la fin de la saison, continuent d&rsquo;alimenter les rumeurs. Bien que son entretien avec les dirigeants ait \u00e9t\u00e9 positif, rien n&rsquo;est encore d\u00e9cid\u00e9 concernant son \u00e9ventuelle arriv\u00e9e.<\/p>\n<p>Patrice Collazo, qui a pris les r\u00eanes de l&rsquo;\u00e9quipe pour une mission de six mois, est \u00e9galement dans le viseur. Son contrat pourrait \u00eatre renouvel\u00e9 en fonction des r\u00e9sultats de la saison, mais l&rsquo;incertitude demeure. Le club doit naviguer entre l&rsquo;instabilit\u00e9 de son encadrement et les attentes \u00e9lev\u00e9es des supporters.<\/p>\n<h2>R\u00e9organisation \u00e0 Paris et ailleurs<\/h2>\n<p>\u00c0 Paris, le d\u00e9part de Laurent Labit a ouvert la voie \u00e0 une r\u00e9organisation n\u00e9cessaire du staff. Paul Gustard, l&rsquo;ancien entra\u00eeneur de l&rsquo;attaque, est d\u00e9sormais \u00e0 la t\u00eate du secteur sportif. Cependant, son avenir \u00e0 Paris reste flou, avec des rumeurs sur une possible arriv\u00e9e d&rsquo;un nouvel entra\u00eeneur au-dessus de lui.<\/p>\n<p>Cette saison de remaniements touche \u00e9galement d&rsquo;autres clubs, comme l\u2019Usap, qui a choisi Mathieu Cidre pour remplacer Perry Freshwater. De m\u00eame, des changements se profilent \u00e0 La Rochelle, o\u00f9 des r\u00e9flexions sont en cours concernant les adjoints. Les semaines \u00e0 venir seront cruciales pour d\u00e9terminer la direction que prendra chaque \u00e9quipe.<\/p>\n<blockquote><p>\n  \u00ab\u00a0Je suis sous contrat jusqu\u2019en 2026 et je serai toujours \u00e0 Dax l\u2019an prochain avec mon staff.\u00a0\u00bb &#8211; Jean-Fr\u00e9d\u00e9ric Dubois\n<\/p><\/blockquote>\n<ul>\n<li>Prolongation de Karim Ghezal \u00e0 Lyon jusqu&rsquo;en 2028.<\/li>\n<li>Michael Cheika en discussion avec le Racing 92.<\/li>\n<li>Patrice Collazo pourrait voir son contrat prolong\u00e9.<\/li>\n<li>R\u00e9organisation du staff \u00e0 Paris apr\u00e8s le d\u00e9part de Labit.<\/li>\n<li>Changements d&rsquo;entra\u00eeneurs pr\u00e9vus \u00e0 l\u2019Usap et La Rochelle.<\/li>\n<\/ul>\n<p>Alors que le march\u00e9 des entra\u00eeneurs s&rsquo;anime, les \u00e9quipes de Top 14 doivent prendre des d\u00e9cisions strat\u00e9giques. La prolongation de Ghezal \u00e0 Lyon marque un tournant, tandis que le Racing 92 et les clubs parisiens naviguent dans un contexte d&rsquo;incertitude. Les choix effectu\u00e9s dans les prochaines semaines pourraient avoir des r\u00e9percussions significatives sur la saison \u00e0 venir.<\/p>\n","protected":false},"excerpt":{"rendered":"","protected":false},"author":34,"featured_media":15972,"comment_status":"open","ping_status":"open","sticky":false,"template":"","format":"standard","meta":{"_acf_changed":false,"manual_indexmenow":false,"indexmenow_id_project":0,"footnotes":""},"categories":[1],"tags":[4585,4561,4543,4560,4539],"class_list":["post-11820","post","type-post","status-publish","format-standard","has-post-thumbnail","hentry","category-a-la-une","tag-cohesion-dequipe","tag-gestion-des-talents","tag-performance","tag-projet-sportif","tag-top-14","generate-columns","tablet-grid-50","mobile-grid-100","grid-parent","grid-25"],"acf":[],"yoast_head":"<!-- This site is optimized with the Yoast SEO Premium plugin v21.3 (Yoast SEO v26.5) - https:\/\/yoast.com\/wordpress\/plugins\/seo\/ -->\n<title>march\u00e9 des entra\u00eeneurs : prolongation de ghezal \u00e0 lyon<\/title>\n<meta name=\"description\" content=\"Karim Ghezal : un retour en force \u00e0 Lyon Sa prolongation de contrat jusqu&#039;en 2028 t\u00e9moigne de la confiance que lui accordent les dirigeants du club\u2026\" \/>\n<meta name=\"robots\" content=\"index, follow, max-snippet:-1, max-image-preview:large, max-video-preview:-1\" \/>\n<link rel=\"canonical\" href=\"https:\/\/sport-index.fr\/blog\/a-la-une\/marche-des-entraineurs-prolongation-de-ghezal-a-lyon-et-incertitudes-ailleurs\/\" \/>\n<meta property=\"og:locale\" content=\"fr_FR\" \/>\n<meta property=\"og:type\" content=\"article\" \/>\n<meta property=\"og:title\" content=\"march\u00e9 des entra\u00eeneurs : prolongation de ghezal \u00e0 lyon\" \/>\n<meta property=\"og:description\" content=\"Karim Ghezal : un retour en force \u00e0 Lyon Sa prolongation de contrat jusqu&#039;en 2028 t\u00e9moigne de la confiance que lui accordent les dirigeants du club\u2026\" \/>\n<meta property=\"og:url\" content=\"https:\/\/sport-index.fr\/blog\/a-la-une\/marche-des-entraineurs-prolongation-de-ghezal-a-lyon-et-incertitudes-ailleurs\/\" \/>\n<meta property=\"og:site_name\" content=\"sport-index\" \/>\n<meta name=\"author\" content=\"Axel Lauzier\" \/>\n<meta name=\"twitter:card\" content=\"summary_large_image\" \/>\n<script type=\"application\/ld+json\" class=\"yoast-schema-graph\">{\"@context\":\"https:\/\/schema.org\",\"@graph\":[{\"@type\":\"NewsArticle\",\"@id\":\"https:\/\/sport-index.fr\/blog\/a-la-une\/marche-des-entraineurs-prolongation-de-ghezal-a-lyon-et-incertitudes-ailleurs\/#article\",\"isPartOf\":{\"@id\":\"https:\/\/sport-index.fr\/blog\/a-la-une\/marche-des-entraineurs-prolongation-de-ghezal-a-lyon-et-incertitudes-ailleurs\/\"},\"author\":{\"name\":\"Axel Lauzier\",\"@id\":\"https:\/\/sport-index.fr\/blog\/#\/schema\/person\/3c864cdc320801e3db34b663e7e3f816\"},\"headline\":\"march\u00e9 des entra\u00eeneurs : prolongation de ghezal \u00e0 lyon et incertitudes ailleurs\",\"datePublished\":\"2025-03-16T03:45:10+00:00\",\"mainEntityOfPage\":{\"@id\":\"https:\/\/sport-index.fr\/blog\/a-la-une\/marche-des-entraineurs-prolongation-de-ghezal-a-lyon-et-incertitudes-ailleurs\/\"},\"wordCount\":485,\"commentCount\":17,\"publisher\":{\"@id\":\"https:\/\/sport-index.fr\/blog\/#organization\"},\"image\":{\"@id\":\"https:\/\/sport-index.fr\/blog\/a-la-une\/marche-des-entraineurs-prolongation-de-ghezal-a-lyon-et-incertitudes-ailleurs\/#primaryimage\"},\"thumbnailUrl\":\"https:\/\/sport-index.fr\/blog\/wp-content\/uploads\/2025\/05\/sdxl-ca4d8d45efebe23dab700863c09277b5-scaled.png\",\"keywords\":[\"Coh\u00e9sion d'\u00c9quipe\",\"Gestion des Talents\",\"Performance\",\"Projet Sportif\",\"Top 14\"],\"articleSection\":[\"\u00c0 la une\"],\"inLanguage\":\"fr-FR\",\"potentialAction\":[{\"@type\":\"CommentAction\",\"name\":\"Comment\",\"target\":[\"https:\/\/sport-index.fr\/blog\/a-la-une\/marche-des-entraineurs-prolongation-de-ghezal-a-lyon-et-incertitudes-ailleurs\/#respond\"]}]},{\"@type\":\"WebPage\",\"@id\":\"https:\/\/sport-index.fr\/blog\/a-la-une\/marche-des-entraineurs-prolongation-de-ghezal-a-lyon-et-incertitudes-ailleurs\/\",\"url\":\"https:\/\/sport-index.fr\/blog\/a-la-une\/marche-des-entraineurs-prolongation-de-ghezal-a-lyon-et-incertitudes-ailleurs\/\",\"name\":\"march\u00e9 des entra\u00eeneurs : prolongation de ghezal \u00e0 lyon\",\"isPartOf\":{\"@id\":\"https:\/\/sport-index.fr\/blog\/#website\"},\"primaryImageOfPage\":{\"@id\":\"https:\/\/sport-index.fr\/blog\/a-la-une\/marche-des-entraineurs-prolongation-de-ghezal-a-lyon-et-incertitudes-ailleurs\/#primaryimage\"},\"image\":{\"@id\":\"https:\/\/sport-index.fr\/blog\/a-la-une\/marche-des-entraineurs-prolongation-de-ghezal-a-lyon-et-incertitudes-ailleurs\/#primaryimage\"},\"thumbnailUrl\":\"https:\/\/sport-index.fr\/blog\/wp-content\/uploads\/2025\/05\/sdxl-ca4d8d45efebe23dab700863c09277b5-scaled.png\",\"datePublished\":\"2025-03-16T03:45:10+00:00\",\"description\":\"Karim Ghezal : un retour en force \u00e0 Lyon Sa prolongation de contrat jusqu'en 2028 t\u00e9moigne de la confiance que lui accordent les dirigeants du club\u2026\",\"inLanguage\":\"fr-FR\",\"potentialAction\":[{\"@type\":\"ReadAction\",\"target\":[\"https:\/\/sport-index.fr\/blog\/a-la-une\/marche-des-entraineurs-prolongation-de-ghezal-a-lyon-et-incertitudes-ailleurs\/\"]}]},{\"@type\":\"ImageObject\",\"inLanguage\":\"fr-FR\",\"@id\":\"https:\/\/sport-index.fr\/blog\/a-la-une\/marche-des-entraineurs-prolongation-de-ghezal-a-lyon-et-incertitudes-ailleurs\/#primaryimage\",\"url\":\"https:\/\/sport-index.fr\/blog\/wp-content\/uploads\/2025\/05\/sdxl-ca4d8d45efebe23dab700863c09277b5-scaled.png\",\"contentUrl\":\"https:\/\/sport-index.fr\/blog\/wp-content\/uploads\/2025\/05\/sdxl-ca4d8d45efebe23dab700863c09277b5-scaled.png\",\"width\":1200,\"height\":500},{\"@type\":\"WebSite\",\"@id\":\"https:\/\/sport-index.fr\/blog\/#website\",\"url\":\"https:\/\/sport-index.fr\/blog\/\",\"name\":\"sport-index.fr\",\"description\":\"Le score de l\u2019analyse sportive.\",\"publisher\":{\"@id\":\"https:\/\/sport-index.fr\/blog\/#organization\"},\"alternateName\":\"Le score de l\u2019analyse sportive.\",\"potentialAction\":[{\"@type\":\"SearchAction\",\"target\":{\"@type\":\"EntryPoint\",\"urlTemplate\":\"https:\/\/sport-index.fr\/blog\/?s={search_term_string}\"},\"query-input\":{\"@type\":\"PropertyValueSpecification\",\"valueRequired\":true,\"valueName\":\"search_term_string\"}}],\"inLanguage\":\"fr-FR\"},{\"@type\":\"Organization\",\"@id\":\"https:\/\/sport-index.fr\/blog\/#organization\",\"name\":\"Foretsensations.fr\",\"url\":\"https:\/\/sport-index.fr\/blog\/\",\"logo\":{\"@type\":\"ImageObject\",\"inLanguage\":\"fr-FR\",\"@id\":\"https:\/\/sport-index.fr\/blog\/#\/schema\/logo\/image\/\",\"url\":\"https:\/\/sport-index.fr\/blog\/wp-content\/uploads\/2026\/07\/logo-auto.png\",\"contentUrl\":\"https:\/\/sport-index.fr\/blog\/wp-content\/uploads\/2026\/07\/logo-auto.png\",\"width\":1024,\"height\":1024,\"caption\":\"Foretsensations.fr\"},\"image\":{\"@id\":\"https:\/\/sport-index.fr\/blog\/#\/schema\/logo\/image\/\"}},{\"@type\":\"Person\",\"@id\":\"https:\/\/sport-index.fr\/blog\/#\/schema\/person\/3c864cdc320801e3db34b663e7e3f816\",\"name\":\"Axel Lauzier\",\"image\":{\"@type\":\"ImageObject\",\"inLanguage\":\"fr-FR\",\"@id\":\"https:\/\/sport-index.fr\/blog\/#\/schema\/person\/image\/\",\"url\":\"https:\/\/sport-index.fr\/blog\/wp-content\/uploads\/2026\/06\/persona_axel-l-96x96.jpg\",\"contentUrl\":\"https:\/\/sport-index.fr\/blog\/wp-content\/uploads\/2026\/06\/persona_axel-l-96x96.jpg\",\"caption\":\"Axel Lauzier\"},\"description\":\"Le sport rythme mon quotidien depuis l'enfance, et j'en ai fait mon m\u00e9tier d'analyste r\u00e9dactionnel il y a une dizaine d'ann\u00e9es. Je couvre principalement le football, son actualit\u00e9, ses transferts et l'analyse tactique des grandes affiches, mais aussi les disciplines plus confidentielles que j'aime remettre en lumi\u00e8re. Une partie de mon travail porte sur les pronostics et la lecture statistique d'un match : forme des \u00e9quipes, historique des confrontations, compositions, sans jamais vendre de fausse certitude. Je rappelle syst\u00e9matiquement que parier comporte un risque et doit rester un loisir ma\u00eetris\u00e9. Avant de signer une analyse, je v\u00e9rifie mes chiffres, je recoupe les compositions probables et je distingue toujours la donn\u00e9e brute de l'intuition. Mon objectif : offrir une lecture honn\u00eate et argument\u00e9e, pas un ticket gagnant garanti.\",\"sameAs\":[\"https:\/\/axellauzier.fr\/\"],\"url\":\"https:\/\/sport-index.fr\/blog\/auteur\/noname\/\"}]}<\/script>\n<!-- \/ Yoast SEO Premium plugin. -->","yoast_head_json":{"title":"march\u00e9 des entra\u00eeneurs : prolongation de ghezal \u00e0 lyon","description":"Karim Ghezal : un retour en force \u00e0 Lyon Sa prolongation de contrat jusqu'en 2028 t\u00e9moigne de la confiance que lui accordent les dirigeants du club\u2026","robots":{"index":"index","follow":"follow","max-snippet":"max-snippet:-1","max-image-preview":"max-image-preview:large","max-video-preview":"max-video-preview:-1"},"canonical":"https:\/\/sport-index.fr\/blog\/a-la-une\/marche-des-entraineurs-prolongation-de-ghezal-a-lyon-et-incertitudes-ailleurs\/","og_locale":"fr_FR","og_type":"article","og_title":"march\u00e9 des entra\u00eeneurs : prolongation de ghezal \u00e0 lyon","og_description":"Karim Ghezal : un retour en force \u00e0 Lyon Sa prolongation de contrat jusqu'en 2028 t\u00e9moigne de la confiance que lui accordent les dirigeants du club\u2026","og_url":"https:\/\/sport-index.fr\/blog\/a-la-une\/marche-des-entraineurs-prolongation-de-ghezal-a-lyon-et-incertitudes-ailleurs\/","og_site_name":"sport-index","author":"Axel Lauzier","twitter_card":"summary_large_image","schema":{"@context":"https:\/\/schema.org","@graph":[{"@type":"NewsArticle","@id":"https:\/\/sport-index.fr\/blog\/a-la-une\/marche-des-entraineurs-prolongation-de-ghezal-a-lyon-et-incertitudes-ailleurs\/#article","isPartOf":{"@id":"https:\/\/sport-index.fr\/blog\/a-la-une\/marche-des-entraineurs-prolongation-de-ghezal-a-lyon-et-incertitudes-ailleurs\/"},"author":{"name":"Axel Lauzier","@id":"https:\/\/sport-index.fr\/blog\/#\/schema\/person\/3c864cdc320801e3db34b663e7e3f816"},"headline":"march\u00e9 des entra\u00eeneurs : prolongation de ghezal \u00e0 lyon et incertitudes ailleurs","datePublished":"2025-03-16T03:45:10+00:00","mainEntityOfPage":{"@id":"https:\/\/sport-index.fr\/blog\/a-la-une\/marche-des-entraineurs-prolongation-de-ghezal-a-lyon-et-incertitudes-ailleurs\/"},"wordCount":485,"commentCount":17,"publisher":{"@id":"https:\/\/sport-index.fr\/blog\/#organization"},"image":{"@id":"https:\/\/sport-index.fr\/blog\/a-la-une\/marche-des-entraineurs-prolongation-de-ghezal-a-lyon-et-incertitudes-ailleurs\/#primaryimage"},"thumbnailUrl":"https:\/\/sport-index.fr\/blog\/wp-content\/uploads\/2025\/05\/sdxl-ca4d8d45efebe23dab700863c09277b5-scaled.png","keywords":["Coh\u00e9sion d'\u00c9quipe","Gestion des Talents","Performance","Projet Sportif","Top 14"],"articleSection":["\u00c0 la une"],"inLanguage":"fr-FR","potentialAction":[{"@type":"CommentAction","name":"Comment","target":["https:\/\/sport-index.fr\/blog\/a-la-une\/marche-des-entraineurs-prolongation-de-ghezal-a-lyon-et-incertitudes-ailleurs\/#respond"]}]},{"@type":"WebPage","@id":"https:\/\/sport-index.fr\/blog\/a-la-une\/marche-des-entraineurs-prolongation-de-ghezal-a-lyon-et-incertitudes-ailleurs\/","url":"https:\/\/sport-index.fr\/blog\/a-la-une\/marche-des-entraineurs-prolongation-de-ghezal-a-lyon-et-incertitudes-ailleurs\/","name":"march\u00e9 des entra\u00eeneurs : prolongation de ghezal \u00e0 lyon","isPartOf":{"@id":"https:\/\/sport-index.fr\/blog\/#website"},"primaryImageOfPage":{"@id":"https:\/\/sport-index.fr\/blog\/a-la-une\/marche-des-entraineurs-prolongation-de-ghezal-a-lyon-et-incertitudes-ailleurs\/#primaryimage"},"image":{"@id":"https:\/\/sport-index.fr\/blog\/a-la-une\/marche-des-entraineurs-prolongation-de-ghezal-a-lyon-et-incertitudes-ailleurs\/#primaryimage"},"thumbnailUrl":"https:\/\/sport-index.fr\/blog\/wp-content\/uploads\/2025\/05\/sdxl-ca4d8d45efebe23dab700863c09277b5-scaled.png","datePublished":"2025-03-16T03:45:10+00:00","description":"Karim Ghezal : un retour en force \u00e0 Lyon Sa prolongation de contrat jusqu'en 2028 t\u00e9moigne de la confiance que lui accordent les dirigeants du club\u2026","inLanguage":"fr-FR","potentialAction":[{"@type":"ReadAction","target":["https:\/\/sport-index.fr\/blog\/a-la-une\/marche-des-entraineurs-prolongation-de-ghezal-a-lyon-et-incertitudes-ailleurs\/"]}]},{"@type":"ImageObject","inLanguage":"fr-FR","@id":"https:\/\/sport-index.fr\/blog\/a-la-une\/marche-des-entraineurs-prolongation-de-ghezal-a-lyon-et-incertitudes-ailleurs\/#primaryimage","url":"https:\/\/sport-index.fr\/blog\/wp-content\/uploads\/2025\/05\/sdxl-ca4d8d45efebe23dab700863c09277b5-scaled.png","contentUrl":"https:\/\/sport-index.fr\/blog\/wp-content\/uploads\/2025\/05\/sdxl-ca4d8d45efebe23dab700863c09277b5-scaled.png","width":1200,"height":500},{"@type":"WebSite","@id":"https:\/\/sport-index.fr\/blog\/#website","url":"https:\/\/sport-index.fr\/blog\/","name":"sport-index.fr","description":"Le score de l\u2019analyse sportive.","publisher":{"@id":"https:\/\/sport-index.fr\/blog\/#organization"},"alternateName":"Le score de l\u2019analyse sportive.","potentialAction":[{"@type":"SearchAction","target":{"@type":"EntryPoint","urlTemplate":"https:\/\/sport-index.fr\/blog\/?s={search_term_string}"},"query-input":{"@type":"PropertyValueSpecification","valueRequired":true,"valueName":"search_term_string"}}],"inLanguage":"fr-FR"},{"@type":"Organization","@id":"https:\/\/sport-index.fr\/blog\/#organization","name":"Foretsensations.fr","url":"https:\/\/sport-index.fr\/blog\/","logo":{"@type":"ImageObject","inLanguage":"fr-FR","@id":"https:\/\/sport-index.fr\/blog\/#\/schema\/logo\/image\/","url":"https:\/\/sport-index.fr\/blog\/wp-content\/uploads\/2026\/07\/logo-auto.png","contentUrl":"https:\/\/sport-index.fr\/blog\/wp-content\/uploads\/2026\/07\/logo-auto.png","width":1024,"height":1024,"caption":"Foretsensations.fr"},"image":{"@id":"https:\/\/sport-index.fr\/blog\/#\/schema\/logo\/image\/"}},{"@type":"Person","@id":"https:\/\/sport-index.fr\/blog\/#\/schema\/person\/3c864cdc320801e3db34b663e7e3f816","name":"Axel Lauzier","image":{"@type":"ImageObject","inLanguage":"fr-FR","@id":"https:\/\/sport-index.fr\/blog\/#\/schema\/person\/image\/","url":"https:\/\/sport-index.fr\/blog\/wp-content\/uploads\/2026\/06\/persona_axel-l-96x96.jpg","contentUrl":"https:\/\/sport-index.fr\/blog\/wp-content\/uploads\/2026\/06\/persona_axel-l-96x96.jpg","caption":"Axel Lauzier"},"description":"Le sport rythme mon quotidien depuis l'enfance, et j'en ai fait mon m\u00e9tier d'analyste r\u00e9dactionnel il y a une dizaine d'ann\u00e9es. Je couvre principalement le football, son actualit\u00e9, ses transferts et l'analyse tactique des grandes affiches, mais aussi les disciplines plus confidentielles que j'aime remettre en lumi\u00e8re. Une partie de mon travail porte sur les pronostics et la lecture statistique d'un match : forme des \u00e9quipes, historique des confrontations, compositions, sans jamais vendre de fausse certitude. Je rappelle syst\u00e9matiquement que parier comporte un risque et doit rester un loisir ma\u00eetris\u00e9. Avant de signer une analyse, je v\u00e9rifie mes chiffres, je recoupe les compositions probables et je distingue toujours la donn\u00e9e brute de l'intuition. Mon objectif : offrir une lecture honn\u00eate et argument\u00e9e, pas un ticket gagnant garanti.","sameAs":["https:\/\/axellauzier.fr\/"],"url":"https:\/\/sport-index.fr\/blog\/auteur\/noname\/"}]}},"_links":{"self":[{"href":"https:\/\/sport-index.fr\/blog\/wp-json\/wp\/v2\/posts\/11820","targetHints":{"allow":["GET"]}}],"collection":[{"href":"https:\/\/sport-index.fr\/blog\/wp-json\/wp\/v2\/posts"}],"about":[{"href":"https:\/\/sport-index.fr\/blog\/wp-json\/wp\/v2\/types\/post"}],"author":[{"embeddable":true,"href":"https:\/\/sport-index.fr\/blog\/wp-json\/wp\/v2\/users\/34"}],"replies":[{"embeddable":true,"href":"https:\/\/sport-index.fr\/blog\/wp-json\/wp\/v2\/comments?post=11820"}],"version-history":[{"count":1,"href":"https:\/\/sport-index.fr\/blog\/wp-json\/wp\/v2\/posts\/11820\/revisions"}],"predecessor-version":[{"id":11960,"href":"https:\/\/sport-index.fr\/blog\/wp-json\/wp\/v2\/posts\/11820\/revisions\/11960"}],"wp:featuredmedia":[{"embeddable":true,"href":"https:\/\/sport-index.fr\/blog\/wp-json\/wp\/v2\/media\/15972"}],"wp:attachment":[{"href":"https:\/\/sport-index.fr\/blog\/wp-json\/wp\/v2\/media?parent=11820"}],"wp:term":[{"taxonomy":"category","embeddable":true,"href":"https:\/\/sport-index.fr\/blog\/wp-json\/wp\/v2\/categories?post=11820"},{"taxonomy":"post_tag","embeddable":true,"href":"https:\/\/sport-index.fr\/blog\/wp-json\/wp\/v2\/tags?post=11820"}],"curies":[{"name":"wp","href":"https:\/\/api.w.org\/{rel}","templated":true}]}}