{"id":11825,"date":"2025-03-14T18:47:31","date_gmt":"2025-03-14T17:47:31","guid":{"rendered":"https:\/\/sport-index.fr\/blog\/?p=11825"},"modified":"2025-03-14T18:47:31","modified_gmt":"2025-03-14T17:47:31","slug":"changement-de-parcours-pour-la-7e-etape-de-paris-nice-ce-que-cela-signifie-pour-les-coureurs","status":"publish","type":"post","link":"https:\/\/sport-index.fr\/blog\/a-la-une\/changement-de-parcours-pour-la-7e-etape-de-paris-nice-ce-que-cela-signifie-pour-les-coureurs\/","title":{"rendered":"Changement de parcours pour la 7e \u00e9tape de Paris-Nice : Ce que cela signifie pour les coureurs"},"content":{"rendered":"<h2>Un parcours modifi\u00e9 pour des conditions difficiles<\/h2>\n<p>La 7e \u00e9tape de Paris-Nice, qui relie Nice \u00e0 Auron sur une distance de 109,3 km, a r\u00e9cemment \u00e9t\u00e9 modifi\u00e9e en raison de pr\u00e9visions m\u00e9t\u00e9orologiques jug\u00e9es \u00ab\u00a0difficiles\u00a0\u00bb. La mont\u00e9e de La Colmiane, initialement pr\u00e9vue, a \u00e9t\u00e9 supprim\u00e9e pour des raisons de s\u00e9curit\u00e9. Thierry Gouvenou, un des responsables de la course, a d\u00e9clar\u00e9 que cette d\u00e9cision visait \u00e0 anticiper un \u00e9ventuel \u00ab\u00a0mouvement d&rsquo;humeur\u00a0\u00bb des coureurs face aux conditions climatiques.<\/p>\n<p>Ce changement a suscit\u00e9 diverses r\u00e9actions au sein du peloton. Certains cyclistes craignent que l&rsquo;absence de La Colmiane n&rsquo;affecte l&rsquo;issue de la course, tandis que d&rsquo;autres comprennent la n\u00e9cessit\u00e9 de garantir la s\u00e9curit\u00e9 de tous. L&rsquo;\u00e9preuve, connue sous le nom de \u00ab\u00a0course au soleil\u00a0\u00bb, se poursuivra jusqu&rsquo;\u00e0 dimanche sous la surveillance des cha\u00eenes Eurosport.<\/p>\n<h2>Les implications pour les coureurs et les \u00e9quipes<\/h2>\n<p>Le retrait de La Colmiane pourrait avoir des cons\u00e9quences significatives sur la strat\u00e9gie des \u00e9quipes. Les coureurs devront repenser leur approche pour cette \u00e9tape, notamment en fonction des nouveaux d\u00e9fis qui se pr\u00e9sentent. Cette situation pourrait favoriser certains coureurs qui excellent dans des conditions moins escarp\u00e9es.<\/p>\n<p>De plus, les \u00e9quipes doivent d\u00e9sormais ajuster leurs tactiques en fonction des nouvelles ascensions et descentes. Chaque minute compte dans ce type de comp\u00e9tition, et un changement de parcours peut bouleverser l&rsquo;ordre pr\u00e9vu des leaders. Les directeurs sportifs sont donc en \u00e9moi, cherchant \u00e0 maximiser les opportunit\u00e9s offertes par ce nouveau trac\u00e9.<\/p>\n<h2>Une d\u00e9cision controvers\u00e9e mais n\u00e9cessaire<\/h2>\n<p>La d\u00e9cision de modifier le parcours a \u00e9t\u00e9 prise apr\u00e8s des consultations approfondies, mais elle n&rsquo;est pas sans controverse. Certains estiment que la direction aurait d\u00fb maintenir La Colmiane, consid\u00e9r\u00e9e comme un passage embl\u00e9matique de cette \u00e9tape. D&rsquo;autres, en revanche, saluent cette prudence, arguant que la s\u00e9curit\u00e9 des coureurs doit primer sur le spectacle.<\/p>\n<blockquote><p>\n\u00ab\u00a0On a anticip\u00e9, peut-\u00eatre, un mouvement d&rsquo;humeur\u00a0\u00bb, a d\u00e9clar\u00e9 Thierry Gouvenou.\n<\/p><\/blockquote>\n<p>Cette citation illustre bien le dilemme auquel sont confront\u00e9s les organisateurs : \u00e9quilibrer l&rsquo;adr\u00e9naline de la course avec la n\u00e9cessit\u00e9 de pr\u00e9server la s\u00e9curit\u00e9 des coureurs. La gestion des al\u00e9as climatiques est un enjeu de taille dans le monde du cyclisme.<\/p>\n<p><iframe loading=\"lazy\" title=\"Paris Nice 2022 Etape 7 R\u00e9sum\u00e9\" width=\"1200\" height=\"675\" src=\"https:\/\/www.youtube.com\/embed\/DTYPKsWIveM?feature=oembed\" frameborder=\"0\" allow=\"accelerometer; autoplay; clipboard-write; encrypted-media; gyroscope; picture-in-picture; web-share\" referrerpolicy=\"strict-origin-when-cross-origin\" allowfullscreen><\/iframe><\/p>\n<h2>Les autres d\u00e9fis du parcours de Paris-Nice<\/h2>\n<p>Le parcours de Paris-Nice est r\u00e9put\u00e9 pour ses d\u00e9fis vari\u00e9s, allant des c\u00f4tes abruptes aux descentes techniques. Les coureurs doivent constamment s&rsquo;adapter aux diff\u00e9rents terrains et conditions climatiques. Les \u00e9quipes doivent \u00e9galement prendre en compte les aspects strat\u00e9giques, comme la gestion de l\u2019\u00e9nergie et le choix des moments pour attaquer.<\/p>\n<p>Voici quelques points cl\u00e9s concernant le parcours modifi\u00e9 :<\/p>\n<ul>\n<li>Suppression de La Colmiane<\/li>\n<li>Nouvelles ascensions \u00e0 g\u00e9rer<\/li>\n<li>Conditions m\u00e9t\u00e9orologiques difficiles attendues<\/li>\n<li>Impact sur les strat\u00e9gies des \u00e9quipes<\/li>\n<li>R\u00e9actions mitig\u00e9es des coureurs<\/li>\n<\/ul>\n<p>Le parcours de Paris-Nice reste complexe et exigeant, et cette modification ne fera qu&rsquo;ajouter une autre couche de strat\u00e9gie \u00e0 cette comp\u00e9tition l\u00e9gendaire. Les coureurs devront faire preuve d&rsquo;une grande r\u00e9silience pour surmonter ces nouveaux d\u00e9fis.<\/p>\n","protected":false},"excerpt":{"rendered":"","protected":false},"author":34,"featured_media":15653,"comment_status":"open","ping_status":"open","sticky":false,"template":"","format":"standard","meta":{"_acf_changed":false,"manual_indexmenow":false,"indexmenow_id_project":0,"footnotes":""},"categories":[1],"tags":[4559,4561,4543,4885,4408],"class_list":["post-11825","post","type-post","status-publish","format-standard","has-post-thumbnail","hentry","category-a-la-une","tag-cyclisme","tag-gestion-des-talents","tag-performance","tag-preparation-mentale","tag-resilience","generate-columns","tablet-grid-50","mobile-grid-100","grid-parent","grid-25"],"acf":[],"yoast_head":"<!-- This site is optimized with the Yoast SEO Premium plugin v21.3 (Yoast SEO v26.5) - https:\/\/yoast.com\/wordpress\/plugins\/seo\/ -->\n<title>Changement de parcours pour la 7e \u00e9tape de Paris-Nice : Ce<\/title>\n<meta name=\"description\" content=\"Un parcours modifi\u00e9 pour des conditions difficiles La 7e \u00e9tape de Paris-Nice, qui relie Nice \u00e0 Auron sur une distance de 109,3 km, a r\u00e9cemment \u00e9t\u00e9\u2026\" \/>\n<meta name=\"robots\" content=\"index, follow, max-snippet:-1, max-image-preview:large, max-video-preview:-1\" \/>\n<link rel=\"canonical\" href=\"https:\/\/sport-index.fr\/blog\/a-la-une\/changement-de-parcours-pour-la-7e-etape-de-paris-nice-ce-que-cela-signifie-pour-les-coureurs\/\" \/>\n<meta property=\"og:locale\" content=\"fr_FR\" \/>\n<meta property=\"og:type\" content=\"article\" \/>\n<meta property=\"og:title\" content=\"Changement de parcours pour la 7e \u00e9tape de Paris-Nice : Ce\" \/>\n<meta property=\"og:description\" content=\"Un parcours modifi\u00e9 pour des conditions difficiles La 7e \u00e9tape de Paris-Nice, qui relie Nice \u00e0 Auron sur une distance de 109,3 km, a r\u00e9cemment \u00e9t\u00e9\u2026\" \/>\n<meta property=\"og:url\" content=\"https:\/\/sport-index.fr\/blog\/a-la-une\/changement-de-parcours-pour-la-7e-etape-de-paris-nice-ce-que-cela-signifie-pour-les-coureurs\/\" \/>\n<meta property=\"og:site_name\" content=\"sport-index\" \/>\n<meta name=\"author\" content=\"Axel Lauzier\" \/>\n<meta name=\"twitter:card\" content=\"summary_large_image\" \/>\n<script type=\"application\/ld+json\" class=\"yoast-schema-graph\">{\"@context\":\"https:\/\/schema.org\",\"@graph\":[{\"@type\":\"NewsArticle\",\"@id\":\"https:\/\/sport-index.fr\/blog\/a-la-une\/changement-de-parcours-pour-la-7e-etape-de-paris-nice-ce-que-cela-signifie-pour-les-coureurs\/#article\",\"isPartOf\":{\"@id\":\"https:\/\/sport-index.fr\/blog\/a-la-une\/changement-de-parcours-pour-la-7e-etape-de-paris-nice-ce-que-cela-signifie-pour-les-coureurs\/\"},\"author\":{\"name\":\"Axel Lauzier\",\"@id\":\"https:\/\/sport-index.fr\/blog\/#\/schema\/person\/3c864cdc320801e3db34b663e7e3f816\"},\"headline\":\"Changement de parcours pour la 7e \u00e9tape de Paris-Nice : Ce que cela signifie pour les coureurs\",\"datePublished\":\"2025-03-14T17:47:31+00:00\",\"mainEntityOfPage\":{\"@id\":\"https:\/\/sport-index.fr\/blog\/a-la-une\/changement-de-parcours-pour-la-7e-etape-de-paris-nice-ce-que-cela-signifie-pour-les-coureurs\/\"},\"wordCount\":558,\"commentCount\":18,\"publisher\":{\"@id\":\"https:\/\/sport-index.fr\/blog\/#organization\"},\"image\":{\"@id\":\"https:\/\/sport-index.fr\/blog\/a-la-une\/changement-de-parcours-pour-la-7e-etape-de-paris-nice-ce-que-cela-signifie-pour-les-coureurs\/#primaryimage\"},\"thumbnailUrl\":\"https:\/\/sport-index.fr\/blog\/wp-content\/uploads\/2025\/05\/sdxl-6496c63bbc4af0345e378a6b943f8057-scaled.png\",\"keywords\":[\"Cyclisme\",\"Gestion des Talents\",\"Performance\",\"Pr\u00e9paration Mentale\",\"R\u00e9silience\"],\"articleSection\":[\"\u00c0 la une\"],\"inLanguage\":\"fr-FR\",\"potentialAction\":[{\"@type\":\"CommentAction\",\"name\":\"Comment\",\"target\":[\"https:\/\/sport-index.fr\/blog\/a-la-une\/changement-de-parcours-pour-la-7e-etape-de-paris-nice-ce-que-cela-signifie-pour-les-coureurs\/#respond\"]}]},{\"@type\":\"WebPage\",\"@id\":\"https:\/\/sport-index.fr\/blog\/a-la-une\/changement-de-parcours-pour-la-7e-etape-de-paris-nice-ce-que-cela-signifie-pour-les-coureurs\/\",\"url\":\"https:\/\/sport-index.fr\/blog\/a-la-une\/changement-de-parcours-pour-la-7e-etape-de-paris-nice-ce-que-cela-signifie-pour-les-coureurs\/\",\"name\":\"Changement de parcours pour la 7e \u00e9tape de Paris-Nice : Ce\",\"isPartOf\":{\"@id\":\"https:\/\/sport-index.fr\/blog\/#website\"},\"primaryImageOfPage\":{\"@id\":\"https:\/\/sport-index.fr\/blog\/a-la-une\/changement-de-parcours-pour-la-7e-etape-de-paris-nice-ce-que-cela-signifie-pour-les-coureurs\/#primaryimage\"},\"image\":{\"@id\":\"https:\/\/sport-index.fr\/blog\/a-la-une\/changement-de-parcours-pour-la-7e-etape-de-paris-nice-ce-que-cela-signifie-pour-les-coureurs\/#primaryimage\"},\"thumbnailUrl\":\"https:\/\/sport-index.fr\/blog\/wp-content\/uploads\/2025\/05\/sdxl-6496c63bbc4af0345e378a6b943f8057-scaled.png\",\"datePublished\":\"2025-03-14T17:47:31+00:00\",\"description\":\"Un parcours modifi\u00e9 pour des conditions difficiles La 7e \u00e9tape de Paris-Nice, qui relie Nice \u00e0 Auron sur une distance de 109,3 km, a r\u00e9cemment \u00e9t\u00e9\u2026\",\"inLanguage\":\"fr-FR\",\"potentialAction\":[{\"@type\":\"ReadAction\",\"target\":[\"https:\/\/sport-index.fr\/blog\/a-la-une\/changement-de-parcours-pour-la-7e-etape-de-paris-nice-ce-que-cela-signifie-pour-les-coureurs\/\"]}]},{\"@type\":\"ImageObject\",\"inLanguage\":\"fr-FR\",\"@id\":\"https:\/\/sport-index.fr\/blog\/a-la-une\/changement-de-parcours-pour-la-7e-etape-de-paris-nice-ce-que-cela-signifie-pour-les-coureurs\/#primaryimage\",\"url\":\"https:\/\/sport-index.fr\/blog\/wp-content\/uploads\/2025\/05\/sdxl-6496c63bbc4af0345e378a6b943f8057-scaled.png\",\"contentUrl\":\"https:\/\/sport-index.fr\/blog\/wp-content\/uploads\/2025\/05\/sdxl-6496c63bbc4af0345e378a6b943f8057-scaled.png\",\"width\":1200,\"height\":500},{\"@type\":\"WebSite\",\"@id\":\"https:\/\/sport-index.fr\/blog\/#website\",\"url\":\"https:\/\/sport-index.fr\/blog\/\",\"name\":\"sport-index.fr\",\"description\":\"Le score de l\u2019analyse sportive.\",\"publisher\":{\"@id\":\"https:\/\/sport-index.fr\/blog\/#organization\"},\"alternateName\":\"Le score de l\u2019analyse sportive.\",\"potentialAction\":[{\"@type\":\"SearchAction\",\"target\":{\"@type\":\"EntryPoint\",\"urlTemplate\":\"https:\/\/sport-index.fr\/blog\/?s={search_term_string}\"},\"query-input\":{\"@type\":\"PropertyValueSpecification\",\"valueRequired\":true,\"valueName\":\"search_term_string\"}}],\"inLanguage\":\"fr-FR\"},{\"@type\":\"Organization\",\"@id\":\"https:\/\/sport-index.fr\/blog\/#organization\",\"name\":\"Foretsensations.fr\",\"url\":\"https:\/\/sport-index.fr\/blog\/\",\"logo\":{\"@type\":\"ImageObject\",\"inLanguage\":\"fr-FR\",\"@id\":\"https:\/\/sport-index.fr\/blog\/#\/schema\/logo\/image\/\",\"url\":\"https:\/\/sport-index.fr\/blog\/wp-content\/uploads\/2026\/07\/logo-auto.png\",\"contentUrl\":\"https:\/\/sport-index.fr\/blog\/wp-content\/uploads\/2026\/07\/logo-auto.png\",\"width\":1024,\"height\":1024,\"caption\":\"Foretsensations.fr\"},\"image\":{\"@id\":\"https:\/\/sport-index.fr\/blog\/#\/schema\/logo\/image\/\"}},{\"@type\":\"Person\",\"@id\":\"https:\/\/sport-index.fr\/blog\/#\/schema\/person\/3c864cdc320801e3db34b663e7e3f816\",\"name\":\"Axel Lauzier\",\"image\":{\"@type\":\"ImageObject\",\"inLanguage\":\"fr-FR\",\"@id\":\"https:\/\/sport-index.fr\/blog\/#\/schema\/person\/image\/\",\"url\":\"https:\/\/sport-index.fr\/blog\/wp-content\/uploads\/2026\/06\/persona_axel-l-96x96.jpg\",\"contentUrl\":\"https:\/\/sport-index.fr\/blog\/wp-content\/uploads\/2026\/06\/persona_axel-l-96x96.jpg\",\"caption\":\"Axel Lauzier\"},\"description\":\"Le sport rythme mon quotidien depuis l'enfance, et j'en ai fait mon m\u00e9tier d'analyste r\u00e9dactionnel il y a une dizaine d'ann\u00e9es. Je couvre principalement le football, son actualit\u00e9, ses transferts et l'analyse tactique des grandes affiches, mais aussi les disciplines plus confidentielles que j'aime remettre en lumi\u00e8re. Une partie de mon travail porte sur les pronostics et la lecture statistique d'un match : forme des \u00e9quipes, historique des confrontations, compositions, sans jamais vendre de fausse certitude. Je rappelle syst\u00e9matiquement que parier comporte un risque et doit rester un loisir ma\u00eetris\u00e9. Avant de signer une analyse, je v\u00e9rifie mes chiffres, je recoupe les compositions probables et je distingue toujours la donn\u00e9e brute de l'intuition. Mon objectif : offrir une lecture honn\u00eate et argument\u00e9e, pas un ticket gagnant garanti.\",\"sameAs\":[\"https:\/\/axellauzier.fr\/\"],\"url\":\"https:\/\/sport-index.fr\/blog\/auteur\/noname\/\"}]}<\/script>\n<!-- \/ Yoast SEO Premium plugin. -->","yoast_head_json":{"title":"Changement de parcours pour la 7e \u00e9tape de Paris-Nice : Ce","description":"Un parcours modifi\u00e9 pour des conditions difficiles La 7e \u00e9tape de Paris-Nice, qui relie Nice \u00e0 Auron sur une distance de 109,3 km, a r\u00e9cemment \u00e9t\u00e9\u2026","robots":{"index":"index","follow":"follow","max-snippet":"max-snippet:-1","max-image-preview":"max-image-preview:large","max-video-preview":"max-video-preview:-1"},"canonical":"https:\/\/sport-index.fr\/blog\/a-la-une\/changement-de-parcours-pour-la-7e-etape-de-paris-nice-ce-que-cela-signifie-pour-les-coureurs\/","og_locale":"fr_FR","og_type":"article","og_title":"Changement de parcours pour la 7e \u00e9tape de Paris-Nice : Ce","og_description":"Un parcours modifi\u00e9 pour des conditions difficiles La 7e \u00e9tape de Paris-Nice, qui relie Nice \u00e0 Auron sur une distance de 109,3 km, a r\u00e9cemment \u00e9t\u00e9\u2026","og_url":"https:\/\/sport-index.fr\/blog\/a-la-une\/changement-de-parcours-pour-la-7e-etape-de-paris-nice-ce-que-cela-signifie-pour-les-coureurs\/","og_site_name":"sport-index","author":"Axel Lauzier","twitter_card":"summary_large_image","schema":{"@context":"https:\/\/schema.org","@graph":[{"@type":"NewsArticle","@id":"https:\/\/sport-index.fr\/blog\/a-la-une\/changement-de-parcours-pour-la-7e-etape-de-paris-nice-ce-que-cela-signifie-pour-les-coureurs\/#article","isPartOf":{"@id":"https:\/\/sport-index.fr\/blog\/a-la-une\/changement-de-parcours-pour-la-7e-etape-de-paris-nice-ce-que-cela-signifie-pour-les-coureurs\/"},"author":{"name":"Axel Lauzier","@id":"https:\/\/sport-index.fr\/blog\/#\/schema\/person\/3c864cdc320801e3db34b663e7e3f816"},"headline":"Changement de parcours pour la 7e \u00e9tape de Paris-Nice : Ce que cela signifie pour les coureurs","datePublished":"2025-03-14T17:47:31+00:00","mainEntityOfPage":{"@id":"https:\/\/sport-index.fr\/blog\/a-la-une\/changement-de-parcours-pour-la-7e-etape-de-paris-nice-ce-que-cela-signifie-pour-les-coureurs\/"},"wordCount":558,"commentCount":18,"publisher":{"@id":"https:\/\/sport-index.fr\/blog\/#organization"},"image":{"@id":"https:\/\/sport-index.fr\/blog\/a-la-une\/changement-de-parcours-pour-la-7e-etape-de-paris-nice-ce-que-cela-signifie-pour-les-coureurs\/#primaryimage"},"thumbnailUrl":"https:\/\/sport-index.fr\/blog\/wp-content\/uploads\/2025\/05\/sdxl-6496c63bbc4af0345e378a6b943f8057-scaled.png","keywords":["Cyclisme","Gestion des Talents","Performance","Pr\u00e9paration Mentale","R\u00e9silience"],"articleSection":["\u00c0 la une"],"inLanguage":"fr-FR","potentialAction":[{"@type":"CommentAction","name":"Comment","target":["https:\/\/sport-index.fr\/blog\/a-la-une\/changement-de-parcours-pour-la-7e-etape-de-paris-nice-ce-que-cela-signifie-pour-les-coureurs\/#respond"]}]},{"@type":"WebPage","@id":"https:\/\/sport-index.fr\/blog\/a-la-une\/changement-de-parcours-pour-la-7e-etape-de-paris-nice-ce-que-cela-signifie-pour-les-coureurs\/","url":"https:\/\/sport-index.fr\/blog\/a-la-une\/changement-de-parcours-pour-la-7e-etape-de-paris-nice-ce-que-cela-signifie-pour-les-coureurs\/","name":"Changement de parcours pour la 7e \u00e9tape de Paris-Nice : Ce","isPartOf":{"@id":"https:\/\/sport-index.fr\/blog\/#website"},"primaryImageOfPage":{"@id":"https:\/\/sport-index.fr\/blog\/a-la-une\/changement-de-parcours-pour-la-7e-etape-de-paris-nice-ce-que-cela-signifie-pour-les-coureurs\/#primaryimage"},"image":{"@id":"https:\/\/sport-index.fr\/blog\/a-la-une\/changement-de-parcours-pour-la-7e-etape-de-paris-nice-ce-que-cela-signifie-pour-les-coureurs\/#primaryimage"},"thumbnailUrl":"https:\/\/sport-index.fr\/blog\/wp-content\/uploads\/2025\/05\/sdxl-6496c63bbc4af0345e378a6b943f8057-scaled.png","datePublished":"2025-03-14T17:47:31+00:00","description":"Un parcours modifi\u00e9 pour des conditions difficiles La 7e \u00e9tape de Paris-Nice, qui relie Nice \u00e0 Auron sur une distance de 109,3 km, a r\u00e9cemment \u00e9t\u00e9\u2026","inLanguage":"fr-FR","potentialAction":[{"@type":"ReadAction","target":["https:\/\/sport-index.fr\/blog\/a-la-une\/changement-de-parcours-pour-la-7e-etape-de-paris-nice-ce-que-cela-signifie-pour-les-coureurs\/"]}]},{"@type":"ImageObject","inLanguage":"fr-FR","@id":"https:\/\/sport-index.fr\/blog\/a-la-une\/changement-de-parcours-pour-la-7e-etape-de-paris-nice-ce-que-cela-signifie-pour-les-coureurs\/#primaryimage","url":"https:\/\/sport-index.fr\/blog\/wp-content\/uploads\/2025\/05\/sdxl-6496c63bbc4af0345e378a6b943f8057-scaled.png","contentUrl":"https:\/\/sport-index.fr\/blog\/wp-content\/uploads\/2025\/05\/sdxl-6496c63bbc4af0345e378a6b943f8057-scaled.png","width":1200,"height":500},{"@type":"WebSite","@id":"https:\/\/sport-index.fr\/blog\/#website","url":"https:\/\/sport-index.fr\/blog\/","name":"sport-index.fr","description":"Le score de l\u2019analyse sportive.","publisher":{"@id":"https:\/\/sport-index.fr\/blog\/#organization"},"alternateName":"Le score de l\u2019analyse sportive.","potentialAction":[{"@type":"SearchAction","target":{"@type":"EntryPoint","urlTemplate":"https:\/\/sport-index.fr\/blog\/?s={search_term_string}"},"query-input":{"@type":"PropertyValueSpecification","valueRequired":true,"valueName":"search_term_string"}}],"inLanguage":"fr-FR"},{"@type":"Organization","@id":"https:\/\/sport-index.fr\/blog\/#organization","name":"Foretsensations.fr","url":"https:\/\/sport-index.fr\/blog\/","logo":{"@type":"ImageObject","inLanguage":"fr-FR","@id":"https:\/\/sport-index.fr\/blog\/#\/schema\/logo\/image\/","url":"https:\/\/sport-index.fr\/blog\/wp-content\/uploads\/2026\/07\/logo-auto.png","contentUrl":"https:\/\/sport-index.fr\/blog\/wp-content\/uploads\/2026\/07\/logo-auto.png","width":1024,"height":1024,"caption":"Foretsensations.fr"},"image":{"@id":"https:\/\/sport-index.fr\/blog\/#\/schema\/logo\/image\/"}},{"@type":"Person","@id":"https:\/\/sport-index.fr\/blog\/#\/schema\/person\/3c864cdc320801e3db34b663e7e3f816","name":"Axel Lauzier","image":{"@type":"ImageObject","inLanguage":"fr-FR","@id":"https:\/\/sport-index.fr\/blog\/#\/schema\/person\/image\/","url":"https:\/\/sport-index.fr\/blog\/wp-content\/uploads\/2026\/06\/persona_axel-l-96x96.jpg","contentUrl":"https:\/\/sport-index.fr\/blog\/wp-content\/uploads\/2026\/06\/persona_axel-l-96x96.jpg","caption":"Axel Lauzier"},"description":"Le sport rythme mon quotidien depuis l'enfance, et j'en ai fait mon m\u00e9tier d'analyste r\u00e9dactionnel il y a une dizaine d'ann\u00e9es. Je couvre principalement le football, son actualit\u00e9, ses transferts et l'analyse tactique des grandes affiches, mais aussi les disciplines plus confidentielles que j'aime remettre en lumi\u00e8re. Une partie de mon travail porte sur les pronostics et la lecture statistique d'un match : forme des \u00e9quipes, historique des confrontations, compositions, sans jamais vendre de fausse certitude. Je rappelle syst\u00e9matiquement que parier comporte un risque et doit rester un loisir ma\u00eetris\u00e9. Avant de signer une analyse, je v\u00e9rifie mes chiffres, je recoupe les compositions probables et je distingue toujours la donn\u00e9e brute de l'intuition. Mon objectif : offrir une lecture honn\u00eate et argument\u00e9e, pas un ticket gagnant garanti.","sameAs":["https:\/\/axellauzier.fr\/"],"url":"https:\/\/sport-index.fr\/blog\/auteur\/noname\/"}]}},"_links":{"self":[{"href":"https:\/\/sport-index.fr\/blog\/wp-json\/wp\/v2\/posts\/11825","targetHints":{"allow":["GET"]}}],"collection":[{"href":"https:\/\/sport-index.fr\/blog\/wp-json\/wp\/v2\/posts"}],"about":[{"href":"https:\/\/sport-index.fr\/blog\/wp-json\/wp\/v2\/types\/post"}],"author":[{"embeddable":true,"href":"https:\/\/sport-index.fr\/blog\/wp-json\/wp\/v2\/users\/34"}],"replies":[{"embeddable":true,"href":"https:\/\/sport-index.fr\/blog\/wp-json\/wp\/v2\/comments?post=11825"}],"version-history":[{"count":1,"href":"https:\/\/sport-index.fr\/blog\/wp-json\/wp\/v2\/posts\/11825\/revisions"}],"predecessor-version":[{"id":11850,"href":"https:\/\/sport-index.fr\/blog\/wp-json\/wp\/v2\/posts\/11825\/revisions\/11850"}],"wp:featuredmedia":[{"embeddable":true,"href":"https:\/\/sport-index.fr\/blog\/wp-json\/wp\/v2\/media\/15653"}],"wp:attachment":[{"href":"https:\/\/sport-index.fr\/blog\/wp-json\/wp\/v2\/media?parent=11825"}],"wp:term":[{"taxonomy":"category","embeddable":true,"href":"https:\/\/sport-index.fr\/blog\/wp-json\/wp\/v2\/categories?post=11825"},{"taxonomy":"post_tag","embeddable":true,"href":"https:\/\/sport-index.fr\/blog\/wp-json\/wp\/v2\/tags?post=11825"}],"curies":[{"name":"wp","href":"https:\/\/api.w.org\/{rel}","templated":true}]}}