{"id":11830,"date":"2025-03-16T06:12:04","date_gmt":"2025-03-16T05:12:04","guid":{"rendered":"https:\/\/sport-index.fr\/blog\/?p=11830"},"modified":"2025-03-14T14:57:25","modified_gmt":"2025-03-14T13:57:25","slug":"revivez-les-moments-forts-de-thomas-ramos-lors-du-tournoi-des-6-nations-2025","status":"publish","type":"post","link":"https:\/\/sport-index.fr\/blog\/a-la-une\/revivez-les-moments-forts-de-thomas-ramos-lors-du-tournoi-des-6-nations-2025\/","title":{"rendered":"Revivez les moments forts de Thomas Ramos lors du Tournoi des 6 Nations 2025"},"content":{"rendered":"<p>En tant que buteur talentueux, il a partag\u00e9 ses souvenirs les plus marquants, allant des premiers succ\u00e8s aux moments de frustration. Voici un aper\u00e7u de son parcours et de ses coups de pied embl\u00e9matiques.<\/p>\n<h2>Des d\u00e9buts marquants<\/h2>\n<p>Le premier coup de pied de Thomas Ramos avec l&rsquo;\u00e9quipe de France reste grav\u00e9 dans sa m\u00e9moire. Lors de son match contre l&rsquo;\u00c9cosse en 2019, il a inscrit ses premiers points, une exp\u00e9rience \u00e0 la fois exaltante et stressante. Ce moment, bien qu&rsquo;il ait \u00e9t\u00e9 un peu frustrant, a marqu\u00e9 le d\u00e9but d&rsquo;une carri\u00e8re prometteuse.<\/p>\n<p>Ramos \u00e9voque cette premi\u00e8re transformation comme un tournant. \u00ab\u00a0C&rsquo;\u00e9tait apr\u00e8s l&rsquo;essai de Romain Ntamack, qui f\u00eatait aussi sa premi\u00e8re titularisation\u00a0\u00bb, se souvient-il. Cette anecdote souligne l&rsquo;importance des d\u00e9buts, non seulement pour lui mais aussi pour l&rsquo;\u00e9quipe.<\/p>\n<h2>Les coups de pied d\u00e9cisifs et frustrants<\/h2>\n<p>Parmi ses coups de pied les plus m\u00e9morables, la p\u00e9nalit\u00e9 de 50 m\u00e8tres contre l&rsquo;Angleterre en 2024 se distingue. Avec une pression maximale sur les \u00e9paules, Ramos a su faire preuve de sang-froid pour offrir la victoire \u00e0 son \u00e9quipe. \u00ab\u00a0C&rsquo;est le genre de situation que tous les buteurs r\u00eavent de vivre\u00a0\u00bb, confie-t-il.<\/p>\n<p>Mais tous les moments n&rsquo;ont pas \u00e9t\u00e9 des succ\u00e8s. Le contre de Cheslin Kolbe lors du quart de finale de la Coupe du monde reste une source de frustration. \u00ab\u00a0C&rsquo;est la premi\u00e8re fois que je me fais contrer sur une transformation, et \u00e7a me reste en travers de la gorge\u00a0\u00bb, admet-il.<\/p>\n<p>https:\/\/youtu.be\/hedY65wp3Mc<\/p>\n<h2>Les d\u00e9fis et l&rsquo;adr\u00e9naline du rugby<\/h2>\n<p>Le stress fait partie int\u00e9grante de la carri\u00e8re d&rsquo;un buteur. Ramos se rem\u00e9more un match au V\u00e9lodrome de Marseille face \u00e0 l&rsquo;Afrique du Sud, o\u00f9 il a d\u00fb g\u00e9rer une pression intense. \u00ab\u00a0Nous \u00e9tions men\u00e9s d&rsquo;un point, et chaque coup de pied comptait\u00a0\u00bb, explique-t-il.<\/p>\n<p>Ces moments de tension apportent une adr\u00e9naline incomparable. \u00ab\u00a0C&rsquo;est ce qui rend notre r\u00f4le si excitant\u00a0\u00bb, affirme-t-il. Les d\u00e9fis auxquels il fait face ne font que renforcer son d\u00e9sir de r\u00e9ussir sur le terrain.<\/p>\n<h2>Les souvenirs des stades<\/h2>\n<p>Chaque stade a son ambiance unique, mais certains restent plus marquants que d&rsquo;autres. Pour Ramos, le Stade de France est son endroit de pr\u00e9dilection. \u00ab\u00a0Les rep\u00e8res de tribunes m&rsquo;aident \u00e0 me concentrer\u00a0\u00bb, souligne-t-il.<\/p>\n<p>Il appr\u00e9cie \u00e9galement l&rsquo;Aviva Stadium de Dublin pour son atmosph\u00e8re. \u00ab\u00a0C&rsquo;est un plaisir de jouer dans de si belles enceintes\u00a0\u00bb, ajoute-t-il, t\u00e9moignant de son respect pour le rugby \u00e0 un niveau international.<\/p>\n<ul>\n<li>Premier coup de pied en s\u00e9lection contre l&rsquo;\u00c9cosse<\/li>\n<li>P\u00e9nalit\u00e9 d\u00e9cisive contre l&rsquo;Angleterre en 2024<\/li>\n<li>Moment frustrant avec le contre de Kolbe en quart de finale<\/li>\n<li>Gestion du stress face \u00e0 l&rsquo;Afrique du Sud<\/li>\n<li>Pr\u00e9f\u00e9rence pour le Stade de France et l&rsquo;Aviva Stadium<\/li>\n<\/ul>\n<blockquote><p>\n\u00ab\u00a0Quand on te confie ce r\u00f4le de buteur en \u00e9quipe nationale, on sent la responsabilit\u00e9 qui p\u00e8se sur nos \u00e9paules.\u00a0\u00bb &#8211; Thomas Ramos\n<\/p><\/blockquote>\n<p>\u00c0 travers ses r\u00e9cits, Thomas Ramos montre que chaque coup de pied, qu&rsquo;il soit r\u00e9ussi ou non, contribue \u00e0 forger son identit\u00e9 en tant que joueur. Son parcours est une source d&rsquo;inspiration pour tous ceux qui souhaitent exceller dans le rugby. Le Tournoi des 6 Nations 2025 promet d&rsquo;\u00eatre un chapitre passionnant de sa carri\u00e8re.<\/p>\n","protected":false},"excerpt":{"rendered":"","protected":false},"author":34,"featured_media":15628,"comment_status":"open","ping_status":"open","sticky":false,"template":"","format":"standard","meta":{"_acf_changed":false,"manual_indexmenow":false,"indexmenow_id_project":0,"footnotes":""},"categories":[1],"tags":[4585,4898,4563,4556,4554],"class_list":["post-11830","post","type-post","status-publish","format-standard","has-post-thumbnail","hentry","category-a-la-une","tag-cohesion-dequipe","tag-gestion-du-stress","tag-performance-athletique","tag-tournoi-des-6-nations","tag-xv-de-france","generate-columns","tablet-grid-50","mobile-grid-100","grid-parent","grid-25"],"acf":[],"yoast_head":"<!-- This site is optimized with the Yoast SEO Premium plugin v21.3 (Yoast SEO v26.5) - https:\/\/yoast.com\/wordpress\/plugins\/seo\/ -->\n<title>Revivez les moments forts de Thomas Ramos lors du Tournoi<\/title>\n<meta name=\"description\" content=\"En tant que buteur talentueux, il a partag\u00e9 ses souvenirs les plus marquants, allant des premiers succ\u00e8s aux moments de frustration. Voici un aper\u00e7u de\u2026\" \/>\n<meta name=\"robots\" content=\"index, follow, max-snippet:-1, max-image-preview:large, max-video-preview:-1\" \/>\n<link rel=\"canonical\" href=\"https:\/\/sport-index.fr\/blog\/a-la-une\/revivez-les-moments-forts-de-thomas-ramos-lors-du-tournoi-des-6-nations-2025\/\" \/>\n<meta property=\"og:locale\" content=\"fr_FR\" \/>\n<meta property=\"og:type\" content=\"article\" \/>\n<meta property=\"og:title\" content=\"Revivez les moments forts de Thomas Ramos lors du Tournoi\" \/>\n<meta property=\"og:description\" content=\"En tant que buteur talentueux, il a partag\u00e9 ses souvenirs les plus marquants, allant des premiers succ\u00e8s aux moments de frustration. Voici un aper\u00e7u de\u2026\" \/>\n<meta property=\"og:url\" content=\"https:\/\/sport-index.fr\/blog\/a-la-une\/revivez-les-moments-forts-de-thomas-ramos-lors-du-tournoi-des-6-nations-2025\/\" \/>\n<meta property=\"og:site_name\" content=\"sport-index\" \/>\n<meta name=\"author\" content=\"Axel Lauzier\" \/>\n<meta name=\"twitter:card\" content=\"summary_large_image\" \/>\n<script type=\"application\/ld+json\" class=\"yoast-schema-graph\">{\"@context\":\"https:\/\/schema.org\",\"@graph\":[{\"@type\":\"NewsArticle\",\"@id\":\"https:\/\/sport-index.fr\/blog\/a-la-une\/revivez-les-moments-forts-de-thomas-ramos-lors-du-tournoi-des-6-nations-2025\/#article\",\"isPartOf\":{\"@id\":\"https:\/\/sport-index.fr\/blog\/a-la-une\/revivez-les-moments-forts-de-thomas-ramos-lors-du-tournoi-des-6-nations-2025\/\"},\"author\":{\"name\":\"Axel Lauzier\",\"@id\":\"https:\/\/sport-index.fr\/blog\/#\/schema\/person\/3c864cdc320801e3db34b663e7e3f816\"},\"headline\":\"Revivez les moments forts de Thomas Ramos lors du Tournoi des 6 Nations 2025\",\"datePublished\":\"2025-03-16T05:12:04+00:00\",\"mainEntityOfPage\":{\"@id\":\"https:\/\/sport-index.fr\/blog\/a-la-une\/revivez-les-moments-forts-de-thomas-ramos-lors-du-tournoi-des-6-nations-2025\/\"},\"wordCount\":592,\"commentCount\":29,\"publisher\":{\"@id\":\"https:\/\/sport-index.fr\/blog\/#organization\"},\"image\":{\"@id\":\"https:\/\/sport-index.fr\/blog\/a-la-une\/revivez-les-moments-forts-de-thomas-ramos-lors-du-tournoi-des-6-nations-2025\/#primaryimage\"},\"thumbnailUrl\":\"https:\/\/sport-index.fr\/blog\/wp-content\/uploads\/2025\/05\/sdxl-2f96e20e2c33228fa90d954d6ffee99e-scaled.png\",\"keywords\":[\"Coh\u00e9sion d'\u00c9quipe\",\"Gestion Du Stress\",\"Performance Athl\u00e9tique\",\"Tournoi des 6 Nations\",\"XV de France\"],\"articleSection\":[\"\u00c0 la une\"],\"inLanguage\":\"fr-FR\",\"potentialAction\":[{\"@type\":\"CommentAction\",\"name\":\"Comment\",\"target\":[\"https:\/\/sport-index.fr\/blog\/a-la-une\/revivez-les-moments-forts-de-thomas-ramos-lors-du-tournoi-des-6-nations-2025\/#respond\"]}]},{\"@type\":\"WebPage\",\"@id\":\"https:\/\/sport-index.fr\/blog\/a-la-une\/revivez-les-moments-forts-de-thomas-ramos-lors-du-tournoi-des-6-nations-2025\/\",\"url\":\"https:\/\/sport-index.fr\/blog\/a-la-une\/revivez-les-moments-forts-de-thomas-ramos-lors-du-tournoi-des-6-nations-2025\/\",\"name\":\"Revivez les moments forts de Thomas Ramos lors du Tournoi\",\"isPartOf\":{\"@id\":\"https:\/\/sport-index.fr\/blog\/#website\"},\"primaryImageOfPage\":{\"@id\":\"https:\/\/sport-index.fr\/blog\/a-la-une\/revivez-les-moments-forts-de-thomas-ramos-lors-du-tournoi-des-6-nations-2025\/#primaryimage\"},\"image\":{\"@id\":\"https:\/\/sport-index.fr\/blog\/a-la-une\/revivez-les-moments-forts-de-thomas-ramos-lors-du-tournoi-des-6-nations-2025\/#primaryimage\"},\"thumbnailUrl\":\"https:\/\/sport-index.fr\/blog\/wp-content\/uploads\/2025\/05\/sdxl-2f96e20e2c33228fa90d954d6ffee99e-scaled.png\",\"datePublished\":\"2025-03-16T05:12:04+00:00\",\"description\":\"En tant que buteur talentueux, il a partag\u00e9 ses souvenirs les plus marquants, allant des premiers succ\u00e8s aux moments de frustration. Voici un aper\u00e7u de\u2026\",\"inLanguage\":\"fr-FR\",\"potentialAction\":[{\"@type\":\"ReadAction\",\"target\":[\"https:\/\/sport-index.fr\/blog\/a-la-une\/revivez-les-moments-forts-de-thomas-ramos-lors-du-tournoi-des-6-nations-2025\/\"]}]},{\"@type\":\"ImageObject\",\"inLanguage\":\"fr-FR\",\"@id\":\"https:\/\/sport-index.fr\/blog\/a-la-une\/revivez-les-moments-forts-de-thomas-ramos-lors-du-tournoi-des-6-nations-2025\/#primaryimage\",\"url\":\"https:\/\/sport-index.fr\/blog\/wp-content\/uploads\/2025\/05\/sdxl-2f96e20e2c33228fa90d954d6ffee99e-scaled.png\",\"contentUrl\":\"https:\/\/sport-index.fr\/blog\/wp-content\/uploads\/2025\/05\/sdxl-2f96e20e2c33228fa90d954d6ffee99e-scaled.png\",\"width\":1200,\"height\":500},{\"@type\":\"WebSite\",\"@id\":\"https:\/\/sport-index.fr\/blog\/#website\",\"url\":\"https:\/\/sport-index.fr\/blog\/\",\"name\":\"sport-index.fr\",\"description\":\"Le score de l\u2019analyse sportive.\",\"publisher\":{\"@id\":\"https:\/\/sport-index.fr\/blog\/#organization\"},\"alternateName\":\"Le score de l\u2019analyse sportive.\",\"potentialAction\":[{\"@type\":\"SearchAction\",\"target\":{\"@type\":\"EntryPoint\",\"urlTemplate\":\"https:\/\/sport-index.fr\/blog\/?s={search_term_string}\"},\"query-input\":{\"@type\":\"PropertyValueSpecification\",\"valueRequired\":true,\"valueName\":\"search_term_string\"}}],\"inLanguage\":\"fr-FR\"},{\"@type\":\"Organization\",\"@id\":\"https:\/\/sport-index.fr\/blog\/#organization\",\"name\":\"Foretsensations.fr\",\"url\":\"https:\/\/sport-index.fr\/blog\/\",\"logo\":{\"@type\":\"ImageObject\",\"inLanguage\":\"fr-FR\",\"@id\":\"https:\/\/sport-index.fr\/blog\/#\/schema\/logo\/image\/\",\"url\":\"https:\/\/sport-index.fr\/blog\/wp-content\/uploads\/2026\/07\/logo-auto.png\",\"contentUrl\":\"https:\/\/sport-index.fr\/blog\/wp-content\/uploads\/2026\/07\/logo-auto.png\",\"width\":1024,\"height\":1024,\"caption\":\"Foretsensations.fr\"},\"image\":{\"@id\":\"https:\/\/sport-index.fr\/blog\/#\/schema\/logo\/image\/\"}},{\"@type\":\"Person\",\"@id\":\"https:\/\/sport-index.fr\/blog\/#\/schema\/person\/3c864cdc320801e3db34b663e7e3f816\",\"name\":\"Axel Lauzier\",\"image\":{\"@type\":\"ImageObject\",\"inLanguage\":\"fr-FR\",\"@id\":\"https:\/\/sport-index.fr\/blog\/#\/schema\/person\/image\/\",\"url\":\"https:\/\/sport-index.fr\/blog\/wp-content\/uploads\/2026\/06\/persona_axel-l-96x96.jpg\",\"contentUrl\":\"https:\/\/sport-index.fr\/blog\/wp-content\/uploads\/2026\/06\/persona_axel-l-96x96.jpg\",\"caption\":\"Axel Lauzier\"},\"description\":\"Le sport rythme mon quotidien depuis l'enfance, et j'en ai fait mon m\u00e9tier d'analyste r\u00e9dactionnel il y a une dizaine d'ann\u00e9es. Je couvre principalement le football, son actualit\u00e9, ses transferts et l'analyse tactique des grandes affiches, mais aussi les disciplines plus confidentielles que j'aime remettre en lumi\u00e8re. Une partie de mon travail porte sur les pronostics et la lecture statistique d'un match : forme des \u00e9quipes, historique des confrontations, compositions, sans jamais vendre de fausse certitude. Je rappelle syst\u00e9matiquement que parier comporte un risque et doit rester un loisir ma\u00eetris\u00e9. Avant de signer une analyse, je v\u00e9rifie mes chiffres, je recoupe les compositions probables et je distingue toujours la donn\u00e9e brute de l'intuition. Mon objectif : offrir une lecture honn\u00eate et argument\u00e9e, pas un ticket gagnant garanti.\",\"sameAs\":[\"https:\/\/axellauzier.fr\/\"],\"url\":\"https:\/\/sport-index.fr\/blog\/auteur\/noname\/\"}]}<\/script>\n<!-- \/ Yoast SEO Premium plugin. -->","yoast_head_json":{"title":"Revivez les moments forts de Thomas Ramos lors du Tournoi","description":"En tant que buteur talentueux, il a partag\u00e9 ses souvenirs les plus marquants, allant des premiers succ\u00e8s aux moments de frustration. Voici un aper\u00e7u de\u2026","robots":{"index":"index","follow":"follow","max-snippet":"max-snippet:-1","max-image-preview":"max-image-preview:large","max-video-preview":"max-video-preview:-1"},"canonical":"https:\/\/sport-index.fr\/blog\/a-la-une\/revivez-les-moments-forts-de-thomas-ramos-lors-du-tournoi-des-6-nations-2025\/","og_locale":"fr_FR","og_type":"article","og_title":"Revivez les moments forts de Thomas Ramos lors du Tournoi","og_description":"En tant que buteur talentueux, il a partag\u00e9 ses souvenirs les plus marquants, allant des premiers succ\u00e8s aux moments de frustration. Voici un aper\u00e7u de\u2026","og_url":"https:\/\/sport-index.fr\/blog\/a-la-une\/revivez-les-moments-forts-de-thomas-ramos-lors-du-tournoi-des-6-nations-2025\/","og_site_name":"sport-index","author":"Axel Lauzier","twitter_card":"summary_large_image","schema":{"@context":"https:\/\/schema.org","@graph":[{"@type":"NewsArticle","@id":"https:\/\/sport-index.fr\/blog\/a-la-une\/revivez-les-moments-forts-de-thomas-ramos-lors-du-tournoi-des-6-nations-2025\/#article","isPartOf":{"@id":"https:\/\/sport-index.fr\/blog\/a-la-une\/revivez-les-moments-forts-de-thomas-ramos-lors-du-tournoi-des-6-nations-2025\/"},"author":{"name":"Axel Lauzier","@id":"https:\/\/sport-index.fr\/blog\/#\/schema\/person\/3c864cdc320801e3db34b663e7e3f816"},"headline":"Revivez les moments forts de Thomas Ramos lors du Tournoi des 6 Nations 2025","datePublished":"2025-03-16T05:12:04+00:00","mainEntityOfPage":{"@id":"https:\/\/sport-index.fr\/blog\/a-la-une\/revivez-les-moments-forts-de-thomas-ramos-lors-du-tournoi-des-6-nations-2025\/"},"wordCount":592,"commentCount":29,"publisher":{"@id":"https:\/\/sport-index.fr\/blog\/#organization"},"image":{"@id":"https:\/\/sport-index.fr\/blog\/a-la-une\/revivez-les-moments-forts-de-thomas-ramos-lors-du-tournoi-des-6-nations-2025\/#primaryimage"},"thumbnailUrl":"https:\/\/sport-index.fr\/blog\/wp-content\/uploads\/2025\/05\/sdxl-2f96e20e2c33228fa90d954d6ffee99e-scaled.png","keywords":["Coh\u00e9sion d'\u00c9quipe","Gestion Du Stress","Performance Athl\u00e9tique","Tournoi des 6 Nations","XV de France"],"articleSection":["\u00c0 la une"],"inLanguage":"fr-FR","potentialAction":[{"@type":"CommentAction","name":"Comment","target":["https:\/\/sport-index.fr\/blog\/a-la-une\/revivez-les-moments-forts-de-thomas-ramos-lors-du-tournoi-des-6-nations-2025\/#respond"]}]},{"@type":"WebPage","@id":"https:\/\/sport-index.fr\/blog\/a-la-une\/revivez-les-moments-forts-de-thomas-ramos-lors-du-tournoi-des-6-nations-2025\/","url":"https:\/\/sport-index.fr\/blog\/a-la-une\/revivez-les-moments-forts-de-thomas-ramos-lors-du-tournoi-des-6-nations-2025\/","name":"Revivez les moments forts de Thomas Ramos lors du Tournoi","isPartOf":{"@id":"https:\/\/sport-index.fr\/blog\/#website"},"primaryImageOfPage":{"@id":"https:\/\/sport-index.fr\/blog\/a-la-une\/revivez-les-moments-forts-de-thomas-ramos-lors-du-tournoi-des-6-nations-2025\/#primaryimage"},"image":{"@id":"https:\/\/sport-index.fr\/blog\/a-la-une\/revivez-les-moments-forts-de-thomas-ramos-lors-du-tournoi-des-6-nations-2025\/#primaryimage"},"thumbnailUrl":"https:\/\/sport-index.fr\/blog\/wp-content\/uploads\/2025\/05\/sdxl-2f96e20e2c33228fa90d954d6ffee99e-scaled.png","datePublished":"2025-03-16T05:12:04+00:00","description":"En tant que buteur talentueux, il a partag\u00e9 ses souvenirs les plus marquants, allant des premiers succ\u00e8s aux moments de frustration. Voici un aper\u00e7u de\u2026","inLanguage":"fr-FR","potentialAction":[{"@type":"ReadAction","target":["https:\/\/sport-index.fr\/blog\/a-la-une\/revivez-les-moments-forts-de-thomas-ramos-lors-du-tournoi-des-6-nations-2025\/"]}]},{"@type":"ImageObject","inLanguage":"fr-FR","@id":"https:\/\/sport-index.fr\/blog\/a-la-une\/revivez-les-moments-forts-de-thomas-ramos-lors-du-tournoi-des-6-nations-2025\/#primaryimage","url":"https:\/\/sport-index.fr\/blog\/wp-content\/uploads\/2025\/05\/sdxl-2f96e20e2c33228fa90d954d6ffee99e-scaled.png","contentUrl":"https:\/\/sport-index.fr\/blog\/wp-content\/uploads\/2025\/05\/sdxl-2f96e20e2c33228fa90d954d6ffee99e-scaled.png","width":1200,"height":500},{"@type":"WebSite","@id":"https:\/\/sport-index.fr\/blog\/#website","url":"https:\/\/sport-index.fr\/blog\/","name":"sport-index.fr","description":"Le score de l\u2019analyse sportive.","publisher":{"@id":"https:\/\/sport-index.fr\/blog\/#organization"},"alternateName":"Le score de l\u2019analyse sportive.","potentialAction":[{"@type":"SearchAction","target":{"@type":"EntryPoint","urlTemplate":"https:\/\/sport-index.fr\/blog\/?s={search_term_string}"},"query-input":{"@type":"PropertyValueSpecification","valueRequired":true,"valueName":"search_term_string"}}],"inLanguage":"fr-FR"},{"@type":"Organization","@id":"https:\/\/sport-index.fr\/blog\/#organization","name":"Foretsensations.fr","url":"https:\/\/sport-index.fr\/blog\/","logo":{"@type":"ImageObject","inLanguage":"fr-FR","@id":"https:\/\/sport-index.fr\/blog\/#\/schema\/logo\/image\/","url":"https:\/\/sport-index.fr\/blog\/wp-content\/uploads\/2026\/07\/logo-auto.png","contentUrl":"https:\/\/sport-index.fr\/blog\/wp-content\/uploads\/2026\/07\/logo-auto.png","width":1024,"height":1024,"caption":"Foretsensations.fr"},"image":{"@id":"https:\/\/sport-index.fr\/blog\/#\/schema\/logo\/image\/"}},{"@type":"Person","@id":"https:\/\/sport-index.fr\/blog\/#\/schema\/person\/3c864cdc320801e3db34b663e7e3f816","name":"Axel Lauzier","image":{"@type":"ImageObject","inLanguage":"fr-FR","@id":"https:\/\/sport-index.fr\/blog\/#\/schema\/person\/image\/","url":"https:\/\/sport-index.fr\/blog\/wp-content\/uploads\/2026\/06\/persona_axel-l-96x96.jpg","contentUrl":"https:\/\/sport-index.fr\/blog\/wp-content\/uploads\/2026\/06\/persona_axel-l-96x96.jpg","caption":"Axel Lauzier"},"description":"Le sport rythme mon quotidien depuis l'enfance, et j'en ai fait mon m\u00e9tier d'analyste r\u00e9dactionnel il y a une dizaine d'ann\u00e9es. Je couvre principalement le football, son actualit\u00e9, ses transferts et l'analyse tactique des grandes affiches, mais aussi les disciplines plus confidentielles que j'aime remettre en lumi\u00e8re. Une partie de mon travail porte sur les pronostics et la lecture statistique d'un match : forme des \u00e9quipes, historique des confrontations, compositions, sans jamais vendre de fausse certitude. Je rappelle syst\u00e9matiquement que parier comporte un risque et doit rester un loisir ma\u00eetris\u00e9. Avant de signer une analyse, je v\u00e9rifie mes chiffres, je recoupe les compositions probables et je distingue toujours la donn\u00e9e brute de l'intuition. Mon objectif : offrir une lecture honn\u00eate et argument\u00e9e, pas un ticket gagnant garanti.","sameAs":["https:\/\/axellauzier.fr\/"],"url":"https:\/\/sport-index.fr\/blog\/auteur\/noname\/"}]}},"_links":{"self":[{"href":"https:\/\/sport-index.fr\/blog\/wp-json\/wp\/v2\/posts\/11830","targetHints":{"allow":["GET"]}}],"collection":[{"href":"https:\/\/sport-index.fr\/blog\/wp-json\/wp\/v2\/posts"}],"about":[{"href":"https:\/\/sport-index.fr\/blog\/wp-json\/wp\/v2\/types\/post"}],"author":[{"embeddable":true,"href":"https:\/\/sport-index.fr\/blog\/wp-json\/wp\/v2\/users\/34"}],"replies":[{"embeddable":true,"href":"https:\/\/sport-index.fr\/blog\/wp-json\/wp\/v2\/comments?post=11830"}],"version-history":[{"count":1,"href":"https:\/\/sport-index.fr\/blog\/wp-json\/wp\/v2\/posts\/11830\/revisions"}],"predecessor-version":[{"id":11967,"href":"https:\/\/sport-index.fr\/blog\/wp-json\/wp\/v2\/posts\/11830\/revisions\/11967"}],"wp:featuredmedia":[{"embeddable":true,"href":"https:\/\/sport-index.fr\/blog\/wp-json\/wp\/v2\/media\/15628"}],"wp:attachment":[{"href":"https:\/\/sport-index.fr\/blog\/wp-json\/wp\/v2\/media?parent=11830"}],"wp:term":[{"taxonomy":"category","embeddable":true,"href":"https:\/\/sport-index.fr\/blog\/wp-json\/wp\/v2\/categories?post=11830"},{"taxonomy":"post_tag","embeddable":true,"href":"https:\/\/sport-index.fr\/blog\/wp-json\/wp\/v2\/tags?post=11830"}],"curies":[{"name":"wp","href":"https:\/\/api.w.org\/{rel}","templated":true}]}}