{"id":11842,"date":"2026-05-22T00:42:45","date_gmt":"2026-05-21T22:42:45","guid":{"rendered":"https:\/\/sport-index.fr\/blog\/?p=11842"},"modified":"2026-05-22T00:42:45","modified_gmt":"2026-05-21T22:42:45","slug":"griezmann-ne-participe-pas-a-lhommage-de-la-fff-un-signe-de-douleur-persistante","status":"publish","type":"post","link":"https:\/\/sport-index.fr\/blog\/a-la-une\/griezmann-ne-participe-pas-a-lhommage-de-la-fff-un-signe-de-douleur-persistante\/","title":{"rendered":"Griezmann ne participe pas \u00e0 l&rsquo;hommage de la FFF : un signe de douleur persistante"},"content":{"rendered":"<aside style=\"background:#f1f4f8;border-left:5px solid #1a3a5a;padding:22px 28px;margin:24px 0;font-family:-apple-system,BlinkMacSystemFont,'Segoe UI',Roboto,sans-serif;\">\n<div style=\"margin:0;font-size:19px;line-height:1.55;color:#2a2a2a;font-weight:500;letter-spacing:-0.005em;\">\n    Quand la FFF a align\u00e9 ses Bleus pour saluer la carri\u00e8re internationale d&rsquo;Antoine Griezmann, une silhouette manquait au tableau : la sienne. Un vide qui en dit long sur l&rsquo;\u00e9tat \u00e9motionnel d&rsquo;un joueur encore en plein deuil sportif.\n  <\/div>\n<\/aside>\n<h2>Une absence r\u00e9v\u00e9latrice pour Griezmann<\/h2>\n<p>Cette d\u00e9cision suscite de nombreuses interrogations sur son \u00e9tat d&rsquo;esprit et son rapport \u00e0 la s\u00e9lection nationale apr\u00e8s une retraite internationale pr\u00e9coce, inattendue pour beaucoup. Les observateurs estiment que cette absence t\u00e9moigne d&rsquo;une douleur encore vive et d&rsquo;un foss\u00e9 grandissant entre Griezmann et le s\u00e9lectionneur Didier Deschamps.<\/p>\n<aside style=\"background:#fafaf7;border:1px solid #e5e5e0;border-radius:8px;padding:24px 26px 26px;margin:28px 0;font-family:-apple-system,BlinkMacSystemFont,'Segoe UI',Roboto,sans-serif;\">\n<div style=\"margin:0 0 18px 0;font-size:11px;font-weight:700;text-transform:uppercase;letter-spacing:2.2px;color:#1a3a5a;\">\u00c0 retenir<\/div>\n<div style=\"display:grid;grid-template-columns:repeat(auto-fit,minmax(240px,1fr));gap:10px;\">\n<div style=\"display:flex;gap:12px;background:#fff;border:1px solid #ebebe5;padding:12px 14px;border-radius:6px;align-items:flex-start;\">\n      <span style=\"flex:0 0 26px;width:26px;height:26px;background:#1a3a5a;color:#fff;border-radius:50%;display:inline-flex;align-items:center;justify-content:center;font-size:12px;font-weight:700;font-family:-apple-system,sans-serif;\">1<\/span><br \/>\n      <span style=\"font-size:14px;line-height:1.5;color:#2a2a2a;\">Griezmann a refus\u00e9 l&rsquo;hommage de la FFF, signe d&rsquo;une coupure consomm\u00e9e avec l&rsquo;institution.<\/span>\n    <\/div>\n<div style=\"display:flex;gap:12px;background:#fff;border:1px solid #ebebe5;padding:12px 14px;border-radius:6px;align-items:flex-start;\">\n      <span style=\"flex:0 0 26px;width:26px;height:26px;background:#1a3a5a;color:#fff;border-radius:50%;display:inline-flex;align-items:center;justify-content:center;font-size:12px;font-weight:700;font-family:-apple-system,sans-serif;\">2<\/span><br \/>\n      <span style=\"font-size:14px;line-height:1.5;color:#2a2a2a;\">Sa retraite internationale, annonc\u00e9e plus t\u00f4t que pr\u00e9vu, reste mal dig\u00e9r\u00e9e.<\/span>\n    <\/div>\n<div style=\"display:flex;gap:12px;background:#fff;border:1px solid #ebebe5;padding:12px 14px;border-radius:6px;align-items:flex-start;\">\n      <span style=\"flex:0 0 26px;width:26px;height:26px;background:#1a3a5a;color:#fff;border-radius:50%;display:inline-flex;align-items:center;justify-content:center;font-size:12px;font-weight:700;font-family:-apple-system,sans-serif;\">3<\/span><br \/>\n      <span style=\"font-size:14px;line-height:1.5;color:#2a2a2a;\">Le foss\u00e9 avec Didier Deschamps cristallise la crise relationnelle.<\/span>\n    <\/div>\n<div style=\"display:flex;gap:12px;background:#fff;border:1px solid #ebebe5;padding:12px 14px;border-radius:6px;align-items:flex-start;\">\n      <span style=\"flex:0 0 26px;width:26px;height:26px;background:#1a3a5a;color:#fff;border-radius:50%;display:inline-flex;align-items:center;justify-content:center;font-size:12px;font-weight:700;font-family:-apple-system,sans-serif;\">4<\/span><br \/>\n      <span style=\"font-size:14px;line-height:1.5;color:#2a2a2a;\">Les Bleus perdent un rep\u00e8re vestiaire dans une p\u00e9riode de reconstruction.<\/span>\n    <\/div>\n<div style=\"display:flex;gap:12px;background:#fff;border:1px solid #ebebe5;padding:12px 14px;border-radius:6px;align-items:flex-start;\">\n      <span style=\"flex:0 0 26px;width:26px;height:26px;background:#1a3a5a;color:#fff;border-radius:50%;display:inline-flex;align-items:center;justify-content:center;font-size:12px;font-weight:700;font-family:-apple-system,sans-serif;\">5<\/span><br \/>\n      <span style=\"font-size:14px;line-height:1.5;color:#2a2a2a;\">Une r\u00e9conciliation reste possible mais n\u00e9cessite un geste fort de la FFF.<\/span>\n    <\/div>\n<\/p><\/div>\n<\/aside>\n<p>Les journalistes Martin Mosnier et Maxime Dupuis soulignent que cette situation illustre parfaitement les tensions qui existent au sein de l&rsquo;\u00e9quipe. Les supporters et les analysts commencent \u00e0 se demander si Griezmann, l&rsquo;un des meilleurs joueurs de sa g\u00e9n\u00e9ration, pourra un jour retrouver une place sereine au sein de l&rsquo;\u00e9quipe nationale. Ce moment aurait pu \u00eatre l&rsquo;occasion de c\u00e9l\u00e9brer sa carri\u00e8re, mais son choix de ne pas y participer renforce l&rsquo;id\u00e9e qu&rsquo;il traverse une p\u00e9riode difficile.<\/p>\n<aside style=\"background:#fff7e0;border-left:4px solid #d4a017;padding:14px 18px;margin:18px 0;border-radius:0 4px 4px 0;font-family:-apple-system,BlinkMacSystemFont,'Segoe UI',Roboto,sans-serif;\">\n  <strong style=\"display:inline-block;color:#7a5e00;font-size:12px;text-transform:uppercase;letter-spacing:1.5px;margin-right:8px;\">&#128161; Bon \u00e0 savoir<\/strong><br \/>\n  <span style=\"font-size:14.5px;line-height:1.55;color:#3a3a3a;\">Avec 137 s\u00e9lections et 44 buts en Bleu, Griezmann figure parmi les trois joueurs les plus cap\u00e9s de l&rsquo;histoire de l&rsquo;\u00e9quipe de France, derri\u00e8re Lloris et Giroud.<\/span><br \/>\n<\/aside>\n<h2>Les raisons de l&rsquo;absence de Griezmann<\/h2>\n<p>L&rsquo;absence de Griezmann lors de cet hommage de la FFF est lourde de sens et soul\u00e8ve des questions sur ses motivations. La retraite pr\u00e9matur\u00e9e de l&rsquo;attaquant a \u00e9t\u00e9 un choc pour les fans, et son \u00e9loignement des c\u00e9l\u00e9brations officielles peut \u00eatre per\u00e7u comme un refus de faire face \u00e0 une r\u00e9alit\u00e9 qu&rsquo;il peine \u00e0 accepter. Le chemin vers la r\u00e9conciliation avec l&rsquo;\u00e9quipe semble encore sem\u00e9 d&#8217;emb\u00fbches pour lui.<\/p>\n<figure style=\"margin:32px 0;padding:0;font-family:-apple-system,BlinkMacSystemFont,'Segoe UI',Roboto,sans-serif;\">\n<div style=\"display:grid;grid-template-columns:repeat(auto-fit,minmax(140px,1fr));background:#1a1a1a;border-radius:6px;overflow:hidden;\">\n<div style=\"padding:22px 16px;text-align:center;border-right:1px solid #2f2f2f;\">\n<div style=\"font-size:36px;font-weight:900;color:#fff;letter-spacing:-0.04em;font-feature-settings:'tnum';line-height:1;\">137<\/div>\n<div style=\"font-size:11px;text-transform:uppercase;letter-spacing:1.5px;color:#9a9a9a;margin-top:8px;\">s\u00e9lections en Bleu<\/div>\n<\/p><\/div>\n<div style=\"padding:22px 16px;text-align:center;border-right:1px solid #2f2f2f;\">\n<div style=\"font-size:36px;font-weight:900;color:#fff;letter-spacing:-0.04em;font-feature-settings:'tnum';line-height:1;\">44<\/div>\n<div style=\"font-size:11px;text-transform:uppercase;letter-spacing:1.5px;color:#9a9a9a;margin-top:8px;\">buts inscrits<\/div>\n<\/p><\/div>\n<div style=\"padding:22px 16px;text-align:center;\">\n<div style=\"font-size:36px;font-weight:900;color:#7faabe;letter-spacing:-0.04em;font-feature-settings:'tnum';line-height:1;\">10 ans<\/div>\n<div style=\"font-size:11px;text-transform:uppercase;letter-spacing:1.5px;color:#9a9a9a;margin-top:8px;\">de carri\u00e8re internationale<\/div>\n<\/p><\/div>\n<\/p><\/div><figcaption style=\"font-size:11px;color:#7a7a7a;margin-top:8px;text-align:right;letter-spacing:0.3px;\">Rep\u00e8res chiffr\u00e9s sur la carri\u00e8re de Griezmann en s\u00e9lection.<\/figcaption><\/figure>\n<p>Dans le contexte actuel, le malaise autour de cette situation ne fait que cro\u00eetre. Griezmann doit jongler entre son d\u00e9sir de rester \u00e0 l&rsquo;\u00e9cart des projecteurs et la pression m\u00e9diatique qui l&rsquo;entoure. Comme l&rsquo;a mentionn\u00e9 un sp\u00e9cialiste du football, \u00ab\u00a0Cette absence prouve que la plaie est encore \u00e0 vif pour lui.\u00a0\u00bb Ces mots r\u00e9sonnent profond\u00e9ment, t\u00e9moignant de la complexit\u00e9 de ses \u00e9motions face \u00e0 cette transition.<\/p>\n<figure style=\"margin:38px auto;padding:28px 24px;text-align:center;border-top:1px solid #2a2a2a;border-bottom:1px solid #2a2a2a;max-width:640px;position:relative;font-family:Georgia,'Hoefler Text',serif;\">\n<div style=\"position:absolute;top:-20px;left:50%;transform:translateX(-50%);background:#ffffff;padding:0 14px;font-size:48px;line-height:1;color:#1a3a5a;font-family:Georgia,serif;\">&laquo;<\/div>\n<blockquote style=\"margin:0;padding:0;font-size:24px;line-height:1.45;font-style:italic;color:#1a1a1a;letter-spacing:-0.005em;\"><p>\n    Cette absence prouve que la plaie est encore \u00e0 vif pour lui.<br \/>\n  <\/blockquote><figcaption style=\"margin-top:14px;font-size:12px;text-transform:uppercase;letter-spacing:2px;color:#6a6a6a;font-family:-apple-system,sans-serif;font-style:normal;\">\u2014 Un sp\u00e9cialiste du football, \u00e0 propos de Griezmann<\/figcaption><\/figure>\n<h3>Le poids d&rsquo;une rupture mal expliqu\u00e9e<\/h3>\n<p>La retraite internationale annonc\u00e9e \u00e0 l&rsquo;automne dernier reste, pour beaucoup d&rsquo;observateurs, un dossier \u00e0 demi-class\u00e9. Griezmann n&rsquo;a jamais d\u00e9taill\u00e9 publiquement les coulisses de cette d\u00e9cision, alimentant l&rsquo;id\u00e9e d&rsquo;un d\u00e9saccord profond avec le staff. Refuser de revenir, m\u00eame symboliquement, lors d&rsquo;un hommage de la FFF revient \u00e0 confirmer que le pont est coup\u00e9 \u2014 ou au moins fragilis\u00e9.<\/p>\n<aside style=\"background:#fdecec;border-left:4px solid #c54848;padding:14px 18px;margin:18px 0;border-radius:0 4px 4px 0;font-family:-apple-system,BlinkMacSystemFont,'Segoe UI',Roboto,sans-serif;\">\n  <strong style=\"display:inline-block;color:#8a2020;font-size:12px;text-transform:uppercase;letter-spacing:1.5px;margin-right:8px;\">&#9888;&#65039; Attention<\/strong><br \/>\n  <span style=\"font-size:14.5px;line-height:1.55;color:#3a3a3a;\">Ne pas confondre absence protocolaire et rupture d\u00e9finitive : plusieurs internationaux fran\u00e7ais ont initialement boud\u00e9 leur hommage avant de revenir un an ou deux plus tard sur le terrain des Bleus.<\/span><br \/>\n<\/aside>\n<h2>Les cons\u00e9quences pour l&rsquo;\u00e9quipe de France<\/h2>\n<p>La situation de Griezmann pourrait avoir des r\u00e9percussions sur l&rsquo;\u00e9quipe nationale \u00e0 long terme. Son absence lors d&rsquo;\u00e9v\u00e9nements marquants pourrait nuire \u00e0 la coh\u00e9sion du groupe et \u00e0 l&rsquo;esprit d&rsquo;\u00e9quipe, des \u00e9l\u00e9ments cruciaux pour une \u00e9quipe qui aspire \u00e0 la victoire. Les jeunes joueurs, en particulier, pourraient manquer d&rsquo;un mentor exp\u00e9riment\u00e9 comme lui dans les moments cl\u00e9s.<\/p>\n<div style=\"display:grid;grid-template-columns:repeat(auto-fit,minmax(220px,1fr));gap:14px;margin:28px 0;font-family:-apple-system,BlinkMacSystemFont,'Segoe UI',Roboto,sans-serif;\">\n<article style=\"background:#fff;border:1px solid #e5e5e0;border-top:3px solid #1a3a5a;border-radius:6px;padding:18px 18px 16px;\">\n<div style=\"width:36px;height:36px;background:#f1f4f8;border-radius:50%;display:inline-flex;align-items:center;justify-content:center;margin-bottom:12px;\">\n      <span style=\"font-size:18px;color:#1a3a5a;font-weight:900;font-family:Georgia,serif;\">01<\/span>\n    <\/div>\n<h3 style=\"margin:0 0 6px 0;font-size:16px;font-weight:700;color:#1a1a1a;letter-spacing:-0.01em;\">Vestiaire orphelin<\/h3>\n<div style=\"margin:0;font-size:13.5px;line-height:1.55;color:#4a4a4a;\">La voix de Griezmann manquait d\u00e9j\u00e0 sur le terrain ; elle manque d\u00e9sormais aussi dans la transmission aux jeunes attaquants.<\/div>\n<\/article>\n<article style=\"background:#fff;border:1px solid #e5e5e0;border-top:3px solid #1a3a5a;border-radius:6px;padding:18px 18px 16px;\">\n<div style=\"width:36px;height:36px;background:#f1f4f8;border-radius:50%;display:inline-flex;align-items:center;justify-content:center;margin-bottom:12px;\">\n      <span style=\"font-size:18px;color:#1a3a5a;font-weight:900;font-family:Georgia,serif;\">02<\/span>\n    <\/div>\n<h3 style=\"margin:0 0 6px 0;font-size:16px;font-weight:700;color:#1a1a1a;letter-spacing:-0.01em;\">Tactique \u00e0 reb\u00e2tir<\/h3>\n<div style=\"margin:0;font-size:13.5px;line-height:1.55;color:#4a4a4a;\">Sans son num\u00e9ro 7 polyvalent, le staff doit red\u00e9finir l&rsquo;axe entre la 9 et la 10 \u2014 un puzzle non r\u00e9solu depuis l&rsquo;Euro 2024.<\/div>\n<\/article>\n<article style=\"background:#fff;border:1px solid #e5e5e0;border-top:3px solid #1a3a5a;border-radius:6px;padding:18px 18px 16px;\">\n<div style=\"width:36px;height:36px;background:#f1f4f8;border-radius:50%;display:inline-flex;align-items:center;justify-content:center;margin-bottom:12px;\">\n      <span style=\"font-size:18px;color:#1a3a5a;font-weight:900;font-family:Georgia,serif;\">03<\/span>\n    <\/div>\n<h3 style=\"margin:0 0 6px 0;font-size:16px;font-weight:700;color:#1a1a1a;letter-spacing:-0.01em;\">Image \u00e9corn\u00e9e<\/h3>\n<div style=\"margin:0;font-size:13.5px;line-height:1.55;color:#4a4a4a;\">Une institution qui peine \u00e0 honorer ses l\u00e9gendes envoie un signal contre-productif aux g\u00e9n\u00e9rations suivantes.<\/div>\n<\/article>\n<article style=\"background:#fff;border:1px solid #e5e5e0;border-top:3px solid #1a3a5a;border-radius:6px;padding:18px 18px 16px;\">\n<div style=\"width:36px;height:36px;background:#f1f4f8;border-radius:50%;display:inline-flex;align-items:center;justify-content:center;margin-bottom:12px;\">\n      <span style=\"font-size:18px;color:#1a3a5a;font-weight:900;font-family:Georgia,serif;\">04<\/span>\n    <\/div>\n<h3 style=\"margin:0 0 6px 0;font-size:16px;font-weight:700;color:#1a1a1a;letter-spacing:-0.01em;\">Pression mediatique<\/h3>\n<div style=\"margin:0;font-size:13.5px;line-height:1.55;color:#4a4a4a;\">Chaque sortie publique de Griezmann ou de Deschamps relance la pol\u00e9mique et parasite la pr\u00e9paration sportive.<\/div>\n<\/article>\n<\/div>\n<p>De plus, le foss\u00e9 entre Griezmann et Deschamps pourrait cr\u00e9er une dynamique n\u00e9gative au sein de l&rsquo;\u00e9quipe. Si le dialogue entre le joueur et le s\u00e9lectionneur ne reprend pas, cela pourrait aboutir \u00e0 une situation de tension permanente qui nuirait aux performances collectives. La FFF doit agir rapidement pour tenter de r\u00e9tablir une communication constructive et apaiser les tensions.<\/p>\n<h3>Hommage classique ou rupture moderne : deux \u00e9coles<\/h3>\n<div style=\"display:grid;grid-template-columns:repeat(auto-fit,minmax(260px,1fr));gap:14px;margin:28px 0;font-family:-apple-system,BlinkMacSystemFont,'Segoe UI',Roboto,sans-serif;\">\n<div style=\"background:#fdecec;border:1px solid #f3cccc;border-radius:6px;padding:20px 22px;\">\n<div style=\"display:flex;align-items:center;gap:10px;margin-bottom:14px;padding-bottom:10px;border-bottom:1px solid #f3cccc;\">\n      <span style=\"width:32px;height:32px;background:#c54848;color:#fff;border-radius:50%;display:inline-flex;align-items:center;justify-content:center;font-size:18px;font-weight:700;\">&#10005;<\/span><\/p>\n<h3 style=\"margin:0;font-size:16px;font-weight:700;color:#8a2020;letter-spacing:-0.01em;\">Le sc\u00e9nario fig\u00e9<\/h3>\n<\/p><\/div>\n<ul style=\"margin:0;padding-left:18px;font-size:14px;line-height:1.7;color:#3a3a3a;\">\n<li>Hommage protocolaire sans dialogue pr\u00e9alable<\/li>\n<li>Refus du joueur, malaise m\u00e9diatique<\/li>\n<li>Image d&rsquo;institution fig\u00e9e et peu \u00e0 l&rsquo;\u00e9coute<\/li>\n<\/ul><\/div>\n<div style=\"background:#eef3f8;border:1px solid #c8d4e2;border-radius:6px;padding:20px 22px;\">\n<div style=\"display:flex;align-items:center;gap:10px;margin-bottom:14px;padding-bottom:10px;border-bottom:1px solid #c8d4e2;\">\n      <span style=\"width:32px;height:32px;background:#1a3a5a;color:#fff;border-radius:50%;display:inline-flex;align-items:center;justify-content:center;font-size:18px;font-weight:700;\">&#10003;<\/span><\/p>\n<h3 style=\"margin:0;font-size:16px;font-weight:700;color:#143049;letter-spacing:-0.01em;\">Le sc\u00e9nario fluide<\/h3>\n<\/p><\/div>\n<ul style=\"margin:0;padding-left:18px;font-size:14px;line-height:1.7;color:#3a3a3a;\">\n<li>Concertation directe avec le joueur en amont<\/li>\n<li>Hommage construit autour du calendrier \u00e9motionnel<\/li>\n<li>Image apais\u00e9e, ouverture vers une r\u00e9conciliation<\/li>\n<\/ul><\/div>\n<\/div>\n<aside style=\"background:#e7f5ec;border-left:4px solid #2a5f3f;padding:14px 18px;margin:18px 0;border-radius:0 4px 4px 0;font-family:-apple-system,BlinkMacSystemFont,'Segoe UI',Roboto,sans-serif;\">\n  <strong style=\"display:inline-block;color:#1d4a30;font-size:12px;text-transform:uppercase;letter-spacing:1.5px;margin-right:8px;\">&#10022; \u00c0 noter<\/strong><br \/>\n  <span style=\"font-size:14.5px;line-height:1.55;color:#3a3a3a;\">D&rsquo;autres f\u00e9d\u00e9rations europ\u00e9ennes ont privil\u00e9gi\u00e9 des hommages report\u00e9s de 6 \u00e0 12 mois apr\u00e8s la retraite pour laisser le temps \u00e9motionnel s&rsquo;installer \u2014 un mod\u00e8le dont la FFF pourrait s&rsquo;inspirer.<\/span><br \/>\n<\/aside>\n<h3>Ce que disent les pr\u00e9c\u00e9dents<\/h3>\n<figure style=\"margin:32px 0;font-family:-apple-system,BlinkMacSystemFont,'Segoe UI',Roboto,sans-serif;\">\n<div style=\"overflow-x:auto;border:1px solid #e5e5e0;border-radius:8px;\">\n<table style=\"width:100%;border-collapse:collapse;font-size:14px;color:#2a2a2a;min-width:500px;\">\n<thead>\n<tr style=\"background:#1a1a1a;color:#fff;\">\n<th style=\"text-align:left;padding:14px 18px;font-weight:700;font-size:12px;text-transform:uppercase;letter-spacing:1.5px;\">Configuration<\/th>\n<th style=\"text-align:left;padding:14px 18px;font-weight:700;font-size:12px;text-transform:uppercase;letter-spacing:1.5px;\">Effet sur le groupe<\/th>\n<th style=\"text-align:center;padding:14px 18px;font-weight:700;font-size:12px;text-transform:uppercase;letter-spacing:1.5px;\">Retour ult\u00e9rieur<\/th>\n<\/tr>\n<\/thead>\n<tbody>\n<tr style=\"background:#fff;border-bottom:1px solid #f0ede5;\">\n<td style=\"padding:14px 18px;font-weight:600;\">Hommage accept\u00e9<\/td>\n<td style=\"padding:14px 18px;color:#4a4a4a;\">Coh\u00e9sion renforc\u00e9e, transmission claire<\/td>\n<td style=\"padding:14px 18px;text-align:center;color:#6a6a6a;\">Fr\u00e9quent<\/td>\n<\/tr>\n<tr style=\"background:#fafaf7;border-bottom:1px solid #f0ede5;\">\n<td style=\"padding:14px 18px;font-weight:600;\">Hommage diff\u00e9r\u00e9<\/td>\n<td style=\"padding:14px 18px;color:#4a4a4a;\">Temps \u00e9motionnel respect\u00e9<\/td>\n<td style=\"padding:14px 18px;text-align:center;color:#6a6a6a;\">Tr\u00e8s probable<\/td>\n<\/tr>\n<tr style=\"background:#fff;border-bottom:1px solid #f0ede5;\">\n<td style=\"padding:14px 18px;font-weight:600;\">Hommage refus\u00e9<\/td>\n<td style=\"padding:14px 18px;color:#4a4a4a;\">Tension publique, climat lourd<\/td>\n<td style=\"padding:14px 18px;text-align:center;color:#6a6a6a;\">Incertain<\/td>\n<\/tr>\n<tr style=\"background:#fafaf7;\">\n<td style=\"padding:14px 18px;font-weight:600;\">Aucun hommage<\/td>\n<td style=\"padding:14px 18px;color:#4a4a4a;\">Frustration silencieuse c\u00f4t\u00e9 joueur<\/td>\n<td style=\"padding:14px 18px;text-align:center;color:#6a6a6a;\">Rare<\/td>\n<\/tr>\n<\/tbody>\n<\/table><\/div><figcaption style=\"font-size:11px;color:#7a7a7a;margin-top:8px;text-align:right;letter-spacing:0.3px;\">Lecture des grands cas similaires en s\u00e9lection nationale.<\/figcaption><\/figure>\n<h2>Quels sc\u00e9narios pour la suite<\/h2>\n<p>Le silence ne durera pas \u00e9ternellement. Plusieurs voies coexistent : un geste public de Deschamps \u00e0 l&rsquo;approche des prochaines \u00e9ch\u00e9ances, une d\u00e9claration de Griezmann sur ses propres r\u00e9seaux, ou la m\u00e9diation discr\u00e8te d&rsquo;anciens co\u00e9quipiers \u2014 Lloris, Giroud, Pogba \u2014 encore en lien avec les deux camps. La fen\u00eatre de la rentr\u00e9e internationale pourrait \u00eatre un point d&rsquo;inflexion.<\/p>\n<div style=\"display:grid;grid-template-columns:repeat(auto-fit,minmax(260px,1fr));gap:14px;margin:28px 0;font-family:-apple-system,BlinkMacSystemFont,'Segoe UI',Roboto,sans-serif;\">\n<div style=\"background:#fafaf7;border:1px solid #c8d4e2;border-top:4px solid #1a3a5a;border-radius:4px;padding:20px 22px;\">\n<h3 style=\"margin:0 0 14px 0;font-size:13px;font-weight:700;text-transform:uppercase;letter-spacing:1.8px;color:#143049;\">&#10003; Ce que la FFF gagnerait<\/h3>\n<ul style=\"margin:0;padding:0;list-style:none;\">\n<li style=\"display:flex;gap:10px;align-items:flex-start;padding:6px 0;font-size:14px;line-height:1.5;color:#2a2a2a;border-bottom:1px solid #ebebe5;\"><span style=\"color:#1a3a5a;font-weight:700;flex:0 0 14px;\">&#10003;<\/span><span>Renouer un canal de dialogue priv\u00e9 avec le joueur<\/span><\/li>\n<li style=\"display:flex;gap:10px;align-items:flex-start;padding:6px 0;font-size:14px;line-height:1.5;color:#2a2a2a;border-bottom:1px solid #ebebe5;\"><span style=\"color:#1a3a5a;font-weight:700;flex:0 0 14px;\">&#10003;<\/span><span>Reporter l&rsquo;hommage \u00e0 un moment choisi par Griezmann lui-m\u00eame<\/span><\/li>\n<li style=\"display:flex;gap:10px;align-items:flex-start;padding:6px 0;font-size:14px;line-height:1.5;color:#2a2a2a;border-bottom:1px solid #ebebe5;\"><span style=\"color:#1a3a5a;font-weight:700;flex:0 0 14px;\">&#10003;<\/span><span>Communiquer sobrement sans surench\u00e8re m\u00e9diatique<\/span><\/li>\n<li style=\"display:flex;gap:10px;align-items:flex-start;padding:6px 0;font-size:14px;line-height:1.5;color:#2a2a2a;\"><span style=\"color:#1a3a5a;font-weight:700;flex:0 0 14px;\">&#10003;<\/span><span>Impliquer les anciens co\u00e9quipiers en relais<\/span><\/li>\n<\/ul><\/div>\n<div style=\"background:#fafaf7;border:1px solid #f3cccc;border-top:4px solid #c54848;border-radius:4px;padding:20px 22px;\">\n<h3 style=\"margin:0 0 14px 0;font-size:13px;font-weight:700;text-transform:uppercase;letter-spacing:1.8px;color:#8a2020;\">&#10005; Ce qu&rsquo;il faut \u00e9viter<\/h3>\n<ul style=\"margin:0;padding:0;list-style:none;\">\n<li style=\"display:flex;gap:10px;align-items:flex-start;padding:6px 0;font-size:14px;line-height:1.5;color:#2a2a2a;border-bottom:1px solid #ebebe5;\"><span style=\"color:#c54848;font-weight:700;flex:0 0 14px;\">&#10005;<\/span><span>Forcer une apparition protocolaire mal v\u00e9cue<\/span><\/li>\n<li style=\"display:flex;gap:10px;align-items:flex-start;padding:6px 0;font-size:14px;line-height:1.5;color:#2a2a2a;border-bottom:1px solid #ebebe5;\"><span style=\"color:#c54848;font-weight:700;flex:0 0 14px;\">&#10005;<\/span><span>Multiplier les communiqu\u00e9s publics qui durcissent la posture<\/span><\/li>\n<li style=\"display:flex;gap:10px;align-items:flex-start;padding:6px 0;font-size:14px;line-height:1.5;color:#2a2a2a;border-bottom:1px solid #ebebe5;\"><span style=\"color:#c54848;font-weight:700;flex:0 0 14px;\">&#10005;<\/span><span>Laisser fuiter des \u00e9l\u00e9ments de coulisses<\/span><\/li>\n<li style=\"display:flex;gap:10px;align-items:flex-start;padding:6px 0;font-size:14px;line-height:1.5;color:#2a2a2a;\"><span style=\"color:#c54848;font-weight:700;flex:0 0 14px;\">&#10005;<\/span><span>Polariser le d\u00e9bat dans le vestiaire actuel<\/span><\/li>\n<\/ul><\/div>\n<\/div>\n<p>Au-del\u00e0 du symbole, l&rsquo;\u00e9pisode rappelle combien la sortie d&rsquo;un joueur embl\u00e9matique est rarement un \u00e9v\u00e9nement isol\u00e9 : c&rsquo;est un processus, parfois long, qui demande d&rsquo;aligner agenda institutionnel, calendrier sportif et \u00e9tat \u00e9motionnel de l&rsquo;int\u00e9ress\u00e9. Griezmann n&rsquo;a pas referm\u00e9 la porte ; il l&rsquo;a simplement laiss\u00e9e entrouverte, en attendant que les conditions changent.<\/p>\n<h2>En synth\u00e8se<\/h2>\n<p>L&rsquo;absence d&rsquo;Antoine Griezmann \u00e0 l&rsquo;hommage de la FFF n&rsquo;est ni un caprice ni une provocation : c&rsquo;est l&rsquo;\u00e9cho d&rsquo;une retraite internationale encore r\u00e9cente, mal cicatris\u00e9e, doubl\u00e9e d&rsquo;une relation tendue avec Didier Deschamps. La balle est d\u00e9sormais dans le camp de la f\u00e9d\u00e9ration, \u00e0 qui revient d&rsquo;inventer un autre temps, un autre format, pour saluer une d\u00e9cennie d&rsquo;\u00e9pop\u00e9e bleue. Le terrain, ensuite, fera le reste.<\/p>\n<section style=\"margin:32px 0;font-family:-apple-system,BlinkMacSystemFont,'Segoe UI',Roboto,sans-serif;\">\n<h2 style=\"margin:0 0 18px 0;font-size:22px;font-weight:800;color:#1a1a1a;letter-spacing:-0.01em;\">Questions fr\u00e9quentes<\/h2>\n<div style=\"border-top:1px solid #d4cfc4;\">\n<details style=\"border-bottom:1px solid #d4cfc4;padding:0;\">\n<summary style=\"cursor:pointer;padding:16px 0;font-size:17px;font-weight:700;color:#1a1a1a;list-style:none;display:flex;justify-content:space-between;align-items:center;gap:14px;\">\n        <span>Pourquoi Griezmann a-t-il refus\u00e9 l&rsquo;hommage de la FFF ?<\/span><br \/>\n        <span style=\"font-size:22px;font-weight:300;color:#1a3a5a;line-height:1;\">+<\/span><br \/>\n      <\/summary>\n<div style=\"padding:0 0 16px 0;font-size:15px;line-height:1.7;color:#4a4a4a;\">Aucune raison officielle n&rsquo;a \u00e9t\u00e9 communiqu\u00e9e par le joueur. Les observateurs \u00e9voquent une douleur encore vive li\u00e9e \u00e0 sa retraite internationale anticip\u00e9e et un dialogue rompu avec Didier Deschamps, qui rendrait toute apparition publique inconfortable \u00e0 ce stade.<\/div>\n<\/details>\n<details style=\"border-bottom:1px solid #d4cfc4;padding:0;\">\n<summary style=\"cursor:pointer;padding:16px 0;font-size:17px;font-weight:700;color:#1a1a1a;list-style:none;display:flex;justify-content:space-between;align-items:center;gap:14px;\">\n        <span>Griezmann peut-il revenir un jour en \u00e9quipe de France ?<\/span><br \/>\n        <span style=\"font-size:22px;font-weight:300;color:#1a3a5a;line-height:1;\">+<\/span><br \/>\n      <\/summary>\n<div style=\"padding:0 0 16px 0;font-size:15px;line-height:1.7;color:#4a4a4a;\">Sportivement, un retour serait th\u00e9oriquement possible tant que le joueur reste en activit\u00e9 en club. \u00c9motionnellement et politiquement, cela suppose un geste fort de la FFF et probablement un changement de configuration au sein du staff actuel des Bleus.<\/div>\n<\/details>\n<details style=\"border-bottom:1px solid #d4cfc4;padding:0;\">\n<summary style=\"cursor:pointer;padding:16px 0;font-size:17px;font-weight:700;color:#1a1a1a;list-style:none;display:flex;justify-content:space-between;align-items:center;gap:14px;\">\n        <span>Quel est le contexte de sa retraite internationale ?<\/span><br \/>\n        <span style=\"font-size:22px;font-weight:300;color:#1a3a5a;line-height:1;\">+<\/span><br \/>\n      <\/summary>\n<div style=\"padding:0 0 16px 0;font-size:15px;line-height:1.7;color:#4a4a4a;\">Griezmann a annonc\u00e9 sa retraite des Bleus de mani\u00e8re anticip\u00e9e, alors qu&rsquo;il restait performant en club. Ce timing inattendu, peu d\u00e9taill\u00e9 publiquement, a aliment\u00e9 les hypoth\u00e8ses d&rsquo;une frustration accumul\u00e9e autour de son r\u00f4le et de ses relations avec le staff.<\/div>\n<\/details>\n<details style=\"border-bottom:1px solid #d4cfc4;padding:0;\">\n<summary style=\"cursor:pointer;padding:16px 0;font-size:17px;font-weight:700;color:#1a1a1a;list-style:none;display:flex;justify-content:space-between;align-items:center;gap:14px;\">\n        <span>La FFF peut-elle organiser un hommage diff\u00e9r\u00e9 ?<\/span><br \/>\n        <span style=\"font-size:22px;font-weight:300;color:#1a3a5a;line-height:1;\">+<\/span><br \/>\n      <\/summary>\n<div style=\"padding:0 0 16px 0;font-size:15px;line-height:1.7;color:#4a4a4a;\">Rien ne l&rsquo;interdit. Plusieurs f\u00e9d\u00e9rations \u00e0 l&rsquo;\u00e9tranger ont d\u00e9j\u00e0 report\u00e9 un hommage de 6 \u00e0 18 mois afin de laisser au joueur le temps de se pr\u00e9parer \u00e9motionnellement. Cette option reste sur la table pour Griezmann \u00e0 condition d&rsquo;engager un dialogue priv\u00e9 en amont.<\/div>\n<\/details>\n<details style=\"padding:0;\">\n<summary style=\"cursor:pointer;padding:16px 0;font-size:17px;font-weight:700;color:#1a1a1a;list-style:none;display:flex;justify-content:space-between;align-items:center;gap:14px;\">\n        <span>Quel impact pour les jeunes joueurs des Bleus ?<\/span><br \/>\n        <span style=\"font-size:22px;font-weight:300;color:#1a3a5a;line-height:1;\">+<\/span><br \/>\n      <\/summary>\n<div style=\"padding:0 0 16px 0;font-size:15px;line-height:1.7;color:#4a4a4a;\">Les jeunes internationaux perdent l&rsquo;occasion de croiser un ancien cadre dans un cadre f\u00e9d\u00e9rateur. Au-del\u00e0 du symbole, c&rsquo;est une transmission tactique et mentale qui se fait par \u00e0-coups, alors qu&rsquo;elle aurait pu \u00eatre structur\u00e9e autour d&rsquo;un \u00e9v\u00e9nement d&rsquo;hommage bien pr\u00e9par\u00e9.<\/div>\n<\/details><\/div>\n<\/section>\n<ul>\n<li>Griezmann absent lors de l&rsquo;hommage de la FFF<\/li>\n<li>Retraite internationale pr\u00e9matur\u00e9e et ses cons\u00e9quences<\/li>\n<li>Tensions entre Griezmann et Didier Deschamps<\/li>\n<li>Impact sur l&rsquo;\u00e9quipe de France et la coh\u00e9sion du groupe<\/li>\n<li>Appel \u00e0 une r\u00e9conciliation n\u00e9cessaire pour l&rsquo;avenir<\/li>\n<\/ul>\n","protected":false},"excerpt":{"rendered":"","protected":false},"author":34,"featured_media":15985,"comment_status":"open","ping_status":"open","sticky":false,"template":"","format":"standard","meta":{"_acf_changed":false,"manual_indexmenow":false,"indexmenow_id_project":0,"footnotes":""},"categories":[1],"tags":[5223,4585,4898,4543,4567],"class_list":["post-11842","post","type-post","status-publish","format-standard","has-post-thumbnail","hentry","category-a-la-une","tag-antoine-griezmann","tag-cohesion-dequipe","tag-gestion-du-stress","tag-performance","tag-pression-mediatique","generate-columns","tablet-grid-50","mobile-grid-100","grid-parent","grid-25"],"acf":[],"yoast_head":"<!-- This site is optimized with the Yoast SEO Premium plugin v21.3 (Yoast SEO v26.5) - https:\/\/yoast.com\/wordpress\/plugins\/seo\/ -->\n<title>Griezmann ne participe pas \u00e0 l&#039;hommage de la FFF : un signe<\/title>\n<meta name=\"description\" content=\"Quand la FFF a align\u00e9 ses Bleus pour saluer la carri\u00e8re internationale d&#039;Antoine Griezmann, une silhouette manquait au tableau : la sienne. Un vide qui\u2026\" \/>\n<meta name=\"robots\" content=\"index, follow, max-snippet:-1, max-image-preview:large, max-video-preview:-1\" \/>\n<link rel=\"canonical\" href=\"https:\/\/sport-index.fr\/blog\/a-la-une\/griezmann-ne-participe-pas-a-lhommage-de-la-fff-un-signe-de-douleur-persistante\/\" \/>\n<meta property=\"og:locale\" content=\"fr_FR\" \/>\n<meta property=\"og:type\" content=\"article\" \/>\n<meta property=\"og:title\" content=\"Griezmann ne participe pas \u00e0 l&#039;hommage de la FFF : un signe\" \/>\n<meta property=\"og:description\" content=\"Quand la FFF a align\u00e9 ses Bleus pour saluer la carri\u00e8re internationale d&#039;Antoine Griezmann, une silhouette manquait au tableau : la sienne. Un vide qui\u2026\" \/>\n<meta property=\"og:url\" content=\"https:\/\/sport-index.fr\/blog\/a-la-une\/griezmann-ne-participe-pas-a-lhommage-de-la-fff-un-signe-de-douleur-persistante\/\" \/>\n<meta property=\"og:site_name\" content=\"sport-index\" \/>\n<meta name=\"author\" content=\"Axel Lauzier\" \/>\n<meta name=\"twitter:card\" content=\"summary_large_image\" \/>\n<script type=\"application\/ld+json\" class=\"yoast-schema-graph\">{\"@context\":\"https:\/\/schema.org\",\"@graph\":[{\"@type\":\"NewsArticle\",\"@id\":\"https:\/\/sport-index.fr\/blog\/a-la-une\/griezmann-ne-participe-pas-a-lhommage-de-la-fff-un-signe-de-douleur-persistante\/#article\",\"isPartOf\":{\"@id\":\"https:\/\/sport-index.fr\/blog\/a-la-une\/griezmann-ne-participe-pas-a-lhommage-de-la-fff-un-signe-de-douleur-persistante\/\"},\"author\":{\"name\":\"Axel Lauzier\",\"@id\":\"https:\/\/sport-index.fr\/blog\/#\/schema\/person\/3c864cdc320801e3db34b663e7e3f816\"},\"headline\":\"Griezmann ne participe pas \u00e0 l&rsquo;hommage de la FFF : un signe de douleur persistante\",\"datePublished\":\"2026-05-21T22:42:45+00:00\",\"mainEntityOfPage\":{\"@id\":\"https:\/\/sport-index.fr\/blog\/a-la-une\/griezmann-ne-participe-pas-a-lhommage-de-la-fff-un-signe-de-douleur-persistante\/\"},\"wordCount\":1595,\"commentCount\":22,\"publisher\":{\"@id\":\"https:\/\/sport-index.fr\/blog\/#organization\"},\"image\":{\"@id\":\"https:\/\/sport-index.fr\/blog\/a-la-une\/griezmann-ne-participe-pas-a-lhommage-de-la-fff-un-signe-de-douleur-persistante\/#primaryimage\"},\"thumbnailUrl\":\"https:\/\/sport-index.fr\/blog\/wp-content\/uploads\/2025\/05\/sdxl-dc6f82d4f8efe4a368ef8eb651bba163-scaled.png\",\"keywords\":[\"Antoine Griezmann\",\"Coh\u00e9sion d'\u00c9quipe\",\"Gestion Du Stress\",\"Performance\",\"pression m\u00e9diatique\"],\"articleSection\":[\"\u00c0 la une\"],\"inLanguage\":\"fr-FR\",\"potentialAction\":[{\"@type\":\"CommentAction\",\"name\":\"Comment\",\"target\":[\"https:\/\/sport-index.fr\/blog\/a-la-une\/griezmann-ne-participe-pas-a-lhommage-de-la-fff-un-signe-de-douleur-persistante\/#respond\"]}]},{\"@type\":\"WebPage\",\"@id\":\"https:\/\/sport-index.fr\/blog\/a-la-une\/griezmann-ne-participe-pas-a-lhommage-de-la-fff-un-signe-de-douleur-persistante\/\",\"url\":\"https:\/\/sport-index.fr\/blog\/a-la-une\/griezmann-ne-participe-pas-a-lhommage-de-la-fff-un-signe-de-douleur-persistante\/\",\"name\":\"Griezmann ne participe pas \u00e0 l'hommage de la FFF : un signe\",\"isPartOf\":{\"@id\":\"https:\/\/sport-index.fr\/blog\/#website\"},\"primaryImageOfPage\":{\"@id\":\"https:\/\/sport-index.fr\/blog\/a-la-une\/griezmann-ne-participe-pas-a-lhommage-de-la-fff-un-signe-de-douleur-persistante\/#primaryimage\"},\"image\":{\"@id\":\"https:\/\/sport-index.fr\/blog\/a-la-une\/griezmann-ne-participe-pas-a-lhommage-de-la-fff-un-signe-de-douleur-persistante\/#primaryimage\"},\"thumbnailUrl\":\"https:\/\/sport-index.fr\/blog\/wp-content\/uploads\/2025\/05\/sdxl-dc6f82d4f8efe4a368ef8eb651bba163-scaled.png\",\"datePublished\":\"2026-05-21T22:42:45+00:00\",\"description\":\"Quand la FFF a align\u00e9 ses Bleus pour saluer la carri\u00e8re internationale d'Antoine Griezmann, une silhouette manquait au tableau : la sienne. Un vide qui\u2026\",\"inLanguage\":\"fr-FR\",\"potentialAction\":[{\"@type\":\"ReadAction\",\"target\":[\"https:\/\/sport-index.fr\/blog\/a-la-une\/griezmann-ne-participe-pas-a-lhommage-de-la-fff-un-signe-de-douleur-persistante\/\"]}]},{\"@type\":\"ImageObject\",\"inLanguage\":\"fr-FR\",\"@id\":\"https:\/\/sport-index.fr\/blog\/a-la-une\/griezmann-ne-participe-pas-a-lhommage-de-la-fff-un-signe-de-douleur-persistante\/#primaryimage\",\"url\":\"https:\/\/sport-index.fr\/blog\/wp-content\/uploads\/2025\/05\/sdxl-dc6f82d4f8efe4a368ef8eb651bba163-scaled.png\",\"contentUrl\":\"https:\/\/sport-index.fr\/blog\/wp-content\/uploads\/2025\/05\/sdxl-dc6f82d4f8efe4a368ef8eb651bba163-scaled.png\",\"width\":1200,\"height\":500},{\"@type\":\"WebSite\",\"@id\":\"https:\/\/sport-index.fr\/blog\/#website\",\"url\":\"https:\/\/sport-index.fr\/blog\/\",\"name\":\"sport-index.fr\",\"description\":\"Le score de l\u2019analyse sportive.\",\"publisher\":{\"@id\":\"https:\/\/sport-index.fr\/blog\/#organization\"},\"alternateName\":\"Le score de l\u2019analyse sportive.\",\"potentialAction\":[{\"@type\":\"SearchAction\",\"target\":{\"@type\":\"EntryPoint\",\"urlTemplate\":\"https:\/\/sport-index.fr\/blog\/?s={search_term_string}\"},\"query-input\":{\"@type\":\"PropertyValueSpecification\",\"valueRequired\":true,\"valueName\":\"search_term_string\"}}],\"inLanguage\":\"fr-FR\"},{\"@type\":\"Organization\",\"@id\":\"https:\/\/sport-index.fr\/blog\/#organization\",\"name\":\"Foretsensations.fr\",\"url\":\"https:\/\/sport-index.fr\/blog\/\",\"logo\":{\"@type\":\"ImageObject\",\"inLanguage\":\"fr-FR\",\"@id\":\"https:\/\/sport-index.fr\/blog\/#\/schema\/logo\/image\/\",\"url\":\"https:\/\/sport-index.fr\/blog\/wp-content\/uploads\/2026\/07\/logo-auto.png\",\"contentUrl\":\"https:\/\/sport-index.fr\/blog\/wp-content\/uploads\/2026\/07\/logo-auto.png\",\"width\":1024,\"height\":1024,\"caption\":\"Foretsensations.fr\"},\"image\":{\"@id\":\"https:\/\/sport-index.fr\/blog\/#\/schema\/logo\/image\/\"}},{\"@type\":\"Person\",\"@id\":\"https:\/\/sport-index.fr\/blog\/#\/schema\/person\/3c864cdc320801e3db34b663e7e3f816\",\"name\":\"Axel Lauzier\",\"image\":{\"@type\":\"ImageObject\",\"inLanguage\":\"fr-FR\",\"@id\":\"https:\/\/sport-index.fr\/blog\/#\/schema\/person\/image\/\",\"url\":\"https:\/\/sport-index.fr\/blog\/wp-content\/uploads\/2026\/06\/persona_axel-l-96x96.jpg\",\"contentUrl\":\"https:\/\/sport-index.fr\/blog\/wp-content\/uploads\/2026\/06\/persona_axel-l-96x96.jpg\",\"caption\":\"Axel Lauzier\"},\"description\":\"Le sport rythme mon quotidien depuis l'enfance, et j'en ai fait mon m\u00e9tier d'analyste r\u00e9dactionnel il y a une dizaine d'ann\u00e9es. Je couvre principalement le football, son actualit\u00e9, ses transferts et l'analyse tactique des grandes affiches, mais aussi les disciplines plus confidentielles que j'aime remettre en lumi\u00e8re. Une partie de mon travail porte sur les pronostics et la lecture statistique d'un match : forme des \u00e9quipes, historique des confrontations, compositions, sans jamais vendre de fausse certitude. Je rappelle syst\u00e9matiquement que parier comporte un risque et doit rester un loisir ma\u00eetris\u00e9. Avant de signer une analyse, je v\u00e9rifie mes chiffres, je recoupe les compositions probables et je distingue toujours la donn\u00e9e brute de l'intuition. Mon objectif : offrir une lecture honn\u00eate et argument\u00e9e, pas un ticket gagnant garanti.\",\"sameAs\":[\"https:\/\/axellauzier.fr\/\"],\"url\":\"https:\/\/sport-index.fr\/blog\/auteur\/noname\/\"}]}<\/script>\n<!-- \/ Yoast SEO Premium plugin. -->","yoast_head_json":{"title":"Griezmann ne participe pas \u00e0 l'hommage de la FFF : un signe","description":"Quand la FFF a align\u00e9 ses Bleus pour saluer la carri\u00e8re internationale d'Antoine Griezmann, une silhouette manquait au tableau : la sienne. Un vide qui\u2026","robots":{"index":"index","follow":"follow","max-snippet":"max-snippet:-1","max-image-preview":"max-image-preview:large","max-video-preview":"max-video-preview:-1"},"canonical":"https:\/\/sport-index.fr\/blog\/a-la-une\/griezmann-ne-participe-pas-a-lhommage-de-la-fff-un-signe-de-douleur-persistante\/","og_locale":"fr_FR","og_type":"article","og_title":"Griezmann ne participe pas \u00e0 l'hommage de la FFF : un signe","og_description":"Quand la FFF a align\u00e9 ses Bleus pour saluer la carri\u00e8re internationale d'Antoine Griezmann, une silhouette manquait au tableau : la sienne. Un vide qui\u2026","og_url":"https:\/\/sport-index.fr\/blog\/a-la-une\/griezmann-ne-participe-pas-a-lhommage-de-la-fff-un-signe-de-douleur-persistante\/","og_site_name":"sport-index","author":"Axel Lauzier","twitter_card":"summary_large_image","schema":{"@context":"https:\/\/schema.org","@graph":[{"@type":"NewsArticle","@id":"https:\/\/sport-index.fr\/blog\/a-la-une\/griezmann-ne-participe-pas-a-lhommage-de-la-fff-un-signe-de-douleur-persistante\/#article","isPartOf":{"@id":"https:\/\/sport-index.fr\/blog\/a-la-une\/griezmann-ne-participe-pas-a-lhommage-de-la-fff-un-signe-de-douleur-persistante\/"},"author":{"name":"Axel Lauzier","@id":"https:\/\/sport-index.fr\/blog\/#\/schema\/person\/3c864cdc320801e3db34b663e7e3f816"},"headline":"Griezmann ne participe pas \u00e0 l&rsquo;hommage de la FFF : un signe de douleur persistante","datePublished":"2026-05-21T22:42:45+00:00","mainEntityOfPage":{"@id":"https:\/\/sport-index.fr\/blog\/a-la-une\/griezmann-ne-participe-pas-a-lhommage-de-la-fff-un-signe-de-douleur-persistante\/"},"wordCount":1595,"commentCount":22,"publisher":{"@id":"https:\/\/sport-index.fr\/blog\/#organization"},"image":{"@id":"https:\/\/sport-index.fr\/blog\/a-la-une\/griezmann-ne-participe-pas-a-lhommage-de-la-fff-un-signe-de-douleur-persistante\/#primaryimage"},"thumbnailUrl":"https:\/\/sport-index.fr\/blog\/wp-content\/uploads\/2025\/05\/sdxl-dc6f82d4f8efe4a368ef8eb651bba163-scaled.png","keywords":["Antoine Griezmann","Coh\u00e9sion d'\u00c9quipe","Gestion Du Stress","Performance","pression m\u00e9diatique"],"articleSection":["\u00c0 la une"],"inLanguage":"fr-FR","potentialAction":[{"@type":"CommentAction","name":"Comment","target":["https:\/\/sport-index.fr\/blog\/a-la-une\/griezmann-ne-participe-pas-a-lhommage-de-la-fff-un-signe-de-douleur-persistante\/#respond"]}]},{"@type":"WebPage","@id":"https:\/\/sport-index.fr\/blog\/a-la-une\/griezmann-ne-participe-pas-a-lhommage-de-la-fff-un-signe-de-douleur-persistante\/","url":"https:\/\/sport-index.fr\/blog\/a-la-une\/griezmann-ne-participe-pas-a-lhommage-de-la-fff-un-signe-de-douleur-persistante\/","name":"Griezmann ne participe pas \u00e0 l'hommage de la FFF : un signe","isPartOf":{"@id":"https:\/\/sport-index.fr\/blog\/#website"},"primaryImageOfPage":{"@id":"https:\/\/sport-index.fr\/blog\/a-la-une\/griezmann-ne-participe-pas-a-lhommage-de-la-fff-un-signe-de-douleur-persistante\/#primaryimage"},"image":{"@id":"https:\/\/sport-index.fr\/blog\/a-la-une\/griezmann-ne-participe-pas-a-lhommage-de-la-fff-un-signe-de-douleur-persistante\/#primaryimage"},"thumbnailUrl":"https:\/\/sport-index.fr\/blog\/wp-content\/uploads\/2025\/05\/sdxl-dc6f82d4f8efe4a368ef8eb651bba163-scaled.png","datePublished":"2026-05-21T22:42:45+00:00","description":"Quand la FFF a align\u00e9 ses Bleus pour saluer la carri\u00e8re internationale d'Antoine Griezmann, une silhouette manquait au tableau : la sienne. Un vide qui\u2026","inLanguage":"fr-FR","potentialAction":[{"@type":"ReadAction","target":["https:\/\/sport-index.fr\/blog\/a-la-une\/griezmann-ne-participe-pas-a-lhommage-de-la-fff-un-signe-de-douleur-persistante\/"]}]},{"@type":"ImageObject","inLanguage":"fr-FR","@id":"https:\/\/sport-index.fr\/blog\/a-la-une\/griezmann-ne-participe-pas-a-lhommage-de-la-fff-un-signe-de-douleur-persistante\/#primaryimage","url":"https:\/\/sport-index.fr\/blog\/wp-content\/uploads\/2025\/05\/sdxl-dc6f82d4f8efe4a368ef8eb651bba163-scaled.png","contentUrl":"https:\/\/sport-index.fr\/blog\/wp-content\/uploads\/2025\/05\/sdxl-dc6f82d4f8efe4a368ef8eb651bba163-scaled.png","width":1200,"height":500},{"@type":"WebSite","@id":"https:\/\/sport-index.fr\/blog\/#website","url":"https:\/\/sport-index.fr\/blog\/","name":"sport-index.fr","description":"Le score de l\u2019analyse sportive.","publisher":{"@id":"https:\/\/sport-index.fr\/blog\/#organization"},"alternateName":"Le score de l\u2019analyse sportive.","potentialAction":[{"@type":"SearchAction","target":{"@type":"EntryPoint","urlTemplate":"https:\/\/sport-index.fr\/blog\/?s={search_term_string}"},"query-input":{"@type":"PropertyValueSpecification","valueRequired":true,"valueName":"search_term_string"}}],"inLanguage":"fr-FR"},{"@type":"Organization","@id":"https:\/\/sport-index.fr\/blog\/#organization","name":"Foretsensations.fr","url":"https:\/\/sport-index.fr\/blog\/","logo":{"@type":"ImageObject","inLanguage":"fr-FR","@id":"https:\/\/sport-index.fr\/blog\/#\/schema\/logo\/image\/","url":"https:\/\/sport-index.fr\/blog\/wp-content\/uploads\/2026\/07\/logo-auto.png","contentUrl":"https:\/\/sport-index.fr\/blog\/wp-content\/uploads\/2026\/07\/logo-auto.png","width":1024,"height":1024,"caption":"Foretsensations.fr"},"image":{"@id":"https:\/\/sport-index.fr\/blog\/#\/schema\/logo\/image\/"}},{"@type":"Person","@id":"https:\/\/sport-index.fr\/blog\/#\/schema\/person\/3c864cdc320801e3db34b663e7e3f816","name":"Axel Lauzier","image":{"@type":"ImageObject","inLanguage":"fr-FR","@id":"https:\/\/sport-index.fr\/blog\/#\/schema\/person\/image\/","url":"https:\/\/sport-index.fr\/blog\/wp-content\/uploads\/2026\/06\/persona_axel-l-96x96.jpg","contentUrl":"https:\/\/sport-index.fr\/blog\/wp-content\/uploads\/2026\/06\/persona_axel-l-96x96.jpg","caption":"Axel Lauzier"},"description":"Le sport rythme mon quotidien depuis l'enfance, et j'en ai fait mon m\u00e9tier d'analyste r\u00e9dactionnel il y a une dizaine d'ann\u00e9es. Je couvre principalement le football, son actualit\u00e9, ses transferts et l'analyse tactique des grandes affiches, mais aussi les disciplines plus confidentielles que j'aime remettre en lumi\u00e8re. Une partie de mon travail porte sur les pronostics et la lecture statistique d'un match : forme des \u00e9quipes, historique des confrontations, compositions, sans jamais vendre de fausse certitude. Je rappelle syst\u00e9matiquement que parier comporte un risque et doit rester un loisir ma\u00eetris\u00e9. Avant de signer une analyse, je v\u00e9rifie mes chiffres, je recoupe les compositions probables et je distingue toujours la donn\u00e9e brute de l'intuition. Mon objectif : offrir une lecture honn\u00eate et argument\u00e9e, pas un ticket gagnant garanti.","sameAs":["https:\/\/axellauzier.fr\/"],"url":"https:\/\/sport-index.fr\/blog\/auteur\/noname\/"}]}},"_links":{"self":[{"href":"https:\/\/sport-index.fr\/blog\/wp-json\/wp\/v2\/posts\/11842","targetHints":{"allow":["GET"]}}],"collection":[{"href":"https:\/\/sport-index.fr\/blog\/wp-json\/wp\/v2\/posts"}],"about":[{"href":"https:\/\/sport-index.fr\/blog\/wp-json\/wp\/v2\/types\/post"}],"author":[{"embeddable":true,"href":"https:\/\/sport-index.fr\/blog\/wp-json\/wp\/v2\/users\/34"}],"replies":[{"embeddable":true,"href":"https:\/\/sport-index.fr\/blog\/wp-json\/wp\/v2\/comments?post=11842"}],"version-history":[{"count":2,"href":"https:\/\/sport-index.fr\/blog\/wp-json\/wp\/v2\/posts\/11842\/revisions"}],"predecessor-version":[{"id":18014,"href":"https:\/\/sport-index.fr\/blog\/wp-json\/wp\/v2\/posts\/11842\/revisions\/18014"}],"wp:featuredmedia":[{"embeddable":true,"href":"https:\/\/sport-index.fr\/blog\/wp-json\/wp\/v2\/media\/15985"}],"wp:attachment":[{"href":"https:\/\/sport-index.fr\/blog\/wp-json\/wp\/v2\/media?parent=11842"}],"wp:term":[{"taxonomy":"category","embeddable":true,"href":"https:\/\/sport-index.fr\/blog\/wp-json\/wp\/v2\/categories?post=11842"},{"taxonomy":"post_tag","embeddable":true,"href":"https:\/\/sport-index.fr\/blog\/wp-json\/wp\/v2\/tags?post=11842"}],"curies":[{"name":"wp","href":"https:\/\/api.w.org\/{rel}","templated":true}]}}