{"id":11847,"date":"2025-03-16T14:53:44","date_gmt":"2025-03-16T13:53:44","guid":{"rendered":"https:\/\/sport-index.fr\/blog\/?p=11847"},"modified":"2025-03-14T18:51:06","modified_gmt":"2025-03-14T17:51:06","slug":"mathieu-smaili-prolonge-avec-toulon-un-avenir-prometteur-au-rct","status":"publish","type":"post","link":"https:\/\/sport-index.fr\/blog\/a-la-une\/mathieu-smaili-prolonge-avec-toulon-un-avenir-prometteur-au-rct\/","title":{"rendered":"mathieu sma\u00efli prolonge avec toulon : un avenir prometteur au RCT"},"content":{"rendered":"<h2>Mathieu Sma\u00efli, un pilier du rugby toulonnais<\/h2>\n<p>Ce jeune trois-quarts centre, \u00e2g\u00e9 de 25 ans, a d\u00e9cid\u00e9 de poursuivre son aventure en Rouge et Noir pour les deux prochaines saisons. En d\u00e9pit d&rsquo;une p\u00e9riode marqu\u00e9e par des blessures, il demeure un joueur crucial pour l&rsquo;\u00e9quipe.<\/p>\n<p>Le choix de Sma\u00efli de rester \u00e0 Toulon refl\u00e8te sa volont\u00e9 de contribuer \u00e0 un projet ambitieux. Le club, qui a d\u00e9j\u00e0 s\u00e9curis\u00e9 plusieurs prolongations ces derni\u00e8res semaines, souhaite b\u00e2tir une \u00e9quipe comp\u00e9titive pour les saisons \u00e0 venir. La continuit\u00e9 de Sma\u00efli est un atout non n\u00e9gligeable pour le RCT dans un contexte de changements au sein de l&rsquo;effectif.<\/p>\n<h2>Un avenir incertain pour le centre du terrain<\/h2>\n<p>La prolongation de Sma\u00efli intervient \u00e0 un moment critique pour le Rugby Club Toulonnais. Avec les d\u00e9parts annonc\u00e9s de Leicester Fainga\u2019anuku et Duncan Paia\u2019aua, le club fait face \u00e0 un chantier consid\u00e9rable au centre du terrain. De plus, J\u00e9r\u00e9my Sinzelle, un autre joueur cl\u00e9, arrive \u00e9galement en fin de contrat et pourrait prendre sa retraite.<\/p>\n<p>Dans ce contexte, les dirigeants du RCT ont compris l&rsquo;importance de garder Sma\u00efli. Les rumeurs d&rsquo;int\u00e9r\u00eats d&rsquo;autres clubs, notamment des \u00e9quipes de Pro D2 comme Provence Rugby et Brive, ont accentu\u00e9 la n\u00e9cessit\u00e9 de s\u00e9curiser ce jeune talent. Son engagement \u00e0 Toulon est donc une d\u00e9cision strat\u00e9gique pour l&rsquo;avenir de l&rsquo;\u00e9quipe.<\/p>\n<h2>Les ambitions du Rugby Club Toulonnais<\/h2>\n<p>Avec la prolongation de Sma\u00efli et l&rsquo;arriv\u00e9e de nouveaux joueurs comme Brex, le RCT met en place des fondations solides pour la saison prochaine. Le club est en pleine restructuration et cherche \u00e0 renforcer son effectif tout en int\u00e9grant des joueurs qui respectent le statut JIFF. Cela t\u00e9moigne d&rsquo;une volont\u00e9 claire de b\u00e2tir une \u00e9quipe comp\u00e9titive et durable.<\/p>\n<p>Les dirigeants du club sont en discussions pour attirer de nouveaux talents, mais les options s&rsquo;av\u00e8rent limit\u00e9es. La d\u00e9marche de prolonger Sma\u00efli est donc un premier pas vers une reconstruction r\u00e9ussie. Le joueur aura ainsi la chance de prouver sa valeur et d&rsquo;assumer un r\u00f4le pr\u00e9pond\u00e9rant au sein de son \u00e9quipe.<\/p>\n<blockquote><p>\n\u00ab Je suis ravi de continuer mon aventure avec Toulon. C&rsquo;est ici que j&rsquo;ai toujours voulu jouer. \u00bb &#8211; Mathieu Sma\u00efli\n<\/p><\/blockquote>\n<ul>\n<li>Prolongation de contrat de Mathieu Sma\u00efli avec Toulon pour deux saisons.<\/li>\n<li>Le club fait face \u00e0 plusieurs d\u00e9parts, notamment de Fainga\u2019anuku et Paia\u2019aua.<\/li>\n<li>Les dirigeants recherchent activement de nouveaux joueurs au centre du terrain.<\/li>\n<li>Sma\u00efli a suscit\u00e9 l&rsquo;int\u00e9r\u00eat de clubs de Pro D2 tels que Provence Rugby et Brive.<\/li>\n<li>Le statut JIFF est une priorit\u00e9 pour les recruteurs du RCT.<\/li>\n<\/ul>\n<p>Mathieu Sma\u00efli, avec son parcours impressionnant, a encore beaucoup \u00e0 offrir au Rugby Club Toulonnais. Son engagement \u00e0 long terme est une excellente nouvelle pour les supporters et pour la direction du club, qui mise sur sa jeunesse et son talent. La saison prochaine s&rsquo;annonce passionnante pour le RCT, avec des joueurs qui sont d\u00e9termin\u00e9s \u00e0 faire briller les couleurs toulonnaises sur le terrain.<\/p>\n","protected":false},"excerpt":{"rendered":"","protected":false},"author":34,"featured_media":15617,"comment_status":"open","ping_status":"open","sticky":false,"template":"","format":"standard","meta":{"_acf_changed":false,"manual_indexmenow":false,"indexmenow_id_project":0,"footnotes":""},"categories":[1],"tags":[4561,4378,4693,4536,4554],"class_list":["post-11847","post","type-post","status-publish","format-standard","has-post-thumbnail","hentry","category-a-la-une","tag-gestion-des-talents","tag-performance-durable","tag-pro-d2","tag-rugby","tag-xv-de-france","generate-columns","tablet-grid-50","mobile-grid-100","grid-parent","grid-25"],"acf":[],"yoast_head":"<!-- This site is optimized with the Yoast SEO Premium plugin v21.3 (Yoast SEO v26.5) - https:\/\/yoast.com\/wordpress\/plugins\/seo\/ -->\n<title>mathieu sma\u00efli prolonge avec toulon : un avenir prometteur<\/title>\n<meta name=\"description\" content=\"Mathieu Sma\u00efli, un pilier du rugby toulonnais Ce jeune trois-quarts centre, \u00e2g\u00e9 de 25 ans, a d\u00e9cid\u00e9 de poursuivre son aventure en Rouge et Noir pour les\u2026\" \/>\n<meta name=\"robots\" content=\"index, follow, max-snippet:-1, max-image-preview:large, max-video-preview:-1\" \/>\n<link rel=\"canonical\" href=\"https:\/\/sport-index.fr\/blog\/a-la-une\/mathieu-smaili-prolonge-avec-toulon-un-avenir-prometteur-au-rct\/\" \/>\n<meta property=\"og:locale\" content=\"fr_FR\" \/>\n<meta property=\"og:type\" content=\"article\" \/>\n<meta property=\"og:title\" content=\"mathieu sma\u00efli prolonge avec toulon : un avenir prometteur\" \/>\n<meta property=\"og:description\" content=\"Mathieu Sma\u00efli, un pilier du rugby toulonnais Ce jeune trois-quarts centre, \u00e2g\u00e9 de 25 ans, a d\u00e9cid\u00e9 de poursuivre son aventure en Rouge et Noir pour les\u2026\" \/>\n<meta property=\"og:url\" content=\"https:\/\/sport-index.fr\/blog\/a-la-une\/mathieu-smaili-prolonge-avec-toulon-un-avenir-prometteur-au-rct\/\" \/>\n<meta property=\"og:site_name\" content=\"sport-index\" \/>\n<meta name=\"author\" content=\"Axel Lauzier\" \/>\n<meta name=\"twitter:card\" content=\"summary_large_image\" \/>\n<script type=\"application\/ld+json\" class=\"yoast-schema-graph\">{\"@context\":\"https:\/\/schema.org\",\"@graph\":[{\"@type\":\"NewsArticle\",\"@id\":\"https:\/\/sport-index.fr\/blog\/a-la-une\/mathieu-smaili-prolonge-avec-toulon-un-avenir-prometteur-au-rct\/#article\",\"isPartOf\":{\"@id\":\"https:\/\/sport-index.fr\/blog\/a-la-une\/mathieu-smaili-prolonge-avec-toulon-un-avenir-prometteur-au-rct\/\"},\"author\":{\"name\":\"Axel Lauzier\",\"@id\":\"https:\/\/sport-index.fr\/blog\/#\/schema\/person\/3c864cdc320801e3db34b663e7e3f816\"},\"headline\":\"mathieu sma\u00efli prolonge avec toulon : un avenir prometteur au RCT\",\"datePublished\":\"2025-03-16T13:53:44+00:00\",\"mainEntityOfPage\":{\"@id\":\"https:\/\/sport-index.fr\/blog\/a-la-une\/mathieu-smaili-prolonge-avec-toulon-un-avenir-prometteur-au-rct\/\"},\"wordCount\":545,\"commentCount\":27,\"publisher\":{\"@id\":\"https:\/\/sport-index.fr\/blog\/#organization\"},\"image\":{\"@id\":\"https:\/\/sport-index.fr\/blog\/a-la-une\/mathieu-smaili-prolonge-avec-toulon-un-avenir-prometteur-au-rct\/#primaryimage\"},\"thumbnailUrl\":\"https:\/\/sport-index.fr\/blog\/wp-content\/uploads\/2025\/05\/sdxl-13b1247919c6da4db8875b7414d98e5c-scaled.png\",\"keywords\":[\"Gestion des Talents\",\"Performance Durable\",\"Pro D2\",\"Rugby\",\"XV de France\"],\"articleSection\":[\"\u00c0 la une\"],\"inLanguage\":\"fr-FR\",\"potentialAction\":[{\"@type\":\"CommentAction\",\"name\":\"Comment\",\"target\":[\"https:\/\/sport-index.fr\/blog\/a-la-une\/mathieu-smaili-prolonge-avec-toulon-un-avenir-prometteur-au-rct\/#respond\"]}]},{\"@type\":\"WebPage\",\"@id\":\"https:\/\/sport-index.fr\/blog\/a-la-une\/mathieu-smaili-prolonge-avec-toulon-un-avenir-prometteur-au-rct\/\",\"url\":\"https:\/\/sport-index.fr\/blog\/a-la-une\/mathieu-smaili-prolonge-avec-toulon-un-avenir-prometteur-au-rct\/\",\"name\":\"mathieu sma\u00efli prolonge avec toulon : un avenir prometteur\",\"isPartOf\":{\"@id\":\"https:\/\/sport-index.fr\/blog\/#website\"},\"primaryImageOfPage\":{\"@id\":\"https:\/\/sport-index.fr\/blog\/a-la-une\/mathieu-smaili-prolonge-avec-toulon-un-avenir-prometteur-au-rct\/#primaryimage\"},\"image\":{\"@id\":\"https:\/\/sport-index.fr\/blog\/a-la-une\/mathieu-smaili-prolonge-avec-toulon-un-avenir-prometteur-au-rct\/#primaryimage\"},\"thumbnailUrl\":\"https:\/\/sport-index.fr\/blog\/wp-content\/uploads\/2025\/05\/sdxl-13b1247919c6da4db8875b7414d98e5c-scaled.png\",\"datePublished\":\"2025-03-16T13:53:44+00:00\",\"description\":\"Mathieu Sma\u00efli, un pilier du rugby toulonnais Ce jeune trois-quarts centre, \u00e2g\u00e9 de 25 ans, a d\u00e9cid\u00e9 de poursuivre son aventure en Rouge et Noir pour les\u2026\",\"inLanguage\":\"fr-FR\",\"potentialAction\":[{\"@type\":\"ReadAction\",\"target\":[\"https:\/\/sport-index.fr\/blog\/a-la-une\/mathieu-smaili-prolonge-avec-toulon-un-avenir-prometteur-au-rct\/\"]}]},{\"@type\":\"ImageObject\",\"inLanguage\":\"fr-FR\",\"@id\":\"https:\/\/sport-index.fr\/blog\/a-la-une\/mathieu-smaili-prolonge-avec-toulon-un-avenir-prometteur-au-rct\/#primaryimage\",\"url\":\"https:\/\/sport-index.fr\/blog\/wp-content\/uploads\/2025\/05\/sdxl-13b1247919c6da4db8875b7414d98e5c-scaled.png\",\"contentUrl\":\"https:\/\/sport-index.fr\/blog\/wp-content\/uploads\/2025\/05\/sdxl-13b1247919c6da4db8875b7414d98e5c-scaled.png\",\"width\":1200,\"height\":500},{\"@type\":\"WebSite\",\"@id\":\"https:\/\/sport-index.fr\/blog\/#website\",\"url\":\"https:\/\/sport-index.fr\/blog\/\",\"name\":\"sport-index.fr\",\"description\":\"Le score de l\u2019analyse sportive.\",\"publisher\":{\"@id\":\"https:\/\/sport-index.fr\/blog\/#organization\"},\"alternateName\":\"Le score de l\u2019analyse sportive.\",\"potentialAction\":[{\"@type\":\"SearchAction\",\"target\":{\"@type\":\"EntryPoint\",\"urlTemplate\":\"https:\/\/sport-index.fr\/blog\/?s={search_term_string}\"},\"query-input\":{\"@type\":\"PropertyValueSpecification\",\"valueRequired\":true,\"valueName\":\"search_term_string\"}}],\"inLanguage\":\"fr-FR\"},{\"@type\":\"Organization\",\"@id\":\"https:\/\/sport-index.fr\/blog\/#organization\",\"name\":\"Foretsensations.fr\",\"url\":\"https:\/\/sport-index.fr\/blog\/\",\"logo\":{\"@type\":\"ImageObject\",\"inLanguage\":\"fr-FR\",\"@id\":\"https:\/\/sport-index.fr\/blog\/#\/schema\/logo\/image\/\",\"url\":\"https:\/\/sport-index.fr\/blog\/wp-content\/uploads\/2026\/07\/logo-auto.png\",\"contentUrl\":\"https:\/\/sport-index.fr\/blog\/wp-content\/uploads\/2026\/07\/logo-auto.png\",\"width\":1024,\"height\":1024,\"caption\":\"Foretsensations.fr\"},\"image\":{\"@id\":\"https:\/\/sport-index.fr\/blog\/#\/schema\/logo\/image\/\"}},{\"@type\":\"Person\",\"@id\":\"https:\/\/sport-index.fr\/blog\/#\/schema\/person\/3c864cdc320801e3db34b663e7e3f816\",\"name\":\"Axel Lauzier\",\"image\":{\"@type\":\"ImageObject\",\"inLanguage\":\"fr-FR\",\"@id\":\"https:\/\/sport-index.fr\/blog\/#\/schema\/person\/image\/\",\"url\":\"https:\/\/sport-index.fr\/blog\/wp-content\/uploads\/2026\/06\/persona_axel-l-96x96.jpg\",\"contentUrl\":\"https:\/\/sport-index.fr\/blog\/wp-content\/uploads\/2026\/06\/persona_axel-l-96x96.jpg\",\"caption\":\"Axel Lauzier\"},\"description\":\"Le sport rythme mon quotidien depuis l'enfance, et j'en ai fait mon m\u00e9tier d'analyste r\u00e9dactionnel il y a une dizaine d'ann\u00e9es. Je couvre principalement le football, son actualit\u00e9, ses transferts et l'analyse tactique des grandes affiches, mais aussi les disciplines plus confidentielles que j'aime remettre en lumi\u00e8re. Une partie de mon travail porte sur les pronostics et la lecture statistique d'un match : forme des \u00e9quipes, historique des confrontations, compositions, sans jamais vendre de fausse certitude. Je rappelle syst\u00e9matiquement que parier comporte un risque et doit rester un loisir ma\u00eetris\u00e9. Avant de signer une analyse, je v\u00e9rifie mes chiffres, je recoupe les compositions probables et je distingue toujours la donn\u00e9e brute de l'intuition. Mon objectif : offrir une lecture honn\u00eate et argument\u00e9e, pas un ticket gagnant garanti.\",\"sameAs\":[\"https:\/\/axellauzier.fr\/\"],\"url\":\"https:\/\/sport-index.fr\/blog\/auteur\/noname\/\"}]}<\/script>\n<!-- \/ Yoast SEO Premium plugin. -->","yoast_head_json":{"title":"mathieu sma\u00efli prolonge avec toulon : un avenir prometteur","description":"Mathieu Sma\u00efli, un pilier du rugby toulonnais Ce jeune trois-quarts centre, \u00e2g\u00e9 de 25 ans, a d\u00e9cid\u00e9 de poursuivre son aventure en Rouge et Noir pour les\u2026","robots":{"index":"index","follow":"follow","max-snippet":"max-snippet:-1","max-image-preview":"max-image-preview:large","max-video-preview":"max-video-preview:-1"},"canonical":"https:\/\/sport-index.fr\/blog\/a-la-une\/mathieu-smaili-prolonge-avec-toulon-un-avenir-prometteur-au-rct\/","og_locale":"fr_FR","og_type":"article","og_title":"mathieu sma\u00efli prolonge avec toulon : un avenir prometteur","og_description":"Mathieu Sma\u00efli, un pilier du rugby toulonnais Ce jeune trois-quarts centre, \u00e2g\u00e9 de 25 ans, a d\u00e9cid\u00e9 de poursuivre son aventure en Rouge et Noir pour les\u2026","og_url":"https:\/\/sport-index.fr\/blog\/a-la-une\/mathieu-smaili-prolonge-avec-toulon-un-avenir-prometteur-au-rct\/","og_site_name":"sport-index","author":"Axel Lauzier","twitter_card":"summary_large_image","schema":{"@context":"https:\/\/schema.org","@graph":[{"@type":"NewsArticle","@id":"https:\/\/sport-index.fr\/blog\/a-la-une\/mathieu-smaili-prolonge-avec-toulon-un-avenir-prometteur-au-rct\/#article","isPartOf":{"@id":"https:\/\/sport-index.fr\/blog\/a-la-une\/mathieu-smaili-prolonge-avec-toulon-un-avenir-prometteur-au-rct\/"},"author":{"name":"Axel Lauzier","@id":"https:\/\/sport-index.fr\/blog\/#\/schema\/person\/3c864cdc320801e3db34b663e7e3f816"},"headline":"mathieu sma\u00efli prolonge avec toulon : un avenir prometteur au RCT","datePublished":"2025-03-16T13:53:44+00:00","mainEntityOfPage":{"@id":"https:\/\/sport-index.fr\/blog\/a-la-une\/mathieu-smaili-prolonge-avec-toulon-un-avenir-prometteur-au-rct\/"},"wordCount":545,"commentCount":27,"publisher":{"@id":"https:\/\/sport-index.fr\/blog\/#organization"},"image":{"@id":"https:\/\/sport-index.fr\/blog\/a-la-une\/mathieu-smaili-prolonge-avec-toulon-un-avenir-prometteur-au-rct\/#primaryimage"},"thumbnailUrl":"https:\/\/sport-index.fr\/blog\/wp-content\/uploads\/2025\/05\/sdxl-13b1247919c6da4db8875b7414d98e5c-scaled.png","keywords":["Gestion des Talents","Performance Durable","Pro D2","Rugby","XV de France"],"articleSection":["\u00c0 la une"],"inLanguage":"fr-FR","potentialAction":[{"@type":"CommentAction","name":"Comment","target":["https:\/\/sport-index.fr\/blog\/a-la-une\/mathieu-smaili-prolonge-avec-toulon-un-avenir-prometteur-au-rct\/#respond"]}]},{"@type":"WebPage","@id":"https:\/\/sport-index.fr\/blog\/a-la-une\/mathieu-smaili-prolonge-avec-toulon-un-avenir-prometteur-au-rct\/","url":"https:\/\/sport-index.fr\/blog\/a-la-une\/mathieu-smaili-prolonge-avec-toulon-un-avenir-prometteur-au-rct\/","name":"mathieu sma\u00efli prolonge avec toulon : un avenir prometteur","isPartOf":{"@id":"https:\/\/sport-index.fr\/blog\/#website"},"primaryImageOfPage":{"@id":"https:\/\/sport-index.fr\/blog\/a-la-une\/mathieu-smaili-prolonge-avec-toulon-un-avenir-prometteur-au-rct\/#primaryimage"},"image":{"@id":"https:\/\/sport-index.fr\/blog\/a-la-une\/mathieu-smaili-prolonge-avec-toulon-un-avenir-prometteur-au-rct\/#primaryimage"},"thumbnailUrl":"https:\/\/sport-index.fr\/blog\/wp-content\/uploads\/2025\/05\/sdxl-13b1247919c6da4db8875b7414d98e5c-scaled.png","datePublished":"2025-03-16T13:53:44+00:00","description":"Mathieu Sma\u00efli, un pilier du rugby toulonnais Ce jeune trois-quarts centre, \u00e2g\u00e9 de 25 ans, a d\u00e9cid\u00e9 de poursuivre son aventure en Rouge et Noir pour les\u2026","inLanguage":"fr-FR","potentialAction":[{"@type":"ReadAction","target":["https:\/\/sport-index.fr\/blog\/a-la-une\/mathieu-smaili-prolonge-avec-toulon-un-avenir-prometteur-au-rct\/"]}]},{"@type":"ImageObject","inLanguage":"fr-FR","@id":"https:\/\/sport-index.fr\/blog\/a-la-une\/mathieu-smaili-prolonge-avec-toulon-un-avenir-prometteur-au-rct\/#primaryimage","url":"https:\/\/sport-index.fr\/blog\/wp-content\/uploads\/2025\/05\/sdxl-13b1247919c6da4db8875b7414d98e5c-scaled.png","contentUrl":"https:\/\/sport-index.fr\/blog\/wp-content\/uploads\/2025\/05\/sdxl-13b1247919c6da4db8875b7414d98e5c-scaled.png","width":1200,"height":500},{"@type":"WebSite","@id":"https:\/\/sport-index.fr\/blog\/#website","url":"https:\/\/sport-index.fr\/blog\/","name":"sport-index.fr","description":"Le score de l\u2019analyse sportive.","publisher":{"@id":"https:\/\/sport-index.fr\/blog\/#organization"},"alternateName":"Le score de l\u2019analyse sportive.","potentialAction":[{"@type":"SearchAction","target":{"@type":"EntryPoint","urlTemplate":"https:\/\/sport-index.fr\/blog\/?s={search_term_string}"},"query-input":{"@type":"PropertyValueSpecification","valueRequired":true,"valueName":"search_term_string"}}],"inLanguage":"fr-FR"},{"@type":"Organization","@id":"https:\/\/sport-index.fr\/blog\/#organization","name":"Foretsensations.fr","url":"https:\/\/sport-index.fr\/blog\/","logo":{"@type":"ImageObject","inLanguage":"fr-FR","@id":"https:\/\/sport-index.fr\/blog\/#\/schema\/logo\/image\/","url":"https:\/\/sport-index.fr\/blog\/wp-content\/uploads\/2026\/07\/logo-auto.png","contentUrl":"https:\/\/sport-index.fr\/blog\/wp-content\/uploads\/2026\/07\/logo-auto.png","width":1024,"height":1024,"caption":"Foretsensations.fr"},"image":{"@id":"https:\/\/sport-index.fr\/blog\/#\/schema\/logo\/image\/"}},{"@type":"Person","@id":"https:\/\/sport-index.fr\/blog\/#\/schema\/person\/3c864cdc320801e3db34b663e7e3f816","name":"Axel Lauzier","image":{"@type":"ImageObject","inLanguage":"fr-FR","@id":"https:\/\/sport-index.fr\/blog\/#\/schema\/person\/image\/","url":"https:\/\/sport-index.fr\/blog\/wp-content\/uploads\/2026\/06\/persona_axel-l-96x96.jpg","contentUrl":"https:\/\/sport-index.fr\/blog\/wp-content\/uploads\/2026\/06\/persona_axel-l-96x96.jpg","caption":"Axel Lauzier"},"description":"Le sport rythme mon quotidien depuis l'enfance, et j'en ai fait mon m\u00e9tier d'analyste r\u00e9dactionnel il y a une dizaine d'ann\u00e9es. Je couvre principalement le football, son actualit\u00e9, ses transferts et l'analyse tactique des grandes affiches, mais aussi les disciplines plus confidentielles que j'aime remettre en lumi\u00e8re. Une partie de mon travail porte sur les pronostics et la lecture statistique d'un match : forme des \u00e9quipes, historique des confrontations, compositions, sans jamais vendre de fausse certitude. Je rappelle syst\u00e9matiquement que parier comporte un risque et doit rester un loisir ma\u00eetris\u00e9. Avant de signer une analyse, je v\u00e9rifie mes chiffres, je recoupe les compositions probables et je distingue toujours la donn\u00e9e brute de l'intuition. Mon objectif : offrir une lecture honn\u00eate et argument\u00e9e, pas un ticket gagnant garanti.","sameAs":["https:\/\/axellauzier.fr\/"],"url":"https:\/\/sport-index.fr\/blog\/auteur\/noname\/"}]}},"_links":{"self":[{"href":"https:\/\/sport-index.fr\/blog\/wp-json\/wp\/v2\/posts\/11847","targetHints":{"allow":["GET"]}}],"collection":[{"href":"https:\/\/sport-index.fr\/blog\/wp-json\/wp\/v2\/posts"}],"about":[{"href":"https:\/\/sport-index.fr\/blog\/wp-json\/wp\/v2\/types\/post"}],"author":[{"embeddable":true,"href":"https:\/\/sport-index.fr\/blog\/wp-json\/wp\/v2\/users\/34"}],"replies":[{"embeddable":true,"href":"https:\/\/sport-index.fr\/blog\/wp-json\/wp\/v2\/comments?post=11847"}],"version-history":[{"count":1,"href":"https:\/\/sport-index.fr\/blog\/wp-json\/wp\/v2\/posts\/11847\/revisions"}],"predecessor-version":[{"id":12000,"href":"https:\/\/sport-index.fr\/blog\/wp-json\/wp\/v2\/posts\/11847\/revisions\/12000"}],"wp:featuredmedia":[{"embeddable":true,"href":"https:\/\/sport-index.fr\/blog\/wp-json\/wp\/v2\/media\/15617"}],"wp:attachment":[{"href":"https:\/\/sport-index.fr\/blog\/wp-json\/wp\/v2\/media?parent=11847"}],"wp:term":[{"taxonomy":"category","embeddable":true,"href":"https:\/\/sport-index.fr\/blog\/wp-json\/wp\/v2\/categories?post=11847"},{"taxonomy":"post_tag","embeddable":true,"href":"https:\/\/sport-index.fr\/blog\/wp-json\/wp\/v2\/tags?post=11847"}],"curies":[{"name":"wp","href":"https:\/\/api.w.org\/{rel}","templated":true}]}}