{"id":11851,"date":"2025-03-17T00:14:12","date_gmt":"2025-03-16T23:14:12","guid":{"rendered":"https:\/\/sport-index.fr\/blog\/?p=11851"},"modified":"2025-03-14T19:24:39","modified_gmt":"2025-03-14T18:24:39","slug":"une-absence-de-taille-jonny-gray-forfait-pour-le-choc-contre-le-xv-de-france","status":"publish","type":"post","link":"https:\/\/sport-index.fr\/blog\/a-la-une\/une-absence-de-taille-jonny-gray-forfait-pour-le-choc-contre-le-xv-de-france\/","title":{"rendered":"Une absence de taille : Jonny Gray forfait pour le choc contre le XV de France"},"content":{"rendered":"<h2>Une nouvelle d\u00e9ception pour l&rsquo;\u00e9quipe \u00e9cossaise<\/h2>\n<p>Sa blessure au genou le contraint \u00e0 d\u00e9clarer forfait, un coup dur pour l&rsquo;\u00e9quipe qui esp\u00e9rait capitaliser sur son exp\u00e9rience lors de ce match crucial. Pour le remplacer, Ewan Johnson, un jeune joueur prometteur, prendra place sur le banc, apportant une dynamique diff\u00e9rente \u00e0 la s\u00e9lection.<\/p>\n<p>Cette d\u00e9cision a \u00e9t\u00e9 annonc\u00e9e par la f\u00e9d\u00e9ration \u00e9cossaise via leurs r\u00e9seaux sociaux, confirmant que la sant\u00e9 de Gray prime sur tout. Les supporters craignent que cette absence ne compromette les chances de l&rsquo;\u00c9cosse, qui doit encore esp\u00e9rer un miracle pour obtenir le troph\u00e9e. Le match contre les Bleus s&rsquo;annonce comme un v\u00e9ritable d\u00e9fi et chaque absence se fait ressentir dans une comp\u00e9tition aussi serr\u00e9e.<\/p>\n<h2>Ewan Johnson : une nouvelle chance pour briller<\/h2>\n<p>Ewan Johnson, bien que moins exp\u00e9riment\u00e9, a l&rsquo;occasion de prouver sa valeur sur la sc\u00e8ne internationale. \u00c0 seulement 25 ans, il a d\u00e9j\u00e0 fait preuve de ses capacit\u00e9s lors de ses pr\u00e9c\u00e9dentes s\u00e9lections, mais ce match repr\u00e9sente un tournant dans sa carri\u00e8re. En montant sur le terrain, il pourrait non seulement impressionner les s\u00e9lectionneurs, mais aussi solidifier sa place pour l&rsquo;avenir.<\/p>\n<p>Le staff technique a confiance en Johnson, et son entr\u00e9e pourrait apporter un souffle nouveau \u00e0 l&rsquo;\u00e9quipe. Avec un style de jeu \u00e9nergique et une d\u00e9termination \u00e0 toute \u00e9preuve, il est crucial qu&rsquo;il s&rsquo;adapte rapidement aux exigences du match. Les attentes sont \u00e9lev\u00e9es, tant de la part des fans que des membres de l&rsquo;\u00e9quipe, qui esp\u00e8rent qu&rsquo;il saura faire oublier l&rsquo;absence de Gray.<\/p>\n<h2>Un d\u00e9fi monumental pour l&rsquo;\u00c9cosse<\/h2>\n<p>Le choc contre le XV de France est souvent consid\u00e9r\u00e9 comme le match le plus difficile du tournoi. Pour l&rsquo;\u00c9cosse, il ne s&rsquo;agit pas seulement d&rsquo;une question de points, mais d&rsquo;une occasion de montrer leur force face \u00e0 un adversaire redoutable. Gregor Townsend, le s\u00e9lectionneur, a d\u00e9crit cette rencontre comme \u00ab\u00a0probablement le plus grand d\u00e9fi du rugby mondial\u00a0\u00bb.<\/p>\n<p>Au-del\u00e0 de la simple victoire, l&rsquo;\u00c9cosse doit \u00e9galement g\u00e9rer la pression du public et des attentes \u00e9lev\u00e9es. Les joueurs, men\u00e9s par des figures comme Duhan van der Merwe, devront faire preuve de r\u00e9silience et d&rsquo;unit\u00e9 pour esp\u00e9rer triompher. Les strat\u00e9gies mises en place par le staff seront mises \u00e0 l&rsquo;\u00e9preuve, et chaque joueur devra donner le meilleur de lui-m\u00eame.<\/p>\n<ul>\n<li>Jonny Gray absent \u00e0 cause d&rsquo;une blessure au genou<\/li>\n<li>Ewan Johnson remplace Gray sur le banc des rempla\u00e7ants<\/li>\n<li>Le match contre le XV de France s&rsquo;annonce comme un d\u00e9fi colossal<\/li>\n<li>Les chances de l&rsquo;\u00c9cosse de remporter le tournoi demeurent incertaines<\/li>\n<li>Gregor Townsend souligne l&rsquo;importance de ce dernier match<\/li>\n<\/ul>\n<blockquote>\n<p>\u201cL&rsquo;absence de Jonny est un coup dur, mais nous avons confiance en Ewan pour saisir cette chance.\u201d<\/p>\n<\/blockquote>\n<p>L&rsquo;\u00c9cosse se pr\u00e9pare pour un match qui pourrait d\u00e9finir son tournoi, et bien qu&rsquo;une victoire semble lointaine, le potentiel des joueurs comme Ewan Johnson pourrait surprendre plus d&rsquo;un. Les fans attendent avec impatience de voir comment l&rsquo;\u00e9quipe r\u00e9agira face \u00e0 ce d\u00e9fi monumental.<\/p>\n","protected":false},"excerpt":{"rendered":"","protected":false},"author":34,"featured_media":15611,"comment_status":"open","ping_status":"open","sticky":false,"template":"","format":"standard","meta":{"_acf_changed":false,"manual_indexmenow":false,"indexmenow_id_project":0,"footnotes":""},"categories":[1],"tags":[4898,4632,4408,4536,4554],"class_list":["post-11851","post","type-post","status-publish","format-standard","has-post-thumbnail","hentry","category-a-la-une","tag-gestion-du-stress","tag-performance-sportive","tag-resilience","tag-rugby","tag-xv-de-france","generate-columns","tablet-grid-50","mobile-grid-100","grid-parent","grid-25"],"acf":[],"yoast_head":"<!-- This site is optimized with the Yoast SEO Premium plugin v21.3 (Yoast SEO v26.5) - https:\/\/yoast.com\/wordpress\/plugins\/seo\/ -->\n<title>Une absence de taille : Jonny Gray forfait pour le choc<\/title>\n<meta name=\"description\" content=\"Une nouvelle d\u00e9ception pour l&#039;\u00e9quipe \u00e9cossaise Sa blessure au genou le contraint \u00e0 d\u00e9clarer forfait, un coup dur pour l&#039;\u00e9quipe qui esp\u00e9rait capitaliser\u2026\" \/>\n<meta name=\"robots\" content=\"index, follow, max-snippet:-1, max-image-preview:large, max-video-preview:-1\" \/>\n<link rel=\"canonical\" href=\"https:\/\/sport-index.fr\/blog\/a-la-une\/une-absence-de-taille-jonny-gray-forfait-pour-le-choc-contre-le-xv-de-france\/\" \/>\n<meta property=\"og:locale\" content=\"fr_FR\" \/>\n<meta property=\"og:type\" content=\"article\" \/>\n<meta property=\"og:title\" content=\"Une absence de taille : Jonny Gray forfait pour le choc\" \/>\n<meta property=\"og:description\" content=\"Une nouvelle d\u00e9ception pour l&#039;\u00e9quipe \u00e9cossaise Sa blessure au genou le contraint \u00e0 d\u00e9clarer forfait, un coup dur pour l&#039;\u00e9quipe qui esp\u00e9rait capitaliser\u2026\" \/>\n<meta property=\"og:url\" content=\"https:\/\/sport-index.fr\/blog\/a-la-une\/une-absence-de-taille-jonny-gray-forfait-pour-le-choc-contre-le-xv-de-france\/\" \/>\n<meta property=\"og:site_name\" content=\"sport-index\" \/>\n<meta name=\"author\" content=\"Axel Lauzier\" \/>\n<meta name=\"twitter:card\" content=\"summary_large_image\" \/>\n<script type=\"application\/ld+json\" class=\"yoast-schema-graph\">{\"@context\":\"https:\/\/schema.org\",\"@graph\":[{\"@type\":\"NewsArticle\",\"@id\":\"https:\/\/sport-index.fr\/blog\/a-la-une\/une-absence-de-taille-jonny-gray-forfait-pour-le-choc-contre-le-xv-de-france\/#article\",\"isPartOf\":{\"@id\":\"https:\/\/sport-index.fr\/blog\/a-la-une\/une-absence-de-taille-jonny-gray-forfait-pour-le-choc-contre-le-xv-de-france\/\"},\"author\":{\"name\":\"Axel Lauzier\",\"@id\":\"https:\/\/sport-index.fr\/blog\/#\/schema\/person\/3c864cdc320801e3db34b663e7e3f816\"},\"headline\":\"Une absence de taille : Jonny Gray forfait pour le choc contre le XV de France\",\"datePublished\":\"2025-03-16T23:14:12+00:00\",\"mainEntityOfPage\":{\"@id\":\"https:\/\/sport-index.fr\/blog\/a-la-une\/une-absence-de-taille-jonny-gray-forfait-pour-le-choc-contre-le-xv-de-france\/\"},\"wordCount\":561,\"commentCount\":22,\"publisher\":{\"@id\":\"https:\/\/sport-index.fr\/blog\/#organization\"},\"image\":{\"@id\":\"https:\/\/sport-index.fr\/blog\/a-la-une\/une-absence-de-taille-jonny-gray-forfait-pour-le-choc-contre-le-xv-de-france\/#primaryimage\"},\"thumbnailUrl\":\"https:\/\/sport-index.fr\/blog\/wp-content\/uploads\/2025\/05\/sdxl-7aaf5e4542afb9d693b064555f7d2845-scaled.png\",\"keywords\":[\"Gestion Du Stress\",\"Performance sportive\",\"R\u00e9silience\",\"Rugby\",\"XV de France\"],\"articleSection\":[\"\u00c0 la une\"],\"inLanguage\":\"fr-FR\",\"potentialAction\":[{\"@type\":\"CommentAction\",\"name\":\"Comment\",\"target\":[\"https:\/\/sport-index.fr\/blog\/a-la-une\/une-absence-de-taille-jonny-gray-forfait-pour-le-choc-contre-le-xv-de-france\/#respond\"]}]},{\"@type\":\"WebPage\",\"@id\":\"https:\/\/sport-index.fr\/blog\/a-la-une\/une-absence-de-taille-jonny-gray-forfait-pour-le-choc-contre-le-xv-de-france\/\",\"url\":\"https:\/\/sport-index.fr\/blog\/a-la-une\/une-absence-de-taille-jonny-gray-forfait-pour-le-choc-contre-le-xv-de-france\/\",\"name\":\"Une absence de taille : Jonny Gray forfait pour le choc\",\"isPartOf\":{\"@id\":\"https:\/\/sport-index.fr\/blog\/#website\"},\"primaryImageOfPage\":{\"@id\":\"https:\/\/sport-index.fr\/blog\/a-la-une\/une-absence-de-taille-jonny-gray-forfait-pour-le-choc-contre-le-xv-de-france\/#primaryimage\"},\"image\":{\"@id\":\"https:\/\/sport-index.fr\/blog\/a-la-une\/une-absence-de-taille-jonny-gray-forfait-pour-le-choc-contre-le-xv-de-france\/#primaryimage\"},\"thumbnailUrl\":\"https:\/\/sport-index.fr\/blog\/wp-content\/uploads\/2025\/05\/sdxl-7aaf5e4542afb9d693b064555f7d2845-scaled.png\",\"datePublished\":\"2025-03-16T23:14:12+00:00\",\"description\":\"Une nouvelle d\u00e9ception pour l'\u00e9quipe \u00e9cossaise Sa blessure au genou le contraint \u00e0 d\u00e9clarer forfait, un coup dur pour l'\u00e9quipe qui esp\u00e9rait capitaliser\u2026\",\"inLanguage\":\"fr-FR\",\"potentialAction\":[{\"@type\":\"ReadAction\",\"target\":[\"https:\/\/sport-index.fr\/blog\/a-la-une\/une-absence-de-taille-jonny-gray-forfait-pour-le-choc-contre-le-xv-de-france\/\"]}]},{\"@type\":\"ImageObject\",\"inLanguage\":\"fr-FR\",\"@id\":\"https:\/\/sport-index.fr\/blog\/a-la-une\/une-absence-de-taille-jonny-gray-forfait-pour-le-choc-contre-le-xv-de-france\/#primaryimage\",\"url\":\"https:\/\/sport-index.fr\/blog\/wp-content\/uploads\/2025\/05\/sdxl-7aaf5e4542afb9d693b064555f7d2845-scaled.png\",\"contentUrl\":\"https:\/\/sport-index.fr\/blog\/wp-content\/uploads\/2025\/05\/sdxl-7aaf5e4542afb9d693b064555f7d2845-scaled.png\",\"width\":1200,\"height\":500},{\"@type\":\"WebSite\",\"@id\":\"https:\/\/sport-index.fr\/blog\/#website\",\"url\":\"https:\/\/sport-index.fr\/blog\/\",\"name\":\"sport-index.fr\",\"description\":\"Le score de l\u2019analyse sportive.\",\"publisher\":{\"@id\":\"https:\/\/sport-index.fr\/blog\/#organization\"},\"alternateName\":\"Le score de l\u2019analyse sportive.\",\"potentialAction\":[{\"@type\":\"SearchAction\",\"target\":{\"@type\":\"EntryPoint\",\"urlTemplate\":\"https:\/\/sport-index.fr\/blog\/?s={search_term_string}\"},\"query-input\":{\"@type\":\"PropertyValueSpecification\",\"valueRequired\":true,\"valueName\":\"search_term_string\"}}],\"inLanguage\":\"fr-FR\"},{\"@type\":\"Organization\",\"@id\":\"https:\/\/sport-index.fr\/blog\/#organization\",\"name\":\"Foretsensations.fr\",\"url\":\"https:\/\/sport-index.fr\/blog\/\",\"logo\":{\"@type\":\"ImageObject\",\"inLanguage\":\"fr-FR\",\"@id\":\"https:\/\/sport-index.fr\/blog\/#\/schema\/logo\/image\/\",\"url\":\"https:\/\/sport-index.fr\/blog\/wp-content\/uploads\/2026\/07\/logo-auto.png\",\"contentUrl\":\"https:\/\/sport-index.fr\/blog\/wp-content\/uploads\/2026\/07\/logo-auto.png\",\"width\":1024,\"height\":1024,\"caption\":\"Foretsensations.fr\"},\"image\":{\"@id\":\"https:\/\/sport-index.fr\/blog\/#\/schema\/logo\/image\/\"}},{\"@type\":\"Person\",\"@id\":\"https:\/\/sport-index.fr\/blog\/#\/schema\/person\/3c864cdc320801e3db34b663e7e3f816\",\"name\":\"Axel Lauzier\",\"image\":{\"@type\":\"ImageObject\",\"inLanguage\":\"fr-FR\",\"@id\":\"https:\/\/sport-index.fr\/blog\/#\/schema\/person\/image\/\",\"url\":\"https:\/\/sport-index.fr\/blog\/wp-content\/uploads\/2026\/06\/persona_axel-l-96x96.jpg\",\"contentUrl\":\"https:\/\/sport-index.fr\/blog\/wp-content\/uploads\/2026\/06\/persona_axel-l-96x96.jpg\",\"caption\":\"Axel Lauzier\"},\"description\":\"Le sport rythme mon quotidien depuis l'enfance, et j'en ai fait mon m\u00e9tier d'analyste r\u00e9dactionnel il y a une dizaine d'ann\u00e9es. Je couvre principalement le football, son actualit\u00e9, ses transferts et l'analyse tactique des grandes affiches, mais aussi les disciplines plus confidentielles que j'aime remettre en lumi\u00e8re. Une partie de mon travail porte sur les pronostics et la lecture statistique d'un match : forme des \u00e9quipes, historique des confrontations, compositions, sans jamais vendre de fausse certitude. Je rappelle syst\u00e9matiquement que parier comporte un risque et doit rester un loisir ma\u00eetris\u00e9. Avant de signer une analyse, je v\u00e9rifie mes chiffres, je recoupe les compositions probables et je distingue toujours la donn\u00e9e brute de l'intuition. Mon objectif : offrir une lecture honn\u00eate et argument\u00e9e, pas un ticket gagnant garanti.\",\"sameAs\":[\"https:\/\/axellauzier.fr\/\"],\"url\":\"https:\/\/sport-index.fr\/blog\/auteur\/noname\/\"}]}<\/script>\n<!-- \/ Yoast SEO Premium plugin. -->","yoast_head_json":{"title":"Une absence de taille : Jonny Gray forfait pour le choc","description":"Une nouvelle d\u00e9ception pour l'\u00e9quipe \u00e9cossaise Sa blessure au genou le contraint \u00e0 d\u00e9clarer forfait, un coup dur pour l'\u00e9quipe qui esp\u00e9rait capitaliser\u2026","robots":{"index":"index","follow":"follow","max-snippet":"max-snippet:-1","max-image-preview":"max-image-preview:large","max-video-preview":"max-video-preview:-1"},"canonical":"https:\/\/sport-index.fr\/blog\/a-la-une\/une-absence-de-taille-jonny-gray-forfait-pour-le-choc-contre-le-xv-de-france\/","og_locale":"fr_FR","og_type":"article","og_title":"Une absence de taille : Jonny Gray forfait pour le choc","og_description":"Une nouvelle d\u00e9ception pour l'\u00e9quipe \u00e9cossaise Sa blessure au genou le contraint \u00e0 d\u00e9clarer forfait, un coup dur pour l'\u00e9quipe qui esp\u00e9rait capitaliser\u2026","og_url":"https:\/\/sport-index.fr\/blog\/a-la-une\/une-absence-de-taille-jonny-gray-forfait-pour-le-choc-contre-le-xv-de-france\/","og_site_name":"sport-index","author":"Axel Lauzier","twitter_card":"summary_large_image","schema":{"@context":"https:\/\/schema.org","@graph":[{"@type":"NewsArticle","@id":"https:\/\/sport-index.fr\/blog\/a-la-une\/une-absence-de-taille-jonny-gray-forfait-pour-le-choc-contre-le-xv-de-france\/#article","isPartOf":{"@id":"https:\/\/sport-index.fr\/blog\/a-la-une\/une-absence-de-taille-jonny-gray-forfait-pour-le-choc-contre-le-xv-de-france\/"},"author":{"name":"Axel Lauzier","@id":"https:\/\/sport-index.fr\/blog\/#\/schema\/person\/3c864cdc320801e3db34b663e7e3f816"},"headline":"Une absence de taille : Jonny Gray forfait pour le choc contre le XV de France","datePublished":"2025-03-16T23:14:12+00:00","mainEntityOfPage":{"@id":"https:\/\/sport-index.fr\/blog\/a-la-une\/une-absence-de-taille-jonny-gray-forfait-pour-le-choc-contre-le-xv-de-france\/"},"wordCount":561,"commentCount":22,"publisher":{"@id":"https:\/\/sport-index.fr\/blog\/#organization"},"image":{"@id":"https:\/\/sport-index.fr\/blog\/a-la-une\/une-absence-de-taille-jonny-gray-forfait-pour-le-choc-contre-le-xv-de-france\/#primaryimage"},"thumbnailUrl":"https:\/\/sport-index.fr\/blog\/wp-content\/uploads\/2025\/05\/sdxl-7aaf5e4542afb9d693b064555f7d2845-scaled.png","keywords":["Gestion Du Stress","Performance sportive","R\u00e9silience","Rugby","XV de France"],"articleSection":["\u00c0 la une"],"inLanguage":"fr-FR","potentialAction":[{"@type":"CommentAction","name":"Comment","target":["https:\/\/sport-index.fr\/blog\/a-la-une\/une-absence-de-taille-jonny-gray-forfait-pour-le-choc-contre-le-xv-de-france\/#respond"]}]},{"@type":"WebPage","@id":"https:\/\/sport-index.fr\/blog\/a-la-une\/une-absence-de-taille-jonny-gray-forfait-pour-le-choc-contre-le-xv-de-france\/","url":"https:\/\/sport-index.fr\/blog\/a-la-une\/une-absence-de-taille-jonny-gray-forfait-pour-le-choc-contre-le-xv-de-france\/","name":"Une absence de taille : Jonny Gray forfait pour le choc","isPartOf":{"@id":"https:\/\/sport-index.fr\/blog\/#website"},"primaryImageOfPage":{"@id":"https:\/\/sport-index.fr\/blog\/a-la-une\/une-absence-de-taille-jonny-gray-forfait-pour-le-choc-contre-le-xv-de-france\/#primaryimage"},"image":{"@id":"https:\/\/sport-index.fr\/blog\/a-la-une\/une-absence-de-taille-jonny-gray-forfait-pour-le-choc-contre-le-xv-de-france\/#primaryimage"},"thumbnailUrl":"https:\/\/sport-index.fr\/blog\/wp-content\/uploads\/2025\/05\/sdxl-7aaf5e4542afb9d693b064555f7d2845-scaled.png","datePublished":"2025-03-16T23:14:12+00:00","description":"Une nouvelle d\u00e9ception pour l'\u00e9quipe \u00e9cossaise Sa blessure au genou le contraint \u00e0 d\u00e9clarer forfait, un coup dur pour l'\u00e9quipe qui esp\u00e9rait capitaliser\u2026","inLanguage":"fr-FR","potentialAction":[{"@type":"ReadAction","target":["https:\/\/sport-index.fr\/blog\/a-la-une\/une-absence-de-taille-jonny-gray-forfait-pour-le-choc-contre-le-xv-de-france\/"]}]},{"@type":"ImageObject","inLanguage":"fr-FR","@id":"https:\/\/sport-index.fr\/blog\/a-la-une\/une-absence-de-taille-jonny-gray-forfait-pour-le-choc-contre-le-xv-de-france\/#primaryimage","url":"https:\/\/sport-index.fr\/blog\/wp-content\/uploads\/2025\/05\/sdxl-7aaf5e4542afb9d693b064555f7d2845-scaled.png","contentUrl":"https:\/\/sport-index.fr\/blog\/wp-content\/uploads\/2025\/05\/sdxl-7aaf5e4542afb9d693b064555f7d2845-scaled.png","width":1200,"height":500},{"@type":"WebSite","@id":"https:\/\/sport-index.fr\/blog\/#website","url":"https:\/\/sport-index.fr\/blog\/","name":"sport-index.fr","description":"Le score de l\u2019analyse sportive.","publisher":{"@id":"https:\/\/sport-index.fr\/blog\/#organization"},"alternateName":"Le score de l\u2019analyse sportive.","potentialAction":[{"@type":"SearchAction","target":{"@type":"EntryPoint","urlTemplate":"https:\/\/sport-index.fr\/blog\/?s={search_term_string}"},"query-input":{"@type":"PropertyValueSpecification","valueRequired":true,"valueName":"search_term_string"}}],"inLanguage":"fr-FR"},{"@type":"Organization","@id":"https:\/\/sport-index.fr\/blog\/#organization","name":"Foretsensations.fr","url":"https:\/\/sport-index.fr\/blog\/","logo":{"@type":"ImageObject","inLanguage":"fr-FR","@id":"https:\/\/sport-index.fr\/blog\/#\/schema\/logo\/image\/","url":"https:\/\/sport-index.fr\/blog\/wp-content\/uploads\/2026\/07\/logo-auto.png","contentUrl":"https:\/\/sport-index.fr\/blog\/wp-content\/uploads\/2026\/07\/logo-auto.png","width":1024,"height":1024,"caption":"Foretsensations.fr"},"image":{"@id":"https:\/\/sport-index.fr\/blog\/#\/schema\/logo\/image\/"}},{"@type":"Person","@id":"https:\/\/sport-index.fr\/blog\/#\/schema\/person\/3c864cdc320801e3db34b663e7e3f816","name":"Axel Lauzier","image":{"@type":"ImageObject","inLanguage":"fr-FR","@id":"https:\/\/sport-index.fr\/blog\/#\/schema\/person\/image\/","url":"https:\/\/sport-index.fr\/blog\/wp-content\/uploads\/2026\/06\/persona_axel-l-96x96.jpg","contentUrl":"https:\/\/sport-index.fr\/blog\/wp-content\/uploads\/2026\/06\/persona_axel-l-96x96.jpg","caption":"Axel Lauzier"},"description":"Le sport rythme mon quotidien depuis l'enfance, et j'en ai fait mon m\u00e9tier d'analyste r\u00e9dactionnel il y a une dizaine d'ann\u00e9es. Je couvre principalement le football, son actualit\u00e9, ses transferts et l'analyse tactique des grandes affiches, mais aussi les disciplines plus confidentielles que j'aime remettre en lumi\u00e8re. Une partie de mon travail porte sur les pronostics et la lecture statistique d'un match : forme des \u00e9quipes, historique des confrontations, compositions, sans jamais vendre de fausse certitude. Je rappelle syst\u00e9matiquement que parier comporte un risque et doit rester un loisir ma\u00eetris\u00e9. Avant de signer une analyse, je v\u00e9rifie mes chiffres, je recoupe les compositions probables et je distingue toujours la donn\u00e9e brute de l'intuition. Mon objectif : offrir une lecture honn\u00eate et argument\u00e9e, pas un ticket gagnant garanti.","sameAs":["https:\/\/axellauzier.fr\/"],"url":"https:\/\/sport-index.fr\/blog\/auteur\/noname\/"}]}},"_links":{"self":[{"href":"https:\/\/sport-index.fr\/blog\/wp-json\/wp\/v2\/posts\/11851","targetHints":{"allow":["GET"]}}],"collection":[{"href":"https:\/\/sport-index.fr\/blog\/wp-json\/wp\/v2\/posts"}],"about":[{"href":"https:\/\/sport-index.fr\/blog\/wp-json\/wp\/v2\/types\/post"}],"author":[{"embeddable":true,"href":"https:\/\/sport-index.fr\/blog\/wp-json\/wp\/v2\/users\/34"}],"replies":[{"embeddable":true,"href":"https:\/\/sport-index.fr\/blog\/wp-json\/wp\/v2\/comments?post=11851"}],"version-history":[{"count":1,"href":"https:\/\/sport-index.fr\/blog\/wp-json\/wp\/v2\/posts\/11851\/revisions"}],"predecessor-version":[{"id":12076,"href":"https:\/\/sport-index.fr\/blog\/wp-json\/wp\/v2\/posts\/11851\/revisions\/12076"}],"wp:featuredmedia":[{"embeddable":true,"href":"https:\/\/sport-index.fr\/blog\/wp-json\/wp\/v2\/media\/15611"}],"wp:attachment":[{"href":"https:\/\/sport-index.fr\/blog\/wp-json\/wp\/v2\/media?parent=11851"}],"wp:term":[{"taxonomy":"category","embeddable":true,"href":"https:\/\/sport-index.fr\/blog\/wp-json\/wp\/v2\/categories?post=11851"},{"taxonomy":"post_tag","embeddable":true,"href":"https:\/\/sport-index.fr\/blog\/wp-json\/wp\/v2\/tags?post=11851"}],"curies":[{"name":"wp","href":"https:\/\/api.w.org\/{rel}","templated":true}]}}