{"id":11852,"date":"2025-03-17T01:02:12","date_gmt":"2025-03-17T00:02:12","guid":{"rendered":"https:\/\/sport-index.fr\/blog\/?p=11852"},"modified":"2025-03-14T19:25:15","modified_gmt":"2025-03-14T18:25:15","slug":"revivez-le-grand-chelem-historique-de-1997-au-parc-des-princes-un-moment-inoubliable","status":"publish","type":"post","link":"https:\/\/sport-index.fr\/blog\/a-la-une\/revivez-le-grand-chelem-historique-de-1997-au-parc-des-princes-un-moment-inoubliable\/","title":{"rendered":"Revivez le grand chelem historique de 1997 au Parc des Princes, un moment inoubliable"},"content":{"rendered":"<p>Le 15 mars, les Bleus, v\u00eatus de leur maillot blanc, ont affront\u00e9 l&rsquo;\u00c9cosse lors d&rsquo;une finale \u00e9pique qui a laiss\u00e9 une empreinte ind\u00e9l\u00e9bile dans les c\u0153urs des supporters. Avec un score \u00e9crasant de 47-20, ce match a non seulement c\u00e9l\u00e9br\u00e9 la victoire, mais aussi le dernier adieu de l&rsquo;\u00e9quipe au c\u00e9l\u00e8bre stade parisien.<\/p>\n<blockquote><p>\n    \u00ab\u00a0Il aurait fallu un coup de fusil pour m&rsquo;arr\u00eater.\u00a0\u00bb &#8211; Abdelatif Benazzi\n<\/p><\/blockquote>\n<p>Cette phrase embl\u00e9matique d&rsquo;Abdelatif Benazzi r\u00e9sume parfaitement l&rsquo;intensit\u00e9 et la d\u00e9termination des joueurs lors de cette rencontre. Le capitaine du XV de France a ouvert la marque avec un essai d\u00e9cisif \u00e0 la 26e minute, encha\u00eenant les actions spectaculaires contre une \u00c9cosse pourtant redoutable. L&rsquo;atmosph\u00e8re au Parc des Princes \u00e9tait \u00e9lectrique, chaque action sur le terrain d\u00e9clenchait des vagues d&rsquo;excitation dans les tribunes.<\/p>\n<h2>Un match m\u00e9morable et d\u00e9cisif<\/h2>\n<p>Le match de 1997 a \u00e9t\u00e9 bien plus qu&rsquo;une simple victoire ; il a marqu\u00e9 la fin d&rsquo;une \u00e9poque au Parc des Princes. Les joueurs, tels qu&rsquo;Olivier Magne et Jean-Luc Sadourny, ont offert un spectacle \u00e0 la hauteur des attentes de leurs supporters, cr\u00e9ant une communion unique entre le terrain et les tribunes. Chaque essai marqu\u00e9 \u00e9tait une c\u00e9l\u00e9bration, et la ferveur des fans \u00e9tait palpable.<\/p>\n<p>Le match a \u00e9t\u00e9 domin\u00e9 par un jeu fluide et audacieux, rompant avec la rigueur d\u00e9fensive des ann\u00e9es pr\u00e9c\u00e9dentes. Jean-Claude Skrela, le nouvel entra\u00eeneur, a introduit une philosophie de jeu qui valorisait la libert\u00e9 et la cr\u00e9ativit\u00e9 sur le terrain. Les r\u00e9sultats ont rapidement confirm\u00e9 la justesse de cette approche, avec un score final de 47-20 qui a fait vibrer tout un pays.<\/p>\n<h2>Un tournant dans l&rsquo;histoire du rugby fran\u00e7ais<\/h2>\n<p>Ce grand chelem de 1997 est rest\u00e9 grav\u00e9 dans les m\u00e9moires comme un tournant majeur pour le rugby fran\u00e7ais. C&rsquo;\u00e9tait le premier grand chelem remport\u00e9 \u00e0 domicile, entour\u00e9 d&rsquo;un climat de ferveur in\u00e9dite. Des joueurs embl\u00e9matiques tels que Fabien Galthi\u00e9, qui a d\u00fb d\u00e9clarer forfait en raison d&rsquo;une blessure, ont \u00e9t\u00e9 t\u00e9moins de cette \u00e9volution marquante.<\/p>\n<p>Le succ\u00e8s de l&rsquo;\u00e9quipe a \u00e9galement \u00e9t\u00e9 le fruit d&rsquo;un travail collectif acharn\u00e9 et d&rsquo;une strat\u00e9gie bien pens\u00e9e. Skrela et son \u00e9quipe ont su amalgamer l&rsquo;h\u00e9ritage des g\u00e9n\u00e9rations pass\u00e9es avec une vision moderne du jeu, permettant ainsi aux joueurs de s&rsquo;\u00e9panouir sur le terrain. Cette victoire a non seulement renforc\u00e9 l&rsquo;esprit d&rsquo;\u00e9quipe, mais a \u00e9galement ouvert la voie \u00e0 de futurs succ\u00e8s pour le rugby fran\u00e7ais.<\/p>\n<h2>Les h\u00e9ros de cette victoire historique<\/h2>\n<p>Les acteurs de cette rencontre m\u00e9morable incluent des joueurs qui ont marqu\u00e9 l&rsquo;histoire du rugby. Abdelatif Benazzi, avec son leadership, a guid\u00e9 l&rsquo;\u00e9quipe vers la victoire. D&rsquo;autres joueurs tels que David Venditti et Laurent Leflamand ont \u00e9galement jou\u00e9 un r\u00f4le cl\u00e9 dans cette performance, chacun contribuant \u00e0 l&rsquo;exploit collectif.<\/p>\n<ul>\n<li>Abdelatif Benazzi &#8211; Capitaine et leader charismatique<\/li>\n<li>Olivier Magne &#8211; Joueur vedette et auteur d&rsquo;essais d\u00e9cisifs<\/li>\n<li>David Venditti &#8211; Un talent \u00e9mergent du rugby fran\u00e7ais<\/li>\n<li>Jean-Luc Sadourny &#8211; Un pilier de l&rsquo;\u00e9quipe avec une exp\u00e9rience pr\u00e9cieuse<\/li>\n<li>Laurent Leflamand &#8211; Un arri\u00e8re talentueux, acteur cl\u00e9 de la victoire<\/li>\n<\/ul>\n<p>Le grand chelem de 1997 a \u00e9t\u00e9 un moment charni\u00e8re pour le rugby fran\u00e7ais, et chaque joueur a laiss\u00e9 sa marque dans cette saga. En se rem\u00e9morant cette victoire, on comprend mieux l&rsquo;impact que ce match a eu sur le rugby en France, tant sur le plan sportif que social. Les supporters, unis dans l&rsquo;euphorie, ont c\u00e9l\u00e9br\u00e9 non seulement une victoire, mais la renaissance d&rsquo;un rugby fran\u00e7ais pr\u00eat \u00e0 conqu\u00e9rir le monde.<\/p>\n","protected":false},"excerpt":{"rendered":"","protected":false},"author":34,"featured_media":15610,"comment_status":"open","ping_status":"open","sticky":false,"template":"","format":"standard","meta":{"_acf_changed":false,"manual_indexmenow":false,"indexmenow_id_project":0,"footnotes":""},"categories":[1],"tags":[4585,4685,4632,4536,4554],"class_list":["post-11852","post","type-post","status-publish","format-standard","has-post-thumbnail","hentry","category-a-la-une","tag-cohesion-dequipe","tag-evenements-sportifs","tag-performance-sportive","tag-rugby","tag-xv-de-france","generate-columns","tablet-grid-50","mobile-grid-100","grid-parent","grid-25"],"acf":[],"yoast_head":"<!-- This site is optimized with the Yoast SEO Premium plugin v21.3 (Yoast SEO v26.5) - https:\/\/yoast.com\/wordpress\/plugins\/seo\/ -->\n<title>Revivez le grand chelem historique de 1997 au Parc<\/title>\n<meta name=\"description\" content=\"Le 15 mars, les Bleus, v\u00eatus de leur maillot blanc, ont affront\u00e9 l&#039;\u00c9cosse lors d&#039;une finale \u00e9pique qui a laiss\u00e9 une empreinte ind\u00e9l\u00e9bile dans les c\u0153urs\u2026\" \/>\n<meta name=\"robots\" content=\"index, follow, max-snippet:-1, max-image-preview:large, max-video-preview:-1\" \/>\n<link rel=\"canonical\" href=\"https:\/\/sport-index.fr\/blog\/a-la-une\/revivez-le-grand-chelem-historique-de-1997-au-parc-des-princes-un-moment-inoubliable\/\" \/>\n<meta property=\"og:locale\" content=\"fr_FR\" \/>\n<meta property=\"og:type\" content=\"article\" \/>\n<meta property=\"og:title\" content=\"Revivez le grand chelem historique de 1997 au Parc\" \/>\n<meta property=\"og:description\" content=\"Le 15 mars, les Bleus, v\u00eatus de leur maillot blanc, ont affront\u00e9 l&#039;\u00c9cosse lors d&#039;une finale \u00e9pique qui a laiss\u00e9 une empreinte ind\u00e9l\u00e9bile dans les c\u0153urs\u2026\" \/>\n<meta property=\"og:url\" content=\"https:\/\/sport-index.fr\/blog\/a-la-une\/revivez-le-grand-chelem-historique-de-1997-au-parc-des-princes-un-moment-inoubliable\/\" \/>\n<meta property=\"og:site_name\" content=\"sport-index\" \/>\n<meta name=\"author\" content=\"Axel Lauzier\" \/>\n<meta name=\"twitter:card\" content=\"summary_large_image\" \/>\n<script type=\"application\/ld+json\" class=\"yoast-schema-graph\">{\"@context\":\"https:\/\/schema.org\",\"@graph\":[{\"@type\":\"NewsArticle\",\"@id\":\"https:\/\/sport-index.fr\/blog\/a-la-une\/revivez-le-grand-chelem-historique-de-1997-au-parc-des-princes-un-moment-inoubliable\/#article\",\"isPartOf\":{\"@id\":\"https:\/\/sport-index.fr\/blog\/a-la-une\/revivez-le-grand-chelem-historique-de-1997-au-parc-des-princes-un-moment-inoubliable\/\"},\"author\":{\"name\":\"Axel Lauzier\",\"@id\":\"https:\/\/sport-index.fr\/blog\/#\/schema\/person\/3c864cdc320801e3db34b663e7e3f816\"},\"headline\":\"Revivez le grand chelem historique de 1997 au Parc des Princes, un moment inoubliable\",\"datePublished\":\"2025-03-17T00:02:12+00:00\",\"mainEntityOfPage\":{\"@id\":\"https:\/\/sport-index.fr\/blog\/a-la-une\/revivez-le-grand-chelem-historique-de-1997-au-parc-des-princes-un-moment-inoubliable\/\"},\"wordCount\":658,\"commentCount\":21,\"publisher\":{\"@id\":\"https:\/\/sport-index.fr\/blog\/#organization\"},\"image\":{\"@id\":\"https:\/\/sport-index.fr\/blog\/a-la-une\/revivez-le-grand-chelem-historique-de-1997-au-parc-des-princes-un-moment-inoubliable\/#primaryimage\"},\"thumbnailUrl\":\"https:\/\/sport-index.fr\/blog\/wp-content\/uploads\/2025\/05\/sdxl-f93ac598f413cfc7dddd727459f9e492-scaled.png\",\"keywords\":[\"Coh\u00e9sion d'\u00c9quipe\",\"\u00c9v\u00e9nements Sportifs\",\"Performance sportive\",\"Rugby\",\"XV de France\"],\"articleSection\":[\"\u00c0 la une\"],\"inLanguage\":\"fr-FR\",\"potentialAction\":[{\"@type\":\"CommentAction\",\"name\":\"Comment\",\"target\":[\"https:\/\/sport-index.fr\/blog\/a-la-une\/revivez-le-grand-chelem-historique-de-1997-au-parc-des-princes-un-moment-inoubliable\/#respond\"]}]},{\"@type\":\"WebPage\",\"@id\":\"https:\/\/sport-index.fr\/blog\/a-la-une\/revivez-le-grand-chelem-historique-de-1997-au-parc-des-princes-un-moment-inoubliable\/\",\"url\":\"https:\/\/sport-index.fr\/blog\/a-la-une\/revivez-le-grand-chelem-historique-de-1997-au-parc-des-princes-un-moment-inoubliable\/\",\"name\":\"Revivez le grand chelem historique de 1997 au Parc\",\"isPartOf\":{\"@id\":\"https:\/\/sport-index.fr\/blog\/#website\"},\"primaryImageOfPage\":{\"@id\":\"https:\/\/sport-index.fr\/blog\/a-la-une\/revivez-le-grand-chelem-historique-de-1997-au-parc-des-princes-un-moment-inoubliable\/#primaryimage\"},\"image\":{\"@id\":\"https:\/\/sport-index.fr\/blog\/a-la-une\/revivez-le-grand-chelem-historique-de-1997-au-parc-des-princes-un-moment-inoubliable\/#primaryimage\"},\"thumbnailUrl\":\"https:\/\/sport-index.fr\/blog\/wp-content\/uploads\/2025\/05\/sdxl-f93ac598f413cfc7dddd727459f9e492-scaled.png\",\"datePublished\":\"2025-03-17T00:02:12+00:00\",\"description\":\"Le 15 mars, les Bleus, v\u00eatus de leur maillot blanc, ont affront\u00e9 l'\u00c9cosse lors d'une finale \u00e9pique qui a laiss\u00e9 une empreinte ind\u00e9l\u00e9bile dans les c\u0153urs\u2026\",\"inLanguage\":\"fr-FR\",\"potentialAction\":[{\"@type\":\"ReadAction\",\"target\":[\"https:\/\/sport-index.fr\/blog\/a-la-une\/revivez-le-grand-chelem-historique-de-1997-au-parc-des-princes-un-moment-inoubliable\/\"]}]},{\"@type\":\"ImageObject\",\"inLanguage\":\"fr-FR\",\"@id\":\"https:\/\/sport-index.fr\/blog\/a-la-une\/revivez-le-grand-chelem-historique-de-1997-au-parc-des-princes-un-moment-inoubliable\/#primaryimage\",\"url\":\"https:\/\/sport-index.fr\/blog\/wp-content\/uploads\/2025\/05\/sdxl-f93ac598f413cfc7dddd727459f9e492-scaled.png\",\"contentUrl\":\"https:\/\/sport-index.fr\/blog\/wp-content\/uploads\/2025\/05\/sdxl-f93ac598f413cfc7dddd727459f9e492-scaled.png\",\"width\":1200,\"height\":500},{\"@type\":\"WebSite\",\"@id\":\"https:\/\/sport-index.fr\/blog\/#website\",\"url\":\"https:\/\/sport-index.fr\/blog\/\",\"name\":\"sport-index.fr\",\"description\":\"Le score de l\u2019analyse sportive.\",\"publisher\":{\"@id\":\"https:\/\/sport-index.fr\/blog\/#organization\"},\"alternateName\":\"Le score de l\u2019analyse sportive.\",\"potentialAction\":[{\"@type\":\"SearchAction\",\"target\":{\"@type\":\"EntryPoint\",\"urlTemplate\":\"https:\/\/sport-index.fr\/blog\/?s={search_term_string}\"},\"query-input\":{\"@type\":\"PropertyValueSpecification\",\"valueRequired\":true,\"valueName\":\"search_term_string\"}}],\"inLanguage\":\"fr-FR\"},{\"@type\":\"Organization\",\"@id\":\"https:\/\/sport-index.fr\/blog\/#organization\",\"name\":\"Foretsensations.fr\",\"url\":\"https:\/\/sport-index.fr\/blog\/\",\"logo\":{\"@type\":\"ImageObject\",\"inLanguage\":\"fr-FR\",\"@id\":\"https:\/\/sport-index.fr\/blog\/#\/schema\/logo\/image\/\",\"url\":\"https:\/\/sport-index.fr\/blog\/wp-content\/uploads\/2026\/07\/logo-auto.png\",\"contentUrl\":\"https:\/\/sport-index.fr\/blog\/wp-content\/uploads\/2026\/07\/logo-auto.png\",\"width\":1024,\"height\":1024,\"caption\":\"Foretsensations.fr\"},\"image\":{\"@id\":\"https:\/\/sport-index.fr\/blog\/#\/schema\/logo\/image\/\"}},{\"@type\":\"Person\",\"@id\":\"https:\/\/sport-index.fr\/blog\/#\/schema\/person\/3c864cdc320801e3db34b663e7e3f816\",\"name\":\"Axel Lauzier\",\"image\":{\"@type\":\"ImageObject\",\"inLanguage\":\"fr-FR\",\"@id\":\"https:\/\/sport-index.fr\/blog\/#\/schema\/person\/image\/\",\"url\":\"https:\/\/sport-index.fr\/blog\/wp-content\/uploads\/2026\/06\/persona_axel-l-96x96.jpg\",\"contentUrl\":\"https:\/\/sport-index.fr\/blog\/wp-content\/uploads\/2026\/06\/persona_axel-l-96x96.jpg\",\"caption\":\"Axel Lauzier\"},\"description\":\"Le sport rythme mon quotidien depuis l'enfance, et j'en ai fait mon m\u00e9tier d'analyste r\u00e9dactionnel il y a une dizaine d'ann\u00e9es. Je couvre principalement le football, son actualit\u00e9, ses transferts et l'analyse tactique des grandes affiches, mais aussi les disciplines plus confidentielles que j'aime remettre en lumi\u00e8re. Une partie de mon travail porte sur les pronostics et la lecture statistique d'un match : forme des \u00e9quipes, historique des confrontations, compositions, sans jamais vendre de fausse certitude. Je rappelle syst\u00e9matiquement que parier comporte un risque et doit rester un loisir ma\u00eetris\u00e9. Avant de signer une analyse, je v\u00e9rifie mes chiffres, je recoupe les compositions probables et je distingue toujours la donn\u00e9e brute de l'intuition. Mon objectif : offrir une lecture honn\u00eate et argument\u00e9e, pas un ticket gagnant garanti.\",\"sameAs\":[\"https:\/\/axellauzier.fr\/\"],\"url\":\"https:\/\/sport-index.fr\/blog\/auteur\/noname\/\"}]}<\/script>\n<!-- \/ Yoast SEO Premium plugin. -->","yoast_head_json":{"title":"Revivez le grand chelem historique de 1997 au Parc","description":"Le 15 mars, les Bleus, v\u00eatus de leur maillot blanc, ont affront\u00e9 l'\u00c9cosse lors d'une finale \u00e9pique qui a laiss\u00e9 une empreinte ind\u00e9l\u00e9bile dans les c\u0153urs\u2026","robots":{"index":"index","follow":"follow","max-snippet":"max-snippet:-1","max-image-preview":"max-image-preview:large","max-video-preview":"max-video-preview:-1"},"canonical":"https:\/\/sport-index.fr\/blog\/a-la-une\/revivez-le-grand-chelem-historique-de-1997-au-parc-des-princes-un-moment-inoubliable\/","og_locale":"fr_FR","og_type":"article","og_title":"Revivez le grand chelem historique de 1997 au Parc","og_description":"Le 15 mars, les Bleus, v\u00eatus de leur maillot blanc, ont affront\u00e9 l'\u00c9cosse lors d'une finale \u00e9pique qui a laiss\u00e9 une empreinte ind\u00e9l\u00e9bile dans les c\u0153urs\u2026","og_url":"https:\/\/sport-index.fr\/blog\/a-la-une\/revivez-le-grand-chelem-historique-de-1997-au-parc-des-princes-un-moment-inoubliable\/","og_site_name":"sport-index","author":"Axel Lauzier","twitter_card":"summary_large_image","schema":{"@context":"https:\/\/schema.org","@graph":[{"@type":"NewsArticle","@id":"https:\/\/sport-index.fr\/blog\/a-la-une\/revivez-le-grand-chelem-historique-de-1997-au-parc-des-princes-un-moment-inoubliable\/#article","isPartOf":{"@id":"https:\/\/sport-index.fr\/blog\/a-la-une\/revivez-le-grand-chelem-historique-de-1997-au-parc-des-princes-un-moment-inoubliable\/"},"author":{"name":"Axel Lauzier","@id":"https:\/\/sport-index.fr\/blog\/#\/schema\/person\/3c864cdc320801e3db34b663e7e3f816"},"headline":"Revivez le grand chelem historique de 1997 au Parc des Princes, un moment inoubliable","datePublished":"2025-03-17T00:02:12+00:00","mainEntityOfPage":{"@id":"https:\/\/sport-index.fr\/blog\/a-la-une\/revivez-le-grand-chelem-historique-de-1997-au-parc-des-princes-un-moment-inoubliable\/"},"wordCount":658,"commentCount":21,"publisher":{"@id":"https:\/\/sport-index.fr\/blog\/#organization"},"image":{"@id":"https:\/\/sport-index.fr\/blog\/a-la-une\/revivez-le-grand-chelem-historique-de-1997-au-parc-des-princes-un-moment-inoubliable\/#primaryimage"},"thumbnailUrl":"https:\/\/sport-index.fr\/blog\/wp-content\/uploads\/2025\/05\/sdxl-f93ac598f413cfc7dddd727459f9e492-scaled.png","keywords":["Coh\u00e9sion d'\u00c9quipe","\u00c9v\u00e9nements Sportifs","Performance sportive","Rugby","XV de France"],"articleSection":["\u00c0 la une"],"inLanguage":"fr-FR","potentialAction":[{"@type":"CommentAction","name":"Comment","target":["https:\/\/sport-index.fr\/blog\/a-la-une\/revivez-le-grand-chelem-historique-de-1997-au-parc-des-princes-un-moment-inoubliable\/#respond"]}]},{"@type":"WebPage","@id":"https:\/\/sport-index.fr\/blog\/a-la-une\/revivez-le-grand-chelem-historique-de-1997-au-parc-des-princes-un-moment-inoubliable\/","url":"https:\/\/sport-index.fr\/blog\/a-la-une\/revivez-le-grand-chelem-historique-de-1997-au-parc-des-princes-un-moment-inoubliable\/","name":"Revivez le grand chelem historique de 1997 au Parc","isPartOf":{"@id":"https:\/\/sport-index.fr\/blog\/#website"},"primaryImageOfPage":{"@id":"https:\/\/sport-index.fr\/blog\/a-la-une\/revivez-le-grand-chelem-historique-de-1997-au-parc-des-princes-un-moment-inoubliable\/#primaryimage"},"image":{"@id":"https:\/\/sport-index.fr\/blog\/a-la-une\/revivez-le-grand-chelem-historique-de-1997-au-parc-des-princes-un-moment-inoubliable\/#primaryimage"},"thumbnailUrl":"https:\/\/sport-index.fr\/blog\/wp-content\/uploads\/2025\/05\/sdxl-f93ac598f413cfc7dddd727459f9e492-scaled.png","datePublished":"2025-03-17T00:02:12+00:00","description":"Le 15 mars, les Bleus, v\u00eatus de leur maillot blanc, ont affront\u00e9 l'\u00c9cosse lors d'une finale \u00e9pique qui a laiss\u00e9 une empreinte ind\u00e9l\u00e9bile dans les c\u0153urs\u2026","inLanguage":"fr-FR","potentialAction":[{"@type":"ReadAction","target":["https:\/\/sport-index.fr\/blog\/a-la-une\/revivez-le-grand-chelem-historique-de-1997-au-parc-des-princes-un-moment-inoubliable\/"]}]},{"@type":"ImageObject","inLanguage":"fr-FR","@id":"https:\/\/sport-index.fr\/blog\/a-la-une\/revivez-le-grand-chelem-historique-de-1997-au-parc-des-princes-un-moment-inoubliable\/#primaryimage","url":"https:\/\/sport-index.fr\/blog\/wp-content\/uploads\/2025\/05\/sdxl-f93ac598f413cfc7dddd727459f9e492-scaled.png","contentUrl":"https:\/\/sport-index.fr\/blog\/wp-content\/uploads\/2025\/05\/sdxl-f93ac598f413cfc7dddd727459f9e492-scaled.png","width":1200,"height":500},{"@type":"WebSite","@id":"https:\/\/sport-index.fr\/blog\/#website","url":"https:\/\/sport-index.fr\/blog\/","name":"sport-index.fr","description":"Le score de l\u2019analyse sportive.","publisher":{"@id":"https:\/\/sport-index.fr\/blog\/#organization"},"alternateName":"Le score de l\u2019analyse sportive.","potentialAction":[{"@type":"SearchAction","target":{"@type":"EntryPoint","urlTemplate":"https:\/\/sport-index.fr\/blog\/?s={search_term_string}"},"query-input":{"@type":"PropertyValueSpecification","valueRequired":true,"valueName":"search_term_string"}}],"inLanguage":"fr-FR"},{"@type":"Organization","@id":"https:\/\/sport-index.fr\/blog\/#organization","name":"Foretsensations.fr","url":"https:\/\/sport-index.fr\/blog\/","logo":{"@type":"ImageObject","inLanguage":"fr-FR","@id":"https:\/\/sport-index.fr\/blog\/#\/schema\/logo\/image\/","url":"https:\/\/sport-index.fr\/blog\/wp-content\/uploads\/2026\/07\/logo-auto.png","contentUrl":"https:\/\/sport-index.fr\/blog\/wp-content\/uploads\/2026\/07\/logo-auto.png","width":1024,"height":1024,"caption":"Foretsensations.fr"},"image":{"@id":"https:\/\/sport-index.fr\/blog\/#\/schema\/logo\/image\/"}},{"@type":"Person","@id":"https:\/\/sport-index.fr\/blog\/#\/schema\/person\/3c864cdc320801e3db34b663e7e3f816","name":"Axel Lauzier","image":{"@type":"ImageObject","inLanguage":"fr-FR","@id":"https:\/\/sport-index.fr\/blog\/#\/schema\/person\/image\/","url":"https:\/\/sport-index.fr\/blog\/wp-content\/uploads\/2026\/06\/persona_axel-l-96x96.jpg","contentUrl":"https:\/\/sport-index.fr\/blog\/wp-content\/uploads\/2026\/06\/persona_axel-l-96x96.jpg","caption":"Axel Lauzier"},"description":"Le sport rythme mon quotidien depuis l'enfance, et j'en ai fait mon m\u00e9tier d'analyste r\u00e9dactionnel il y a une dizaine d'ann\u00e9es. Je couvre principalement le football, son actualit\u00e9, ses transferts et l'analyse tactique des grandes affiches, mais aussi les disciplines plus confidentielles que j'aime remettre en lumi\u00e8re. Une partie de mon travail porte sur les pronostics et la lecture statistique d'un match : forme des \u00e9quipes, historique des confrontations, compositions, sans jamais vendre de fausse certitude. Je rappelle syst\u00e9matiquement que parier comporte un risque et doit rester un loisir ma\u00eetris\u00e9. Avant de signer une analyse, je v\u00e9rifie mes chiffres, je recoupe les compositions probables et je distingue toujours la donn\u00e9e brute de l'intuition. Mon objectif : offrir une lecture honn\u00eate et argument\u00e9e, pas un ticket gagnant garanti.","sameAs":["https:\/\/axellauzier.fr\/"],"url":"https:\/\/sport-index.fr\/blog\/auteur\/noname\/"}]}},"_links":{"self":[{"href":"https:\/\/sport-index.fr\/blog\/wp-json\/wp\/v2\/posts\/11852","targetHints":{"allow":["GET"]}}],"collection":[{"href":"https:\/\/sport-index.fr\/blog\/wp-json\/wp\/v2\/posts"}],"about":[{"href":"https:\/\/sport-index.fr\/blog\/wp-json\/wp\/v2\/types\/post"}],"author":[{"embeddable":true,"href":"https:\/\/sport-index.fr\/blog\/wp-json\/wp\/v2\/users\/34"}],"replies":[{"embeddable":true,"href":"https:\/\/sport-index.fr\/blog\/wp-json\/wp\/v2\/comments?post=11852"}],"version-history":[{"count":1,"href":"https:\/\/sport-index.fr\/blog\/wp-json\/wp\/v2\/posts\/11852\/revisions"}],"predecessor-version":[{"id":12080,"href":"https:\/\/sport-index.fr\/blog\/wp-json\/wp\/v2\/posts\/11852\/revisions\/12080"}],"wp:featuredmedia":[{"embeddable":true,"href":"https:\/\/sport-index.fr\/blog\/wp-json\/wp\/v2\/media\/15610"}],"wp:attachment":[{"href":"https:\/\/sport-index.fr\/blog\/wp-json\/wp\/v2\/media?parent=11852"}],"wp:term":[{"taxonomy":"category","embeddable":true,"href":"https:\/\/sport-index.fr\/blog\/wp-json\/wp\/v2\/categories?post=11852"},{"taxonomy":"post_tag","embeddable":true,"href":"https:\/\/sport-index.fr\/blog\/wp-json\/wp\/v2\/tags?post=11852"}],"curies":[{"name":"wp","href":"https:\/\/api.w.org\/{rel}","templated":true}]}}