{"id":11903,"date":"2025-03-16T08:38:02","date_gmt":"2025-03-16T07:38:02","guid":{"rendered":"https:\/\/sport-index.fr\/blog\/?p=11903"},"modified":"2025-03-15T14:12:49","modified_gmt":"2025-03-15T13:12:49","slug":"victoire-eclatante-de-loic-meillard-le-triple-suisse-en-geant-a-hafjell","status":"publish","type":"post","link":"https:\/\/sport-index.fr\/blog\/a-la-une\/victoire-eclatante-de-loic-meillard-le-triple-suisse-en-geant-a-hafjell\/","title":{"rendered":"Victoire \u00e9clatante de Lo\u00efc Meillard : le tripl\u00e9 suisse en g\u00e9ant \u00e0 Hafjell"},"content":{"rendered":"<h2>Un moment historique pour le ski suisse<\/h2>\n<p>En r\u00e9alisant une performance remarquable, il a su s&rsquo;imposer face \u00e0 des adversaires redoutables, dont son compatriote Marco Odermatt. Ce succ\u00e8s marque une \u00e9tape importante pour le ski suisse, qui se distingue par sa profondeur de talent.<\/p>\n<p>Meillard, vice-champion du monde de g\u00e9ant, a d\u00e9montr\u00e9 une ma\u00eetrise technique exceptionnelle tout au long de la course. Son run, \u00e0 la fois rapide et pr\u00e9cis, lui a permis de surpasser Odermatt et Thomas Tumler, qui compl\u00e8tent le podium. Cet exploit souligne non seulement ses comp\u00e9tences personnelles, mais \u00e9galement la force de l&rsquo;\u00e9quipe suisse sur la sc\u00e8ne internationale.<\/p>\n<h2>Analyse de la performance de Meillard<\/h2>\n<p>La seconde manche de Lo\u00efc Meillard a \u00e9t\u00e9 particuli\u00e8rement d\u00e9terminante. Gr\u00e2ce \u00e0 une strat\u00e9gie bien pens\u00e9e et \u00e0 une ex\u00e9cution impeccable, il a su maintenir une vitesse \u00e9lev\u00e9e tout en \u00e9vitant les erreurs. Les conditions de neige, bien que changeantes, n&rsquo;ont pas entrav\u00e9 sa d\u00e9termination et sa concentration.<\/p>\n<p>Les spectateurs ont \u00e9t\u00e9 t\u00e9moins d&rsquo;une d\u00e9monstration de puissance et de contr\u00f4le, caract\u00e9ristiques des athl\u00e8tes d\u2019\u00e9lite. La capacit\u00e9 de Meillard \u00e0 g\u00e9rer la pression sur une piste difficile a \u00e9t\u00e9 un facteur cl\u00e9 de son succ\u00e8s. Sa performance \u00e0 Hafjell renforcera sans doute sa position parmi les meilleurs skieurs de la discipline.<\/p>\n<h2>L&rsquo;impact sur le ski alpin suisse<\/h2>\n<p>Cette victoire \u00e0 Hafjell n&rsquo;est pas seulement un triomphe personnel pour Meillard, mais aussi un symbole de la vitalit\u00e9 du ski alpin suisse. La pr\u00e9sence de trois skieurs suisses sur le podium montre la comp\u00e9titivit\u00e9 et le potentiel de cette nation dans le domaine. Des jeunes talents \u00e9mergent, promettant un avenir radieux pour le ski helv\u00e9tique.<\/p>\n<p>Les performances de Meillard et de ses compatriotes inspirent la prochaine g\u00e9n\u00e9ration de skieurs. Avec un tel niveau de r\u00e9ussite, il est fort probable que d&rsquo;autres jeunes athl\u00e8tes se lancent dans cette discipline prestigieuse. Le soutien des f\u00e9d\u00e9rations et des sponsors sera crucial pour maintenir cette dynamique.<\/p>\n<blockquote><p>\n    \u00ab\u00a0La victoire \u00e0 Hafjell est le fruit d&rsquo;un travail acharn\u00e9 et d&rsquo;une passion in\u00e9branlable pour le ski.\u00a0\u00bb &#8211; Lo\u00efc Meillard\n<\/p><\/blockquote>\n<ul>\n<li>Lo\u00efc Meillard remporte la course de g\u00e9ant \u00e0 Hafjell.<\/li>\n<li>Marco Odermatt et Thomas Tumler compl\u00e8tent le podium suisse.<\/li>\n<li>Meillard est vice-champion du monde en g\u00e9ant.<\/li>\n<li>Le ski alpin suisse continue de briller sur la sc\u00e8ne internationale.<\/li>\n<li>Cette victoire inspire les jeunes skieurs suisses.<\/li>\n<\/ul>\n","protected":false},"excerpt":{"rendered":"","protected":false},"author":34,"featured_media":16144,"comment_status":"open","ping_status":"open","sticky":false,"template":"","format":"standard","meta":{"_acf_changed":false,"manual_indexmenow":false,"indexmenow_id_project":0,"footnotes":""},"categories":[1],"tags":[4544,4898,4563,4591,4556],"class_list":["post-11903","post","type-post","status-publish","format-standard","has-post-thumbnail","hentry","category-a-la-une","tag-equipe","tag-gestion-du-stress","tag-performance-athletique","tag-ski-alpin","tag-tournoi-des-6-nations","generate-columns","tablet-grid-50","mobile-grid-100","grid-parent","grid-25"],"acf":[],"yoast_head":"<!-- This site is optimized with the Yoast SEO Premium plugin v21.3 (Yoast SEO v26.5) - https:\/\/yoast.com\/wordpress\/plugins\/seo\/ -->\n<title>Victoire \u00e9clatante de Lo\u00efc Meillard : le tripl\u00e9 suisse<\/title>\n<meta name=\"description\" content=\"Un moment historique pour le ski suisse En r\u00e9alisant une performance remarquable, il a su s&#039;imposer face \u00e0 des adversaires redoutables, dont son\u2026\" \/>\n<meta name=\"robots\" content=\"index, follow, max-snippet:-1, max-image-preview:large, max-video-preview:-1\" \/>\n<link rel=\"canonical\" href=\"https:\/\/sport-index.fr\/blog\/a-la-une\/victoire-eclatante-de-loic-meillard-le-triple-suisse-en-geant-a-hafjell\/\" \/>\n<meta property=\"og:locale\" content=\"fr_FR\" \/>\n<meta property=\"og:type\" content=\"article\" \/>\n<meta property=\"og:title\" content=\"Victoire \u00e9clatante de Lo\u00efc Meillard : le tripl\u00e9 suisse\" \/>\n<meta property=\"og:description\" content=\"Un moment historique pour le ski suisse En r\u00e9alisant une performance remarquable, il a su s&#039;imposer face \u00e0 des adversaires redoutables, dont son\u2026\" \/>\n<meta property=\"og:url\" content=\"https:\/\/sport-index.fr\/blog\/a-la-une\/victoire-eclatante-de-loic-meillard-le-triple-suisse-en-geant-a-hafjell\/\" \/>\n<meta property=\"og:site_name\" content=\"sport-index\" \/>\n<meta name=\"author\" content=\"Axel Lauzier\" \/>\n<meta name=\"twitter:card\" content=\"summary_large_image\" \/>\n<script type=\"application\/ld+json\" class=\"yoast-schema-graph\">{\"@context\":\"https:\/\/schema.org\",\"@graph\":[{\"@type\":\"NewsArticle\",\"@id\":\"https:\/\/sport-index.fr\/blog\/a-la-une\/victoire-eclatante-de-loic-meillard-le-triple-suisse-en-geant-a-hafjell\/#article\",\"isPartOf\":{\"@id\":\"https:\/\/sport-index.fr\/blog\/a-la-une\/victoire-eclatante-de-loic-meillard-le-triple-suisse-en-geant-a-hafjell\/\"},\"author\":{\"name\":\"Axel Lauzier\",\"@id\":\"https:\/\/sport-index.fr\/blog\/#\/schema\/person\/3c864cdc320801e3db34b663e7e3f816\"},\"headline\":\"Victoire \u00e9clatante de Lo\u00efc Meillard : le tripl\u00e9 suisse en g\u00e9ant \u00e0 Hafjell\",\"datePublished\":\"2025-03-16T07:38:02+00:00\",\"mainEntityOfPage\":{\"@id\":\"https:\/\/sport-index.fr\/blog\/a-la-une\/victoire-eclatante-de-loic-meillard-le-triple-suisse-en-geant-a-hafjell\/\"},\"wordCount\":435,\"commentCount\":24,\"publisher\":{\"@id\":\"https:\/\/sport-index.fr\/blog\/#organization\"},\"image\":{\"@id\":\"https:\/\/sport-index.fr\/blog\/a-la-une\/victoire-eclatante-de-loic-meillard-le-triple-suisse-en-geant-a-hafjell\/#primaryimage\"},\"thumbnailUrl\":\"https:\/\/sport-index.fr\/blog\/wp-content\/uploads\/2025\/05\/sdxl-73ec067b61ff4ae8cc3b360bf2cc8ce5-scaled.png\",\"keywords\":[\"\u00c9quipe\",\"Gestion Du Stress\",\"Performance Athl\u00e9tique\",\"Ski Alpin\",\"Tournoi des 6 Nations\"],\"articleSection\":[\"\u00c0 la une\"],\"inLanguage\":\"fr-FR\",\"potentialAction\":[{\"@type\":\"CommentAction\",\"name\":\"Comment\",\"target\":[\"https:\/\/sport-index.fr\/blog\/a-la-une\/victoire-eclatante-de-loic-meillard-le-triple-suisse-en-geant-a-hafjell\/#respond\"]}]},{\"@type\":\"WebPage\",\"@id\":\"https:\/\/sport-index.fr\/blog\/a-la-une\/victoire-eclatante-de-loic-meillard-le-triple-suisse-en-geant-a-hafjell\/\",\"url\":\"https:\/\/sport-index.fr\/blog\/a-la-une\/victoire-eclatante-de-loic-meillard-le-triple-suisse-en-geant-a-hafjell\/\",\"name\":\"Victoire \u00e9clatante de Lo\u00efc Meillard : le tripl\u00e9 suisse\",\"isPartOf\":{\"@id\":\"https:\/\/sport-index.fr\/blog\/#website\"},\"primaryImageOfPage\":{\"@id\":\"https:\/\/sport-index.fr\/blog\/a-la-une\/victoire-eclatante-de-loic-meillard-le-triple-suisse-en-geant-a-hafjell\/#primaryimage\"},\"image\":{\"@id\":\"https:\/\/sport-index.fr\/blog\/a-la-une\/victoire-eclatante-de-loic-meillard-le-triple-suisse-en-geant-a-hafjell\/#primaryimage\"},\"thumbnailUrl\":\"https:\/\/sport-index.fr\/blog\/wp-content\/uploads\/2025\/05\/sdxl-73ec067b61ff4ae8cc3b360bf2cc8ce5-scaled.png\",\"datePublished\":\"2025-03-16T07:38:02+00:00\",\"description\":\"Un moment historique pour le ski suisse En r\u00e9alisant une performance remarquable, il a su s'imposer face \u00e0 des adversaires redoutables, dont son\u2026\",\"inLanguage\":\"fr-FR\",\"potentialAction\":[{\"@type\":\"ReadAction\",\"target\":[\"https:\/\/sport-index.fr\/blog\/a-la-une\/victoire-eclatante-de-loic-meillard-le-triple-suisse-en-geant-a-hafjell\/\"]}]},{\"@type\":\"ImageObject\",\"inLanguage\":\"fr-FR\",\"@id\":\"https:\/\/sport-index.fr\/blog\/a-la-une\/victoire-eclatante-de-loic-meillard-le-triple-suisse-en-geant-a-hafjell\/#primaryimage\",\"url\":\"https:\/\/sport-index.fr\/blog\/wp-content\/uploads\/2025\/05\/sdxl-73ec067b61ff4ae8cc3b360bf2cc8ce5-scaled.png\",\"contentUrl\":\"https:\/\/sport-index.fr\/blog\/wp-content\/uploads\/2025\/05\/sdxl-73ec067b61ff4ae8cc3b360bf2cc8ce5-scaled.png\",\"width\":1200,\"height\":500},{\"@type\":\"WebSite\",\"@id\":\"https:\/\/sport-index.fr\/blog\/#website\",\"url\":\"https:\/\/sport-index.fr\/blog\/\",\"name\":\"sport-index.fr\",\"description\":\"Le score de l\u2019analyse sportive.\",\"publisher\":{\"@id\":\"https:\/\/sport-index.fr\/blog\/#organization\"},\"alternateName\":\"Le score de l\u2019analyse sportive.\",\"potentialAction\":[{\"@type\":\"SearchAction\",\"target\":{\"@type\":\"EntryPoint\",\"urlTemplate\":\"https:\/\/sport-index.fr\/blog\/?s={search_term_string}\"},\"query-input\":{\"@type\":\"PropertyValueSpecification\",\"valueRequired\":true,\"valueName\":\"search_term_string\"}}],\"inLanguage\":\"fr-FR\"},{\"@type\":\"Organization\",\"@id\":\"https:\/\/sport-index.fr\/blog\/#organization\",\"name\":\"Foretsensations.fr\",\"url\":\"https:\/\/sport-index.fr\/blog\/\",\"logo\":{\"@type\":\"ImageObject\",\"inLanguage\":\"fr-FR\",\"@id\":\"https:\/\/sport-index.fr\/blog\/#\/schema\/logo\/image\/\",\"url\":\"https:\/\/sport-index.fr\/blog\/wp-content\/uploads\/2026\/07\/logo-auto.png\",\"contentUrl\":\"https:\/\/sport-index.fr\/blog\/wp-content\/uploads\/2026\/07\/logo-auto.png\",\"width\":1024,\"height\":1024,\"caption\":\"Foretsensations.fr\"},\"image\":{\"@id\":\"https:\/\/sport-index.fr\/blog\/#\/schema\/logo\/image\/\"}},{\"@type\":\"Person\",\"@id\":\"https:\/\/sport-index.fr\/blog\/#\/schema\/person\/3c864cdc320801e3db34b663e7e3f816\",\"name\":\"Axel Lauzier\",\"image\":{\"@type\":\"ImageObject\",\"inLanguage\":\"fr-FR\",\"@id\":\"https:\/\/sport-index.fr\/blog\/#\/schema\/person\/image\/\",\"url\":\"https:\/\/sport-index.fr\/blog\/wp-content\/uploads\/2026\/06\/persona_axel-l-96x96.jpg\",\"contentUrl\":\"https:\/\/sport-index.fr\/blog\/wp-content\/uploads\/2026\/06\/persona_axel-l-96x96.jpg\",\"caption\":\"Axel Lauzier\"},\"description\":\"Le sport rythme mon quotidien depuis l'enfance, et j'en ai fait mon m\u00e9tier d'analyste r\u00e9dactionnel il y a une dizaine d'ann\u00e9es. Je couvre principalement le football, son actualit\u00e9, ses transferts et l'analyse tactique des grandes affiches, mais aussi les disciplines plus confidentielles que j'aime remettre en lumi\u00e8re. Une partie de mon travail porte sur les pronostics et la lecture statistique d'un match : forme des \u00e9quipes, historique des confrontations, compositions, sans jamais vendre de fausse certitude. Je rappelle syst\u00e9matiquement que parier comporte un risque et doit rester un loisir ma\u00eetris\u00e9. Avant de signer une analyse, je v\u00e9rifie mes chiffres, je recoupe les compositions probables et je distingue toujours la donn\u00e9e brute de l'intuition. Mon objectif : offrir une lecture honn\u00eate et argument\u00e9e, pas un ticket gagnant garanti.\",\"sameAs\":[\"https:\/\/axellauzier.fr\/\"],\"url\":\"https:\/\/sport-index.fr\/blog\/auteur\/noname\/\"}]}<\/script>\n<!-- \/ Yoast SEO Premium plugin. -->","yoast_head_json":{"title":"Victoire \u00e9clatante de Lo\u00efc Meillard : le tripl\u00e9 suisse","description":"Un moment historique pour le ski suisse En r\u00e9alisant une performance remarquable, il a su s'imposer face \u00e0 des adversaires redoutables, dont son\u2026","robots":{"index":"index","follow":"follow","max-snippet":"max-snippet:-1","max-image-preview":"max-image-preview:large","max-video-preview":"max-video-preview:-1"},"canonical":"https:\/\/sport-index.fr\/blog\/a-la-une\/victoire-eclatante-de-loic-meillard-le-triple-suisse-en-geant-a-hafjell\/","og_locale":"fr_FR","og_type":"article","og_title":"Victoire \u00e9clatante de Lo\u00efc Meillard : le tripl\u00e9 suisse","og_description":"Un moment historique pour le ski suisse En r\u00e9alisant une performance remarquable, il a su s'imposer face \u00e0 des adversaires redoutables, dont son\u2026","og_url":"https:\/\/sport-index.fr\/blog\/a-la-une\/victoire-eclatante-de-loic-meillard-le-triple-suisse-en-geant-a-hafjell\/","og_site_name":"sport-index","author":"Axel Lauzier","twitter_card":"summary_large_image","schema":{"@context":"https:\/\/schema.org","@graph":[{"@type":"NewsArticle","@id":"https:\/\/sport-index.fr\/blog\/a-la-une\/victoire-eclatante-de-loic-meillard-le-triple-suisse-en-geant-a-hafjell\/#article","isPartOf":{"@id":"https:\/\/sport-index.fr\/blog\/a-la-une\/victoire-eclatante-de-loic-meillard-le-triple-suisse-en-geant-a-hafjell\/"},"author":{"name":"Axel Lauzier","@id":"https:\/\/sport-index.fr\/blog\/#\/schema\/person\/3c864cdc320801e3db34b663e7e3f816"},"headline":"Victoire \u00e9clatante de Lo\u00efc Meillard : le tripl\u00e9 suisse en g\u00e9ant \u00e0 Hafjell","datePublished":"2025-03-16T07:38:02+00:00","mainEntityOfPage":{"@id":"https:\/\/sport-index.fr\/blog\/a-la-une\/victoire-eclatante-de-loic-meillard-le-triple-suisse-en-geant-a-hafjell\/"},"wordCount":435,"commentCount":24,"publisher":{"@id":"https:\/\/sport-index.fr\/blog\/#organization"},"image":{"@id":"https:\/\/sport-index.fr\/blog\/a-la-une\/victoire-eclatante-de-loic-meillard-le-triple-suisse-en-geant-a-hafjell\/#primaryimage"},"thumbnailUrl":"https:\/\/sport-index.fr\/blog\/wp-content\/uploads\/2025\/05\/sdxl-73ec067b61ff4ae8cc3b360bf2cc8ce5-scaled.png","keywords":["\u00c9quipe","Gestion Du Stress","Performance Athl\u00e9tique","Ski Alpin","Tournoi des 6 Nations"],"articleSection":["\u00c0 la une"],"inLanguage":"fr-FR","potentialAction":[{"@type":"CommentAction","name":"Comment","target":["https:\/\/sport-index.fr\/blog\/a-la-une\/victoire-eclatante-de-loic-meillard-le-triple-suisse-en-geant-a-hafjell\/#respond"]}]},{"@type":"WebPage","@id":"https:\/\/sport-index.fr\/blog\/a-la-une\/victoire-eclatante-de-loic-meillard-le-triple-suisse-en-geant-a-hafjell\/","url":"https:\/\/sport-index.fr\/blog\/a-la-une\/victoire-eclatante-de-loic-meillard-le-triple-suisse-en-geant-a-hafjell\/","name":"Victoire \u00e9clatante de Lo\u00efc Meillard : le tripl\u00e9 suisse","isPartOf":{"@id":"https:\/\/sport-index.fr\/blog\/#website"},"primaryImageOfPage":{"@id":"https:\/\/sport-index.fr\/blog\/a-la-une\/victoire-eclatante-de-loic-meillard-le-triple-suisse-en-geant-a-hafjell\/#primaryimage"},"image":{"@id":"https:\/\/sport-index.fr\/blog\/a-la-une\/victoire-eclatante-de-loic-meillard-le-triple-suisse-en-geant-a-hafjell\/#primaryimage"},"thumbnailUrl":"https:\/\/sport-index.fr\/blog\/wp-content\/uploads\/2025\/05\/sdxl-73ec067b61ff4ae8cc3b360bf2cc8ce5-scaled.png","datePublished":"2025-03-16T07:38:02+00:00","description":"Un moment historique pour le ski suisse En r\u00e9alisant une performance remarquable, il a su s'imposer face \u00e0 des adversaires redoutables, dont son\u2026","inLanguage":"fr-FR","potentialAction":[{"@type":"ReadAction","target":["https:\/\/sport-index.fr\/blog\/a-la-une\/victoire-eclatante-de-loic-meillard-le-triple-suisse-en-geant-a-hafjell\/"]}]},{"@type":"ImageObject","inLanguage":"fr-FR","@id":"https:\/\/sport-index.fr\/blog\/a-la-une\/victoire-eclatante-de-loic-meillard-le-triple-suisse-en-geant-a-hafjell\/#primaryimage","url":"https:\/\/sport-index.fr\/blog\/wp-content\/uploads\/2025\/05\/sdxl-73ec067b61ff4ae8cc3b360bf2cc8ce5-scaled.png","contentUrl":"https:\/\/sport-index.fr\/blog\/wp-content\/uploads\/2025\/05\/sdxl-73ec067b61ff4ae8cc3b360bf2cc8ce5-scaled.png","width":1200,"height":500},{"@type":"WebSite","@id":"https:\/\/sport-index.fr\/blog\/#website","url":"https:\/\/sport-index.fr\/blog\/","name":"sport-index.fr","description":"Le score de l\u2019analyse sportive.","publisher":{"@id":"https:\/\/sport-index.fr\/blog\/#organization"},"alternateName":"Le score de l\u2019analyse sportive.","potentialAction":[{"@type":"SearchAction","target":{"@type":"EntryPoint","urlTemplate":"https:\/\/sport-index.fr\/blog\/?s={search_term_string}"},"query-input":{"@type":"PropertyValueSpecification","valueRequired":true,"valueName":"search_term_string"}}],"inLanguage":"fr-FR"},{"@type":"Organization","@id":"https:\/\/sport-index.fr\/blog\/#organization","name":"Foretsensations.fr","url":"https:\/\/sport-index.fr\/blog\/","logo":{"@type":"ImageObject","inLanguage":"fr-FR","@id":"https:\/\/sport-index.fr\/blog\/#\/schema\/logo\/image\/","url":"https:\/\/sport-index.fr\/blog\/wp-content\/uploads\/2026\/07\/logo-auto.png","contentUrl":"https:\/\/sport-index.fr\/blog\/wp-content\/uploads\/2026\/07\/logo-auto.png","width":1024,"height":1024,"caption":"Foretsensations.fr"},"image":{"@id":"https:\/\/sport-index.fr\/blog\/#\/schema\/logo\/image\/"}},{"@type":"Person","@id":"https:\/\/sport-index.fr\/blog\/#\/schema\/person\/3c864cdc320801e3db34b663e7e3f816","name":"Axel Lauzier","image":{"@type":"ImageObject","inLanguage":"fr-FR","@id":"https:\/\/sport-index.fr\/blog\/#\/schema\/person\/image\/","url":"https:\/\/sport-index.fr\/blog\/wp-content\/uploads\/2026\/06\/persona_axel-l-96x96.jpg","contentUrl":"https:\/\/sport-index.fr\/blog\/wp-content\/uploads\/2026\/06\/persona_axel-l-96x96.jpg","caption":"Axel Lauzier"},"description":"Le sport rythme mon quotidien depuis l'enfance, et j'en ai fait mon m\u00e9tier d'analyste r\u00e9dactionnel il y a une dizaine d'ann\u00e9es. Je couvre principalement le football, son actualit\u00e9, ses transferts et l'analyse tactique des grandes affiches, mais aussi les disciplines plus confidentielles que j'aime remettre en lumi\u00e8re. Une partie de mon travail porte sur les pronostics et la lecture statistique d'un match : forme des \u00e9quipes, historique des confrontations, compositions, sans jamais vendre de fausse certitude. Je rappelle syst\u00e9matiquement que parier comporte un risque et doit rester un loisir ma\u00eetris\u00e9. Avant de signer une analyse, je v\u00e9rifie mes chiffres, je recoupe les compositions probables et je distingue toujours la donn\u00e9e brute de l'intuition. Mon objectif : offrir une lecture honn\u00eate et argument\u00e9e, pas un ticket gagnant garanti.","sameAs":["https:\/\/axellauzier.fr\/"],"url":"https:\/\/sport-index.fr\/blog\/auteur\/noname\/"}]}},"_links":{"self":[{"href":"https:\/\/sport-index.fr\/blog\/wp-json\/wp\/v2\/posts\/11903","targetHints":{"allow":["GET"]}}],"collection":[{"href":"https:\/\/sport-index.fr\/blog\/wp-json\/wp\/v2\/posts"}],"about":[{"href":"https:\/\/sport-index.fr\/blog\/wp-json\/wp\/v2\/types\/post"}],"author":[{"embeddable":true,"href":"https:\/\/sport-index.fr\/blog\/wp-json\/wp\/v2\/users\/34"}],"replies":[{"embeddable":true,"href":"https:\/\/sport-index.fr\/blog\/wp-json\/wp\/v2\/comments?post=11903"}],"version-history":[{"count":1,"href":"https:\/\/sport-index.fr\/blog\/wp-json\/wp\/v2\/posts\/11903\/revisions"}],"predecessor-version":[{"id":11972,"href":"https:\/\/sport-index.fr\/blog\/wp-json\/wp\/v2\/posts\/11903\/revisions\/11972"}],"wp:featuredmedia":[{"embeddable":true,"href":"https:\/\/sport-index.fr\/blog\/wp-json\/wp\/v2\/media\/16144"}],"wp:attachment":[{"href":"https:\/\/sport-index.fr\/blog\/wp-json\/wp\/v2\/media?parent=11903"}],"wp:term":[{"taxonomy":"category","embeddable":true,"href":"https:\/\/sport-index.fr\/blog\/wp-json\/wp\/v2\/categories?post=11903"},{"taxonomy":"post_tag","embeddable":true,"href":"https:\/\/sport-index.fr\/blog\/wp-json\/wp\/v2\/tags?post=11903"}],"curies":[{"name":"wp","href":"https:\/\/api.w.org\/{rel}","templated":true}]}}