{"id":11920,"date":"2025-03-16T15:55:15","date_gmt":"2025-03-16T14:55:15","guid":{"rendered":"https:\/\/sport-index.fr\/blog\/?p=11920"},"modified":"2025-03-15T17:30:30","modified_gmt":"2025-03-15T16:30:30","slug":"victoire-marquante-de-storer-a-paris-nice-un-hommage-poignant-a-alaphilippe","status":"publish","type":"post","link":"https:\/\/sport-index.fr\/blog\/a-la-une\/victoire-marquante-de-storer-a-paris-nice-un-hommage-poignant-a-alaphilippe\/","title":{"rendered":"Victoire marquante de Storer \u00e0 Paris-Nice : un hommage poignant \u00e0 Alaphilippe"},"content":{"rendered":"<p>Battant des conditions climatiques difficiles, le coureur de l&rsquo;\u00e9quipe Tudor Pro Cycling a su tirer parti du soutien de son co\u00e9quipier, Julian Alaphilippe. Ce dernier a non seulement anticip\u00e9 les opportunit\u00e9s, mais a \u00e9galement jou\u00e9 un r\u00f4le crucial dans la victoire de Storer, r\u00e9v\u00e9lant l&rsquo;esprit d&rsquo;\u00e9quipe qui r\u00e8gne dans ce sport.<\/p>\n<h2>Un parcours difficile, une victoire \u00e9clatante<\/h2>\n<p>La 7e \u00e9tape de Paris-Nice s&rsquo;est d\u00e9roul\u00e9e sous des conditions m\u00e9t\u00e9orologiques extr\u00eames, avec un froid polaire qui a mis \u00e0 l&rsquo;\u00e9preuve la d\u00e9termination des cyclistes. Malgr\u00e9 ces d\u00e9fis, Michael Storer a su faire preuve de r\u00e9silience et de strat\u00e9gie. En prenant une \u00e9chapp\u00e9e pr\u00e9coce, il a \u00e9tabli les bases de sa victoire, ce qui a d\u00e9montr\u00e9 son talent et sa pr\u00e9paration.<\/p>\n<p>Storer a reconnu l&rsquo;importance du soutien d&rsquo;Alaphilippe dans sa r\u00e9ussite. Le champion fran\u00e7ais a rapidement compris qu&rsquo;il devait intervenir pour maximiser les chances de victoire de leur \u00e9quipe. Cette collaboration a \u00e9t\u00e9 essentielle, car elle a permis \u00e0 Storer de se concentrer sur la course, tout en sachant qu&rsquo;il avait un alli\u00e9 solide \u00e0 ses c\u00f4t\u00e9s.<\/p>\n<h2>Julian Alaphilippe : un leader inspirant<\/h2>\n<p>Julian Alaphilippe a toujours \u00e9t\u00e9 reconnu pour son esprit d&rsquo;\u00e9quipe et sa capacit\u00e9 \u00e0 motiver ses co\u00e9quipiers. Dans cette \u00e9tape de Paris-Nice, il a d\u00e9montr\u00e9 \u00e0 nouveau pourquoi il est consid\u00e9r\u00e9 comme l&rsquo;un des meilleurs coureurs du peloton. En soutenant Storer, il a non seulement renforc\u00e9 leur position dans la course, mais a \u00e9galement illustr\u00e9 la force de l&rsquo;unit\u00e9 dans le cyclisme.<\/p>\n<p>La citation de Storer r\u00e9sume parfaitement l&rsquo;impact d&rsquo;Alaphilippe : <\/p>\n<blockquote><p>\u00ab\u00a0Julian savait qu&rsquo;on allait le faire.\u00a0\u00bb <\/p><\/blockquote>\n<p> Cette d\u00e9claration met en lumi\u00e8re la confiance que les coureurs ont les uns envers les autres, un \u00e9l\u00e9ment essentiel pour obtenir des r\u00e9sultats exceptionnels dans ce sport exigeant.<\/p>\n<h2>Les le\u00e7ons \u00e0 tirer de cette victoire<\/h2>\n<p>La victoire de Storer \u00e0 Paris-Nice met en avant plusieurs le\u00e7ons importantes pour les cyclistes et les \u00e9quipes. Tout d&rsquo;abord, elle souligne l&rsquo;importance de la pr\u00e9paration, tant physique que mentale. Les coureurs doivent \u00eatre pr\u00eats \u00e0 faire face \u00e0 des conditions adverses, tout en gardant leur objectif en ligne de mire.<\/p>\n<p>De plus, l&rsquo;esprit d&rsquo;\u00e9quipe est crucial. La performance de Storer n&rsquo;aurait pas \u00e9t\u00e9 possible sans la strat\u00e9gie et le soutien d&rsquo;Alaphilippe. Cela rappelle \u00e0 tous que le cyclisme est un sport collectif o\u00f9 la collaboration peut mener \u00e0 des succ\u00e8s significatifs.<\/p>\n<ul>\n<li>La r\u00e9silience face aux conditions difficiles<\/li>\n<li>Le r\u00f4le crucial du soutien entre co\u00e9quipiers<\/li>\n<li>La pr\u00e9paration mentale et physique comme cl\u00e9 de la victoire<\/li>\n<li>L&rsquo;importance de la strat\u00e9gie dans la comp\u00e9tition<\/li>\n<li>La valeur de l&rsquo;unit\u00e9 dans un sport collectif<\/li>\n<\/ul>\n<p>En somme, la 7e \u00e9tape de Paris-Nice a \u00e9t\u00e9 un moment fort de la saison cycliste, illustrant non seulement les capacit\u00e9s individuelles des coureurs mais aussi la puissance de l&rsquo;esprit d&rsquo;\u00e9quipe. Michael Storer et Julian Alaphilippe ont prouv\u00e9 que le cyclisme va au-del\u00e0 de la simple comp\u00e9tition ; c&rsquo;est un sport de solidarit\u00e9 et de strat\u00e9gie qui continue \u00e0 captiver les amateurs de v\u00e9lo \u00e0 travers le monde.<\/p>\n","protected":false},"excerpt":{"rendered":"","protected":false},"author":34,"featured_media":16228,"comment_status":"open","ping_status":"open","sticky":false,"template":"","format":"standard","meta":{"_acf_changed":false,"manual_indexmenow":false,"indexmenow_id_project":0,"footnotes":""},"categories":[1],"tags":[4585,4559,4543,4885,4408],"class_list":["post-11920","post","type-post","status-publish","format-standard","has-post-thumbnail","hentry","category-a-la-une","tag-cohesion-dequipe","tag-cyclisme","tag-performance","tag-preparation-mentale","tag-resilience","generate-columns","tablet-grid-50","mobile-grid-100","grid-parent","grid-25"],"acf":[],"yoast_head":"<!-- This site is optimized with the Yoast SEO Premium plugin v21.3 (Yoast SEO v26.5) - https:\/\/yoast.com\/wordpress\/plugins\/seo\/ -->\n<title>Victoire marquante de Storer \u00e0 Paris-Nice : un hommage<\/title>\n<meta name=\"description\" content=\"Battant des conditions climatiques difficiles, le coureur de l&#039;\u00e9quipe Tudor Pro Cycling a su tirer parti du soutien de son co\u00e9quipier, Julian\u2026\" \/>\n<meta name=\"robots\" content=\"index, follow, max-snippet:-1, max-image-preview:large, max-video-preview:-1\" \/>\n<link rel=\"canonical\" href=\"https:\/\/sport-index.fr\/blog\/a-la-une\/victoire-marquante-de-storer-a-paris-nice-un-hommage-poignant-a-alaphilippe\/\" \/>\n<meta property=\"og:locale\" content=\"fr_FR\" \/>\n<meta property=\"og:type\" content=\"article\" \/>\n<meta property=\"og:title\" content=\"Victoire marquante de Storer \u00e0 Paris-Nice : un hommage\" \/>\n<meta property=\"og:description\" content=\"Battant des conditions climatiques difficiles, le coureur de l&#039;\u00e9quipe Tudor Pro Cycling a su tirer parti du soutien de son co\u00e9quipier, Julian\u2026\" \/>\n<meta property=\"og:url\" content=\"https:\/\/sport-index.fr\/blog\/a-la-une\/victoire-marquante-de-storer-a-paris-nice-un-hommage-poignant-a-alaphilippe\/\" \/>\n<meta property=\"og:site_name\" content=\"sport-index\" \/>\n<meta name=\"author\" content=\"Axel Lauzier\" \/>\n<meta name=\"twitter:card\" content=\"summary_large_image\" \/>\n<script type=\"application\/ld+json\" class=\"yoast-schema-graph\">{\"@context\":\"https:\/\/schema.org\",\"@graph\":[{\"@type\":\"NewsArticle\",\"@id\":\"https:\/\/sport-index.fr\/blog\/a-la-une\/victoire-marquante-de-storer-a-paris-nice-un-hommage-poignant-a-alaphilippe\/#article\",\"isPartOf\":{\"@id\":\"https:\/\/sport-index.fr\/blog\/a-la-une\/victoire-marquante-de-storer-a-paris-nice-un-hommage-poignant-a-alaphilippe\/\"},\"author\":{\"name\":\"Axel Lauzier\",\"@id\":\"https:\/\/sport-index.fr\/blog\/#\/schema\/person\/3c864cdc320801e3db34b663e7e3f816\"},\"headline\":\"Victoire marquante de Storer \u00e0 Paris-Nice : un hommage poignant \u00e0 Alaphilippe\",\"datePublished\":\"2025-03-16T14:55:15+00:00\",\"mainEntityOfPage\":{\"@id\":\"https:\/\/sport-index.fr\/blog\/a-la-une\/victoire-marquante-de-storer-a-paris-nice-un-hommage-poignant-a-alaphilippe\/\"},\"wordCount\":556,\"commentCount\":20,\"publisher\":{\"@id\":\"https:\/\/sport-index.fr\/blog\/#organization\"},\"image\":{\"@id\":\"https:\/\/sport-index.fr\/blog\/a-la-une\/victoire-marquante-de-storer-a-paris-nice-un-hommage-poignant-a-alaphilippe\/#primaryimage\"},\"thumbnailUrl\":\"https:\/\/sport-index.fr\/blog\/wp-content\/uploads\/2025\/05\/sdxl-9b7edf4f180711556011ec5f6fd8d078-scaled.png\",\"keywords\":[\"Coh\u00e9sion d'\u00c9quipe\",\"Cyclisme\",\"Performance\",\"Pr\u00e9paration Mentale\",\"R\u00e9silience\"],\"articleSection\":[\"\u00c0 la une\"],\"inLanguage\":\"fr-FR\",\"potentialAction\":[{\"@type\":\"CommentAction\",\"name\":\"Comment\",\"target\":[\"https:\/\/sport-index.fr\/blog\/a-la-une\/victoire-marquante-de-storer-a-paris-nice-un-hommage-poignant-a-alaphilippe\/#respond\"]}]},{\"@type\":\"WebPage\",\"@id\":\"https:\/\/sport-index.fr\/blog\/a-la-une\/victoire-marquante-de-storer-a-paris-nice-un-hommage-poignant-a-alaphilippe\/\",\"url\":\"https:\/\/sport-index.fr\/blog\/a-la-une\/victoire-marquante-de-storer-a-paris-nice-un-hommage-poignant-a-alaphilippe\/\",\"name\":\"Victoire marquante de Storer \u00e0 Paris-Nice : un hommage\",\"isPartOf\":{\"@id\":\"https:\/\/sport-index.fr\/blog\/#website\"},\"primaryImageOfPage\":{\"@id\":\"https:\/\/sport-index.fr\/blog\/a-la-une\/victoire-marquante-de-storer-a-paris-nice-un-hommage-poignant-a-alaphilippe\/#primaryimage\"},\"image\":{\"@id\":\"https:\/\/sport-index.fr\/blog\/a-la-une\/victoire-marquante-de-storer-a-paris-nice-un-hommage-poignant-a-alaphilippe\/#primaryimage\"},\"thumbnailUrl\":\"https:\/\/sport-index.fr\/blog\/wp-content\/uploads\/2025\/05\/sdxl-9b7edf4f180711556011ec5f6fd8d078-scaled.png\",\"datePublished\":\"2025-03-16T14:55:15+00:00\",\"description\":\"Battant des conditions climatiques difficiles, le coureur de l'\u00e9quipe Tudor Pro Cycling a su tirer parti du soutien de son co\u00e9quipier, Julian\u2026\",\"inLanguage\":\"fr-FR\",\"potentialAction\":[{\"@type\":\"ReadAction\",\"target\":[\"https:\/\/sport-index.fr\/blog\/a-la-une\/victoire-marquante-de-storer-a-paris-nice-un-hommage-poignant-a-alaphilippe\/\"]}]},{\"@type\":\"ImageObject\",\"inLanguage\":\"fr-FR\",\"@id\":\"https:\/\/sport-index.fr\/blog\/a-la-une\/victoire-marquante-de-storer-a-paris-nice-un-hommage-poignant-a-alaphilippe\/#primaryimage\",\"url\":\"https:\/\/sport-index.fr\/blog\/wp-content\/uploads\/2025\/05\/sdxl-9b7edf4f180711556011ec5f6fd8d078-scaled.png\",\"contentUrl\":\"https:\/\/sport-index.fr\/blog\/wp-content\/uploads\/2025\/05\/sdxl-9b7edf4f180711556011ec5f6fd8d078-scaled.png\",\"width\":1200,\"height\":500},{\"@type\":\"WebSite\",\"@id\":\"https:\/\/sport-index.fr\/blog\/#website\",\"url\":\"https:\/\/sport-index.fr\/blog\/\",\"name\":\"sport-index.fr\",\"description\":\"Le score de l\u2019analyse sportive.\",\"publisher\":{\"@id\":\"https:\/\/sport-index.fr\/blog\/#organization\"},\"alternateName\":\"Le score de l\u2019analyse sportive.\",\"potentialAction\":[{\"@type\":\"SearchAction\",\"target\":{\"@type\":\"EntryPoint\",\"urlTemplate\":\"https:\/\/sport-index.fr\/blog\/?s={search_term_string}\"},\"query-input\":{\"@type\":\"PropertyValueSpecification\",\"valueRequired\":true,\"valueName\":\"search_term_string\"}}],\"inLanguage\":\"fr-FR\"},{\"@type\":\"Organization\",\"@id\":\"https:\/\/sport-index.fr\/blog\/#organization\",\"name\":\"Foretsensations.fr\",\"url\":\"https:\/\/sport-index.fr\/blog\/\",\"logo\":{\"@type\":\"ImageObject\",\"inLanguage\":\"fr-FR\",\"@id\":\"https:\/\/sport-index.fr\/blog\/#\/schema\/logo\/image\/\",\"url\":\"https:\/\/sport-index.fr\/blog\/wp-content\/uploads\/2026\/07\/logo-auto.png\",\"contentUrl\":\"https:\/\/sport-index.fr\/blog\/wp-content\/uploads\/2026\/07\/logo-auto.png\",\"width\":1024,\"height\":1024,\"caption\":\"Foretsensations.fr\"},\"image\":{\"@id\":\"https:\/\/sport-index.fr\/blog\/#\/schema\/logo\/image\/\"}},{\"@type\":\"Person\",\"@id\":\"https:\/\/sport-index.fr\/blog\/#\/schema\/person\/3c864cdc320801e3db34b663e7e3f816\",\"name\":\"Axel Lauzier\",\"image\":{\"@type\":\"ImageObject\",\"inLanguage\":\"fr-FR\",\"@id\":\"https:\/\/sport-index.fr\/blog\/#\/schema\/person\/image\/\",\"url\":\"https:\/\/sport-index.fr\/blog\/wp-content\/uploads\/2026\/06\/persona_axel-l-96x96.jpg\",\"contentUrl\":\"https:\/\/sport-index.fr\/blog\/wp-content\/uploads\/2026\/06\/persona_axel-l-96x96.jpg\",\"caption\":\"Axel Lauzier\"},\"description\":\"Le sport rythme mon quotidien depuis l'enfance, et j'en ai fait mon m\u00e9tier d'analyste r\u00e9dactionnel il y a une dizaine d'ann\u00e9es. Je couvre principalement le football, son actualit\u00e9, ses transferts et l'analyse tactique des grandes affiches, mais aussi les disciplines plus confidentielles que j'aime remettre en lumi\u00e8re. Une partie de mon travail porte sur les pronostics et la lecture statistique d'un match : forme des \u00e9quipes, historique des confrontations, compositions, sans jamais vendre de fausse certitude. Je rappelle syst\u00e9matiquement que parier comporte un risque et doit rester un loisir ma\u00eetris\u00e9. Avant de signer une analyse, je v\u00e9rifie mes chiffres, je recoupe les compositions probables et je distingue toujours la donn\u00e9e brute de l'intuition. Mon objectif : offrir une lecture honn\u00eate et argument\u00e9e, pas un ticket gagnant garanti.\",\"sameAs\":[\"https:\/\/axellauzier.fr\/\"],\"url\":\"https:\/\/sport-index.fr\/blog\/auteur\/noname\/\"}]}<\/script>\n<!-- \/ Yoast SEO Premium plugin. -->","yoast_head_json":{"title":"Victoire marquante de Storer \u00e0 Paris-Nice : un hommage","description":"Battant des conditions climatiques difficiles, le coureur de l'\u00e9quipe Tudor Pro Cycling a su tirer parti du soutien de son co\u00e9quipier, Julian\u2026","robots":{"index":"index","follow":"follow","max-snippet":"max-snippet:-1","max-image-preview":"max-image-preview:large","max-video-preview":"max-video-preview:-1"},"canonical":"https:\/\/sport-index.fr\/blog\/a-la-une\/victoire-marquante-de-storer-a-paris-nice-un-hommage-poignant-a-alaphilippe\/","og_locale":"fr_FR","og_type":"article","og_title":"Victoire marquante de Storer \u00e0 Paris-Nice : un hommage","og_description":"Battant des conditions climatiques difficiles, le coureur de l'\u00e9quipe Tudor Pro Cycling a su tirer parti du soutien de son co\u00e9quipier, Julian\u2026","og_url":"https:\/\/sport-index.fr\/blog\/a-la-une\/victoire-marquante-de-storer-a-paris-nice-un-hommage-poignant-a-alaphilippe\/","og_site_name":"sport-index","author":"Axel Lauzier","twitter_card":"summary_large_image","schema":{"@context":"https:\/\/schema.org","@graph":[{"@type":"NewsArticle","@id":"https:\/\/sport-index.fr\/blog\/a-la-une\/victoire-marquante-de-storer-a-paris-nice-un-hommage-poignant-a-alaphilippe\/#article","isPartOf":{"@id":"https:\/\/sport-index.fr\/blog\/a-la-une\/victoire-marquante-de-storer-a-paris-nice-un-hommage-poignant-a-alaphilippe\/"},"author":{"name":"Axel Lauzier","@id":"https:\/\/sport-index.fr\/blog\/#\/schema\/person\/3c864cdc320801e3db34b663e7e3f816"},"headline":"Victoire marquante de Storer \u00e0 Paris-Nice : un hommage poignant \u00e0 Alaphilippe","datePublished":"2025-03-16T14:55:15+00:00","mainEntityOfPage":{"@id":"https:\/\/sport-index.fr\/blog\/a-la-une\/victoire-marquante-de-storer-a-paris-nice-un-hommage-poignant-a-alaphilippe\/"},"wordCount":556,"commentCount":20,"publisher":{"@id":"https:\/\/sport-index.fr\/blog\/#organization"},"image":{"@id":"https:\/\/sport-index.fr\/blog\/a-la-une\/victoire-marquante-de-storer-a-paris-nice-un-hommage-poignant-a-alaphilippe\/#primaryimage"},"thumbnailUrl":"https:\/\/sport-index.fr\/blog\/wp-content\/uploads\/2025\/05\/sdxl-9b7edf4f180711556011ec5f6fd8d078-scaled.png","keywords":["Coh\u00e9sion d'\u00c9quipe","Cyclisme","Performance","Pr\u00e9paration Mentale","R\u00e9silience"],"articleSection":["\u00c0 la une"],"inLanguage":"fr-FR","potentialAction":[{"@type":"CommentAction","name":"Comment","target":["https:\/\/sport-index.fr\/blog\/a-la-une\/victoire-marquante-de-storer-a-paris-nice-un-hommage-poignant-a-alaphilippe\/#respond"]}]},{"@type":"WebPage","@id":"https:\/\/sport-index.fr\/blog\/a-la-une\/victoire-marquante-de-storer-a-paris-nice-un-hommage-poignant-a-alaphilippe\/","url":"https:\/\/sport-index.fr\/blog\/a-la-une\/victoire-marquante-de-storer-a-paris-nice-un-hommage-poignant-a-alaphilippe\/","name":"Victoire marquante de Storer \u00e0 Paris-Nice : un hommage","isPartOf":{"@id":"https:\/\/sport-index.fr\/blog\/#website"},"primaryImageOfPage":{"@id":"https:\/\/sport-index.fr\/blog\/a-la-une\/victoire-marquante-de-storer-a-paris-nice-un-hommage-poignant-a-alaphilippe\/#primaryimage"},"image":{"@id":"https:\/\/sport-index.fr\/blog\/a-la-une\/victoire-marquante-de-storer-a-paris-nice-un-hommage-poignant-a-alaphilippe\/#primaryimage"},"thumbnailUrl":"https:\/\/sport-index.fr\/blog\/wp-content\/uploads\/2025\/05\/sdxl-9b7edf4f180711556011ec5f6fd8d078-scaled.png","datePublished":"2025-03-16T14:55:15+00:00","description":"Battant des conditions climatiques difficiles, le coureur de l'\u00e9quipe Tudor Pro Cycling a su tirer parti du soutien de son co\u00e9quipier, Julian\u2026","inLanguage":"fr-FR","potentialAction":[{"@type":"ReadAction","target":["https:\/\/sport-index.fr\/blog\/a-la-une\/victoire-marquante-de-storer-a-paris-nice-un-hommage-poignant-a-alaphilippe\/"]}]},{"@type":"ImageObject","inLanguage":"fr-FR","@id":"https:\/\/sport-index.fr\/blog\/a-la-une\/victoire-marquante-de-storer-a-paris-nice-un-hommage-poignant-a-alaphilippe\/#primaryimage","url":"https:\/\/sport-index.fr\/blog\/wp-content\/uploads\/2025\/05\/sdxl-9b7edf4f180711556011ec5f6fd8d078-scaled.png","contentUrl":"https:\/\/sport-index.fr\/blog\/wp-content\/uploads\/2025\/05\/sdxl-9b7edf4f180711556011ec5f6fd8d078-scaled.png","width":1200,"height":500},{"@type":"WebSite","@id":"https:\/\/sport-index.fr\/blog\/#website","url":"https:\/\/sport-index.fr\/blog\/","name":"sport-index.fr","description":"Le score de l\u2019analyse sportive.","publisher":{"@id":"https:\/\/sport-index.fr\/blog\/#organization"},"alternateName":"Le score de l\u2019analyse sportive.","potentialAction":[{"@type":"SearchAction","target":{"@type":"EntryPoint","urlTemplate":"https:\/\/sport-index.fr\/blog\/?s={search_term_string}"},"query-input":{"@type":"PropertyValueSpecification","valueRequired":true,"valueName":"search_term_string"}}],"inLanguage":"fr-FR"},{"@type":"Organization","@id":"https:\/\/sport-index.fr\/blog\/#organization","name":"Foretsensations.fr","url":"https:\/\/sport-index.fr\/blog\/","logo":{"@type":"ImageObject","inLanguage":"fr-FR","@id":"https:\/\/sport-index.fr\/blog\/#\/schema\/logo\/image\/","url":"https:\/\/sport-index.fr\/blog\/wp-content\/uploads\/2026\/07\/logo-auto.png","contentUrl":"https:\/\/sport-index.fr\/blog\/wp-content\/uploads\/2026\/07\/logo-auto.png","width":1024,"height":1024,"caption":"Foretsensations.fr"},"image":{"@id":"https:\/\/sport-index.fr\/blog\/#\/schema\/logo\/image\/"}},{"@type":"Person","@id":"https:\/\/sport-index.fr\/blog\/#\/schema\/person\/3c864cdc320801e3db34b663e7e3f816","name":"Axel Lauzier","image":{"@type":"ImageObject","inLanguage":"fr-FR","@id":"https:\/\/sport-index.fr\/blog\/#\/schema\/person\/image\/","url":"https:\/\/sport-index.fr\/blog\/wp-content\/uploads\/2026\/06\/persona_axel-l-96x96.jpg","contentUrl":"https:\/\/sport-index.fr\/blog\/wp-content\/uploads\/2026\/06\/persona_axel-l-96x96.jpg","caption":"Axel Lauzier"},"description":"Le sport rythme mon quotidien depuis l'enfance, et j'en ai fait mon m\u00e9tier d'analyste r\u00e9dactionnel il y a une dizaine d'ann\u00e9es. Je couvre principalement le football, son actualit\u00e9, ses transferts et l'analyse tactique des grandes affiches, mais aussi les disciplines plus confidentielles que j'aime remettre en lumi\u00e8re. Une partie de mon travail porte sur les pronostics et la lecture statistique d'un match : forme des \u00e9quipes, historique des confrontations, compositions, sans jamais vendre de fausse certitude. Je rappelle syst\u00e9matiquement que parier comporte un risque et doit rester un loisir ma\u00eetris\u00e9. Avant de signer une analyse, je v\u00e9rifie mes chiffres, je recoupe les compositions probables et je distingue toujours la donn\u00e9e brute de l'intuition. Mon objectif : offrir une lecture honn\u00eate et argument\u00e9e, pas un ticket gagnant garanti.","sameAs":["https:\/\/axellauzier.fr\/"],"url":"https:\/\/sport-index.fr\/blog\/auteur\/noname\/"}]}},"_links":{"self":[{"href":"https:\/\/sport-index.fr\/blog\/wp-json\/wp\/v2\/posts\/11920","targetHints":{"allow":["GET"]}}],"collection":[{"href":"https:\/\/sport-index.fr\/blog\/wp-json\/wp\/v2\/posts"}],"about":[{"href":"https:\/\/sport-index.fr\/blog\/wp-json\/wp\/v2\/types\/post"}],"author":[{"embeddable":true,"href":"https:\/\/sport-index.fr\/blog\/wp-json\/wp\/v2\/users\/34"}],"replies":[{"embeddable":true,"href":"https:\/\/sport-index.fr\/blog\/wp-json\/wp\/v2\/comments?post=11920"}],"version-history":[{"count":1,"href":"https:\/\/sport-index.fr\/blog\/wp-json\/wp\/v2\/posts\/11920\/revisions"}],"predecessor-version":[{"id":12005,"href":"https:\/\/sport-index.fr\/blog\/wp-json\/wp\/v2\/posts\/11920\/revisions\/12005"}],"wp:featuredmedia":[{"embeddable":true,"href":"https:\/\/sport-index.fr\/blog\/wp-json\/wp\/v2\/media\/16228"}],"wp:attachment":[{"href":"https:\/\/sport-index.fr\/blog\/wp-json\/wp\/v2\/media?parent=11920"}],"wp:term":[{"taxonomy":"category","embeddable":true,"href":"https:\/\/sport-index.fr\/blog\/wp-json\/wp\/v2\/categories?post=11920"},{"taxonomy":"post_tag","embeddable":true,"href":"https:\/\/sport-index.fr\/blog\/wp-json\/wp\/v2\/tags?post=11920"}],"curies":[{"name":"wp","href":"https:\/\/api.w.org\/{rel}","templated":true}]}}