{"id":12002,"date":"2025-03-18T17:47:31","date_gmt":"2025-03-18T16:47:31","guid":{"rendered":"https:\/\/sport-index.fr\/blog\/?p=12002"},"modified":"2025-03-16T15:20:52","modified_gmt":"2025-03-16T14:20:52","slug":"vannes-en-espagne-un-stage-decisif-pour-relancer-lespoir-en-top-14","status":"publish","type":"post","link":"https:\/\/sport-index.fr\/blog\/a-la-une\/vannes-en-espagne-un-stage-decisif-pour-relancer-lespoir-en-top-14\/","title":{"rendered":"Vannes en Espagne : un stage d\u00e9cisif pour relancer l&rsquo;espoir en Top 14"},"content":{"rendered":"<h2>Une pr\u00e9paration sous le soleil espagnol<\/h2>\n<p>Ce choix strat\u00e9gique vise \u00e0 galvaniser les joueurs avant une fin de saison cruciale en Top 14. Malgr\u00e9 quelques averses \u00e0 leur arriv\u00e9e, le soleil a vite repris le dessus, offrant des conditions optimales pour l&rsquo;entra\u00eenement.<\/p>\n<p>Le pr\u00e9sident du RCV, Olivier Cloarec, a soulign\u00e9 l&rsquo;importance de cette escapade : \u00ab\u00a0C&rsquo;est un pari, mais nous avons convenu que cela ne pouvait \u00eatre que positif.\u00a0\u00bb L&rsquo;objectif est clair : maintenir le club en Top 14 tout en consolidant les partenariats existants et en en d\u00e9veloppant de nouveaux.<\/p>\n<h2>Un esprit d&rsquo;\u00e9quipe renforc\u00e9<\/h2>\n<p>Les joueurs de Vannes cherchent \u00e0 cr\u00e9er une dynamique positive durant ce s\u00e9jour. L&rsquo;entra\u00eeneur Mathieu Cidre a exprim\u00e9 sa satisfaction concernant les installations et l&rsquo;ambiance : \u00ab\u00a0Il y a du soleil et des conditions id\u00e9ales pour s&rsquo;entra\u00eener.\u00a0\u00bb Ce stage est une occasion unique de souder le groupe et de sortir du quotidien.<\/p>\n<p>Les activit\u00e9s de groupe et la proximit\u00e9 entre les joueurs permettent de renforcer les liens et de stimuler l&rsquo;enthousiasme. Cidre a mentionn\u00e9 que changer le d\u00e9cor habituel peut souvent apporter une \u00e9nergie renouvel\u00e9e, essentielle pour la performance sur le terrain.<\/p>\n<h2>Une gestion prudente de l&rsquo;entra\u00eenement<\/h2>\n<p>Le staff technique a soigneusement planifi\u00e9 chaque s\u00e9ance d&rsquo;entra\u00eenement pour \u00e9viter les blessures. La journ\u00e9e de mercredi a \u00e9t\u00e9 d\u00e9di\u00e9e \u00e0 la r\u00e9cup\u00e9ration, soulignant l&rsquo;importance de la sant\u00e9 physique des joueurs. Cidre a pr\u00e9cis\u00e9 que l&rsquo;accent sera mis sur la coh\u00e9sion de l&rsquo;\u00e9quipe et le d\u00e9veloppement de leur jeu collectif.<\/p>\n<p>Le dernier jour de stage sera marqu\u00e9 par une s\u00e9ance d&rsquo;entra\u00eenement intense, pr\u00e9parant l&rsquo;\u00e9quipe pour les d\u00e9fis \u00e0 venir. \u00ab\u00a0Nous visons loin, mais nous restons concentr\u00e9s sur le court terme\u00a0\u00bb, a d\u00e9clar\u00e9 Cidre. Le retour en Bretagne est pr\u00e9vu pour le samedi, apr\u00e8s une semaine d&rsquo;efforts et de retrouvailles.<\/p>\n<ul>\n<li>Lieu : Oliva, Espagne<\/li>\n<li>Dur\u00e9e : Une semaine<\/li>\n<li>Objectif : Maintien en Top 14<\/li>\n<li>Activit\u00e9s : Entra\u00eenements, r\u00e9cup\u00e9ration, moments de coh\u00e9sion<\/li>\n<li>Retour pr\u00e9vu : Samedi, avant le d\u00e9placement \u00e0 Lyon<\/li>\n<\/ul>\n<blockquote><p>\n  \u00ab\u00a0Il y a vraiment cette forte volont\u00e9 de vouloir avoir un peu plus de proximit\u00e9, parce qu\u2019on va passer une semaine ensemble.\u00a0\u00bb &#8211; Mathieu Cidre\n<\/p><\/blockquote>\n<p>Le club de Vannes se pr\u00e9pare \u00e0 relever un d\u00e9fi de taille en fin de saison, et ce stage en Espagne pourrait bien \u00eatre la cl\u00e9 de leur succ\u00e8s. Les joueurs, galvanis\u00e9s par le cadre enchanteur et les conditions d&rsquo;entra\u00eenement id\u00e9ales, esp\u00e8rent sortir de cette exp\u00e9rience avec une \u00e9nergie renouvel\u00e9e. Alors que la pression monte, chaque d\u00e9tail compte dans la qu\u00eate du maintien en Top 14. Les Bretons sont d\u00e9termin\u00e9s \u00e0 faire vibrer leurs supporters lors des prochaines rencontres.<\/p>\n","protected":false},"excerpt":{"rendered":"","protected":false},"author":34,"featured_media":15567,"comment_status":"open","ping_status":"open","sticky":false,"template":"","format":"standard","meta":{"_acf_changed":false,"manual_indexmenow":false,"indexmenow_id_project":0,"footnotes":""},"categories":[1],"tags":[4585,4544,4898,4632,4539],"class_list":["post-12002","post","type-post","status-publish","format-standard","has-post-thumbnail","hentry","category-a-la-une","tag-cohesion-dequipe","tag-equipe","tag-gestion-du-stress","tag-performance-sportive","tag-top-14","generate-columns","tablet-grid-50","mobile-grid-100","grid-parent","grid-25"],"acf":[],"yoast_head":"<!-- This site is optimized with the Yoast SEO Premium plugin v21.3 (Yoast SEO v26.5) - https:\/\/yoast.com\/wordpress\/plugins\/seo\/ -->\n<title>Vannes en Espagne : un stage d\u00e9cisif pour relancer l&#039;espoir<\/title>\n<meta name=\"description\" content=\"Une pr\u00e9paration sous le soleil espagnol Ce choix strat\u00e9gique vise \u00e0 galvaniser les joueurs avant une fin de saison cruciale en Top 14. Malgr\u00e9 quelques\u2026\" \/>\n<meta name=\"robots\" content=\"index, follow, max-snippet:-1, max-image-preview:large, max-video-preview:-1\" \/>\n<link rel=\"canonical\" href=\"https:\/\/sport-index.fr\/blog\/a-la-une\/vannes-en-espagne-un-stage-decisif-pour-relancer-lespoir-en-top-14\/\" \/>\n<meta property=\"og:locale\" content=\"fr_FR\" \/>\n<meta property=\"og:type\" content=\"article\" \/>\n<meta property=\"og:title\" content=\"Vannes en Espagne : un stage d\u00e9cisif pour relancer l&#039;espoir\" \/>\n<meta property=\"og:description\" content=\"Une pr\u00e9paration sous le soleil espagnol Ce choix strat\u00e9gique vise \u00e0 galvaniser les joueurs avant une fin de saison cruciale en Top 14. Malgr\u00e9 quelques\u2026\" \/>\n<meta property=\"og:url\" content=\"https:\/\/sport-index.fr\/blog\/a-la-une\/vannes-en-espagne-un-stage-decisif-pour-relancer-lespoir-en-top-14\/\" \/>\n<meta property=\"og:site_name\" content=\"sport-index\" \/>\n<meta name=\"author\" content=\"Axel Lauzier\" \/>\n<meta name=\"twitter:card\" content=\"summary_large_image\" \/>\n<script type=\"application\/ld+json\" class=\"yoast-schema-graph\">{\"@context\":\"https:\/\/schema.org\",\"@graph\":[{\"@type\":\"NewsArticle\",\"@id\":\"https:\/\/sport-index.fr\/blog\/a-la-une\/vannes-en-espagne-un-stage-decisif-pour-relancer-lespoir-en-top-14\/#article\",\"isPartOf\":{\"@id\":\"https:\/\/sport-index.fr\/blog\/a-la-une\/vannes-en-espagne-un-stage-decisif-pour-relancer-lespoir-en-top-14\/\"},\"author\":{\"name\":\"Axel Lauzier\",\"@id\":\"https:\/\/sport-index.fr\/blog\/#\/schema\/person\/3c864cdc320801e3db34b663e7e3f816\"},\"headline\":\"Vannes en Espagne : un stage d\u00e9cisif pour relancer l&rsquo;espoir en Top 14\",\"datePublished\":\"2025-03-18T16:47:31+00:00\",\"mainEntityOfPage\":{\"@id\":\"https:\/\/sport-index.fr\/blog\/a-la-une\/vannes-en-espagne-un-stage-decisif-pour-relancer-lespoir-en-top-14\/\"},\"wordCount\":491,\"commentCount\":26,\"publisher\":{\"@id\":\"https:\/\/sport-index.fr\/blog\/#organization\"},\"image\":{\"@id\":\"https:\/\/sport-index.fr\/blog\/a-la-une\/vannes-en-espagne-un-stage-decisif-pour-relancer-lespoir-en-top-14\/#primaryimage\"},\"thumbnailUrl\":\"https:\/\/sport-index.fr\/blog\/wp-content\/uploads\/2025\/05\/sdxl-91463d040e6ce9efc493531ba3e59ce1-scaled.png\",\"keywords\":[\"Coh\u00e9sion d'\u00c9quipe\",\"\u00c9quipe\",\"Gestion Du Stress\",\"Performance sportive\",\"Top 14\"],\"articleSection\":[\"\u00c0 la une\"],\"inLanguage\":\"fr-FR\",\"potentialAction\":[{\"@type\":\"CommentAction\",\"name\":\"Comment\",\"target\":[\"https:\/\/sport-index.fr\/blog\/a-la-une\/vannes-en-espagne-un-stage-decisif-pour-relancer-lespoir-en-top-14\/#respond\"]}]},{\"@type\":\"WebPage\",\"@id\":\"https:\/\/sport-index.fr\/blog\/a-la-une\/vannes-en-espagne-un-stage-decisif-pour-relancer-lespoir-en-top-14\/\",\"url\":\"https:\/\/sport-index.fr\/blog\/a-la-une\/vannes-en-espagne-un-stage-decisif-pour-relancer-lespoir-en-top-14\/\",\"name\":\"Vannes en Espagne : un stage d\u00e9cisif pour relancer l'espoir\",\"isPartOf\":{\"@id\":\"https:\/\/sport-index.fr\/blog\/#website\"},\"primaryImageOfPage\":{\"@id\":\"https:\/\/sport-index.fr\/blog\/a-la-une\/vannes-en-espagne-un-stage-decisif-pour-relancer-lespoir-en-top-14\/#primaryimage\"},\"image\":{\"@id\":\"https:\/\/sport-index.fr\/blog\/a-la-une\/vannes-en-espagne-un-stage-decisif-pour-relancer-lespoir-en-top-14\/#primaryimage\"},\"thumbnailUrl\":\"https:\/\/sport-index.fr\/blog\/wp-content\/uploads\/2025\/05\/sdxl-91463d040e6ce9efc493531ba3e59ce1-scaled.png\",\"datePublished\":\"2025-03-18T16:47:31+00:00\",\"description\":\"Une pr\u00e9paration sous le soleil espagnol Ce choix strat\u00e9gique vise \u00e0 galvaniser les joueurs avant une fin de saison cruciale en Top 14. Malgr\u00e9 quelques\u2026\",\"inLanguage\":\"fr-FR\",\"potentialAction\":[{\"@type\":\"ReadAction\",\"target\":[\"https:\/\/sport-index.fr\/blog\/a-la-une\/vannes-en-espagne-un-stage-decisif-pour-relancer-lespoir-en-top-14\/\"]}]},{\"@type\":\"ImageObject\",\"inLanguage\":\"fr-FR\",\"@id\":\"https:\/\/sport-index.fr\/blog\/a-la-une\/vannes-en-espagne-un-stage-decisif-pour-relancer-lespoir-en-top-14\/#primaryimage\",\"url\":\"https:\/\/sport-index.fr\/blog\/wp-content\/uploads\/2025\/05\/sdxl-91463d040e6ce9efc493531ba3e59ce1-scaled.png\",\"contentUrl\":\"https:\/\/sport-index.fr\/blog\/wp-content\/uploads\/2025\/05\/sdxl-91463d040e6ce9efc493531ba3e59ce1-scaled.png\",\"width\":1200,\"height\":500},{\"@type\":\"WebSite\",\"@id\":\"https:\/\/sport-index.fr\/blog\/#website\",\"url\":\"https:\/\/sport-index.fr\/blog\/\",\"name\":\"sport-index.fr\",\"description\":\"Le score de l\u2019analyse sportive.\",\"publisher\":{\"@id\":\"https:\/\/sport-index.fr\/blog\/#organization\"},\"alternateName\":\"Le score de l\u2019analyse sportive.\",\"potentialAction\":[{\"@type\":\"SearchAction\",\"target\":{\"@type\":\"EntryPoint\",\"urlTemplate\":\"https:\/\/sport-index.fr\/blog\/?s={search_term_string}\"},\"query-input\":{\"@type\":\"PropertyValueSpecification\",\"valueRequired\":true,\"valueName\":\"search_term_string\"}}],\"inLanguage\":\"fr-FR\"},{\"@type\":\"Organization\",\"@id\":\"https:\/\/sport-index.fr\/blog\/#organization\",\"name\":\"Foretsensations.fr\",\"url\":\"https:\/\/sport-index.fr\/blog\/\",\"logo\":{\"@type\":\"ImageObject\",\"inLanguage\":\"fr-FR\",\"@id\":\"https:\/\/sport-index.fr\/blog\/#\/schema\/logo\/image\/\",\"url\":\"https:\/\/sport-index.fr\/blog\/wp-content\/uploads\/2026\/07\/logo-auto.png\",\"contentUrl\":\"https:\/\/sport-index.fr\/blog\/wp-content\/uploads\/2026\/07\/logo-auto.png\",\"width\":1024,\"height\":1024,\"caption\":\"Foretsensations.fr\"},\"image\":{\"@id\":\"https:\/\/sport-index.fr\/blog\/#\/schema\/logo\/image\/\"}},{\"@type\":\"Person\",\"@id\":\"https:\/\/sport-index.fr\/blog\/#\/schema\/person\/3c864cdc320801e3db34b663e7e3f816\",\"name\":\"Axel Lauzier\",\"image\":{\"@type\":\"ImageObject\",\"inLanguage\":\"fr-FR\",\"@id\":\"https:\/\/sport-index.fr\/blog\/#\/schema\/person\/image\/\",\"url\":\"https:\/\/sport-index.fr\/blog\/wp-content\/uploads\/2026\/06\/persona_axel-l-96x96.jpg\",\"contentUrl\":\"https:\/\/sport-index.fr\/blog\/wp-content\/uploads\/2026\/06\/persona_axel-l-96x96.jpg\",\"caption\":\"Axel Lauzier\"},\"description\":\"Le sport rythme mon quotidien depuis l'enfance, et j'en ai fait mon m\u00e9tier d'analyste r\u00e9dactionnel il y a une dizaine d'ann\u00e9es. Je couvre principalement le football, son actualit\u00e9, ses transferts et l'analyse tactique des grandes affiches, mais aussi les disciplines plus confidentielles que j'aime remettre en lumi\u00e8re. Une partie de mon travail porte sur les pronostics et la lecture statistique d'un match : forme des \u00e9quipes, historique des confrontations, compositions, sans jamais vendre de fausse certitude. Je rappelle syst\u00e9matiquement que parier comporte un risque et doit rester un loisir ma\u00eetris\u00e9. Avant de signer une analyse, je v\u00e9rifie mes chiffres, je recoupe les compositions probables et je distingue toujours la donn\u00e9e brute de l'intuition. Mon objectif : offrir une lecture honn\u00eate et argument\u00e9e, pas un ticket gagnant garanti.\",\"sameAs\":[\"https:\/\/axellauzier.fr\/\"],\"url\":\"https:\/\/sport-index.fr\/blog\/auteur\/noname\/\"}]}<\/script>\n<!-- \/ Yoast SEO Premium plugin. -->","yoast_head_json":{"title":"Vannes en Espagne : un stage d\u00e9cisif pour relancer l'espoir","description":"Une pr\u00e9paration sous le soleil espagnol Ce choix strat\u00e9gique vise \u00e0 galvaniser les joueurs avant une fin de saison cruciale en Top 14. Malgr\u00e9 quelques\u2026","robots":{"index":"index","follow":"follow","max-snippet":"max-snippet:-1","max-image-preview":"max-image-preview:large","max-video-preview":"max-video-preview:-1"},"canonical":"https:\/\/sport-index.fr\/blog\/a-la-une\/vannes-en-espagne-un-stage-decisif-pour-relancer-lespoir-en-top-14\/","og_locale":"fr_FR","og_type":"article","og_title":"Vannes en Espagne : un stage d\u00e9cisif pour relancer l'espoir","og_description":"Une pr\u00e9paration sous le soleil espagnol Ce choix strat\u00e9gique vise \u00e0 galvaniser les joueurs avant une fin de saison cruciale en Top 14. Malgr\u00e9 quelques\u2026","og_url":"https:\/\/sport-index.fr\/blog\/a-la-une\/vannes-en-espagne-un-stage-decisif-pour-relancer-lespoir-en-top-14\/","og_site_name":"sport-index","author":"Axel Lauzier","twitter_card":"summary_large_image","schema":{"@context":"https:\/\/schema.org","@graph":[{"@type":"NewsArticle","@id":"https:\/\/sport-index.fr\/blog\/a-la-une\/vannes-en-espagne-un-stage-decisif-pour-relancer-lespoir-en-top-14\/#article","isPartOf":{"@id":"https:\/\/sport-index.fr\/blog\/a-la-une\/vannes-en-espagne-un-stage-decisif-pour-relancer-lespoir-en-top-14\/"},"author":{"name":"Axel Lauzier","@id":"https:\/\/sport-index.fr\/blog\/#\/schema\/person\/3c864cdc320801e3db34b663e7e3f816"},"headline":"Vannes en Espagne : un stage d\u00e9cisif pour relancer l&rsquo;espoir en Top 14","datePublished":"2025-03-18T16:47:31+00:00","mainEntityOfPage":{"@id":"https:\/\/sport-index.fr\/blog\/a-la-une\/vannes-en-espagne-un-stage-decisif-pour-relancer-lespoir-en-top-14\/"},"wordCount":491,"commentCount":26,"publisher":{"@id":"https:\/\/sport-index.fr\/blog\/#organization"},"image":{"@id":"https:\/\/sport-index.fr\/blog\/a-la-une\/vannes-en-espagne-un-stage-decisif-pour-relancer-lespoir-en-top-14\/#primaryimage"},"thumbnailUrl":"https:\/\/sport-index.fr\/blog\/wp-content\/uploads\/2025\/05\/sdxl-91463d040e6ce9efc493531ba3e59ce1-scaled.png","keywords":["Coh\u00e9sion d'\u00c9quipe","\u00c9quipe","Gestion Du Stress","Performance sportive","Top 14"],"articleSection":["\u00c0 la une"],"inLanguage":"fr-FR","potentialAction":[{"@type":"CommentAction","name":"Comment","target":["https:\/\/sport-index.fr\/blog\/a-la-une\/vannes-en-espagne-un-stage-decisif-pour-relancer-lespoir-en-top-14\/#respond"]}]},{"@type":"WebPage","@id":"https:\/\/sport-index.fr\/blog\/a-la-une\/vannes-en-espagne-un-stage-decisif-pour-relancer-lespoir-en-top-14\/","url":"https:\/\/sport-index.fr\/blog\/a-la-une\/vannes-en-espagne-un-stage-decisif-pour-relancer-lespoir-en-top-14\/","name":"Vannes en Espagne : un stage d\u00e9cisif pour relancer l'espoir","isPartOf":{"@id":"https:\/\/sport-index.fr\/blog\/#website"},"primaryImageOfPage":{"@id":"https:\/\/sport-index.fr\/blog\/a-la-une\/vannes-en-espagne-un-stage-decisif-pour-relancer-lespoir-en-top-14\/#primaryimage"},"image":{"@id":"https:\/\/sport-index.fr\/blog\/a-la-une\/vannes-en-espagne-un-stage-decisif-pour-relancer-lespoir-en-top-14\/#primaryimage"},"thumbnailUrl":"https:\/\/sport-index.fr\/blog\/wp-content\/uploads\/2025\/05\/sdxl-91463d040e6ce9efc493531ba3e59ce1-scaled.png","datePublished":"2025-03-18T16:47:31+00:00","description":"Une pr\u00e9paration sous le soleil espagnol Ce choix strat\u00e9gique vise \u00e0 galvaniser les joueurs avant une fin de saison cruciale en Top 14. Malgr\u00e9 quelques\u2026","inLanguage":"fr-FR","potentialAction":[{"@type":"ReadAction","target":["https:\/\/sport-index.fr\/blog\/a-la-une\/vannes-en-espagne-un-stage-decisif-pour-relancer-lespoir-en-top-14\/"]}]},{"@type":"ImageObject","inLanguage":"fr-FR","@id":"https:\/\/sport-index.fr\/blog\/a-la-une\/vannes-en-espagne-un-stage-decisif-pour-relancer-lespoir-en-top-14\/#primaryimage","url":"https:\/\/sport-index.fr\/blog\/wp-content\/uploads\/2025\/05\/sdxl-91463d040e6ce9efc493531ba3e59ce1-scaled.png","contentUrl":"https:\/\/sport-index.fr\/blog\/wp-content\/uploads\/2025\/05\/sdxl-91463d040e6ce9efc493531ba3e59ce1-scaled.png","width":1200,"height":500},{"@type":"WebSite","@id":"https:\/\/sport-index.fr\/blog\/#website","url":"https:\/\/sport-index.fr\/blog\/","name":"sport-index.fr","description":"Le score de l\u2019analyse sportive.","publisher":{"@id":"https:\/\/sport-index.fr\/blog\/#organization"},"alternateName":"Le score de l\u2019analyse sportive.","potentialAction":[{"@type":"SearchAction","target":{"@type":"EntryPoint","urlTemplate":"https:\/\/sport-index.fr\/blog\/?s={search_term_string}"},"query-input":{"@type":"PropertyValueSpecification","valueRequired":true,"valueName":"search_term_string"}}],"inLanguage":"fr-FR"},{"@type":"Organization","@id":"https:\/\/sport-index.fr\/blog\/#organization","name":"Foretsensations.fr","url":"https:\/\/sport-index.fr\/blog\/","logo":{"@type":"ImageObject","inLanguage":"fr-FR","@id":"https:\/\/sport-index.fr\/blog\/#\/schema\/logo\/image\/","url":"https:\/\/sport-index.fr\/blog\/wp-content\/uploads\/2026\/07\/logo-auto.png","contentUrl":"https:\/\/sport-index.fr\/blog\/wp-content\/uploads\/2026\/07\/logo-auto.png","width":1024,"height":1024,"caption":"Foretsensations.fr"},"image":{"@id":"https:\/\/sport-index.fr\/blog\/#\/schema\/logo\/image\/"}},{"@type":"Person","@id":"https:\/\/sport-index.fr\/blog\/#\/schema\/person\/3c864cdc320801e3db34b663e7e3f816","name":"Axel Lauzier","image":{"@type":"ImageObject","inLanguage":"fr-FR","@id":"https:\/\/sport-index.fr\/blog\/#\/schema\/person\/image\/","url":"https:\/\/sport-index.fr\/blog\/wp-content\/uploads\/2026\/06\/persona_axel-l-96x96.jpg","contentUrl":"https:\/\/sport-index.fr\/blog\/wp-content\/uploads\/2026\/06\/persona_axel-l-96x96.jpg","caption":"Axel Lauzier"},"description":"Le sport rythme mon quotidien depuis l'enfance, et j'en ai fait mon m\u00e9tier d'analyste r\u00e9dactionnel il y a une dizaine d'ann\u00e9es. Je couvre principalement le football, son actualit\u00e9, ses transferts et l'analyse tactique des grandes affiches, mais aussi les disciplines plus confidentielles que j'aime remettre en lumi\u00e8re. Une partie de mon travail porte sur les pronostics et la lecture statistique d'un match : forme des \u00e9quipes, historique des confrontations, compositions, sans jamais vendre de fausse certitude. Je rappelle syst\u00e9matiquement que parier comporte un risque et doit rester un loisir ma\u00eetris\u00e9. Avant de signer une analyse, je v\u00e9rifie mes chiffres, je recoupe les compositions probables et je distingue toujours la donn\u00e9e brute de l'intuition. Mon objectif : offrir une lecture honn\u00eate et argument\u00e9e, pas un ticket gagnant garanti.","sameAs":["https:\/\/axellauzier.fr\/"],"url":"https:\/\/sport-index.fr\/blog\/auteur\/noname\/"}]}},"_links":{"self":[{"href":"https:\/\/sport-index.fr\/blog\/wp-json\/wp\/v2\/posts\/12002","targetHints":{"allow":["GET"]}}],"collection":[{"href":"https:\/\/sport-index.fr\/blog\/wp-json\/wp\/v2\/posts"}],"about":[{"href":"https:\/\/sport-index.fr\/blog\/wp-json\/wp\/v2\/types\/post"}],"author":[{"embeddable":true,"href":"https:\/\/sport-index.fr\/blog\/wp-json\/wp\/v2\/users\/34"}],"replies":[{"embeddable":true,"href":"https:\/\/sport-index.fr\/blog\/wp-json\/wp\/v2\/comments?post=12002"}],"version-history":[{"count":1,"href":"https:\/\/sport-index.fr\/blog\/wp-json\/wp\/v2\/posts\/12002\/revisions"}],"predecessor-version":[{"id":12210,"href":"https:\/\/sport-index.fr\/blog\/wp-json\/wp\/v2\/posts\/12002\/revisions\/12210"}],"wp:featuredmedia":[{"embeddable":true,"href":"https:\/\/sport-index.fr\/blog\/wp-json\/wp\/v2\/media\/15567"}],"wp:attachment":[{"href":"https:\/\/sport-index.fr\/blog\/wp-json\/wp\/v2\/media?parent=12002"}],"wp:term":[{"taxonomy":"category","embeddable":true,"href":"https:\/\/sport-index.fr\/blog\/wp-json\/wp\/v2\/categories?post=12002"},{"taxonomy":"post_tag","embeddable":true,"href":"https:\/\/sport-index.fr\/blog\/wp-json\/wp\/v2\/tags?post=12002"}],"curies":[{"name":"wp","href":"https:\/\/api.w.org\/{rel}","templated":true}]}}