{"id":12008,"date":"2026-09-01T17:38:52","date_gmt":"2026-09-01T15:38:52","guid":{"rendered":"https:\/\/sport-index.fr\/blog\/?p=12008"},"modified":"2026-09-01T17:38:52","modified_gmt":"2026-09-01T15:38:52","slug":"jonathan-milan-triomphe-a-tirreno-adriatico-apres-une-chute-spectaculaire-de-magnier","status":"publish","type":"post","link":"https:\/\/sport-index.fr\/blog\/a-la-une\/jonathan-milan-triomphe-a-tirreno-adriatico-apres-une-chute-spectaculaire-de-magnier\/","title":{"rendered":"Jonathan Milan triomphe \u00e0 Tirreno-Adriatico apr\u00e8s une chute spectaculaire de Magnier"},"content":{"rendered":"<link rel=\"stylesheet\" href=\"https:\/\/fonts.googleapis.com\/css2?family=Newsreader:ital,opsz,wght@0,6..72,500;0,6..72,700;1,6..72,500&#038;family=Inter:wght@400;500;600;700&#038;family=JetBrains+Mono:wght@500&#038;display=swap\">\n<style>\n.sidx-actu-wrap{--sidx-acc:#0B5FA5;--sidx-acc2:#083F6E;--sidx-ink:#111827;--sidx-mut:#5B6675;--sidx-line:#e3e8ef;--sidx-soft:#f5f8fc;font-family:\"Inter\",-apple-system,sans-serif;color:var(--sidx-ink);font-size:17px;line-height:1.65}\n.sidx-actu-wrap h2{font-family:\"Newsreader\",\"Georgia\",serif;font-weight:700;font-size:clamp(24px,3.2vw,33px);line-height:1.2;letter-spacing:-.015em;color:var(--sidx-ink);margin:46px 0 16px;padding-left:14px;border-left:5px solid var(--sidx-acc)}\n.sidx-actu-wrap h3{font-family:\"Newsreader\",\"Georgia\",serif;font-weight:700;font-size:20px;margin:26px 0 8px;color:var(--sidx-acc2)}\n.sidx-actu-wrap p{margin:0 0 18px}\n.sidx-actu-date{font-family:\"JetBrains Mono\",\"Courier New\",monospace;font-size:12.5px;letter-spacing:.04em;text-transform:uppercase;color:var(--sidx-mut);border-top:2px solid var(--sidx-acc);border-bottom:1px solid var(--sidx-line);padding:12px 0;margin:0 0 26px}\n.sidx-actu-date span{color:var(--sidx-acc);font-weight:500}\n.sidx-actu-key{background:var(--sidx-soft);border:1px solid #cfe0f0;border-left:5px solid var(--sidx-acc);border-radius:12px;padding:24px 26px;margin:26px 0;box-shadow:0 1px 2px rgba(16,24,40,.05),0 12px 28px -18px rgba(11,95,165,.35)}\n.sidx-actu-key .sidx-actu-kick{font-family:\"JetBrains Mono\",\"Courier New\",monospace;font-size:11.5px;letter-spacing:.12em;text-transform:uppercase;color:var(--sidx-acc);font-weight:500;margin-bottom:12px}\n.sidx-actu-key ul{margin:0;padding:0;list-style:none}\n.sidx-actu-key li{position:relative;padding-left:26px;margin:0 0 11px;font-size:16.5px;line-height:1.55}\n.sidx-actu-key li:last-child{margin-bottom:0}\n.sidx-actu-key li::before{content:\"\u2192\";position:absolute;left:0;top:0;color:var(--sidx-acc);font-weight:700}\n.sidx-actu-tw{border:1px solid var(--sidx-line);border-radius:12px;overflow:hidden;margin:26px 0;box-shadow:0 1px 2px rgba(16,24,40,.05),0 10px 24px -18px rgba(16,24,40,.4);transition:.25s ease}\n.sidx-actu-tw:hover{transform:translateY(-3px);box-shadow:0 2px 4px rgba(16,24,40,.06),0 18px 34px -20px rgba(11,95,165,.5)}\n.sidx-actu-wrap table{width:100%;border-collapse:collapse;font-size:15.5px;margin:0}\n.sidx-actu-wrap thead th{background:var(--sidx-acc);color:#fff;font-family:\"JetBrains Mono\",\"Courier New\",monospace;font-weight:500;font-size:11.5px;letter-spacing:.08em;text-transform:uppercase;text-align:left;padding:12px 14px}\n.sidx-actu-wrap tbody td{padding:11px 14px;border-top:1px solid var(--sidx-line);vertical-align:top}\n.sidx-actu-wrap tbody tr:nth-child(odd) td{background:#fafcfe}\n.sidx-actu-wrap tbody tr:first-child td{font-weight:600}\n.sidx-actu-time{font-family:\"JetBrains Mono\",\"Courier New\",monospace;font-size:13.5px;color:var(--sidx-mut);white-space:nowrap}\n.sidx-actu-fix{border:1px solid #f0d9b5;border-left:5px solid #C77700;background:linear-gradient(135deg,#fffaf1,#fff);border-radius:12px;padding:22px 26px;margin:26px 0;box-shadow:0 1px 2px rgba(16,24,40,.05)}\n.sidx-actu-fix .sidx-actu-kick{color:#A05A00}\n.sidx-actu-fix ul{margin:0;padding-left:20px}\n.sidx-actu-fix li{margin:0 0 10px;font-size:16px;line-height:1.55}\n.sidx-actu-fix li:last-child{margin-bottom:0}\n.sidx-actu-quote{font-family:\"Newsreader\",\"Georgia\",serif;font-style:italic;font-size:clamp(19px,2.4vw,23px);line-height:1.45;color:var(--sidx-acc2);border-left:5px solid var(--sidx-acc);background:var(--sidx-soft);border-radius:0 12px 12px 0;padding:20px 26px;margin:26px 0}\n.sidx-actu-quote .sidx-actu-src{display:block;font-family:\"JetBrains Mono\",\"Courier New\",monospace;font-style:normal;font-size:11.5px;letter-spacing:.08em;text-transform:uppercase;color:var(--sidx-mut);margin-top:12px}\n.sidx-actu-wrap details{border:1px solid var(--sidx-line);border-radius:10px;padding:14px 18px;margin:0 0 10px;background:#fff;transition:.25s ease}\n.sidx-actu-wrap details:hover{border-color:var(--sidx-acc);box-shadow:0 8px 20px -16px rgba(11,95,165,.6)}\n.sidx-actu-wrap summary{cursor:pointer;font-weight:600;font-size:16.5px;list-style:none;color:var(--sidx-ink)}\n.sidx-actu-wrap summary::-webkit-details-marker{display:none}\n.sidx-actu-wrap summary::before{content:\"+\";color:var(--sidx-acc);font-weight:700;margin-right:10px}\n.sidx-actu-wrap details[open] summary::before{content:\"\u2013\"}\n.sidx-actu-wrap details .sidx-actu-txt{margin-top:11px;font-size:16px;color:#374151;line-height:1.6}\n.sidx-actu-src-list{border-top:2px solid var(--sidx-acc);padding-top:16px;margin:40px 0 0}\n.sidx-actu-src-list .sidx-actu-kick{font-family:\"JetBrains Mono\",\"Courier New\",monospace;font-size:11.5px;letter-spacing:.12em;text-transform:uppercase;color:var(--sidx-acc);font-weight:500;margin-bottom:10px}\n.sidx-actu-src-list ul{margin:0;padding-left:20px;font-size:15.5px;color:var(--sidx-mut)}\n.sidx-actu-src-list li{margin:0 0 8px;line-height:1.5}\n.sidx-actu-src-list a{color:var(--sidx-acc);text-decoration:underline;text-underline-offset:3px}\n@media(max-width:640px){.sidx-actu-wrap table{font-size:14px}.sidx-actu-wrap thead th,.sidx-actu-wrap tbody td{padding:9px 10px}}\n<\/style>\n<div class=\"sidx-actu-wrap\">\n<div class=\"sidx-actu-date\">Publi\u00e9 le 17 mars 2025 \u00b7 <span>Enti\u00e8rement rev\u00e9rifi\u00e9 et corrig\u00e9 le 1<sup>er<\/sup> septembre 2026<\/span> contre les classements officiels de Tirreno-Adriatico 2025<\/div>\n<p>Le dimanche <strong>16 mars 2025<\/strong>, <strong>Jonathan Milan<\/strong> (Lidl-Trek) a remport\u00e9 la <strong>7<sup>e<\/sup> et derni\u00e8re \u00e9tape de Tirreno-Adriatico<\/strong>, courue entre <strong>Porto Potenza Picena et San Benedetto del Tronto<\/strong> sur 147 kilom\u00e8tres. Dans le m\u00eame final, <strong>Paul Magnier<\/strong> (Soudal Quick-Step) a lourdement chut\u00e9 \u00e0 l&rsquo;arriv\u00e9e.<\/p>\n<div class=\"sidx-actu-key\">\n<div class=\"sidx-actu-kick\">L&rsquo;essentiel<\/div>\n<ul>\n<li><strong>Quoi<\/strong> \u2014 Jonathan Milan (Lidl-Trek) gagne au sprint la 7<sup>e<\/sup> \u00e9tape \u00e0 San Benedetto del Tronto, sa deuxi\u00e8me victoire d&rsquo;\u00e9tape sur cette \u00e9dition apr\u00e8s Follonica.<\/li>\n<li><strong>Qui \/ quand<\/strong> \u2014 16 mars 2025, 147 km depuis Porto Potenza Picena. Paul Magnier (Soudal Quick-Step) chute lourdement dans le final et ne figure pas dans les dix premiers.<\/li>\n<li><strong>Pourquoi \u00e7a compte<\/strong> \u2014 Milan repart avec le maillot du classement par points ; <strong>Filippo Ganna<\/strong>, son compatriote mais <em>pas<\/em> son co\u00e9quipier, boucle la course 2<sup>e<\/sup> du g\u00e9n\u00e9ral derri\u00e8re Juan Ayuso.<\/li>\n<\/ul>\n<\/div>\n<h2>Le podium officiel de la 7<sup>e<\/sup> \u00e9tape<\/h2>\n<p>Voici le classement de l&rsquo;\u00e9tape tel qu&rsquo;il figure aux r\u00e9sultats officiels de la course, et non tel qu&rsquo;il a pu \u00eatre r\u00e9sum\u00e9 apr\u00e8s coup :<\/p>\n<div class=\"sidx-actu-tw\">\n<table>\n<thead>\n<tr>\n<th>Place<\/th>\n<th>Coureur<\/th>\n<th>\u00c9quipe<\/th>\n<th>Temps<\/th>\n<\/tr>\n<\/thead>\n<tbody>\n<tr>\n<td>1<sup>er<\/sup><\/td>\n<td>Jonathan Milan (ITA)<\/td>\n<td>Lidl-Trek<\/td>\n<td class=\"sidx-actu-time\">3 h 08 min 07 s<\/td>\n<\/tr>\n<tr>\n<td>2<sup>e<\/sup><\/td>\n<td>Sam Bennett (IRL)<\/td>\n<td>Decathlon AG2R La Mondiale<\/td>\n<td class=\"sidx-actu-time\">m\u00eame temps<\/td>\n<\/tr>\n<tr>\n<td>3<sup>e<\/sup><\/td>\n<td>Olav Kooij (NED)<\/td>\n<td>Visma-Lease a Bike<\/td>\n<td class=\"sidx-actu-time\">m\u00eame temps<\/td>\n<\/tr>\n<tr>\n<td>4<sup>e<\/sup><\/td>\n<td>Jake Stewart (GBR)<\/td>\n<td>Israel-Premier Tech<\/td>\n<td class=\"sidx-actu-time\">m\u00eame temps<\/td>\n<\/tr>\n<tr>\n<td>5<sup>e<\/sup><\/td>\n<td>Paul Penho\u00ebt (FRA)<\/td>\n<td>Groupama-FDJ<\/td>\n<td class=\"sidx-actu-time\">m\u00eame temps<\/td>\n<\/tr>\n<\/tbody>\n<\/table>\n<\/div>\n<p>Les cinq premiers sont cr\u00e9dit\u00e9s du m\u00eame temps : sprint massif classique, pas une arriv\u00e9e d\u00e9tach\u00e9e. Rien dans les r\u00e9sultats ne permet d&rsquo;\u00e9crire que Milan se serait impos\u00e9 \u00ab avec facilit\u00e9 \u00bb. Avec la 2<sup>e<\/sup> \u00e9tape \u00e0 Follonica le 11 mars, il signe l\u00e0 son deuxi\u00e8me succ\u00e8s de l&rsquo;\u00e9dition et remporte le <strong>classement par points<\/strong> avec 41 unit\u00e9s, devant Tom Pidcock (28) et Olav Kooij (27).<\/p>\n<h2>Filippo Ganna n&rsquo;est pas un co\u00e9quipier de Milan : il court chez INEOS Grenadiers<\/h2>\n<p>C&rsquo;est le point que la premi\u00e8re version de cette page avait fauss\u00e9, et il faut le dire nettement. Filippo Ganna et Jonathan Milan sont tous deux italiens, mais ils ne portent pas le m\u00eame maillot : <strong>Ganna court pour INEOS Grenadiers<\/strong>, Milan pour Lidl-Trek. Parler d&rsquo;une \u00ab strat\u00e9gie orchestr\u00e9e avec son co\u00e9quipier \u00bb n&rsquo;a donc aucun sens, et la d\u00e9p\u00eache d&rsquo;origine ne l&rsquo;a jamais \u00e9crit \u2014 elle mentionnait explicitement l&rsquo;\u00e9quipe de Ganna.<\/p>\n<p>Ce que la source d\u00e9crit est un \u00e9change de bons proc\u00e9d\u00e9s entre compatriotes, plus int\u00e9ressant que l&rsquo;invention qui l&rsquo;avait remplac\u00e9 : Milan a d&rsquo;abord aid\u00e9 Ganna \u00e0 se hisser sur la <strong>deuxi\u00e8me marche du podium du g\u00e9n\u00e9ral<\/strong>, puis a b\u00e9n\u00e9fici\u00e9 du concours de ce m\u00eame Ganna dans le final de la derni\u00e8re \u00e9tape.<\/p>\n<div class=\"sidx-actu-quote\">\u00ab Apr\u00e8s avoir aid\u00e9 Filippo Ganna (INEOS Grenadiers) \u00e0 grimper sur la deuxi\u00e8me marche du podium du g\u00e9n\u00e9ral, [Jonathan] Milan (Lidl-Trek) a b\u00e9n\u00e9fici\u00e9 du concours de son compatriote italien dans le final de la 7<sup>e<\/sup> \u00e9tape et derni\u00e8re \u00e9tape de Tirreno-Adriatico. \u00bb<br \/>\n<span class=\"sidx-actu-src\">Eurosport \u2014 pr\u00e9sentation de la vid\u00e9o de l&rsquo;arriv\u00e9e, 16 mars 2025<\/span><\/div>\n<h2>Ce que la source dit \u2014 et ne dit pas \u2014 de la chute de Paul Magnier<\/h2>\n<p>La seule chose \u00e9tablie est la suivante : <strong>Paul Magnier (Soudal Quick-Step) a chut\u00e9 lourdement \u00e0 l&rsquo;arriv\u00e9e de la derni\u00e8re \u00e9tape<\/strong>. C&rsquo;est ce qu&rsquo;\u00e9crit la d\u00e9p\u00eache, et c&rsquo;est tout ce qu&rsquo;elle \u00e9crit.<\/p>\n<p>Il n&rsquo;existe dans cette source <strong>aucune indication sur la cause de la chute<\/strong> (aucune faute imput\u00e9e \u00e0 un coureur, aucun \u00e9cart, aucun \u00e9tat de la chauss\u00e9e), <strong>aucun bilan m\u00e9dical<\/strong> et aucun \u00e9l\u00e9ment sur la suite de sa saison. La version pr\u00e9c\u00e9dente affirmait pourtant que Magnier \u00ab a \u00e9t\u00e9 rapidement pris en charge par l&rsquo;\u00e9quipe m\u00e9dicale sur place \u00bb et d\u00e9crivait l&rsquo;\u00e9motion des spectateurs : rien de cela n&rsquo;est sourc\u00e9, et ces passages ont \u00e9t\u00e9 retir\u00e9s plut\u00f4t que r\u00e9\u00e9crits.<\/p>\n<p>Le titre de cette page parle d&rsquo;une chute \u00ab spectaculaire \u00bb : ce qualificatif ne vient pas de la source, qui emploie le mot <em>lourdement<\/em>. L&rsquo;adresse de la page ne peut pas \u00eatre chang\u00e9e sans casser les liens existants, mais la formulation exacte des faits est celle-ci. Magnier ne figure pas dans les dix premiers de l&rsquo;\u00e9tape ; trois jours plus t\u00f4t, il avait pris la 4<sup>e<\/sup> place de la 4<sup>e<\/sup> \u00e9tape \u00e0 Trasacco.<\/p>\n<h2>Le classement g\u00e9n\u00e9ral final<\/h2>\n<div class=\"sidx-actu-tw\">\n<table>\n<thead>\n<tr>\n<th>Place<\/th>\n<th>Coureur<\/th>\n<th>\u00c9quipe<\/th>\n<th>\u00c9cart<\/th>\n<\/tr>\n<\/thead>\n<tbody>\n<tr>\n<td>1<sup>er<\/sup><\/td>\n<td>Juan Ayuso (ESP)<\/td>\n<td>UAE Team Emirates-XRG<\/td>\n<td class=\"sidx-actu-time\">28 h 41 min 24 s<\/td>\n<\/tr>\n<tr>\n<td>2<sup>e<\/sup><\/td>\n<td>Filippo Ganna (ITA)<\/td>\n<td>INEOS Grenadiers<\/td>\n<td class=\"sidx-actu-time\">+ 35 s<\/td>\n<\/tr>\n<tr>\n<td>3<sup>e<\/sup><\/td>\n<td>Antonio Tiberi (ITA)<\/td>\n<td>Bahrain Victorious<\/td>\n<td class=\"sidx-actu-time\">+ 36 s<\/td>\n<\/tr>\n<\/tbody>\n<\/table>\n<\/div>\n<p>Juan Ayuso remporte l&rsquo;\u00e9dition 2025 devant Ganna, que seule une seconde s\u00e9pare du troisi\u00e8me, Antonio Tiberi. C&rsquo;est ce podium que le coup de main de Milan a contribu\u00e9 \u00e0 s\u00e9curiser \u2014 un fait que la premi\u00e8re version de cette page avait effac\u00e9 au profit d&rsquo;un propos g\u00e9n\u00e9ral sur \u00ab l&rsquo;esprit d&rsquo;\u00e9quipe \u00bb.<\/p>\n<div class=\"sidx-actu-fix\">\n<div class=\"sidx-actu-kick\">Ce que cette version corrige<\/div>\n<ul>\n<li><strong>Ganna pr\u00e9sent\u00e9 comme co\u00e9quipier de Milan<\/strong> \u2192 il court chez INEOS Grenadiers ; la source indiquait son \u00e9quipe, l&rsquo;article l&rsquo;avait ignor\u00e9e.<\/li>\n<li><strong>Prise en charge m\u00e9dicale de Paul Magnier<\/strong> \u2192 aucune source. Passage supprim\u00e9, pas r\u00e9\u00e9crit.<\/li>\n<li><strong>\u00c9motion des spectateurs, \u00ab moments tragiques \u00bb, \u00ab issue favorable esp\u00e9r\u00e9e \u00bb<\/strong> \u2192 aucune source. Supprim\u00e9s.<\/li>\n<li><strong>Citation entre guillemets sur \u00ab l&rsquo;effort collectif \u00bb<\/strong> \u2192 n&rsquo;\u00e9tait attribu\u00e9e \u00e0 personne et ne figurait dans aucune source. Supprim\u00e9e.<\/li>\n<li><strong>Lieu de la chute<\/strong> \u2192 la source la situe pr\u00e9cis\u00e9ment \u00e0 l&rsquo;arriv\u00e9e de la derni\u00e8re \u00e9tape, l&rsquo;article parlait d&rsquo;un vague \u00ab moment crucial de la course \u00bb.<\/li>\n<li><strong>Phrases au futur<\/strong> (\u00ab la saison est encore jeune \u00bb, \u00ab les comp\u00e9titions \u00e0 venir \u00bb) \u2192 l&rsquo;\u00e9preuve est termin\u00e9e depuis mars 2025 ; le r\u00e9cit est repass\u00e9 au pass\u00e9 dat\u00e9.<\/li>\n<li><strong>Podium et classement g\u00e9n\u00e9ral<\/strong> \u2192 absents de la version initiale, ajout\u00e9s et v\u00e9rifi\u00e9s contre les r\u00e9sultats officiels.<\/li>\n<\/ul>\n<\/div>\n<h2>Questions fr\u00e9quentes<\/h2>\n<details>\n<summary>Qui a gagn\u00e9 la derni\u00e8re \u00e9tape de Tirreno-Adriatico 2025 ?<\/summary>\n<div class=\"sidx-actu-txt\">Jonathan Milan (Lidl-Trek), au sprint \u00e0 San Benedetto del Tronto le 16 mars 2025, devant Sam Bennett et Olav Kooij, tous cr\u00e9dit\u00e9s du m\u00eame temps.<\/div>\n<\/details>\n<details>\n<summary>Filippo Ganna est-il co\u00e9quipier de Jonathan Milan ?<\/summary>\n<div class=\"sidx-actu-txt\">Non. Les deux hommes sont italiens, mais Ganna court pour INEOS Grenadiers et Milan pour Lidl-Trek. Sur cette \u00e9dition, ils se sont rendu service mutuellement sans appartenir \u00e0 la m\u00eame formation.<\/div>\n<\/details>\n<details>\n<summary>Que sait-on de la chute de Paul Magnier ?<\/summary>\n<div class=\"sidx-actu-txt\">Uniquement qu&rsquo;elle a \u00e9t\u00e9 lourde et qu&rsquo;elle est survenue \u00e0 l&rsquo;arriv\u00e9e de la 7<sup>e<\/sup> \u00e9tape. La source ne donne ni la cause de la chute, ni de bilan m\u00e9dical, ni d&rsquo;information sur la suite de sa saison. Cette page ne compl\u00e9tera pas ce vide par des suppositions.<\/div>\n<\/details>\n<details>\n<summary>Qui a remport\u00e9 le classement g\u00e9n\u00e9ral de Tirreno-Adriatico 2025 ?<\/summary>\n<div class=\"sidx-actu-txt\">Juan Ayuso (UAE Team Emirates-XRG), en 28 h 41 min 24 s, devant Filippo Ganna (+ 35 s) et Antonio Tiberi (+ 36 s).<\/div>\n<\/details>\n<div class=\"sidx-actu-src-list\">\n<div class=\"sidx-actu-kick\">Sources et v\u00e9rifications<\/div>\n<ul>\n<li>Pr\u00e9sentation de la vid\u00e9o d&rsquo;arriv\u00e9e par <a href=\"https:\/\/www.eurosport.fr\/cyclisme\/tirreno-adriatico\/2025\/tirreno-adriatico-jonathan-milan-evidemment-magnier-chute-lourdement-l-arrivee-de-la-derniere-etape-en-video_vid2341443\/video.shtml\" target=\"_blank\" rel=\"noopener nofollow\">Eurosport<\/a>, 16 mars 2025 \u2014 seule source du r\u00e9cit initial ; elle attribue explicitement Filippo Ganna \u00e0 INEOS Grenadiers.<\/li>\n<li>Classements d&rsquo;\u00e9tapes, g\u00e9n\u00e9ral final et classement par points : <a href=\"https:\/\/fr.wikipedia.org\/wiki\/Tirreno-Adriatico_2025\" target=\"_blank\" rel=\"noopener nofollow\">r\u00e9sultats officiels de Tirreno-Adriatico 2025<\/a>.<\/li>\n<li>Sur la m\u00eame course, la 4<sup>e<\/sup> \u00e9tape a fait l&rsquo;objet d&rsquo;une correction comparable : <a href=\"https:\/\/sport-index.fr\/blog\/a-la-une\/tirreno-adriatico-la-strategie-gagnante-de-kooij-face-a-milan-et-merlier\/\">Olav Kooij vainqueur de la 4<sup>e<\/sup> \u00e9tape \u00e0 Trasacco<\/a> \u2014 les deux pages ont \u00e9t\u00e9 recoup\u00e9es l&rsquo;une contre l&rsquo;autre, et leurs chiffres concordent (Ganna 2<sup>e<\/sup> du g\u00e9n\u00e9ral, Magnier 4<sup>e<\/sup> \u00e0 Trasacco, Milan vainqueur des 2<sup>e<\/sup> et 7<sup>e<\/sup> \u00e9tapes).<\/li>\n<\/ul>\n<\/div>\n<\/div>\n","protected":false},"excerpt":{"rendered":"","protected":false},"author":34,"featured_media":15956,"comment_status":"open","ping_status":"open","sticky":false,"template":"","format":"standard","meta":{"_acf_changed":false,"manual_indexmenow":false,"indexmenow_id_project":0,"footnotes":""},"categories":[1],"tags":[4559,4685,5765,5766,4632,5221],"class_list":["post-12008","post","type-post","status-publish","format-standard","has-post-thumbnail","hentry","category-a-la-une","tag-cyclisme","tag-evenements-sportifs","tag-jonathan-milan","tag-paul-magnier","tag-performance-sportive","tag-tirreno-adriatico","generate-columns","tablet-grid-50","mobile-grid-100","grid-parent","grid-25"],"acf":[],"yoast_head":"<!-- This site is optimized with the Yoast SEO Premium plugin v21.3 (Yoast SEO v26.5) - https:\/\/yoast.com\/wordpress\/plugins\/seo\/ -->\n<title>Jonathan Milan triomphe \u00e0 Tirreno-Adriatico apr\u00e8s une chute<\/title>\n<meta name=\"description\" content=\"Le 16 mars 2025, Jonathan Milan (Lidl-Trek) gagne la 7e et derniere etape de Tirreno-Adriatico devant Sam Bennett et Olav Kooij. Paul Magnier chute lourdement a l arrivee. Page reverifiee contre les classements officiels.\" \/>\n<meta name=\"robots\" content=\"index, follow, max-snippet:-1, max-image-preview:large, max-video-preview:-1\" \/>\n<link rel=\"canonical\" href=\"https:\/\/sport-index.fr\/blog\/a-la-une\/jonathan-milan-triomphe-a-tirreno-adriatico-apres-une-chute-spectaculaire-de-magnier\/\" \/>\n<meta property=\"og:locale\" content=\"fr_FR\" \/>\n<meta property=\"og:type\" content=\"article\" \/>\n<meta property=\"og:title\" content=\"Jonathan Milan triomphe \u00e0 Tirreno-Adriatico apr\u00e8s une chute\" \/>\n<meta property=\"og:description\" content=\"Le 16 mars 2025, Jonathan Milan (Lidl-Trek) gagne la 7e et derniere etape de Tirreno-Adriatico devant Sam Bennett et Olav Kooij. Paul Magnier chute lourdement a l arrivee. Page reverifiee contre les classements officiels.\" \/>\n<meta property=\"og:url\" content=\"https:\/\/sport-index.fr\/blog\/a-la-une\/jonathan-milan-triomphe-a-tirreno-adriatico-apres-une-chute-spectaculaire-de-magnier\/\" \/>\n<meta property=\"og:site_name\" content=\"sport-index\" \/>\n<meta name=\"author\" content=\"Axel Lauzier\" \/>\n<meta name=\"twitter:card\" content=\"summary_large_image\" \/>\n<script type=\"application\/ld+json\" class=\"yoast-schema-graph\">{\"@context\":\"https:\/\/schema.org\",\"@graph\":[{\"@type\":\"NewsArticle\",\"@id\":\"https:\/\/sport-index.fr\/blog\/a-la-une\/jonathan-milan-triomphe-a-tirreno-adriatico-apres-une-chute-spectaculaire-de-magnier\/#article\",\"isPartOf\":{\"@id\":\"https:\/\/sport-index.fr\/blog\/a-la-une\/jonathan-milan-triomphe-a-tirreno-adriatico-apres-une-chute-spectaculaire-de-magnier\/\"},\"author\":{\"name\":\"Axel Lauzier\",\"@id\":\"https:\/\/sport-index.fr\/blog\/#\/schema\/person\/3c864cdc320801e3db34b663e7e3f816\"},\"headline\":\"Jonathan Milan triomphe \u00e0 Tirreno-Adriatico apr\u00e8s une chute spectaculaire de Magnier\",\"datePublished\":\"2026-09-01T15:38:52+00:00\",\"mainEntityOfPage\":{\"@id\":\"https:\/\/sport-index.fr\/blog\/a-la-une\/jonathan-milan-triomphe-a-tirreno-adriatico-apres-une-chute-spectaculaire-de-magnier\/\"},\"wordCount\":1268,\"commentCount\":23,\"publisher\":{\"@id\":\"https:\/\/sport-index.fr\/blog\/#organization\"},\"image\":{\"@id\":\"https:\/\/sport-index.fr\/blog\/a-la-une\/jonathan-milan-triomphe-a-tirreno-adriatico-apres-une-chute-spectaculaire-de-magnier\/#primaryimage\"},\"thumbnailUrl\":\"https:\/\/sport-index.fr\/blog\/wp-content\/uploads\/2025\/05\/sdxl-06800bc3e6d04297a40ecc50e646e090-scaled.png\",\"keywords\":[\"Cyclisme\",\"\u00c9v\u00e9nements Sportifs\",\"Jonathan Milan\",\"Paul Magnier\",\"Performance sportive\",\"Tirreno Adriatico\"],\"articleSection\":[\"\u00c0 la une\"],\"inLanguage\":\"fr-FR\",\"potentialAction\":[{\"@type\":\"CommentAction\",\"name\":\"Comment\",\"target\":[\"https:\/\/sport-index.fr\/blog\/a-la-une\/jonathan-milan-triomphe-a-tirreno-adriatico-apres-une-chute-spectaculaire-de-magnier\/#respond\"]}]},{\"@type\":\"WebPage\",\"@id\":\"https:\/\/sport-index.fr\/blog\/a-la-une\/jonathan-milan-triomphe-a-tirreno-adriatico-apres-une-chute-spectaculaire-de-magnier\/\",\"url\":\"https:\/\/sport-index.fr\/blog\/a-la-une\/jonathan-milan-triomphe-a-tirreno-adriatico-apres-une-chute-spectaculaire-de-magnier\/\",\"name\":\"Jonathan Milan triomphe \u00e0 Tirreno-Adriatico apr\u00e8s une chute\",\"isPartOf\":{\"@id\":\"https:\/\/sport-index.fr\/blog\/#website\"},\"primaryImageOfPage\":{\"@id\":\"https:\/\/sport-index.fr\/blog\/a-la-une\/jonathan-milan-triomphe-a-tirreno-adriatico-apres-une-chute-spectaculaire-de-magnier\/#primaryimage\"},\"image\":{\"@id\":\"https:\/\/sport-index.fr\/blog\/a-la-une\/jonathan-milan-triomphe-a-tirreno-adriatico-apres-une-chute-spectaculaire-de-magnier\/#primaryimage\"},\"thumbnailUrl\":\"https:\/\/sport-index.fr\/blog\/wp-content\/uploads\/2025\/05\/sdxl-06800bc3e6d04297a40ecc50e646e090-scaled.png\",\"datePublished\":\"2026-09-01T15:38:52+00:00\",\"description\":\"Le 16 mars 2025, Jonathan Milan (Lidl-Trek) gagne la 7e et derniere etape de Tirreno-Adriatico devant Sam Bennett et Olav Kooij. Paul Magnier chute lourdement a l arrivee. Page reverifiee contre les classements officiels.\",\"inLanguage\":\"fr-FR\",\"potentialAction\":[{\"@type\":\"ReadAction\",\"target\":[\"https:\/\/sport-index.fr\/blog\/a-la-une\/jonathan-milan-triomphe-a-tirreno-adriatico-apres-une-chute-spectaculaire-de-magnier\/\"]}]},{\"@type\":\"ImageObject\",\"inLanguage\":\"fr-FR\",\"@id\":\"https:\/\/sport-index.fr\/blog\/a-la-une\/jonathan-milan-triomphe-a-tirreno-adriatico-apres-une-chute-spectaculaire-de-magnier\/#primaryimage\",\"url\":\"https:\/\/sport-index.fr\/blog\/wp-content\/uploads\/2025\/05\/sdxl-06800bc3e6d04297a40ecc50e646e090-scaled.png\",\"contentUrl\":\"https:\/\/sport-index.fr\/blog\/wp-content\/uploads\/2025\/05\/sdxl-06800bc3e6d04297a40ecc50e646e090-scaled.png\",\"width\":1200,\"height\":500},{\"@type\":\"WebSite\",\"@id\":\"https:\/\/sport-index.fr\/blog\/#website\",\"url\":\"https:\/\/sport-index.fr\/blog\/\",\"name\":\"sport-index.fr\",\"description\":\"Le score de l\u2019analyse sportive.\",\"publisher\":{\"@id\":\"https:\/\/sport-index.fr\/blog\/#organization\"},\"alternateName\":\"Le score de l\u2019analyse sportive.\",\"potentialAction\":[{\"@type\":\"SearchAction\",\"target\":{\"@type\":\"EntryPoint\",\"urlTemplate\":\"https:\/\/sport-index.fr\/blog\/?s={search_term_string}\"},\"query-input\":{\"@type\":\"PropertyValueSpecification\",\"valueRequired\":true,\"valueName\":\"search_term_string\"}}],\"inLanguage\":\"fr-FR\"},{\"@type\":\"Organization\",\"@id\":\"https:\/\/sport-index.fr\/blog\/#organization\",\"name\":\"Foretsensations.fr\",\"url\":\"https:\/\/sport-index.fr\/blog\/\",\"logo\":{\"@type\":\"ImageObject\",\"inLanguage\":\"fr-FR\",\"@id\":\"https:\/\/sport-index.fr\/blog\/#\/schema\/logo\/image\/\",\"url\":\"https:\/\/sport-index.fr\/blog\/wp-content\/uploads\/2026\/07\/logo-auto.png\",\"contentUrl\":\"https:\/\/sport-index.fr\/blog\/wp-content\/uploads\/2026\/07\/logo-auto.png\",\"width\":1024,\"height\":1024,\"caption\":\"Foretsensations.fr\"},\"image\":{\"@id\":\"https:\/\/sport-index.fr\/blog\/#\/schema\/logo\/image\/\"}},{\"@type\":\"Person\",\"@id\":\"https:\/\/sport-index.fr\/blog\/#\/schema\/person\/3c864cdc320801e3db34b663e7e3f816\",\"name\":\"Axel Lauzier\",\"image\":{\"@type\":\"ImageObject\",\"inLanguage\":\"fr-FR\",\"@id\":\"https:\/\/sport-index.fr\/blog\/#\/schema\/person\/image\/\",\"url\":\"https:\/\/sport-index.fr\/blog\/wp-content\/uploads\/2026\/06\/persona_axel-l-96x96.jpg\",\"contentUrl\":\"https:\/\/sport-index.fr\/blog\/wp-content\/uploads\/2026\/06\/persona_axel-l-96x96.jpg\",\"caption\":\"Axel Lauzier\"},\"description\":\"Le sport rythme mon quotidien depuis l'enfance, et j'en ai fait mon m\u00e9tier d'analyste r\u00e9dactionnel il y a une dizaine d'ann\u00e9es. Je couvre principalement le football, son actualit\u00e9, ses transferts et l'analyse tactique des grandes affiches, mais aussi les disciplines plus confidentielles que j'aime remettre en lumi\u00e8re. Une partie de mon travail porte sur les pronostics et la lecture statistique d'un match : forme des \u00e9quipes, historique des confrontations, compositions, sans jamais vendre de fausse certitude. Je rappelle syst\u00e9matiquement que parier comporte un risque et doit rester un loisir ma\u00eetris\u00e9. Avant de signer une analyse, je v\u00e9rifie mes chiffres, je recoupe les compositions probables et je distingue toujours la donn\u00e9e brute de l'intuition. Mon objectif : offrir une lecture honn\u00eate et argument\u00e9e, pas un ticket gagnant garanti.\",\"sameAs\":[\"https:\/\/axellauzier.fr\/\"],\"url\":\"https:\/\/sport-index.fr\/blog\/auteur\/noname\/\"}]}<\/script>\n<!-- \/ Yoast SEO Premium plugin. -->","yoast_head_json":{"title":"Jonathan Milan triomphe \u00e0 Tirreno-Adriatico apr\u00e8s une chute","description":"Le 16 mars 2025, Jonathan Milan (Lidl-Trek) gagne la 7e et derniere etape de Tirreno-Adriatico devant Sam Bennett et Olav Kooij. Paul Magnier chute lourdement a l arrivee. Page reverifiee contre les classements officiels.","robots":{"index":"index","follow":"follow","max-snippet":"max-snippet:-1","max-image-preview":"max-image-preview:large","max-video-preview":"max-video-preview:-1"},"canonical":"https:\/\/sport-index.fr\/blog\/a-la-une\/jonathan-milan-triomphe-a-tirreno-adriatico-apres-une-chute-spectaculaire-de-magnier\/","og_locale":"fr_FR","og_type":"article","og_title":"Jonathan Milan triomphe \u00e0 Tirreno-Adriatico apr\u00e8s une chute","og_description":"Le 16 mars 2025, Jonathan Milan (Lidl-Trek) gagne la 7e et derniere etape de Tirreno-Adriatico devant Sam Bennett et Olav Kooij. Paul Magnier chute lourdement a l arrivee. Page reverifiee contre les classements officiels.","og_url":"https:\/\/sport-index.fr\/blog\/a-la-une\/jonathan-milan-triomphe-a-tirreno-adriatico-apres-une-chute-spectaculaire-de-magnier\/","og_site_name":"sport-index","author":"Axel Lauzier","twitter_card":"summary_large_image","schema":{"@context":"https:\/\/schema.org","@graph":[{"@type":"NewsArticle","@id":"https:\/\/sport-index.fr\/blog\/a-la-une\/jonathan-milan-triomphe-a-tirreno-adriatico-apres-une-chute-spectaculaire-de-magnier\/#article","isPartOf":{"@id":"https:\/\/sport-index.fr\/blog\/a-la-une\/jonathan-milan-triomphe-a-tirreno-adriatico-apres-une-chute-spectaculaire-de-magnier\/"},"author":{"name":"Axel Lauzier","@id":"https:\/\/sport-index.fr\/blog\/#\/schema\/person\/3c864cdc320801e3db34b663e7e3f816"},"headline":"Jonathan Milan triomphe \u00e0 Tirreno-Adriatico apr\u00e8s une chute spectaculaire de Magnier","datePublished":"2026-09-01T15:38:52+00:00","mainEntityOfPage":{"@id":"https:\/\/sport-index.fr\/blog\/a-la-une\/jonathan-milan-triomphe-a-tirreno-adriatico-apres-une-chute-spectaculaire-de-magnier\/"},"wordCount":1268,"commentCount":23,"publisher":{"@id":"https:\/\/sport-index.fr\/blog\/#organization"},"image":{"@id":"https:\/\/sport-index.fr\/blog\/a-la-une\/jonathan-milan-triomphe-a-tirreno-adriatico-apres-une-chute-spectaculaire-de-magnier\/#primaryimage"},"thumbnailUrl":"https:\/\/sport-index.fr\/blog\/wp-content\/uploads\/2025\/05\/sdxl-06800bc3e6d04297a40ecc50e646e090-scaled.png","keywords":["Cyclisme","\u00c9v\u00e9nements Sportifs","Jonathan Milan","Paul Magnier","Performance sportive","Tirreno Adriatico"],"articleSection":["\u00c0 la une"],"inLanguage":"fr-FR","potentialAction":[{"@type":"CommentAction","name":"Comment","target":["https:\/\/sport-index.fr\/blog\/a-la-une\/jonathan-milan-triomphe-a-tirreno-adriatico-apres-une-chute-spectaculaire-de-magnier\/#respond"]}]},{"@type":"WebPage","@id":"https:\/\/sport-index.fr\/blog\/a-la-une\/jonathan-milan-triomphe-a-tirreno-adriatico-apres-une-chute-spectaculaire-de-magnier\/","url":"https:\/\/sport-index.fr\/blog\/a-la-une\/jonathan-milan-triomphe-a-tirreno-adriatico-apres-une-chute-spectaculaire-de-magnier\/","name":"Jonathan Milan triomphe \u00e0 Tirreno-Adriatico apr\u00e8s une chute","isPartOf":{"@id":"https:\/\/sport-index.fr\/blog\/#website"},"primaryImageOfPage":{"@id":"https:\/\/sport-index.fr\/blog\/a-la-une\/jonathan-milan-triomphe-a-tirreno-adriatico-apres-une-chute-spectaculaire-de-magnier\/#primaryimage"},"image":{"@id":"https:\/\/sport-index.fr\/blog\/a-la-une\/jonathan-milan-triomphe-a-tirreno-adriatico-apres-une-chute-spectaculaire-de-magnier\/#primaryimage"},"thumbnailUrl":"https:\/\/sport-index.fr\/blog\/wp-content\/uploads\/2025\/05\/sdxl-06800bc3e6d04297a40ecc50e646e090-scaled.png","datePublished":"2026-09-01T15:38:52+00:00","description":"Le 16 mars 2025, Jonathan Milan (Lidl-Trek) gagne la 7e et derniere etape de Tirreno-Adriatico devant Sam Bennett et Olav Kooij. Paul Magnier chute lourdement a l arrivee. Page reverifiee contre les classements officiels.","inLanguage":"fr-FR","potentialAction":[{"@type":"ReadAction","target":["https:\/\/sport-index.fr\/blog\/a-la-une\/jonathan-milan-triomphe-a-tirreno-adriatico-apres-une-chute-spectaculaire-de-magnier\/"]}]},{"@type":"ImageObject","inLanguage":"fr-FR","@id":"https:\/\/sport-index.fr\/blog\/a-la-une\/jonathan-milan-triomphe-a-tirreno-adriatico-apres-une-chute-spectaculaire-de-magnier\/#primaryimage","url":"https:\/\/sport-index.fr\/blog\/wp-content\/uploads\/2025\/05\/sdxl-06800bc3e6d04297a40ecc50e646e090-scaled.png","contentUrl":"https:\/\/sport-index.fr\/blog\/wp-content\/uploads\/2025\/05\/sdxl-06800bc3e6d04297a40ecc50e646e090-scaled.png","width":1200,"height":500},{"@type":"WebSite","@id":"https:\/\/sport-index.fr\/blog\/#website","url":"https:\/\/sport-index.fr\/blog\/","name":"sport-index.fr","description":"Le score de l\u2019analyse sportive.","publisher":{"@id":"https:\/\/sport-index.fr\/blog\/#organization"},"alternateName":"Le score de l\u2019analyse sportive.","potentialAction":[{"@type":"SearchAction","target":{"@type":"EntryPoint","urlTemplate":"https:\/\/sport-index.fr\/blog\/?s={search_term_string}"},"query-input":{"@type":"PropertyValueSpecification","valueRequired":true,"valueName":"search_term_string"}}],"inLanguage":"fr-FR"},{"@type":"Organization","@id":"https:\/\/sport-index.fr\/blog\/#organization","name":"Foretsensations.fr","url":"https:\/\/sport-index.fr\/blog\/","logo":{"@type":"ImageObject","inLanguage":"fr-FR","@id":"https:\/\/sport-index.fr\/blog\/#\/schema\/logo\/image\/","url":"https:\/\/sport-index.fr\/blog\/wp-content\/uploads\/2026\/07\/logo-auto.png","contentUrl":"https:\/\/sport-index.fr\/blog\/wp-content\/uploads\/2026\/07\/logo-auto.png","width":1024,"height":1024,"caption":"Foretsensations.fr"},"image":{"@id":"https:\/\/sport-index.fr\/blog\/#\/schema\/logo\/image\/"}},{"@type":"Person","@id":"https:\/\/sport-index.fr\/blog\/#\/schema\/person\/3c864cdc320801e3db34b663e7e3f816","name":"Axel Lauzier","image":{"@type":"ImageObject","inLanguage":"fr-FR","@id":"https:\/\/sport-index.fr\/blog\/#\/schema\/person\/image\/","url":"https:\/\/sport-index.fr\/blog\/wp-content\/uploads\/2026\/06\/persona_axel-l-96x96.jpg","contentUrl":"https:\/\/sport-index.fr\/blog\/wp-content\/uploads\/2026\/06\/persona_axel-l-96x96.jpg","caption":"Axel Lauzier"},"description":"Le sport rythme mon quotidien depuis l'enfance, et j'en ai fait mon m\u00e9tier d'analyste r\u00e9dactionnel il y a une dizaine d'ann\u00e9es. Je couvre principalement le football, son actualit\u00e9, ses transferts et l'analyse tactique des grandes affiches, mais aussi les disciplines plus confidentielles que j'aime remettre en lumi\u00e8re. Une partie de mon travail porte sur les pronostics et la lecture statistique d'un match : forme des \u00e9quipes, historique des confrontations, compositions, sans jamais vendre de fausse certitude. Je rappelle syst\u00e9matiquement que parier comporte un risque et doit rester un loisir ma\u00eetris\u00e9. Avant de signer une analyse, je v\u00e9rifie mes chiffres, je recoupe les compositions probables et je distingue toujours la donn\u00e9e brute de l'intuition. Mon objectif : offrir une lecture honn\u00eate et argument\u00e9e, pas un ticket gagnant garanti.","sameAs":["https:\/\/axellauzier.fr\/"],"url":"https:\/\/sport-index.fr\/blog\/auteur\/noname\/"}]}},"_links":{"self":[{"href":"https:\/\/sport-index.fr\/blog\/wp-json\/wp\/v2\/posts\/12008","targetHints":{"allow":["GET"]}}],"collection":[{"href":"https:\/\/sport-index.fr\/blog\/wp-json\/wp\/v2\/posts"}],"about":[{"href":"https:\/\/sport-index.fr\/blog\/wp-json\/wp\/v2\/types\/post"}],"author":[{"embeddable":true,"href":"https:\/\/sport-index.fr\/blog\/wp-json\/wp\/v2\/users\/34"}],"replies":[{"embeddable":true,"href":"https:\/\/sport-index.fr\/blog\/wp-json\/wp\/v2\/comments?post=12008"}],"version-history":[{"count":2,"href":"https:\/\/sport-index.fr\/blog\/wp-json\/wp\/v2\/posts\/12008\/revisions"}],"predecessor-version":[{"id":18361,"href":"https:\/\/sport-index.fr\/blog\/wp-json\/wp\/v2\/posts\/12008\/revisions\/18361"}],"wp:featuredmedia":[{"embeddable":true,"href":"https:\/\/sport-index.fr\/blog\/wp-json\/wp\/v2\/media\/15956"}],"wp:attachment":[{"href":"https:\/\/sport-index.fr\/blog\/wp-json\/wp\/v2\/media?parent=12008"}],"wp:term":[{"taxonomy":"category","embeddable":true,"href":"https:\/\/sport-index.fr\/blog\/wp-json\/wp\/v2\/categories?post=12008"},{"taxonomy":"post_tag","embeddable":true,"href":"https:\/\/sport-index.fr\/blog\/wp-json\/wp\/v2\/tags?post=12008"}],"curies":[{"name":"wp","href":"https:\/\/api.w.org\/{rel}","templated":true}]}}