{"id":12112,"date":"2025-03-17T20:22:20","date_gmt":"2025-03-17T19:22:20","guid":{"rendered":"https:\/\/sport-index.fr\/blog\/?p=12112"},"modified":"2025-03-17T13:09:41","modified_gmt":"2025-03-17T12:09:41","slug":"maxime-lucu-retour-sur-son-chemin-vers-lequipe-de-france-et-ses-reflexions-personnelles","status":"publish","type":"post","link":"https:\/\/sport-index.fr\/blog\/a-la-une\/maxime-lucu-retour-sur-son-chemin-vers-lequipe-de-france-et-ses-reflexions-personnelles\/","title":{"rendered":"Maxime Lucu : retour sur son chemin vers l&rsquo;\u00e9quipe de France et ses r\u00e9flexions personnelles"},"content":{"rendered":"<h2>Un retour marquant au sein du XV de France<\/h2>\n<p>Son parcours a \u00e9t\u00e9 sem\u00e9 d&#8217;emb\u00fbches, mais il a su tirer parti de chaque exp\u00e9rience pour renforcer sa d\u00e9termination. La pression \u00e9tait palpable, mais Lucu a su s&rsquo;imposer \u00e0 la m\u00eal\u00e9e, notamment apr\u00e8s la blessure de son co\u00e9quipier Antoine Dupont.<\/p>\n<p>Ce match contre l&rsquo;\u00c9cosse a \u00e9t\u00e9 un v\u00e9ritable tournant pour le joueur de Bordeaux-B\u00e8gles. Lucu a r\u00e9v\u00e9l\u00e9 qu&rsquo;il avait souvent remis en question sa place au sein de l&rsquo;\u00e9quipe, un sentiment partag\u00e9 par de nombreux athl\u00e8tes d\u2019\u00e9lite. \u00ab\u00a0Je me suis beaucoup remis en question par rapport \u00e0 l&rsquo;\u00e9quipe de France\u00a0\u00bb, a-t-il confi\u00e9, illustrant l&rsquo;introspection n\u00e9cessaire pour exceller au plus haut niveau.<\/p>\n<p><iframe loading=\"lazy\" title=\"The Starvel Hollow Tragedy \ud83d\udd75\ufe0f\u200d\u2642\ufe0f\ud83d\udd2a A Chilling Mystery Unveiled!\" width=\"1200\" height=\"675\" src=\"https:\/\/www.youtube.com\/embed\/dDa5h6sSA4c?feature=oembed\" frameborder=\"0\" allow=\"accelerometer; autoplay; clipboard-write; encrypted-media; gyroscope; picture-in-picture; web-share\" referrerpolicy=\"strict-origin-when-cross-origin\" allowfullscreen><\/iframe><\/p>\n<h2>La pression du haut niveau et son influence<\/h2>\n<p>La pression sur les joueurs de rugby, en particulier dans un tournoi aussi prestigieux que les 6 Nations, peut \u00eatre \u00e9crasante. Lucu a d\u00fb apprendre \u00e0 g\u00e9rer cette pression, surtout en tant que rempla\u00e7ant de Dupont, souvent consid\u00e9r\u00e9 comme l&rsquo;un des meilleurs joueurs au monde. La capacit\u00e9 \u00e0 rester concentr\u00e9 sur le jeu, tout en absorbant les attentes des fans et des m\u00e9dias, est essentielle.<\/p>\n<p>Lucu a montr\u00e9 que la pression pouvait \u00eatre transform\u00e9e en moteur de performance. Sa prestation contre l&rsquo;\u00c9cosse a prouv\u00e9 qu&rsquo;il \u00e9tait non seulement capable de r\u00e9pondre aux attentes, mais aussi de les d\u00e9passer. Ce match a permis au public de red\u00e9couvrir un joueur d\u00e9termin\u00e9 \u00e0 prouver sa valeur sur le terrain.<\/p>\n<h2>Les le\u00e7ons tir\u00e9es d&rsquo;une carri\u00e8re tumultueuse<\/h2>\n<p>Chaque athl\u00e8te traverse des moments de doute, et Lucu ne fait pas exception. Son cheminement au sein de l&rsquo;\u00e9quipe de France a \u00e9t\u00e9 marqu\u00e9 par des hauts et des bas, le poussant \u00e0 se r\u00e9\u00e9valuer constamment. Ces r\u00e9flexions ont sans doute contribu\u00e9 \u00e0 sa r\u00e9silience, lui permettant de revenir plus fort apr\u00e8s chaque d\u00e9fi.<\/p>\n<p>En se concentrant sur ses performances et ses objectifs, Lucu a pu transformer ses doutes en atouts. Sa d\u00e9termination \u00e0 r\u00e9ussir et \u00e0 s&rsquo;am\u00e9liorer est un exemple pour les jeunes joueurs qui aspirent \u00e0 suivre ses traces. Chacun des matchs qu&rsquo;il a disput\u00e9s lui a apport\u00e9 une nouvelle perspective sur le jeu et son r\u00f4le au sein du collectif.<\/p>\n<ul>\n<li>Maxime Lucu a remplac\u00e9 Dupont avec succ\u00e8s, montrant un leadership naturel sur le terrain.<\/li>\n<li>Sa victoire contre l&rsquo;\u00c9cosse a renforc\u00e9 sa place au sein de l&rsquo;\u00e9quipe.<\/li>\n<li>Lucu continue de travailler sur son jeu, apprenant de chaque exp\u00e9rience.<\/li>\n<li>Il inspire les jeunes joueurs \u00e0 pers\u00e9v\u00e9rer malgr\u00e9 les obstacles.<\/li>\n<\/ul>\n","protected":false},"excerpt":{"rendered":"","protected":false},"author":34,"featured_media":16134,"comment_status":"open","ping_status":"open","sticky":false,"template":"","format":"standard","meta":{"_acf_changed":false,"manual_indexmenow":false,"indexmenow_id_project":0,"footnotes":""},"categories":[1],"tags":[4585,4898,4632,4885,4554],"class_list":["post-12112","post","type-post","status-publish","format-standard","has-post-thumbnail","hentry","category-a-la-une","tag-cohesion-dequipe","tag-gestion-du-stress","tag-performance-sportive","tag-preparation-mentale","tag-xv-de-france","generate-columns","tablet-grid-50","mobile-grid-100","grid-parent","grid-25"],"acf":[],"yoast_head":"<!-- This site is optimized with the Yoast SEO Premium plugin v21.3 (Yoast SEO v26.5) - https:\/\/yoast.com\/wordpress\/plugins\/seo\/ -->\n<title>Maxime Lucu : retour sur son chemin vers l&#039;\u00e9quipe de France<\/title>\n<meta name=\"description\" content=\"Un retour marquant au sein du XV de France Son parcours a \u00e9t\u00e9 sem\u00e9 d&#039;emb\u00fbches, mais il a su tirer parti de chaque exp\u00e9rience pour renforcer sa\u2026\" \/>\n<meta name=\"robots\" content=\"index, follow, max-snippet:-1, max-image-preview:large, max-video-preview:-1\" \/>\n<link rel=\"canonical\" href=\"https:\/\/sport-index.fr\/blog\/a-la-une\/maxime-lucu-retour-sur-son-chemin-vers-lequipe-de-france-et-ses-reflexions-personnelles\/\" \/>\n<meta property=\"og:locale\" content=\"fr_FR\" \/>\n<meta property=\"og:type\" content=\"article\" \/>\n<meta property=\"og:title\" content=\"Maxime Lucu : retour sur son chemin vers l&#039;\u00e9quipe de France\" \/>\n<meta property=\"og:description\" content=\"Un retour marquant au sein du XV de France Son parcours a \u00e9t\u00e9 sem\u00e9 d&#039;emb\u00fbches, mais il a su tirer parti de chaque exp\u00e9rience pour renforcer sa\u2026\" \/>\n<meta property=\"og:url\" content=\"https:\/\/sport-index.fr\/blog\/a-la-une\/maxime-lucu-retour-sur-son-chemin-vers-lequipe-de-france-et-ses-reflexions-personnelles\/\" \/>\n<meta property=\"og:site_name\" content=\"sport-index\" \/>\n<meta name=\"author\" content=\"Axel Lauzier\" \/>\n<meta name=\"twitter:card\" content=\"summary_large_image\" \/>\n<script type=\"application\/ld+json\" class=\"yoast-schema-graph\">{\"@context\":\"https:\/\/schema.org\",\"@graph\":[{\"@type\":\"NewsArticle\",\"@id\":\"https:\/\/sport-index.fr\/blog\/a-la-une\/maxime-lucu-retour-sur-son-chemin-vers-lequipe-de-france-et-ses-reflexions-personnelles\/#article\",\"isPartOf\":{\"@id\":\"https:\/\/sport-index.fr\/blog\/a-la-une\/maxime-lucu-retour-sur-son-chemin-vers-lequipe-de-france-et-ses-reflexions-personnelles\/\"},\"author\":{\"name\":\"Axel Lauzier\",\"@id\":\"https:\/\/sport-index.fr\/blog\/#\/schema\/person\/3c864cdc320801e3db34b663e7e3f816\"},\"headline\":\"Maxime Lucu : retour sur son chemin vers l&rsquo;\u00e9quipe de France et ses r\u00e9flexions personnelles\",\"datePublished\":\"2025-03-17T19:22:20+00:00\",\"mainEntityOfPage\":{\"@id\":\"https:\/\/sport-index.fr\/blog\/a-la-une\/maxime-lucu-retour-sur-son-chemin-vers-lequipe-de-france-et-ses-reflexions-personnelles\/\"},\"wordCount\":468,\"commentCount\":31,\"publisher\":{\"@id\":\"https:\/\/sport-index.fr\/blog\/#organization\"},\"image\":{\"@id\":\"https:\/\/sport-index.fr\/blog\/a-la-une\/maxime-lucu-retour-sur-son-chemin-vers-lequipe-de-france-et-ses-reflexions-personnelles\/#primaryimage\"},\"thumbnailUrl\":\"https:\/\/sport-index.fr\/blog\/wp-content\/uploads\/2025\/05\/sdxl-f6c5e6919d508c8e32b97c74426f7b6a-scaled.png\",\"keywords\":[\"Coh\u00e9sion d'\u00c9quipe\",\"Gestion Du Stress\",\"Performance sportive\",\"Pr\u00e9paration Mentale\",\"XV de France\"],\"articleSection\":[\"\u00c0 la une\"],\"inLanguage\":\"fr-FR\",\"potentialAction\":[{\"@type\":\"CommentAction\",\"name\":\"Comment\",\"target\":[\"https:\/\/sport-index.fr\/blog\/a-la-une\/maxime-lucu-retour-sur-son-chemin-vers-lequipe-de-france-et-ses-reflexions-personnelles\/#respond\"]}]},{\"@type\":\"WebPage\",\"@id\":\"https:\/\/sport-index.fr\/blog\/a-la-une\/maxime-lucu-retour-sur-son-chemin-vers-lequipe-de-france-et-ses-reflexions-personnelles\/\",\"url\":\"https:\/\/sport-index.fr\/blog\/a-la-une\/maxime-lucu-retour-sur-son-chemin-vers-lequipe-de-france-et-ses-reflexions-personnelles\/\",\"name\":\"Maxime Lucu : retour sur son chemin vers l'\u00e9quipe de France\",\"isPartOf\":{\"@id\":\"https:\/\/sport-index.fr\/blog\/#website\"},\"primaryImageOfPage\":{\"@id\":\"https:\/\/sport-index.fr\/blog\/a-la-une\/maxime-lucu-retour-sur-son-chemin-vers-lequipe-de-france-et-ses-reflexions-personnelles\/#primaryimage\"},\"image\":{\"@id\":\"https:\/\/sport-index.fr\/blog\/a-la-une\/maxime-lucu-retour-sur-son-chemin-vers-lequipe-de-france-et-ses-reflexions-personnelles\/#primaryimage\"},\"thumbnailUrl\":\"https:\/\/sport-index.fr\/blog\/wp-content\/uploads\/2025\/05\/sdxl-f6c5e6919d508c8e32b97c74426f7b6a-scaled.png\",\"datePublished\":\"2025-03-17T19:22:20+00:00\",\"description\":\"Un retour marquant au sein du XV de France Son parcours a \u00e9t\u00e9 sem\u00e9 d'emb\u00fbches, mais il a su tirer parti de chaque exp\u00e9rience pour renforcer sa\u2026\",\"inLanguage\":\"fr-FR\",\"potentialAction\":[{\"@type\":\"ReadAction\",\"target\":[\"https:\/\/sport-index.fr\/blog\/a-la-une\/maxime-lucu-retour-sur-son-chemin-vers-lequipe-de-france-et-ses-reflexions-personnelles\/\"]}]},{\"@type\":\"ImageObject\",\"inLanguage\":\"fr-FR\",\"@id\":\"https:\/\/sport-index.fr\/blog\/a-la-une\/maxime-lucu-retour-sur-son-chemin-vers-lequipe-de-france-et-ses-reflexions-personnelles\/#primaryimage\",\"url\":\"https:\/\/sport-index.fr\/blog\/wp-content\/uploads\/2025\/05\/sdxl-f6c5e6919d508c8e32b97c74426f7b6a-scaled.png\",\"contentUrl\":\"https:\/\/sport-index.fr\/blog\/wp-content\/uploads\/2025\/05\/sdxl-f6c5e6919d508c8e32b97c74426f7b6a-scaled.png\",\"width\":1200,\"height\":500},{\"@type\":\"WebSite\",\"@id\":\"https:\/\/sport-index.fr\/blog\/#website\",\"url\":\"https:\/\/sport-index.fr\/blog\/\",\"name\":\"sport-index.fr\",\"description\":\"Le score de l\u2019analyse sportive.\",\"publisher\":{\"@id\":\"https:\/\/sport-index.fr\/blog\/#organization\"},\"alternateName\":\"Le score de l\u2019analyse sportive.\",\"potentialAction\":[{\"@type\":\"SearchAction\",\"target\":{\"@type\":\"EntryPoint\",\"urlTemplate\":\"https:\/\/sport-index.fr\/blog\/?s={search_term_string}\"},\"query-input\":{\"@type\":\"PropertyValueSpecification\",\"valueRequired\":true,\"valueName\":\"search_term_string\"}}],\"inLanguage\":\"fr-FR\"},{\"@type\":\"Organization\",\"@id\":\"https:\/\/sport-index.fr\/blog\/#organization\",\"name\":\"Foretsensations.fr\",\"url\":\"https:\/\/sport-index.fr\/blog\/\",\"logo\":{\"@type\":\"ImageObject\",\"inLanguage\":\"fr-FR\",\"@id\":\"https:\/\/sport-index.fr\/blog\/#\/schema\/logo\/image\/\",\"url\":\"https:\/\/sport-index.fr\/blog\/wp-content\/uploads\/2026\/07\/logo-auto.png\",\"contentUrl\":\"https:\/\/sport-index.fr\/blog\/wp-content\/uploads\/2026\/07\/logo-auto.png\",\"width\":1024,\"height\":1024,\"caption\":\"Foretsensations.fr\"},\"image\":{\"@id\":\"https:\/\/sport-index.fr\/blog\/#\/schema\/logo\/image\/\"}},{\"@type\":\"Person\",\"@id\":\"https:\/\/sport-index.fr\/blog\/#\/schema\/person\/3c864cdc320801e3db34b663e7e3f816\",\"name\":\"Axel Lauzier\",\"image\":{\"@type\":\"ImageObject\",\"inLanguage\":\"fr-FR\",\"@id\":\"https:\/\/sport-index.fr\/blog\/#\/schema\/person\/image\/\",\"url\":\"https:\/\/sport-index.fr\/blog\/wp-content\/uploads\/2026\/06\/persona_axel-l-96x96.jpg\",\"contentUrl\":\"https:\/\/sport-index.fr\/blog\/wp-content\/uploads\/2026\/06\/persona_axel-l-96x96.jpg\",\"caption\":\"Axel Lauzier\"},\"description\":\"Le sport rythme mon quotidien depuis l'enfance, et j'en ai fait mon m\u00e9tier d'analyste r\u00e9dactionnel il y a une dizaine d'ann\u00e9es. Je couvre principalement le football, son actualit\u00e9, ses transferts et l'analyse tactique des grandes affiches, mais aussi les disciplines plus confidentielles que j'aime remettre en lumi\u00e8re. Une partie de mon travail porte sur les pronostics et la lecture statistique d'un match : forme des \u00e9quipes, historique des confrontations, compositions, sans jamais vendre de fausse certitude. Je rappelle syst\u00e9matiquement que parier comporte un risque et doit rester un loisir ma\u00eetris\u00e9. Avant de signer une analyse, je v\u00e9rifie mes chiffres, je recoupe les compositions probables et je distingue toujours la donn\u00e9e brute de l'intuition. Mon objectif : offrir une lecture honn\u00eate et argument\u00e9e, pas un ticket gagnant garanti.\",\"sameAs\":[\"https:\/\/axellauzier.fr\/\"],\"url\":\"https:\/\/sport-index.fr\/blog\/auteur\/noname\/\"}]}<\/script>\n<!-- \/ Yoast SEO Premium plugin. -->","yoast_head_json":{"title":"Maxime Lucu : retour sur son chemin vers l'\u00e9quipe de France","description":"Un retour marquant au sein du XV de France Son parcours a \u00e9t\u00e9 sem\u00e9 d'emb\u00fbches, mais il a su tirer parti de chaque exp\u00e9rience pour renforcer sa\u2026","robots":{"index":"index","follow":"follow","max-snippet":"max-snippet:-1","max-image-preview":"max-image-preview:large","max-video-preview":"max-video-preview:-1"},"canonical":"https:\/\/sport-index.fr\/blog\/a-la-une\/maxime-lucu-retour-sur-son-chemin-vers-lequipe-de-france-et-ses-reflexions-personnelles\/","og_locale":"fr_FR","og_type":"article","og_title":"Maxime Lucu : retour sur son chemin vers l'\u00e9quipe de France","og_description":"Un retour marquant au sein du XV de France Son parcours a \u00e9t\u00e9 sem\u00e9 d'emb\u00fbches, mais il a su tirer parti de chaque exp\u00e9rience pour renforcer sa\u2026","og_url":"https:\/\/sport-index.fr\/blog\/a-la-une\/maxime-lucu-retour-sur-son-chemin-vers-lequipe-de-france-et-ses-reflexions-personnelles\/","og_site_name":"sport-index","author":"Axel Lauzier","twitter_card":"summary_large_image","schema":{"@context":"https:\/\/schema.org","@graph":[{"@type":"NewsArticle","@id":"https:\/\/sport-index.fr\/blog\/a-la-une\/maxime-lucu-retour-sur-son-chemin-vers-lequipe-de-france-et-ses-reflexions-personnelles\/#article","isPartOf":{"@id":"https:\/\/sport-index.fr\/blog\/a-la-une\/maxime-lucu-retour-sur-son-chemin-vers-lequipe-de-france-et-ses-reflexions-personnelles\/"},"author":{"name":"Axel Lauzier","@id":"https:\/\/sport-index.fr\/blog\/#\/schema\/person\/3c864cdc320801e3db34b663e7e3f816"},"headline":"Maxime Lucu : retour sur son chemin vers l&rsquo;\u00e9quipe de France et ses r\u00e9flexions personnelles","datePublished":"2025-03-17T19:22:20+00:00","mainEntityOfPage":{"@id":"https:\/\/sport-index.fr\/blog\/a-la-une\/maxime-lucu-retour-sur-son-chemin-vers-lequipe-de-france-et-ses-reflexions-personnelles\/"},"wordCount":468,"commentCount":31,"publisher":{"@id":"https:\/\/sport-index.fr\/blog\/#organization"},"image":{"@id":"https:\/\/sport-index.fr\/blog\/a-la-une\/maxime-lucu-retour-sur-son-chemin-vers-lequipe-de-france-et-ses-reflexions-personnelles\/#primaryimage"},"thumbnailUrl":"https:\/\/sport-index.fr\/blog\/wp-content\/uploads\/2025\/05\/sdxl-f6c5e6919d508c8e32b97c74426f7b6a-scaled.png","keywords":["Coh\u00e9sion d'\u00c9quipe","Gestion Du Stress","Performance sportive","Pr\u00e9paration Mentale","XV de France"],"articleSection":["\u00c0 la une"],"inLanguage":"fr-FR","potentialAction":[{"@type":"CommentAction","name":"Comment","target":["https:\/\/sport-index.fr\/blog\/a-la-une\/maxime-lucu-retour-sur-son-chemin-vers-lequipe-de-france-et-ses-reflexions-personnelles\/#respond"]}]},{"@type":"WebPage","@id":"https:\/\/sport-index.fr\/blog\/a-la-une\/maxime-lucu-retour-sur-son-chemin-vers-lequipe-de-france-et-ses-reflexions-personnelles\/","url":"https:\/\/sport-index.fr\/blog\/a-la-une\/maxime-lucu-retour-sur-son-chemin-vers-lequipe-de-france-et-ses-reflexions-personnelles\/","name":"Maxime Lucu : retour sur son chemin vers l'\u00e9quipe de France","isPartOf":{"@id":"https:\/\/sport-index.fr\/blog\/#website"},"primaryImageOfPage":{"@id":"https:\/\/sport-index.fr\/blog\/a-la-une\/maxime-lucu-retour-sur-son-chemin-vers-lequipe-de-france-et-ses-reflexions-personnelles\/#primaryimage"},"image":{"@id":"https:\/\/sport-index.fr\/blog\/a-la-une\/maxime-lucu-retour-sur-son-chemin-vers-lequipe-de-france-et-ses-reflexions-personnelles\/#primaryimage"},"thumbnailUrl":"https:\/\/sport-index.fr\/blog\/wp-content\/uploads\/2025\/05\/sdxl-f6c5e6919d508c8e32b97c74426f7b6a-scaled.png","datePublished":"2025-03-17T19:22:20+00:00","description":"Un retour marquant au sein du XV de France Son parcours a \u00e9t\u00e9 sem\u00e9 d'emb\u00fbches, mais il a su tirer parti de chaque exp\u00e9rience pour renforcer sa\u2026","inLanguage":"fr-FR","potentialAction":[{"@type":"ReadAction","target":["https:\/\/sport-index.fr\/blog\/a-la-une\/maxime-lucu-retour-sur-son-chemin-vers-lequipe-de-france-et-ses-reflexions-personnelles\/"]}]},{"@type":"ImageObject","inLanguage":"fr-FR","@id":"https:\/\/sport-index.fr\/blog\/a-la-une\/maxime-lucu-retour-sur-son-chemin-vers-lequipe-de-france-et-ses-reflexions-personnelles\/#primaryimage","url":"https:\/\/sport-index.fr\/blog\/wp-content\/uploads\/2025\/05\/sdxl-f6c5e6919d508c8e32b97c74426f7b6a-scaled.png","contentUrl":"https:\/\/sport-index.fr\/blog\/wp-content\/uploads\/2025\/05\/sdxl-f6c5e6919d508c8e32b97c74426f7b6a-scaled.png","width":1200,"height":500},{"@type":"WebSite","@id":"https:\/\/sport-index.fr\/blog\/#website","url":"https:\/\/sport-index.fr\/blog\/","name":"sport-index.fr","description":"Le score de l\u2019analyse sportive.","publisher":{"@id":"https:\/\/sport-index.fr\/blog\/#organization"},"alternateName":"Le score de l\u2019analyse sportive.","potentialAction":[{"@type":"SearchAction","target":{"@type":"EntryPoint","urlTemplate":"https:\/\/sport-index.fr\/blog\/?s={search_term_string}"},"query-input":{"@type":"PropertyValueSpecification","valueRequired":true,"valueName":"search_term_string"}}],"inLanguage":"fr-FR"},{"@type":"Organization","@id":"https:\/\/sport-index.fr\/blog\/#organization","name":"Foretsensations.fr","url":"https:\/\/sport-index.fr\/blog\/","logo":{"@type":"ImageObject","inLanguage":"fr-FR","@id":"https:\/\/sport-index.fr\/blog\/#\/schema\/logo\/image\/","url":"https:\/\/sport-index.fr\/blog\/wp-content\/uploads\/2026\/07\/logo-auto.png","contentUrl":"https:\/\/sport-index.fr\/blog\/wp-content\/uploads\/2026\/07\/logo-auto.png","width":1024,"height":1024,"caption":"Foretsensations.fr"},"image":{"@id":"https:\/\/sport-index.fr\/blog\/#\/schema\/logo\/image\/"}},{"@type":"Person","@id":"https:\/\/sport-index.fr\/blog\/#\/schema\/person\/3c864cdc320801e3db34b663e7e3f816","name":"Axel Lauzier","image":{"@type":"ImageObject","inLanguage":"fr-FR","@id":"https:\/\/sport-index.fr\/blog\/#\/schema\/person\/image\/","url":"https:\/\/sport-index.fr\/blog\/wp-content\/uploads\/2026\/06\/persona_axel-l-96x96.jpg","contentUrl":"https:\/\/sport-index.fr\/blog\/wp-content\/uploads\/2026\/06\/persona_axel-l-96x96.jpg","caption":"Axel Lauzier"},"description":"Le sport rythme mon quotidien depuis l'enfance, et j'en ai fait mon m\u00e9tier d'analyste r\u00e9dactionnel il y a une dizaine d'ann\u00e9es. Je couvre principalement le football, son actualit\u00e9, ses transferts et l'analyse tactique des grandes affiches, mais aussi les disciplines plus confidentielles que j'aime remettre en lumi\u00e8re. Une partie de mon travail porte sur les pronostics et la lecture statistique d'un match : forme des \u00e9quipes, historique des confrontations, compositions, sans jamais vendre de fausse certitude. Je rappelle syst\u00e9matiquement que parier comporte un risque et doit rester un loisir ma\u00eetris\u00e9. Avant de signer une analyse, je v\u00e9rifie mes chiffres, je recoupe les compositions probables et je distingue toujours la donn\u00e9e brute de l'intuition. Mon objectif : offrir une lecture honn\u00eate et argument\u00e9e, pas un ticket gagnant garanti.","sameAs":["https:\/\/axellauzier.fr\/"],"url":"https:\/\/sport-index.fr\/blog\/auteur\/noname\/"}]}},"_links":{"self":[{"href":"https:\/\/sport-index.fr\/blog\/wp-json\/wp\/v2\/posts\/12112","targetHints":{"allow":["GET"]}}],"collection":[{"href":"https:\/\/sport-index.fr\/blog\/wp-json\/wp\/v2\/posts"}],"about":[{"href":"https:\/\/sport-index.fr\/blog\/wp-json\/wp\/v2\/types\/post"}],"author":[{"embeddable":true,"href":"https:\/\/sport-index.fr\/blog\/wp-json\/wp\/v2\/users\/34"}],"replies":[{"embeddable":true,"href":"https:\/\/sport-index.fr\/blog\/wp-json\/wp\/v2\/comments?post=12112"}],"version-history":[{"count":1,"href":"https:\/\/sport-index.fr\/blog\/wp-json\/wp\/v2\/posts\/12112\/revisions"}],"predecessor-version":[{"id":12148,"href":"https:\/\/sport-index.fr\/blog\/wp-json\/wp\/v2\/posts\/12112\/revisions\/12148"}],"wp:featuredmedia":[{"embeddable":true,"href":"https:\/\/sport-index.fr\/blog\/wp-json\/wp\/v2\/media\/16134"}],"wp:attachment":[{"href":"https:\/\/sport-index.fr\/blog\/wp-json\/wp\/v2\/media?parent=12112"}],"wp:term":[{"taxonomy":"category","embeddable":true,"href":"https:\/\/sport-index.fr\/blog\/wp-json\/wp\/v2\/categories?post=12112"},{"taxonomy":"post_tag","embeddable":true,"href":"https:\/\/sport-index.fr\/blog\/wp-json\/wp\/v2\/tags?post=12112"}],"curies":[{"name":"wp","href":"https:\/\/api.w.org\/{rel}","templated":true}]}}