{"id":12138,"date":"2026-05-22T04:36:56","date_gmt":"2026-05-22T02:36:56","guid":{"rendered":"https:\/\/sport-index.fr\/blog\/?p=12138"},"modified":"2026-05-22T04:36:56","modified_gmt":"2026-05-22T02:36:56","slug":"fete-des-bleus-tapas-tour-eiffel-et-celebrations-apres-le-sacre-des-6-nations","status":"publish","type":"post","link":"https:\/\/sport-index.fr\/blog\/a-la-une\/fete-des-bleus-tapas-tour-eiffel-et-celebrations-apres-le-sacre-des-6-nations\/","title":{"rendered":"f\u00eate des Bleus : tapas, Tour Eiffel et c\u00e9l\u00e9brations apr\u00e8s le sacre des 6 Nations"},"content":{"rendered":"<aside style=\"background:#f1f5f1;border-left:5px solid #1a3a5a;padding:22px 28px;margin:24px 0;font-family:-apple-system,BlinkMacSystemFont,'Segoe UI',Roboto,sans-serif;\">\n<div style=\"margin:0;font-size:19px;line-height:1.55;color:#2a2a2a;font-weight:500;letter-spacing:-0.005em;\">\n    Une p\u00e9niche amarr\u00e9e au pied de la Tour Eiffel, un d\u00eener de tapas chez un chef \u00e9toil\u00e9, des \u00e9clats de rire jusqu&rsquo;au petit matin : voici comment le XV de France a savour\u00e9 son sacre dans le Tournoi des 6 Nations 2025, loin des projecteurs et au plus pr\u00e8s des siens.\n  <\/div>\n<\/aside>\n<h2>Les Bleus et leur c\u00e9l\u00e9bration unique<\/h2>\n<p>Les joueurs du XV de France ont choisi de f\u00eater leur victoire au Tournoi des 6 Nations dans un cadre exceptionnel : une p\u00e9niche parisienne nomm\u00e9e Melle Mouche. Amarr\u00e9e face \u00e0 la majestueuse Tour Eiffel, cette p\u00e9niche a \u00e9t\u00e9 privatis\u00e9e par la F\u00e9d\u00e9ration Fran\u00e7aise de Rugby pour accueillir les champions et leurs invit\u00e9s. Environ 400 personnes ont pris part \u00e0 cette soir\u00e9e m\u00e9morable, malgr\u00e9 quelques restrictions d&rsquo;acc\u00e8s pour des raisons de s\u00e9curit\u00e9.<br \/>\nLa f\u00eate a d\u00e9but\u00e9 discr\u00e8tement, avec les joueurs d\u00e9barquant \u00e0 1h15 du matin. La plupart d&rsquo;entre eux ont opt\u00e9 pour une entr\u00e9e par une porte d\u00e9rob\u00e9e, \u00e9vitant ainsi l&rsquo;attention des m\u00e9dias. Parmi les invit\u00e9s figuraient des partenaires de la FFR ainsi que des proches des joueurs, rendant l&rsquo;\u00e9v\u00e9nement encore plus intime et chaleureux.<\/p>\n<aside style=\"background:#fafaf7;border:1px solid #e5e5e0;border-radius:8px;padding:24px 26px 26px;margin:28px 0;font-family:-apple-system,BlinkMacSystemFont,'Segoe UI',Roboto,sans-serif;\">\n<div style=\"margin:0 0 18px 0;font-size:11px;font-weight:700;text-transform:uppercase;letter-spacing:2.2px;color:#1a3a5a;\">\u00c0 retenir<\/div>\n<div style=\"display:grid;grid-template-columns:repeat(auto-fit,minmax(240px,1fr));gap:10px;\">\n<div style=\"display:flex;gap:12px;background:#fff;border:1px solid #ebebe5;padding:12px 14px;border-radius:6px;align-items:flex-start;\">\n      <span style=\"flex:0 0 26px;width:26px;height:26px;background:#1a3a5a;color:#fff;border-radius:50%;display:inline-flex;align-items:center;justify-content:center;font-size:12px;font-weight:700;font-family:-apple-system,sans-serif;\">1<\/span><br \/>\n      <span style=\"font-size:14px;line-height:1.5;color:#2a2a2a;\">Une p\u00e9niche privatis\u00e9e par la FFR face \u00e0 la Tour Eiffel, cadre parisien iconique pour la f\u00eate.<\/span>\n    <\/div>\n<div style=\"display:flex;gap:12px;background:#fff;border:1px solid #ebebe5;padding:12px 14px;border-radius:6px;align-items:flex-start;\">\n      <span style=\"flex:0 0 26px;width:26px;height:26px;background:#1a3a5a;color:#fff;border-radius:50%;display:inline-flex;align-items:center;justify-content:center;font-size:12px;font-weight:700;font-family:-apple-system,sans-serif;\">2<\/span><br \/>\n      <span style=\"font-size:14px;line-height:1.5;color:#2a2a2a;\">400 invit\u00e9s tri\u00e9s sur le volet, entr\u00e9e discr\u00e8te par porte d\u00e9rob\u00e9e \u00e0 1h15 du matin.<\/span>\n    <\/div>\n<div style=\"display:flex;gap:12px;background:#fff;border:1px solid #ebebe5;padding:12px 14px;border-radius:6px;align-items:flex-start;\">\n      <span style=\"flex:0 0 26px;width:26px;height:26px;background:#1a3a5a;color:#fff;border-radius:50%;display:inline-flex;align-items:center;justify-content:center;font-size:12px;font-weight:700;font-family:-apple-system,sans-serif;\">3<\/span><br \/>\n      <span style=\"font-size:14px;line-height:1.5;color:#2a2a2a;\">Antoine Dupont entour\u00e9 de sa famille, soir\u00e9e plac\u00e9e sous le signe de la convivialit\u00e9.<\/span>\n    <\/div>\n<div style=\"display:flex;gap:12px;background:#fff;border:1px solid #ebebe5;padding:12px 14px;border-radius:6px;align-items:flex-start;\">\n      <span style=\"flex:0 0 26px;width:26px;height:26px;background:#1a3a5a;color:#fff;border-radius:50%;display:inline-flex;align-items:center;justify-content:center;font-size:12px;font-weight:700;font-family:-apple-system,sans-serif;\">4<\/span><br \/>\n      <span style=\"font-size:14px;line-height:1.5;color:#2a2a2a;\">Prolongation chez La Casa Louisa, table de tapas du chef \u00e9toil\u00e9 Romain Fornelle.<\/span>\n    <\/div>\n<div style=\"display:flex;gap:12px;background:#fff;border:1px solid #ebebe5;padding:12px 14px;border-radius:6px;align-items:flex-start;\">\n      <span style=\"flex:0 0 26px;width:26px;height:26px;background:#1a3a5a;color:#fff;border-radius:50%;display:inline-flex;align-items:center;justify-content:center;font-size:12px;font-weight:700;font-family:-apple-system,sans-serif;\">5<\/span><br \/>\n      <span style=\"font-size:14px;line-height:1.5;color:#2a2a2a;\">Un sacre f\u00eat\u00e9 en mode famille et gastronomie, loin des exc\u00e8s m\u00e9diatis\u00e9s.<\/span>\n    <\/div>\n<\/p><\/div>\n<\/aside>\n<h2>Des moments partag\u00e9s et de la convivialit\u00e9<\/h2>\n<p>Au cours de cette soir\u00e9e, les Bleus ont choisi de prolonger leur plaisir plut\u00f4t que de s&rsquo;investir sur le dance-floor. Des t\u00e9moignages rapportent des instants de camaraderie, o\u00f9 le capitaine Antoine Dupont a profit\u00e9 de la pr\u00e9sence de sa famille. Les joueurs ont pass\u00e9 du temps ensemble, renfor\u00e7ant ainsi les liens qui les unissent en tant qu&rsquo;\u00e9quipe.<\/p>\n<aside style=\"background:#fff7e0;border-left:4px solid #d4a017;padding:14px 18px;margin:18px 0;border-radius:0 4px 4px 0;font-family:-apple-system,BlinkMacSystemFont,'Segoe UI',Roboto,sans-serif;\">\n  <strong style=\"display:inline-block;color:#7a5e00;font-size:12px;text-transform:uppercase;letter-spacing:1.5px;margin-right:8px;\">&#128161; Bon \u00e0 savoir<\/strong><br \/>\n  <span style=\"font-size:14.5px;line-height:1.55;color:#3a3a3a;\">Privatiser une p\u00e9niche \u00e0 Paris pour 400 personnes implique des contraintes sp\u00e9cifiques : s\u00e9curit\u00e9 fluviale, jauge r\u00e9glementaire, acc\u00e8s quais \u2014 d&rsquo;o\u00f9 les restrictions d&rsquo;acc\u00e8s observ\u00e9es le soir-m\u00eame.<\/span><br \/>\n<\/aside>\n<p>Beaucoup d&rsquo;entre eux ont ensuite d\u00e9cid\u00e9 de prolonger la f\u00eate le lendemain dans un restaurant de tapas r\u00e9put\u00e9, La Casa Louisa. Ce lieu, dirig\u00e9 par le chef \u00e9toil\u00e9 Romain Fornelle, a permis aux champions de continuer \u00e0 c\u00e9l\u00e9brer leur victoire tout en savourant des plats raffin\u00e9s. Ce choix gastronomique a apport\u00e9 une touche d&rsquo;\u00e9l\u00e9gance \u00e0 leur c\u00e9l\u00e9bration, marquant ainsi un moment inoubliable.<\/p>\n<h3>Une soir\u00e9e \u00e0 deux temps : p\u00e9niche puis table \u00e9toil\u00e9e<\/h3>\n<p>L&rsquo;encha\u00eenement entre l&rsquo;ambiance feutr\u00e9e de la Seine et l&rsquo;atmosph\u00e8re plus intime du restaurant raconte beaucoup du caract\u00e8re de ce groupe. L\u00e0 o\u00f9 l&rsquo;on aurait pu attendre une nuit de d\u00e9bordements, les joueurs ont pr\u00e9f\u00e9r\u00e9 la chaleur d&rsquo;une tabl\u00e9e et le plaisir d&rsquo;un repas bien partag\u00e9. Le rugby fran\u00e7ais cultive ce paradoxe : intensit\u00e9 maximale sur le terrain, retenue presque pudique en dehors.<\/p>\n<figure style=\"margin:32px 0;padding:0;font-family:-apple-system,BlinkMacSystemFont,'Segoe UI',Roboto,sans-serif;\">\n<div style=\"display:grid;grid-template-columns:repeat(auto-fit,minmax(140px,1fr));background:#1a1a1a;border-radius:6px;overflow:hidden;\">\n<div style=\"padding:22px 16px;text-align:center;border-right:1px solid #2f2f2f;\">\n<div style=\"font-size:36px;font-weight:900;color:#fff;letter-spacing:-0.04em;font-feature-settings:'tnum';line-height:1;\">400<\/div>\n<div style=\"font-size:11px;text-transform:uppercase;letter-spacing:1.5px;color:#9a9a9a;margin-top:8px;\">invit\u00e9s \u00e0 bord<\/div>\n<\/p><\/div>\n<div style=\"padding:22px 16px;text-align:center;border-right:1px solid #2f2f2f;\">\n<div style=\"font-size:36px;font-weight:900;color:#fff;letter-spacing:-0.04em;font-feature-settings:'tnum';line-height:1;\">1h15<\/div>\n<div style=\"font-size:11px;text-transform:uppercase;letter-spacing:1.5px;color:#9a9a9a;margin-top:8px;\">heure d&rsquo;arriv\u00e9e<\/div>\n<\/p><\/div>\n<div style=\"padding:22px 16px;text-align:center;\">\n<div style=\"font-size:36px;font-weight:900;color:#7fb88a;letter-spacing:-0.04em;font-feature-settings:'tnum';line-height:1;\">2<\/div>\n<div style=\"font-size:11px;text-transform:uppercase;letter-spacing:1.5px;color:#9a9a9a;margin-top:8px;\">lieux pour la f\u00eate<\/div>\n<\/p><\/div>\n<\/p><\/div><figcaption style=\"font-size:11px;color:#7a7a7a;margin-top:8px;text-align:right;letter-spacing:0.3px;\">Chiffres indicatifs de la soir\u00e9e organis\u00e9e par la FFR.<\/figcaption><\/figure>\n<h2>Un menu inspir\u00e9 pour une f\u00eate r\u00e9ussie<\/h2>\n<p>La Casa Louisa est bien plus qu&rsquo;un simple restaurant ; c&rsquo;est un v\u00e9ritable temple de la gastronomie espagnole \u00e0 Paris. Le chef Romain Fornelle, passionn\u00e9 de rugby et fervent supporter du Stade toulousain, a concoct\u00e9 un menu de tapas savoureux. Ce choix culinaire a permis aux joueurs de d\u00e9guster des plats qui refl\u00e8tent \u00e0 la fois l&rsquo;esprit festif et la richesse de la cuisine espagnole.<br \/>\nLes joueurs ont eu l&rsquo;occasion de savourer une vari\u00e9t\u00e9 de tapas, allant des classiques aux cr\u00e9ations modernes. Voici un aper\u00e7u de ce qu&rsquo;ils ont pu d\u00e9guster :<\/p>\n<div style=\"display:grid;grid-template-columns:repeat(auto-fit,minmax(220px,1fr));gap:14px;margin:28px 0;font-family:-apple-system,BlinkMacSystemFont,'Segoe UI',Roboto,sans-serif;\">\n<article style=\"background:#fff;border:1px solid #e5e5e0;border-top:3px solid #1a3a5a;border-radius:6px;padding:18px 18px 16px;\">\n<div style=\"width:36px;height:36px;background:#eaeef5;border-radius:50%;display:inline-flex;align-items:center;justify-content:center;margin-bottom:12px;\">\n      <span style=\"font-size:18px;color:#1a3a5a;font-weight:900;font-family:Georgia,serif;\">01<\/span>\n    <\/div>\n<h3 style=\"margin:0 0 6px 0;font-size:16px;font-weight:700;color:#1a1a1a;letter-spacing:-0.01em;\">Patatas bravas<\/h3>\n<div style=\"margin:0;font-size:13.5px;line-height:1.55;color:#4a4a4a;\">Pommes de terre dor\u00e9es, sauce piquante maison \u00e0 base de tomate et de paprika fum\u00e9.<\/div>\n<\/article>\n<article style=\"background:#fff;border:1px solid #e5e5e0;border-top:3px solid #1a3a5a;border-radius:6px;padding:18px 18px 16px;\">\n<div style=\"width:36px;height:36px;background:#eaeef5;border-radius:50%;display:inline-flex;align-items:center;justify-content:center;margin-bottom:12px;\">\n      <span style=\"font-size:18px;color:#1a3a5a;font-weight:900;font-family:Georgia,serif;\">02<\/span>\n    <\/div>\n<h3 style=\"margin:0 0 6px 0;font-size:16px;font-weight:700;color:#1a1a1a;letter-spacing:-0.01em;\">Gambas \u00e0 l&rsquo;ail et au piment<\/h3>\n<div style=\"margin:0;font-size:13.5px;line-height:1.55;color:#4a4a4a;\">Cuites \u00e0 la po\u00eale dans l&rsquo;huile d&rsquo;olive, ail hach\u00e9 et touche de piment d&rsquo;Espelette.<\/div>\n<\/article>\n<article style=\"background:#fff;border:1px solid #e5e5e0;border-top:3px solid #1a3a5a;border-radius:6px;padding:18px 18px 16px;\">\n<div style=\"width:36px;height:36px;background:#eaeef5;border-radius:50%;display:inline-flex;align-items:center;justify-content:center;margin-bottom:12px;\">\n      <span style=\"font-size:18px;color:#1a3a5a;font-weight:900;font-family:Georgia,serif;\">03<\/span>\n    <\/div>\n<h3 style=\"margin:0 0 6px 0;font-size:16px;font-weight:700;color:#1a1a1a;letter-spacing:-0.01em;\">Chorizo grill\u00e9 \u00e0 la cidre<\/h3>\n<div style=\"margin:0;font-size:13.5px;line-height:1.55;color:#4a4a4a;\">Tranches \u00e9paisses flamb\u00e9es au cidre asturien, signature des tapas authentiques.<\/div>\n<\/article>\n<article style=\"background:#fff;border:1px solid #e5e5e0;border-top:3px solid #1a3a5a;border-radius:6px;padding:18px 18px 16px;\">\n<div style=\"width:36px;height:36px;background:#eaeef5;border-radius:50%;display:inline-flex;align-items:center;justify-content:center;margin-bottom:12px;\">\n      <span style=\"font-size:18px;color:#1a3a5a;font-weight:900;font-family:Georgia,serif;\">04<\/span>\n    <\/div>\n<h3 style=\"margin:0 0 6px 0;font-size:16px;font-weight:700;color:#1a1a1a;letter-spacing:-0.01em;\">Pinchos de viande<\/h3>\n<div style=\"margin:0;font-size:13.5px;line-height:1.55;color:#4a4a4a;\">Brochettes de viande marin\u00e9e aux herbes, cuisson rapide pour pr\u00e9server le jus.<\/div>\n<\/article>\n<article style=\"background:#fff;border:1px solid #e5e5e0;border-top:3px solid #1a3a5a;border-radius:6px;padding:18px 18px 16px;\">\n<div style=\"width:36px;height:36px;background:#eaeef5;border-radius:50%;display:inline-flex;align-items:center;justify-content:center;margin-bottom:12px;\">\n      <span style=\"font-size:18px;color:#1a3a5a;font-weight:900;font-family:Georgia,serif;\">05<\/span>\n    <\/div>\n<h3 style=\"margin:0 0 6px 0;font-size:16px;font-weight:700;color:#1a1a1a;letter-spacing:-0.01em;\">Plateau de fromages<\/h3>\n<div style=\"margin:0;font-size:13.5px;line-height:1.55;color:#4a4a4a;\">Assortiment de fromages espagnols : Manchego affin\u00e9, Mah\u00f3n, Idiazabal fum\u00e9.<\/div>\n<\/article>\n<article style=\"background:#fff;border:1px solid #e5e5e0;border-top:3px solid #1a3a5a;border-radius:6px;padding:18px 18px 16px;\">\n<div style=\"width:36px;height:36px;background:#eaeef5;border-radius:50%;display:inline-flex;align-items:center;justify-content:center;margin-bottom:12px;\">\n      <span style=\"font-size:18px;color:#1a3a5a;font-weight:900;font-family:Georgia,serif;\">06<\/span>\n    <\/div>\n<h3 style=\"margin:0 0 6px 0;font-size:16px;font-weight:700;color:#1a1a1a;letter-spacing:-0.01em;\">Touche sucr\u00e9e finale<\/h3>\n<div style=\"margin:0;font-size:13.5px;line-height:1.55;color:#4a4a4a;\">Crema catalana et churros chocolat noir, pour clore la table dans la tradition.<\/div>\n<\/article>\n<\/div>\n<figure style=\"margin:38px auto;padding:28px 24px;text-align:center;border-top:1px solid #2a2a2a;border-bottom:1px solid #2a2a2a;max-width:640px;position:relative;font-family:Georgia,'Hoefler Text',serif;\">\n<div style=\"position:absolute;top:-20px;left:50%;transform:translateX(-50%);background:#ffffff;padding:0 14px;font-size:48px;line-height:1;color:#1a3a5a;font-family:Georgia,serif;\">&laquo;<\/div>\n<blockquote style=\"margin:0;padding:0;font-size:24px;line-height:1.45;font-style:italic;color:#1a1a1a;letter-spacing:-0.005em;\"><p>\n    C\u00e9l\u00e9brer une victoire avec des amis et de la bonne nourriture, c&rsquo;est ce qui rend ces moments encore plus sp\u00e9ciaux.<br \/>\n  <\/blockquote><figcaption style=\"margin-top:14px;font-size:12px;text-transform:uppercase;letter-spacing:2px;color:#6a6a6a;font-family:-apple-system,sans-serif;font-style:normal;\">\u2014 Un joueur du XV de France<\/figcaption><\/figure>\n<p>Ces mets d\u00e9licieux ont accompagn\u00e9 des rires et des souvenirs partag\u00e9s, consolidant l&rsquo;esprit d&rsquo;\u00e9quipe qui a fait la force du XV de France. La convivialit\u00e9 et l&rsquo;amiti\u00e9 \u00e9taient au rendez-vous, faisant de cette f\u00eate une r\u00e9compense bien m\u00e9rit\u00e9e pour leurs efforts sur le terrain.<\/p>\n<h3>Romain Fornelle, l&rsquo;h\u00f4te rugbyman<\/h3>\n<p>Aux fourneaux, le chef \u00e9toil\u00e9 n&rsquo;est pas un cuisinier comme les autres pour ce d\u00eener-l\u00e0 : ovalie dans le sang, fervent supporter du Stade toulousain, il conna\u00eet l&rsquo;importance que rev\u00eat un repas apr\u00e8s une victoire pour un sportif de haut niveau. Le menu n&rsquo;a donc pas \u00e9t\u00e9 pens\u00e9 comme un service classique \u2014 il a \u00e9t\u00e9 con\u00e7u pour recr\u00e9er, \u00e0 table, l&rsquo;ambiance d&rsquo;un troisi\u00e8me mi-temps assum\u00e9e mais raffin\u00e9e. Mani\u00e8re \u00e9l\u00e9gante de prolonger le terrain dans l&rsquo;assiette.<\/p>\n<aside style=\"background:#e7f5ec;border-left:4px solid #1a3a5a;padding:14px 18px;margin:18px 0;border-radius:0 4px 4px 0;font-family:-apple-system,BlinkMacSystemFont,'Segoe UI',Roboto,sans-serif;\">\n  <strong style=\"display:inline-block;color:#1d4a30;font-size:12px;text-transform:uppercase;letter-spacing:1.5px;margin-right:8px;\">&#10022; Anecdote<\/strong><br \/>\n  <span style=\"font-size:14.5px;line-height:1.55;color:#3a3a3a;\">Le choix de tapas plut\u00f4t qu&rsquo;un d\u00eener gastronomique fran\u00e7ais traduit l&rsquo;envie d&rsquo;une soir\u00e9e qui se partage debout, avec circulation entre les tables \u2014 exactement comme dans les vestiaires ou le club-house apr\u00e8s un match.<\/span><br \/>\n<\/aside>\n<h2>Deux ambiances, deux \u00e9nergies<\/h2>\n<p>Pour comprendre la nuit des champions, il suffit de comparer les deux temps de la c\u00e9l\u00e9bration : ce que l&rsquo;on aurait pu imaginer, et ce qui s&rsquo;est r\u00e9ellement pass\u00e9.<\/p>\n<div style=\"display:grid;grid-template-columns:repeat(auto-fit,minmax(260px,1fr));gap:14px;margin:28px 0;font-family:-apple-system,BlinkMacSystemFont,'Segoe UI',Roboto,sans-serif;\">\n<div style=\"background:#fdecec;border:1px solid #f3cccc;border-radius:6px;padding:20px 22px;\">\n<div style=\"display:flex;align-items:center;gap:10px;margin-bottom:14px;padding-bottom:10px;border-bottom:1px solid #f3cccc;\">\n      <span style=\"width:32px;height:32px;background:#c54848;color:#fff;border-radius:50%;display:inline-flex;align-items:center;justify-content:center;font-size:18px;font-weight:700;\">&#10005;<\/span><\/p>\n<h3 style=\"margin:0;font-size:16px;font-weight:700;color:#8a2020;letter-spacing:-0.01em;\">L&rsquo;image attendue<\/h3>\n<\/p><\/div>\n<ul style=\"margin:0;padding-left:18px;font-size:14px;line-height:1.7;color:#3a3a3a;\">\n<li>Soir\u00e9e tape-\u00e0-l&rsquo;\u0153il dans une bo\u00eete parisienne<\/li>\n<li>Photos vol\u00e9es et indiscr\u00e9tions m\u00e9diatiques<\/li>\n<li>Dance-floor satur\u00e9 jusqu&rsquo;au lever du soleil<\/li>\n<\/ul><\/div>\n<div style=\"background:#e7f5ec;border:1px solid #c4dfcd;border-radius:6px;padding:20px 22px;\">\n<div style=\"display:flex;align-items:center;gap:10px;margin-bottom:14px;padding-bottom:10px;border-bottom:1px solid #c4dfcd;\">\n      <span style=\"width:32px;height:32px;background:#1a3a5a;color:#fff;border-radius:50%;display:inline-flex;align-items:center;justify-content:center;font-size:18px;font-weight:700;\">&#10003;<\/span><\/p>\n<h3 style=\"margin:0;font-size:16px;font-weight:700;color:#1d4a30;letter-spacing:-0.01em;\">La r\u00e9alit\u00e9 du XV<\/h3>\n<\/p><\/div>\n<ul style=\"margin:0;padding-left:18px;font-size:14px;line-height:1.7;color:#3a3a3a;\">\n<li>P\u00e9niche privatis\u00e9e et entr\u00e9e discr\u00e8te \u00e0 1h15<\/li>\n<li>Famille des joueurs et partenaires FFR uniquement<\/li>\n<li>Tabl\u00e9e de tapas le lendemain, retour \u00e0 l&rsquo;intime<\/li>\n<\/ul><\/div>\n<\/div>\n<h2>Le rugby, une aventure humaine<\/h2>\n<blockquote><p>\n  \u00ab\u00a0C\u00e9l\u00e9brer une victoire avec des amis et de la bonne nourriture, c&rsquo;est ce qui rend ces moments encore plus sp\u00e9ciaux.\u00a0\u00bb &#8211; Un joueur du XV de France.\n<\/p><\/blockquote>\n<p>La f\u00eate des Bleus apr\u00e8s leur sacre au 6 Nations 2025 illustre \u00e0 quel point le rugby est bien plus qu&rsquo;un sport. C&rsquo;est une aventure humaine, un voyage o\u00f9 la passion, la camaraderie et la gastronomie se rencontrent. Les joueurs ont su transformer une victoire en un moment de joie collective, partageant leur bonheur avec ceux qui leur sont chers, tout en c\u00e9l\u00e9brant leur succ\u00e8s dans un cadre idyllique.<\/p>\n<aside style=\"background:#fdecec;border-left:4px solid #c54848;padding:14px 18px;margin:18px 0;border-radius:0 4px 4px 0;font-family:-apple-system,BlinkMacSystemFont,'Segoe UI',Roboto,sans-serif;\">\n  <strong style=\"display:inline-block;color:#8a2020;font-size:12px;text-transform:uppercase;letter-spacing:1.5px;margin-right:8px;\">&#9888;&#65039; \u00c0 ne pas oublier<\/strong><br \/>\n  <span style=\"font-size:14.5px;line-height:1.55;color:#3a3a3a;\">Derri\u00e8re l&rsquo;image de la soir\u00e9e, il y a 5 matchs de tr\u00e8s haute intensit\u00e9 disput\u00e9s en 7 semaines. La f\u00eate, c&rsquo;est aussi la d\u00e9compression n\u00e9cessaire d&rsquo;un corps et d&rsquo;un mental pouss\u00e9s \u00e0 leurs limites.<\/span><br \/>\n<\/aside>\n<p>Cette soir\u00e9e restera grav\u00e9e dans les m\u00e9moires, tant pour les joueurs que pour leurs invit\u00e9s. Elle dit beaucoup d&rsquo;un groupe qui a su trouver son \u00e9quilibre, alterner la rigueur du haut niveau et la simplicit\u00e9 du moment partag\u00e9, et faire du sacre un souvenir collectif autant que sportif.<\/p>\n<section style=\"margin:32px 0;font-family:-apple-system,BlinkMacSystemFont,'Segoe UI',Roboto,sans-serif;\">\n<h2 style=\"margin:0 0 18px 0;font-size:22px;font-weight:800;color:#1a1a1a;letter-spacing:-0.01em;\">Questions fr\u00e9quentes<\/h2>\n<div style=\"border-top:1px solid #d4cfc4;\">\n<details style=\"border-bottom:1px solid #d4cfc4;padding:0;\">\n<summary style=\"cursor:pointer;padding:16px 0;font-size:17px;font-weight:700;color:#1a1a1a;list-style:none;display:flex;justify-content:space-between;align-items:center;gap:14px;\">\n        <span>O\u00f9 s&rsquo;est tenue la f\u00eate principale du XV de France ?<\/span><br \/>\n        <span style=\"font-size:22px;font-weight:300;color:#1a3a5a;line-height:1;\">+<\/span><br \/>\n      <\/summary>\n<div style=\"padding:0 0 16px 0;font-size:15px;line-height:1.7;color:#4a4a4a;\">La c\u00e9l\u00e9bration s&rsquo;est d\u00e9roul\u00e9e sur la p\u00e9niche Melle Mouche, amarr\u00e9e face \u00e0 la Tour Eiffel. Privatis\u00e9e par la F\u00e9d\u00e9ration Fran\u00e7aise de Rugby, elle a accueilli environ 400 invit\u00e9s, dont les joueurs, leurs proches et les partenaires de la FFR.<\/div>\n<\/details>\n<details style=\"border-bottom:1px solid #d4cfc4;padding:0;\">\n<summary style=\"cursor:pointer;padding:16px 0;font-size:17px;font-weight:700;color:#1a1a1a;list-style:none;display:flex;justify-content:space-between;align-items:center;gap:14px;\">\n        <span>Pourquoi les joueurs sont-ils arriv\u00e9s par une porte d\u00e9rob\u00e9e ?<\/span><br \/>\n        <span style=\"font-size:22px;font-weight:300;color:#1a3a5a;line-height:1;\">+<\/span><br \/>\n      <\/summary>\n<div style=\"padding:0 0 16px 0;font-size:15px;line-height:1.7;color:#4a4a4a;\">L&rsquo;entr\u00e9e discr\u00e8te, vers 1h15 du matin, r\u00e9pondait \u00e0 un double objectif : pr\u00e9server l&rsquo;intimit\u00e9 d&rsquo;une soir\u00e9e familiale et limiter la pression m\u00e9diatique sur le groupe. C&rsquo;est devenu un r\u00e9flexe pour ce XV qui assume une communication tr\u00e8s ma\u00eetris\u00e9e.<\/div>\n<\/details>\n<details style=\"border-bottom:1px solid #d4cfc4;padding:0;\">\n<summary style=\"cursor:pointer;padding:16px 0;font-size:17px;font-weight:700;color:#1a1a1a;list-style:none;display:flex;justify-content:space-between;align-items:center;gap:14px;\">\n        <span>Qui est Romain Fornelle, le chef \u00e9toil\u00e9 impliqu\u00e9 dans la f\u00eate ?<\/span><br \/>\n        <span style=\"font-size:22px;font-weight:300;color:#1a3a5a;line-height:1;\">+<\/span><br \/>\n      <\/summary>\n<div style=\"padding:0 0 16px 0;font-size:15px;line-height:1.7;color:#4a4a4a;\">Romain Fornelle dirige La Casa Louisa, table de tapas r\u00e9put\u00e9e \u00e0 Paris. Fervent supporter du Stade toulousain, il a compos\u00e9 un menu sur mesure pour les Bleus, m\u00ealant grands classiques espagnols et cr\u00e9ations contemporaines.<\/div>\n<\/details>\n<details style=\"border-bottom:1px solid #d4cfc4;padding:0;\">\n<summary style=\"cursor:pointer;padding:16px 0;font-size:17px;font-weight:700;color:#1a1a1a;list-style:none;display:flex;justify-content:space-between;align-items:center;gap:14px;\">\n        <span>Antoine Dupont \u00e9tait-il bien pr\u00e9sent ce soir-l\u00e0 ?<\/span><br \/>\n        <span style=\"font-size:22px;font-weight:300;color:#1a3a5a;line-height:1;\">+<\/span><br \/>\n      <\/summary>\n<div style=\"padding:0 0 16px 0;font-size:15px;line-height:1.7;color:#4a4a4a;\">Oui. Le capitaine du XV de France a profit\u00e9 de la soir\u00e9e pour passer du temps avec ses proches, pr\u00e9sents \u00e0 bord. Les t\u00e9moignages d\u00e9crivent une pr\u00e9sence tr\u00e8s centr\u00e9e sur la famille, loin de toute mise en sc\u00e8ne.<\/div>\n<\/details>\n<details style=\"border-bottom:1px solid #d4cfc4;padding:0;\">\n<summary style=\"cursor:pointer;padding:16px 0;font-size:17px;font-weight:700;color:#1a1a1a;list-style:none;display:flex;justify-content:space-between;align-items:center;gap:14px;\">\n        <span>Pourquoi des tapas plut\u00f4t qu&rsquo;un d\u00eener gastronomique fran\u00e7ais ?<\/span><br \/>\n        <span style=\"font-size:22px;font-weight:300;color:#1a3a5a;line-height:1;\">+<\/span><br \/>\n      <\/summary>\n<div style=\"padding:0 0 16px 0;font-size:15px;line-height:1.7;color:#4a4a4a;\">Le format tapas correspond \u00e0 l&rsquo;ADN d&rsquo;un vestiaire de rugby : tabl\u00e9e debout, plats qui circulent, on se sert, on se passe les assiettes. Une m\u00e9canique conviviale qui prolonge naturellement l&rsquo;esprit d&rsquo;\u00e9quipe au-del\u00e0 du terrain.<\/div>\n<\/details><\/div>\n<\/section>\n","protected":false},"excerpt":{"rendered":"","protected":false},"author":34,"featured_media":15577,"comment_status":"open","ping_status":"open","sticky":false,"template":"","format":"standard","meta":{"_acf_changed":false,"manual_indexmenow":false,"indexmenow_id_project":0,"footnotes":""},"categories":[1],"tags":[2574,4618,4685,4556,4554],"class_list":["post-12138","post","type-post","status-publish","format-standard","has-post-thumbnail","hentry","category-a-la-une","tag-bien-etre","tag-camaraderie","tag-evenements-sportifs","tag-tournoi-des-6-nations","tag-xv-de-france","generate-columns","tablet-grid-50","mobile-grid-100","grid-parent","grid-25"],"acf":[],"yoast_head":"<!-- This site is optimized with the Yoast SEO Premium plugin v21.3 (Yoast SEO v26.5) - https:\/\/yoast.com\/wordpress\/plugins\/seo\/ -->\n<title>f\u00eate des Bleus : tapas, Tour Eiffel et c\u00e9l\u00e9brations apr\u00e8s<\/title>\n<meta name=\"description\" content=\"Une p\u00e9niche amarr\u00e9e au pied de la Tour Eiffel, un d\u00eener de tapas chez un chef \u00e9toil\u00e9, des \u00e9clats de rire jusqu&#039;au petit matin : voici comment le XV de\u2026\" \/>\n<meta name=\"robots\" content=\"index, follow, max-snippet:-1, max-image-preview:large, max-video-preview:-1\" \/>\n<link rel=\"canonical\" href=\"https:\/\/sport-index.fr\/blog\/a-la-une\/fete-des-bleus-tapas-tour-eiffel-et-celebrations-apres-le-sacre-des-6-nations\/\" \/>\n<meta property=\"og:locale\" content=\"fr_FR\" \/>\n<meta property=\"og:type\" content=\"article\" \/>\n<meta property=\"og:title\" content=\"f\u00eate des Bleus : tapas, Tour Eiffel et c\u00e9l\u00e9brations apr\u00e8s\" \/>\n<meta property=\"og:description\" content=\"Une p\u00e9niche amarr\u00e9e au pied de la Tour Eiffel, un d\u00eener de tapas chez un chef \u00e9toil\u00e9, des \u00e9clats de rire jusqu&#039;au petit matin : voici comment le XV de\u2026\" \/>\n<meta property=\"og:url\" content=\"https:\/\/sport-index.fr\/blog\/a-la-une\/fete-des-bleus-tapas-tour-eiffel-et-celebrations-apres-le-sacre-des-6-nations\/\" \/>\n<meta property=\"og:site_name\" content=\"sport-index\" \/>\n<meta name=\"author\" content=\"Axel Lauzier\" \/>\n<meta name=\"twitter:card\" content=\"summary_large_image\" \/>\n<script type=\"application\/ld+json\" class=\"yoast-schema-graph\">{\"@context\":\"https:\/\/schema.org\",\"@graph\":[{\"@type\":\"NewsArticle\",\"@id\":\"https:\/\/sport-index.fr\/blog\/a-la-une\/fete-des-bleus-tapas-tour-eiffel-et-celebrations-apres-le-sacre-des-6-nations\/#article\",\"isPartOf\":{\"@id\":\"https:\/\/sport-index.fr\/blog\/a-la-une\/fete-des-bleus-tapas-tour-eiffel-et-celebrations-apres-le-sacre-des-6-nations\/\"},\"author\":{\"name\":\"Axel Lauzier\",\"@id\":\"https:\/\/sport-index.fr\/blog\/#\/schema\/person\/3c864cdc320801e3db34b663e7e3f816\"},\"headline\":\"f\u00eate des Bleus : tapas, Tour Eiffel et c\u00e9l\u00e9brations apr\u00e8s le sacre des 6 Nations\",\"datePublished\":\"2026-05-22T02:36:56+00:00\",\"mainEntityOfPage\":{\"@id\":\"https:\/\/sport-index.fr\/blog\/a-la-une\/fete-des-bleus-tapas-tour-eiffel-et-celebrations-apres-le-sacre-des-6-nations\/\"},\"wordCount\":1614,\"commentCount\":21,\"publisher\":{\"@id\":\"https:\/\/sport-index.fr\/blog\/#organization\"},\"image\":{\"@id\":\"https:\/\/sport-index.fr\/blog\/a-la-une\/fete-des-bleus-tapas-tour-eiffel-et-celebrations-apres-le-sacre-des-6-nations\/#primaryimage\"},\"thumbnailUrl\":\"https:\/\/sport-index.fr\/blog\/wp-content\/uploads\/2025\/05\/sdxl-0fec4bf97c5f08f875d1498b44248604-scaled.png\",\"keywords\":[\"Bien-\u00catre\",\"Camaraderie\",\"\u00c9v\u00e9nements Sportifs\",\"Tournoi des 6 Nations\",\"XV de France\"],\"articleSection\":[\"\u00c0 la une\"],\"inLanguage\":\"fr-FR\",\"potentialAction\":[{\"@type\":\"CommentAction\",\"name\":\"Comment\",\"target\":[\"https:\/\/sport-index.fr\/blog\/a-la-une\/fete-des-bleus-tapas-tour-eiffel-et-celebrations-apres-le-sacre-des-6-nations\/#respond\"]}]},{\"@type\":\"WebPage\",\"@id\":\"https:\/\/sport-index.fr\/blog\/a-la-une\/fete-des-bleus-tapas-tour-eiffel-et-celebrations-apres-le-sacre-des-6-nations\/\",\"url\":\"https:\/\/sport-index.fr\/blog\/a-la-une\/fete-des-bleus-tapas-tour-eiffel-et-celebrations-apres-le-sacre-des-6-nations\/\",\"name\":\"f\u00eate des Bleus : tapas, Tour Eiffel et c\u00e9l\u00e9brations apr\u00e8s\",\"isPartOf\":{\"@id\":\"https:\/\/sport-index.fr\/blog\/#website\"},\"primaryImageOfPage\":{\"@id\":\"https:\/\/sport-index.fr\/blog\/a-la-une\/fete-des-bleus-tapas-tour-eiffel-et-celebrations-apres-le-sacre-des-6-nations\/#primaryimage\"},\"image\":{\"@id\":\"https:\/\/sport-index.fr\/blog\/a-la-une\/fete-des-bleus-tapas-tour-eiffel-et-celebrations-apres-le-sacre-des-6-nations\/#primaryimage\"},\"thumbnailUrl\":\"https:\/\/sport-index.fr\/blog\/wp-content\/uploads\/2025\/05\/sdxl-0fec4bf97c5f08f875d1498b44248604-scaled.png\",\"datePublished\":\"2026-05-22T02:36:56+00:00\",\"description\":\"Une p\u00e9niche amarr\u00e9e au pied de la Tour Eiffel, un d\u00eener de tapas chez un chef \u00e9toil\u00e9, des \u00e9clats de rire jusqu'au petit matin : voici comment le XV de\u2026\",\"inLanguage\":\"fr-FR\",\"potentialAction\":[{\"@type\":\"ReadAction\",\"target\":[\"https:\/\/sport-index.fr\/blog\/a-la-une\/fete-des-bleus-tapas-tour-eiffel-et-celebrations-apres-le-sacre-des-6-nations\/\"]}]},{\"@type\":\"ImageObject\",\"inLanguage\":\"fr-FR\",\"@id\":\"https:\/\/sport-index.fr\/blog\/a-la-une\/fete-des-bleus-tapas-tour-eiffel-et-celebrations-apres-le-sacre-des-6-nations\/#primaryimage\",\"url\":\"https:\/\/sport-index.fr\/blog\/wp-content\/uploads\/2025\/05\/sdxl-0fec4bf97c5f08f875d1498b44248604-scaled.png\",\"contentUrl\":\"https:\/\/sport-index.fr\/blog\/wp-content\/uploads\/2025\/05\/sdxl-0fec4bf97c5f08f875d1498b44248604-scaled.png\",\"width\":1200,\"height\":500},{\"@type\":\"WebSite\",\"@id\":\"https:\/\/sport-index.fr\/blog\/#website\",\"url\":\"https:\/\/sport-index.fr\/blog\/\",\"name\":\"sport-index.fr\",\"description\":\"Le score de l\u2019analyse sportive.\",\"publisher\":{\"@id\":\"https:\/\/sport-index.fr\/blog\/#organization\"},\"alternateName\":\"Le score de l\u2019analyse sportive.\",\"potentialAction\":[{\"@type\":\"SearchAction\",\"target\":{\"@type\":\"EntryPoint\",\"urlTemplate\":\"https:\/\/sport-index.fr\/blog\/?s={search_term_string}\"},\"query-input\":{\"@type\":\"PropertyValueSpecification\",\"valueRequired\":true,\"valueName\":\"search_term_string\"}}],\"inLanguage\":\"fr-FR\"},{\"@type\":\"Organization\",\"@id\":\"https:\/\/sport-index.fr\/blog\/#organization\",\"name\":\"Foretsensations.fr\",\"url\":\"https:\/\/sport-index.fr\/blog\/\",\"logo\":{\"@type\":\"ImageObject\",\"inLanguage\":\"fr-FR\",\"@id\":\"https:\/\/sport-index.fr\/blog\/#\/schema\/logo\/image\/\",\"url\":\"https:\/\/sport-index.fr\/blog\/wp-content\/uploads\/2026\/07\/logo-auto.png\",\"contentUrl\":\"https:\/\/sport-index.fr\/blog\/wp-content\/uploads\/2026\/07\/logo-auto.png\",\"width\":1024,\"height\":1024,\"caption\":\"Foretsensations.fr\"},\"image\":{\"@id\":\"https:\/\/sport-index.fr\/blog\/#\/schema\/logo\/image\/\"}},{\"@type\":\"Person\",\"@id\":\"https:\/\/sport-index.fr\/blog\/#\/schema\/person\/3c864cdc320801e3db34b663e7e3f816\",\"name\":\"Axel Lauzier\",\"image\":{\"@type\":\"ImageObject\",\"inLanguage\":\"fr-FR\",\"@id\":\"https:\/\/sport-index.fr\/blog\/#\/schema\/person\/image\/\",\"url\":\"https:\/\/sport-index.fr\/blog\/wp-content\/uploads\/2026\/06\/persona_axel-l-96x96.jpg\",\"contentUrl\":\"https:\/\/sport-index.fr\/blog\/wp-content\/uploads\/2026\/06\/persona_axel-l-96x96.jpg\",\"caption\":\"Axel Lauzier\"},\"description\":\"Le sport rythme mon quotidien depuis l'enfance, et j'en ai fait mon m\u00e9tier d'analyste r\u00e9dactionnel il y a une dizaine d'ann\u00e9es. Je couvre principalement le football, son actualit\u00e9, ses transferts et l'analyse tactique des grandes affiches, mais aussi les disciplines plus confidentielles que j'aime remettre en lumi\u00e8re. Une partie de mon travail porte sur les pronostics et la lecture statistique d'un match : forme des \u00e9quipes, historique des confrontations, compositions, sans jamais vendre de fausse certitude. Je rappelle syst\u00e9matiquement que parier comporte un risque et doit rester un loisir ma\u00eetris\u00e9. Avant de signer une analyse, je v\u00e9rifie mes chiffres, je recoupe les compositions probables et je distingue toujours la donn\u00e9e brute de l'intuition. Mon objectif : offrir une lecture honn\u00eate et argument\u00e9e, pas un ticket gagnant garanti.\",\"sameAs\":[\"https:\/\/axellauzier.fr\/\"],\"url\":\"https:\/\/sport-index.fr\/blog\/auteur\/noname\/\"}]}<\/script>\n<!-- \/ Yoast SEO Premium plugin. -->","yoast_head_json":{"title":"f\u00eate des Bleus : tapas, Tour Eiffel et c\u00e9l\u00e9brations apr\u00e8s","description":"Une p\u00e9niche amarr\u00e9e au pied de la Tour Eiffel, un d\u00eener de tapas chez un chef \u00e9toil\u00e9, des \u00e9clats de rire jusqu'au petit matin : voici comment le XV de\u2026","robots":{"index":"index","follow":"follow","max-snippet":"max-snippet:-1","max-image-preview":"max-image-preview:large","max-video-preview":"max-video-preview:-1"},"canonical":"https:\/\/sport-index.fr\/blog\/a-la-une\/fete-des-bleus-tapas-tour-eiffel-et-celebrations-apres-le-sacre-des-6-nations\/","og_locale":"fr_FR","og_type":"article","og_title":"f\u00eate des Bleus : tapas, Tour Eiffel et c\u00e9l\u00e9brations apr\u00e8s","og_description":"Une p\u00e9niche amarr\u00e9e au pied de la Tour Eiffel, un d\u00eener de tapas chez un chef \u00e9toil\u00e9, des \u00e9clats de rire jusqu'au petit matin : voici comment le XV de\u2026","og_url":"https:\/\/sport-index.fr\/blog\/a-la-une\/fete-des-bleus-tapas-tour-eiffel-et-celebrations-apres-le-sacre-des-6-nations\/","og_site_name":"sport-index","author":"Axel Lauzier","twitter_card":"summary_large_image","schema":{"@context":"https:\/\/schema.org","@graph":[{"@type":"NewsArticle","@id":"https:\/\/sport-index.fr\/blog\/a-la-une\/fete-des-bleus-tapas-tour-eiffel-et-celebrations-apres-le-sacre-des-6-nations\/#article","isPartOf":{"@id":"https:\/\/sport-index.fr\/blog\/a-la-une\/fete-des-bleus-tapas-tour-eiffel-et-celebrations-apres-le-sacre-des-6-nations\/"},"author":{"name":"Axel Lauzier","@id":"https:\/\/sport-index.fr\/blog\/#\/schema\/person\/3c864cdc320801e3db34b663e7e3f816"},"headline":"f\u00eate des Bleus : tapas, Tour Eiffel et c\u00e9l\u00e9brations apr\u00e8s le sacre des 6 Nations","datePublished":"2026-05-22T02:36:56+00:00","mainEntityOfPage":{"@id":"https:\/\/sport-index.fr\/blog\/a-la-une\/fete-des-bleus-tapas-tour-eiffel-et-celebrations-apres-le-sacre-des-6-nations\/"},"wordCount":1614,"commentCount":21,"publisher":{"@id":"https:\/\/sport-index.fr\/blog\/#organization"},"image":{"@id":"https:\/\/sport-index.fr\/blog\/a-la-une\/fete-des-bleus-tapas-tour-eiffel-et-celebrations-apres-le-sacre-des-6-nations\/#primaryimage"},"thumbnailUrl":"https:\/\/sport-index.fr\/blog\/wp-content\/uploads\/2025\/05\/sdxl-0fec4bf97c5f08f875d1498b44248604-scaled.png","keywords":["Bien-\u00catre","Camaraderie","\u00c9v\u00e9nements Sportifs","Tournoi des 6 Nations","XV de France"],"articleSection":["\u00c0 la une"],"inLanguage":"fr-FR","potentialAction":[{"@type":"CommentAction","name":"Comment","target":["https:\/\/sport-index.fr\/blog\/a-la-une\/fete-des-bleus-tapas-tour-eiffel-et-celebrations-apres-le-sacre-des-6-nations\/#respond"]}]},{"@type":"WebPage","@id":"https:\/\/sport-index.fr\/blog\/a-la-une\/fete-des-bleus-tapas-tour-eiffel-et-celebrations-apres-le-sacre-des-6-nations\/","url":"https:\/\/sport-index.fr\/blog\/a-la-une\/fete-des-bleus-tapas-tour-eiffel-et-celebrations-apres-le-sacre-des-6-nations\/","name":"f\u00eate des Bleus : tapas, Tour Eiffel et c\u00e9l\u00e9brations apr\u00e8s","isPartOf":{"@id":"https:\/\/sport-index.fr\/blog\/#website"},"primaryImageOfPage":{"@id":"https:\/\/sport-index.fr\/blog\/a-la-une\/fete-des-bleus-tapas-tour-eiffel-et-celebrations-apres-le-sacre-des-6-nations\/#primaryimage"},"image":{"@id":"https:\/\/sport-index.fr\/blog\/a-la-une\/fete-des-bleus-tapas-tour-eiffel-et-celebrations-apres-le-sacre-des-6-nations\/#primaryimage"},"thumbnailUrl":"https:\/\/sport-index.fr\/blog\/wp-content\/uploads\/2025\/05\/sdxl-0fec4bf97c5f08f875d1498b44248604-scaled.png","datePublished":"2026-05-22T02:36:56+00:00","description":"Une p\u00e9niche amarr\u00e9e au pied de la Tour Eiffel, un d\u00eener de tapas chez un chef \u00e9toil\u00e9, des \u00e9clats de rire jusqu'au petit matin : voici comment le XV de\u2026","inLanguage":"fr-FR","potentialAction":[{"@type":"ReadAction","target":["https:\/\/sport-index.fr\/blog\/a-la-une\/fete-des-bleus-tapas-tour-eiffel-et-celebrations-apres-le-sacre-des-6-nations\/"]}]},{"@type":"ImageObject","inLanguage":"fr-FR","@id":"https:\/\/sport-index.fr\/blog\/a-la-une\/fete-des-bleus-tapas-tour-eiffel-et-celebrations-apres-le-sacre-des-6-nations\/#primaryimage","url":"https:\/\/sport-index.fr\/blog\/wp-content\/uploads\/2025\/05\/sdxl-0fec4bf97c5f08f875d1498b44248604-scaled.png","contentUrl":"https:\/\/sport-index.fr\/blog\/wp-content\/uploads\/2025\/05\/sdxl-0fec4bf97c5f08f875d1498b44248604-scaled.png","width":1200,"height":500},{"@type":"WebSite","@id":"https:\/\/sport-index.fr\/blog\/#website","url":"https:\/\/sport-index.fr\/blog\/","name":"sport-index.fr","description":"Le score de l\u2019analyse sportive.","publisher":{"@id":"https:\/\/sport-index.fr\/blog\/#organization"},"alternateName":"Le score de l\u2019analyse sportive.","potentialAction":[{"@type":"SearchAction","target":{"@type":"EntryPoint","urlTemplate":"https:\/\/sport-index.fr\/blog\/?s={search_term_string}"},"query-input":{"@type":"PropertyValueSpecification","valueRequired":true,"valueName":"search_term_string"}}],"inLanguage":"fr-FR"},{"@type":"Organization","@id":"https:\/\/sport-index.fr\/blog\/#organization","name":"Foretsensations.fr","url":"https:\/\/sport-index.fr\/blog\/","logo":{"@type":"ImageObject","inLanguage":"fr-FR","@id":"https:\/\/sport-index.fr\/blog\/#\/schema\/logo\/image\/","url":"https:\/\/sport-index.fr\/blog\/wp-content\/uploads\/2026\/07\/logo-auto.png","contentUrl":"https:\/\/sport-index.fr\/blog\/wp-content\/uploads\/2026\/07\/logo-auto.png","width":1024,"height":1024,"caption":"Foretsensations.fr"},"image":{"@id":"https:\/\/sport-index.fr\/blog\/#\/schema\/logo\/image\/"}},{"@type":"Person","@id":"https:\/\/sport-index.fr\/blog\/#\/schema\/person\/3c864cdc320801e3db34b663e7e3f816","name":"Axel Lauzier","image":{"@type":"ImageObject","inLanguage":"fr-FR","@id":"https:\/\/sport-index.fr\/blog\/#\/schema\/person\/image\/","url":"https:\/\/sport-index.fr\/blog\/wp-content\/uploads\/2026\/06\/persona_axel-l-96x96.jpg","contentUrl":"https:\/\/sport-index.fr\/blog\/wp-content\/uploads\/2026\/06\/persona_axel-l-96x96.jpg","caption":"Axel Lauzier"},"description":"Le sport rythme mon quotidien depuis l'enfance, et j'en ai fait mon m\u00e9tier d'analyste r\u00e9dactionnel il y a une dizaine d'ann\u00e9es. Je couvre principalement le football, son actualit\u00e9, ses transferts et l'analyse tactique des grandes affiches, mais aussi les disciplines plus confidentielles que j'aime remettre en lumi\u00e8re. Une partie de mon travail porte sur les pronostics et la lecture statistique d'un match : forme des \u00e9quipes, historique des confrontations, compositions, sans jamais vendre de fausse certitude. Je rappelle syst\u00e9matiquement que parier comporte un risque et doit rester un loisir ma\u00eetris\u00e9. Avant de signer une analyse, je v\u00e9rifie mes chiffres, je recoupe les compositions probables et je distingue toujours la donn\u00e9e brute de l'intuition. Mon objectif : offrir une lecture honn\u00eate et argument\u00e9e, pas un ticket gagnant garanti.","sameAs":["https:\/\/axellauzier.fr\/"],"url":"https:\/\/sport-index.fr\/blog\/auteur\/noname\/"}]}},"_links":{"self":[{"href":"https:\/\/sport-index.fr\/blog\/wp-json\/wp\/v2\/posts\/12138","targetHints":{"allow":["GET"]}}],"collection":[{"href":"https:\/\/sport-index.fr\/blog\/wp-json\/wp\/v2\/posts"}],"about":[{"href":"https:\/\/sport-index.fr\/blog\/wp-json\/wp\/v2\/types\/post"}],"author":[{"embeddable":true,"href":"https:\/\/sport-index.fr\/blog\/wp-json\/wp\/v2\/users\/34"}],"replies":[{"embeddable":true,"href":"https:\/\/sport-index.fr\/blog\/wp-json\/wp\/v2\/comments?post=12138"}],"version-history":[{"count":2,"href":"https:\/\/sport-index.fr\/blog\/wp-json\/wp\/v2\/posts\/12138\/revisions"}],"predecessor-version":[{"id":18019,"href":"https:\/\/sport-index.fr\/blog\/wp-json\/wp\/v2\/posts\/12138\/revisions\/18019"}],"wp:featuredmedia":[{"embeddable":true,"href":"https:\/\/sport-index.fr\/blog\/wp-json\/wp\/v2\/media\/15577"}],"wp:attachment":[{"href":"https:\/\/sport-index.fr\/blog\/wp-json\/wp\/v2\/media?parent=12138"}],"wp:term":[{"taxonomy":"category","embeddable":true,"href":"https:\/\/sport-index.fr\/blog\/wp-json\/wp\/v2\/categories?post=12138"},{"taxonomy":"post_tag","embeddable":true,"href":"https:\/\/sport-index.fr\/blog\/wp-json\/wp\/v2\/tags?post=12138"}],"curies":[{"name":"wp","href":"https:\/\/api.w.org\/{rel}","templated":true}]}}