{"id":12150,"date":"2025-03-17T22:00:40","date_gmt":"2025-03-17T21:00:40","guid":{"rendered":"https:\/\/sport-index.fr\/blog\/?p=12150"},"modified":"2025-03-17T22:00:40","modified_gmt":"2025-03-17T21:00:40","slug":"les-deux-capitaines-du-xv-de-france-dupont-et-alldritt-une-victoire-symbolique-au-6-nations-2025","status":"publish","type":"post","link":"https:\/\/sport-index.fr\/blog\/a-la-une\/les-deux-capitaines-du-xv-de-france-dupont-et-alldritt-une-victoire-symbolique-au-6-nations-2025\/","title":{"rendered":"Les deux capitaines du XV de France : dupont et alldritt, une victoire symbolique au 6 Nations 2025"},"content":{"rendered":"<h2>Des r\u00eaves r\u00e9alis\u00e9s sous les projecteurs<\/h2>\n<p>Antoine Dupont et Gr\u00e9gory Alldritt ont marqu\u00e9 l&rsquo;histoire du rugby en soulevant ensemble le troph\u00e9e du Tournoi des 6 Nations 2025. Ce moment m\u00e9morable, qui a eu lieu dans une ambiance festive, repr\u00e9sente bien plus qu&rsquo;une simple victoire. Il incarne l&rsquo;espoir et les aspirations d&rsquo;un pays tout entier, une nation unie par la passion du rugby et le d\u00e9sir de gloire.<\/p>\n<p>Le parcours de ces deux joueurs, embl\u00e9matiques du XV de France, est jalonn\u00e9 de d\u00e9fis et d&rsquo;obstacles. Gr\u00e9gory Alldritt, apr\u00e8s une p\u00e9riode difficile, a enfin vu son r\u00eave se r\u00e9aliser. Son sourire radieux sur le podium t\u00e9moigne non seulement de sa joie, mais aussi de la fiert\u00e9 d&rsquo;avoir men\u00e9 son \u00e9quipe vers la victoire. Il a partag\u00e9 son ressenti en d\u00e9clarant : <\/p>\n<blockquote><p>\u00ab\u00a0Mon r\u00eave s\u2019est r\u00e9alis\u00e9, oui, je voulais voir Antoine soulever le troph\u00e9e.\u00a0\u00bb<\/p><\/blockquote>\n<h2>Le surpassement des \u00e9preuves<\/h2>\n<p>Ces deux joueurs, malgr\u00e9 les \u00e9preuves qu&rsquo;ils ont travers\u00e9es, ont su d\u00e9montrer une r\u00e9silience impressionnante. Alldritt a d\u00fb faire face \u00e0 des critiques et des doutes, notamment apr\u00e8s une saison difficile. Cependant, il a transform\u00e9 ces moments de faiblesse en une opportunit\u00e9 de grandir et de se r\u00e9inventer, prouvant ainsi que la v\u00e9ritable force r\u00e9side dans la capacit\u00e9 \u00e0 se relever.<\/p>\n<p>Dupont, quant \u00e0 lui, a d\u00fb faire preuve d&rsquo;un mental d&rsquo;acier apr\u00e8s avoir \u00e9t\u00e9 contraint de quitter le terrain \u00e0 cause d&rsquo;une blessure. Sa pr\u00e9sence sur le podium, bien qu&rsquo;il ne soit pas en pleine forme, a inspir\u00e9 ses co\u00e9quipiers. Alldritt, en particulier, a ressenti cette aura qui \u00e9mane de son ami et capitaine, renfor\u00e7ant ainsi leur lien et leur d\u00e9termination \u00e0 conqu\u00e9rir le titre.<\/p>\n<h2>Un retour en force et un hommage m\u00e9rit\u00e9<\/h2>\n<p>Gr\u00e9gory Alldritt a fait preuve d&rsquo;une d\u00e9termination sans faille pour revenir \u00e0 son meilleur niveau. Son entra\u00eeneur, Gr\u00e9gory Patat, a soulign\u00e9 son intelligence et sa capacit\u00e9 \u00e0 se remettre en question. Ce retour en forme a \u00e9t\u00e9 crucial pour le succ\u00e8s de l&rsquo;\u00e9quipe, car il a su allier puissance et efficacit\u00e9 sur le terrain.<\/p>\n<p>Fabien Galthi\u00e9, le s\u00e9lectionneur, a \u00e9galement rendu hommage \u00e0 Alldritt, louant son engagement et sa capacit\u00e9 \u00e0 inspirer ses co\u00e9quipiers. Dans le rugby, il est essentiel d&rsquo;avoir des leaders comme Dupont et Alldritt, capables de f\u00e9d\u00e9rer et de motiver l&rsquo;\u00e9quipe. Leur histoire, marqu\u00e9e par la pers\u00e9v\u00e9rance et le travail acharn\u00e9, reste un exemple \u00e0 suivre pour les g\u00e9n\u00e9rations futures.<\/p>\n<ul>\n<li>Dupont et Alldritt : deux leaders inspirants.<\/li>\n<li>Une victoire qui transcende le sport.<\/li>\n<li>La r\u00e9silience face aux d\u00e9fis du haut niveau.<\/li>\n<li>Un retour en force apr\u00e8s des mois difficiles.<\/li>\n<li>Un symbole d&rsquo;unit\u00e9 pour la France.<\/li>\n<\/ul>\n<p>En somme, le Tournoi des 6 Nations 2025 ne restera pas seulement dans les annales pour son r\u00e9sultat, mais aussi pour l&rsquo;\u00e9motion qu&rsquo;il a suscit\u00e9e. Les exploits d&rsquo;Antoine Dupont et Gr\u00e9gory Alldritt rappellent que le rugby va au-del\u00e0 des r\u00e9sultats : c&rsquo;est une histoire d&rsquo;amiti\u00e9, de passion et de d\u00e9termination. Les deux capitaines, unis par leur amour du jeu, continueront \u00e0 inspirer des milliers de jeunes rugbymen \u00e0 travers la France, prouvant que la victoire est \u00e0 la port\u00e9e de ceux qui n&rsquo;abandonnent jamais.<\/p>\n","protected":false},"excerpt":{"rendered":"","protected":false},"author":34,"featured_media":15583,"comment_status":"open","ping_status":"open","sticky":false,"template":"","format":"standard","meta":{"_acf_changed":false,"manual_indexmenow":false,"indexmenow_id_project":0,"footnotes":""},"categories":[1],"tags":[4585,4563,4408,4556,4554],"class_list":["post-12150","post","type-post","status-publish","format-standard","has-post-thumbnail","hentry","category-a-la-une","tag-cohesion-dequipe","tag-performance-athletique","tag-resilience","tag-tournoi-des-6-nations","tag-xv-de-france","generate-columns","tablet-grid-50","mobile-grid-100","grid-parent","grid-25"],"acf":[],"yoast_head":"<!-- This site is optimized with the Yoast SEO Premium plugin v21.3 (Yoast SEO v26.5) - https:\/\/yoast.com\/wordpress\/plugins\/seo\/ -->\n<title>Les deux capitaines du XV de France : dupont et alldritt<\/title>\n<meta name=\"description\" content=\"Des r\u00eaves r\u00e9alis\u00e9s sous les projecteurs Antoine Dupont et Gr\u00e9gory Alldritt ont marqu\u00e9 l&#039;histoire du rugby en soulevant ensemble le troph\u00e9e du Tournoi des\u2026\" \/>\n<meta name=\"robots\" content=\"index, follow, max-snippet:-1, max-image-preview:large, max-video-preview:-1\" \/>\n<link rel=\"canonical\" href=\"https:\/\/sport-index.fr\/blog\/a-la-une\/les-deux-capitaines-du-xv-de-france-dupont-et-alldritt-une-victoire-symbolique-au-6-nations-2025\/\" \/>\n<meta property=\"og:locale\" content=\"fr_FR\" \/>\n<meta property=\"og:type\" content=\"article\" \/>\n<meta property=\"og:title\" content=\"Les deux capitaines du XV de France : dupont et alldritt\" \/>\n<meta property=\"og:description\" content=\"Des r\u00eaves r\u00e9alis\u00e9s sous les projecteurs Antoine Dupont et Gr\u00e9gory Alldritt ont marqu\u00e9 l&#039;histoire du rugby en soulevant ensemble le troph\u00e9e du Tournoi des\u2026\" \/>\n<meta property=\"og:url\" content=\"https:\/\/sport-index.fr\/blog\/a-la-une\/les-deux-capitaines-du-xv-de-france-dupont-et-alldritt-une-victoire-symbolique-au-6-nations-2025\/\" \/>\n<meta property=\"og:site_name\" content=\"sport-index\" \/>\n<meta name=\"author\" content=\"Axel Lauzier\" \/>\n<meta name=\"twitter:card\" content=\"summary_large_image\" \/>\n<script type=\"application\/ld+json\" class=\"yoast-schema-graph\">{\"@context\":\"https:\/\/schema.org\",\"@graph\":[{\"@type\":\"NewsArticle\",\"@id\":\"https:\/\/sport-index.fr\/blog\/a-la-une\/les-deux-capitaines-du-xv-de-france-dupont-et-alldritt-une-victoire-symbolique-au-6-nations-2025\/#article\",\"isPartOf\":{\"@id\":\"https:\/\/sport-index.fr\/blog\/a-la-une\/les-deux-capitaines-du-xv-de-france-dupont-et-alldritt-une-victoire-symbolique-au-6-nations-2025\/\"},\"author\":{\"name\":\"Axel Lauzier\",\"@id\":\"https:\/\/sport-index.fr\/blog\/#\/schema\/person\/3c864cdc320801e3db34b663e7e3f816\"},\"headline\":\"Les deux capitaines du XV de France : dupont et alldritt, une victoire symbolique au 6 Nations 2025\",\"datePublished\":\"2025-03-17T21:00:40+00:00\",\"mainEntityOfPage\":{\"@id\":\"https:\/\/sport-index.fr\/blog\/a-la-une\/les-deux-capitaines-du-xv-de-france-dupont-et-alldritt-une-victoire-symbolique-au-6-nations-2025\/\"},\"wordCount\":586,\"commentCount\":28,\"publisher\":{\"@id\":\"https:\/\/sport-index.fr\/blog\/#organization\"},\"image\":{\"@id\":\"https:\/\/sport-index.fr\/blog\/a-la-une\/les-deux-capitaines-du-xv-de-france-dupont-et-alldritt-une-victoire-symbolique-au-6-nations-2025\/#primaryimage\"},\"thumbnailUrl\":\"https:\/\/sport-index.fr\/blog\/wp-content\/uploads\/2025\/05\/sdxl-011f490f9df5ae10bda2ee9084b9f730-scaled.png\",\"keywords\":[\"Coh\u00e9sion d'\u00c9quipe\",\"Performance Athl\u00e9tique\",\"R\u00e9silience\",\"Tournoi des 6 Nations\",\"XV de France\"],\"articleSection\":[\"\u00c0 la une\"],\"inLanguage\":\"fr-FR\",\"potentialAction\":[{\"@type\":\"CommentAction\",\"name\":\"Comment\",\"target\":[\"https:\/\/sport-index.fr\/blog\/a-la-une\/les-deux-capitaines-du-xv-de-france-dupont-et-alldritt-une-victoire-symbolique-au-6-nations-2025\/#respond\"]}]},{\"@type\":\"WebPage\",\"@id\":\"https:\/\/sport-index.fr\/blog\/a-la-une\/les-deux-capitaines-du-xv-de-france-dupont-et-alldritt-une-victoire-symbolique-au-6-nations-2025\/\",\"url\":\"https:\/\/sport-index.fr\/blog\/a-la-une\/les-deux-capitaines-du-xv-de-france-dupont-et-alldritt-une-victoire-symbolique-au-6-nations-2025\/\",\"name\":\"Les deux capitaines du XV de France : dupont et alldritt\",\"isPartOf\":{\"@id\":\"https:\/\/sport-index.fr\/blog\/#website\"},\"primaryImageOfPage\":{\"@id\":\"https:\/\/sport-index.fr\/blog\/a-la-une\/les-deux-capitaines-du-xv-de-france-dupont-et-alldritt-une-victoire-symbolique-au-6-nations-2025\/#primaryimage\"},\"image\":{\"@id\":\"https:\/\/sport-index.fr\/blog\/a-la-une\/les-deux-capitaines-du-xv-de-france-dupont-et-alldritt-une-victoire-symbolique-au-6-nations-2025\/#primaryimage\"},\"thumbnailUrl\":\"https:\/\/sport-index.fr\/blog\/wp-content\/uploads\/2025\/05\/sdxl-011f490f9df5ae10bda2ee9084b9f730-scaled.png\",\"datePublished\":\"2025-03-17T21:00:40+00:00\",\"description\":\"Des r\u00eaves r\u00e9alis\u00e9s sous les projecteurs Antoine Dupont et Gr\u00e9gory Alldritt ont marqu\u00e9 l'histoire du rugby en soulevant ensemble le troph\u00e9e du Tournoi des\u2026\",\"inLanguage\":\"fr-FR\",\"potentialAction\":[{\"@type\":\"ReadAction\",\"target\":[\"https:\/\/sport-index.fr\/blog\/a-la-une\/les-deux-capitaines-du-xv-de-france-dupont-et-alldritt-une-victoire-symbolique-au-6-nations-2025\/\"]}]},{\"@type\":\"ImageObject\",\"inLanguage\":\"fr-FR\",\"@id\":\"https:\/\/sport-index.fr\/blog\/a-la-une\/les-deux-capitaines-du-xv-de-france-dupont-et-alldritt-une-victoire-symbolique-au-6-nations-2025\/#primaryimage\",\"url\":\"https:\/\/sport-index.fr\/blog\/wp-content\/uploads\/2025\/05\/sdxl-011f490f9df5ae10bda2ee9084b9f730-scaled.png\",\"contentUrl\":\"https:\/\/sport-index.fr\/blog\/wp-content\/uploads\/2025\/05\/sdxl-011f490f9df5ae10bda2ee9084b9f730-scaled.png\",\"width\":1200,\"height\":500},{\"@type\":\"WebSite\",\"@id\":\"https:\/\/sport-index.fr\/blog\/#website\",\"url\":\"https:\/\/sport-index.fr\/blog\/\",\"name\":\"sport-index.fr\",\"description\":\"Le score de l\u2019analyse sportive.\",\"publisher\":{\"@id\":\"https:\/\/sport-index.fr\/blog\/#organization\"},\"alternateName\":\"Le score de l\u2019analyse sportive.\",\"potentialAction\":[{\"@type\":\"SearchAction\",\"target\":{\"@type\":\"EntryPoint\",\"urlTemplate\":\"https:\/\/sport-index.fr\/blog\/?s={search_term_string}\"},\"query-input\":{\"@type\":\"PropertyValueSpecification\",\"valueRequired\":true,\"valueName\":\"search_term_string\"}}],\"inLanguage\":\"fr-FR\"},{\"@type\":\"Organization\",\"@id\":\"https:\/\/sport-index.fr\/blog\/#organization\",\"name\":\"Foretsensations.fr\",\"url\":\"https:\/\/sport-index.fr\/blog\/\",\"logo\":{\"@type\":\"ImageObject\",\"inLanguage\":\"fr-FR\",\"@id\":\"https:\/\/sport-index.fr\/blog\/#\/schema\/logo\/image\/\",\"url\":\"https:\/\/sport-index.fr\/blog\/wp-content\/uploads\/2026\/07\/logo-auto.png\",\"contentUrl\":\"https:\/\/sport-index.fr\/blog\/wp-content\/uploads\/2026\/07\/logo-auto.png\",\"width\":1024,\"height\":1024,\"caption\":\"Foretsensations.fr\"},\"image\":{\"@id\":\"https:\/\/sport-index.fr\/blog\/#\/schema\/logo\/image\/\"}},{\"@type\":\"Person\",\"@id\":\"https:\/\/sport-index.fr\/blog\/#\/schema\/person\/3c864cdc320801e3db34b663e7e3f816\",\"name\":\"Axel Lauzier\",\"image\":{\"@type\":\"ImageObject\",\"inLanguage\":\"fr-FR\",\"@id\":\"https:\/\/sport-index.fr\/blog\/#\/schema\/person\/image\/\",\"url\":\"https:\/\/sport-index.fr\/blog\/wp-content\/uploads\/2026\/06\/persona_axel-l-96x96.jpg\",\"contentUrl\":\"https:\/\/sport-index.fr\/blog\/wp-content\/uploads\/2026\/06\/persona_axel-l-96x96.jpg\",\"caption\":\"Axel Lauzier\"},\"description\":\"Le sport rythme mon quotidien depuis l'enfance, et j'en ai fait mon m\u00e9tier d'analyste r\u00e9dactionnel il y a une dizaine d'ann\u00e9es. Je couvre principalement le football, son actualit\u00e9, ses transferts et l'analyse tactique des grandes affiches, mais aussi les disciplines plus confidentielles que j'aime remettre en lumi\u00e8re. Une partie de mon travail porte sur les pronostics et la lecture statistique d'un match : forme des \u00e9quipes, historique des confrontations, compositions, sans jamais vendre de fausse certitude. Je rappelle syst\u00e9matiquement que parier comporte un risque et doit rester un loisir ma\u00eetris\u00e9. Avant de signer une analyse, je v\u00e9rifie mes chiffres, je recoupe les compositions probables et je distingue toujours la donn\u00e9e brute de l'intuition. Mon objectif : offrir une lecture honn\u00eate et argument\u00e9e, pas un ticket gagnant garanti.\",\"sameAs\":[\"https:\/\/axellauzier.fr\/\"],\"url\":\"https:\/\/sport-index.fr\/blog\/auteur\/noname\/\"}]}<\/script>\n<!-- \/ Yoast SEO Premium plugin. -->","yoast_head_json":{"title":"Les deux capitaines du XV de France : dupont et alldritt","description":"Des r\u00eaves r\u00e9alis\u00e9s sous les projecteurs Antoine Dupont et Gr\u00e9gory Alldritt ont marqu\u00e9 l'histoire du rugby en soulevant ensemble le troph\u00e9e du Tournoi des\u2026","robots":{"index":"index","follow":"follow","max-snippet":"max-snippet:-1","max-image-preview":"max-image-preview:large","max-video-preview":"max-video-preview:-1"},"canonical":"https:\/\/sport-index.fr\/blog\/a-la-une\/les-deux-capitaines-du-xv-de-france-dupont-et-alldritt-une-victoire-symbolique-au-6-nations-2025\/","og_locale":"fr_FR","og_type":"article","og_title":"Les deux capitaines du XV de France : dupont et alldritt","og_description":"Des r\u00eaves r\u00e9alis\u00e9s sous les projecteurs Antoine Dupont et Gr\u00e9gory Alldritt ont marqu\u00e9 l'histoire du rugby en soulevant ensemble le troph\u00e9e du Tournoi des\u2026","og_url":"https:\/\/sport-index.fr\/blog\/a-la-une\/les-deux-capitaines-du-xv-de-france-dupont-et-alldritt-une-victoire-symbolique-au-6-nations-2025\/","og_site_name":"sport-index","author":"Axel Lauzier","twitter_card":"summary_large_image","schema":{"@context":"https:\/\/schema.org","@graph":[{"@type":"NewsArticle","@id":"https:\/\/sport-index.fr\/blog\/a-la-une\/les-deux-capitaines-du-xv-de-france-dupont-et-alldritt-une-victoire-symbolique-au-6-nations-2025\/#article","isPartOf":{"@id":"https:\/\/sport-index.fr\/blog\/a-la-une\/les-deux-capitaines-du-xv-de-france-dupont-et-alldritt-une-victoire-symbolique-au-6-nations-2025\/"},"author":{"name":"Axel Lauzier","@id":"https:\/\/sport-index.fr\/blog\/#\/schema\/person\/3c864cdc320801e3db34b663e7e3f816"},"headline":"Les deux capitaines du XV de France : dupont et alldritt, une victoire symbolique au 6 Nations 2025","datePublished":"2025-03-17T21:00:40+00:00","mainEntityOfPage":{"@id":"https:\/\/sport-index.fr\/blog\/a-la-une\/les-deux-capitaines-du-xv-de-france-dupont-et-alldritt-une-victoire-symbolique-au-6-nations-2025\/"},"wordCount":586,"commentCount":28,"publisher":{"@id":"https:\/\/sport-index.fr\/blog\/#organization"},"image":{"@id":"https:\/\/sport-index.fr\/blog\/a-la-une\/les-deux-capitaines-du-xv-de-france-dupont-et-alldritt-une-victoire-symbolique-au-6-nations-2025\/#primaryimage"},"thumbnailUrl":"https:\/\/sport-index.fr\/blog\/wp-content\/uploads\/2025\/05\/sdxl-011f490f9df5ae10bda2ee9084b9f730-scaled.png","keywords":["Coh\u00e9sion d'\u00c9quipe","Performance Athl\u00e9tique","R\u00e9silience","Tournoi des 6 Nations","XV de France"],"articleSection":["\u00c0 la une"],"inLanguage":"fr-FR","potentialAction":[{"@type":"CommentAction","name":"Comment","target":["https:\/\/sport-index.fr\/blog\/a-la-une\/les-deux-capitaines-du-xv-de-france-dupont-et-alldritt-une-victoire-symbolique-au-6-nations-2025\/#respond"]}]},{"@type":"WebPage","@id":"https:\/\/sport-index.fr\/blog\/a-la-une\/les-deux-capitaines-du-xv-de-france-dupont-et-alldritt-une-victoire-symbolique-au-6-nations-2025\/","url":"https:\/\/sport-index.fr\/blog\/a-la-une\/les-deux-capitaines-du-xv-de-france-dupont-et-alldritt-une-victoire-symbolique-au-6-nations-2025\/","name":"Les deux capitaines du XV de France : dupont et alldritt","isPartOf":{"@id":"https:\/\/sport-index.fr\/blog\/#website"},"primaryImageOfPage":{"@id":"https:\/\/sport-index.fr\/blog\/a-la-une\/les-deux-capitaines-du-xv-de-france-dupont-et-alldritt-une-victoire-symbolique-au-6-nations-2025\/#primaryimage"},"image":{"@id":"https:\/\/sport-index.fr\/blog\/a-la-une\/les-deux-capitaines-du-xv-de-france-dupont-et-alldritt-une-victoire-symbolique-au-6-nations-2025\/#primaryimage"},"thumbnailUrl":"https:\/\/sport-index.fr\/blog\/wp-content\/uploads\/2025\/05\/sdxl-011f490f9df5ae10bda2ee9084b9f730-scaled.png","datePublished":"2025-03-17T21:00:40+00:00","description":"Des r\u00eaves r\u00e9alis\u00e9s sous les projecteurs Antoine Dupont et Gr\u00e9gory Alldritt ont marqu\u00e9 l'histoire du rugby en soulevant ensemble le troph\u00e9e du Tournoi des\u2026","inLanguage":"fr-FR","potentialAction":[{"@type":"ReadAction","target":["https:\/\/sport-index.fr\/blog\/a-la-une\/les-deux-capitaines-du-xv-de-france-dupont-et-alldritt-une-victoire-symbolique-au-6-nations-2025\/"]}]},{"@type":"ImageObject","inLanguage":"fr-FR","@id":"https:\/\/sport-index.fr\/blog\/a-la-une\/les-deux-capitaines-du-xv-de-france-dupont-et-alldritt-une-victoire-symbolique-au-6-nations-2025\/#primaryimage","url":"https:\/\/sport-index.fr\/blog\/wp-content\/uploads\/2025\/05\/sdxl-011f490f9df5ae10bda2ee9084b9f730-scaled.png","contentUrl":"https:\/\/sport-index.fr\/blog\/wp-content\/uploads\/2025\/05\/sdxl-011f490f9df5ae10bda2ee9084b9f730-scaled.png","width":1200,"height":500},{"@type":"WebSite","@id":"https:\/\/sport-index.fr\/blog\/#website","url":"https:\/\/sport-index.fr\/blog\/","name":"sport-index.fr","description":"Le score de l\u2019analyse sportive.","publisher":{"@id":"https:\/\/sport-index.fr\/blog\/#organization"},"alternateName":"Le score de l\u2019analyse sportive.","potentialAction":[{"@type":"SearchAction","target":{"@type":"EntryPoint","urlTemplate":"https:\/\/sport-index.fr\/blog\/?s={search_term_string}"},"query-input":{"@type":"PropertyValueSpecification","valueRequired":true,"valueName":"search_term_string"}}],"inLanguage":"fr-FR"},{"@type":"Organization","@id":"https:\/\/sport-index.fr\/blog\/#organization","name":"Foretsensations.fr","url":"https:\/\/sport-index.fr\/blog\/","logo":{"@type":"ImageObject","inLanguage":"fr-FR","@id":"https:\/\/sport-index.fr\/blog\/#\/schema\/logo\/image\/","url":"https:\/\/sport-index.fr\/blog\/wp-content\/uploads\/2026\/07\/logo-auto.png","contentUrl":"https:\/\/sport-index.fr\/blog\/wp-content\/uploads\/2026\/07\/logo-auto.png","width":1024,"height":1024,"caption":"Foretsensations.fr"},"image":{"@id":"https:\/\/sport-index.fr\/blog\/#\/schema\/logo\/image\/"}},{"@type":"Person","@id":"https:\/\/sport-index.fr\/blog\/#\/schema\/person\/3c864cdc320801e3db34b663e7e3f816","name":"Axel Lauzier","image":{"@type":"ImageObject","inLanguage":"fr-FR","@id":"https:\/\/sport-index.fr\/blog\/#\/schema\/person\/image\/","url":"https:\/\/sport-index.fr\/blog\/wp-content\/uploads\/2026\/06\/persona_axel-l-96x96.jpg","contentUrl":"https:\/\/sport-index.fr\/blog\/wp-content\/uploads\/2026\/06\/persona_axel-l-96x96.jpg","caption":"Axel Lauzier"},"description":"Le sport rythme mon quotidien depuis l'enfance, et j'en ai fait mon m\u00e9tier d'analyste r\u00e9dactionnel il y a une dizaine d'ann\u00e9es. Je couvre principalement le football, son actualit\u00e9, ses transferts et l'analyse tactique des grandes affiches, mais aussi les disciplines plus confidentielles que j'aime remettre en lumi\u00e8re. Une partie de mon travail porte sur les pronostics et la lecture statistique d'un match : forme des \u00e9quipes, historique des confrontations, compositions, sans jamais vendre de fausse certitude. Je rappelle syst\u00e9matiquement que parier comporte un risque et doit rester un loisir ma\u00eetris\u00e9. Avant de signer une analyse, je v\u00e9rifie mes chiffres, je recoupe les compositions probables et je distingue toujours la donn\u00e9e brute de l'intuition. Mon objectif : offrir une lecture honn\u00eate et argument\u00e9e, pas un ticket gagnant garanti.","sameAs":["https:\/\/axellauzier.fr\/"],"url":"https:\/\/sport-index.fr\/blog\/auteur\/noname\/"}]}},"_links":{"self":[{"href":"https:\/\/sport-index.fr\/blog\/wp-json\/wp\/v2\/posts\/12150","targetHints":{"allow":["GET"]}}],"collection":[{"href":"https:\/\/sport-index.fr\/blog\/wp-json\/wp\/v2\/posts"}],"about":[{"href":"https:\/\/sport-index.fr\/blog\/wp-json\/wp\/v2\/types\/post"}],"author":[{"embeddable":true,"href":"https:\/\/sport-index.fr\/blog\/wp-json\/wp\/v2\/users\/34"}],"replies":[{"embeddable":true,"href":"https:\/\/sport-index.fr\/blog\/wp-json\/wp\/v2\/comments?post=12150"}],"version-history":[{"count":1,"href":"https:\/\/sport-index.fr\/blog\/wp-json\/wp\/v2\/posts\/12150\/revisions"}],"predecessor-version":[{"id":12156,"href":"https:\/\/sport-index.fr\/blog\/wp-json\/wp\/v2\/posts\/12150\/revisions\/12156"}],"wp:featuredmedia":[{"embeddable":true,"href":"https:\/\/sport-index.fr\/blog\/wp-json\/wp\/v2\/media\/15583"}],"wp:attachment":[{"href":"https:\/\/sport-index.fr\/blog\/wp-json\/wp\/v2\/media?parent=12150"}],"wp:term":[{"taxonomy":"category","embeddable":true,"href":"https:\/\/sport-index.fr\/blog\/wp-json\/wp\/v2\/categories?post=12150"},{"taxonomy":"post_tag","embeddable":true,"href":"https:\/\/sport-index.fr\/blog\/wp-json\/wp\/v2\/tags?post=12150"}],"curies":[{"name":"wp","href":"https:\/\/api.w.org\/{rel}","templated":true}]}}