{"id":12200,"date":"2025-03-18T15:48:05","date_gmt":"2025-03-18T14:48:05","guid":{"rendered":"https:\/\/sport-index.fr\/blog\/a-la-une\/les-internationaux-francais-du-stade-toulousain-absents-contre-lubb-une-equipe-remaniee\/"},"modified":"2025-03-18T15:47:23","modified_gmt":"2025-03-18T14:47:23","slug":"les-internationaux-francais-du-stade-toulousain-absents-contre-lubb-une-equipe-remaniee","status":"publish","type":"post","link":"https:\/\/sport-index.fr\/blog\/a-la-une\/les-internationaux-francais-du-stade-toulousain-absents-contre-lubb-une-equipe-remaniee\/","title":{"rendered":"les internationaux fran\u00e7ais du stade toulousain absents contre l&rsquo;ubb : une \u00e9quipe remani\u00e9e"},"content":{"rendered":"<h2>Un d\u00e9placement d\u00e9cisif sans les stars<\/h2>\n<p>Des joueurs cl\u00e9s comme Thomas Ramos, Romain Ntamack et Fran\u00e7ois Cros seront absents, laissant la formation remani\u00e9e pour ce choc de la Top 14. L&rsquo;absence de ces talents laisse un vide significatif tant sur le plan sportif que psychologique.<\/p>\n<p>La liste des absents est impressionnante, avec treize joueurs sacr\u00e9s avec le XV de France qui ne prendront pas part \u00e0 cette rencontre. En plus des habitu\u00e9s, Pierre-Louis Barassi, touch\u00e9 \u00e0 la t\u00eate, et Antoine Dupont, victime d&rsquo;une grave blessure, renforcent l&rsquo;absence de l&rsquo;\u00e9quipe. Ces \u00e9v\u00e9nements soul\u00e8vent des questions sur l&rsquo;avenir imm\u00e9diat du Stade toulousain dans la comp\u00e9tition.<\/p>\n<h2>Des rempla\u00e7ants pr\u00eats \u00e0 relever le d\u00e9fi<\/h2>\n<p>Malgr\u00e9 l&rsquo;absence de plusieurs stars, le Stade toulousain peut compter sur des joueurs qui ont l&rsquo;opportunit\u00e9 de briller sous les projecteurs. Joshua Brennan, qui a \u00e9t\u00e9 r\u00e9guli\u00e8rement s\u00e9lectionn\u00e9 par Fabien Galthi\u00e9, sera pr\u00e9sent et pr\u00eat \u00e0 saisir sa chance. Son engagement et ses performances pourraient \u00eatre d\u00e9terminants pour compenser le manque de joueurs exp\u00e9riment\u00e9s.<\/p>\n<p>De plus, Paul Costes, qui se remet d&rsquo;une blessure au genou, ne pourra pas participer, mais d&rsquo;autres jeunes talents, comme Sialevailea Tolofua ou Simon Daroque, sont en pleine forme. Ces jeunes joueurs ont le potentiel pour surprendre et apporter une nouvelle dynamique \u00e0 l&rsquo;\u00e9quipe, malgr\u00e9 le contexte difficile.<\/p>\n<p><iframe loading=\"lazy\" title=\"Rugby - Top 14 - Top 14 (9e journ\u00e9e) : Toulouse miracul\u00e9 face \u00e0 Bordeaux-B\u00e8gles\" width=\"1200\" height=\"675\" src=\"https:\/\/www.youtube.com\/embed\/0eY7eNoNCs8?feature=oembed\" frameborder=\"0\" allow=\"accelerometer; autoplay; clipboard-write; encrypted-media; gyroscope; picture-in-picture; web-share\" referrerpolicy=\"strict-origin-when-cross-origin\" allowfullscreen><\/iframe><\/p>\n<h2>Un retour attendu et des espoirs pour l&rsquo;avenir<\/h2>\n<p>Le staff toulousain esp\u00e8re un retour rapide de ses internationaux pour la r\u00e9ception de la Section paloise le 29 mars prochain. Leurs performances lors du Tournoi des 6 Nations ont \u00e9t\u00e9 encourageantes, et leur retour pourrait \u00eatre crucial pour les prochaines \u00e9tapes de la saison. Les fans attendent avec impatience de revoir leurs idoles sur le terrain.<\/p>\n<p>La situation actuelle met en lumi\u00e8re les d\u00e9fis auxquels sont confront\u00e9s les clubs de rugby, notamment les blessures et les absences prolong\u00e9es de joueurs cl\u00e9s. Cela souligne l&rsquo;importance des rempla\u00e7ants qui, comme l&rsquo;a dit un entra\u00eeneur c\u00e9l\u00e8bre, \u00ab\u00a0<\/p>\n<blockquote><p>Chaque joueur doit \u00eatre pr\u00eat \u00e0 entrer en jeu et \u00e0 donner le meilleur de lui-m\u00eame.<\/p><\/blockquote>\n<p>\u00a0\u00bb Le Stade toulousain devra donc s&rsquo;appuyer sur ses jeunes talents pour continuer \u00e0 avancer dans la comp\u00e9tition.<\/p>\n<ul>\n<li>Absences notables : Thomas Ramos, Romain Ntamack, Fran\u00e7ois Cros<\/li>\n<li>Rempla\u00e7ants prometteurs : Joshua Brennan, Sialevailea Tolofua<\/li>\n<li>Retour pr\u00e9vu : 29 mars contre la Section paloise<\/li>\n<li>Performances encourageantes lors du Tournoi des 6 Nations<\/li>\n<li>D\u00e9fis li\u00e9s aux blessures et \u00e0 la profondeur de l&rsquo;\u00e9quipe<\/li>\n<\/ul>\n","protected":false},"excerpt":{"rendered":"","protected":false},"author":34,"featured_media":15570,"comment_status":"open","ping_status":"open","sticky":false,"template":"","format":"standard","meta":{"_acf_changed":false,"manual_indexmenow":false,"indexmenow_id_project":0,"footnotes":""},"categories":[1],"tags":[4745,4561,4543,4539,4554],"class_list":["post-12200","post","type-post","status-publish","format-standard","has-post-thumbnail","hentry","category-a-la-une","tag-competition","tag-gestion-des-talents","tag-performance","tag-top-14","tag-xv-de-france","generate-columns","tablet-grid-50","mobile-grid-100","grid-parent","grid-25"],"acf":[],"yoast_head":"<!-- This site is optimized with the Yoast SEO Premium plugin v21.3 (Yoast SEO v26.5) - https:\/\/yoast.com\/wordpress\/plugins\/seo\/ -->\n<title>les internationaux fran\u00e7ais du stade toulousain absents<\/title>\n<meta name=\"description\" content=\"Un d\u00e9placement d\u00e9cisif sans les stars Des joueurs cl\u00e9s comme Thomas Ramos, Romain Ntamack et Fran\u00e7ois Cros seront absents, laissant la formation remani\u00e9e\u2026\" \/>\n<meta name=\"robots\" content=\"index, follow, max-snippet:-1, max-image-preview:large, max-video-preview:-1\" \/>\n<link rel=\"canonical\" href=\"https:\/\/sport-index.fr\/blog\/a-la-une\/les-internationaux-francais-du-stade-toulousain-absents-contre-lubb-une-equipe-remaniee\/\" \/>\n<meta property=\"og:locale\" content=\"fr_FR\" \/>\n<meta property=\"og:type\" content=\"article\" \/>\n<meta property=\"og:title\" content=\"les internationaux fran\u00e7ais du stade toulousain absents\" \/>\n<meta property=\"og:description\" content=\"Un d\u00e9placement d\u00e9cisif sans les stars Des joueurs cl\u00e9s comme Thomas Ramos, Romain Ntamack et Fran\u00e7ois Cros seront absents, laissant la formation remani\u00e9e\u2026\" \/>\n<meta property=\"og:url\" content=\"https:\/\/sport-index.fr\/blog\/a-la-une\/les-internationaux-francais-du-stade-toulousain-absents-contre-lubb-une-equipe-remaniee\/\" \/>\n<meta property=\"og:site_name\" content=\"sport-index\" \/>\n<meta name=\"author\" content=\"Axel Lauzier\" \/>\n<meta name=\"twitter:card\" content=\"summary_large_image\" \/>\n<script type=\"application\/ld+json\" class=\"yoast-schema-graph\">{\"@context\":\"https:\/\/schema.org\",\"@graph\":[{\"@type\":\"NewsArticle\",\"@id\":\"https:\/\/sport-index.fr\/blog\/a-la-une\/les-internationaux-francais-du-stade-toulousain-absents-contre-lubb-une-equipe-remaniee\/#article\",\"isPartOf\":{\"@id\":\"https:\/\/sport-index.fr\/blog\/a-la-une\/les-internationaux-francais-du-stade-toulousain-absents-contre-lubb-une-equipe-remaniee\/\"},\"author\":{\"name\":\"Axel Lauzier\",\"@id\":\"https:\/\/sport-index.fr\/blog\/#\/schema\/person\/3c864cdc320801e3db34b663e7e3f816\"},\"headline\":\"les internationaux fran\u00e7ais du stade toulousain absents contre l&rsquo;ubb : une \u00e9quipe remani\u00e9e\",\"datePublished\":\"2025-03-18T14:48:05+00:00\",\"mainEntityOfPage\":{\"@id\":\"https:\/\/sport-index.fr\/blog\/a-la-une\/les-internationaux-francais-du-stade-toulousain-absents-contre-lubb-une-equipe-remaniee\/\"},\"wordCount\":450,\"commentCount\":23,\"publisher\":{\"@id\":\"https:\/\/sport-index.fr\/blog\/#organization\"},\"image\":{\"@id\":\"https:\/\/sport-index.fr\/blog\/a-la-une\/les-internationaux-francais-du-stade-toulousain-absents-contre-lubb-une-equipe-remaniee\/#primaryimage\"},\"thumbnailUrl\":\"https:\/\/sport-index.fr\/blog\/wp-content\/uploads\/2025\/05\/sdxl-553f8d12a49e3f358667277bbf88911f-scaled.png\",\"keywords\":[\"Comp\u00e9tition\",\"Gestion des Talents\",\"Performance\",\"Top 14\",\"XV de France\"],\"articleSection\":[\"\u00c0 la une\"],\"inLanguage\":\"fr-FR\",\"potentialAction\":[{\"@type\":\"CommentAction\",\"name\":\"Comment\",\"target\":[\"https:\/\/sport-index.fr\/blog\/a-la-une\/les-internationaux-francais-du-stade-toulousain-absents-contre-lubb-une-equipe-remaniee\/#respond\"]}]},{\"@type\":\"WebPage\",\"@id\":\"https:\/\/sport-index.fr\/blog\/a-la-une\/les-internationaux-francais-du-stade-toulousain-absents-contre-lubb-une-equipe-remaniee\/\",\"url\":\"https:\/\/sport-index.fr\/blog\/a-la-une\/les-internationaux-francais-du-stade-toulousain-absents-contre-lubb-une-equipe-remaniee\/\",\"name\":\"les internationaux fran\u00e7ais du stade toulousain absents\",\"isPartOf\":{\"@id\":\"https:\/\/sport-index.fr\/blog\/#website\"},\"primaryImageOfPage\":{\"@id\":\"https:\/\/sport-index.fr\/blog\/a-la-une\/les-internationaux-francais-du-stade-toulousain-absents-contre-lubb-une-equipe-remaniee\/#primaryimage\"},\"image\":{\"@id\":\"https:\/\/sport-index.fr\/blog\/a-la-une\/les-internationaux-francais-du-stade-toulousain-absents-contre-lubb-une-equipe-remaniee\/#primaryimage\"},\"thumbnailUrl\":\"https:\/\/sport-index.fr\/blog\/wp-content\/uploads\/2025\/05\/sdxl-553f8d12a49e3f358667277bbf88911f-scaled.png\",\"datePublished\":\"2025-03-18T14:48:05+00:00\",\"description\":\"Un d\u00e9placement d\u00e9cisif sans les stars Des joueurs cl\u00e9s comme Thomas Ramos, Romain Ntamack et Fran\u00e7ois Cros seront absents, laissant la formation remani\u00e9e\u2026\",\"inLanguage\":\"fr-FR\",\"potentialAction\":[{\"@type\":\"ReadAction\",\"target\":[\"https:\/\/sport-index.fr\/blog\/a-la-une\/les-internationaux-francais-du-stade-toulousain-absents-contre-lubb-une-equipe-remaniee\/\"]}]},{\"@type\":\"ImageObject\",\"inLanguage\":\"fr-FR\",\"@id\":\"https:\/\/sport-index.fr\/blog\/a-la-une\/les-internationaux-francais-du-stade-toulousain-absents-contre-lubb-une-equipe-remaniee\/#primaryimage\",\"url\":\"https:\/\/sport-index.fr\/blog\/wp-content\/uploads\/2025\/05\/sdxl-553f8d12a49e3f358667277bbf88911f-scaled.png\",\"contentUrl\":\"https:\/\/sport-index.fr\/blog\/wp-content\/uploads\/2025\/05\/sdxl-553f8d12a49e3f358667277bbf88911f-scaled.png\",\"width\":1200,\"height\":500},{\"@type\":\"WebSite\",\"@id\":\"https:\/\/sport-index.fr\/blog\/#website\",\"url\":\"https:\/\/sport-index.fr\/blog\/\",\"name\":\"sport-index.fr\",\"description\":\"Le score de l\u2019analyse sportive.\",\"publisher\":{\"@id\":\"https:\/\/sport-index.fr\/blog\/#organization\"},\"alternateName\":\"Le score de l\u2019analyse sportive.\",\"potentialAction\":[{\"@type\":\"SearchAction\",\"target\":{\"@type\":\"EntryPoint\",\"urlTemplate\":\"https:\/\/sport-index.fr\/blog\/?s={search_term_string}\"},\"query-input\":{\"@type\":\"PropertyValueSpecification\",\"valueRequired\":true,\"valueName\":\"search_term_string\"}}],\"inLanguage\":\"fr-FR\"},{\"@type\":\"Organization\",\"@id\":\"https:\/\/sport-index.fr\/blog\/#organization\",\"name\":\"Foretsensations.fr\",\"url\":\"https:\/\/sport-index.fr\/blog\/\",\"logo\":{\"@type\":\"ImageObject\",\"inLanguage\":\"fr-FR\",\"@id\":\"https:\/\/sport-index.fr\/blog\/#\/schema\/logo\/image\/\",\"url\":\"https:\/\/sport-index.fr\/blog\/wp-content\/uploads\/2026\/07\/logo-auto.png\",\"contentUrl\":\"https:\/\/sport-index.fr\/blog\/wp-content\/uploads\/2026\/07\/logo-auto.png\",\"width\":1024,\"height\":1024,\"caption\":\"Foretsensations.fr\"},\"image\":{\"@id\":\"https:\/\/sport-index.fr\/blog\/#\/schema\/logo\/image\/\"}},{\"@type\":\"Person\",\"@id\":\"https:\/\/sport-index.fr\/blog\/#\/schema\/person\/3c864cdc320801e3db34b663e7e3f816\",\"name\":\"Axel Lauzier\",\"image\":{\"@type\":\"ImageObject\",\"inLanguage\":\"fr-FR\",\"@id\":\"https:\/\/sport-index.fr\/blog\/#\/schema\/person\/image\/\",\"url\":\"https:\/\/sport-index.fr\/blog\/wp-content\/uploads\/2026\/06\/persona_axel-l-96x96.jpg\",\"contentUrl\":\"https:\/\/sport-index.fr\/blog\/wp-content\/uploads\/2026\/06\/persona_axel-l-96x96.jpg\",\"caption\":\"Axel Lauzier\"},\"description\":\"Le sport rythme mon quotidien depuis l'enfance, et j'en ai fait mon m\u00e9tier d'analyste r\u00e9dactionnel il y a une dizaine d'ann\u00e9es. Je couvre principalement le football, son actualit\u00e9, ses transferts et l'analyse tactique des grandes affiches, mais aussi les disciplines plus confidentielles que j'aime remettre en lumi\u00e8re. Une partie de mon travail porte sur les pronostics et la lecture statistique d'un match : forme des \u00e9quipes, historique des confrontations, compositions, sans jamais vendre de fausse certitude. Je rappelle syst\u00e9matiquement que parier comporte un risque et doit rester un loisir ma\u00eetris\u00e9. Avant de signer une analyse, je v\u00e9rifie mes chiffres, je recoupe les compositions probables et je distingue toujours la donn\u00e9e brute de l'intuition. Mon objectif : offrir une lecture honn\u00eate et argument\u00e9e, pas un ticket gagnant garanti.\",\"sameAs\":[\"https:\/\/axellauzier.fr\/\"],\"url\":\"https:\/\/sport-index.fr\/blog\/auteur\/noname\/\"}]}<\/script>\n<!-- \/ Yoast SEO Premium plugin. -->","yoast_head_json":{"title":"les internationaux fran\u00e7ais du stade toulousain absents","description":"Un d\u00e9placement d\u00e9cisif sans les stars Des joueurs cl\u00e9s comme Thomas Ramos, Romain Ntamack et Fran\u00e7ois Cros seront absents, laissant la formation remani\u00e9e\u2026","robots":{"index":"index","follow":"follow","max-snippet":"max-snippet:-1","max-image-preview":"max-image-preview:large","max-video-preview":"max-video-preview:-1"},"canonical":"https:\/\/sport-index.fr\/blog\/a-la-une\/les-internationaux-francais-du-stade-toulousain-absents-contre-lubb-une-equipe-remaniee\/","og_locale":"fr_FR","og_type":"article","og_title":"les internationaux fran\u00e7ais du stade toulousain absents","og_description":"Un d\u00e9placement d\u00e9cisif sans les stars Des joueurs cl\u00e9s comme Thomas Ramos, Romain Ntamack et Fran\u00e7ois Cros seront absents, laissant la formation remani\u00e9e\u2026","og_url":"https:\/\/sport-index.fr\/blog\/a-la-une\/les-internationaux-francais-du-stade-toulousain-absents-contre-lubb-une-equipe-remaniee\/","og_site_name":"sport-index","author":"Axel Lauzier","twitter_card":"summary_large_image","schema":{"@context":"https:\/\/schema.org","@graph":[{"@type":"NewsArticle","@id":"https:\/\/sport-index.fr\/blog\/a-la-une\/les-internationaux-francais-du-stade-toulousain-absents-contre-lubb-une-equipe-remaniee\/#article","isPartOf":{"@id":"https:\/\/sport-index.fr\/blog\/a-la-une\/les-internationaux-francais-du-stade-toulousain-absents-contre-lubb-une-equipe-remaniee\/"},"author":{"name":"Axel Lauzier","@id":"https:\/\/sport-index.fr\/blog\/#\/schema\/person\/3c864cdc320801e3db34b663e7e3f816"},"headline":"les internationaux fran\u00e7ais du stade toulousain absents contre l&rsquo;ubb : une \u00e9quipe remani\u00e9e","datePublished":"2025-03-18T14:48:05+00:00","mainEntityOfPage":{"@id":"https:\/\/sport-index.fr\/blog\/a-la-une\/les-internationaux-francais-du-stade-toulousain-absents-contre-lubb-une-equipe-remaniee\/"},"wordCount":450,"commentCount":23,"publisher":{"@id":"https:\/\/sport-index.fr\/blog\/#organization"},"image":{"@id":"https:\/\/sport-index.fr\/blog\/a-la-une\/les-internationaux-francais-du-stade-toulousain-absents-contre-lubb-une-equipe-remaniee\/#primaryimage"},"thumbnailUrl":"https:\/\/sport-index.fr\/blog\/wp-content\/uploads\/2025\/05\/sdxl-553f8d12a49e3f358667277bbf88911f-scaled.png","keywords":["Comp\u00e9tition","Gestion des Talents","Performance","Top 14","XV de France"],"articleSection":["\u00c0 la une"],"inLanguage":"fr-FR","potentialAction":[{"@type":"CommentAction","name":"Comment","target":["https:\/\/sport-index.fr\/blog\/a-la-une\/les-internationaux-francais-du-stade-toulousain-absents-contre-lubb-une-equipe-remaniee\/#respond"]}]},{"@type":"WebPage","@id":"https:\/\/sport-index.fr\/blog\/a-la-une\/les-internationaux-francais-du-stade-toulousain-absents-contre-lubb-une-equipe-remaniee\/","url":"https:\/\/sport-index.fr\/blog\/a-la-une\/les-internationaux-francais-du-stade-toulousain-absents-contre-lubb-une-equipe-remaniee\/","name":"les internationaux fran\u00e7ais du stade toulousain absents","isPartOf":{"@id":"https:\/\/sport-index.fr\/blog\/#website"},"primaryImageOfPage":{"@id":"https:\/\/sport-index.fr\/blog\/a-la-une\/les-internationaux-francais-du-stade-toulousain-absents-contre-lubb-une-equipe-remaniee\/#primaryimage"},"image":{"@id":"https:\/\/sport-index.fr\/blog\/a-la-une\/les-internationaux-francais-du-stade-toulousain-absents-contre-lubb-une-equipe-remaniee\/#primaryimage"},"thumbnailUrl":"https:\/\/sport-index.fr\/blog\/wp-content\/uploads\/2025\/05\/sdxl-553f8d12a49e3f358667277bbf88911f-scaled.png","datePublished":"2025-03-18T14:48:05+00:00","description":"Un d\u00e9placement d\u00e9cisif sans les stars Des joueurs cl\u00e9s comme Thomas Ramos, Romain Ntamack et Fran\u00e7ois Cros seront absents, laissant la formation remani\u00e9e\u2026","inLanguage":"fr-FR","potentialAction":[{"@type":"ReadAction","target":["https:\/\/sport-index.fr\/blog\/a-la-une\/les-internationaux-francais-du-stade-toulousain-absents-contre-lubb-une-equipe-remaniee\/"]}]},{"@type":"ImageObject","inLanguage":"fr-FR","@id":"https:\/\/sport-index.fr\/blog\/a-la-une\/les-internationaux-francais-du-stade-toulousain-absents-contre-lubb-une-equipe-remaniee\/#primaryimage","url":"https:\/\/sport-index.fr\/blog\/wp-content\/uploads\/2025\/05\/sdxl-553f8d12a49e3f358667277bbf88911f-scaled.png","contentUrl":"https:\/\/sport-index.fr\/blog\/wp-content\/uploads\/2025\/05\/sdxl-553f8d12a49e3f358667277bbf88911f-scaled.png","width":1200,"height":500},{"@type":"WebSite","@id":"https:\/\/sport-index.fr\/blog\/#website","url":"https:\/\/sport-index.fr\/blog\/","name":"sport-index.fr","description":"Le score de l\u2019analyse sportive.","publisher":{"@id":"https:\/\/sport-index.fr\/blog\/#organization"},"alternateName":"Le score de l\u2019analyse sportive.","potentialAction":[{"@type":"SearchAction","target":{"@type":"EntryPoint","urlTemplate":"https:\/\/sport-index.fr\/blog\/?s={search_term_string}"},"query-input":{"@type":"PropertyValueSpecification","valueRequired":true,"valueName":"search_term_string"}}],"inLanguage":"fr-FR"},{"@type":"Organization","@id":"https:\/\/sport-index.fr\/blog\/#organization","name":"Foretsensations.fr","url":"https:\/\/sport-index.fr\/blog\/","logo":{"@type":"ImageObject","inLanguage":"fr-FR","@id":"https:\/\/sport-index.fr\/blog\/#\/schema\/logo\/image\/","url":"https:\/\/sport-index.fr\/blog\/wp-content\/uploads\/2026\/07\/logo-auto.png","contentUrl":"https:\/\/sport-index.fr\/blog\/wp-content\/uploads\/2026\/07\/logo-auto.png","width":1024,"height":1024,"caption":"Foretsensations.fr"},"image":{"@id":"https:\/\/sport-index.fr\/blog\/#\/schema\/logo\/image\/"}},{"@type":"Person","@id":"https:\/\/sport-index.fr\/blog\/#\/schema\/person\/3c864cdc320801e3db34b663e7e3f816","name":"Axel Lauzier","image":{"@type":"ImageObject","inLanguage":"fr-FR","@id":"https:\/\/sport-index.fr\/blog\/#\/schema\/person\/image\/","url":"https:\/\/sport-index.fr\/blog\/wp-content\/uploads\/2026\/06\/persona_axel-l-96x96.jpg","contentUrl":"https:\/\/sport-index.fr\/blog\/wp-content\/uploads\/2026\/06\/persona_axel-l-96x96.jpg","caption":"Axel Lauzier"},"description":"Le sport rythme mon quotidien depuis l'enfance, et j'en ai fait mon m\u00e9tier d'analyste r\u00e9dactionnel il y a une dizaine d'ann\u00e9es. Je couvre principalement le football, son actualit\u00e9, ses transferts et l'analyse tactique des grandes affiches, mais aussi les disciplines plus confidentielles que j'aime remettre en lumi\u00e8re. Une partie de mon travail porte sur les pronostics et la lecture statistique d'un match : forme des \u00e9quipes, historique des confrontations, compositions, sans jamais vendre de fausse certitude. Je rappelle syst\u00e9matiquement que parier comporte un risque et doit rester un loisir ma\u00eetris\u00e9. Avant de signer une analyse, je v\u00e9rifie mes chiffres, je recoupe les compositions probables et je distingue toujours la donn\u00e9e brute de l'intuition. Mon objectif : offrir une lecture honn\u00eate et argument\u00e9e, pas un ticket gagnant garanti.","sameAs":["https:\/\/axellauzier.fr\/"],"url":"https:\/\/sport-index.fr\/blog\/auteur\/noname\/"}]}},"_links":{"self":[{"href":"https:\/\/sport-index.fr\/blog\/wp-json\/wp\/v2\/posts\/12200","targetHints":{"allow":["GET"]}}],"collection":[{"href":"https:\/\/sport-index.fr\/blog\/wp-json\/wp\/v2\/posts"}],"about":[{"href":"https:\/\/sport-index.fr\/blog\/wp-json\/wp\/v2\/types\/post"}],"author":[{"embeddable":true,"href":"https:\/\/sport-index.fr\/blog\/wp-json\/wp\/v2\/users\/34"}],"replies":[{"embeddable":true,"href":"https:\/\/sport-index.fr\/blog\/wp-json\/wp\/v2\/comments?post=12200"}],"version-history":[{"count":0,"href":"https:\/\/sport-index.fr\/blog\/wp-json\/wp\/v2\/posts\/12200\/revisions"}],"wp:featuredmedia":[{"embeddable":true,"href":"https:\/\/sport-index.fr\/blog\/wp-json\/wp\/v2\/media\/15570"}],"wp:attachment":[{"href":"https:\/\/sport-index.fr\/blog\/wp-json\/wp\/v2\/media?parent=12200"}],"wp:term":[{"taxonomy":"category","embeddable":true,"href":"https:\/\/sport-index.fr\/blog\/wp-json\/wp\/v2\/categories?post=12200"},{"taxonomy":"post_tag","embeddable":true,"href":"https:\/\/sport-index.fr\/blog\/wp-json\/wp\/v2\/tags?post=12200"}],"curies":[{"name":"wp","href":"https:\/\/api.w.org\/{rel}","templated":true}]}}