{"id":12205,"date":"2026-09-02T07:07:13","date_gmt":"2026-09-02T05:07:13","guid":{"rendered":"https:\/\/sport-index.fr\/blog\/?p=12205"},"modified":"2026-09-02T07:08:08","modified_gmt":"2026-09-02T05:08:08","slug":"brive-renforce-son-equipe-avec-des-talents-prometteurs-pour-la-saison-prochaine","status":"publish","type":"post","link":"https:\/\/sport-index.fr\/blog\/a-la-une\/brive-renforce-son-equipe-avec-des-talents-prometteurs-pour-la-saison-prochaine\/","title":{"rendered":"Brive a renforc\u00e9 son \u00e9quipe avec des recrues pour la saison 2025-2026"},"content":{"rendered":"<p>Parmi eux, le demi de m\u00eal\u00e9e irlandais John Cooney, qui a rejoint le club pour la saison 2025-2026. Au total, quatorze joueurs ont rejoint l&rsquo;effectif briviste \u00e0 l&rsquo;intersaison, John Cooney inclus, pour \u00e9voluer avec le CA Brive, qui n&rsquo;a pas obtenu de mont\u00e9e en Top 14 et a disput\u00e9 la saison 2025-2026 en Pro D2.<\/p>\n<p><em>Recrutement annonc\u00e9 le 18 mars 2025 pour la saison 2025-2026 \u00b7 article rev\u00e9rifi\u00e9 le 2 septembre 2026.<\/em><\/p>\n<blockquote>\n<p lang=\"fr\" dir=\"ltr\">Une journ\u00e9e pas tout \u00e0 fait comme les autres&#8230;Quand l&rsquo;illusion devient r\u00e9alit\u00e9 \ud83c\udf1f\u26ab\u26aa<\/p>\n<p>\ud83d\udd17 https:\/\/t.co\/d6ZjnJjuXP pic.twitter.com\/1hsCQ36CLt<\/p>\n<p>\u2014 CA Brive Rugby (@CABCLRUGBY) March 18, 2025<\/p><\/blockquote>\n<p>John Cooney, demi de m\u00eal\u00e9e de l\u2019Ulster, a apport\u00e9 son exp\u00e9rience au club. Avec ses onze s\u00e9lections internationales avec le XV du Tr\u00e8fle, il a eu un r\u00f4le important, rempla\u00e7ant L\u00e9o Carbonneau, qui s&rsquo;est engag\u00e9 au Racing 92. Cooney, reconnu pour son excellent jeu au pied et sa vision du jeu, a \u00e9volu\u00e9 \u00e0 la charni\u00e8re aux c\u00f4t\u00e9s de Jamie Shillcock, un autre joueur cl\u00e9 arriv\u00e9 de Leicester.<\/p>\n<h2>Des renforts de choix pour Brive<\/h2>\n<p>Le recrutement ne s&rsquo;est pas arr\u00eat\u00e9 \u00e0 John Cooney. Le club a \u00e9galement sign\u00e9 Henco Venter, un troisi\u00e8me ligne sud-africain, qui a brill\u00e9 avec les Glasgow Warriors. \u00ab\u00a0C&rsquo;est peut-\u00eatre le joueur le moins connu en France, mais il a jou\u00e9 lors de la derni\u00e8re finale d&rsquo;URC remport\u00e9e par Glasgow, a d\u00e9clar\u00e9 Eduard Coetzee, le directeur g\u00e9n\u00e9ral du CAB. C&rsquo;est un joueur au top de sa carri\u00e8re, tr\u00e8s exp\u00e9riment\u00e9, qui peut aussi jouer num\u00e9ro 8. C&rsquo;est \u00e9galement un bon leader, car il nous faut des leaders dans l&rsquo;\u00e9quipe.\u00a0\u00bb<\/p>\n<p>Venter est reconnu pour son leadership sur le terrain et sa capacit\u00e9 \u00e0 jouer \u00e0 diff\u00e9rentes positions. Son arriv\u00e9e, tout comme celle de Cooney, visait \u00e0 renforcer l&rsquo;\u00e9quipe et \u00e0 apporter une nouvelle dynamique.<\/p>\n<h2>Un effectif en mutation<\/h2>\n<p>Les lignes arri\u00e8re de Brive ont \u00e9galement connu de nombreux changements. Plusieurs joueurs, tels que Renger Van Eerten (parti \u00e0 Provence Rugby), Sitaleki Timani (parti \u00e0 P\u00e9rigueux), Julien Delannoy et Tevita Ratuva, n&rsquo;ont pas \u00e9t\u00e9 prolong\u00e9s, ce qui a ouvert des opportunit\u00e9s pour de nouveaux talents. Les Sud-Africains Irn\u00e9 Herbst et Janse Roux, ainsi que le Fran\u00e7ais Alexandre Ricard, ont rejoint l&rsquo;effectif pour solidifier la deuxi\u00e8me ligne.<\/p>\n<p>Ce remaniement visait \u00e0 maintenir une certaine stabilit\u00e9 tout en int\u00e9grant de nouveaux joueurs. Le staff technique s&rsquo;est attach\u00e9 \u00e0 d\u00e9velopper les synergies entre les nouvelles recrues et les joueurs en place pour la saison 2025-2026.<\/p>\n<p><em>Note : la vid\u00e9o ci-dessous, ins\u00e9r\u00e9e automatiquement par le site, ne concerne pas le CA Brive \u2014 elle porte sur la politique chinoise en Afrique. Elle est conserv\u00e9e \u00e0 l&rsquo;identique, sans \u00eatre supprim\u00e9e.<\/em><\/p>\n<p><iframe loading=\"lazy\" title=\"La politique de la Chine sur le Continent Africain anim\u00e9 par Dr. Clive Gallery\" width=\"1200\" height=\"675\" src=\"https:\/\/www.youtube.com\/embed\/Srnzz-7JhLI?feature=oembed\" frameborder=\"0\" allow=\"accelerometer; autoplay; clipboard-write; encrypted-media; gyroscope; picture-in-picture; web-share\" referrerpolicy=\"strict-origin-when-cross-origin\" allowfullscreen><\/iframe><\/p>\n<h2>\u00c9quilibre entre exp\u00e9rience et jeunesse<\/h2>\n<p>Le CA Brive s&rsquo;est \u00e9galement concentr\u00e9 sur l&rsquo;\u00e9quilibre entre joueurs exp\u00e9riment\u00e9s et jeunes talents. Parmi les nouvelles recrues, on trouvait des joueurs comme Yanis Charcosset et Anthony Coletta, qui ont apport\u00e9 fra\u00eecheur et dynamisme \u00e0 l&rsquo;\u00e9quipe. Le recrutement de Josaia Raisuqe, ailier de Castres, et de Geoffrey Cros, ailier de Grenoble, illustrait cette volont\u00e9 de diversifier les profils.<\/p>\n<p><strong>Mise \u00e0 jour du 2 septembre 2026<\/strong> : Josaia Raisuqe, international fidjien alors \u00e2g\u00e9 de 30 ans, est d\u00e9c\u00e9d\u00e9 le 8 mai 2025 dans un accident de la route \u00e0 un passage \u00e0 niveau \u2014 moins de deux mois apr\u00e8s l&rsquo;annonce de sa signature, et avant d&rsquo;avoir pu rejoindre le CA Brive. Sa disparition a endeuill\u00e9 le monde du rugby fran\u00e7ais (sources : La Montagne, Ouest-France).<\/p>\n<p>Le club cherchait \u00e0 maximiser son quota de joueurs Jiff, un enjeu crucial dans le rugby moderne. Avec ces nouvelles arriv\u00e9es, Brive esp\u00e9rait non seulement renforcer son \u00e9quipe, mais aussi d\u00e9velopper une identit\u00e9 de jeu qui lui permettrait de rivaliser au plus haut niveau.<\/p>\n<ul>\n<li>John Cooney (2027), demi de m\u00eal\u00e9e de l\u2019Ulster<\/li>\n<li>Henco Venter (2027), troisi\u00e8me ligne de Glasgow<\/li>\n<li>Yanis Charcosset (2028), talonneur de Lyon<\/li>\n<li>Hugo Reilhes (2027), pilier gauche de Toulouse<\/li>\n<li>Josaia Raisuqe (2027), ailier de Castres<\/li>\n<li>Anthony Coletta (2027), troisi\u00e8me ligne de Colomiers<\/li>\n<li>Geoffrey Cros (2028), ailier de Grenoble<\/li>\n<li>Julien Tisseron (2028), arri\u00e8re de Montpellier<\/li>\n<li>Mathis Galthi\u00e9 (2028), demi de m\u00eal\u00e9e de Colomiers<\/li>\n<li>Yann Peysson (2028), num\u00e9ro 8 de Castres<\/li>\n<li>Jamie Shillcock (2027), ouvreur ou arri\u00e8re de Leicester<\/li>\n<li>Irn\u00e9 Herbst (2027), deuxi\u00e8me ligne des Harlequins<\/li>\n<li>Alexandre Ricard (2027), deuxi\u00e8me ligne de Bordeaux-B\u00e8gles<\/li>\n<li>Janse Roux (2027), deuxi\u00e8me ligne de Colomiers<\/li>\n<\/ul>\n<p>Le club avait laiss\u00e9 la porte ouverte \u00e0 d&rsquo;autres recrutements en cas de mont\u00e9e en Top 14 \u2014 une mont\u00e9e qui n&rsquo;a finalement pas eu lieu, le CA Brive ayant disput\u00e9 la saison 2025-2026 en Pro D2. Avec une vision claire et des choix strat\u00e9giques, le CA Brive a poursuivi la construction d&rsquo;une \u00e9quipe solide et comp\u00e9titive.<\/p>\n","protected":false},"excerpt":{"rendered":"","protected":false},"author":34,"featured_media":15564,"comment_status":"open","ping_status":"open","sticky":false,"template":"","format":"standard","meta":{"_acf_changed":false,"manual_indexmenow":false,"indexmenow_id_project":0,"footnotes":""},"categories":[1],"tags":[4708,4561,4632,4693,4539],"class_list":["post-12205","post","type-post","status-publish","format-standard","has-post-thumbnail","hentry","category-a-la-une","tag-ca-brive","tag-gestion-des-talents","tag-performance-sportive","tag-pro-d2","tag-top-14","generate-columns","tablet-grid-50","mobile-grid-100","grid-parent","grid-25"],"acf":[],"yoast_head":"<!-- This site is optimized with the Yoast SEO Premium plugin v21.3 (Yoast SEO v26.5) - https:\/\/yoast.com\/wordpress\/plugins\/seo\/ -->\n<title>Brive a renforc\u00e9 son \u00e9quipe avec des recrues pour 2025-2026<\/title>\n<meta name=\"description\" content=\"En mars 2025, le CA Brive annon\u00e7ait quatorze recrues pour la saison 2025-2026 en Pro D2, dont John Cooney et Henco Venter. Bilan et mise \u00e0 jour au 2 septembre 2026.\" \/>\n<meta name=\"robots\" content=\"index, follow, max-snippet:-1, max-image-preview:large, max-video-preview:-1\" \/>\n<link rel=\"canonical\" href=\"https:\/\/sport-index.fr\/blog\/a-la-une\/brive-renforce-son-equipe-avec-des-talents-prometteurs-pour-la-saison-prochaine\/\" \/>\n<meta property=\"og:locale\" content=\"fr_FR\" \/>\n<meta property=\"og:type\" content=\"article\" \/>\n<meta property=\"og:title\" content=\"Brive a renforc\u00e9 son \u00e9quipe avec des recrues pour 2025-2026\" \/>\n<meta property=\"og:description\" content=\"En mars 2025, le CA Brive annon\u00e7ait quatorze recrues pour la saison 2025-2026 en Pro D2, dont John Cooney et Henco Venter. Bilan et mise \u00e0 jour au 2 septembre 2026.\" \/>\n<meta property=\"og:url\" content=\"https:\/\/sport-index.fr\/blog\/a-la-une\/brive-renforce-son-equipe-avec-des-talents-prometteurs-pour-la-saison-prochaine\/\" \/>\n<meta property=\"og:site_name\" content=\"sport-index\" \/>\n<meta property=\"og:image\" content=\"https:\/\/sport-index.fr\/blog\/wp-content\/uploads\/2025\/05\/sdxl-2442be053657025d4fe6b0bf1261b9aa-scaled.png\" \/>\n\t<meta property=\"og:image:width\" content=\"1200\" \/>\n\t<meta property=\"og:image:height\" content=\"500\" \/>\n\t<meta property=\"og:image:type\" content=\"image\/png\" \/>\n<meta name=\"author\" content=\"Axel Lauzier\" \/>\n<meta name=\"twitter:card\" content=\"summary_large_image\" \/>\n<script type=\"application\/ld+json\" class=\"yoast-schema-graph\">{\"@context\":\"https:\/\/schema.org\",\"@graph\":[{\"@type\":\"NewsArticle\",\"@id\":\"https:\/\/sport-index.fr\/blog\/a-la-une\/brive-renforce-son-equipe-avec-des-talents-prometteurs-pour-la-saison-prochaine\/#article\",\"isPartOf\":{\"@id\":\"https:\/\/sport-index.fr\/blog\/a-la-une\/brive-renforce-son-equipe-avec-des-talents-prometteurs-pour-la-saison-prochaine\/\"},\"author\":{\"name\":\"Axel Lauzier\",\"@id\":\"https:\/\/sport-index.fr\/blog\/#\/schema\/person\/3c864cdc320801e3db34b663e7e3f816\"},\"headline\":\"Brive a renforc\u00e9 son \u00e9quipe avec des recrues pour la saison 2025-2026\",\"datePublished\":\"2026-09-02T05:07:13+00:00\",\"dateModified\":\"2026-09-02T05:08:08+00:00\",\"mainEntityOfPage\":{\"@id\":\"https:\/\/sport-index.fr\/blog\/a-la-une\/brive-renforce-son-equipe-avec-des-talents-prometteurs-pour-la-saison-prochaine\/\"},\"wordCount\":823,\"commentCount\":23,\"publisher\":{\"@id\":\"https:\/\/sport-index.fr\/blog\/#organization\"},\"image\":{\"@id\":\"https:\/\/sport-index.fr\/blog\/a-la-une\/brive-renforce-son-equipe-avec-des-talents-prometteurs-pour-la-saison-prochaine\/#primaryimage\"},\"thumbnailUrl\":\"https:\/\/sport-index.fr\/blog\/wp-content\/uploads\/2025\/05\/sdxl-2442be053657025d4fe6b0bf1261b9aa-scaled.png\",\"keywords\":[\"CA Brive\",\"Gestion des Talents\",\"Performance sportive\",\"Pro D2\",\"Top 14\"],\"articleSection\":[\"\u00c0 la une\"],\"inLanguage\":\"fr-FR\",\"potentialAction\":[{\"@type\":\"CommentAction\",\"name\":\"Comment\",\"target\":[\"https:\/\/sport-index.fr\/blog\/a-la-une\/brive-renforce-son-equipe-avec-des-talents-prometteurs-pour-la-saison-prochaine\/#respond\"]}]},{\"@type\":\"WebPage\",\"@id\":\"https:\/\/sport-index.fr\/blog\/a-la-une\/brive-renforce-son-equipe-avec-des-talents-prometteurs-pour-la-saison-prochaine\/\",\"url\":\"https:\/\/sport-index.fr\/blog\/a-la-une\/brive-renforce-son-equipe-avec-des-talents-prometteurs-pour-la-saison-prochaine\/\",\"name\":\"Brive a renforc\u00e9 son \u00e9quipe avec des recrues pour 2025-2026\",\"isPartOf\":{\"@id\":\"https:\/\/sport-index.fr\/blog\/#website\"},\"primaryImageOfPage\":{\"@id\":\"https:\/\/sport-index.fr\/blog\/a-la-une\/brive-renforce-son-equipe-avec-des-talents-prometteurs-pour-la-saison-prochaine\/#primaryimage\"},\"image\":{\"@id\":\"https:\/\/sport-index.fr\/blog\/a-la-une\/brive-renforce-son-equipe-avec-des-talents-prometteurs-pour-la-saison-prochaine\/#primaryimage\"},\"thumbnailUrl\":\"https:\/\/sport-index.fr\/blog\/wp-content\/uploads\/2025\/05\/sdxl-2442be053657025d4fe6b0bf1261b9aa-scaled.png\",\"datePublished\":\"2026-09-02T05:07:13+00:00\",\"dateModified\":\"2026-09-02T05:08:08+00:00\",\"description\":\"En mars 2025, le CA Brive annon\u00e7ait quatorze recrues pour la saison 2025-2026 en Pro D2, dont John Cooney et Henco Venter. Bilan et mise \u00e0 jour au 2 septembre 2026.\",\"inLanguage\":\"fr-FR\",\"potentialAction\":[{\"@type\":\"ReadAction\",\"target\":[\"https:\/\/sport-index.fr\/blog\/a-la-une\/brive-renforce-son-equipe-avec-des-talents-prometteurs-pour-la-saison-prochaine\/\"]}]},{\"@type\":\"ImageObject\",\"inLanguage\":\"fr-FR\",\"@id\":\"https:\/\/sport-index.fr\/blog\/a-la-une\/brive-renforce-son-equipe-avec-des-talents-prometteurs-pour-la-saison-prochaine\/#primaryimage\",\"url\":\"https:\/\/sport-index.fr\/blog\/wp-content\/uploads\/2025\/05\/sdxl-2442be053657025d4fe6b0bf1261b9aa-scaled.png\",\"contentUrl\":\"https:\/\/sport-index.fr\/blog\/wp-content\/uploads\/2025\/05\/sdxl-2442be053657025d4fe6b0bf1261b9aa-scaled.png\",\"width\":1200,\"height\":500},{\"@type\":\"WebSite\",\"@id\":\"https:\/\/sport-index.fr\/blog\/#website\",\"url\":\"https:\/\/sport-index.fr\/blog\/\",\"name\":\"sport-index.fr\",\"description\":\"Le score de l\u2019analyse sportive.\",\"publisher\":{\"@id\":\"https:\/\/sport-index.fr\/blog\/#organization\"},\"alternateName\":\"Le score de l\u2019analyse sportive.\",\"potentialAction\":[{\"@type\":\"SearchAction\",\"target\":{\"@type\":\"EntryPoint\",\"urlTemplate\":\"https:\/\/sport-index.fr\/blog\/?s={search_term_string}\"},\"query-input\":{\"@type\":\"PropertyValueSpecification\",\"valueRequired\":true,\"valueName\":\"search_term_string\"}}],\"inLanguage\":\"fr-FR\"},{\"@type\":\"Organization\",\"@id\":\"https:\/\/sport-index.fr\/blog\/#organization\",\"name\":\"Foretsensations.fr\",\"url\":\"https:\/\/sport-index.fr\/blog\/\",\"logo\":{\"@type\":\"ImageObject\",\"inLanguage\":\"fr-FR\",\"@id\":\"https:\/\/sport-index.fr\/blog\/#\/schema\/logo\/image\/\",\"url\":\"https:\/\/sport-index.fr\/blog\/wp-content\/uploads\/2026\/07\/logo-auto.png\",\"contentUrl\":\"https:\/\/sport-index.fr\/blog\/wp-content\/uploads\/2026\/07\/logo-auto.png\",\"width\":1024,\"height\":1024,\"caption\":\"Foretsensations.fr\"},\"image\":{\"@id\":\"https:\/\/sport-index.fr\/blog\/#\/schema\/logo\/image\/\"}},{\"@type\":\"Person\",\"@id\":\"https:\/\/sport-index.fr\/blog\/#\/schema\/person\/3c864cdc320801e3db34b663e7e3f816\",\"name\":\"Axel Lauzier\",\"image\":{\"@type\":\"ImageObject\",\"inLanguage\":\"fr-FR\",\"@id\":\"https:\/\/sport-index.fr\/blog\/#\/schema\/person\/image\/\",\"url\":\"https:\/\/sport-index.fr\/blog\/wp-content\/uploads\/2026\/06\/persona_axel-l-96x96.jpg\",\"contentUrl\":\"https:\/\/sport-index.fr\/blog\/wp-content\/uploads\/2026\/06\/persona_axel-l-96x96.jpg\",\"caption\":\"Axel Lauzier\"},\"description\":\"Le sport rythme mon quotidien depuis l'enfance, et j'en ai fait mon m\u00e9tier d'analyste r\u00e9dactionnel il y a une dizaine d'ann\u00e9es. Je couvre principalement le football, son actualit\u00e9, ses transferts et l'analyse tactique des grandes affiches, mais aussi les disciplines plus confidentielles que j'aime remettre en lumi\u00e8re. Une partie de mon travail porte sur les pronostics et la lecture statistique d'un match : forme des \u00e9quipes, historique des confrontations, compositions, sans jamais vendre de fausse certitude. Je rappelle syst\u00e9matiquement que parier comporte un risque et doit rester un loisir ma\u00eetris\u00e9. Avant de signer une analyse, je v\u00e9rifie mes chiffres, je recoupe les compositions probables et je distingue toujours la donn\u00e9e brute de l'intuition. Mon objectif : offrir une lecture honn\u00eate et argument\u00e9e, pas un ticket gagnant garanti.\",\"sameAs\":[\"https:\/\/axellauzier.fr\/\"],\"url\":\"https:\/\/sport-index.fr\/blog\/auteur\/noname\/\"}]}<\/script>\n<!-- \/ Yoast SEO Premium plugin. -->","yoast_head_json":{"title":"Brive a renforc\u00e9 son \u00e9quipe avec des recrues pour 2025-2026","description":"En mars 2025, le CA Brive annon\u00e7ait quatorze recrues pour la saison 2025-2026 en Pro D2, dont John Cooney et Henco Venter. Bilan et mise \u00e0 jour au 2 septembre 2026.","robots":{"index":"index","follow":"follow","max-snippet":"max-snippet:-1","max-image-preview":"max-image-preview:large","max-video-preview":"max-video-preview:-1"},"canonical":"https:\/\/sport-index.fr\/blog\/a-la-une\/brive-renforce-son-equipe-avec-des-talents-prometteurs-pour-la-saison-prochaine\/","og_locale":"fr_FR","og_type":"article","og_title":"Brive a renforc\u00e9 son \u00e9quipe avec des recrues pour 2025-2026","og_description":"En mars 2025, le CA Brive annon\u00e7ait quatorze recrues pour la saison 2025-2026 en Pro D2, dont John Cooney et Henco Venter. Bilan et mise \u00e0 jour au 2 septembre 2026.","og_url":"https:\/\/sport-index.fr\/blog\/a-la-une\/brive-renforce-son-equipe-avec-des-talents-prometteurs-pour-la-saison-prochaine\/","og_site_name":"sport-index","og_image":[{"width":1200,"height":500,"url":"https:\/\/sport-index.fr\/blog\/wp-content\/uploads\/2025\/05\/sdxl-2442be053657025d4fe6b0bf1261b9aa-scaled.png","type":"image\/png"}],"author":"Axel Lauzier","twitter_card":"summary_large_image","schema":{"@context":"https:\/\/schema.org","@graph":[{"@type":"NewsArticle","@id":"https:\/\/sport-index.fr\/blog\/a-la-une\/brive-renforce-son-equipe-avec-des-talents-prometteurs-pour-la-saison-prochaine\/#article","isPartOf":{"@id":"https:\/\/sport-index.fr\/blog\/a-la-une\/brive-renforce-son-equipe-avec-des-talents-prometteurs-pour-la-saison-prochaine\/"},"author":{"name":"Axel Lauzier","@id":"https:\/\/sport-index.fr\/blog\/#\/schema\/person\/3c864cdc320801e3db34b663e7e3f816"},"headline":"Brive a renforc\u00e9 son \u00e9quipe avec des recrues pour la saison 2025-2026","datePublished":"2026-09-02T05:07:13+00:00","dateModified":"2026-09-02T05:08:08+00:00","mainEntityOfPage":{"@id":"https:\/\/sport-index.fr\/blog\/a-la-une\/brive-renforce-son-equipe-avec-des-talents-prometteurs-pour-la-saison-prochaine\/"},"wordCount":823,"commentCount":23,"publisher":{"@id":"https:\/\/sport-index.fr\/blog\/#organization"},"image":{"@id":"https:\/\/sport-index.fr\/blog\/a-la-une\/brive-renforce-son-equipe-avec-des-talents-prometteurs-pour-la-saison-prochaine\/#primaryimage"},"thumbnailUrl":"https:\/\/sport-index.fr\/blog\/wp-content\/uploads\/2025\/05\/sdxl-2442be053657025d4fe6b0bf1261b9aa-scaled.png","keywords":["CA Brive","Gestion des Talents","Performance sportive","Pro D2","Top 14"],"articleSection":["\u00c0 la une"],"inLanguage":"fr-FR","potentialAction":[{"@type":"CommentAction","name":"Comment","target":["https:\/\/sport-index.fr\/blog\/a-la-une\/brive-renforce-son-equipe-avec-des-talents-prometteurs-pour-la-saison-prochaine\/#respond"]}]},{"@type":"WebPage","@id":"https:\/\/sport-index.fr\/blog\/a-la-une\/brive-renforce-son-equipe-avec-des-talents-prometteurs-pour-la-saison-prochaine\/","url":"https:\/\/sport-index.fr\/blog\/a-la-une\/brive-renforce-son-equipe-avec-des-talents-prometteurs-pour-la-saison-prochaine\/","name":"Brive a renforc\u00e9 son \u00e9quipe avec des recrues pour 2025-2026","isPartOf":{"@id":"https:\/\/sport-index.fr\/blog\/#website"},"primaryImageOfPage":{"@id":"https:\/\/sport-index.fr\/blog\/a-la-une\/brive-renforce-son-equipe-avec-des-talents-prometteurs-pour-la-saison-prochaine\/#primaryimage"},"image":{"@id":"https:\/\/sport-index.fr\/blog\/a-la-une\/brive-renforce-son-equipe-avec-des-talents-prometteurs-pour-la-saison-prochaine\/#primaryimage"},"thumbnailUrl":"https:\/\/sport-index.fr\/blog\/wp-content\/uploads\/2025\/05\/sdxl-2442be053657025d4fe6b0bf1261b9aa-scaled.png","datePublished":"2026-09-02T05:07:13+00:00","dateModified":"2026-09-02T05:08:08+00:00","description":"En mars 2025, le CA Brive annon\u00e7ait quatorze recrues pour la saison 2025-2026 en Pro D2, dont John Cooney et Henco Venter. Bilan et mise \u00e0 jour au 2 septembre 2026.","inLanguage":"fr-FR","potentialAction":[{"@type":"ReadAction","target":["https:\/\/sport-index.fr\/blog\/a-la-une\/brive-renforce-son-equipe-avec-des-talents-prometteurs-pour-la-saison-prochaine\/"]}]},{"@type":"ImageObject","inLanguage":"fr-FR","@id":"https:\/\/sport-index.fr\/blog\/a-la-une\/brive-renforce-son-equipe-avec-des-talents-prometteurs-pour-la-saison-prochaine\/#primaryimage","url":"https:\/\/sport-index.fr\/blog\/wp-content\/uploads\/2025\/05\/sdxl-2442be053657025d4fe6b0bf1261b9aa-scaled.png","contentUrl":"https:\/\/sport-index.fr\/blog\/wp-content\/uploads\/2025\/05\/sdxl-2442be053657025d4fe6b0bf1261b9aa-scaled.png","width":1200,"height":500},{"@type":"WebSite","@id":"https:\/\/sport-index.fr\/blog\/#website","url":"https:\/\/sport-index.fr\/blog\/","name":"sport-index.fr","description":"Le score de l\u2019analyse sportive.","publisher":{"@id":"https:\/\/sport-index.fr\/blog\/#organization"},"alternateName":"Le score de l\u2019analyse sportive.","potentialAction":[{"@type":"SearchAction","target":{"@type":"EntryPoint","urlTemplate":"https:\/\/sport-index.fr\/blog\/?s={search_term_string}"},"query-input":{"@type":"PropertyValueSpecification","valueRequired":true,"valueName":"search_term_string"}}],"inLanguage":"fr-FR"},{"@type":"Organization","@id":"https:\/\/sport-index.fr\/blog\/#organization","name":"Foretsensations.fr","url":"https:\/\/sport-index.fr\/blog\/","logo":{"@type":"ImageObject","inLanguage":"fr-FR","@id":"https:\/\/sport-index.fr\/blog\/#\/schema\/logo\/image\/","url":"https:\/\/sport-index.fr\/blog\/wp-content\/uploads\/2026\/07\/logo-auto.png","contentUrl":"https:\/\/sport-index.fr\/blog\/wp-content\/uploads\/2026\/07\/logo-auto.png","width":1024,"height":1024,"caption":"Foretsensations.fr"},"image":{"@id":"https:\/\/sport-index.fr\/blog\/#\/schema\/logo\/image\/"}},{"@type":"Person","@id":"https:\/\/sport-index.fr\/blog\/#\/schema\/person\/3c864cdc320801e3db34b663e7e3f816","name":"Axel Lauzier","image":{"@type":"ImageObject","inLanguage":"fr-FR","@id":"https:\/\/sport-index.fr\/blog\/#\/schema\/person\/image\/","url":"https:\/\/sport-index.fr\/blog\/wp-content\/uploads\/2026\/06\/persona_axel-l-96x96.jpg","contentUrl":"https:\/\/sport-index.fr\/blog\/wp-content\/uploads\/2026\/06\/persona_axel-l-96x96.jpg","caption":"Axel Lauzier"},"description":"Le sport rythme mon quotidien depuis l'enfance, et j'en ai fait mon m\u00e9tier d'analyste r\u00e9dactionnel il y a une dizaine d'ann\u00e9es. Je couvre principalement le football, son actualit\u00e9, ses transferts et l'analyse tactique des grandes affiches, mais aussi les disciplines plus confidentielles que j'aime remettre en lumi\u00e8re. Une partie de mon travail porte sur les pronostics et la lecture statistique d'un match : forme des \u00e9quipes, historique des confrontations, compositions, sans jamais vendre de fausse certitude. Je rappelle syst\u00e9matiquement que parier comporte un risque et doit rester un loisir ma\u00eetris\u00e9. Avant de signer une analyse, je v\u00e9rifie mes chiffres, je recoupe les compositions probables et je distingue toujours la donn\u00e9e brute de l'intuition. Mon objectif : offrir une lecture honn\u00eate et argument\u00e9e, pas un ticket gagnant garanti.","sameAs":["https:\/\/axellauzier.fr\/"],"url":"https:\/\/sport-index.fr\/blog\/auteur\/noname\/"}]}},"_links":{"self":[{"href":"https:\/\/sport-index.fr\/blog\/wp-json\/wp\/v2\/posts\/12205","targetHints":{"allow":["GET"]}}],"collection":[{"href":"https:\/\/sport-index.fr\/blog\/wp-json\/wp\/v2\/posts"}],"about":[{"href":"https:\/\/sport-index.fr\/blog\/wp-json\/wp\/v2\/types\/post"}],"author":[{"embeddable":true,"href":"https:\/\/sport-index.fr\/blog\/wp-json\/wp\/v2\/users\/34"}],"replies":[{"embeddable":true,"href":"https:\/\/sport-index.fr\/blog\/wp-json\/wp\/v2\/comments?post=12205"}],"version-history":[{"count":3,"href":"https:\/\/sport-index.fr\/blog\/wp-json\/wp\/v2\/posts\/12205\/revisions"}],"predecessor-version":[{"id":18463,"href":"https:\/\/sport-index.fr\/blog\/wp-json\/wp\/v2\/posts\/12205\/revisions\/18463"}],"wp:featuredmedia":[{"embeddable":true,"href":"https:\/\/sport-index.fr\/blog\/wp-json\/wp\/v2\/media\/15564"}],"wp:attachment":[{"href":"https:\/\/sport-index.fr\/blog\/wp-json\/wp\/v2\/media?parent=12205"}],"wp:term":[{"taxonomy":"category","embeddable":true,"href":"https:\/\/sport-index.fr\/blog\/wp-json\/wp\/v2\/categories?post=12205"},{"taxonomy":"post_tag","embeddable":true,"href":"https:\/\/sport-index.fr\/blog\/wp-json\/wp\/v2\/tags?post=12205"}],"curies":[{"name":"wp","href":"https:\/\/api.w.org\/{rel}","templated":true}]}}