{"id":12238,"date":"2025-03-19T14:14:32","date_gmt":"2025-03-19T13:14:32","guid":{"rendered":"https:\/\/sport-index.fr\/blog\/?p=12238"},"modified":"2025-03-19T06:12:48","modified_gmt":"2025-03-19T05:12:48","slug":"rendre-hommage-a-federico-martin-aramburu-un-voyage-emouvant-en-argentine","status":"publish","type":"post","link":"https:\/\/sport-index.fr\/blog\/a-la-une\/rendre-hommage-a-federico-martin-aramburu-un-voyage-emouvant-en-argentine\/","title":{"rendered":"rendre hommage \u00e0 federico martin aramburu : un voyage \u00e9mouvant en argentine"},"content":{"rendered":"<p>Ses amis et anciens co\u00e9quipiers ont entrepris de nombreuses initiatives pour honorer son h\u00e9ritage, notamment un voyage m\u00e9morable en Argentine. Ce p\u00e9riple a co\u00efncid\u00e9 avec le vingt\u00e8me anniversaire du titre remport\u00e9 par le Biarritz Olympique, une occasion parfaite pour c\u00e9l\u00e9brer celui qui a tant marqu\u00e9 le monde du rugby.<\/p>\n<h2>Un hommage vibrant dans sa terre natale<\/h2>\n<p>Le voyage en Argentine a \u00e9t\u00e9 une v\u00e9ritable c\u00e9l\u00e9bration de la vie de Federico. Les anciens joueurs du Biarritz Olympique ont voulu se rassembler dans le pays qui l&rsquo;a vu grandir pour comm\u00e9morer son passage au club. Ce moment fort a permis de partager des souvenirs et de renforcer les liens d&rsquo;amiti\u00e9 qui unissent ces sportifs autour d&rsquo;une figure embl\u00e9matique.<\/p>\n<p>Les co\u00e9quipiers de Federico, dont certains sont devenus des amis tr\u00e8s proches, ont \u00e9voqu\u00e9 l&rsquo;importance de ce retour aux sources. \u201cC&rsquo;\u00e9tait un devoir de montrer notre soutien \u00e0 sa famille et de c\u00e9l\u00e9brer ce qu&rsquo;il repr\u00e9sentait pour nous,\u201d a d\u00e9clar\u00e9 l&rsquo;un d&rsquo;eux. Ce voyage a \u00e9t\u00e9 l&rsquo;occasion de revivre des moments forts tout en rendant hommage \u00e0 un homme qui a su toucher le c\u0153ur de ses co\u00e9quipiers.<\/p>\n<h2>Des souvenirs partag\u00e9s et des \u00e9motions fortes<\/h2>\n<p>\u00c0 Buenos Aires, le groupe a \u00e9t\u00e9 chaleureusement accueilli par des amis de longue date de Federico, renfor\u00e7ant ainsi le sentiment de camaraderie et de solidarit\u00e9. Lors d&rsquo;un d\u00eener au Club Atl\u00e9tico San Isidro, une convention a \u00e9t\u00e9 sign\u00e9e pour \u00e9tablir un partenariat entre le club argentin et le Biarritz Olympique. Ce geste symbolique a permis de cr\u00e9er des liens durables en m\u00e9moire de Federico.<\/p>\n<p>La deuxi\u00e8me partie du voyage \u00e0 Mendoza a permis de d\u00e9couvrir les c\u00e9l\u00e8bres vignobles de la r\u00e9gion. Les joueurs ont partag\u00e9 des rires et des larmes, tout en se rem\u00e9morant les moments pass\u00e9s ensemble. \u201cCes instants sont pr\u00e9cieux. Ils nous rappellent \u00e0 quel point il est important de garder vivante la m\u00e9moire de ceux qui nous ont quitt\u00e9s,\u201d a expliqu\u00e9 l&rsquo;un des anciens joueurs.<\/p>\n<h2>Une fresque pour immortaliser son souvenir<\/h2>\n<p>\u00c0 Biarritz, une fresque color\u00e9e en hommage \u00e0 Federico Martin Aramburu a \u00e9t\u00e9 d\u00e9voil\u00e9e, renfor\u00e7ant ainsi son h\u00e9ritage dans la ville. Cette \u0153uvre d&rsquo;art, r\u00e9alis\u00e9e par l&rsquo;artiste Bur, est un symbole vibrant de la personnalit\u00e9 de Federico, et elle attire chaque jour des passants qui s&rsquo;arr\u00eatent pour admirer le portrait de ce joueur au sourire contagieux. \u201cC&rsquo;est une mani\u00e8re de rappeler \u00e0 chacun de nous que Federico fait toujours partie de nous,\u201d a comment\u00e9 un ami proche.<\/p>\n<p>La cr\u00e9ation d&rsquo;un fonds de dotation au Biarritz Olympique est \u00e9galement en cours, avec l&rsquo;objectif de soutenir des projets en l&rsquo;honneur de Federico. \u201cNous voulons que son h\u00e9ritage perdure \u00e0 travers des actions concr\u00e8tes,\u201d a expliqu\u00e9 Maria, la femme de Federico. Les fonds r\u00e9colt\u00e9s lors d&rsquo;\u00e9v\u00e9nements, comme la vente de maillots, seront dirig\u00e9s vers des initiatives qui lui rendent hommage.<\/p>\n<ul>\n<li>Voyage en Argentine pour c\u00e9l\u00e9brer le titre de 2005<\/li>\n<li>Partenariat entre le Biarritz Olympique et le CASI<\/li>\n<li>Fresque en m\u00e9moire de Federico aux Halles de Biarritz<\/li>\n<li>Cr\u00e9ation d&rsquo;un fonds de dotation pour perp\u00e9tuer son h\u00e9ritage<\/li>\n<\/ul>\n<blockquote><p>\n\u201cC\u2019\u00e9tait une personne solaire et fraternelle. Son absence se fait toujours sentir.\u201d &#8211; Shaun Hegarty\n<\/p><\/blockquote>\n<p>Ce voyage en Argentine, charg\u00e9 d&rsquo;\u00e9motions et de souvenirs, a permis aux anciens co\u00e9quipiers de Federico Martin Aramburu de c\u00e9l\u00e9brer sa vie et son h\u00e9ritage. En revivant des moments marquants et en rendant hommage \u00e0 leur ami, ils ont non seulement renforc\u00e9 leur propre lien, mais ont \u00e9galement assur\u00e9 que la m\u00e9moire de Federico ne soit jamais oubli\u00e9e. Les initiatives qui en d\u00e9coulent, comme le fonds de dotation, t\u00e9moignent de l&rsquo;impact profond qu&rsquo;il a eu sur son entourage et sur le monde du rugby.<\/p>\n","protected":false},"excerpt":{"rendered":"","protected":false},"author":34,"featured_media":15555,"comment_status":"open","ping_status":"open","sticky":false,"template":"","format":"standard","meta":{"_acf_changed":false,"manual_indexmenow":false,"indexmenow_id_project":0,"footnotes":""},"categories":[1],"tags":[4618,4585,4685,4536,4554],"class_list":["post-12238","post","type-post","status-publish","format-standard","has-post-thumbnail","hentry","category-a-la-une","tag-camaraderie","tag-cohesion-dequipe","tag-evenements-sportifs","tag-rugby","tag-xv-de-france","generate-columns","tablet-grid-50","mobile-grid-100","grid-parent","grid-25"],"acf":[],"yoast_head":"<!-- This site is optimized with the Yoast SEO Premium plugin v21.3 (Yoast SEO v26.5) - https:\/\/yoast.com\/wordpress\/plugins\/seo\/ -->\n<title>rendre hommage \u00e0 federico martin aramburu : un voyage<\/title>\n<meta name=\"description\" content=\"Ses amis et anciens co\u00e9quipiers ont entrepris de nombreuses initiatives pour honorer son h\u00e9ritage, notamment un voyage m\u00e9morable en Argentine. Ce p\u00e9riple\u2026\" \/>\n<meta name=\"robots\" content=\"index, follow, max-snippet:-1, max-image-preview:large, max-video-preview:-1\" \/>\n<link rel=\"canonical\" href=\"https:\/\/sport-index.fr\/blog\/a-la-une\/rendre-hommage-a-federico-martin-aramburu-un-voyage-emouvant-en-argentine\/\" \/>\n<meta property=\"og:locale\" content=\"fr_FR\" \/>\n<meta property=\"og:type\" content=\"article\" \/>\n<meta property=\"og:title\" content=\"rendre hommage \u00e0 federico martin aramburu : un voyage\" \/>\n<meta property=\"og:description\" content=\"Ses amis et anciens co\u00e9quipiers ont entrepris de nombreuses initiatives pour honorer son h\u00e9ritage, notamment un voyage m\u00e9morable en Argentine. Ce p\u00e9riple\u2026\" \/>\n<meta property=\"og:url\" content=\"https:\/\/sport-index.fr\/blog\/a-la-une\/rendre-hommage-a-federico-martin-aramburu-un-voyage-emouvant-en-argentine\/\" \/>\n<meta property=\"og:site_name\" content=\"sport-index\" \/>\n<meta name=\"author\" content=\"Axel Lauzier\" \/>\n<meta name=\"twitter:card\" content=\"summary_large_image\" \/>\n<script type=\"application\/ld+json\" class=\"yoast-schema-graph\">{\"@context\":\"https:\/\/schema.org\",\"@graph\":[{\"@type\":\"NewsArticle\",\"@id\":\"https:\/\/sport-index.fr\/blog\/a-la-une\/rendre-hommage-a-federico-martin-aramburu-un-voyage-emouvant-en-argentine\/#article\",\"isPartOf\":{\"@id\":\"https:\/\/sport-index.fr\/blog\/a-la-une\/rendre-hommage-a-federico-martin-aramburu-un-voyage-emouvant-en-argentine\/\"},\"author\":{\"name\":\"Axel Lauzier\",\"@id\":\"https:\/\/sport-index.fr\/blog\/#\/schema\/person\/3c864cdc320801e3db34b663e7e3f816\"},\"headline\":\"rendre hommage \u00e0 federico martin aramburu : un voyage \u00e9mouvant en argentine\",\"datePublished\":\"2025-03-19T13:14:32+00:00\",\"mainEntityOfPage\":{\"@id\":\"https:\/\/sport-index.fr\/blog\/a-la-une\/rendre-hommage-a-federico-martin-aramburu-un-voyage-emouvant-en-argentine\/\"},\"wordCount\":688,\"commentCount\":24,\"publisher\":{\"@id\":\"https:\/\/sport-index.fr\/blog\/#organization\"},\"image\":{\"@id\":\"https:\/\/sport-index.fr\/blog\/a-la-une\/rendre-hommage-a-federico-martin-aramburu-un-voyage-emouvant-en-argentine\/#primaryimage\"},\"thumbnailUrl\":\"https:\/\/sport-index.fr\/blog\/wp-content\/uploads\/2025\/05\/sdxl-7253889270cde937f8b7e6fb6dde2156-scaled.png\",\"keywords\":[\"Camaraderie\",\"Coh\u00e9sion d'\u00c9quipe\",\"\u00c9v\u00e9nements Sportifs\",\"Rugby\",\"XV de France\"],\"articleSection\":[\"\u00c0 la une\"],\"inLanguage\":\"fr-FR\",\"potentialAction\":[{\"@type\":\"CommentAction\",\"name\":\"Comment\",\"target\":[\"https:\/\/sport-index.fr\/blog\/a-la-une\/rendre-hommage-a-federico-martin-aramburu-un-voyage-emouvant-en-argentine\/#respond\"]}]},{\"@type\":\"WebPage\",\"@id\":\"https:\/\/sport-index.fr\/blog\/a-la-une\/rendre-hommage-a-federico-martin-aramburu-un-voyage-emouvant-en-argentine\/\",\"url\":\"https:\/\/sport-index.fr\/blog\/a-la-une\/rendre-hommage-a-federico-martin-aramburu-un-voyage-emouvant-en-argentine\/\",\"name\":\"rendre hommage \u00e0 federico martin aramburu : un voyage\",\"isPartOf\":{\"@id\":\"https:\/\/sport-index.fr\/blog\/#website\"},\"primaryImageOfPage\":{\"@id\":\"https:\/\/sport-index.fr\/blog\/a-la-une\/rendre-hommage-a-federico-martin-aramburu-un-voyage-emouvant-en-argentine\/#primaryimage\"},\"image\":{\"@id\":\"https:\/\/sport-index.fr\/blog\/a-la-une\/rendre-hommage-a-federico-martin-aramburu-un-voyage-emouvant-en-argentine\/#primaryimage\"},\"thumbnailUrl\":\"https:\/\/sport-index.fr\/blog\/wp-content\/uploads\/2025\/05\/sdxl-7253889270cde937f8b7e6fb6dde2156-scaled.png\",\"datePublished\":\"2025-03-19T13:14:32+00:00\",\"description\":\"Ses amis et anciens co\u00e9quipiers ont entrepris de nombreuses initiatives pour honorer son h\u00e9ritage, notamment un voyage m\u00e9morable en Argentine. Ce p\u00e9riple\u2026\",\"inLanguage\":\"fr-FR\",\"potentialAction\":[{\"@type\":\"ReadAction\",\"target\":[\"https:\/\/sport-index.fr\/blog\/a-la-une\/rendre-hommage-a-federico-martin-aramburu-un-voyage-emouvant-en-argentine\/\"]}]},{\"@type\":\"ImageObject\",\"inLanguage\":\"fr-FR\",\"@id\":\"https:\/\/sport-index.fr\/blog\/a-la-une\/rendre-hommage-a-federico-martin-aramburu-un-voyage-emouvant-en-argentine\/#primaryimage\",\"url\":\"https:\/\/sport-index.fr\/blog\/wp-content\/uploads\/2025\/05\/sdxl-7253889270cde937f8b7e6fb6dde2156-scaled.png\",\"contentUrl\":\"https:\/\/sport-index.fr\/blog\/wp-content\/uploads\/2025\/05\/sdxl-7253889270cde937f8b7e6fb6dde2156-scaled.png\",\"width\":1200,\"height\":500},{\"@type\":\"WebSite\",\"@id\":\"https:\/\/sport-index.fr\/blog\/#website\",\"url\":\"https:\/\/sport-index.fr\/blog\/\",\"name\":\"sport-index.fr\",\"description\":\"Le score de l\u2019analyse sportive.\",\"publisher\":{\"@id\":\"https:\/\/sport-index.fr\/blog\/#organization\"},\"alternateName\":\"Le score de l\u2019analyse sportive.\",\"potentialAction\":[{\"@type\":\"SearchAction\",\"target\":{\"@type\":\"EntryPoint\",\"urlTemplate\":\"https:\/\/sport-index.fr\/blog\/?s={search_term_string}\"},\"query-input\":{\"@type\":\"PropertyValueSpecification\",\"valueRequired\":true,\"valueName\":\"search_term_string\"}}],\"inLanguage\":\"fr-FR\"},{\"@type\":\"Organization\",\"@id\":\"https:\/\/sport-index.fr\/blog\/#organization\",\"name\":\"Foretsensations.fr\",\"url\":\"https:\/\/sport-index.fr\/blog\/\",\"logo\":{\"@type\":\"ImageObject\",\"inLanguage\":\"fr-FR\",\"@id\":\"https:\/\/sport-index.fr\/blog\/#\/schema\/logo\/image\/\",\"url\":\"https:\/\/sport-index.fr\/blog\/wp-content\/uploads\/2026\/07\/logo-auto.png\",\"contentUrl\":\"https:\/\/sport-index.fr\/blog\/wp-content\/uploads\/2026\/07\/logo-auto.png\",\"width\":1024,\"height\":1024,\"caption\":\"Foretsensations.fr\"},\"image\":{\"@id\":\"https:\/\/sport-index.fr\/blog\/#\/schema\/logo\/image\/\"}},{\"@type\":\"Person\",\"@id\":\"https:\/\/sport-index.fr\/blog\/#\/schema\/person\/3c864cdc320801e3db34b663e7e3f816\",\"name\":\"Axel Lauzier\",\"image\":{\"@type\":\"ImageObject\",\"inLanguage\":\"fr-FR\",\"@id\":\"https:\/\/sport-index.fr\/blog\/#\/schema\/person\/image\/\",\"url\":\"https:\/\/sport-index.fr\/blog\/wp-content\/uploads\/2026\/06\/persona_axel-l-96x96.jpg\",\"contentUrl\":\"https:\/\/sport-index.fr\/blog\/wp-content\/uploads\/2026\/06\/persona_axel-l-96x96.jpg\",\"caption\":\"Axel Lauzier\"},\"description\":\"Le sport rythme mon quotidien depuis l'enfance, et j'en ai fait mon m\u00e9tier d'analyste r\u00e9dactionnel il y a une dizaine d'ann\u00e9es. Je couvre principalement le football, son actualit\u00e9, ses transferts et l'analyse tactique des grandes affiches, mais aussi les disciplines plus confidentielles que j'aime remettre en lumi\u00e8re. Une partie de mon travail porte sur les pronostics et la lecture statistique d'un match : forme des \u00e9quipes, historique des confrontations, compositions, sans jamais vendre de fausse certitude. Je rappelle syst\u00e9matiquement que parier comporte un risque et doit rester un loisir ma\u00eetris\u00e9. Avant de signer une analyse, je v\u00e9rifie mes chiffres, je recoupe les compositions probables et je distingue toujours la donn\u00e9e brute de l'intuition. Mon objectif : offrir une lecture honn\u00eate et argument\u00e9e, pas un ticket gagnant garanti.\",\"sameAs\":[\"https:\/\/axellauzier.fr\/\"],\"url\":\"https:\/\/sport-index.fr\/blog\/auteur\/noname\/\"}]}<\/script>\n<!-- \/ Yoast SEO Premium plugin. -->","yoast_head_json":{"title":"rendre hommage \u00e0 federico martin aramburu : un voyage","description":"Ses amis et anciens co\u00e9quipiers ont entrepris de nombreuses initiatives pour honorer son h\u00e9ritage, notamment un voyage m\u00e9morable en Argentine. Ce p\u00e9riple\u2026","robots":{"index":"index","follow":"follow","max-snippet":"max-snippet:-1","max-image-preview":"max-image-preview:large","max-video-preview":"max-video-preview:-1"},"canonical":"https:\/\/sport-index.fr\/blog\/a-la-une\/rendre-hommage-a-federico-martin-aramburu-un-voyage-emouvant-en-argentine\/","og_locale":"fr_FR","og_type":"article","og_title":"rendre hommage \u00e0 federico martin aramburu : un voyage","og_description":"Ses amis et anciens co\u00e9quipiers ont entrepris de nombreuses initiatives pour honorer son h\u00e9ritage, notamment un voyage m\u00e9morable en Argentine. Ce p\u00e9riple\u2026","og_url":"https:\/\/sport-index.fr\/blog\/a-la-une\/rendre-hommage-a-federico-martin-aramburu-un-voyage-emouvant-en-argentine\/","og_site_name":"sport-index","author":"Axel Lauzier","twitter_card":"summary_large_image","schema":{"@context":"https:\/\/schema.org","@graph":[{"@type":"NewsArticle","@id":"https:\/\/sport-index.fr\/blog\/a-la-une\/rendre-hommage-a-federico-martin-aramburu-un-voyage-emouvant-en-argentine\/#article","isPartOf":{"@id":"https:\/\/sport-index.fr\/blog\/a-la-une\/rendre-hommage-a-federico-martin-aramburu-un-voyage-emouvant-en-argentine\/"},"author":{"name":"Axel Lauzier","@id":"https:\/\/sport-index.fr\/blog\/#\/schema\/person\/3c864cdc320801e3db34b663e7e3f816"},"headline":"rendre hommage \u00e0 federico martin aramburu : un voyage \u00e9mouvant en argentine","datePublished":"2025-03-19T13:14:32+00:00","mainEntityOfPage":{"@id":"https:\/\/sport-index.fr\/blog\/a-la-une\/rendre-hommage-a-federico-martin-aramburu-un-voyage-emouvant-en-argentine\/"},"wordCount":688,"commentCount":24,"publisher":{"@id":"https:\/\/sport-index.fr\/blog\/#organization"},"image":{"@id":"https:\/\/sport-index.fr\/blog\/a-la-une\/rendre-hommage-a-federico-martin-aramburu-un-voyage-emouvant-en-argentine\/#primaryimage"},"thumbnailUrl":"https:\/\/sport-index.fr\/blog\/wp-content\/uploads\/2025\/05\/sdxl-7253889270cde937f8b7e6fb6dde2156-scaled.png","keywords":["Camaraderie","Coh\u00e9sion d'\u00c9quipe","\u00c9v\u00e9nements Sportifs","Rugby","XV de France"],"articleSection":["\u00c0 la une"],"inLanguage":"fr-FR","potentialAction":[{"@type":"CommentAction","name":"Comment","target":["https:\/\/sport-index.fr\/blog\/a-la-une\/rendre-hommage-a-federico-martin-aramburu-un-voyage-emouvant-en-argentine\/#respond"]}]},{"@type":"WebPage","@id":"https:\/\/sport-index.fr\/blog\/a-la-une\/rendre-hommage-a-federico-martin-aramburu-un-voyage-emouvant-en-argentine\/","url":"https:\/\/sport-index.fr\/blog\/a-la-une\/rendre-hommage-a-federico-martin-aramburu-un-voyage-emouvant-en-argentine\/","name":"rendre hommage \u00e0 federico martin aramburu : un voyage","isPartOf":{"@id":"https:\/\/sport-index.fr\/blog\/#website"},"primaryImageOfPage":{"@id":"https:\/\/sport-index.fr\/blog\/a-la-une\/rendre-hommage-a-federico-martin-aramburu-un-voyage-emouvant-en-argentine\/#primaryimage"},"image":{"@id":"https:\/\/sport-index.fr\/blog\/a-la-une\/rendre-hommage-a-federico-martin-aramburu-un-voyage-emouvant-en-argentine\/#primaryimage"},"thumbnailUrl":"https:\/\/sport-index.fr\/blog\/wp-content\/uploads\/2025\/05\/sdxl-7253889270cde937f8b7e6fb6dde2156-scaled.png","datePublished":"2025-03-19T13:14:32+00:00","description":"Ses amis et anciens co\u00e9quipiers ont entrepris de nombreuses initiatives pour honorer son h\u00e9ritage, notamment un voyage m\u00e9morable en Argentine. Ce p\u00e9riple\u2026","inLanguage":"fr-FR","potentialAction":[{"@type":"ReadAction","target":["https:\/\/sport-index.fr\/blog\/a-la-une\/rendre-hommage-a-federico-martin-aramburu-un-voyage-emouvant-en-argentine\/"]}]},{"@type":"ImageObject","inLanguage":"fr-FR","@id":"https:\/\/sport-index.fr\/blog\/a-la-une\/rendre-hommage-a-federico-martin-aramburu-un-voyage-emouvant-en-argentine\/#primaryimage","url":"https:\/\/sport-index.fr\/blog\/wp-content\/uploads\/2025\/05\/sdxl-7253889270cde937f8b7e6fb6dde2156-scaled.png","contentUrl":"https:\/\/sport-index.fr\/blog\/wp-content\/uploads\/2025\/05\/sdxl-7253889270cde937f8b7e6fb6dde2156-scaled.png","width":1200,"height":500},{"@type":"WebSite","@id":"https:\/\/sport-index.fr\/blog\/#website","url":"https:\/\/sport-index.fr\/blog\/","name":"sport-index.fr","description":"Le score de l\u2019analyse sportive.","publisher":{"@id":"https:\/\/sport-index.fr\/blog\/#organization"},"alternateName":"Le score de l\u2019analyse sportive.","potentialAction":[{"@type":"SearchAction","target":{"@type":"EntryPoint","urlTemplate":"https:\/\/sport-index.fr\/blog\/?s={search_term_string}"},"query-input":{"@type":"PropertyValueSpecification","valueRequired":true,"valueName":"search_term_string"}}],"inLanguage":"fr-FR"},{"@type":"Organization","@id":"https:\/\/sport-index.fr\/blog\/#organization","name":"Foretsensations.fr","url":"https:\/\/sport-index.fr\/blog\/","logo":{"@type":"ImageObject","inLanguage":"fr-FR","@id":"https:\/\/sport-index.fr\/blog\/#\/schema\/logo\/image\/","url":"https:\/\/sport-index.fr\/blog\/wp-content\/uploads\/2026\/07\/logo-auto.png","contentUrl":"https:\/\/sport-index.fr\/blog\/wp-content\/uploads\/2026\/07\/logo-auto.png","width":1024,"height":1024,"caption":"Foretsensations.fr"},"image":{"@id":"https:\/\/sport-index.fr\/blog\/#\/schema\/logo\/image\/"}},{"@type":"Person","@id":"https:\/\/sport-index.fr\/blog\/#\/schema\/person\/3c864cdc320801e3db34b663e7e3f816","name":"Axel Lauzier","image":{"@type":"ImageObject","inLanguage":"fr-FR","@id":"https:\/\/sport-index.fr\/blog\/#\/schema\/person\/image\/","url":"https:\/\/sport-index.fr\/blog\/wp-content\/uploads\/2026\/06\/persona_axel-l-96x96.jpg","contentUrl":"https:\/\/sport-index.fr\/blog\/wp-content\/uploads\/2026\/06\/persona_axel-l-96x96.jpg","caption":"Axel Lauzier"},"description":"Le sport rythme mon quotidien depuis l'enfance, et j'en ai fait mon m\u00e9tier d'analyste r\u00e9dactionnel il y a une dizaine d'ann\u00e9es. Je couvre principalement le football, son actualit\u00e9, ses transferts et l'analyse tactique des grandes affiches, mais aussi les disciplines plus confidentielles que j'aime remettre en lumi\u00e8re. Une partie de mon travail porte sur les pronostics et la lecture statistique d'un match : forme des \u00e9quipes, historique des confrontations, compositions, sans jamais vendre de fausse certitude. Je rappelle syst\u00e9matiquement que parier comporte un risque et doit rester un loisir ma\u00eetris\u00e9. Avant de signer une analyse, je v\u00e9rifie mes chiffres, je recoupe les compositions probables et je distingue toujours la donn\u00e9e brute de l'intuition. Mon objectif : offrir une lecture honn\u00eate et argument\u00e9e, pas un ticket gagnant garanti.","sameAs":["https:\/\/axellauzier.fr\/"],"url":"https:\/\/sport-index.fr\/blog\/auteur\/noname\/"}]}},"_links":{"self":[{"href":"https:\/\/sport-index.fr\/blog\/wp-json\/wp\/v2\/posts\/12238","targetHints":{"allow":["GET"]}}],"collection":[{"href":"https:\/\/sport-index.fr\/blog\/wp-json\/wp\/v2\/posts"}],"about":[{"href":"https:\/\/sport-index.fr\/blog\/wp-json\/wp\/v2\/types\/post"}],"author":[{"embeddable":true,"href":"https:\/\/sport-index.fr\/blog\/wp-json\/wp\/v2\/users\/34"}],"replies":[{"embeddable":true,"href":"https:\/\/sport-index.fr\/blog\/wp-json\/wp\/v2\/comments?post=12238"}],"version-history":[{"count":1,"href":"https:\/\/sport-index.fr\/blog\/wp-json\/wp\/v2\/posts\/12238\/revisions"}],"predecessor-version":[{"id":12250,"href":"https:\/\/sport-index.fr\/blog\/wp-json\/wp\/v2\/posts\/12238\/revisions\/12250"}],"wp:featuredmedia":[{"embeddable":true,"href":"https:\/\/sport-index.fr\/blog\/wp-json\/wp\/v2\/media\/15555"}],"wp:attachment":[{"href":"https:\/\/sport-index.fr\/blog\/wp-json\/wp\/v2\/media?parent=12238"}],"wp:term":[{"taxonomy":"category","embeddable":true,"href":"https:\/\/sport-index.fr\/blog\/wp-json\/wp\/v2\/categories?post=12238"},{"taxonomy":"post_tag","embeddable":true,"href":"https:\/\/sport-index.fr\/blog\/wp-json\/wp\/v2\/tags?post=12238"}],"curies":[{"name":"wp","href":"https:\/\/api.w.org\/{rel}","templated":true}]}}