{"id":12240,"date":"2025-03-19T08:20:14","date_gmt":"2025-03-19T07:20:14","guid":{"rendered":"https:\/\/sport-index.fr\/blog\/a-la-une\/trois-ans-apres-la-perte-de-federico-aramburu-le-temoignage-poignant-de-maria\/"},"modified":"2025-03-19T08:25:26","modified_gmt":"2025-03-19T07:25:26","slug":"trois-ans-apres-la-perte-de-federico-aramburu-le-temoignage-poignant-de-maria","status":"publish","type":"post","link":"https:\/\/sport-index.fr\/blog\/a-la-une\/trois-ans-apres-la-perte-de-federico-aramburu-le-temoignage-poignant-de-maria\/","title":{"rendered":"Trois ans apr\u00e8s la perte de Federico Aramburu : le t\u00e9moignage poignant de Maria"},"content":{"rendered":"<h2>Une vie marqu\u00e9e par l&rsquo;absence<\/h2>\n<p>Trois ans plus tard, sa femme Maria t\u00e9moigne de son quotidien, partag\u00e9 entre le souvenir de son \u00e9poux et le d\u00e9fi d&rsquo;\u00e9lever leurs trois enfants. Dans une interview r\u00e9cente, elle \u00e9voque la douleur qui les habite, mais aussi leur volont\u00e9 de vivre dignement malgr\u00e9 cette trag\u00e9die.<\/p>\n<p>Maria partage que la vie \u00e0 la maison, bien que remplie de rires d&rsquo;enfants et d&rsquo;un nouveau petit chien, est teint\u00e9e de m\u00e9lancolie. Elle pr\u00e9cise : \u201cMon d\u00e9fi, aujourd&rsquo;hui, c&rsquo;est que la douleur soit v\u00e9cue et travaill\u00e9e, mais qu&rsquo;elle ne devienne pas une souffrance.\u201d Chaque enfant r\u00e9agit diff\u00e9remment \u00e0 cette perte, et Maria s&rsquo;efforce de les accompagner dans leur cheminement.<\/p>\n<h2>Le besoin de se reconnecter \u00e0 ses racines<\/h2>\n<p>Pour Maria, les voyages en Argentine demeurent essentiels. Elle explique que, m\u00eame si la distance est difficile, le retour dans son pays natal est une n\u00e9cessit\u00e9 pour elle et ses enfants. \u201cC&rsquo;est une obligation de passer un mois de vacances l\u00e0-bas pour se ressourcer\u201d, d\u00e9clare-t-elle, soulignant l&rsquo;importance des liens familiaux dans ce processus de gu\u00e9rison.<\/p>\n<p>Maria raconte \u00e9galement les d\u00e9fis logistiques qu&rsquo;elle rencontre, notamment en ce qui concerne l&rsquo;\u00e9cole et les voyages. \u201cSe rendre en Argentine est un r\u00e9el investissement, mais c&rsquo;est vital pour nous\u201d, dit-elle, illustrant l&rsquo;importance de maintenir un lien avec leurs racines argentines et la famille de Federico.<\/p>\n<h2>Un proc\u00e8s qui n&rsquo;arrive pas<\/h2>\n<p>Un des points les plus douloureux pour Maria est l&rsquo;absence de proc\u00e8s, trois ans apr\u00e8s le meurtre de son mari. En attendant, elle ressent une mont\u00e9e d&rsquo;impatience et de frustration. \u201cNous nous faisons un film en fonction des gestes, de la personnalit\u00e9 qu&rsquo;on connaissait de Fede\u201d, confie-t-elle, exprimant son besoin de justice pour pouvoir avancer.<\/p>\n<p>Maria d\u00e9crit \u00e9galement la complexit\u00e9 de ses \u00e9motions face \u00e0 ce long processus judiciaire. \u00ab\u00a0Je suis sereine \u00e0 l&rsquo;approche du proc\u00e8s\u00a0\u00bb, dit-elle, mais elle admet que l&rsquo;incertitude qui entoure cette affaire p\u00e8se lourdement sur sa famille. Elle attend un proc\u00e8s qui reconnaisse la pr\u00e9m\u00e9ditation de l&rsquo;acte, car pour elle, il ne s&rsquo;agit pas d&rsquo;une agression ordinaire, mais d&rsquo;un v\u00e9ritable assassinat.<\/p>\n<ul>\n<li>La perte de Federico a laiss\u00e9 un vide immense dans la vie de sa famille.<\/li>\n<li>Le lien avec l&rsquo;Argentine est crucial pour Maria et ses enfants.<\/li>\n<li>Le proc\u00e8s en attente est une source de douleur et d&rsquo;impatience.<\/li>\n<\/ul>\n<blockquote>\n<h2>La douleur emporte tout, mais j\u2019essaye d\u2019\u00eatre digne<\/h2>\n<\/blockquote>\n<p>Face \u00e0 cette trag\u00e9die, Maria s&rsquo;efforce de rester forte pour ses enfants. \u201cJe ne veux pas que, par mes sensations, ils aient des \u00e9motions qui ne soient pas propres \u00e0 eux\u201d, insiste-t-elle. Elle parle de l&rsquo;importance de travailler son deuil et d&rsquo;accepter la r\u00e9alit\u00e9 de la perte, tout en veillant \u00e0 ce que ses enfants ne soient pas accabl\u00e9s par des \u00e9motions n\u00e9gatives.<\/p>\n<p>Le parcours de Maria est inspirant. Elle g\u00e8re la douleur tout en essayant de cr\u00e9er un environnement stable pour ses enfants. Dans ce contexte, elle souligne : \u201cJe n&rsquo;ai pas peur qu&rsquo;on oublie Fede, car de toute fa\u00e7on, je ne pense pas que \u00e7a arrive.\u201d Sa d\u00e9termination \u00e0 honorer la m\u00e9moire de son mari tout en avan\u00e7ant dans la vie est un t\u00e9moignage puissant de r\u00e9silience.<\/p>\n<h2>Un appel \u00e0 la justice et \u00e0 la m\u00e9moire<\/h2>\n<p>Maria s&rsquo;exprime avec clart\u00e9 sur ses attentes vis-\u00e0-vis de la justice. Elle souhaite que le proc\u00e8s soit une \u00e9tape n\u00e9cessaire pour refermer cette p\u00e9riode douloureuse de leur vie. \u201cQuand tu pr\u00e9m\u00e9dites d\u2019aller tuer quelqu\u2019un, c\u2019est un assassinat\u201d, d\u00e9clare-t-elle fermement, soulignant l&rsquo;importance de reconna\u00eetre la gravit\u00e9 des actes commis contre Federico.<\/p>\n<p>Elle termine son t\u00e9moignage en faisant appel \u00e0 la responsabilit\u00e9 collective d\u2019assurer que de tels actes ne se reproduisent plus. Sa voix r\u00e9sonne comme un cri de ralliement pour ceux qui vivent des trag\u00e9dies similaires, et sa force est un exemple pour beaucoup. En attendant, elle continue d&rsquo;avancer, soutenue par l&rsquo;amour de ses enfants et le souvenir de son mari.<\/p>\n","protected":false},"excerpt":{"rendered":"","protected":false},"author":34,"featured_media":16291,"comment_status":"open","ping_status":"open","sticky":false,"template":"","format":"standard","meta":{"_acf_changed":false,"manual_indexmenow":false,"indexmenow_id_project":0,"footnotes":""},"categories":[1],"tags":[2574,4840,4529,4898,4408],"class_list":["post-12240","post","type-post","status-publish","format-standard","has-post-thumbnail","hentry","category-a-la-une","tag-bien-etre","tag-changement-social","tag-egalite-des-chances","tag-gestion-du-stress","tag-resilience","generate-columns","tablet-grid-50","mobile-grid-100","grid-parent","grid-25"],"acf":[],"yoast_head":"<!-- This site is optimized with the Yoast SEO Premium plugin v21.3 (Yoast SEO v26.5) - https:\/\/yoast.com\/wordpress\/plugins\/seo\/ -->\n<title>Trois ans apr\u00e8s la perte de Federico Aramburu<\/title>\n<meta name=\"description\" content=\"Une vie marqu\u00e9e par l&#039;absence Trois ans plus tard, sa femme Maria t\u00e9moigne de son quotidien, partag\u00e9 entre le souvenir de son \u00e9poux et le d\u00e9fi d&#039;\u00e9lever\u2026\" \/>\n<meta name=\"robots\" content=\"index, follow, max-snippet:-1, max-image-preview:large, max-video-preview:-1\" \/>\n<link rel=\"canonical\" href=\"https:\/\/sport-index.fr\/blog\/a-la-une\/trois-ans-apres-la-perte-de-federico-aramburu-le-temoignage-poignant-de-maria\/\" \/>\n<meta property=\"og:locale\" content=\"fr_FR\" \/>\n<meta property=\"og:type\" content=\"article\" \/>\n<meta property=\"og:title\" content=\"Trois ans apr\u00e8s la perte de Federico Aramburu\" \/>\n<meta property=\"og:description\" content=\"Une vie marqu\u00e9e par l&#039;absence Trois ans plus tard, sa femme Maria t\u00e9moigne de son quotidien, partag\u00e9 entre le souvenir de son \u00e9poux et le d\u00e9fi d&#039;\u00e9lever\u2026\" \/>\n<meta property=\"og:url\" content=\"https:\/\/sport-index.fr\/blog\/a-la-une\/trois-ans-apres-la-perte-de-federico-aramburu-le-temoignage-poignant-de-maria\/\" \/>\n<meta property=\"og:site_name\" content=\"sport-index\" \/>\n<meta name=\"author\" content=\"Axel Lauzier\" \/>\n<meta name=\"twitter:card\" content=\"summary_large_image\" \/>\n<script type=\"application\/ld+json\" class=\"yoast-schema-graph\">{\"@context\":\"https:\/\/schema.org\",\"@graph\":[{\"@type\":\"NewsArticle\",\"@id\":\"https:\/\/sport-index.fr\/blog\/a-la-une\/trois-ans-apres-la-perte-de-federico-aramburu-le-temoignage-poignant-de-maria\/#article\",\"isPartOf\":{\"@id\":\"https:\/\/sport-index.fr\/blog\/a-la-une\/trois-ans-apres-la-perte-de-federico-aramburu-le-temoignage-poignant-de-maria\/\"},\"author\":{\"name\":\"Axel Lauzier\",\"@id\":\"https:\/\/sport-index.fr\/blog\/#\/schema\/person\/3c864cdc320801e3db34b663e7e3f816\"},\"headline\":\"Trois ans apr\u00e8s la perte de Federico Aramburu : le t\u00e9moignage poignant de Maria\",\"datePublished\":\"2025-03-19T07:20:14+00:00\",\"dateModified\":\"2025-03-19T07:25:26+00:00\",\"mainEntityOfPage\":{\"@id\":\"https:\/\/sport-index.fr\/blog\/a-la-une\/trois-ans-apres-la-perte-de-federico-aramburu-le-temoignage-poignant-de-maria\/\"},\"wordCount\":731,\"commentCount\":27,\"publisher\":{\"@id\":\"https:\/\/sport-index.fr\/blog\/#organization\"},\"image\":{\"@id\":\"https:\/\/sport-index.fr\/blog\/a-la-une\/trois-ans-apres-la-perte-de-federico-aramburu-le-temoignage-poignant-de-maria\/#primaryimage\"},\"thumbnailUrl\":\"https:\/\/sport-index.fr\/blog\/wp-content\/uploads\/2025\/05\/sdxl-c4a091132b32f7716b7b8f2fab8c0447-scaled.png\",\"keywords\":[\"Bien-\u00catre\",\"Changement Social\",\"\u00c9galit\u00e9 des Chances\",\"Gestion Du Stress\",\"R\u00e9silience\"],\"articleSection\":[\"\u00c0 la une\"],\"inLanguage\":\"fr-FR\",\"potentialAction\":[{\"@type\":\"CommentAction\",\"name\":\"Comment\",\"target\":[\"https:\/\/sport-index.fr\/blog\/a-la-une\/trois-ans-apres-la-perte-de-federico-aramburu-le-temoignage-poignant-de-maria\/#respond\"]}]},{\"@type\":\"WebPage\",\"@id\":\"https:\/\/sport-index.fr\/blog\/a-la-une\/trois-ans-apres-la-perte-de-federico-aramburu-le-temoignage-poignant-de-maria\/\",\"url\":\"https:\/\/sport-index.fr\/blog\/a-la-une\/trois-ans-apres-la-perte-de-federico-aramburu-le-temoignage-poignant-de-maria\/\",\"name\":\"Trois ans apr\u00e8s la perte de Federico Aramburu\",\"isPartOf\":{\"@id\":\"https:\/\/sport-index.fr\/blog\/#website\"},\"primaryImageOfPage\":{\"@id\":\"https:\/\/sport-index.fr\/blog\/a-la-une\/trois-ans-apres-la-perte-de-federico-aramburu-le-temoignage-poignant-de-maria\/#primaryimage\"},\"image\":{\"@id\":\"https:\/\/sport-index.fr\/blog\/a-la-une\/trois-ans-apres-la-perte-de-federico-aramburu-le-temoignage-poignant-de-maria\/#primaryimage\"},\"thumbnailUrl\":\"https:\/\/sport-index.fr\/blog\/wp-content\/uploads\/2025\/05\/sdxl-c4a091132b32f7716b7b8f2fab8c0447-scaled.png\",\"datePublished\":\"2025-03-19T07:20:14+00:00\",\"dateModified\":\"2025-03-19T07:25:26+00:00\",\"description\":\"Une vie marqu\u00e9e par l'absence Trois ans plus tard, sa femme Maria t\u00e9moigne de son quotidien, partag\u00e9 entre le souvenir de son \u00e9poux et le d\u00e9fi d'\u00e9lever\u2026\",\"inLanguage\":\"fr-FR\",\"potentialAction\":[{\"@type\":\"ReadAction\",\"target\":[\"https:\/\/sport-index.fr\/blog\/a-la-une\/trois-ans-apres-la-perte-de-federico-aramburu-le-temoignage-poignant-de-maria\/\"]}]},{\"@type\":\"ImageObject\",\"inLanguage\":\"fr-FR\",\"@id\":\"https:\/\/sport-index.fr\/blog\/a-la-une\/trois-ans-apres-la-perte-de-federico-aramburu-le-temoignage-poignant-de-maria\/#primaryimage\",\"url\":\"https:\/\/sport-index.fr\/blog\/wp-content\/uploads\/2025\/05\/sdxl-c4a091132b32f7716b7b8f2fab8c0447-scaled.png\",\"contentUrl\":\"https:\/\/sport-index.fr\/blog\/wp-content\/uploads\/2025\/05\/sdxl-c4a091132b32f7716b7b8f2fab8c0447-scaled.png\",\"width\":1200,\"height\":500},{\"@type\":\"WebSite\",\"@id\":\"https:\/\/sport-index.fr\/blog\/#website\",\"url\":\"https:\/\/sport-index.fr\/blog\/\",\"name\":\"sport-index.fr\",\"description\":\"Le score de l\u2019analyse sportive.\",\"publisher\":{\"@id\":\"https:\/\/sport-index.fr\/blog\/#organization\"},\"alternateName\":\"Le score de l\u2019analyse sportive.\",\"potentialAction\":[{\"@type\":\"SearchAction\",\"target\":{\"@type\":\"EntryPoint\",\"urlTemplate\":\"https:\/\/sport-index.fr\/blog\/?s={search_term_string}\"},\"query-input\":{\"@type\":\"PropertyValueSpecification\",\"valueRequired\":true,\"valueName\":\"search_term_string\"}}],\"inLanguage\":\"fr-FR\"},{\"@type\":\"Organization\",\"@id\":\"https:\/\/sport-index.fr\/blog\/#organization\",\"name\":\"Foretsensations.fr\",\"url\":\"https:\/\/sport-index.fr\/blog\/\",\"logo\":{\"@type\":\"ImageObject\",\"inLanguage\":\"fr-FR\",\"@id\":\"https:\/\/sport-index.fr\/blog\/#\/schema\/logo\/image\/\",\"url\":\"https:\/\/sport-index.fr\/blog\/wp-content\/uploads\/2026\/07\/logo-auto.png\",\"contentUrl\":\"https:\/\/sport-index.fr\/blog\/wp-content\/uploads\/2026\/07\/logo-auto.png\",\"width\":1024,\"height\":1024,\"caption\":\"Foretsensations.fr\"},\"image\":{\"@id\":\"https:\/\/sport-index.fr\/blog\/#\/schema\/logo\/image\/\"}},{\"@type\":\"Person\",\"@id\":\"https:\/\/sport-index.fr\/blog\/#\/schema\/person\/3c864cdc320801e3db34b663e7e3f816\",\"name\":\"Axel Lauzier\",\"image\":{\"@type\":\"ImageObject\",\"inLanguage\":\"fr-FR\",\"@id\":\"https:\/\/sport-index.fr\/blog\/#\/schema\/person\/image\/\",\"url\":\"https:\/\/sport-index.fr\/blog\/wp-content\/uploads\/2026\/06\/persona_axel-l-96x96.jpg\",\"contentUrl\":\"https:\/\/sport-index.fr\/blog\/wp-content\/uploads\/2026\/06\/persona_axel-l-96x96.jpg\",\"caption\":\"Axel Lauzier\"},\"description\":\"Le sport rythme mon quotidien depuis l'enfance, et j'en ai fait mon m\u00e9tier d'analyste r\u00e9dactionnel il y a une dizaine d'ann\u00e9es. Je couvre principalement le football, son actualit\u00e9, ses transferts et l'analyse tactique des grandes affiches, mais aussi les disciplines plus confidentielles que j'aime remettre en lumi\u00e8re. Une partie de mon travail porte sur les pronostics et la lecture statistique d'un match : forme des \u00e9quipes, historique des confrontations, compositions, sans jamais vendre de fausse certitude. Je rappelle syst\u00e9matiquement que parier comporte un risque et doit rester un loisir ma\u00eetris\u00e9. Avant de signer une analyse, je v\u00e9rifie mes chiffres, je recoupe les compositions probables et je distingue toujours la donn\u00e9e brute de l'intuition. Mon objectif : offrir une lecture honn\u00eate et argument\u00e9e, pas un ticket gagnant garanti.\",\"sameAs\":[\"https:\/\/axellauzier.fr\/\"],\"url\":\"https:\/\/sport-index.fr\/blog\/auteur\/noname\/\"}]}<\/script>\n<!-- \/ Yoast SEO Premium plugin. -->","yoast_head_json":{"title":"Trois ans apr\u00e8s la perte de Federico Aramburu","description":"Une vie marqu\u00e9e par l'absence Trois ans plus tard, sa femme Maria t\u00e9moigne de son quotidien, partag\u00e9 entre le souvenir de son \u00e9poux et le d\u00e9fi d'\u00e9lever\u2026","robots":{"index":"index","follow":"follow","max-snippet":"max-snippet:-1","max-image-preview":"max-image-preview:large","max-video-preview":"max-video-preview:-1"},"canonical":"https:\/\/sport-index.fr\/blog\/a-la-une\/trois-ans-apres-la-perte-de-federico-aramburu-le-temoignage-poignant-de-maria\/","og_locale":"fr_FR","og_type":"article","og_title":"Trois ans apr\u00e8s la perte de Federico Aramburu","og_description":"Une vie marqu\u00e9e par l'absence Trois ans plus tard, sa femme Maria t\u00e9moigne de son quotidien, partag\u00e9 entre le souvenir de son \u00e9poux et le d\u00e9fi d'\u00e9lever\u2026","og_url":"https:\/\/sport-index.fr\/blog\/a-la-une\/trois-ans-apres-la-perte-de-federico-aramburu-le-temoignage-poignant-de-maria\/","og_site_name":"sport-index","author":"Axel Lauzier","twitter_card":"summary_large_image","schema":{"@context":"https:\/\/schema.org","@graph":[{"@type":"NewsArticle","@id":"https:\/\/sport-index.fr\/blog\/a-la-une\/trois-ans-apres-la-perte-de-federico-aramburu-le-temoignage-poignant-de-maria\/#article","isPartOf":{"@id":"https:\/\/sport-index.fr\/blog\/a-la-une\/trois-ans-apres-la-perte-de-federico-aramburu-le-temoignage-poignant-de-maria\/"},"author":{"name":"Axel Lauzier","@id":"https:\/\/sport-index.fr\/blog\/#\/schema\/person\/3c864cdc320801e3db34b663e7e3f816"},"headline":"Trois ans apr\u00e8s la perte de Federico Aramburu : le t\u00e9moignage poignant de Maria","datePublished":"2025-03-19T07:20:14+00:00","dateModified":"2025-03-19T07:25:26+00:00","mainEntityOfPage":{"@id":"https:\/\/sport-index.fr\/blog\/a-la-une\/trois-ans-apres-la-perte-de-federico-aramburu-le-temoignage-poignant-de-maria\/"},"wordCount":731,"commentCount":27,"publisher":{"@id":"https:\/\/sport-index.fr\/blog\/#organization"},"image":{"@id":"https:\/\/sport-index.fr\/blog\/a-la-une\/trois-ans-apres-la-perte-de-federico-aramburu-le-temoignage-poignant-de-maria\/#primaryimage"},"thumbnailUrl":"https:\/\/sport-index.fr\/blog\/wp-content\/uploads\/2025\/05\/sdxl-c4a091132b32f7716b7b8f2fab8c0447-scaled.png","keywords":["Bien-\u00catre","Changement Social","\u00c9galit\u00e9 des Chances","Gestion Du Stress","R\u00e9silience"],"articleSection":["\u00c0 la une"],"inLanguage":"fr-FR","potentialAction":[{"@type":"CommentAction","name":"Comment","target":["https:\/\/sport-index.fr\/blog\/a-la-une\/trois-ans-apres-la-perte-de-federico-aramburu-le-temoignage-poignant-de-maria\/#respond"]}]},{"@type":"WebPage","@id":"https:\/\/sport-index.fr\/blog\/a-la-une\/trois-ans-apres-la-perte-de-federico-aramburu-le-temoignage-poignant-de-maria\/","url":"https:\/\/sport-index.fr\/blog\/a-la-une\/trois-ans-apres-la-perte-de-federico-aramburu-le-temoignage-poignant-de-maria\/","name":"Trois ans apr\u00e8s la perte de Federico Aramburu","isPartOf":{"@id":"https:\/\/sport-index.fr\/blog\/#website"},"primaryImageOfPage":{"@id":"https:\/\/sport-index.fr\/blog\/a-la-une\/trois-ans-apres-la-perte-de-federico-aramburu-le-temoignage-poignant-de-maria\/#primaryimage"},"image":{"@id":"https:\/\/sport-index.fr\/blog\/a-la-une\/trois-ans-apres-la-perte-de-federico-aramburu-le-temoignage-poignant-de-maria\/#primaryimage"},"thumbnailUrl":"https:\/\/sport-index.fr\/blog\/wp-content\/uploads\/2025\/05\/sdxl-c4a091132b32f7716b7b8f2fab8c0447-scaled.png","datePublished":"2025-03-19T07:20:14+00:00","dateModified":"2025-03-19T07:25:26+00:00","description":"Une vie marqu\u00e9e par l'absence Trois ans plus tard, sa femme Maria t\u00e9moigne de son quotidien, partag\u00e9 entre le souvenir de son \u00e9poux et le d\u00e9fi d'\u00e9lever\u2026","inLanguage":"fr-FR","potentialAction":[{"@type":"ReadAction","target":["https:\/\/sport-index.fr\/blog\/a-la-une\/trois-ans-apres-la-perte-de-federico-aramburu-le-temoignage-poignant-de-maria\/"]}]},{"@type":"ImageObject","inLanguage":"fr-FR","@id":"https:\/\/sport-index.fr\/blog\/a-la-une\/trois-ans-apres-la-perte-de-federico-aramburu-le-temoignage-poignant-de-maria\/#primaryimage","url":"https:\/\/sport-index.fr\/blog\/wp-content\/uploads\/2025\/05\/sdxl-c4a091132b32f7716b7b8f2fab8c0447-scaled.png","contentUrl":"https:\/\/sport-index.fr\/blog\/wp-content\/uploads\/2025\/05\/sdxl-c4a091132b32f7716b7b8f2fab8c0447-scaled.png","width":1200,"height":500},{"@type":"WebSite","@id":"https:\/\/sport-index.fr\/blog\/#website","url":"https:\/\/sport-index.fr\/blog\/","name":"sport-index.fr","description":"Le score de l\u2019analyse sportive.","publisher":{"@id":"https:\/\/sport-index.fr\/blog\/#organization"},"alternateName":"Le score de l\u2019analyse sportive.","potentialAction":[{"@type":"SearchAction","target":{"@type":"EntryPoint","urlTemplate":"https:\/\/sport-index.fr\/blog\/?s={search_term_string}"},"query-input":{"@type":"PropertyValueSpecification","valueRequired":true,"valueName":"search_term_string"}}],"inLanguage":"fr-FR"},{"@type":"Organization","@id":"https:\/\/sport-index.fr\/blog\/#organization","name":"Foretsensations.fr","url":"https:\/\/sport-index.fr\/blog\/","logo":{"@type":"ImageObject","inLanguage":"fr-FR","@id":"https:\/\/sport-index.fr\/blog\/#\/schema\/logo\/image\/","url":"https:\/\/sport-index.fr\/blog\/wp-content\/uploads\/2026\/07\/logo-auto.png","contentUrl":"https:\/\/sport-index.fr\/blog\/wp-content\/uploads\/2026\/07\/logo-auto.png","width":1024,"height":1024,"caption":"Foretsensations.fr"},"image":{"@id":"https:\/\/sport-index.fr\/blog\/#\/schema\/logo\/image\/"}},{"@type":"Person","@id":"https:\/\/sport-index.fr\/blog\/#\/schema\/person\/3c864cdc320801e3db34b663e7e3f816","name":"Axel Lauzier","image":{"@type":"ImageObject","inLanguage":"fr-FR","@id":"https:\/\/sport-index.fr\/blog\/#\/schema\/person\/image\/","url":"https:\/\/sport-index.fr\/blog\/wp-content\/uploads\/2026\/06\/persona_axel-l-96x96.jpg","contentUrl":"https:\/\/sport-index.fr\/blog\/wp-content\/uploads\/2026\/06\/persona_axel-l-96x96.jpg","caption":"Axel Lauzier"},"description":"Le sport rythme mon quotidien depuis l'enfance, et j'en ai fait mon m\u00e9tier d'analyste r\u00e9dactionnel il y a une dizaine d'ann\u00e9es. Je couvre principalement le football, son actualit\u00e9, ses transferts et l'analyse tactique des grandes affiches, mais aussi les disciplines plus confidentielles que j'aime remettre en lumi\u00e8re. Une partie de mon travail porte sur les pronostics et la lecture statistique d'un match : forme des \u00e9quipes, historique des confrontations, compositions, sans jamais vendre de fausse certitude. Je rappelle syst\u00e9matiquement que parier comporte un risque et doit rester un loisir ma\u00eetris\u00e9. Avant de signer une analyse, je v\u00e9rifie mes chiffres, je recoupe les compositions probables et je distingue toujours la donn\u00e9e brute de l'intuition. Mon objectif : offrir une lecture honn\u00eate et argument\u00e9e, pas un ticket gagnant garanti.","sameAs":["https:\/\/axellauzier.fr\/"],"url":"https:\/\/sport-index.fr\/blog\/auteur\/noname\/"}]}},"_links":{"self":[{"href":"https:\/\/sport-index.fr\/blog\/wp-json\/wp\/v2\/posts\/12240","targetHints":{"allow":["GET"]}}],"collection":[{"href":"https:\/\/sport-index.fr\/blog\/wp-json\/wp\/v2\/posts"}],"about":[{"href":"https:\/\/sport-index.fr\/blog\/wp-json\/wp\/v2\/types\/post"}],"author":[{"embeddable":true,"href":"https:\/\/sport-index.fr\/blog\/wp-json\/wp\/v2\/users\/34"}],"replies":[{"embeddable":true,"href":"https:\/\/sport-index.fr\/blog\/wp-json\/wp\/v2\/comments?post=12240"}],"version-history":[{"count":0,"href":"https:\/\/sport-index.fr\/blog\/wp-json\/wp\/v2\/posts\/12240\/revisions"}],"wp:featuredmedia":[{"embeddable":true,"href":"https:\/\/sport-index.fr\/blog\/wp-json\/wp\/v2\/media\/16291"}],"wp:attachment":[{"href":"https:\/\/sport-index.fr\/blog\/wp-json\/wp\/v2\/media?parent=12240"}],"wp:term":[{"taxonomy":"category","embeddable":true,"href":"https:\/\/sport-index.fr\/blog\/wp-json\/wp\/v2\/categories?post=12240"},{"taxonomy":"post_tag","embeddable":true,"href":"https:\/\/sport-index.fr\/blog\/wp-json\/wp\/v2\/tags?post=12240"}],"curies":[{"name":"wp","href":"https:\/\/api.w.org\/{rel}","templated":true}]}}