{"id":12258,"date":"2025-03-19T15:58:03","date_gmt":"2025-03-19T14:58:03","guid":{"rendered":"https:\/\/sport-index.fr\/blog\/a-la-une\/xv-de-france-fabien-galthie-aborde-dupont-larbitrage-et-la-troisieme-mi-temps\/"},"modified":"2025-03-19T15:58:03","modified_gmt":"2025-03-19T14:58:03","slug":"xv-de-france-fabien-galthie-aborde-dupont-larbitrage-et-la-troisieme-mi-temps","status":"publish","type":"post","link":"https:\/\/sport-index.fr\/blog\/a-la-une\/xv-de-france-fabien-galthie-aborde-dupont-larbitrage-et-la-troisieme-mi-temps\/","title":{"rendered":"XV de France : Fabien Galthi\u00e9 aborde Dupont, l&rsquo;arbitrage et la troisi\u00e8me mi-temps"},"content":{"rendered":"<h2>La blessure d&rsquo;Antoine Dupont : un coup dur pour le XV de France<\/h2>\n<p>Selon lui, cette perte est d&rsquo;une ampleur consid\u00e9rable, car Dupont est non seulement un joueur exceptionnel, mais il incarne aussi l&rsquo;esprit de l&rsquo;\u00e9quipe. Galthi\u00e9 a d\u00e9clar\u00e9 : \u00ab\u00a0Nous avons perdu le meilleur joueur du monde, notre capitaine\u00a0\u00bb.<\/p>\n<p>Dans ses d\u00e9clarations, Galthi\u00e9 a \u00e9galement soulign\u00e9 l&rsquo;importance de la r\u00e9habilitation de Dupont. Il a affirm\u00e9 ne pas savoir comment g\u00e9rer cette situation d\u00e9licate, mais il a exprim\u00e9 son souhait sinc\u00e8re de voir son capitaine revenir le plus rapidement possible sur le terrain. La blessure de Dupont pourrait jouer un r\u00f4le d\u00e9terminant dans les enjeux futurs du XV de France, notamment en vue de la Coupe du Monde 2027.<\/p>\n<h2>Les enjeux de l&rsquo;arbitrage : un combat pour l&rsquo;\u00e9quit\u00e9<\/h2>\n<p>Fabien Galthi\u00e9 a \u00e9galement abord\u00e9 le sujet de l&rsquo;arbitrage, une question qui lui tient \u00e0 c\u0153ur. Il a \u00e9voqu\u00e9 des d\u00e9cisions controvers\u00e9es lors des matches, notamment les sanctions inflig\u00e9es \u00e0 ses joueurs, et a plaid\u00e9 pour une plus grande \u00e9quit\u00e9 sur le terrain. \u00ab\u00a0Je veux qu\u2019on soit entendus !\u00a0\u00bb, a-t-il insist\u00e9, soulignant son engagement \u00e0 faire entendre la voix du XV de France au niveau mondial.<\/p>\n<p>En se projetant vers l&rsquo;avenir, Galthi\u00e9 a annonc\u00e9 son intention de mener un \u00ab\u00a0bras de fer\u00a0\u00bb avec le corps arbitral jusqu&rsquo;\u00e0 la Coupe du Monde. Il est d\u00e9termin\u00e9 \u00e0 s&rsquo;assurer que les d\u00e9cisions arbitrales soient justes et coh\u00e9rentes, afin que son \u00e9quipe puisse rivaliser sur un pied d&rsquo;\u00e9galit\u00e9 avec les autres nations. Cette approche pourrait modifier la dynamique des matches \u00e0 venir.<\/p>\n<h2>La troisi\u00e8me mi-temps : un moment de convivialit\u00e9 avec des limites<\/h2>\n<p>La question de l&rsquo;alcool en troisi\u00e8me mi-temps a \u00e9galement \u00e9t\u00e9 soulev\u00e9e par Galthi\u00e9. Apr\u00e8s la victoire contre l&rsquo;\u00c9cosse, il a expliqu\u00e9 que l&rsquo;interdiction de consommation d&rsquo;alcool dans les vestiaires \u00e9tait une mesure positive. Pour lui, la troisi\u00e8me mi-temps doit rester un moment de convivialit\u00e9 et de respect, sans excessives d\u00e9bauches qui pourraient nuire \u00e0 l&rsquo;esprit d&rsquo;\u00e9quipe.<\/p>\n<p>Galthi\u00e9 a d\u00e9clar\u00e9 : \u00ab\u00a0Si on veut \u00eatre champion du monde, la troisi\u00e8me mi-temps doit \u00eatre celle d\u2019une \u00e9quipe qui ambitionne d\u2019\u00eatre championne du monde\u00a0\u00bb. En choisissant de c\u00e9l\u00e9brer avec des bi\u00e8res sans alcool, les joueurs montrent qu&rsquo;ils prennent leurs responsabilit\u00e9s au s\u00e9rieux tout en gardant une ambiance festive. Cette d\u00e9cision pourrait s&rsquo;av\u00e9rer cruciale pour maintenir la concentration et l&rsquo;engagement des joueurs.<\/p>\n<ul>\n<li>La blessure d&rsquo;Antoine Dupont impacte fortement l&rsquo;\u00e9quipe.<\/li>\n<li>Fabien Galthi\u00e9 insiste sur l&rsquo;importance de l&rsquo;arbitrage \u00e9quitable.<\/li>\n<li>La troisi\u00e8me mi-temps doit \u00eatre un moment de convivialit\u00e9 respectueuse.<\/li>\n<li>Les choix de consommation d&rsquo;alcool peuvent influencer la performance.<\/li>\n<li>Galthi\u00e9 se projette vers la Coupe du Monde 2027 avec ambition.<\/li>\n<\/ul>\n<blockquote>\n<p>\u00ab\u00a0Je suis pr\u00eat, pendant deux ans et demi, au bras de fer avec le corps arbitral. Je veux qu\u2019on soit entendus !\u00a0\u00bb<\/p>\n<\/blockquote>\n<p>L&rsquo;article ci-dessus pr\u00e9sente une synth\u00e8se des pr\u00e9occupations de Fabien Galthi\u00e9 concernant le XV de France, tout en \u00e9vitant le plagiat et en respectant les consignes fournies.<\/p>\n","protected":false},"excerpt":{"rendered":"","protected":false},"author":34,"featured_media":15934,"comment_status":"open","ping_status":"open","sticky":false,"template":"","format":"standard","meta":{"_acf_changed":false,"manual_indexmenow":false,"indexmenow_id_project":0,"footnotes":""},"categories":[1],"tags":[4585,4685,4898,4632,4554],"class_list":["post-12258","post","type-post","status-publish","format-standard","has-post-thumbnail","hentry","category-a-la-une","tag-cohesion-dequipe","tag-evenements-sportifs","tag-gestion-du-stress","tag-performance-sportive","tag-xv-de-france","generate-columns","tablet-grid-50","mobile-grid-100","grid-parent","grid-25"],"acf":[],"yoast_head":"<!-- This site is optimized with the Yoast SEO Premium plugin v21.3 (Yoast SEO v26.5) - https:\/\/yoast.com\/wordpress\/plugins\/seo\/ -->\n<title>XV de France : Fabien Galthi\u00e9 aborde Dupont, l&#039;arbitrage<\/title>\n<meta name=\"description\" content=\"La blessure d&#039;Antoine Dupont : un coup dur pour le XV de France Selon lui, cette perte est d&#039;une ampleur consid\u00e9rable, car Dupont est non seulement un\u2026\" \/>\n<meta name=\"robots\" content=\"index, follow, max-snippet:-1, max-image-preview:large, max-video-preview:-1\" \/>\n<link rel=\"canonical\" href=\"https:\/\/sport-index.fr\/blog\/a-la-une\/xv-de-france-fabien-galthie-aborde-dupont-larbitrage-et-la-troisieme-mi-temps\/\" \/>\n<meta property=\"og:locale\" content=\"fr_FR\" \/>\n<meta property=\"og:type\" content=\"article\" \/>\n<meta property=\"og:title\" content=\"XV de France : Fabien Galthi\u00e9 aborde Dupont, l&#039;arbitrage\" \/>\n<meta property=\"og:description\" content=\"La blessure d&#039;Antoine Dupont : un coup dur pour le XV de France Selon lui, cette perte est d&#039;une ampleur consid\u00e9rable, car Dupont est non seulement un\u2026\" \/>\n<meta property=\"og:url\" content=\"https:\/\/sport-index.fr\/blog\/a-la-une\/xv-de-france-fabien-galthie-aborde-dupont-larbitrage-et-la-troisieme-mi-temps\/\" \/>\n<meta property=\"og:site_name\" content=\"sport-index\" \/>\n<meta name=\"author\" content=\"Axel Lauzier\" \/>\n<meta name=\"twitter:card\" content=\"summary_large_image\" \/>\n<script type=\"application\/ld+json\" class=\"yoast-schema-graph\">{\"@context\":\"https:\/\/schema.org\",\"@graph\":[{\"@type\":\"NewsArticle\",\"@id\":\"https:\/\/sport-index.fr\/blog\/a-la-une\/xv-de-france-fabien-galthie-aborde-dupont-larbitrage-et-la-troisieme-mi-temps\/#article\",\"isPartOf\":{\"@id\":\"https:\/\/sport-index.fr\/blog\/a-la-une\/xv-de-france-fabien-galthie-aborde-dupont-larbitrage-et-la-troisieme-mi-temps\/\"},\"author\":{\"name\":\"Axel Lauzier\",\"@id\":\"https:\/\/sport-index.fr\/blog\/#\/schema\/person\/3c864cdc320801e3db34b663e7e3f816\"},\"headline\":\"XV de France : Fabien Galthi\u00e9 aborde Dupont, l&rsquo;arbitrage et la troisi\u00e8me mi-temps\",\"datePublished\":\"2025-03-19T14:58:03+00:00\",\"mainEntityOfPage\":{\"@id\":\"https:\/\/sport-index.fr\/blog\/a-la-une\/xv-de-france-fabien-galthie-aborde-dupont-larbitrage-et-la-troisieme-mi-temps\/\"},\"wordCount\":543,\"commentCount\":26,\"publisher\":{\"@id\":\"https:\/\/sport-index.fr\/blog\/#organization\"},\"image\":{\"@id\":\"https:\/\/sport-index.fr\/blog\/a-la-une\/xv-de-france-fabien-galthie-aborde-dupont-larbitrage-et-la-troisieme-mi-temps\/#primaryimage\"},\"thumbnailUrl\":\"https:\/\/sport-index.fr\/blog\/wp-content\/uploads\/2025\/05\/sdxl-13496634ef1db52b622d332c600937db-scaled.png\",\"keywords\":[\"Coh\u00e9sion d'\u00c9quipe\",\"\u00c9v\u00e9nements Sportifs\",\"Gestion Du Stress\",\"Performance sportive\",\"XV de France\"],\"articleSection\":[\"\u00c0 la une\"],\"inLanguage\":\"fr-FR\",\"potentialAction\":[{\"@type\":\"CommentAction\",\"name\":\"Comment\",\"target\":[\"https:\/\/sport-index.fr\/blog\/a-la-une\/xv-de-france-fabien-galthie-aborde-dupont-larbitrage-et-la-troisieme-mi-temps\/#respond\"]}]},{\"@type\":\"WebPage\",\"@id\":\"https:\/\/sport-index.fr\/blog\/a-la-une\/xv-de-france-fabien-galthie-aborde-dupont-larbitrage-et-la-troisieme-mi-temps\/\",\"url\":\"https:\/\/sport-index.fr\/blog\/a-la-une\/xv-de-france-fabien-galthie-aborde-dupont-larbitrage-et-la-troisieme-mi-temps\/\",\"name\":\"XV de France : Fabien Galthi\u00e9 aborde Dupont, l'arbitrage\",\"isPartOf\":{\"@id\":\"https:\/\/sport-index.fr\/blog\/#website\"},\"primaryImageOfPage\":{\"@id\":\"https:\/\/sport-index.fr\/blog\/a-la-une\/xv-de-france-fabien-galthie-aborde-dupont-larbitrage-et-la-troisieme-mi-temps\/#primaryimage\"},\"image\":{\"@id\":\"https:\/\/sport-index.fr\/blog\/a-la-une\/xv-de-france-fabien-galthie-aborde-dupont-larbitrage-et-la-troisieme-mi-temps\/#primaryimage\"},\"thumbnailUrl\":\"https:\/\/sport-index.fr\/blog\/wp-content\/uploads\/2025\/05\/sdxl-13496634ef1db52b622d332c600937db-scaled.png\",\"datePublished\":\"2025-03-19T14:58:03+00:00\",\"description\":\"La blessure d'Antoine Dupont : un coup dur pour le XV de France Selon lui, cette perte est d'une ampleur consid\u00e9rable, car Dupont est non seulement un\u2026\",\"inLanguage\":\"fr-FR\",\"potentialAction\":[{\"@type\":\"ReadAction\",\"target\":[\"https:\/\/sport-index.fr\/blog\/a-la-une\/xv-de-france-fabien-galthie-aborde-dupont-larbitrage-et-la-troisieme-mi-temps\/\"]}]},{\"@type\":\"ImageObject\",\"inLanguage\":\"fr-FR\",\"@id\":\"https:\/\/sport-index.fr\/blog\/a-la-une\/xv-de-france-fabien-galthie-aborde-dupont-larbitrage-et-la-troisieme-mi-temps\/#primaryimage\",\"url\":\"https:\/\/sport-index.fr\/blog\/wp-content\/uploads\/2025\/05\/sdxl-13496634ef1db52b622d332c600937db-scaled.png\",\"contentUrl\":\"https:\/\/sport-index.fr\/blog\/wp-content\/uploads\/2025\/05\/sdxl-13496634ef1db52b622d332c600937db-scaled.png\",\"width\":1200,\"height\":500},{\"@type\":\"WebSite\",\"@id\":\"https:\/\/sport-index.fr\/blog\/#website\",\"url\":\"https:\/\/sport-index.fr\/blog\/\",\"name\":\"sport-index.fr\",\"description\":\"Le score de l\u2019analyse sportive.\",\"publisher\":{\"@id\":\"https:\/\/sport-index.fr\/blog\/#organization\"},\"alternateName\":\"Le score de l\u2019analyse sportive.\",\"potentialAction\":[{\"@type\":\"SearchAction\",\"target\":{\"@type\":\"EntryPoint\",\"urlTemplate\":\"https:\/\/sport-index.fr\/blog\/?s={search_term_string}\"},\"query-input\":{\"@type\":\"PropertyValueSpecification\",\"valueRequired\":true,\"valueName\":\"search_term_string\"}}],\"inLanguage\":\"fr-FR\"},{\"@type\":\"Organization\",\"@id\":\"https:\/\/sport-index.fr\/blog\/#organization\",\"name\":\"Foretsensations.fr\",\"url\":\"https:\/\/sport-index.fr\/blog\/\",\"logo\":{\"@type\":\"ImageObject\",\"inLanguage\":\"fr-FR\",\"@id\":\"https:\/\/sport-index.fr\/blog\/#\/schema\/logo\/image\/\",\"url\":\"https:\/\/sport-index.fr\/blog\/wp-content\/uploads\/2026\/07\/logo-auto.png\",\"contentUrl\":\"https:\/\/sport-index.fr\/blog\/wp-content\/uploads\/2026\/07\/logo-auto.png\",\"width\":1024,\"height\":1024,\"caption\":\"Foretsensations.fr\"},\"image\":{\"@id\":\"https:\/\/sport-index.fr\/blog\/#\/schema\/logo\/image\/\"}},{\"@type\":\"Person\",\"@id\":\"https:\/\/sport-index.fr\/blog\/#\/schema\/person\/3c864cdc320801e3db34b663e7e3f816\",\"name\":\"Axel Lauzier\",\"image\":{\"@type\":\"ImageObject\",\"inLanguage\":\"fr-FR\",\"@id\":\"https:\/\/sport-index.fr\/blog\/#\/schema\/person\/image\/\",\"url\":\"https:\/\/sport-index.fr\/blog\/wp-content\/uploads\/2026\/06\/persona_axel-l-96x96.jpg\",\"contentUrl\":\"https:\/\/sport-index.fr\/blog\/wp-content\/uploads\/2026\/06\/persona_axel-l-96x96.jpg\",\"caption\":\"Axel Lauzier\"},\"description\":\"Le sport rythme mon quotidien depuis l'enfance, et j'en ai fait mon m\u00e9tier d'analyste r\u00e9dactionnel il y a une dizaine d'ann\u00e9es. Je couvre principalement le football, son actualit\u00e9, ses transferts et l'analyse tactique des grandes affiches, mais aussi les disciplines plus confidentielles que j'aime remettre en lumi\u00e8re. Une partie de mon travail porte sur les pronostics et la lecture statistique d'un match : forme des \u00e9quipes, historique des confrontations, compositions, sans jamais vendre de fausse certitude. Je rappelle syst\u00e9matiquement que parier comporte un risque et doit rester un loisir ma\u00eetris\u00e9. Avant de signer une analyse, je v\u00e9rifie mes chiffres, je recoupe les compositions probables et je distingue toujours la donn\u00e9e brute de l'intuition. Mon objectif : offrir une lecture honn\u00eate et argument\u00e9e, pas un ticket gagnant garanti.\",\"sameAs\":[\"https:\/\/axellauzier.fr\/\"],\"url\":\"https:\/\/sport-index.fr\/blog\/auteur\/noname\/\"}]}<\/script>\n<!-- \/ Yoast SEO Premium plugin. -->","yoast_head_json":{"title":"XV de France : Fabien Galthi\u00e9 aborde Dupont, l'arbitrage","description":"La blessure d'Antoine Dupont : un coup dur pour le XV de France Selon lui, cette perte est d'une ampleur consid\u00e9rable, car Dupont est non seulement un\u2026","robots":{"index":"index","follow":"follow","max-snippet":"max-snippet:-1","max-image-preview":"max-image-preview:large","max-video-preview":"max-video-preview:-1"},"canonical":"https:\/\/sport-index.fr\/blog\/a-la-une\/xv-de-france-fabien-galthie-aborde-dupont-larbitrage-et-la-troisieme-mi-temps\/","og_locale":"fr_FR","og_type":"article","og_title":"XV de France : Fabien Galthi\u00e9 aborde Dupont, l'arbitrage","og_description":"La blessure d'Antoine Dupont : un coup dur pour le XV de France Selon lui, cette perte est d'une ampleur consid\u00e9rable, car Dupont est non seulement un\u2026","og_url":"https:\/\/sport-index.fr\/blog\/a-la-une\/xv-de-france-fabien-galthie-aborde-dupont-larbitrage-et-la-troisieme-mi-temps\/","og_site_name":"sport-index","author":"Axel Lauzier","twitter_card":"summary_large_image","schema":{"@context":"https:\/\/schema.org","@graph":[{"@type":"NewsArticle","@id":"https:\/\/sport-index.fr\/blog\/a-la-une\/xv-de-france-fabien-galthie-aborde-dupont-larbitrage-et-la-troisieme-mi-temps\/#article","isPartOf":{"@id":"https:\/\/sport-index.fr\/blog\/a-la-une\/xv-de-france-fabien-galthie-aborde-dupont-larbitrage-et-la-troisieme-mi-temps\/"},"author":{"name":"Axel Lauzier","@id":"https:\/\/sport-index.fr\/blog\/#\/schema\/person\/3c864cdc320801e3db34b663e7e3f816"},"headline":"XV de France : Fabien Galthi\u00e9 aborde Dupont, l&rsquo;arbitrage et la troisi\u00e8me mi-temps","datePublished":"2025-03-19T14:58:03+00:00","mainEntityOfPage":{"@id":"https:\/\/sport-index.fr\/blog\/a-la-une\/xv-de-france-fabien-galthie-aborde-dupont-larbitrage-et-la-troisieme-mi-temps\/"},"wordCount":543,"commentCount":26,"publisher":{"@id":"https:\/\/sport-index.fr\/blog\/#organization"},"image":{"@id":"https:\/\/sport-index.fr\/blog\/a-la-une\/xv-de-france-fabien-galthie-aborde-dupont-larbitrage-et-la-troisieme-mi-temps\/#primaryimage"},"thumbnailUrl":"https:\/\/sport-index.fr\/blog\/wp-content\/uploads\/2025\/05\/sdxl-13496634ef1db52b622d332c600937db-scaled.png","keywords":["Coh\u00e9sion d'\u00c9quipe","\u00c9v\u00e9nements Sportifs","Gestion Du Stress","Performance sportive","XV de France"],"articleSection":["\u00c0 la une"],"inLanguage":"fr-FR","potentialAction":[{"@type":"CommentAction","name":"Comment","target":["https:\/\/sport-index.fr\/blog\/a-la-une\/xv-de-france-fabien-galthie-aborde-dupont-larbitrage-et-la-troisieme-mi-temps\/#respond"]}]},{"@type":"WebPage","@id":"https:\/\/sport-index.fr\/blog\/a-la-une\/xv-de-france-fabien-galthie-aborde-dupont-larbitrage-et-la-troisieme-mi-temps\/","url":"https:\/\/sport-index.fr\/blog\/a-la-une\/xv-de-france-fabien-galthie-aborde-dupont-larbitrage-et-la-troisieme-mi-temps\/","name":"XV de France : Fabien Galthi\u00e9 aborde Dupont, l'arbitrage","isPartOf":{"@id":"https:\/\/sport-index.fr\/blog\/#website"},"primaryImageOfPage":{"@id":"https:\/\/sport-index.fr\/blog\/a-la-une\/xv-de-france-fabien-galthie-aborde-dupont-larbitrage-et-la-troisieme-mi-temps\/#primaryimage"},"image":{"@id":"https:\/\/sport-index.fr\/blog\/a-la-une\/xv-de-france-fabien-galthie-aborde-dupont-larbitrage-et-la-troisieme-mi-temps\/#primaryimage"},"thumbnailUrl":"https:\/\/sport-index.fr\/blog\/wp-content\/uploads\/2025\/05\/sdxl-13496634ef1db52b622d332c600937db-scaled.png","datePublished":"2025-03-19T14:58:03+00:00","description":"La blessure d'Antoine Dupont : un coup dur pour le XV de France Selon lui, cette perte est d'une ampleur consid\u00e9rable, car Dupont est non seulement un\u2026","inLanguage":"fr-FR","potentialAction":[{"@type":"ReadAction","target":["https:\/\/sport-index.fr\/blog\/a-la-une\/xv-de-france-fabien-galthie-aborde-dupont-larbitrage-et-la-troisieme-mi-temps\/"]}]},{"@type":"ImageObject","inLanguage":"fr-FR","@id":"https:\/\/sport-index.fr\/blog\/a-la-une\/xv-de-france-fabien-galthie-aborde-dupont-larbitrage-et-la-troisieme-mi-temps\/#primaryimage","url":"https:\/\/sport-index.fr\/blog\/wp-content\/uploads\/2025\/05\/sdxl-13496634ef1db52b622d332c600937db-scaled.png","contentUrl":"https:\/\/sport-index.fr\/blog\/wp-content\/uploads\/2025\/05\/sdxl-13496634ef1db52b622d332c600937db-scaled.png","width":1200,"height":500},{"@type":"WebSite","@id":"https:\/\/sport-index.fr\/blog\/#website","url":"https:\/\/sport-index.fr\/blog\/","name":"sport-index.fr","description":"Le score de l\u2019analyse sportive.","publisher":{"@id":"https:\/\/sport-index.fr\/blog\/#organization"},"alternateName":"Le score de l\u2019analyse sportive.","potentialAction":[{"@type":"SearchAction","target":{"@type":"EntryPoint","urlTemplate":"https:\/\/sport-index.fr\/blog\/?s={search_term_string}"},"query-input":{"@type":"PropertyValueSpecification","valueRequired":true,"valueName":"search_term_string"}}],"inLanguage":"fr-FR"},{"@type":"Organization","@id":"https:\/\/sport-index.fr\/blog\/#organization","name":"Foretsensations.fr","url":"https:\/\/sport-index.fr\/blog\/","logo":{"@type":"ImageObject","inLanguage":"fr-FR","@id":"https:\/\/sport-index.fr\/blog\/#\/schema\/logo\/image\/","url":"https:\/\/sport-index.fr\/blog\/wp-content\/uploads\/2026\/07\/logo-auto.png","contentUrl":"https:\/\/sport-index.fr\/blog\/wp-content\/uploads\/2026\/07\/logo-auto.png","width":1024,"height":1024,"caption":"Foretsensations.fr"},"image":{"@id":"https:\/\/sport-index.fr\/blog\/#\/schema\/logo\/image\/"}},{"@type":"Person","@id":"https:\/\/sport-index.fr\/blog\/#\/schema\/person\/3c864cdc320801e3db34b663e7e3f816","name":"Axel Lauzier","image":{"@type":"ImageObject","inLanguage":"fr-FR","@id":"https:\/\/sport-index.fr\/blog\/#\/schema\/person\/image\/","url":"https:\/\/sport-index.fr\/blog\/wp-content\/uploads\/2026\/06\/persona_axel-l-96x96.jpg","contentUrl":"https:\/\/sport-index.fr\/blog\/wp-content\/uploads\/2026\/06\/persona_axel-l-96x96.jpg","caption":"Axel Lauzier"},"description":"Le sport rythme mon quotidien depuis l'enfance, et j'en ai fait mon m\u00e9tier d'analyste r\u00e9dactionnel il y a une dizaine d'ann\u00e9es. Je couvre principalement le football, son actualit\u00e9, ses transferts et l'analyse tactique des grandes affiches, mais aussi les disciplines plus confidentielles que j'aime remettre en lumi\u00e8re. Une partie de mon travail porte sur les pronostics et la lecture statistique d'un match : forme des \u00e9quipes, historique des confrontations, compositions, sans jamais vendre de fausse certitude. Je rappelle syst\u00e9matiquement que parier comporte un risque et doit rester un loisir ma\u00eetris\u00e9. Avant de signer une analyse, je v\u00e9rifie mes chiffres, je recoupe les compositions probables et je distingue toujours la donn\u00e9e brute de l'intuition. Mon objectif : offrir une lecture honn\u00eate et argument\u00e9e, pas un ticket gagnant garanti.","sameAs":["https:\/\/axellauzier.fr\/"],"url":"https:\/\/sport-index.fr\/blog\/auteur\/noname\/"}]}},"_links":{"self":[{"href":"https:\/\/sport-index.fr\/blog\/wp-json\/wp\/v2\/posts\/12258","targetHints":{"allow":["GET"]}}],"collection":[{"href":"https:\/\/sport-index.fr\/blog\/wp-json\/wp\/v2\/posts"}],"about":[{"href":"https:\/\/sport-index.fr\/blog\/wp-json\/wp\/v2\/types\/post"}],"author":[{"embeddable":true,"href":"https:\/\/sport-index.fr\/blog\/wp-json\/wp\/v2\/users\/34"}],"replies":[{"embeddable":true,"href":"https:\/\/sport-index.fr\/blog\/wp-json\/wp\/v2\/comments?post=12258"}],"version-history":[{"count":0,"href":"https:\/\/sport-index.fr\/blog\/wp-json\/wp\/v2\/posts\/12258\/revisions"}],"wp:featuredmedia":[{"embeddable":true,"href":"https:\/\/sport-index.fr\/blog\/wp-json\/wp\/v2\/media\/15934"}],"wp:attachment":[{"href":"https:\/\/sport-index.fr\/blog\/wp-json\/wp\/v2\/media?parent=12258"}],"wp:term":[{"taxonomy":"category","embeddable":true,"href":"https:\/\/sport-index.fr\/blog\/wp-json\/wp\/v2\/categories?post=12258"},{"taxonomy":"post_tag","embeddable":true,"href":"https:\/\/sport-index.fr\/blog\/wp-json\/wp\/v2\/tags?post=12258"}],"curies":[{"name":"wp","href":"https:\/\/api.w.org\/{rel}","templated":true}]}}